{"id":47031,"date":"2023-05-17T05:49:37","date_gmt":"2023-05-17T03:49:37","guid":{"rendered":"https:\/\/www.immobilienbusiness.ch\/?p=47031"},"modified":"2023-06-22T17:09:59","modified_gmt":"2023-06-22T15:09:59","slug":"haelg-facility-management-ernennt-neuen-leiter-fuer-zuerich","status":"publish","type":"post","link":"https:\/\/www.immobilienbusiness.ch\/fr\/personalia\/2023-05-17\/haelg-facility-management-ernennt-neuen-leiter-fuer-zuerich\/","title":{"rendered":"H\u00e4lg Facility Management nomme un nouveau responsable pour Zurich"},"content":{"rendered":"<figure id=\"attachment_47032\" aria-describedby=\"caption-attachment-47032\" style=\"width: 1070px\" class=\"wp-caption alignnone\"><a href=\"https:\/\/www.immobilienbusiness.ch\/wp-content\/uploads\/2023\/05\/Reinhard.png\"><img loading=\"lazy\" decoding=\"async\" class=\"wp-image-47032 size-full\" src=\"https:\/\/www.immobilienbusiness.ch\/wp-content\/uploads\/2023\/05\/Reinhard.png\" alt=\"H\u00e4lg Facility Management\" width=\"1070\" height=\"714\" srcset=\"https:\/\/www.immobilienbusiness.ch\/wp-content\/uploads\/2023\/05\/Reinhard.png 1070w, https:\/\/www.immobilienbusiness.ch\/wp-content\/uploads\/2023\/05\/Reinhard-300x200.png 300w, https:\/\/www.immobilienbusiness.ch\/wp-content\/uploads\/2023\/05\/Reinhard-1024x683.png 1024w, https:\/\/www.immobilienbusiness.ch\/wp-content\/uploads\/2023\/05\/Reinhard-768x512.png 768w, https:\/\/www.immobilienbusiness.ch\/wp-content\/uploads\/2023\/05\/Reinhard-18x12.png 18w, https:\/\/www.immobilienbusiness.ch\/wp-content\/uploads\/2023\/05\/Reinhard-375x250.png 375w, https:\/\/www.immobilienbusiness.ch\/wp-content\/uploads\/2023\/05\/Reinhard-525x350.png 525w, https:\/\/www.immobilienbusiness.ch\/wp-content\/uploads\/2023\/05\/Reinhard-1000x667.png 1000w\" sizes=\"auto, (max-width: 1070px) 100vw, 1070px\" \/><\/a><figcaption id=\"caption-attachment-47032\" class=\"wp-caption-text\">Lukas Reinhard (Photo : H\u00e4lg Facility Management)<\/figcaption><\/figure>\n<p>Lukas Reinhard succ\u00e8de \u00e0 Cyril R\u00fcsch, qui quitte ses fonctions pour prendre la direction du mandat de l'Europaallee \u00e0 Zurich. Ce mandat avait \u00e9t\u00e9 perdu fin juin 2021 et a \u00e9t\u00e9 r\u00e9cup\u00e9r\u00e9 entre-temps, comme l'indique H\u00e4lg. R\u00fcsch avait dirig\u00e9 la succursale de Zurich depuis mars 2022 et \u00e9tait par exemple responsable de l'int\u00e9gration de l'ancienne Etavis Facility Services AG dans H\u00e4lg Facility Management AG. Il souhaitait \u00e0 nouveau assumer des t\u00e2ches plus op\u00e9rationnelles, explique-t-on pour justifier ce changement. <i>(aw)<\/i><\/p>","protected":false},"excerpt":{"rendered":"<p>Lukas Reinhard prendra la direction de la succursale zurichoise de H\u00e4lg Facility Management SA le 1er juin.<\/p>","protected":false},"author":102,"featured_media":47032,"comment_status":"closed","ping_status":"closed","sticky":false,"template":"","format":"standard","meta":{"_acf_changed":false,"_yoast_wpseo_focuskw":"H\u00e4lg Facility Management","_yoast_wpseo_title":"","_yoast_wpseo_metadesc":"Lukas Reinhard \u00fcbernimmt per 1. Juni die Leitung der Niederlassung Z\u00fcrich der H\u00e4lg Facilit Management AG.","_yoast_wpseo_linkdex":47,"pgc_sgb_lightbox_settings":"","footnotes":""},"categories":[1912],"tags":[2184,1563],"class_list":["post-47031","post","type-post","status-publish","format-standard","has-post-thumbnail","hentry","category-personalia","tag-haelg-group","tag-personalia"],"acf":[],"yoast_head":"<!-- This site is optimized with the Yoast SEO plugin v27.5 - https:\/\/yoast.com\/product\/yoast-seo-wordpress\/ -->\n<title>H\u00e4lg Facility Management ernennt neuen Leiter f\u00fcr Z\u00fcrich - IMMOBILIEN Business<\/title>\n<meta name=\"description\" content=\"Lukas Reinhard \u00fcbernimmt per 1. Juni die Leitung der Niederlassung Z\u00fcrich der H\u00e4lg Facilit Management AG.\" \/>\n<meta name=\"robots\" content=\"index, follow, max-snippet:-1, max-image-preview:large, max-video-preview:-1\" \/>\n<link rel=\"canonical\" href=\"https:\/\/www.immobilienbusiness.ch\/fr\/personalia\/2023-05-17\/haelg-facility-management-ernennt-neuen-leiter-fuer-zuerich\/\" \/>\n<meta property=\"og:locale\" content=\"fr_FR\" \/>\n<meta property=\"og:type\" content=\"article\" \/>\n<meta property=\"og:title\" content=\"H\u00e4lg Facility Management ernennt neuen Leiter f\u00fcr Z\u00fcrich - IMMOBILIEN Business\" \/>\n<meta property=\"og:description\" content=\"Lukas Reinhard \u00fcbernimmt per 1. Juni die Leitung der Niederlassung Z\u00fcrich der H\u00e4lg Facilit Management AG.\" \/>\n<meta property=\"og:url\" content=\"https:\/\/www.immobilienbusiness.ch\/fr\/personalia\/2023-05-17\/haelg-facility-management-ernennt-neuen-leiter-fuer-zuerich\/\" \/>\n<meta property=\"og:site_name\" content=\"IMMOBILIEN Business\" \/>\n<meta property=\"article:publisher\" content=\"https:\/\/www.facebook.com\/immobilienbusiness\/\" \/>\n<meta property=\"article:published_time\" content=\"2023-05-17T03:49:37+00:00\" \/>\n<meta property=\"article:modified_time\" content=\"2023-06-22T15:09:59+00:00\" \/>\n<meta property=\"og:image\" content=\"https:\/\/www.immobilienbusiness.ch\/wp-content\/uploads\/2023\/05\/Reinhard.png\" \/>\n\t<meta property=\"og:image:width\" content=\"1070\" \/>\n\t<meta property=\"og:image:height\" content=\"714\" \/>\n\t<meta property=\"og:image:type\" content=\"image\/png\" \/>\n<meta name=\"author\" content=\"Alexander Wachter\" \/>\n<meta name=\"twitter:card\" content=\"summary_large_image\" \/>\n<script type=\"application\/ld+json\" class=\"yoast-schema-graph\">{\"@context\":\"https:\\\/\\\/schema.org\",\"@graph\":[{\"@type\":\"Article\",\"@id\":\"https:\\\/\\\/www.immobilienbusiness.ch\\\/it\\\/personalia\\\/2023-05-17\\\/haelg-facility-management-ernennt-neuen-leiter-fuer-zuerich\\\/#article\",\"isPartOf\":{\"@id\":\"https:\\\/\\\/www.immobilienbusiness.ch\\\/it\\\/personalia\\\/2023-05-17\\\/haelg-facility-management-ernennt-neuen-leiter-fuer-zuerich\\\/\"},\"author\":{\"name\":\"Alexander Wachter\",\"@id\":\"https:\\\/\\\/www.immobilienbusiness.ch\\\/#\\\/schema\\\/person\\\/aba8bea2db926aa0c24c08c43fe1fcd5\"},\"headline\":\"H\u00e4lg Facility Management ernennt neuen Leiter f\u00fcr Z\u00fcrich\",\"datePublished\":\"2023-05-17T03:49:37+00:00\",\"dateModified\":\"2023-06-22T15:09:59+00:00\",\"mainEntityOfPage\":{\"@id\":\"https:\\\/\\\/www.immobilienbusiness.ch\\\/it\\\/personalia\\\/2023-05-17\\\/haelg-facility-management-ernennt-neuen-leiter-fuer-zuerich\\\/\"},\"wordCount\":112,\"publisher\":{\"@id\":\"https:\\\/\\\/www.immobilienbusiness.ch\\\/#organization\"},\"image\":{\"@id\":\"https:\\\/\\\/www.immobilienbusiness.ch\\\/it\\\/personalia\\\/2023-05-17\\\/haelg-facility-management-ernennt-neuen-leiter-fuer-zuerich\\\/#primaryimage\"},\"thumbnailUrl\":\"https:\\\/\\\/www.immobilienbusiness.ch\\\/wp-content\\\/uploads\\\/2023\\\/05\\\/Reinhard.png\",\"keywords\":[\"H\u00e4lg Group\",\"Personalia\"],\"articleSection\":[\"PERSONALIA\"],\"inLanguage\":\"fr-FR\"},{\"@type\":\"WebPage\",\"@id\":\"https:\\\/\\\/www.immobilienbusiness.ch\\\/it\\\/personalia\\\/2023-05-17\\\/haelg-facility-management-ernennt-neuen-leiter-fuer-zuerich\\\/\",\"url\":\"https:\\\/\\\/www.immobilienbusiness.ch\\\/it\\\/personalia\\\/2023-05-17\\\/haelg-facility-management-ernennt-neuen-leiter-fuer-zuerich\\\/\",\"name\":\"H\u00e4lg Facility Management ernennt neuen Leiter f\u00fcr Z\u00fcrich - IMMOBILIEN Business\",\"isPartOf\":{\"@id\":\"https:\\\/\\\/www.immobilienbusiness.ch\\\/#website\"},\"primaryImageOfPage\":{\"@id\":\"https:\\\/\\\/www.immobilienbusiness.ch\\\/it\\\/personalia\\\/2023-05-17\\\/haelg-facility-management-ernennt-neuen-leiter-fuer-zuerich\\\/#primaryimage\"},\"image\":{\"@id\":\"https:\\\/\\\/www.immobilienbusiness.ch\\\/it\\\/personalia\\\/2023-05-17\\\/haelg-facility-management-ernennt-neuen-leiter-fuer-zuerich\\\/#primaryimage\"},\"thumbnailUrl\":\"https:\\\/\\\/www.immobilienbusiness.ch\\\/wp-content\\\/uploads\\\/2023\\\/05\\\/Reinhard.png\",\"datePublished\":\"2023-05-17T03:49:37+00:00\",\"dateModified\":\"2023-06-22T15:09:59+00:00\",\"description\":\"Lukas Reinhard \u00fcbernimmt per 1. Juni die Leitung der Niederlassung Z\u00fcrich der H\u00e4lg Facilit Management AG.\",\"breadcrumb\":{\"@id\":\"https:\\\/\\\/www.immobilienbusiness.ch\\\/it\\\/personalia\\\/2023-05-17\\\/haelg-facility-management-ernennt-neuen-leiter-fuer-zuerich\\\/#breadcrumb\"},\"inLanguage\":\"fr-FR\",\"potentialAction\":[{\"@type\":\"ReadAction\",\"target\":[\"https:\\\/\\\/www.immobilienbusiness.ch\\\/it\\\/personalia\\\/2023-05-17\\\/haelg-facility-management-ernennt-neuen-leiter-fuer-zuerich\\\/\"]}]},{\"@type\":\"ImageObject\",\"inLanguage\":\"fr-FR\",\"@id\":\"https:\\\/\\\/www.immobilienbusiness.ch\\\/it\\\/personalia\\\/2023-05-17\\\/haelg-facility-management-ernennt-neuen-leiter-fuer-zuerich\\\/#primaryimage\",\"url\":\"https:\\\/\\\/www.immobilienbusiness.ch\\\/wp-content\\\/uploads\\\/2023\\\/05\\\/Reinhard.png\",\"contentUrl\":\"https:\\\/\\\/www.immobilienbusiness.ch\\\/wp-content\\\/uploads\\\/2023\\\/05\\\/Reinhard.png\",\"width\":1070,\"height\":714,\"caption\":\"Lukas Reinhard (Bild: H\u00e4lg Facility Management)\"},{\"@type\":\"BreadcrumbList\",\"@id\":\"https:\\\/\\\/www.immobilienbusiness.ch\\\/it\\\/personalia\\\/2023-05-17\\\/haelg-facility-management-ernennt-neuen-leiter-fuer-zuerich\\\/#breadcrumb\",\"itemListElement\":[{\"@type\":\"ListItem\",\"position\":1,\"name\":\"Home\",\"item\":\"https:\\\/\\\/www.immobilienbusiness.ch\\\/\"},{\"@type\":\"ListItem\",\"position\":2,\"name\":\"H\u00e4lg Facility Management ernennt neuen Leiter f\u00fcr Z\u00fcrich\"}]},{\"@type\":\"WebSite\",\"@id\":\"https:\\\/\\\/www.immobilienbusiness.ch\\\/#website\",\"url\":\"https:\\\/\\\/www.immobilienbusiness.ch\\\/\",\"name\":\"IMMOBILIEN Business\",\"description\":\"Unabh\u00e4ngiges Schweizer Wirtschaftsmagazin mit Fokus auf Immobilien, Architektur- und Bau sowie Investment- und Finanzierung.\",\"publisher\":{\"@id\":\"https:\\\/\\\/www.immobilienbusiness.ch\\\/#organization\"},\"potentialAction\":[{\"@type\":\"SearchAction\",\"target\":{\"@type\":\"EntryPoint\",\"urlTemplate\":\"https:\\\/\\\/www.immobilienbusiness.ch\\\/?s={search_term_string}\"},\"query-input\":{\"@type\":\"PropertyValueSpecification\",\"valueRequired\":true,\"valueName\":\"search_term_string\"}}],\"inLanguage\":\"fr-FR\"},{\"@type\":\"Organization\",\"@id\":\"https:\\\/\\\/www.immobilienbusiness.ch\\\/#organization\",\"name\":\"IMMOBILIEN Business\",\"url\":\"https:\\\/\\\/www.immobilienbusiness.ch\\\/\",\"logo\":{\"@type\":\"ImageObject\",\"inLanguage\":\"fr-FR\",\"@id\":\"https:\\\/\\\/www.immobilienbusiness.ch\\\/#\\\/schema\\\/logo\\\/image\\\/\",\"url\":\"https:\\\/\\\/www.immobilienbusiness.ch\\\/wp-content\\\/uploads\\\/2021\\\/07\\\/logo_ib.png\",\"contentUrl\":\"https:\\\/\\\/www.immobilienbusiness.ch\\\/wp-content\\\/uploads\\\/2021\\\/07\\\/logo_ib.png\",\"width\":800,\"height\":181,\"caption\":\"IMMOBILIEN Business\"},\"image\":{\"@id\":\"https:\\\/\\\/www.immobilienbusiness.ch\\\/#\\\/schema\\\/logo\\\/image\\\/\"},\"sameAs\":[\"https:\\\/\\\/www.facebook.com\\\/immobilienbusiness\\\/\"]},{\"@type\":\"Person\",\"@id\":\"https:\\\/\\\/www.immobilienbusiness.ch\\\/#\\\/schema\\\/person\\\/aba8bea2db926aa0c24c08c43fe1fcd5\",\"name\":\"Alexander Wachter\",\"image\":{\"@type\":\"ImageObject\",\"inLanguage\":\"fr-FR\",\"@id\":\"https:\\\/\\\/secure.gravatar.com\\\/avatar\\\/1a09e471f5389b0e0a6416eac287e0927c7c97a7b77f9e787eba3af7aee281dd?s=96&d=mm&r=g\",\"url\":\"https:\\\/\\\/secure.gravatar.com\\\/avatar\\\/1a09e471f5389b0e0a6416eac287e0927c7c97a7b77f9e787eba3af7aee281dd?s=96&d=mm&r=g\",\"contentUrl\":\"https:\\\/\\\/secure.gravatar.com\\\/avatar\\\/1a09e471f5389b0e0a6416eac287e0927c7c97a7b77f9e787eba3af7aee281dd?s=96&d=mm&r=g\",\"caption\":\"Alexander Wachter\"},\"url\":\"https:\\\/\\\/www.immobilienbusiness.ch\\\/fr\\\/author\\\/alexander-wachter\\\/\"}]}<\/script>\n<!-- \/ Yoast SEO plugin. -->","yoast_head_json":{"title":"H\u00e4lg Facility Management ernennt neuen Leiter f\u00fcr Z\u00fcrich - IMMOBILIEN Business","description":"Lukas Reinhard \u00fcbernimmt per 1. Juni die Leitung der Niederlassung Z\u00fcrich der H\u00e4lg Facilit Management AG.","robots":{"index":"index","follow":"follow","max-snippet":"max-snippet:-1","max-image-preview":"max-image-preview:large","max-video-preview":"max-video-preview:-1"},"canonical":"https:\/\/www.immobilienbusiness.ch\/fr\/personalia\/2023-05-17\/haelg-facility-management-ernennt-neuen-leiter-fuer-zuerich\/","og_locale":"fr_FR","og_type":"article","og_title":"H\u00e4lg Facility Management ernennt neuen Leiter f\u00fcr Z\u00fcrich - IMMOBILIEN Business","og_description":"Lukas Reinhard \u00fcbernimmt per 1. Juni die Leitung der Niederlassung Z\u00fcrich der H\u00e4lg Facilit Management AG.","og_url":"https:\/\/www.immobilienbusiness.ch\/fr\/personalia\/2023-05-17\/haelg-facility-management-ernennt-neuen-leiter-fuer-zuerich\/","og_site_name":"IMMOBILIEN Business","article_publisher":"https:\/\/www.facebook.com\/immobilienbusiness\/","article_published_time":"2023-05-17T03:49:37+00:00","article_modified_time":"2023-06-22T15:09:59+00:00","og_image":[{"width":1070,"height":714,"url":"https:\/\/www.immobilienbusiness.ch\/wp-content\/uploads\/2023\/05\/Reinhard.png","type":"image\/png"}],"author":"Alexander Wachter","twitter_card":"summary_large_image","schema":{"@context":"https:\/\/schema.org","@graph":[{"@type":"Article","@id":"https:\/\/www.immobilienbusiness.ch\/it\/personalia\/2023-05-17\/haelg-facility-management-ernennt-neuen-leiter-fuer-zuerich\/#article","isPartOf":{"@id":"https:\/\/www.immobilienbusiness.ch\/it\/personalia\/2023-05-17\/haelg-facility-management-ernennt-neuen-leiter-fuer-zuerich\/"},"author":{"name":"Alexander Wachter","@id":"https:\/\/www.immobilienbusiness.ch\/#\/schema\/person\/aba8bea2db926aa0c24c08c43fe1fcd5"},"headline":"H\u00e4lg Facility Management ernennt neuen Leiter f\u00fcr Z\u00fcrich","datePublished":"2023-05-17T03:49:37+00:00","dateModified":"2023-06-22T15:09:59+00:00","mainEntityOfPage":{"@id":"https:\/\/www.immobilienbusiness.ch\/it\/personalia\/2023-05-17\/haelg-facility-management-ernennt-neuen-leiter-fuer-zuerich\/"},"wordCount":112,"publisher":{"@id":"https:\/\/www.immobilienbusiness.ch\/#organization"},"image":{"@id":"https:\/\/www.immobilienbusiness.ch\/it\/personalia\/2023-05-17\/haelg-facility-management-ernennt-neuen-leiter-fuer-zuerich\/#primaryimage"},"thumbnailUrl":"https:\/\/www.immobilienbusiness.ch\/wp-content\/uploads\/2023\/05\/Reinhard.png","keywords":["H\u00e4lg Group","Personalia"],"articleSection":["PERSONALIA"],"inLanguage":"fr-FR"},{"@type":"WebPage","@id":"https:\/\/www.immobilienbusiness.ch\/it\/personalia\/2023-05-17\/haelg-facility-management-ernennt-neuen-leiter-fuer-zuerich\/","url":"https:\/\/www.immobilienbusiness.ch\/it\/personalia\/2023-05-17\/haelg-facility-management-ernennt-neuen-leiter-fuer-zuerich\/","name":"H\u00e4lg Facility Management ernennt neuen Leiter f\u00fcr Z\u00fcrich - IMMOBILIEN Business","isPartOf":{"@id":"https:\/\/www.immobilienbusiness.ch\/#website"},"primaryImageOfPage":{"@id":"https:\/\/www.immobilienbusiness.ch\/it\/personalia\/2023-05-17\/haelg-facility-management-ernennt-neuen-leiter-fuer-zuerich\/#primaryimage"},"image":{"@id":"https:\/\/www.immobilienbusiness.ch\/it\/personalia\/2023-05-17\/haelg-facility-management-ernennt-neuen-leiter-fuer-zuerich\/#primaryimage"},"thumbnailUrl":"https:\/\/www.immobilienbusiness.ch\/wp-content\/uploads\/2023\/05\/Reinhard.png","datePublished":"2023-05-17T03:49:37+00:00","dateModified":"2023-06-22T15:09:59+00:00","description":"Lukas Reinhard \u00fcbernimmt per 1. Juni die Leitung der Niederlassung Z\u00fcrich der H\u00e4lg Facilit Management AG.","breadcrumb":{"@id":"https:\/\/www.immobilienbusiness.ch\/it\/personalia\/2023-05-17\/haelg-facility-management-ernennt-neuen-leiter-fuer-zuerich\/#breadcrumb"},"inLanguage":"fr-FR","potentialAction":[{"@type":"ReadAction","target":["https:\/\/www.immobilienbusiness.ch\/it\/personalia\/2023-05-17\/haelg-facility-management-ernennt-neuen-leiter-fuer-zuerich\/"]}]},{"@type":"ImageObject","inLanguage":"fr-FR","@id":"https:\/\/www.immobilienbusiness.ch\/it\/personalia\/2023-05-17\/haelg-facility-management-ernennt-neuen-leiter-fuer-zuerich\/#primaryimage","url":"https:\/\/www.immobilienbusiness.ch\/wp-content\/uploads\/2023\/05\/Reinhard.png","contentUrl":"https:\/\/www.immobilienbusiness.ch\/wp-content\/uploads\/2023\/05\/Reinhard.png","width":1070,"height":714,"caption":"Lukas Reinhard (Bild: H\u00e4lg Facility Management)"},{"@type":"BreadcrumbList","@id":"https:\/\/www.immobilienbusiness.ch\/it\/personalia\/2023-05-17\/haelg-facility-management-ernennt-neuen-leiter-fuer-zuerich\/#breadcrumb","itemListElement":[{"@type":"ListItem","position":1,"name":"Home","item":"https:\/\/www.immobilienbusiness.ch\/"},{"@type":"ListItem","position":2,"name":"H\u00e4lg Facility Management ernennt neuen Leiter f\u00fcr Z\u00fcrich"}]},{"@type":"WebSite","@id":"https:\/\/www.immobilienbusiness.ch\/#website","url":"https:\/\/www.immobilienbusiness.ch\/","name":"IMMOBILIER Business","description":"Magazine \u00e9conomique suisse ind\u00e9pendant ax\u00e9 sur l'immobilier, l'architecture et la construction ainsi que sur les investissements et le financement.","publisher":{"@id":"https:\/\/www.immobilienbusiness.ch\/#organization"},"potentialAction":[{"@type":"SearchAction","target":{"@type":"EntryPoint","urlTemplate":"https:\/\/www.immobilienbusiness.ch\/?s={search_term_string}"},"query-input":{"@type":"PropertyValueSpecification","valueRequired":true,"valueName":"search_term_string"}}],"inLanguage":"fr-FR"},{"@type":"Organization","@id":"https:\/\/www.immobilienbusiness.ch\/#organization","name":"IMMOBILIER Business","url":"https:\/\/www.immobilienbusiness.ch\/","logo":{"@type":"ImageObject","inLanguage":"fr-FR","@id":"https:\/\/www.immobilienbusiness.ch\/#\/schema\/logo\/image\/","url":"https:\/\/www.immobilienbusiness.ch\/wp-content\/uploads\/2021\/07\/logo_ib.png","contentUrl":"https:\/\/www.immobilienbusiness.ch\/wp-content\/uploads\/2021\/07\/logo_ib.png","width":800,"height":181,"caption":"IMMOBILIEN Business"},"image":{"@id":"https:\/\/www.immobilienbusiness.ch\/#\/schema\/logo\/image\/"},"sameAs":["https:\/\/www.facebook.com\/immobilienbusiness\/"]},{"@type":"Person","@id":"https:\/\/www.immobilienbusiness.ch\/#\/schema\/person\/aba8bea2db926aa0c24c08c43fe1fcd5","name":"Alexander Wachter","image":{"@type":"ImageObject","inLanguage":"fr-FR","@id":"https:\/\/secure.gravatar.com\/avatar\/1a09e471f5389b0e0a6416eac287e0927c7c97a7b77f9e787eba3af7aee281dd?s=96&d=mm&r=g","url":"https:\/\/secure.gravatar.com\/avatar\/1a09e471f5389b0e0a6416eac287e0927c7c97a7b77f9e787eba3af7aee281dd?s=96&d=mm&r=g","contentUrl":"https:\/\/secure.gravatar.com\/avatar\/1a09e471f5389b0e0a6416eac287e0927c7c97a7b77f9e787eba3af7aee281dd?s=96&d=mm&r=g","caption":"Alexander Wachter"},"url":"https:\/\/www.immobilienbusiness.ch\/fr\/author\/alexander-wachter\/"}]}},"_links":{"self":[{"href":"https:\/\/www.immobilienbusiness.ch\/fr\/wp-json\/wp\/v2\/posts\/47031","targetHints":{"allow":["GET"]}}],"collection":[{"href":"https:\/\/www.immobilienbusiness.ch\/fr\/wp-json\/wp\/v2\/posts"}],"about":[{"href":"https:\/\/www.immobilienbusiness.ch\/fr\/wp-json\/wp\/v2\/types\/post"}],"author":[{"embeddable":true,"href":"https:\/\/www.immobilienbusiness.ch\/fr\/wp-json\/wp\/v2\/users\/102"}],"replies":[{"embeddable":true,"href":"https:\/\/www.immobilienbusiness.ch\/fr\/wp-json\/wp\/v2\/comments?post=47031"}],"version-history":[{"count":3,"href":"https:\/\/www.immobilienbusiness.ch\/fr\/wp-json\/wp\/v2\/posts\/47031\/revisions"}],"predecessor-version":[{"id":47590,"href":"https:\/\/www.immobilienbusiness.ch\/fr\/wp-json\/wp\/v2\/posts\/47031\/revisions\/47590"}],"wp:featuredmedia":[{"embeddable":true,"href":"https:\/\/www.immobilienbusiness.ch\/fr\/wp-json\/wp\/v2\/media\/47032"}],"wp:attachment":[{"href":"https:\/\/www.immobilienbusiness.ch\/fr\/wp-json\/wp\/v2\/media?parent=47031"}],"wp:term":[{"taxonomy":"category","embeddable":true,"href":"https:\/\/www.immobilienbusiness.ch\/fr\/wp-json\/wp\/v2\/categories?post=47031"},{"taxonomy":"post_tag","embeddable":true,"href":"https:\/\/www.immobilienbusiness.ch\/fr\/wp-json\/wp\/v2\/tags?post=47031"}],"curies":[{"name":"wp","href":"https:\/\/api.w.org\/{rel}","templated":true}]}}