{"id":46947,"date":"2023-05-10T10:18:54","date_gmt":"2023-05-10T08:18:54","guid":{"rendered":"https:\/\/www.immobilienbusiness.ch\/?p=46947"},"modified":"2023-06-22T17:20:53","modified_gmt":"2023-06-22T15:20:53","slug":"avadis-sammelt-200-millionen-fuer-anlagegruppe-wohnen-ein","status":"publish","type":"post","link":"https:\/\/www.immobilienbusiness.ch\/fr\/unternehmen\/2023-05-10\/avadis-sammelt-200-millionen-fuer-anlagegruppe-wohnen-ein\/","title":{"rendered":"Avadis l\u00e8ve 200 millions pour le groupe de placement Habitat"},"content":{"rendered":"<figure id=\"attachment_46949\" aria-describedby=\"caption-attachment-46949\" style=\"width: 610px\" class=\"wp-caption alignnone\"><a href=\"https:\/\/www.immobilienbusiness.ch\/wp-content\/uploads\/2023\/05\/Buckhauserstrasse-Zuerich.png\"><img loading=\"lazy\" decoding=\"async\" class=\"wp-image-46949 size-full\" src=\"https:\/\/www.immobilienbusiness.ch\/wp-content\/uploads\/2023\/05\/Buckhauserstrasse-Zuerich.png\" alt=\"Avadis sammelt\" width=\"610\" height=\"401\" srcset=\"https:\/\/www.immobilienbusiness.ch\/wp-content\/uploads\/2023\/05\/Buckhauserstrasse-Zuerich.png 610w, https:\/\/www.immobilienbusiness.ch\/wp-content\/uploads\/2023\/05\/Buckhauserstrasse-Zuerich-300x197.png 300w, https:\/\/www.immobilienbusiness.ch\/wp-content\/uploads\/2023\/05\/Buckhauserstrasse-Zuerich-18x12.png 18w, https:\/\/www.immobilienbusiness.ch\/wp-content\/uploads\/2023\/05\/Buckhauserstrasse-Zuerich-375x247.png 375w, https:\/\/www.immobilienbusiness.ch\/wp-content\/uploads\/2023\/05\/Buckhauserstrasse-Zuerich-532x350.png 532w\" sizes=\"auto, (max-width: 610px) 100vw, 610px\" \/><\/a><figcaption id=\"caption-attachment-46949\" class=\"wp-caption-text\">Le portefeuille du groupe de placement comprend \u00e9galement un objet situ\u00e9 dans la Buckhauserstrasse \u00e0 Zurich (photo : Avadis)<\/figcaption><\/figure>\n<p>Les fonds de l'augmentation de capital ont servi \u00e0 acqu\u00e9rir un portefeuille d'immeubles d'habitation dans les cantons de Gen\u00e8ve et de Vaud pour le groupe de placement Immobilier Suisse Habitation. Les fonds restants sont affect\u00e9s \u00e0 la construction d'une centaine de logements dans le canton d'Argovie et de 135 logements dans le canton de Vaud, ainsi qu'\u00e0 la r\u00e9novation totale de 25 logements en ville de Berne.<\/p>\n<p>\"Malgr\u00e9 quelques incertitudes sur les march\u00e9s immobiliers en raison du tournant des taux d'int\u00e9r\u00eat, nous avons pu mener \u00e0 bien l'augmentation de capital. Cela souligne la confiance des investisseurs dans la qualit\u00e9 et la stabilit\u00e9 de nos portefeuilles immobiliers\", d\u00e9clare Dr Claudia Emele, directrice de la fondation de placement Avadis. L'augmentation de capital \u00e9tait r\u00e9serv\u00e9e aux investisseurs existants du groupe de placement et a \u00e9t\u00e9 sursouscrite, selon les informations fournies. Au 31 mars, la fortune totale du groupe de placement s'\u00e9levait \u00e0 2,9 milliards de CHF. <i>(aw)<\/i><\/p>","protected":false},"excerpt":{"rendered":"<p>Une augmentation de capital pour le groupe de placement Immobilier Suisse Habitation a \u00e9t\u00e9 sursouscrite, selon les indications d'Avadis Fondation de placement.<\/p>","protected":false},"author":102,"featured_media":46949,"comment_status":"closed","ping_status":"closed","sticky":false,"template":"","format":"standard","meta":{"_acf_changed":false,"_yoast_wpseo_focuskw":"Avadis sammelt","_yoast_wpseo_title":"","_yoast_wpseo_metadesc":"Kapitalerh\u00f6hung f\u00fcr die Anlagegruppe Immobilien Schweiz Wohnen war nach Angaben der Avadis Anlagestiftung \u00fcberzeichnet.","_yoast_wpseo_linkdex":51,"pgc_sgb_lightbox_settings":"","footnotes":""},"categories":[988],"tags":[1030,1055,1412],"class_list":["post-46947","post","type-post","status-publish","format-standard","has-post-thumbnail","hentry","category-unternehmen","tag-anlagestiftung","tag-avadis","tag-kapitalerhoehung"],"acf":[],"yoast_head":"<!-- This site is optimized with the Yoast SEO plugin v27.4 - https:\/\/yoast.com\/product\/yoast-seo-wordpress\/ -->\n<title>Avadis sammelt 200 Millionen f\u00fcr Anlagegruppe Wohnen ein - IMMOBILIEN Business<\/title>\n<meta name=\"description\" content=\"Kapitalerh\u00f6hung f\u00fcr die Anlagegruppe Immobilien Schweiz Wohnen war nach Angaben der Avadis Anlagestiftung \u00fcberzeichnet.\" \/>\n<meta name=\"robots\" content=\"index, follow, max-snippet:-1, max-image-preview:large, max-video-preview:-1\" \/>\n<link rel=\"canonical\" href=\"https:\/\/www.immobilienbusiness.ch\/fr\/unternehmen\/2023-05-10\/avadis-sammelt-200-millionen-fuer-anlagegruppe-wohnen-ein\/\" \/>\n<meta property=\"og:locale\" content=\"fr_FR\" \/>\n<meta property=\"og:type\" content=\"article\" \/>\n<meta property=\"og:title\" content=\"Avadis sammelt 200 Millionen f\u00fcr Anlagegruppe Wohnen ein - IMMOBILIEN Business\" \/>\n<meta property=\"og:description\" content=\"Kapitalerh\u00f6hung f\u00fcr die Anlagegruppe Immobilien Schweiz Wohnen war nach Angaben der Avadis Anlagestiftung \u00fcberzeichnet.\" \/>\n<meta property=\"og:url\" content=\"https:\/\/www.immobilienbusiness.ch\/fr\/unternehmen\/2023-05-10\/avadis-sammelt-200-millionen-fuer-anlagegruppe-wohnen-ein\/\" \/>\n<meta property=\"og:site_name\" content=\"IMMOBILIEN Business\" \/>\n<meta property=\"article:publisher\" content=\"https:\/\/www.facebook.com\/immobilienbusiness\/\" \/>\n<meta property=\"article:published_time\" content=\"2023-05-10T08:18:54+00:00\" \/>\n<meta property=\"article:modified_time\" content=\"2023-06-22T15:20:53+00:00\" \/>\n<meta property=\"og:image\" content=\"https:\/\/www.immobilienbusiness.ch\/wp-content\/uploads\/2023\/05\/Buckhauserstrasse-Zuerich.png\" \/>\n\t<meta property=\"og:image:width\" content=\"610\" \/>\n\t<meta property=\"og:image:height\" content=\"401\" \/>\n\t<meta property=\"og:image:type\" content=\"image\/png\" \/>\n<meta name=\"author\" content=\"Alexander Wachter\" \/>\n<meta name=\"twitter:card\" content=\"summary_large_image\" \/>\n<script type=\"application\/ld+json\" class=\"yoast-schema-graph\">{\"@context\":\"https:\\\/\\\/schema.org\",\"@graph\":[{\"@type\":\"Article\",\"@id\":\"https:\\\/\\\/www.immobilienbusiness.ch\\\/en\\\/unternehmen\\\/2023-05-10\\\/avadis-sammelt-200-millionen-fuer-anlagegruppe-wohnen-ein\\\/#article\",\"isPartOf\":{\"@id\":\"https:\\\/\\\/www.immobilienbusiness.ch\\\/en\\\/unternehmen\\\/2023-05-10\\\/avadis-sammelt-200-millionen-fuer-anlagegruppe-wohnen-ein\\\/\"},\"author\":{\"name\":\"Alexander Wachter\",\"@id\":\"https:\\\/\\\/www.immobilienbusiness.ch\\\/#\\\/schema\\\/person\\\/aba8bea2db926aa0c24c08c43fe1fcd5\"},\"headline\":\"Avadis sammelt 200 Millionen f\u00fcr Anlagegruppe Wohnen ein\",\"datePublished\":\"2023-05-10T08:18:54+00:00\",\"dateModified\":\"2023-06-22T15:20:53+00:00\",\"mainEntityOfPage\":{\"@id\":\"https:\\\/\\\/www.immobilienbusiness.ch\\\/en\\\/unternehmen\\\/2023-05-10\\\/avadis-sammelt-200-millionen-fuer-anlagegruppe-wohnen-ein\\\/\"},\"wordCount\":156,\"publisher\":{\"@id\":\"https:\\\/\\\/www.immobilienbusiness.ch\\\/#organization\"},\"image\":{\"@id\":\"https:\\\/\\\/www.immobilienbusiness.ch\\\/en\\\/unternehmen\\\/2023-05-10\\\/avadis-sammelt-200-millionen-fuer-anlagegruppe-wohnen-ein\\\/#primaryimage\"},\"thumbnailUrl\":\"https:\\\/\\\/www.immobilienbusiness.ch\\\/wp-content\\\/uploads\\\/2023\\\/05\\\/Buckhauserstrasse-Zuerich.png\",\"keywords\":[\"Anlagestiftung\",\"Avadis\",\"Kapitalerh\u00f6hung\"],\"articleSection\":[\"UNTERNEHMEN\"],\"inLanguage\":\"fr-FR\"},{\"@type\":\"WebPage\",\"@id\":\"https:\\\/\\\/www.immobilienbusiness.ch\\\/en\\\/unternehmen\\\/2023-05-10\\\/avadis-sammelt-200-millionen-fuer-anlagegruppe-wohnen-ein\\\/\",\"url\":\"https:\\\/\\\/www.immobilienbusiness.ch\\\/en\\\/unternehmen\\\/2023-05-10\\\/avadis-sammelt-200-millionen-fuer-anlagegruppe-wohnen-ein\\\/\",\"name\":\"Avadis sammelt 200 Millionen f\u00fcr Anlagegruppe Wohnen ein - IMMOBILIEN Business\",\"isPartOf\":{\"@id\":\"https:\\\/\\\/www.immobilienbusiness.ch\\\/#website\"},\"primaryImageOfPage\":{\"@id\":\"https:\\\/\\\/www.immobilienbusiness.ch\\\/en\\\/unternehmen\\\/2023-05-10\\\/avadis-sammelt-200-millionen-fuer-anlagegruppe-wohnen-ein\\\/#primaryimage\"},\"image\":{\"@id\":\"https:\\\/\\\/www.immobilienbusiness.ch\\\/en\\\/unternehmen\\\/2023-05-10\\\/avadis-sammelt-200-millionen-fuer-anlagegruppe-wohnen-ein\\\/#primaryimage\"},\"thumbnailUrl\":\"https:\\\/\\\/www.immobilienbusiness.ch\\\/wp-content\\\/uploads\\\/2023\\\/05\\\/Buckhauserstrasse-Zuerich.png\",\"datePublished\":\"2023-05-10T08:18:54+00:00\",\"dateModified\":\"2023-06-22T15:20:53+00:00\",\"description\":\"Kapitalerh\u00f6hung f\u00fcr die Anlagegruppe Immobilien Schweiz Wohnen war nach Angaben der Avadis Anlagestiftung \u00fcberzeichnet.\",\"breadcrumb\":{\"@id\":\"https:\\\/\\\/www.immobilienbusiness.ch\\\/en\\\/unternehmen\\\/2023-05-10\\\/avadis-sammelt-200-millionen-fuer-anlagegruppe-wohnen-ein\\\/#breadcrumb\"},\"inLanguage\":\"fr-FR\",\"potentialAction\":[{\"@type\":\"ReadAction\",\"target\":[\"https:\\\/\\\/www.immobilienbusiness.ch\\\/en\\\/unternehmen\\\/2023-05-10\\\/avadis-sammelt-200-millionen-fuer-anlagegruppe-wohnen-ein\\\/\"]}]},{\"@type\":\"ImageObject\",\"inLanguage\":\"fr-FR\",\"@id\":\"https:\\\/\\\/www.immobilienbusiness.ch\\\/en\\\/unternehmen\\\/2023-05-10\\\/avadis-sammelt-200-millionen-fuer-anlagegruppe-wohnen-ein\\\/#primaryimage\",\"url\":\"https:\\\/\\\/www.immobilienbusiness.ch\\\/wp-content\\\/uploads\\\/2023\\\/05\\\/Buckhauserstrasse-Zuerich.png\",\"contentUrl\":\"https:\\\/\\\/www.immobilienbusiness.ch\\\/wp-content\\\/uploads\\\/2023\\\/05\\\/Buckhauserstrasse-Zuerich.png\",\"width\":610,\"height\":401,\"caption\":\"Zum Portfolio der Anlagegruppe geh\u00f6rt auch ein Objekt in der Buckhauserstrasse in Z\u00fcrich (Bild: Avadis)\"},{\"@type\":\"BreadcrumbList\",\"@id\":\"https:\\\/\\\/www.immobilienbusiness.ch\\\/en\\\/unternehmen\\\/2023-05-10\\\/avadis-sammelt-200-millionen-fuer-anlagegruppe-wohnen-ein\\\/#breadcrumb\",\"itemListElement\":[{\"@type\":\"ListItem\",\"position\":1,\"name\":\"Home\",\"item\":\"https:\\\/\\\/www.immobilienbusiness.ch\\\/\"},{\"@type\":\"ListItem\",\"position\":2,\"name\":\"Avadis sammelt 200 Millionen f\u00fcr Anlagegruppe Wohnen ein\"}]},{\"@type\":\"WebSite\",\"@id\":\"https:\\\/\\\/www.immobilienbusiness.ch\\\/#website\",\"url\":\"https:\\\/\\\/www.immobilienbusiness.ch\\\/\",\"name\":\"IMMOBILIEN Business\",\"description\":\"Unabh\u00e4ngiges Schweizer Wirtschaftsmagazin mit Fokus auf Immobilien, Architektur- und Bau sowie Investment- und Finanzierung.\",\"publisher\":{\"@id\":\"https:\\\/\\\/www.immobilienbusiness.ch\\\/#organization\"},\"potentialAction\":[{\"@type\":\"SearchAction\",\"target\":{\"@type\":\"EntryPoint\",\"urlTemplate\":\"https:\\\/\\\/www.immobilienbusiness.ch\\\/?s={search_term_string}\"},\"query-input\":{\"@type\":\"PropertyValueSpecification\",\"valueRequired\":true,\"valueName\":\"search_term_string\"}}],\"inLanguage\":\"fr-FR\"},{\"@type\":\"Organization\",\"@id\":\"https:\\\/\\\/www.immobilienbusiness.ch\\\/#organization\",\"name\":\"IMMOBILIEN Business\",\"url\":\"https:\\\/\\\/www.immobilienbusiness.ch\\\/\",\"logo\":{\"@type\":\"ImageObject\",\"inLanguage\":\"fr-FR\",\"@id\":\"https:\\\/\\\/www.immobilienbusiness.ch\\\/#\\\/schema\\\/logo\\\/image\\\/\",\"url\":\"https:\\\/\\\/www.immobilienbusiness.ch\\\/wp-content\\\/uploads\\\/2021\\\/07\\\/logo_ib.png\",\"contentUrl\":\"https:\\\/\\\/www.immobilienbusiness.ch\\\/wp-content\\\/uploads\\\/2021\\\/07\\\/logo_ib.png\",\"width\":800,\"height\":181,\"caption\":\"IMMOBILIEN Business\"},\"image\":{\"@id\":\"https:\\\/\\\/www.immobilienbusiness.ch\\\/#\\\/schema\\\/logo\\\/image\\\/\"},\"sameAs\":[\"https:\\\/\\\/www.facebook.com\\\/immobilienbusiness\\\/\"]},{\"@type\":\"Person\",\"@id\":\"https:\\\/\\\/www.immobilienbusiness.ch\\\/#\\\/schema\\\/person\\\/aba8bea2db926aa0c24c08c43fe1fcd5\",\"name\":\"Alexander Wachter\",\"image\":{\"@type\":\"ImageObject\",\"inLanguage\":\"fr-FR\",\"@id\":\"https:\\\/\\\/secure.gravatar.com\\\/avatar\\\/1a09e471f5389b0e0a6416eac287e0927c7c97a7b77f9e787eba3af7aee281dd?s=96&d=mm&r=g\",\"url\":\"https:\\\/\\\/secure.gravatar.com\\\/avatar\\\/1a09e471f5389b0e0a6416eac287e0927c7c97a7b77f9e787eba3af7aee281dd?s=96&d=mm&r=g\",\"contentUrl\":\"https:\\\/\\\/secure.gravatar.com\\\/avatar\\\/1a09e471f5389b0e0a6416eac287e0927c7c97a7b77f9e787eba3af7aee281dd?s=96&d=mm&r=g\",\"caption\":\"Alexander Wachter\"},\"url\":\"https:\\\/\\\/www.immobilienbusiness.ch\\\/fr\\\/author\\\/alexander-wachter\\\/\"}]}<\/script>\n<!-- \/ Yoast SEO plugin. -->","yoast_head_json":{"title":"Avadis sammelt 200 Millionen f\u00fcr Anlagegruppe Wohnen ein - IMMOBILIEN Business","description":"Kapitalerh\u00f6hung f\u00fcr die Anlagegruppe Immobilien Schweiz Wohnen war nach Angaben der Avadis Anlagestiftung \u00fcberzeichnet.","robots":{"index":"index","follow":"follow","max-snippet":"max-snippet:-1","max-image-preview":"max-image-preview:large","max-video-preview":"max-video-preview:-1"},"canonical":"https:\/\/www.immobilienbusiness.ch\/fr\/unternehmen\/2023-05-10\/avadis-sammelt-200-millionen-fuer-anlagegruppe-wohnen-ein\/","og_locale":"fr_FR","og_type":"article","og_title":"Avadis sammelt 200 Millionen f\u00fcr Anlagegruppe Wohnen ein - IMMOBILIEN Business","og_description":"Kapitalerh\u00f6hung f\u00fcr die Anlagegruppe Immobilien Schweiz Wohnen war nach Angaben der Avadis Anlagestiftung \u00fcberzeichnet.","og_url":"https:\/\/www.immobilienbusiness.ch\/fr\/unternehmen\/2023-05-10\/avadis-sammelt-200-millionen-fuer-anlagegruppe-wohnen-ein\/","og_site_name":"IMMOBILIEN Business","article_publisher":"https:\/\/www.facebook.com\/immobilienbusiness\/","article_published_time":"2023-05-10T08:18:54+00:00","article_modified_time":"2023-06-22T15:20:53+00:00","og_image":[{"width":610,"height":401,"url":"https:\/\/www.immobilienbusiness.ch\/wp-content\/uploads\/2023\/05\/Buckhauserstrasse-Zuerich.png","type":"image\/png"}],"author":"Alexander Wachter","twitter_card":"summary_large_image","schema":{"@context":"https:\/\/schema.org","@graph":[{"@type":"Article","@id":"https:\/\/www.immobilienbusiness.ch\/en\/unternehmen\/2023-05-10\/avadis-sammelt-200-millionen-fuer-anlagegruppe-wohnen-ein\/#article","isPartOf":{"@id":"https:\/\/www.immobilienbusiness.ch\/en\/unternehmen\/2023-05-10\/avadis-sammelt-200-millionen-fuer-anlagegruppe-wohnen-ein\/"},"author":{"name":"Alexander Wachter","@id":"https:\/\/www.immobilienbusiness.ch\/#\/schema\/person\/aba8bea2db926aa0c24c08c43fe1fcd5"},"headline":"Avadis sammelt 200 Millionen f\u00fcr Anlagegruppe Wohnen ein","datePublished":"2023-05-10T08:18:54+00:00","dateModified":"2023-06-22T15:20:53+00:00","mainEntityOfPage":{"@id":"https:\/\/www.immobilienbusiness.ch\/en\/unternehmen\/2023-05-10\/avadis-sammelt-200-millionen-fuer-anlagegruppe-wohnen-ein\/"},"wordCount":156,"publisher":{"@id":"https:\/\/www.immobilienbusiness.ch\/#organization"},"image":{"@id":"https:\/\/www.immobilienbusiness.ch\/en\/unternehmen\/2023-05-10\/avadis-sammelt-200-millionen-fuer-anlagegruppe-wohnen-ein\/#primaryimage"},"thumbnailUrl":"https:\/\/www.immobilienbusiness.ch\/wp-content\/uploads\/2023\/05\/Buckhauserstrasse-Zuerich.png","keywords":["Anlagestiftung","Avadis","Kapitalerh\u00f6hung"],"articleSection":["UNTERNEHMEN"],"inLanguage":"fr-FR"},{"@type":"WebPage","@id":"https:\/\/www.immobilienbusiness.ch\/en\/unternehmen\/2023-05-10\/avadis-sammelt-200-millionen-fuer-anlagegruppe-wohnen-ein\/","url":"https:\/\/www.immobilienbusiness.ch\/en\/unternehmen\/2023-05-10\/avadis-sammelt-200-millionen-fuer-anlagegruppe-wohnen-ein\/","name":"Avadis sammelt 200 Millionen f\u00fcr Anlagegruppe Wohnen ein - IMMOBILIEN Business","isPartOf":{"@id":"https:\/\/www.immobilienbusiness.ch\/#website"},"primaryImageOfPage":{"@id":"https:\/\/www.immobilienbusiness.ch\/en\/unternehmen\/2023-05-10\/avadis-sammelt-200-millionen-fuer-anlagegruppe-wohnen-ein\/#primaryimage"},"image":{"@id":"https:\/\/www.immobilienbusiness.ch\/en\/unternehmen\/2023-05-10\/avadis-sammelt-200-millionen-fuer-anlagegruppe-wohnen-ein\/#primaryimage"},"thumbnailUrl":"https:\/\/www.immobilienbusiness.ch\/wp-content\/uploads\/2023\/05\/Buckhauserstrasse-Zuerich.png","datePublished":"2023-05-10T08:18:54+00:00","dateModified":"2023-06-22T15:20:53+00:00","description":"Kapitalerh\u00f6hung f\u00fcr die Anlagegruppe Immobilien Schweiz Wohnen war nach Angaben der Avadis Anlagestiftung \u00fcberzeichnet.","breadcrumb":{"@id":"https:\/\/www.immobilienbusiness.ch\/en\/unternehmen\/2023-05-10\/avadis-sammelt-200-millionen-fuer-anlagegruppe-wohnen-ein\/#breadcrumb"},"inLanguage":"fr-FR","potentialAction":[{"@type":"ReadAction","target":["https:\/\/www.immobilienbusiness.ch\/en\/unternehmen\/2023-05-10\/avadis-sammelt-200-millionen-fuer-anlagegruppe-wohnen-ein\/"]}]},{"@type":"ImageObject","inLanguage":"fr-FR","@id":"https:\/\/www.immobilienbusiness.ch\/en\/unternehmen\/2023-05-10\/avadis-sammelt-200-millionen-fuer-anlagegruppe-wohnen-ein\/#primaryimage","url":"https:\/\/www.immobilienbusiness.ch\/wp-content\/uploads\/2023\/05\/Buckhauserstrasse-Zuerich.png","contentUrl":"https:\/\/www.immobilienbusiness.ch\/wp-content\/uploads\/2023\/05\/Buckhauserstrasse-Zuerich.png","width":610,"height":401,"caption":"Zum Portfolio der Anlagegruppe geh\u00f6rt auch ein Objekt in der Buckhauserstrasse in Z\u00fcrich (Bild: Avadis)"},{"@type":"BreadcrumbList","@id":"https:\/\/www.immobilienbusiness.ch\/en\/unternehmen\/2023-05-10\/avadis-sammelt-200-millionen-fuer-anlagegruppe-wohnen-ein\/#breadcrumb","itemListElement":[{"@type":"ListItem","position":1,"name":"Home","item":"https:\/\/www.immobilienbusiness.ch\/"},{"@type":"ListItem","position":2,"name":"Avadis sammelt 200 Millionen f\u00fcr Anlagegruppe Wohnen ein"}]},{"@type":"WebSite","@id":"https:\/\/www.immobilienbusiness.ch\/#website","url":"https:\/\/www.immobilienbusiness.ch\/","name":"IMMOBILIER Business","description":"Magazine \u00e9conomique suisse ind\u00e9pendant ax\u00e9 sur l'immobilier, l'architecture et la construction ainsi que sur les investissements et le financement.","publisher":{"@id":"https:\/\/www.immobilienbusiness.ch\/#organization"},"potentialAction":[{"@type":"SearchAction","target":{"@type":"EntryPoint","urlTemplate":"https:\/\/www.immobilienbusiness.ch\/?s={search_term_string}"},"query-input":{"@type":"PropertyValueSpecification","valueRequired":true,"valueName":"search_term_string"}}],"inLanguage":"fr-FR"},{"@type":"Organization","@id":"https:\/\/www.immobilienbusiness.ch\/#organization","name":"IMMOBILIER Business","url":"https:\/\/www.immobilienbusiness.ch\/","logo":{"@type":"ImageObject","inLanguage":"fr-FR","@id":"https:\/\/www.immobilienbusiness.ch\/#\/schema\/logo\/image\/","url":"https:\/\/www.immobilienbusiness.ch\/wp-content\/uploads\/2021\/07\/logo_ib.png","contentUrl":"https:\/\/www.immobilienbusiness.ch\/wp-content\/uploads\/2021\/07\/logo_ib.png","width":800,"height":181,"caption":"IMMOBILIEN Business"},"image":{"@id":"https:\/\/www.immobilienbusiness.ch\/#\/schema\/logo\/image\/"},"sameAs":["https:\/\/www.facebook.com\/immobilienbusiness\/"]},{"@type":"Person","@id":"https:\/\/www.immobilienbusiness.ch\/#\/schema\/person\/aba8bea2db926aa0c24c08c43fe1fcd5","name":"Alexander Wachter","image":{"@type":"ImageObject","inLanguage":"fr-FR","@id":"https:\/\/secure.gravatar.com\/avatar\/1a09e471f5389b0e0a6416eac287e0927c7c97a7b77f9e787eba3af7aee281dd?s=96&d=mm&r=g","url":"https:\/\/secure.gravatar.com\/avatar\/1a09e471f5389b0e0a6416eac287e0927c7c97a7b77f9e787eba3af7aee281dd?s=96&d=mm&r=g","contentUrl":"https:\/\/secure.gravatar.com\/avatar\/1a09e471f5389b0e0a6416eac287e0927c7c97a7b77f9e787eba3af7aee281dd?s=96&d=mm&r=g","caption":"Alexander Wachter"},"url":"https:\/\/www.immobilienbusiness.ch\/fr\/author\/alexander-wachter\/"}]}},"_links":{"self":[{"href":"https:\/\/www.immobilienbusiness.ch\/fr\/wp-json\/wp\/v2\/posts\/46947","targetHints":{"allow":["GET"]}}],"collection":[{"href":"https:\/\/www.immobilienbusiness.ch\/fr\/wp-json\/wp\/v2\/posts"}],"about":[{"href":"https:\/\/www.immobilienbusiness.ch\/fr\/wp-json\/wp\/v2\/types\/post"}],"author":[{"embeddable":true,"href":"https:\/\/www.immobilienbusiness.ch\/fr\/wp-json\/wp\/v2\/users\/102"}],"replies":[{"embeddable":true,"href":"https:\/\/www.immobilienbusiness.ch\/fr\/wp-json\/wp\/v2\/comments?post=46947"}],"version-history":[{"count":3,"href":"https:\/\/www.immobilienbusiness.ch\/fr\/wp-json\/wp\/v2\/posts\/46947\/revisions"}],"predecessor-version":[{"id":47612,"href":"https:\/\/www.immobilienbusiness.ch\/fr\/wp-json\/wp\/v2\/posts\/46947\/revisions\/47612"}],"wp:featuredmedia":[{"embeddable":true,"href":"https:\/\/www.immobilienbusiness.ch\/fr\/wp-json\/wp\/v2\/media\/46949"}],"wp:attachment":[{"href":"https:\/\/www.immobilienbusiness.ch\/fr\/wp-json\/wp\/v2\/media?parent=46947"}],"wp:term":[{"taxonomy":"category","embeddable":true,"href":"https:\/\/www.immobilienbusiness.ch\/fr\/wp-json\/wp\/v2\/categories?post=46947"},{"taxonomy":"post_tag","embeddable":true,"href":"https:\/\/www.immobilienbusiness.ch\/fr\/wp-json\/wp\/v2\/tags?post=46947"}],"curies":[{"name":"wp","href":"https:\/\/api.w.org\/{rel}","templated":true}]}}