{"id":46820,"date":"2023-04-28T06:49:33","date_gmt":"2023-04-28T04:49:33","guid":{"rendered":"https:\/\/www.immobilienbusiness.ch\/?p=46820"},"modified":"2023-06-23T03:49:13","modified_gmt":"2023-06-23T01:49:13","slug":"spa-immobilien-schweiz-anlagegruppe-plant-oeffnung","status":"publish","type":"post","link":"https:\/\/www.immobilienbusiness.ch\/fr\/unternehmen\/2023-04-28\/spa-immobilien-schweiz-anlagegruppe-plant-oeffnung\/","title":{"rendered":"SPA Immobilien Schweiz : Le groupe de placement pr\u00e9voit une ouverture"},"content":{"rendered":"<figure id=\"attachment_4989\" aria-describedby=\"caption-attachment-4989\" style=\"width: 1280px\" class=\"wp-caption alignnone\"><a href=\"https:\/\/www.immobilienbusiness.ch\/wp-content\/uploads\/2015\/10\/Warteck-Invest-Aktionaere-genehmigen-Kapitalerhoehung-immobilien-business.jpg\"><img loading=\"lazy\" decoding=\"async\" class=\"wp-image-4989 size-full\" src=\"https:\/\/www.immobilienbusiness.ch\/wp-content\/uploads\/2015\/10\/Warteck-Invest-Aktionaere-genehmigen-Kapitalerhoehung-immobilien-business.jpg\" alt=\"SPA Immobilien Schweiz\" width=\"1280\" height=\"949\" srcset=\"https:\/\/www.immobilienbusiness.ch\/wp-content\/uploads\/2015\/10\/Warteck-Invest-Aktionaere-genehmigen-Kapitalerhoehung-immobilien-business.jpg 1280w, https:\/\/www.immobilienbusiness.ch\/wp-content\/uploads\/2015\/10\/Warteck-Invest-Aktionaere-genehmigen-Kapitalerhoehung-immobilien-business-300x222.jpg 300w, https:\/\/www.immobilienbusiness.ch\/wp-content\/uploads\/2015\/10\/Warteck-Invest-Aktionaere-genehmigen-Kapitalerhoehung-immobilien-business-1024x759.jpg 1024w, https:\/\/www.immobilienbusiness.ch\/wp-content\/uploads\/2015\/10\/Warteck-Invest-Aktionaere-genehmigen-Kapitalerhoehung-immobilien-business-768x569.jpg 768w, https:\/\/www.immobilienbusiness.ch\/wp-content\/uploads\/2015\/10\/Warteck-Invest-Aktionaere-genehmigen-Kapitalerhoehung-immobilien-business-16x12.jpg 16w, https:\/\/www.immobilienbusiness.ch\/wp-content\/uploads\/2015\/10\/Warteck-Invest-Aktionaere-genehmigen-Kapitalerhoehung-immobilien-business-236x175.jpg 236w, https:\/\/www.immobilienbusiness.ch\/wp-content\/uploads\/2015\/10\/Warteck-Invest-Aktionaere-genehmigen-Kapitalerhoehung-immobilien-business-472x350.jpg 472w, https:\/\/www.immobilienbusiness.ch\/wp-content\/uploads\/2015\/10\/Warteck-Invest-Aktionaere-genehmigen-Kapitalerhoehung-immobilien-business-1079x800.jpg 1079w, https:\/\/www.immobilienbusiness.ch\/wp-content\/uploads\/2015\/10\/Warteck-Invest-Aktionaere-genehmigen-Kapitalerhoehung-immobilien-business-920x682.jpg 920w\" sizes=\"auto, (max-width: 1280px) 100vw, 1280px\" \/><\/a><figcaption id=\"caption-attachment-4989\" class=\"wp-caption-text\">SPA Immobilier Suisse est ouverte \u00e0 l'apport de capitaux frais (Image : Pixabay)<\/figcaption><\/figure>\n<p>La p\u00e9riode de souscription de la onzi\u00e8me \u00e9mission s'\u00e9tend du lundi 15 mai au vendredi 16 juin. Le capital est destin\u00e9 \u00e0 des acquisitions et au financement de projets de d\u00e9veloppement ainsi qu'\u00e0 la r\u00e9duction du taux d'endettement. Le volume vis\u00e9 est de 3%, avec une possibilit\u00e9 d'augmentation jusqu'\u00e0 6%, ce qui correspond \u00e0 un montant de 80 \u00e0 160 millions de CHF.<\/p>\n<p>Depuis son lancement \u00e0 l'automne 2015, le portefeuille du groupe de placement \"SPA Immobilier Suisse\" a atteint une fortune totale d'environ 3,7 milliards de CHF. Le taux de vacance est estim\u00e9 \u00e0 2,67%. Le groupe de placement a cl\u00f4tur\u00e9 l'exercice 2022 avec un rendement de 4,15%.<\/p>\n<p>Par ailleurs, la fondation de placement Swiss Prime informe que le groupe de placement \"SPA Living+ Europe\" reste ouvert aux souscriptions. De nouveaux Capital Commitments peuvent \u00eatre soumis \u00e0 tout moment en francs suisses ou en euros, est-il pr\u00e9cis\u00e9. <i>(aw)<\/i><\/p>","protected":false},"excerpt":{"rendered":"<p>Le groupe de placement SPA Immobilier Suisse sera ouvert \u00e0 la mi-mai. Selon Swiss Prime Fondation de placement, l'\u00e9mission devrait rapporter entre 80 et 160 millions de CHF.<\/p>","protected":false},"author":102,"featured_media":4989,"comment_status":"closed","ping_status":"closed","sticky":false,"template":"","format":"standard","meta":{"_acf_changed":false,"_yoast_wpseo_focuskw":"SPA Immobilien Schweiz","_yoast_wpseo_title":"","_yoast_wpseo_metadesc":"Die Anlagegruppe SPA Immobilien Schweiz wird Mitte Mai ge\u00f6ffnet Die Emission soll laut Swiss Prime Anlagestiftung 80 bis 160 Mio. CHF erl\u00f6sen.","_yoast_wpseo_linkdex":55,"pgc_sgb_lightbox_settings":"","footnotes":""},"categories":[988],"tags":[1028,2178,1759],"class_list":["post-46820","post","type-post","status-publish","format-standard","has-post-thumbnail","hentry","category-unternehmen","tag-anlagegruppe","tag-oeffnung","tag-swiss-prime-anlagestiftung"],"acf":[],"yoast_head":"<!-- This site is optimized with the Yoast SEO plugin v27.4 - https:\/\/yoast.com\/product\/yoast-seo-wordpress\/ -->\n<title>SPA Immobilien Schweiz: Anlagegruppe plant \u00d6ffnung - IMMOBILIEN Business<\/title>\n<meta name=\"description\" content=\"Die Anlagegruppe SPA Immobilien Schweiz wird Mitte Mai ge\u00f6ffnet Die Emission soll laut Swiss Prime Anlagestiftung 80 bis 160 Mio. CHF erl\u00f6sen.\" \/>\n<meta name=\"robots\" content=\"index, follow, max-snippet:-1, max-image-preview:large, max-video-preview:-1\" \/>\n<link rel=\"canonical\" href=\"https:\/\/www.immobilienbusiness.ch\/fr\/unternehmen\/2023-04-28\/spa-immobilien-schweiz-anlagegruppe-plant-oeffnung\/\" \/>\n<meta property=\"og:locale\" content=\"fr_FR\" \/>\n<meta property=\"og:type\" content=\"article\" \/>\n<meta property=\"og:title\" content=\"SPA Immobilien Schweiz: Anlagegruppe plant \u00d6ffnung - IMMOBILIEN Business\" \/>\n<meta property=\"og:description\" content=\"Die Anlagegruppe SPA Immobilien Schweiz wird Mitte Mai ge\u00f6ffnet Die Emission soll laut Swiss Prime Anlagestiftung 80 bis 160 Mio. CHF erl\u00f6sen.\" \/>\n<meta property=\"og:url\" content=\"https:\/\/www.immobilienbusiness.ch\/fr\/unternehmen\/2023-04-28\/spa-immobilien-schweiz-anlagegruppe-plant-oeffnung\/\" \/>\n<meta property=\"og:site_name\" content=\"IMMOBILIEN Business\" \/>\n<meta property=\"article:publisher\" content=\"https:\/\/www.facebook.com\/immobilienbusiness\/\" \/>\n<meta property=\"article:published_time\" content=\"2023-04-28T04:49:33+00:00\" \/>\n<meta property=\"article:modified_time\" content=\"2023-06-23T01:49:13+00:00\" \/>\n<meta property=\"og:image\" content=\"https:\/\/www.immobilienbusiness.ch\/wp-content\/uploads\/2015\/10\/Warteck-Invest-Aktionaere-genehmigen-Kapitalerhoehung-immobilien-business.jpg\" \/>\n\t<meta property=\"og:image:width\" content=\"1280\" \/>\n\t<meta property=\"og:image:height\" content=\"949\" \/>\n\t<meta property=\"og:image:type\" content=\"image\/jpeg\" \/>\n<meta name=\"author\" content=\"Alexander Wachter\" \/>\n<meta name=\"twitter:card\" content=\"summary_large_image\" \/>\n<script type=\"application\/ld+json\" class=\"yoast-schema-graph\">{\"@context\":\"https:\\\/\\\/schema.org\",\"@graph\":[{\"@type\":\"Article\",\"@id\":\"https:\\\/\\\/www.immobilienbusiness.ch\\\/unternehmen\\\/2023-04-28\\\/spa-immobilien-schweiz-anlagegruppe-plant-oeffnung\\\/#article\",\"isPartOf\":{\"@id\":\"https:\\\/\\\/www.immobilienbusiness.ch\\\/unternehmen\\\/2023-04-28\\\/spa-immobilien-schweiz-anlagegruppe-plant-oeffnung\\\/\"},\"author\":{\"name\":\"Alexander Wachter\",\"@id\":\"https:\\\/\\\/www.immobilienbusiness.ch\\\/#\\\/schema\\\/person\\\/aba8bea2db926aa0c24c08c43fe1fcd5\"},\"headline\":\"SPA Immobilien Schweiz: Anlagegruppe plant \u00d6ffnung\",\"datePublished\":\"2023-04-28T04:49:33+00:00\",\"dateModified\":\"2023-06-23T01:49:13+00:00\",\"mainEntityOfPage\":{\"@id\":\"https:\\\/\\\/www.immobilienbusiness.ch\\\/unternehmen\\\/2023-04-28\\\/spa-immobilien-schweiz-anlagegruppe-plant-oeffnung\\\/\"},\"wordCount\":145,\"publisher\":{\"@id\":\"https:\\\/\\\/www.immobilienbusiness.ch\\\/#organization\"},\"image\":{\"@id\":\"https:\\\/\\\/www.immobilienbusiness.ch\\\/unternehmen\\\/2023-04-28\\\/spa-immobilien-schweiz-anlagegruppe-plant-oeffnung\\\/#primaryimage\"},\"thumbnailUrl\":\"https:\\\/\\\/www.immobilienbusiness.ch\\\/wp-content\\\/uploads\\\/2015\\\/10\\\/Warteck-Invest-Aktionaere-genehmigen-Kapitalerhoehung-immobilien-business.jpg\",\"keywords\":[\"Anlagegruppe\",\"\u00d6ffnung\",\"Swiss Prime Anlagestiftung\"],\"articleSection\":[\"UNTERNEHMEN\"],\"inLanguage\":\"fr-FR\"},{\"@type\":\"WebPage\",\"@id\":\"https:\\\/\\\/www.immobilienbusiness.ch\\\/unternehmen\\\/2023-04-28\\\/spa-immobilien-schweiz-anlagegruppe-plant-oeffnung\\\/\",\"url\":\"https:\\\/\\\/www.immobilienbusiness.ch\\\/unternehmen\\\/2023-04-28\\\/spa-immobilien-schweiz-anlagegruppe-plant-oeffnung\\\/\",\"name\":\"SPA Immobilien Schweiz: Anlagegruppe plant \u00d6ffnung - IMMOBILIEN Business\",\"isPartOf\":{\"@id\":\"https:\\\/\\\/www.immobilienbusiness.ch\\\/#website\"},\"primaryImageOfPage\":{\"@id\":\"https:\\\/\\\/www.immobilienbusiness.ch\\\/unternehmen\\\/2023-04-28\\\/spa-immobilien-schweiz-anlagegruppe-plant-oeffnung\\\/#primaryimage\"},\"image\":{\"@id\":\"https:\\\/\\\/www.immobilienbusiness.ch\\\/unternehmen\\\/2023-04-28\\\/spa-immobilien-schweiz-anlagegruppe-plant-oeffnung\\\/#primaryimage\"},\"thumbnailUrl\":\"https:\\\/\\\/www.immobilienbusiness.ch\\\/wp-content\\\/uploads\\\/2015\\\/10\\\/Warteck-Invest-Aktionaere-genehmigen-Kapitalerhoehung-immobilien-business.jpg\",\"datePublished\":\"2023-04-28T04:49:33+00:00\",\"dateModified\":\"2023-06-23T01:49:13+00:00\",\"description\":\"Die Anlagegruppe SPA Immobilien Schweiz wird Mitte Mai ge\u00f6ffnet Die Emission soll laut Swiss Prime Anlagestiftung 80 bis 160 Mio. CHF erl\u00f6sen.\",\"breadcrumb\":{\"@id\":\"https:\\\/\\\/www.immobilienbusiness.ch\\\/unternehmen\\\/2023-04-28\\\/spa-immobilien-schweiz-anlagegruppe-plant-oeffnung\\\/#breadcrumb\"},\"inLanguage\":\"fr-FR\",\"potentialAction\":[{\"@type\":\"ReadAction\",\"target\":[\"https:\\\/\\\/www.immobilienbusiness.ch\\\/unternehmen\\\/2023-04-28\\\/spa-immobilien-schweiz-anlagegruppe-plant-oeffnung\\\/\"]}]},{\"@type\":\"ImageObject\",\"inLanguage\":\"fr-FR\",\"@id\":\"https:\\\/\\\/www.immobilienbusiness.ch\\\/unternehmen\\\/2023-04-28\\\/spa-immobilien-schweiz-anlagegruppe-plant-oeffnung\\\/#primaryimage\",\"url\":\"https:\\\/\\\/www.immobilienbusiness.ch\\\/wp-content\\\/uploads\\\/2015\\\/10\\\/Warteck-Invest-Aktionaere-genehmigen-Kapitalerhoehung-immobilien-business.jpg\",\"contentUrl\":\"https:\\\/\\\/www.immobilienbusiness.ch\\\/wp-content\\\/uploads\\\/2015\\\/10\\\/Warteck-Invest-Aktionaere-genehmigen-Kapitalerhoehung-immobilien-business.jpg\",\"width\":1280,\"height\":949,\"caption\":\"Edmond de Rothschild sucht frische Mittel f\u00fcr betr\u00e4chtliche Zuk\u00e4ufe (Foto: Pixabay)\"},{\"@type\":\"BreadcrumbList\",\"@id\":\"https:\\\/\\\/www.immobilienbusiness.ch\\\/unternehmen\\\/2023-04-28\\\/spa-immobilien-schweiz-anlagegruppe-plant-oeffnung\\\/#breadcrumb\",\"itemListElement\":[{\"@type\":\"ListItem\",\"position\":1,\"name\":\"Home\",\"item\":\"https:\\\/\\\/www.immobilienbusiness.ch\\\/\"},{\"@type\":\"ListItem\",\"position\":2,\"name\":\"SPA Immobilien Schweiz: Anlagegruppe plant \u00d6ffnung\"}]},{\"@type\":\"WebSite\",\"@id\":\"https:\\\/\\\/www.immobilienbusiness.ch\\\/#website\",\"url\":\"https:\\\/\\\/www.immobilienbusiness.ch\\\/\",\"name\":\"IMMOBILIEN Business\",\"description\":\"Unabh\u00e4ngiges Schweizer Wirtschaftsmagazin mit Fokus auf Immobilien, Architektur- und Bau sowie Investment- und Finanzierung.\",\"publisher\":{\"@id\":\"https:\\\/\\\/www.immobilienbusiness.ch\\\/#organization\"},\"potentialAction\":[{\"@type\":\"SearchAction\",\"target\":{\"@type\":\"EntryPoint\",\"urlTemplate\":\"https:\\\/\\\/www.immobilienbusiness.ch\\\/?s={search_term_string}\"},\"query-input\":{\"@type\":\"PropertyValueSpecification\",\"valueRequired\":true,\"valueName\":\"search_term_string\"}}],\"inLanguage\":\"fr-FR\"},{\"@type\":\"Organization\",\"@id\":\"https:\\\/\\\/www.immobilienbusiness.ch\\\/#organization\",\"name\":\"IMMOBILIEN Business\",\"url\":\"https:\\\/\\\/www.immobilienbusiness.ch\\\/\",\"logo\":{\"@type\":\"ImageObject\",\"inLanguage\":\"fr-FR\",\"@id\":\"https:\\\/\\\/www.immobilienbusiness.ch\\\/#\\\/schema\\\/logo\\\/image\\\/\",\"url\":\"https:\\\/\\\/www.immobilienbusiness.ch\\\/wp-content\\\/uploads\\\/2021\\\/07\\\/logo_ib.png\",\"contentUrl\":\"https:\\\/\\\/www.immobilienbusiness.ch\\\/wp-content\\\/uploads\\\/2021\\\/07\\\/logo_ib.png\",\"width\":800,\"height\":181,\"caption\":\"IMMOBILIEN Business\"},\"image\":{\"@id\":\"https:\\\/\\\/www.immobilienbusiness.ch\\\/#\\\/schema\\\/logo\\\/image\\\/\"},\"sameAs\":[\"https:\\\/\\\/www.facebook.com\\\/immobilienbusiness\\\/\"]},{\"@type\":\"Person\",\"@id\":\"https:\\\/\\\/www.immobilienbusiness.ch\\\/#\\\/schema\\\/person\\\/aba8bea2db926aa0c24c08c43fe1fcd5\",\"name\":\"Alexander Wachter\",\"image\":{\"@type\":\"ImageObject\",\"inLanguage\":\"fr-FR\",\"@id\":\"https:\\\/\\\/secure.gravatar.com\\\/avatar\\\/1a09e471f5389b0e0a6416eac287e0927c7c97a7b77f9e787eba3af7aee281dd?s=96&d=mm&r=g\",\"url\":\"https:\\\/\\\/secure.gravatar.com\\\/avatar\\\/1a09e471f5389b0e0a6416eac287e0927c7c97a7b77f9e787eba3af7aee281dd?s=96&d=mm&r=g\",\"contentUrl\":\"https:\\\/\\\/secure.gravatar.com\\\/avatar\\\/1a09e471f5389b0e0a6416eac287e0927c7c97a7b77f9e787eba3af7aee281dd?s=96&d=mm&r=g\",\"caption\":\"Alexander Wachter\"},\"url\":\"https:\\\/\\\/www.immobilienbusiness.ch\\\/fr\\\/author\\\/alexander-wachter\\\/\"}]}<\/script>\n<!-- \/ Yoast SEO plugin. -->","yoast_head_json":{"title":"SPA Immobilien Schweiz: Anlagegruppe plant \u00d6ffnung - IMMOBILIEN Business","description":"Le groupe de placement SPA Immobilier Suisse sera ouvert \u00e0 la mi-mai L'\u00e9mission devrait rapporter entre 80 et 160 millions de CHF, selon Swiss Prime Fondation de placement.","robots":{"index":"index","follow":"follow","max-snippet":"max-snippet:-1","max-image-preview":"max-image-preview:large","max-video-preview":"max-video-preview:-1"},"canonical":"https:\/\/www.immobilienbusiness.ch\/fr\/unternehmen\/2023-04-28\/spa-immobilien-schweiz-anlagegruppe-plant-oeffnung\/","og_locale":"fr_FR","og_type":"article","og_title":"SPA Immobilien Schweiz: Anlagegruppe plant \u00d6ffnung - IMMOBILIEN Business","og_description":"Die Anlagegruppe SPA Immobilien Schweiz wird Mitte Mai ge\u00f6ffnet Die Emission soll laut Swiss Prime Anlagestiftung 80 bis 160 Mio. CHF erl\u00f6sen.","og_url":"https:\/\/www.immobilienbusiness.ch\/fr\/unternehmen\/2023-04-28\/spa-immobilien-schweiz-anlagegruppe-plant-oeffnung\/","og_site_name":"IMMOBILIEN Business","article_publisher":"https:\/\/www.facebook.com\/immobilienbusiness\/","article_published_time":"2023-04-28T04:49:33+00:00","article_modified_time":"2023-06-23T01:49:13+00:00","og_image":[{"width":1280,"height":949,"url":"https:\/\/www.immobilienbusiness.ch\/wp-content\/uploads\/2015\/10\/Warteck-Invest-Aktionaere-genehmigen-Kapitalerhoehung-immobilien-business.jpg","type":"image\/jpeg"}],"author":"Alexander Wachter","twitter_card":"summary_large_image","schema":{"@context":"https:\/\/schema.org","@graph":[{"@type":"Article","@id":"https:\/\/www.immobilienbusiness.ch\/unternehmen\/2023-04-28\/spa-immobilien-schweiz-anlagegruppe-plant-oeffnung\/#article","isPartOf":{"@id":"https:\/\/www.immobilienbusiness.ch\/unternehmen\/2023-04-28\/spa-immobilien-schweiz-anlagegruppe-plant-oeffnung\/"},"author":{"name":"Alexander Wachter","@id":"https:\/\/www.immobilienbusiness.ch\/#\/schema\/person\/aba8bea2db926aa0c24c08c43fe1fcd5"},"headline":"SPA Immobilien Schweiz: Anlagegruppe plant \u00d6ffnung","datePublished":"2023-04-28T04:49:33+00:00","dateModified":"2023-06-23T01:49:13+00:00","mainEntityOfPage":{"@id":"https:\/\/www.immobilienbusiness.ch\/unternehmen\/2023-04-28\/spa-immobilien-schweiz-anlagegruppe-plant-oeffnung\/"},"wordCount":145,"publisher":{"@id":"https:\/\/www.immobilienbusiness.ch\/#organization"},"image":{"@id":"https:\/\/www.immobilienbusiness.ch\/unternehmen\/2023-04-28\/spa-immobilien-schweiz-anlagegruppe-plant-oeffnung\/#primaryimage"},"thumbnailUrl":"https:\/\/www.immobilienbusiness.ch\/wp-content\/uploads\/2015\/10\/Warteck-Invest-Aktionaere-genehmigen-Kapitalerhoehung-immobilien-business.jpg","keywords":["Anlagegruppe","\u00d6ffnung","Swiss Prime Anlagestiftung"],"articleSection":["UNTERNEHMEN"],"inLanguage":"fr-FR"},{"@type":"WebPage","@id":"https:\/\/www.immobilienbusiness.ch\/unternehmen\/2023-04-28\/spa-immobilien-schweiz-anlagegruppe-plant-oeffnung\/","url":"https:\/\/www.immobilienbusiness.ch\/unternehmen\/2023-04-28\/spa-immobilien-schweiz-anlagegruppe-plant-oeffnung\/","name":"SPA Immobilien Schweiz: Anlagegruppe plant \u00d6ffnung - IMMOBILIEN Business","isPartOf":{"@id":"https:\/\/www.immobilienbusiness.ch\/#website"},"primaryImageOfPage":{"@id":"https:\/\/www.immobilienbusiness.ch\/unternehmen\/2023-04-28\/spa-immobilien-schweiz-anlagegruppe-plant-oeffnung\/#primaryimage"},"image":{"@id":"https:\/\/www.immobilienbusiness.ch\/unternehmen\/2023-04-28\/spa-immobilien-schweiz-anlagegruppe-plant-oeffnung\/#primaryimage"},"thumbnailUrl":"https:\/\/www.immobilienbusiness.ch\/wp-content\/uploads\/2015\/10\/Warteck-Invest-Aktionaere-genehmigen-Kapitalerhoehung-immobilien-business.jpg","datePublished":"2023-04-28T04:49:33+00:00","dateModified":"2023-06-23T01:49:13+00:00","description":"Le groupe de placement SPA Immobilier Suisse sera ouvert \u00e0 la mi-mai L'\u00e9mission devrait rapporter entre 80 et 160 millions de CHF, selon Swiss Prime Fondation de placement.","breadcrumb":{"@id":"https:\/\/www.immobilienbusiness.ch\/unternehmen\/2023-04-28\/spa-immobilien-schweiz-anlagegruppe-plant-oeffnung\/#breadcrumb"},"inLanguage":"fr-FR","potentialAction":[{"@type":"ReadAction","target":["https:\/\/www.immobilienbusiness.ch\/unternehmen\/2023-04-28\/spa-immobilien-schweiz-anlagegruppe-plant-oeffnung\/"]}]},{"@type":"ImageObject","inLanguage":"fr-FR","@id":"https:\/\/www.immobilienbusiness.ch\/unternehmen\/2023-04-28\/spa-immobilien-schweiz-anlagegruppe-plant-oeffnung\/#primaryimage","url":"https:\/\/www.immobilienbusiness.ch\/wp-content\/uploads\/2015\/10\/Warteck-Invest-Aktionaere-genehmigen-Kapitalerhoehung-immobilien-business.jpg","contentUrl":"https:\/\/www.immobilienbusiness.ch\/wp-content\/uploads\/2015\/10\/Warteck-Invest-Aktionaere-genehmigen-Kapitalerhoehung-immobilien-business.jpg","width":1280,"height":949,"caption":"Edmond de Rothschild sucht frische Mittel f\u00fcr betr\u00e4chtliche Zuk\u00e4ufe (Foto: Pixabay)"},{"@type":"BreadcrumbList","@id":"https:\/\/www.immobilienbusiness.ch\/unternehmen\/2023-04-28\/spa-immobilien-schweiz-anlagegruppe-plant-oeffnung\/#breadcrumb","itemListElement":[{"@type":"ListItem","position":1,"name":"Home","item":"https:\/\/www.immobilienbusiness.ch\/"},{"@type":"ListItem","position":2,"name":"SPA Immobilien Schweiz: Anlagegruppe plant \u00d6ffnung"}]},{"@type":"WebSite","@id":"https:\/\/www.immobilienbusiness.ch\/#website","url":"https:\/\/www.immobilienbusiness.ch\/","name":"IMMOBILIER Business","description":"Magazine \u00e9conomique suisse ind\u00e9pendant ax\u00e9 sur l'immobilier, l'architecture et la construction ainsi que sur les investissements et le financement.","publisher":{"@id":"https:\/\/www.immobilienbusiness.ch\/#organization"},"potentialAction":[{"@type":"SearchAction","target":{"@type":"EntryPoint","urlTemplate":"https:\/\/www.immobilienbusiness.ch\/?s={search_term_string}"},"query-input":{"@type":"PropertyValueSpecification","valueRequired":true,"valueName":"search_term_string"}}],"inLanguage":"fr-FR"},{"@type":"Organization","@id":"https:\/\/www.immobilienbusiness.ch\/#organization","name":"IMMOBILIER Business","url":"https:\/\/www.immobilienbusiness.ch\/","logo":{"@type":"ImageObject","inLanguage":"fr-FR","@id":"https:\/\/www.immobilienbusiness.ch\/#\/schema\/logo\/image\/","url":"https:\/\/www.immobilienbusiness.ch\/wp-content\/uploads\/2021\/07\/logo_ib.png","contentUrl":"https:\/\/www.immobilienbusiness.ch\/wp-content\/uploads\/2021\/07\/logo_ib.png","width":800,"height":181,"caption":"IMMOBILIEN Business"},"image":{"@id":"https:\/\/www.immobilienbusiness.ch\/#\/schema\/logo\/image\/"},"sameAs":["https:\/\/www.facebook.com\/immobilienbusiness\/"]},{"@type":"Person","@id":"https:\/\/www.immobilienbusiness.ch\/#\/schema\/person\/aba8bea2db926aa0c24c08c43fe1fcd5","name":"Alexander Wachter","image":{"@type":"ImageObject","inLanguage":"fr-FR","@id":"https:\/\/secure.gravatar.com\/avatar\/1a09e471f5389b0e0a6416eac287e0927c7c97a7b77f9e787eba3af7aee281dd?s=96&d=mm&r=g","url":"https:\/\/secure.gravatar.com\/avatar\/1a09e471f5389b0e0a6416eac287e0927c7c97a7b77f9e787eba3af7aee281dd?s=96&d=mm&r=g","contentUrl":"https:\/\/secure.gravatar.com\/avatar\/1a09e471f5389b0e0a6416eac287e0927c7c97a7b77f9e787eba3af7aee281dd?s=96&d=mm&r=g","caption":"Alexander Wachter"},"url":"https:\/\/www.immobilienbusiness.ch\/fr\/author\/alexander-wachter\/"}]}},"_links":{"self":[{"href":"https:\/\/www.immobilienbusiness.ch\/fr\/wp-json\/wp\/v2\/posts\/46820","targetHints":{"allow":["GET"]}}],"collection":[{"href":"https:\/\/www.immobilienbusiness.ch\/fr\/wp-json\/wp\/v2\/posts"}],"about":[{"href":"https:\/\/www.immobilienbusiness.ch\/fr\/wp-json\/wp\/v2\/types\/post"}],"author":[{"embeddable":true,"href":"https:\/\/www.immobilienbusiness.ch\/fr\/wp-json\/wp\/v2\/users\/102"}],"replies":[{"embeddable":true,"href":"https:\/\/www.immobilienbusiness.ch\/fr\/wp-json\/wp\/v2\/comments?post=46820"}],"version-history":[{"count":3,"href":"https:\/\/www.immobilienbusiness.ch\/fr\/wp-json\/wp\/v2\/posts\/46820\/revisions"}],"predecessor-version":[{"id":47688,"href":"https:\/\/www.immobilienbusiness.ch\/fr\/wp-json\/wp\/v2\/posts\/46820\/revisions\/47688"}],"wp:featuredmedia":[{"embeddable":true,"href":"https:\/\/www.immobilienbusiness.ch\/fr\/wp-json\/wp\/v2\/media\/4989"}],"wp:attachment":[{"href":"https:\/\/www.immobilienbusiness.ch\/fr\/wp-json\/wp\/v2\/media?parent=46820"}],"wp:term":[{"taxonomy":"category","embeddable":true,"href":"https:\/\/www.immobilienbusiness.ch\/fr\/wp-json\/wp\/v2\/categories?post=46820"},{"taxonomy":"post_tag","embeddable":true,"href":"https:\/\/www.immobilienbusiness.ch\/fr\/wp-json\/wp\/v2\/tags?post=46820"}],"curies":[{"name":"wp","href":"https:\/\/api.w.org\/{rel}","templated":true}]}}