{"id":46760,"date":"2023-04-24T08:04:32","date_gmt":"2023-04-24T06:04:32","guid":{"rendered":"https:\/\/www.immobilienbusiness.ch\/?p=46760"},"modified":"2023-06-23T04:05:53","modified_gmt":"2023-06-23T02:05:53","slug":"koeniz-businesspark-liebefeld-wird-zum-schulstandort","status":"publish","type":"post","link":"https:\/\/www.immobilienbusiness.ch\/fr\/regionen\/2023-04-24\/koeniz-businesspark-liebefeld-wird-zum-schulstandort\/","title":{"rendered":"K\u00f6niz : le Businesspark Liebefeld devient un site scolaire"},"content":{"rendered":"<figure id=\"attachment_13616\" aria-describedby=\"caption-attachment-13616\" style=\"width: 1000px\" class=\"wp-caption alignnone\"><a href=\"https:\/\/www.immobilienbusiness.ch\/wp-content\/uploads\/2018\/08\/Depositphotos_78749192_m-2015.jpg\"><img loading=\"lazy\" decoding=\"async\" class=\"wp-image-13616 size-full\" src=\"https:\/\/www.immobilienbusiness.ch\/wp-content\/uploads\/2018\/08\/Depositphotos_78749192_m-2015.jpg\" alt=\"Businesspark Liebefeld\" width=\"1000\" height=\"668\" srcset=\"https:\/\/www.immobilienbusiness.ch\/wp-content\/uploads\/2018\/08\/Depositphotos_78749192_m-2015.jpg 1000w, https:\/\/www.immobilienbusiness.ch\/wp-content\/uploads\/2018\/08\/Depositphotos_78749192_m-2015-300x200.jpg 300w, https:\/\/www.immobilienbusiness.ch\/wp-content\/uploads\/2018\/08\/Depositphotos_78749192_m-2015-768x513.jpg 768w, https:\/\/www.immobilienbusiness.ch\/wp-content\/uploads\/2018\/08\/Depositphotos_78749192_m-2015-16x12.jpg 16w, https:\/\/www.immobilienbusiness.ch\/wp-content\/uploads\/2018\/08\/Depositphotos_78749192_m-2015-262x175.jpg 262w, https:\/\/www.immobilienbusiness.ch\/wp-content\/uploads\/2018\/08\/Depositphotos_78749192_m-2015-524x350.jpg 524w, https:\/\/www.immobilienbusiness.ch\/wp-content\/uploads\/2018\/08\/Depositphotos_78749192_m-2015-920x615.jpg 920w\" sizes=\"auto, (max-width: 1000px) 100vw, 1000px\" \/><\/a><figcaption id=\"caption-attachment-13616\" class=\"wp-caption-text\">Le canton de Berne avec de grands locataires dans le Businesspark Liebefeld (Image : stevanovicigor - depositphotos)<\/figcaption><\/figure>\n<p>Apr\u00e8s le d\u00e9part de Swisscom du Businesspark Liebefeld \u00e0 K\u00f6niz (BE) il y a un peu plus de deux ans, l'immeuble d'environ 26 000 m\u00b2 de surface utile \u00e9tait en grande partie vide. Le propri\u00e9taire, Swiss Life, pr\u00e9voyait donc de transformer une partie de l'immeuble en logements. Il \u00e9tait pr\u00e9vu de construire 77 appartements d'une ou deux pi\u00e8ces ; une demande de permis de construire avait d\u00e9j\u00e0 \u00e9t\u00e9 d\u00e9pos\u00e9e \u00e0 cet effet.<\/p>\n<p><a href=\"https:\/\/www.derbund.ch\/im-liebefeld-werden-aus-bueros-doch-keine-wohnungen-784960978868\">Selon les informations de la <em>Journal de Berne<\/em><\/a> Swiss Life a annul\u00e9 le projet. Selon une porte-parole cit\u00e9e par le journal, la demande d'espaces de bureaux a augment\u00e9 et l'on est confiant de pouvoir louer les 9.000 m\u00e8tres carr\u00e9s encore disponibles.<\/p>\n<p>Il y a quelques semaines, le canton de Berne a d\u00e9cid\u00e9 de louer un peu plus de 10 000 m\u00b2 dans le Businesspark Liebefeld. Il veut ainsi couvrir les besoins accrus en surface des gymnases, et les locaux doivent en outre servir de site de remplacement aux gymnases Neufeld et Kirchenfeld pendant leur r\u00e9novation. Selon les indications du canton, les co\u00fbts annuels de location s'\u00e9l\u00e8vent \u00e0 2,7 millions de CHF et un cr\u00e9dit de 32,7 millions de CHF est n\u00e9cessaire pour l'extension. <em>(ah)<\/em><\/p>","protected":false},"excerpt":{"rendered":"<p>Le canton de Berne loue pr\u00e8s de 10.000 m\u00e8tres carr\u00e9s dans le Businesspark Liebefeld \u00e0 K\u00f6niz pour y accueillir des classes d'\u00e9cole. Le projet de r\u00e9affectation partielle du b\u00e2timent semble donc abandonn\u00e9.<\/p>","protected":false},"author":3,"featured_media":13616,"comment_status":"closed","ping_status":"closed","sticky":false,"template":"","format":"standard","meta":{"_acf_changed":false,"_yoast_wpseo_focuskw":"Businesspark Liebefeld","_yoast_wpseo_title":"","_yoast_wpseo_metadesc":"Der Kanton Bern mietet im Businesspark Liebefeld in K\u00f6niz fast 10.000 qm an, um dort Schulklassen unterzubringen.","_yoast_wpseo_linkdex":64,"pgc_sgb_lightbox_settings":"","footnotes":""},"categories":[985],"tags":[1091,1118,1832],"class_list":["post-46760","post","type-post","status-publish","format-standard","has-post-thumbnail","hentry","category-regionen","tag-bern","tag-buero","tag-vermietung"],"acf":[],"yoast_head":"<!-- This site is optimized with the Yoast SEO plugin v27.4 - https:\/\/yoast.com\/product\/yoast-seo-wordpress\/ -->\n<title>K\u00f6niz: Businesspark Liebefeld wird zum Schulstandort - IMMOBILIEN Business<\/title>\n<meta name=\"description\" content=\"Der Kanton Bern mietet im Businesspark Liebefeld in K\u00f6niz fast 10.000 qm an, um dort Schulklassen unterzubringen.\" \/>\n<meta name=\"robots\" content=\"index, follow, max-snippet:-1, max-image-preview:large, max-video-preview:-1\" \/>\n<link rel=\"canonical\" href=\"https:\/\/www.immobilienbusiness.ch\/fr\/regionen\/2023-04-24\/koeniz-businesspark-liebefeld-wird-zum-schulstandort\/\" \/>\n<meta property=\"og:locale\" content=\"fr_FR\" \/>\n<meta property=\"og:type\" content=\"article\" \/>\n<meta property=\"og:title\" content=\"K\u00f6niz: Businesspark Liebefeld wird zum Schulstandort - IMMOBILIEN Business\" \/>\n<meta property=\"og:description\" content=\"Der Kanton Bern mietet im Businesspark Liebefeld in K\u00f6niz fast 10.000 qm an, um dort Schulklassen unterzubringen.\" \/>\n<meta property=\"og:url\" content=\"https:\/\/www.immobilienbusiness.ch\/fr\/regionen\/2023-04-24\/koeniz-businesspark-liebefeld-wird-zum-schulstandort\/\" \/>\n<meta property=\"og:site_name\" content=\"IMMOBILIEN Business\" \/>\n<meta property=\"article:publisher\" content=\"https:\/\/www.facebook.com\/immobilienbusiness\/\" \/>\n<meta property=\"article:published_time\" content=\"2023-04-24T06:04:32+00:00\" \/>\n<meta property=\"article:modified_time\" content=\"2023-06-23T02:05:53+00:00\" \/>\n<meta property=\"og:image\" content=\"https:\/\/www.immobilienbusiness.ch\/wp-content\/uploads\/2018\/08\/Depositphotos_78749192_m-2015.jpg\" \/>\n\t<meta property=\"og:image:width\" content=\"1000\" \/>\n\t<meta property=\"og:image:height\" content=\"668\" \/>\n\t<meta property=\"og:image:type\" content=\"image\/jpeg\" \/>\n<meta name=\"author\" content=\"anja.hall\" \/>\n<meta name=\"twitter:card\" content=\"summary_large_image\" \/>\n<meta name=\"twitter:image\" content=\"https:\/\/www.immobilienbusiness.ch\/wp-content\/uploads\/2018\/08\/Depositphotos_78749192_m-2015.jpg\" \/>\n<script type=\"application\/ld+json\" class=\"yoast-schema-graph\">{\"@context\":\"https:\\\/\\\/schema.org\",\"@graph\":[{\"@type\":\"Article\",\"@id\":\"https:\\\/\\\/www.immobilienbusiness.ch\\\/de\\\/regionen\\\/2023-04-24\\\/koeniz-businesspark-liebefeld-wird-zum-schulstandort\\\/#article\",\"isPartOf\":{\"@id\":\"https:\\\/\\\/www.immobilienbusiness.ch\\\/de\\\/regionen\\\/2023-04-24\\\/koeniz-businesspark-liebefeld-wird-zum-schulstandort\\\/\"},\"author\":{\"name\":\"anja.hall\",\"@id\":\"https:\\\/\\\/www.immobilienbusiness.ch\\\/#\\\/schema\\\/person\\\/3fc036297b10b9f42d6db5ee932af8c8\"},\"headline\":\"K\u00f6niz: Businesspark Liebefeld wird zum Schulstandort\",\"datePublished\":\"2023-04-24T06:04:32+00:00\",\"dateModified\":\"2023-06-23T02:05:53+00:00\",\"mainEntityOfPage\":{\"@id\":\"https:\\\/\\\/www.immobilienbusiness.ch\\\/de\\\/regionen\\\/2023-04-24\\\/koeniz-businesspark-liebefeld-wird-zum-schulstandort\\\/\"},\"wordCount\":185,\"publisher\":{\"@id\":\"https:\\\/\\\/www.immobilienbusiness.ch\\\/#organization\"},\"image\":{\"@id\":\"https:\\\/\\\/www.immobilienbusiness.ch\\\/de\\\/regionen\\\/2023-04-24\\\/koeniz-businesspark-liebefeld-wird-zum-schulstandort\\\/#primaryimage\"},\"thumbnailUrl\":\"https:\\\/\\\/www.immobilienbusiness.ch\\\/wp-content\\\/uploads\\\/2018\\\/08\\\/Depositphotos_78749192_m-2015.jpg\",\"keywords\":[\"Bern\",\"B\u00fcro\",\"Vermietung\"],\"articleSection\":[\"REGIONEN\"],\"inLanguage\":\"fr-FR\"},{\"@type\":\"WebPage\",\"@id\":\"https:\\\/\\\/www.immobilienbusiness.ch\\\/de\\\/regionen\\\/2023-04-24\\\/koeniz-businesspark-liebefeld-wird-zum-schulstandort\\\/\",\"url\":\"https:\\\/\\\/www.immobilienbusiness.ch\\\/de\\\/regionen\\\/2023-04-24\\\/koeniz-businesspark-liebefeld-wird-zum-schulstandort\\\/\",\"name\":\"K\u00f6niz: Businesspark Liebefeld wird zum Schulstandort - IMMOBILIEN Business\",\"isPartOf\":{\"@id\":\"https:\\\/\\\/www.immobilienbusiness.ch\\\/#website\"},\"primaryImageOfPage\":{\"@id\":\"https:\\\/\\\/www.immobilienbusiness.ch\\\/de\\\/regionen\\\/2023-04-24\\\/koeniz-businesspark-liebefeld-wird-zum-schulstandort\\\/#primaryimage\"},\"image\":{\"@id\":\"https:\\\/\\\/www.immobilienbusiness.ch\\\/de\\\/regionen\\\/2023-04-24\\\/koeniz-businesspark-liebefeld-wird-zum-schulstandort\\\/#primaryimage\"},\"thumbnailUrl\":\"https:\\\/\\\/www.immobilienbusiness.ch\\\/wp-content\\\/uploads\\\/2018\\\/08\\\/Depositphotos_78749192_m-2015.jpg\",\"datePublished\":\"2023-04-24T06:04:32+00:00\",\"dateModified\":\"2023-06-23T02:05:53+00:00\",\"description\":\"Der Kanton Bern mietet im Businesspark Liebefeld in K\u00f6niz fast 10.000 qm an, um dort Schulklassen unterzubringen.\",\"breadcrumb\":{\"@id\":\"https:\\\/\\\/www.immobilienbusiness.ch\\\/de\\\/regionen\\\/2023-04-24\\\/koeniz-businesspark-liebefeld-wird-zum-schulstandort\\\/#breadcrumb\"},\"inLanguage\":\"fr-FR\",\"potentialAction\":[{\"@type\":\"ReadAction\",\"target\":[\"https:\\\/\\\/www.immobilienbusiness.ch\\\/de\\\/regionen\\\/2023-04-24\\\/koeniz-businesspark-liebefeld-wird-zum-schulstandort\\\/\"]}]},{\"@type\":\"ImageObject\",\"inLanguage\":\"fr-FR\",\"@id\":\"https:\\\/\\\/www.immobilienbusiness.ch\\\/de\\\/regionen\\\/2023-04-24\\\/koeniz-businesspark-liebefeld-wird-zum-schulstandort\\\/#primaryimage\",\"url\":\"https:\\\/\\\/www.immobilienbusiness.ch\\\/wp-content\\\/uploads\\\/2018\\\/08\\\/Depositphotos_78749192_m-2015.jpg\",\"contentUrl\":\"https:\\\/\\\/www.immobilienbusiness.ch\\\/wp-content\\\/uploads\\\/2018\\\/08\\\/Depositphotos_78749192_m-2015.jpg\",\"width\":1000,\"height\":668,\"caption\":\"PSP Swiss Property hat die Mieteinnahmen like-for-like gesteigert (Symbolbild: stevanovicigor - depositphotos)\"},{\"@type\":\"BreadcrumbList\",\"@id\":\"https:\\\/\\\/www.immobilienbusiness.ch\\\/de\\\/regionen\\\/2023-04-24\\\/koeniz-businesspark-liebefeld-wird-zum-schulstandort\\\/#breadcrumb\",\"itemListElement\":[{\"@type\":\"ListItem\",\"position\":1,\"name\":\"Home\",\"item\":\"https:\\\/\\\/www.immobilienbusiness.ch\\\/\"},{\"@type\":\"ListItem\",\"position\":2,\"name\":\"K\u00f6niz: Businesspark Liebefeld wird zum Schulstandort\"}]},{\"@type\":\"WebSite\",\"@id\":\"https:\\\/\\\/www.immobilienbusiness.ch\\\/#website\",\"url\":\"https:\\\/\\\/www.immobilienbusiness.ch\\\/\",\"name\":\"IMMOBILIEN Business\",\"description\":\"Unabh\u00e4ngiges Schweizer Wirtschaftsmagazin mit Fokus auf Immobilien, Architektur- und Bau sowie Investment- und Finanzierung.\",\"publisher\":{\"@id\":\"https:\\\/\\\/www.immobilienbusiness.ch\\\/#organization\"},\"potentialAction\":[{\"@type\":\"SearchAction\",\"target\":{\"@type\":\"EntryPoint\",\"urlTemplate\":\"https:\\\/\\\/www.immobilienbusiness.ch\\\/?s={search_term_string}\"},\"query-input\":{\"@type\":\"PropertyValueSpecification\",\"valueRequired\":true,\"valueName\":\"search_term_string\"}}],\"inLanguage\":\"fr-FR\"},{\"@type\":\"Organization\",\"@id\":\"https:\\\/\\\/www.immobilienbusiness.ch\\\/#organization\",\"name\":\"IMMOBILIEN Business\",\"url\":\"https:\\\/\\\/www.immobilienbusiness.ch\\\/\",\"logo\":{\"@type\":\"ImageObject\",\"inLanguage\":\"fr-FR\",\"@id\":\"https:\\\/\\\/www.immobilienbusiness.ch\\\/#\\\/schema\\\/logo\\\/image\\\/\",\"url\":\"https:\\\/\\\/www.immobilienbusiness.ch\\\/wp-content\\\/uploads\\\/2021\\\/07\\\/logo_ib.png\",\"contentUrl\":\"https:\\\/\\\/www.immobilienbusiness.ch\\\/wp-content\\\/uploads\\\/2021\\\/07\\\/logo_ib.png\",\"width\":800,\"height\":181,\"caption\":\"IMMOBILIEN Business\"},\"image\":{\"@id\":\"https:\\\/\\\/www.immobilienbusiness.ch\\\/#\\\/schema\\\/logo\\\/image\\\/\"},\"sameAs\":[\"https:\\\/\\\/www.facebook.com\\\/immobilienbusiness\\\/\"]},{\"@type\":\"Person\",\"@id\":\"https:\\\/\\\/www.immobilienbusiness.ch\\\/#\\\/schema\\\/person\\\/3fc036297b10b9f42d6db5ee932af8c8\",\"name\":\"anja.hall\",\"image\":{\"@type\":\"ImageObject\",\"inLanguage\":\"fr-FR\",\"@id\":\"https:\\\/\\\/secure.gravatar.com\\\/avatar\\\/066b5a0d447013502c71a5782f4f3469f03cfe595cc2329fb94652fe47511bfb?s=96&d=mm&r=g\",\"url\":\"https:\\\/\\\/secure.gravatar.com\\\/avatar\\\/066b5a0d447013502c71a5782f4f3469f03cfe595cc2329fb94652fe47511bfb?s=96&d=mm&r=g\",\"contentUrl\":\"https:\\\/\\\/secure.gravatar.com\\\/avatar\\\/066b5a0d447013502c71a5782f4f3469f03cfe595cc2329fb94652fe47511bfb?s=96&d=mm&r=g\",\"caption\":\"anja.hall\"},\"url\":\"https:\\\/\\\/www.immobilienbusiness.ch\\\/fr\\\/author\\\/anja-hall\\\/\"}]}<\/script>\n<!-- \/ Yoast SEO plugin. -->","yoast_head_json":{"title":"K\u00f6niz: Businesspark Liebefeld wird zum Schulstandort - IMMOBILIEN Business","description":"Der Kanton Bern mietet im Businesspark Liebefeld in K\u00f6niz fast 10.000 qm an, um dort Schulklassen unterzubringen.","robots":{"index":"index","follow":"follow","max-snippet":"max-snippet:-1","max-image-preview":"max-image-preview:large","max-video-preview":"max-video-preview:-1"},"canonical":"https:\/\/www.immobilienbusiness.ch\/fr\/regionen\/2023-04-24\/koeniz-businesspark-liebefeld-wird-zum-schulstandort\/","og_locale":"fr_FR","og_type":"article","og_title":"K\u00f6niz: Businesspark Liebefeld wird zum Schulstandort - IMMOBILIEN Business","og_description":"Der Kanton Bern mietet im Businesspark Liebefeld in K\u00f6niz fast 10.000 qm an, um dort Schulklassen unterzubringen.","og_url":"https:\/\/www.immobilienbusiness.ch\/fr\/regionen\/2023-04-24\/koeniz-businesspark-liebefeld-wird-zum-schulstandort\/","og_site_name":"IMMOBILIEN Business","article_publisher":"https:\/\/www.facebook.com\/immobilienbusiness\/","article_published_time":"2023-04-24T06:04:32+00:00","article_modified_time":"2023-06-23T02:05:53+00:00","og_image":[{"width":1000,"height":668,"url":"https:\/\/www.immobilienbusiness.ch\/wp-content\/uploads\/2018\/08\/Depositphotos_78749192_m-2015.jpg","type":"image\/jpeg"}],"author":"anja.hall","twitter_card":"summary_large_image","twitter_image":"https:\/\/www.immobilienbusiness.ch\/wp-content\/uploads\/2018\/08\/Depositphotos_78749192_m-2015.jpg","schema":{"@context":"https:\/\/schema.org","@graph":[{"@type":"Article","@id":"https:\/\/www.immobilienbusiness.ch\/de\/regionen\/2023-04-24\/koeniz-businesspark-liebefeld-wird-zum-schulstandort\/#article","isPartOf":{"@id":"https:\/\/www.immobilienbusiness.ch\/de\/regionen\/2023-04-24\/koeniz-businesspark-liebefeld-wird-zum-schulstandort\/"},"author":{"name":"anja.hall","@id":"https:\/\/www.immobilienbusiness.ch\/#\/schema\/person\/3fc036297b10b9f42d6db5ee932af8c8"},"headline":"K\u00f6niz: Businesspark Liebefeld wird zum Schulstandort","datePublished":"2023-04-24T06:04:32+00:00","dateModified":"2023-06-23T02:05:53+00:00","mainEntityOfPage":{"@id":"https:\/\/www.immobilienbusiness.ch\/de\/regionen\/2023-04-24\/koeniz-businesspark-liebefeld-wird-zum-schulstandort\/"},"wordCount":185,"publisher":{"@id":"https:\/\/www.immobilienbusiness.ch\/#organization"},"image":{"@id":"https:\/\/www.immobilienbusiness.ch\/de\/regionen\/2023-04-24\/koeniz-businesspark-liebefeld-wird-zum-schulstandort\/#primaryimage"},"thumbnailUrl":"https:\/\/www.immobilienbusiness.ch\/wp-content\/uploads\/2018\/08\/Depositphotos_78749192_m-2015.jpg","keywords":["Bern","B\u00fcro","Vermietung"],"articleSection":["REGIONEN"],"inLanguage":"fr-FR"},{"@type":"WebPage","@id":"https:\/\/www.immobilienbusiness.ch\/de\/regionen\/2023-04-24\/koeniz-businesspark-liebefeld-wird-zum-schulstandort\/","url":"https:\/\/www.immobilienbusiness.ch\/de\/regionen\/2023-04-24\/koeniz-businesspark-liebefeld-wird-zum-schulstandort\/","name":"K\u00f6niz: Businesspark Liebefeld wird zum Schulstandort - IMMOBILIEN Business","isPartOf":{"@id":"https:\/\/www.immobilienbusiness.ch\/#website"},"primaryImageOfPage":{"@id":"https:\/\/www.immobilienbusiness.ch\/de\/regionen\/2023-04-24\/koeniz-businesspark-liebefeld-wird-zum-schulstandort\/#primaryimage"},"image":{"@id":"https:\/\/www.immobilienbusiness.ch\/de\/regionen\/2023-04-24\/koeniz-businesspark-liebefeld-wird-zum-schulstandort\/#primaryimage"},"thumbnailUrl":"https:\/\/www.immobilienbusiness.ch\/wp-content\/uploads\/2018\/08\/Depositphotos_78749192_m-2015.jpg","datePublished":"2023-04-24T06:04:32+00:00","dateModified":"2023-06-23T02:05:53+00:00","description":"Der Kanton Bern mietet im Businesspark Liebefeld in K\u00f6niz fast 10.000 qm an, um dort Schulklassen unterzubringen.","breadcrumb":{"@id":"https:\/\/www.immobilienbusiness.ch\/de\/regionen\/2023-04-24\/koeniz-businesspark-liebefeld-wird-zum-schulstandort\/#breadcrumb"},"inLanguage":"fr-FR","potentialAction":[{"@type":"ReadAction","target":["https:\/\/www.immobilienbusiness.ch\/de\/regionen\/2023-04-24\/koeniz-businesspark-liebefeld-wird-zum-schulstandort\/"]}]},{"@type":"ImageObject","inLanguage":"fr-FR","@id":"https:\/\/www.immobilienbusiness.ch\/de\/regionen\/2023-04-24\/koeniz-businesspark-liebefeld-wird-zum-schulstandort\/#primaryimage","url":"https:\/\/www.immobilienbusiness.ch\/wp-content\/uploads\/2018\/08\/Depositphotos_78749192_m-2015.jpg","contentUrl":"https:\/\/www.immobilienbusiness.ch\/wp-content\/uploads\/2018\/08\/Depositphotos_78749192_m-2015.jpg","width":1000,"height":668,"caption":"PSP Swiss Property hat die Mieteinnahmen like-for-like gesteigert (Symbolbild: stevanovicigor - depositphotos)"},{"@type":"BreadcrumbList","@id":"https:\/\/www.immobilienbusiness.ch\/de\/regionen\/2023-04-24\/koeniz-businesspark-liebefeld-wird-zum-schulstandort\/#breadcrumb","itemListElement":[{"@type":"ListItem","position":1,"name":"Home","item":"https:\/\/www.immobilienbusiness.ch\/"},{"@type":"ListItem","position":2,"name":"K\u00f6niz: Businesspark Liebefeld wird zum Schulstandort"}]},{"@type":"WebSite","@id":"https:\/\/www.immobilienbusiness.ch\/#website","url":"https:\/\/www.immobilienbusiness.ch\/","name":"IMMOBILIER Business","description":"Magazine \u00e9conomique suisse ind\u00e9pendant ax\u00e9 sur l'immobilier, l'architecture et la construction ainsi que sur les investissements et le financement.","publisher":{"@id":"https:\/\/www.immobilienbusiness.ch\/#organization"},"potentialAction":[{"@type":"SearchAction","target":{"@type":"EntryPoint","urlTemplate":"https:\/\/www.immobilienbusiness.ch\/?s={search_term_string}"},"query-input":{"@type":"PropertyValueSpecification","valueRequired":true,"valueName":"search_term_string"}}],"inLanguage":"fr-FR"},{"@type":"Organization","@id":"https:\/\/www.immobilienbusiness.ch\/#organization","name":"IMMOBILIER Business","url":"https:\/\/www.immobilienbusiness.ch\/","logo":{"@type":"ImageObject","inLanguage":"fr-FR","@id":"https:\/\/www.immobilienbusiness.ch\/#\/schema\/logo\/image\/","url":"https:\/\/www.immobilienbusiness.ch\/wp-content\/uploads\/2021\/07\/logo_ib.png","contentUrl":"https:\/\/www.immobilienbusiness.ch\/wp-content\/uploads\/2021\/07\/logo_ib.png","width":800,"height":181,"caption":"IMMOBILIEN Business"},"image":{"@id":"https:\/\/www.immobilienbusiness.ch\/#\/schema\/logo\/image\/"},"sameAs":["https:\/\/www.facebook.com\/immobilienbusiness\/"]},{"@type":"Person","@id":"https:\/\/www.immobilienbusiness.ch\/#\/schema\/person\/3fc036297b10b9f42d6db5ee932af8c8","name":"anja.hall","image":{"@type":"ImageObject","inLanguage":"fr-FR","@id":"https:\/\/secure.gravatar.com\/avatar\/066b5a0d447013502c71a5782f4f3469f03cfe595cc2329fb94652fe47511bfb?s=96&d=mm&r=g","url":"https:\/\/secure.gravatar.com\/avatar\/066b5a0d447013502c71a5782f4f3469f03cfe595cc2329fb94652fe47511bfb?s=96&d=mm&r=g","contentUrl":"https:\/\/secure.gravatar.com\/avatar\/066b5a0d447013502c71a5782f4f3469f03cfe595cc2329fb94652fe47511bfb?s=96&d=mm&r=g","caption":"anja.hall"},"url":"https:\/\/www.immobilienbusiness.ch\/fr\/author\/anja-hall\/"}]}},"_links":{"self":[{"href":"https:\/\/www.immobilienbusiness.ch\/fr\/wp-json\/wp\/v2\/posts\/46760","targetHints":{"allow":["GET"]}}],"collection":[{"href":"https:\/\/www.immobilienbusiness.ch\/fr\/wp-json\/wp\/v2\/posts"}],"about":[{"href":"https:\/\/www.immobilienbusiness.ch\/fr\/wp-json\/wp\/v2\/types\/post"}],"author":[{"embeddable":true,"href":"https:\/\/www.immobilienbusiness.ch\/fr\/wp-json\/wp\/v2\/users\/3"}],"replies":[{"embeddable":true,"href":"https:\/\/www.immobilienbusiness.ch\/fr\/wp-json\/wp\/v2\/comments?post=46760"}],"version-history":[{"count":3,"href":"https:\/\/www.immobilienbusiness.ch\/fr\/wp-json\/wp\/v2\/posts\/46760\/revisions"}],"predecessor-version":[{"id":47702,"href":"https:\/\/www.immobilienbusiness.ch\/fr\/wp-json\/wp\/v2\/posts\/46760\/revisions\/47702"}],"wp:featuredmedia":[{"embeddable":true,"href":"https:\/\/www.immobilienbusiness.ch\/fr\/wp-json\/wp\/v2\/media\/13616"}],"wp:attachment":[{"href":"https:\/\/www.immobilienbusiness.ch\/fr\/wp-json\/wp\/v2\/media?parent=46760"}],"wp:term":[{"taxonomy":"category","embeddable":true,"href":"https:\/\/www.immobilienbusiness.ch\/fr\/wp-json\/wp\/v2\/categories?post=46760"},{"taxonomy":"post_tag","embeddable":true,"href":"https:\/\/www.immobilienbusiness.ch\/fr\/wp-json\/wp\/v2\/tags?post=46760"}],"curies":[{"name":"wp","href":"https:\/\/api.w.org\/{rel}","templated":true}]}}