{"id":46757,"date":"2023-04-24T07:38:51","date_gmt":"2023-04-24T05:38:51","guid":{"rendered":"https:\/\/www.immobilienbusiness.ch\/?p=46757"},"modified":"2023-06-23T04:08:56","modified_gmt":"2023-06-23T02:08:56","slug":"birsfelden-ubs-sima-plant-holzhochhaus","status":"publish","type":"post","link":"https:\/\/www.immobilienbusiness.ch\/fr\/regionen\/2023-04-24\/birsfelden-ubs-sima-plant-holzhochhaus\/","title":{"rendered":"La ville de Birsfelden : UBS Sima pr\u00e9voit une tour en bois"},"content":{"rendered":"<figure id=\"attachment_46758\" aria-describedby=\"caption-attachment-46758\" style=\"width: 580px\" class=\"wp-caption alignnone\"><a href=\"https:\/\/www.immobilienbusiness.ch\/wp-content\/uploads\/2023\/04\/sima.jpeg\"><img loading=\"lazy\" decoding=\"async\" class=\"wp-image-46758 size-full\" src=\"https:\/\/www.immobilienbusiness.ch\/wp-content\/uploads\/2023\/04\/sima.jpeg\" alt=\"Holz-Hybrid-Hochhaus\" width=\"580\" height=\"432\" srcset=\"https:\/\/www.immobilienbusiness.ch\/wp-content\/uploads\/2023\/04\/sima.jpeg 580w, https:\/\/www.immobilienbusiness.ch\/wp-content\/uploads\/2023\/04\/sima-300x223.jpeg 300w, https:\/\/www.immobilienbusiness.ch\/wp-content\/uploads\/2023\/04\/sima-16x12.jpeg 16w, https:\/\/www.immobilienbusiness.ch\/wp-content\/uploads\/2023\/04\/sima-375x279.jpeg 375w, https:\/\/www.immobilienbusiness.ch\/wp-content\/uploads\/2023\/04\/sima-470x350.jpeg 470w\" sizes=\"auto, (max-width: 580px) 100vw, 580px\" \/><\/a><figcaption id=\"caption-attachment-46758\" class=\"wp-caption-text\">Une tour de 100 m\u00e8tres de haut est pr\u00e9vue \u00e0 Birsfelden (source : UBS)<\/figcaption><\/figure>\n<p>Le fonds immobilier UBS Sima veut construire une tour hybride en bois \u00e0 l'angle de la Hauptstrasse et du Birsstegweg \u00e0 Birsfelden (BL). Environ 120 appartements et quelque 1600 m\u00b2 de bureaux et de surfaces de vente devraient \u00eatre construits sur 30 \u00e9tages sup\u00e9rieurs, indique le fonds. Le volume d'investissement s'\u00e9l\u00e8ve \u00e0 environ 60 millions de francs suisses.<\/p>\n<p>La tour atteindra une hauteur d'environ 100 m\u00e8tres et repr\u00e9sente ainsi une singularit\u00e9 dans l'espace europ\u00e9en, poursuit UBS. Une installation photovolta\u00efque int\u00e9gr\u00e9e \u00e0 la fa\u00e7ade, un haut degr\u00e9 de pr\u00e9fabrication ainsi que l'utilisation du bois comme mat\u00e9riau de construction rendent l'immeuble particuli\u00e8rement efficace sur le plan \u00e9nerg\u00e9tique.<\/p>\n<p>Lors du d\u00e9veloppement du projet, on a veill\u00e9 \u00e0 concevoir un corps de b\u00e2timent mince afin d'augmenter la qualit\u00e9 de l'environnement en plus de la densification. Un pocket park et une liaison avec la nouvelle zone de d\u00e9tente de la Birsraum sont ainsi pr\u00e9vus.<\/p>\n<p>Le plan de quartier est actuellement en phase d'examen pr\u00e9liminaire au niveau cantonal ; fin 2023, l'assembl\u00e9e communale devrait se prononcer sur le plan de quartier. La construction devrait d\u00e9buter en 2025. <em>(ah)<\/em><\/p>","protected":false},"excerpt":{"rendered":"<p>Le projet devrait atteindre une hauteur de 100 m\u00e8tres et \u00eatre principalement destin\u00e9 \u00e0 l'habitat. Le d\u00e9but de la construction est pr\u00e9vu pour 2025.<\/p>","protected":false},"author":3,"featured_media":46758,"comment_status":"closed","ping_status":"closed","sticky":false,"template":"","format":"standard","meta":{"_acf_changed":false,"_yoast_wpseo_focuskw":"Holz-Hybrid-Hochhaus","_yoast_wpseo_title":"","_yoast_wpseo_metadesc":"Das Projekt in Birsfelden soll eine H\u00f6he von 100 Metern erreichen und vorwiegend f\u00fcr Wohnen genutzt werden. Baustart ist voraussichtlich im 2025.","_yoast_wpseo_linkdex":46,"pgc_sgb_lightbox_settings":"","footnotes":""},"categories":[985],"tags":[1070,1308,1600,2179],"class_list":["post-46757","post","type-post","status-publish","format-standard","has-post-thumbnail","hentry","category-regionen","tag-basel-landschaft","tag-hochhaus","tag-projekt-in-planung","tag-ubs-sima"],"acf":[],"yoast_head":"<!-- This site is optimized with the Yoast SEO plugin v27.5 - https:\/\/yoast.com\/product\/yoast-seo-wordpress\/ -->\n<title>Birsfelden: UBS Sima plant Holzhochhaus - IMMOBILIEN Business<\/title>\n<meta name=\"description\" content=\"Das Projekt in Birsfelden soll eine H\u00f6he von 100 Metern erreichen und vorwiegend f\u00fcr Wohnen genutzt werden. Baustart ist voraussichtlich im 2025.\" \/>\n<meta name=\"robots\" content=\"index, follow, max-snippet:-1, max-image-preview:large, max-video-preview:-1\" \/>\n<link rel=\"canonical\" href=\"https:\/\/www.immobilienbusiness.ch\/fr\/regionen\/2023-04-24\/birsfelden-ubs-sima-plant-holzhochhaus\/\" \/>\n<meta property=\"og:locale\" content=\"fr_FR\" \/>\n<meta property=\"og:type\" content=\"article\" \/>\n<meta property=\"og:title\" content=\"Birsfelden: UBS Sima plant Holzhochhaus - IMMOBILIEN Business\" \/>\n<meta property=\"og:description\" content=\"Das Projekt in Birsfelden soll eine H\u00f6he von 100 Metern erreichen und vorwiegend f\u00fcr Wohnen genutzt werden. Baustart ist voraussichtlich im 2025.\" \/>\n<meta property=\"og:url\" content=\"https:\/\/www.immobilienbusiness.ch\/fr\/regionen\/2023-04-24\/birsfelden-ubs-sima-plant-holzhochhaus\/\" \/>\n<meta property=\"og:site_name\" content=\"IMMOBILIEN Business\" \/>\n<meta property=\"article:publisher\" content=\"https:\/\/www.facebook.com\/immobilienbusiness\/\" \/>\n<meta property=\"article:published_time\" content=\"2023-04-24T05:38:51+00:00\" \/>\n<meta property=\"article:modified_time\" content=\"2023-06-23T02:08:56+00:00\" \/>\n<meta property=\"og:image\" content=\"https:\/\/www.immobilienbusiness.ch\/wp-content\/uploads\/2023\/04\/sima.jpeg\" \/>\n\t<meta property=\"og:image:width\" content=\"580\" \/>\n\t<meta property=\"og:image:height\" content=\"432\" \/>\n\t<meta property=\"og:image:type\" content=\"image\/jpeg\" \/>\n<meta name=\"author\" content=\"anja.hall\" \/>\n<meta name=\"twitter:card\" content=\"summary_large_image\" \/>\n<meta name=\"twitter:image\" content=\"https:\/\/www.immobilienbusiness.ch\/wp-content\/uploads\/2023\/04\/sima.jpeg\" \/>\n<script type=\"application\/ld+json\" class=\"yoast-schema-graph\">{\"@context\":\"https:\\\/\\\/schema.org\",\"@graph\":[{\"@type\":\"Article\",\"@id\":\"https:\\\/\\\/www.immobilienbusiness.ch\\\/en\\\/regionen\\\/2023-04-24\\\/birsfelden-ubs-sima-plant-holzhochhaus\\\/#article\",\"isPartOf\":{\"@id\":\"https:\\\/\\\/www.immobilienbusiness.ch\\\/en\\\/regionen\\\/2023-04-24\\\/birsfelden-ubs-sima-plant-holzhochhaus\\\/\"},\"author\":{\"name\":\"anja.hall\",\"@id\":\"https:\\\/\\\/www.immobilienbusiness.ch\\\/#\\\/schema\\\/person\\\/3fc036297b10b9f42d6db5ee932af8c8\"},\"headline\":\"Birsfelden: UBS Sima plant Holzhochhaus\",\"datePublished\":\"2023-04-24T05:38:51+00:00\",\"dateModified\":\"2023-06-23T02:08:56+00:00\",\"mainEntityOfPage\":{\"@id\":\"https:\\\/\\\/www.immobilienbusiness.ch\\\/en\\\/regionen\\\/2023-04-24\\\/birsfelden-ubs-sima-plant-holzhochhaus\\\/\"},\"wordCount\":170,\"publisher\":{\"@id\":\"https:\\\/\\\/www.immobilienbusiness.ch\\\/#organization\"},\"image\":{\"@id\":\"https:\\\/\\\/www.immobilienbusiness.ch\\\/en\\\/regionen\\\/2023-04-24\\\/birsfelden-ubs-sima-plant-holzhochhaus\\\/#primaryimage\"},\"thumbnailUrl\":\"https:\\\/\\\/www.immobilienbusiness.ch\\\/wp-content\\\/uploads\\\/2023\\\/04\\\/sima.jpeg\",\"keywords\":[\"Basel-Landschaft\",\"Hochhaus\",\"Projekt in Planung\",\"UBS Sima\"],\"articleSection\":[\"REGIONEN\"],\"inLanguage\":\"fr-FR\"},{\"@type\":\"WebPage\",\"@id\":\"https:\\\/\\\/www.immobilienbusiness.ch\\\/en\\\/regionen\\\/2023-04-24\\\/birsfelden-ubs-sima-plant-holzhochhaus\\\/\",\"url\":\"https:\\\/\\\/www.immobilienbusiness.ch\\\/en\\\/regionen\\\/2023-04-24\\\/birsfelden-ubs-sima-plant-holzhochhaus\\\/\",\"name\":\"Birsfelden: UBS Sima plant Holzhochhaus - IMMOBILIEN Business\",\"isPartOf\":{\"@id\":\"https:\\\/\\\/www.immobilienbusiness.ch\\\/#website\"},\"primaryImageOfPage\":{\"@id\":\"https:\\\/\\\/www.immobilienbusiness.ch\\\/en\\\/regionen\\\/2023-04-24\\\/birsfelden-ubs-sima-plant-holzhochhaus\\\/#primaryimage\"},\"image\":{\"@id\":\"https:\\\/\\\/www.immobilienbusiness.ch\\\/en\\\/regionen\\\/2023-04-24\\\/birsfelden-ubs-sima-plant-holzhochhaus\\\/#primaryimage\"},\"thumbnailUrl\":\"https:\\\/\\\/www.immobilienbusiness.ch\\\/wp-content\\\/uploads\\\/2023\\\/04\\\/sima.jpeg\",\"datePublished\":\"2023-04-24T05:38:51+00:00\",\"dateModified\":\"2023-06-23T02:08:56+00:00\",\"description\":\"Das Projekt in Birsfelden soll eine H\u00f6he von 100 Metern erreichen und vorwiegend f\u00fcr Wohnen genutzt werden. Baustart ist voraussichtlich im 2025.\",\"breadcrumb\":{\"@id\":\"https:\\\/\\\/www.immobilienbusiness.ch\\\/en\\\/regionen\\\/2023-04-24\\\/birsfelden-ubs-sima-plant-holzhochhaus\\\/#breadcrumb\"},\"inLanguage\":\"fr-FR\",\"potentialAction\":[{\"@type\":\"ReadAction\",\"target\":[\"https:\\\/\\\/www.immobilienbusiness.ch\\\/en\\\/regionen\\\/2023-04-24\\\/birsfelden-ubs-sima-plant-holzhochhaus\\\/\"]}]},{\"@type\":\"ImageObject\",\"inLanguage\":\"fr-FR\",\"@id\":\"https:\\\/\\\/www.immobilienbusiness.ch\\\/en\\\/regionen\\\/2023-04-24\\\/birsfelden-ubs-sima-plant-holzhochhaus\\\/#primaryimage\",\"url\":\"https:\\\/\\\/www.immobilienbusiness.ch\\\/wp-content\\\/uploads\\\/2023\\\/04\\\/sima.jpeg\",\"contentUrl\":\"https:\\\/\\\/www.immobilienbusiness.ch\\\/wp-content\\\/uploads\\\/2023\\\/04\\\/sima.jpeg\",\"width\":580,\"height\":432,\"caption\":\"Ein spektakul\u00e4res Projekt, das der Fonds \u00abSima\u00bb plant: Holzhochhaus in Birsfelden (Visualisierung: \u00a9 UBS)\"},{\"@type\":\"BreadcrumbList\",\"@id\":\"https:\\\/\\\/www.immobilienbusiness.ch\\\/en\\\/regionen\\\/2023-04-24\\\/birsfelden-ubs-sima-plant-holzhochhaus\\\/#breadcrumb\",\"itemListElement\":[{\"@type\":\"ListItem\",\"position\":1,\"name\":\"Home\",\"item\":\"https:\\\/\\\/www.immobilienbusiness.ch\\\/\"},{\"@type\":\"ListItem\",\"position\":2,\"name\":\"Birsfelden: UBS Sima plant Holzhochhaus\"}]},{\"@type\":\"WebSite\",\"@id\":\"https:\\\/\\\/www.immobilienbusiness.ch\\\/#website\",\"url\":\"https:\\\/\\\/www.immobilienbusiness.ch\\\/\",\"name\":\"IMMOBILIEN Business\",\"description\":\"Unabh\u00e4ngiges Schweizer Wirtschaftsmagazin mit Fokus auf Immobilien, Architektur- und Bau sowie Investment- und Finanzierung.\",\"publisher\":{\"@id\":\"https:\\\/\\\/www.immobilienbusiness.ch\\\/#organization\"},\"potentialAction\":[{\"@type\":\"SearchAction\",\"target\":{\"@type\":\"EntryPoint\",\"urlTemplate\":\"https:\\\/\\\/www.immobilienbusiness.ch\\\/?s={search_term_string}\"},\"query-input\":{\"@type\":\"PropertyValueSpecification\",\"valueRequired\":true,\"valueName\":\"search_term_string\"}}],\"inLanguage\":\"fr-FR\"},{\"@type\":\"Organization\",\"@id\":\"https:\\\/\\\/www.immobilienbusiness.ch\\\/#organization\",\"name\":\"IMMOBILIEN Business\",\"url\":\"https:\\\/\\\/www.immobilienbusiness.ch\\\/\",\"logo\":{\"@type\":\"ImageObject\",\"inLanguage\":\"fr-FR\",\"@id\":\"https:\\\/\\\/www.immobilienbusiness.ch\\\/#\\\/schema\\\/logo\\\/image\\\/\",\"url\":\"https:\\\/\\\/www.immobilienbusiness.ch\\\/wp-content\\\/uploads\\\/2021\\\/07\\\/logo_ib.png\",\"contentUrl\":\"https:\\\/\\\/www.immobilienbusiness.ch\\\/wp-content\\\/uploads\\\/2021\\\/07\\\/logo_ib.png\",\"width\":800,\"height\":181,\"caption\":\"IMMOBILIEN Business\"},\"image\":{\"@id\":\"https:\\\/\\\/www.immobilienbusiness.ch\\\/#\\\/schema\\\/logo\\\/image\\\/\"},\"sameAs\":[\"https:\\\/\\\/www.facebook.com\\\/immobilienbusiness\\\/\"]},{\"@type\":\"Person\",\"@id\":\"https:\\\/\\\/www.immobilienbusiness.ch\\\/#\\\/schema\\\/person\\\/3fc036297b10b9f42d6db5ee932af8c8\",\"name\":\"anja.hall\",\"image\":{\"@type\":\"ImageObject\",\"inLanguage\":\"fr-FR\",\"@id\":\"https:\\\/\\\/secure.gravatar.com\\\/avatar\\\/066b5a0d447013502c71a5782f4f3469f03cfe595cc2329fb94652fe47511bfb?s=96&d=mm&r=g\",\"url\":\"https:\\\/\\\/secure.gravatar.com\\\/avatar\\\/066b5a0d447013502c71a5782f4f3469f03cfe595cc2329fb94652fe47511bfb?s=96&d=mm&r=g\",\"contentUrl\":\"https:\\\/\\\/secure.gravatar.com\\\/avatar\\\/066b5a0d447013502c71a5782f4f3469f03cfe595cc2329fb94652fe47511bfb?s=96&d=mm&r=g\",\"caption\":\"anja.hall\"},\"url\":\"https:\\\/\\\/www.immobilienbusiness.ch\\\/fr\\\/author\\\/anja-hall\\\/\"}]}<\/script>\n<!-- \/ Yoast SEO plugin. -->","yoast_head_json":{"title":"Birsfelden: UBS Sima plant Holzhochhaus - IMMOBILIEN Business","description":"Das Projekt in Birsfelden soll eine H\u00f6he von 100 Metern erreichen und vorwiegend f\u00fcr Wohnen genutzt werden. Baustart ist voraussichtlich im 2025.","robots":{"index":"index","follow":"follow","max-snippet":"max-snippet:-1","max-image-preview":"max-image-preview:large","max-video-preview":"max-video-preview:-1"},"canonical":"https:\/\/www.immobilienbusiness.ch\/fr\/regionen\/2023-04-24\/birsfelden-ubs-sima-plant-holzhochhaus\/","og_locale":"fr_FR","og_type":"article","og_title":"Birsfelden: UBS Sima plant Holzhochhaus - IMMOBILIEN Business","og_description":"Das Projekt in Birsfelden soll eine H\u00f6he von 100 Metern erreichen und vorwiegend f\u00fcr Wohnen genutzt werden. Baustart ist voraussichtlich im 2025.","og_url":"https:\/\/www.immobilienbusiness.ch\/fr\/regionen\/2023-04-24\/birsfelden-ubs-sima-plant-holzhochhaus\/","og_site_name":"IMMOBILIEN Business","article_publisher":"https:\/\/www.facebook.com\/immobilienbusiness\/","article_published_time":"2023-04-24T05:38:51+00:00","article_modified_time":"2023-06-23T02:08:56+00:00","og_image":[{"width":580,"height":432,"url":"https:\/\/www.immobilienbusiness.ch\/wp-content\/uploads\/2023\/04\/sima.jpeg","type":"image\/jpeg"}],"author":"anja.hall","twitter_card":"summary_large_image","twitter_image":"https:\/\/www.immobilienbusiness.ch\/wp-content\/uploads\/2023\/04\/sima.jpeg","schema":{"@context":"https:\/\/schema.org","@graph":[{"@type":"Article","@id":"https:\/\/www.immobilienbusiness.ch\/en\/regionen\/2023-04-24\/birsfelden-ubs-sima-plant-holzhochhaus\/#article","isPartOf":{"@id":"https:\/\/www.immobilienbusiness.ch\/en\/regionen\/2023-04-24\/birsfelden-ubs-sima-plant-holzhochhaus\/"},"author":{"name":"anja.hall","@id":"https:\/\/www.immobilienbusiness.ch\/#\/schema\/person\/3fc036297b10b9f42d6db5ee932af8c8"},"headline":"Birsfelden: UBS Sima plant Holzhochhaus","datePublished":"2023-04-24T05:38:51+00:00","dateModified":"2023-06-23T02:08:56+00:00","mainEntityOfPage":{"@id":"https:\/\/www.immobilienbusiness.ch\/en\/regionen\/2023-04-24\/birsfelden-ubs-sima-plant-holzhochhaus\/"},"wordCount":170,"publisher":{"@id":"https:\/\/www.immobilienbusiness.ch\/#organization"},"image":{"@id":"https:\/\/www.immobilienbusiness.ch\/en\/regionen\/2023-04-24\/birsfelden-ubs-sima-plant-holzhochhaus\/#primaryimage"},"thumbnailUrl":"https:\/\/www.immobilienbusiness.ch\/wp-content\/uploads\/2023\/04\/sima.jpeg","keywords":["Basel-Landschaft","Hochhaus","Projekt in Planung","UBS Sima"],"articleSection":["REGIONEN"],"inLanguage":"fr-FR"},{"@type":"WebPage","@id":"https:\/\/www.immobilienbusiness.ch\/en\/regionen\/2023-04-24\/birsfelden-ubs-sima-plant-holzhochhaus\/","url":"https:\/\/www.immobilienbusiness.ch\/en\/regionen\/2023-04-24\/birsfelden-ubs-sima-plant-holzhochhaus\/","name":"Birsfelden: UBS Sima plant Holzhochhaus - IMMOBILIEN Business","isPartOf":{"@id":"https:\/\/www.immobilienbusiness.ch\/#website"},"primaryImageOfPage":{"@id":"https:\/\/www.immobilienbusiness.ch\/en\/regionen\/2023-04-24\/birsfelden-ubs-sima-plant-holzhochhaus\/#primaryimage"},"image":{"@id":"https:\/\/www.immobilienbusiness.ch\/en\/regionen\/2023-04-24\/birsfelden-ubs-sima-plant-holzhochhaus\/#primaryimage"},"thumbnailUrl":"https:\/\/www.immobilienbusiness.ch\/wp-content\/uploads\/2023\/04\/sima.jpeg","datePublished":"2023-04-24T05:38:51+00:00","dateModified":"2023-06-23T02:08:56+00:00","description":"Das Projekt in Birsfelden soll eine H\u00f6he von 100 Metern erreichen und vorwiegend f\u00fcr Wohnen genutzt werden. Baustart ist voraussichtlich im 2025.","breadcrumb":{"@id":"https:\/\/www.immobilienbusiness.ch\/en\/regionen\/2023-04-24\/birsfelden-ubs-sima-plant-holzhochhaus\/#breadcrumb"},"inLanguage":"fr-FR","potentialAction":[{"@type":"ReadAction","target":["https:\/\/www.immobilienbusiness.ch\/en\/regionen\/2023-04-24\/birsfelden-ubs-sima-plant-holzhochhaus\/"]}]},{"@type":"ImageObject","inLanguage":"fr-FR","@id":"https:\/\/www.immobilienbusiness.ch\/en\/regionen\/2023-04-24\/birsfelden-ubs-sima-plant-holzhochhaus\/#primaryimage","url":"https:\/\/www.immobilienbusiness.ch\/wp-content\/uploads\/2023\/04\/sima.jpeg","contentUrl":"https:\/\/www.immobilienbusiness.ch\/wp-content\/uploads\/2023\/04\/sima.jpeg","width":580,"height":432,"caption":"Ein spektakul\u00e4res Projekt, das der Fonds \u00abSima\u00bb plant: Holzhochhaus in Birsfelden (Visualisierung: \u00a9 UBS)"},{"@type":"BreadcrumbList","@id":"https:\/\/www.immobilienbusiness.ch\/en\/regionen\/2023-04-24\/birsfelden-ubs-sima-plant-holzhochhaus\/#breadcrumb","itemListElement":[{"@type":"ListItem","position":1,"name":"Home","item":"https:\/\/www.immobilienbusiness.ch\/"},{"@type":"ListItem","position":2,"name":"Birsfelden: UBS Sima plant Holzhochhaus"}]},{"@type":"WebSite","@id":"https:\/\/www.immobilienbusiness.ch\/#website","url":"https:\/\/www.immobilienbusiness.ch\/","name":"IMMOBILIER Business","description":"Magazine \u00e9conomique suisse ind\u00e9pendant ax\u00e9 sur l'immobilier, l'architecture et la construction ainsi que sur les investissements et le financement.","publisher":{"@id":"https:\/\/www.immobilienbusiness.ch\/#organization"},"potentialAction":[{"@type":"SearchAction","target":{"@type":"EntryPoint","urlTemplate":"https:\/\/www.immobilienbusiness.ch\/?s={search_term_string}"},"query-input":{"@type":"PropertyValueSpecification","valueRequired":true,"valueName":"search_term_string"}}],"inLanguage":"fr-FR"},{"@type":"Organization","@id":"https:\/\/www.immobilienbusiness.ch\/#organization","name":"IMMOBILIER Business","url":"https:\/\/www.immobilienbusiness.ch\/","logo":{"@type":"ImageObject","inLanguage":"fr-FR","@id":"https:\/\/www.immobilienbusiness.ch\/#\/schema\/logo\/image\/","url":"https:\/\/www.immobilienbusiness.ch\/wp-content\/uploads\/2021\/07\/logo_ib.png","contentUrl":"https:\/\/www.immobilienbusiness.ch\/wp-content\/uploads\/2021\/07\/logo_ib.png","width":800,"height":181,"caption":"IMMOBILIEN Business"},"image":{"@id":"https:\/\/www.immobilienbusiness.ch\/#\/schema\/logo\/image\/"},"sameAs":["https:\/\/www.facebook.com\/immobilienbusiness\/"]},{"@type":"Person","@id":"https:\/\/www.immobilienbusiness.ch\/#\/schema\/person\/3fc036297b10b9f42d6db5ee932af8c8","name":"anja.hall","image":{"@type":"ImageObject","inLanguage":"fr-FR","@id":"https:\/\/secure.gravatar.com\/avatar\/066b5a0d447013502c71a5782f4f3469f03cfe595cc2329fb94652fe47511bfb?s=96&d=mm&r=g","url":"https:\/\/secure.gravatar.com\/avatar\/066b5a0d447013502c71a5782f4f3469f03cfe595cc2329fb94652fe47511bfb?s=96&d=mm&r=g","contentUrl":"https:\/\/secure.gravatar.com\/avatar\/066b5a0d447013502c71a5782f4f3469f03cfe595cc2329fb94652fe47511bfb?s=96&d=mm&r=g","caption":"anja.hall"},"url":"https:\/\/www.immobilienbusiness.ch\/fr\/author\/anja-hall\/"}]}},"_links":{"self":[{"href":"https:\/\/www.immobilienbusiness.ch\/fr\/wp-json\/wp\/v2\/posts\/46757","targetHints":{"allow":["GET"]}}],"collection":[{"href":"https:\/\/www.immobilienbusiness.ch\/fr\/wp-json\/wp\/v2\/posts"}],"about":[{"href":"https:\/\/www.immobilienbusiness.ch\/fr\/wp-json\/wp\/v2\/types\/post"}],"author":[{"embeddable":true,"href":"https:\/\/www.immobilienbusiness.ch\/fr\/wp-json\/wp\/v2\/users\/3"}],"replies":[{"embeddable":true,"href":"https:\/\/www.immobilienbusiness.ch\/fr\/wp-json\/wp\/v2\/comments?post=46757"}],"version-history":[{"count":3,"href":"https:\/\/www.immobilienbusiness.ch\/fr\/wp-json\/wp\/v2\/posts\/46757\/revisions"}],"predecessor-version":[{"id":47704,"href":"https:\/\/www.immobilienbusiness.ch\/fr\/wp-json\/wp\/v2\/posts\/46757\/revisions\/47704"}],"wp:featuredmedia":[{"embeddable":true,"href":"https:\/\/www.immobilienbusiness.ch\/fr\/wp-json\/wp\/v2\/media\/46758"}],"wp:attachment":[{"href":"https:\/\/www.immobilienbusiness.ch\/fr\/wp-json\/wp\/v2\/media?parent=46757"}],"wp:term":[{"taxonomy":"category","embeddable":true,"href":"https:\/\/www.immobilienbusiness.ch\/fr\/wp-json\/wp\/v2\/categories?post=46757"},{"taxonomy":"post_tag","embeddable":true,"href":"https:\/\/www.immobilienbusiness.ch\/fr\/wp-json\/wp\/v2\/tags?post=46757"}],"curies":[{"name":"wp","href":"https:\/\/api.w.org\/{rel}","templated":true}]}}