{"id":465,"date":"2020-06-23T11:23:00","date_gmt":"2020-06-23T09:23:00","guid":{"rendered":"https:\/\/develop.immobilienbusiness.ch\/de\/allgemein\/2020-06-23\/genf-allianz-kauft-wohnungsbauprojekt\/"},"modified":"2023-07-20T11:05:53","modified_gmt":"2023-07-20T09:05:53","slug":"genf-allianz-kauft-wohnungsbauprojekt","status":"publish","type":"post","link":"https:\/\/www.immobilienbusiness.ch\/fr\/ib\/2020-06-23\/genf-allianz-kauft-wohnungsbauprojekt\/","title":{"rendered":"Gen\u00e8ve : Allianz ach\u00e8te un projet de construction de logements"},"content":{"rendered":"<div class=\"swpm-post-not-logged-in-msg\">Vous devez \u00eatre connect\u00e9 pour voir ce contenu. Veuillez consulter <a class=\"swpm-login-link\" href=\"https:\/\/www.immobilienbusiness.ch\/fr\/login\/?swpm_redirect_to=https%3A%2F%2Fwww.immobilienbusiness.ch%2Ffr%2Fwp-json%2Fwp%2Fv2%2Fposts%2F465\">Connexion<\/a>. Vous n'\u00eates pas membre ? <a href=\"https:\/\/www.immobilienbusiness.ch\/fr\/registrieren\/\">Nous Rejoindre<\/a><\/div>","protected":false},"excerpt":{"rendered":"<p>Dans la banlieue genevoise de Bellevue, 300 nouveaux logements sont actuellement en cours de construction dans le cadre du projet \"Les Hauts du Ch\u00e2teau\". Allianz Suisse Immobilier s'est assur\u00e9 la propri\u00e9t\u00e9 du lotissement.<\/p>","protected":false},"author":4,"featured_media":0,"comment_status":"closed","ping_status":"closed","sticky":false,"template":"","format":"standard","meta":{"_acf_changed":false,"_yoast_wpseo_focuskw":"Allianz","_yoast_wpseo_title":"","_yoast_wpseo_metadesc":"Im Genfer Vorort Bellevue entstehen derzeit im Rahmen der Projektentwicklung \u00abLes Hauts du Ch\u00e2teau\u00bb 300 neue Wohnungen. Allianz \u00adSuisse Immobilien hat sich die \u00dcberbauung gesichert.","_yoast_wpseo_linkdex":59,"pgc_sgb_lightbox_settings":"","footnotes":""},"categories":[1951],"tags":[1046,1972,1991,1988,1964,1955,1989],"class_list":["post-465","post","type-post","status-publish","format-standard","hentry","category-ib","tag-asset-manager","tag-einzel-objekt","tag-forward-funding-forward-purchase","tag-ge","tag-in-bau","tag-mehrfamilienhaus-miete","tag-wohn-und-gewerbeimmobilie"],"acf":[],"yoast_head":"<!-- This site is optimized with the Yoast SEO plugin v27.5 - https:\/\/yoast.com\/product\/yoast-seo-wordpress\/ -->\n<title>Genf: Allianz kauft Wohnungsbauprojekt - IMMOBILIEN Business<\/title>\n<meta name=\"description\" content=\"Im Genfer Vorort Bellevue entstehen derzeit im Rahmen der Projektentwicklung \u00abLes Hauts du Ch\u00e2teau\u00bb 300 neue Wohnungen. Allianz \u00adSuisse Immobilien hat sich die \u00dcberbauung gesichert.\" \/>\n<meta name=\"robots\" content=\"index, follow, max-snippet:-1, max-image-preview:large, max-video-preview:-1\" \/>\n<link rel=\"canonical\" href=\"https:\/\/www.immobilienbusiness.ch\/fr\/ib\/2020-06-23\/genf-allianz-kauft-wohnungsbauprojekt\/\" \/>\n<meta property=\"og:locale\" content=\"fr_FR\" \/>\n<meta property=\"og:type\" content=\"article\" \/>\n<meta property=\"og:title\" content=\"Genf: Allianz kauft Wohnungsbauprojekt - IMMOBILIEN Business\" \/>\n<meta property=\"og:description\" content=\"Im Genfer Vorort Bellevue entstehen derzeit im Rahmen der Projektentwicklung \u00abLes Hauts du Ch\u00e2teau\u00bb 300 neue Wohnungen. Allianz \u00adSuisse Immobilien hat sich die \u00dcberbauung gesichert.\" \/>\n<meta property=\"og:url\" content=\"https:\/\/www.immobilienbusiness.ch\/fr\/ib\/2020-06-23\/genf-allianz-kauft-wohnungsbauprojekt\/\" \/>\n<meta property=\"og:site_name\" content=\"IMMOBILIEN Business\" \/>\n<meta property=\"article:publisher\" content=\"https:\/\/www.facebook.com\/immobilienbusiness\/\" \/>\n<meta property=\"article:published_time\" content=\"2020-06-23T09:23:00+00:00\" \/>\n<meta property=\"article:modified_time\" content=\"2023-07-20T09:05:53+00:00\" \/>\n<meta name=\"author\" content=\"mathias.rinka\" \/>\n<meta name=\"twitter:card\" content=\"summary_large_image\" \/>\n<script type=\"application\/ld+json\" class=\"yoast-schema-graph\">{\"@context\":\"https:\\\/\\\/schema.org\",\"@graph\":[{\"@type\":\"Article\",\"@id\":\"https:\\\/\\\/www.immobilienbusiness.ch\\\/it\\\/ib\\\/2020-06-23\\\/genf-allianz-kauft-wohnungsbauprojekt\\\/#article\",\"isPartOf\":{\"@id\":\"https:\\\/\\\/www.immobilienbusiness.ch\\\/it\\\/ib\\\/2020-06-23\\\/genf-allianz-kauft-wohnungsbauprojekt\\\/\"},\"author\":{\"name\":\"mathias.rinka\",\"@id\":\"https:\\\/\\\/www.immobilienbusiness.ch\\\/#\\\/schema\\\/person\\\/31be7383261ea656cfe52cad71fdc211\"},\"headline\":\"Genf: Allianz kauft Wohnungsbauprojekt\",\"datePublished\":\"2020-06-23T09:23:00+00:00\",\"dateModified\":\"2023-07-20T09:05:53+00:00\",\"mainEntityOfPage\":{\"@id\":\"https:\\\/\\\/www.immobilienbusiness.ch\\\/it\\\/ib\\\/2020-06-23\\\/genf-allianz-kauft-wohnungsbauprojekt\\\/\"},\"wordCount\":340,\"publisher\":{\"@id\":\"https:\\\/\\\/www.immobilienbusiness.ch\\\/#organization\"},\"keywords\":[\"Asset Manager\",\"Einzel-Objekt\",\"Forward Funding\\\/Forward Purchase\",\"GE\",\"in Bau\",\"Mehrfamilienhaus Miete\",\"Wohn- und Gewerbeimmobilie\"],\"articleSection\":[\"IB+\"],\"inLanguage\":\"fr-FR\"},{\"@type\":\"WebPage\",\"@id\":\"https:\\\/\\\/www.immobilienbusiness.ch\\\/it\\\/ib\\\/2020-06-23\\\/genf-allianz-kauft-wohnungsbauprojekt\\\/\",\"url\":\"https:\\\/\\\/www.immobilienbusiness.ch\\\/it\\\/ib\\\/2020-06-23\\\/genf-allianz-kauft-wohnungsbauprojekt\\\/\",\"name\":\"Genf: Allianz kauft Wohnungsbauprojekt - IMMOBILIEN Business\",\"isPartOf\":{\"@id\":\"https:\\\/\\\/www.immobilienbusiness.ch\\\/#website\"},\"datePublished\":\"2020-06-23T09:23:00+00:00\",\"dateModified\":\"2023-07-20T09:05:53+00:00\",\"description\":\"Im Genfer Vorort Bellevue entstehen derzeit im Rahmen der Projektentwicklung \u00abLes Hauts du Ch\u00e2teau\u00bb 300 neue Wohnungen. Allianz \u00adSuisse Immobilien hat sich die \u00dcberbauung gesichert.\",\"breadcrumb\":{\"@id\":\"https:\\\/\\\/www.immobilienbusiness.ch\\\/it\\\/ib\\\/2020-06-23\\\/genf-allianz-kauft-wohnungsbauprojekt\\\/#breadcrumb\"},\"inLanguage\":\"fr-FR\",\"potentialAction\":[{\"@type\":\"ReadAction\",\"target\":[\"https:\\\/\\\/www.immobilienbusiness.ch\\\/it\\\/ib\\\/2020-06-23\\\/genf-allianz-kauft-wohnungsbauprojekt\\\/\"]}]},{\"@type\":\"BreadcrumbList\",\"@id\":\"https:\\\/\\\/www.immobilienbusiness.ch\\\/it\\\/ib\\\/2020-06-23\\\/genf-allianz-kauft-wohnungsbauprojekt\\\/#breadcrumb\",\"itemListElement\":[{\"@type\":\"ListItem\",\"position\":1,\"name\":\"Home\",\"item\":\"https:\\\/\\\/www.immobilienbusiness.ch\\\/\"},{\"@type\":\"ListItem\",\"position\":2,\"name\":\"Genf: Allianz kauft Wohnungsbauprojekt\"}]},{\"@type\":\"WebSite\",\"@id\":\"https:\\\/\\\/www.immobilienbusiness.ch\\\/#website\",\"url\":\"https:\\\/\\\/www.immobilienbusiness.ch\\\/\",\"name\":\"IMMOBILIEN Business\",\"description\":\"Unabh\u00e4ngiges Schweizer Wirtschaftsmagazin mit Fokus auf Immobilien, Architektur- und Bau sowie Investment- und Finanzierung.\",\"publisher\":{\"@id\":\"https:\\\/\\\/www.immobilienbusiness.ch\\\/#organization\"},\"potentialAction\":[{\"@type\":\"SearchAction\",\"target\":{\"@type\":\"EntryPoint\",\"urlTemplate\":\"https:\\\/\\\/www.immobilienbusiness.ch\\\/?s={search_term_string}\"},\"query-input\":{\"@type\":\"PropertyValueSpecification\",\"valueRequired\":true,\"valueName\":\"search_term_string\"}}],\"inLanguage\":\"fr-FR\"},{\"@type\":\"Organization\",\"@id\":\"https:\\\/\\\/www.immobilienbusiness.ch\\\/#organization\",\"name\":\"IMMOBILIEN Business\",\"url\":\"https:\\\/\\\/www.immobilienbusiness.ch\\\/\",\"logo\":{\"@type\":\"ImageObject\",\"inLanguage\":\"fr-FR\",\"@id\":\"https:\\\/\\\/www.immobilienbusiness.ch\\\/#\\\/schema\\\/logo\\\/image\\\/\",\"url\":\"https:\\\/\\\/www.immobilienbusiness.ch\\\/wp-content\\\/uploads\\\/2021\\\/07\\\/logo_ib.png\",\"contentUrl\":\"https:\\\/\\\/www.immobilienbusiness.ch\\\/wp-content\\\/uploads\\\/2021\\\/07\\\/logo_ib.png\",\"width\":800,\"height\":181,\"caption\":\"IMMOBILIEN Business\"},\"image\":{\"@id\":\"https:\\\/\\\/www.immobilienbusiness.ch\\\/#\\\/schema\\\/logo\\\/image\\\/\"},\"sameAs\":[\"https:\\\/\\\/www.facebook.com\\\/immobilienbusiness\\\/\"]},{\"@type\":\"Person\",\"@id\":\"https:\\\/\\\/www.immobilienbusiness.ch\\\/#\\\/schema\\\/person\\\/31be7383261ea656cfe52cad71fdc211\",\"name\":\"mathias.rinka\",\"image\":{\"@type\":\"ImageObject\",\"inLanguage\":\"fr-FR\",\"@id\":\"https:\\\/\\\/secure.gravatar.com\\\/avatar\\\/?s=96&d=mm&r=g\",\"url\":\"https:\\\/\\\/secure.gravatar.com\\\/avatar\\\/?s=96&d=mm&r=g\",\"contentUrl\":\"https:\\\/\\\/secure.gravatar.com\\\/avatar\\\/?s=96&d=mm&r=g\",\"caption\":\"mathias.rinka\"},\"url\":\"https:\\\/\\\/www.immobilienbusiness.ch\\\/fr\\\/author\\\/mathias-rinka\\\/\"}]}<\/script>\n<!-- \/ Yoast SEO plugin. -->","yoast_head_json":{"title":"Genf: Allianz kauft Wohnungsbauprojekt - IMMOBILIEN Business","description":"Dans la banlieue genevoise de Bellevue, 300 nouveaux logements sont actuellement en cours de construction dans le cadre du projet \"Les Hauts du Ch\u00e2teau\". Allianz Suisse Immobilier s'est assur\u00e9 la propri\u00e9t\u00e9 du lotissement.","robots":{"index":"index","follow":"follow","max-snippet":"max-snippet:-1","max-image-preview":"max-image-preview:large","max-video-preview":"max-video-preview:-1"},"canonical":"https:\/\/www.immobilienbusiness.ch\/fr\/ib\/2020-06-23\/genf-allianz-kauft-wohnungsbauprojekt\/","og_locale":"fr_FR","og_type":"article","og_title":"Genf: Allianz kauft Wohnungsbauprojekt - IMMOBILIEN Business","og_description":"Im Genfer Vorort Bellevue entstehen derzeit im Rahmen der Projektentwicklung \u00abLes Hauts du Ch\u00e2teau\u00bb 300 neue Wohnungen. Allianz \u00adSuisse Immobilien hat sich die \u00dcberbauung gesichert.","og_url":"https:\/\/www.immobilienbusiness.ch\/fr\/ib\/2020-06-23\/genf-allianz-kauft-wohnungsbauprojekt\/","og_site_name":"IMMOBILIEN Business","article_publisher":"https:\/\/www.facebook.com\/immobilienbusiness\/","article_published_time":"2020-06-23T09:23:00+00:00","article_modified_time":"2023-07-20T09:05:53+00:00","author":"mathias.rinka","twitter_card":"summary_large_image","schema":{"@context":"https:\/\/schema.org","@graph":[{"@type":"Article","@id":"https:\/\/www.immobilienbusiness.ch\/it\/ib\/2020-06-23\/genf-allianz-kauft-wohnungsbauprojekt\/#article","isPartOf":{"@id":"https:\/\/www.immobilienbusiness.ch\/it\/ib\/2020-06-23\/genf-allianz-kauft-wohnungsbauprojekt\/"},"author":{"name":"mathias.rinka","@id":"https:\/\/www.immobilienbusiness.ch\/#\/schema\/person\/31be7383261ea656cfe52cad71fdc211"},"headline":"Genf: Allianz kauft Wohnungsbauprojekt","datePublished":"2020-06-23T09:23:00+00:00","dateModified":"2023-07-20T09:05:53+00:00","mainEntityOfPage":{"@id":"https:\/\/www.immobilienbusiness.ch\/it\/ib\/2020-06-23\/genf-allianz-kauft-wohnungsbauprojekt\/"},"wordCount":340,"publisher":{"@id":"https:\/\/www.immobilienbusiness.ch\/#organization"},"keywords":["Asset Manager","Einzel-Objekt","Forward Funding\/Forward Purchase","GE","in Bau","Mehrfamilienhaus Miete","Wohn- und Gewerbeimmobilie"],"articleSection":["IB+"],"inLanguage":"fr-FR"},{"@type":"WebPage","@id":"https:\/\/www.immobilienbusiness.ch\/it\/ib\/2020-06-23\/genf-allianz-kauft-wohnungsbauprojekt\/","url":"https:\/\/www.immobilienbusiness.ch\/it\/ib\/2020-06-23\/genf-allianz-kauft-wohnungsbauprojekt\/","name":"Genf: Allianz kauft Wohnungsbauprojekt - IMMOBILIEN Business","isPartOf":{"@id":"https:\/\/www.immobilienbusiness.ch\/#website"},"datePublished":"2020-06-23T09:23:00+00:00","dateModified":"2023-07-20T09:05:53+00:00","description":"Dans la banlieue genevoise de Bellevue, 300 nouveaux logements sont actuellement en cours de construction dans le cadre du projet \"Les Hauts du Ch\u00e2teau\". Allianz Suisse Immobilier s'est assur\u00e9 la propri\u00e9t\u00e9 du lotissement.","breadcrumb":{"@id":"https:\/\/www.immobilienbusiness.ch\/it\/ib\/2020-06-23\/genf-allianz-kauft-wohnungsbauprojekt\/#breadcrumb"},"inLanguage":"fr-FR","potentialAction":[{"@type":"ReadAction","target":["https:\/\/www.immobilienbusiness.ch\/it\/ib\/2020-06-23\/genf-allianz-kauft-wohnungsbauprojekt\/"]}]},{"@type":"BreadcrumbList","@id":"https:\/\/www.immobilienbusiness.ch\/it\/ib\/2020-06-23\/genf-allianz-kauft-wohnungsbauprojekt\/#breadcrumb","itemListElement":[{"@type":"ListItem","position":1,"name":"Home","item":"https:\/\/www.immobilienbusiness.ch\/"},{"@type":"ListItem","position":2,"name":"Genf: Allianz kauft Wohnungsbauprojekt"}]},{"@type":"WebSite","@id":"https:\/\/www.immobilienbusiness.ch\/#website","url":"https:\/\/www.immobilienbusiness.ch\/","name":"IMMOBILIER Business","description":"Magazine \u00e9conomique suisse ind\u00e9pendant ax\u00e9 sur l'immobilier, l'architecture et la construction ainsi que sur les investissements et le financement.","publisher":{"@id":"https:\/\/www.immobilienbusiness.ch\/#organization"},"potentialAction":[{"@type":"SearchAction","target":{"@type":"EntryPoint","urlTemplate":"https:\/\/www.immobilienbusiness.ch\/?s={search_term_string}"},"query-input":{"@type":"PropertyValueSpecification","valueRequired":true,"valueName":"search_term_string"}}],"inLanguage":"fr-FR"},{"@type":"Organization","@id":"https:\/\/www.immobilienbusiness.ch\/#organization","name":"IMMOBILIER Business","url":"https:\/\/www.immobilienbusiness.ch\/","logo":{"@type":"ImageObject","inLanguage":"fr-FR","@id":"https:\/\/www.immobilienbusiness.ch\/#\/schema\/logo\/image\/","url":"https:\/\/www.immobilienbusiness.ch\/wp-content\/uploads\/2021\/07\/logo_ib.png","contentUrl":"https:\/\/www.immobilienbusiness.ch\/wp-content\/uploads\/2021\/07\/logo_ib.png","width":800,"height":181,"caption":"IMMOBILIEN Business"},"image":{"@id":"https:\/\/www.immobilienbusiness.ch\/#\/schema\/logo\/image\/"},"sameAs":["https:\/\/www.facebook.com\/immobilienbusiness\/"]},{"@type":"Person","@id":"https:\/\/www.immobilienbusiness.ch\/#\/schema\/person\/31be7383261ea656cfe52cad71fdc211","name":"mathias.rinka","image":{"@type":"ImageObject","inLanguage":"fr-FR","@id":"https:\/\/secure.gravatar.com\/avatar\/?s=96&d=mm&r=g","url":"https:\/\/secure.gravatar.com\/avatar\/?s=96&d=mm&r=g","contentUrl":"https:\/\/secure.gravatar.com\/avatar\/?s=96&d=mm&r=g","caption":"mathias.rinka"},"url":"https:\/\/www.immobilienbusiness.ch\/fr\/author\/mathias-rinka\/"}]}},"_links":{"self":[{"href":"https:\/\/www.immobilienbusiness.ch\/fr\/wp-json\/wp\/v2\/posts\/465","targetHints":{"allow":["GET"]}}],"collection":[{"href":"https:\/\/www.immobilienbusiness.ch\/fr\/wp-json\/wp\/v2\/posts"}],"about":[{"href":"https:\/\/www.immobilienbusiness.ch\/fr\/wp-json\/wp\/v2\/types\/post"}],"author":[{"embeddable":true,"href":"https:\/\/www.immobilienbusiness.ch\/fr\/wp-json\/wp\/v2\/users\/4"}],"replies":[{"embeddable":true,"href":"https:\/\/www.immobilienbusiness.ch\/fr\/wp-json\/wp\/v2\/comments?post=465"}],"version-history":[{"count":1,"href":"https:\/\/www.immobilienbusiness.ch\/fr\/wp-json\/wp\/v2\/posts\/465\/revisions"}],"predecessor-version":[{"id":50833,"href":"https:\/\/www.immobilienbusiness.ch\/fr\/wp-json\/wp\/v2\/posts\/465\/revisions\/50833"}],"wp:attachment":[{"href":"https:\/\/www.immobilienbusiness.ch\/fr\/wp-json\/wp\/v2\/media?parent=465"}],"wp:term":[{"taxonomy":"category","embeddable":true,"href":"https:\/\/www.immobilienbusiness.ch\/fr\/wp-json\/wp\/v2\/categories?post=465"},{"taxonomy":"post_tag","embeddable":true,"href":"https:\/\/www.immobilienbusiness.ch\/fr\/wp-json\/wp\/v2\/tags?post=465"}],"curies":[{"name":"wp","href":"https:\/\/api.w.org\/{rel}","templated":true}]}}