{"id":46426,"date":"2023-03-30T07:19:24","date_gmt":"2023-03-30T05:19:24","guid":{"rendered":"https:\/\/www.immobilienbusiness.ch\/?p=46426"},"modified":"2023-06-23T04:56:37","modified_gmt":"2023-06-23T02:56:37","slug":"andermatt-swiss-alps-schreibt-2022-erstmals-gewinn","status":"publish","type":"post","link":"https:\/\/www.immobilienbusiness.ch\/fr\/unternehmen\/2023-03-30\/andermatt-swiss-alps-schreibt-2022-erstmals-gewinn\/","title":{"rendered":"Andermatt Swiss Alps fera un b\u00e9n\u00e9fice pour la premi\u00e8re fois en 2022"},"content":{"rendered":"<figure id=\"attachment_45455\" aria-describedby=\"caption-attachment-45455\" style=\"width: 540px\" class=\"wp-caption alignnone\"><a href=\"https:\/\/www.immobilienbusiness.ch\/wp-content\/uploads\/2023\/01\/Andermatt-Reuss-im-WKim-Leuenberger.jpg\"><img loading=\"lazy\" decoding=\"async\" class=\"wp-image-45455 size-full\" src=\"https:\/\/www.immobilienbusiness.ch\/wp-content\/uploads\/2023\/01\/Andermatt-Reuss-im-WKim-Leuenberger.jpg\" alt=\"Andermatt Swiss Alps Gruppe\" width=\"540\" height=\"360\" srcset=\"https:\/\/www.immobilienbusiness.ch\/wp-content\/uploads\/2023\/01\/Andermatt-Reuss-im-WKim-Leuenberger.jpg 540w, https:\/\/www.immobilienbusiness.ch\/wp-content\/uploads\/2023\/01\/Andermatt-Reuss-im-WKim-Leuenberger-300x200.jpg 300w, https:\/\/www.immobilienbusiness.ch\/wp-content\/uploads\/2023\/01\/Andermatt-Reuss-im-WKim-Leuenberger-18x12.jpg 18w, https:\/\/www.immobilienbusiness.ch\/wp-content\/uploads\/2023\/01\/Andermatt-Reuss-im-WKim-Leuenberger-375x250.jpg 375w, https:\/\/www.immobilienbusiness.ch\/wp-content\/uploads\/2023\/01\/Andermatt-Reuss-im-WKim-Leuenberger-525x350.jpg 525w\" sizes=\"auto, (max-width: 540px) 100vw, 540px\" \/><\/a><figcaption id=\"caption-attachment-45455\" class=\"wp-caption-text\">Vue sur Andermatt Reuss (Image : Andermatt Swiss Alps)<\/figcaption><\/figure>\n<p>Le groupe Andermatt Swiss Alps (ASA) a r\u00e9alis\u00e9 un chiffre d'affaires de CHF 180,9 millions pour l'exercice 2022 (ann\u00e9e pr\u00e9c\u00e9dente : CHF 180,5 millions) et un b\u00e9n\u00e9fice brut de CHF 42,4 millions. Au final, le groupe affiche \u00e9galement un r\u00e9sultat positif : pour la premi\u00e8re fois depuis sa cr\u00e9ation, le r\u00e9sultat net est positif, indique ASA. Avec le r\u00e9sultat des activit\u00e9s non poursuivies et le b\u00e9n\u00e9fice unique r\u00e9sultant de la vente de la participation dans Andermatt-Sedrun Sport AG \u00e0 Vail Resorts, il en r\u00e9sulte un b\u00e9n\u00e9fice net de 34,3 millions de CHF. L'ann\u00e9e pr\u00e9c\u00e9dente, une perte nette de 8,0 millions de CHF avait \u00e9t\u00e9 enregistr\u00e9e. <span id=\"page66R_mcid5\" class=\"markedContent\"><span dir=\"ltr\" role=\"presentation\">Les ventes immobili\u00e8res ont augment\u00e9 par rapport \u00e0 l'ann\u00e9e pr\u00e9c\u00e9dente<\/span> <span dir=\"ltr\" role=\"presentation\">de 24% \u00e0 151,1 millions de CHF, ce qui constitue un nouveau record. Les deux ann\u00e9es pr\u00e9c\u00e9dentes, les ventes immobili\u00e8res avaient d\u00e9j\u00e0 atteint des valeurs record.<\/span><\/span><\/p>\n<p>\"La croissance continue de la demande \u00e0 Andermatt et la nouvelle augmentation du b\u00e9n\u00e9fice brut malgr\u00e9 un environnement de march\u00e9 difficile sont tr\u00e8s r\u00e9jouissantes\", d\u00e9clare le CEO Raphael Krucker. \"Le fait que nous ayons pu r\u00e9aliser un b\u00e9n\u00e9fice pour la premi\u00e8re fois, y compris le b\u00e9n\u00e9fice unique issu de la transaction avec Vail Resorts, Inc. est une \u00e9tape importante pour le groupe Andermatt Swiss Alps\".<\/p>\n<p>Depuis le lancement du projet en 2007, environ 1,4 milliard de CHF ont \u00e9t\u00e9 investis. Dans les ann\u00e9es \u00e0 venir, d'autres investissements d'environ 500 millions de CHF sont pr\u00e9vus \u00e0 Andermatt et Sedrun, selon ASA. La construction de six immeubles d'appartements ainsi que les premiers travaux pour un nouvel h\u00f4tel lifestyle et sportif sont pr\u00e9vus pour 2023. Dans le quartier du village d'Andermatt Reuss, une nouvelle zone commerciale et de restauration verra le jour d'ici fin 2024. <em>(ah)<\/em><\/p>","protected":false},"excerpt":{"rendered":"<p>Les ventes immobili\u00e8res du groupe Andermatt Swiss Alps ont atteint un nouveau record en 2022. Pour la premi\u00e8re fois depuis sa cr\u00e9ation, le groupe affiche \u00e9galement un b\u00e9n\u00e9fice net.<\/p>","protected":false},"author":3,"featured_media":45455,"comment_status":"closed","ping_status":"closed","sticky":false,"template":"","format":"standard","meta":{"_acf_changed":false,"_yoast_wpseo_focuskw":"Andermatt Swiss Alps Gruppe","_yoast_wpseo_title":"","_yoast_wpseo_metadesc":"Die Immobilienverk\u00e4ufe der Andermatt Swiss Alps Gruppe erreichten 2022 einen neuen H\u00f6chststand. Zum ersten Mal seit ihrer Gr\u00fcndung weist die Gruppe auch einen Nettogewinn aus.","_yoast_wpseo_linkdex":60,"pgc_sgb_lightbox_settings":"","footnotes":""},"categories":[988],"tags":[1026,1389],"class_list":["post-46426","post","type-post","status-publish","format-standard","has-post-thumbnail","hentry","category-unternehmen","tag-andermatt-swiss-alps-ag","tag-jahresergebnis"],"acf":[],"yoast_head":"<!-- This site is optimized with the Yoast SEO plugin v27.4 - https:\/\/yoast.com\/product\/yoast-seo-wordpress\/ -->\n<title>Andermatt Swiss Alps schreibt 2022 erstmals Gewinn - IMMOBILIEN Business<\/title>\n<meta name=\"description\" content=\"Die Immobilienverk\u00e4ufe der Andermatt Swiss Alps Gruppe erreichten 2022 einen neuen H\u00f6chststand. Zum ersten Mal seit ihrer Gr\u00fcndung weist die Gruppe auch einen Nettogewinn aus.\" \/>\n<meta name=\"robots\" content=\"index, follow, max-snippet:-1, max-image-preview:large, max-video-preview:-1\" \/>\n<link rel=\"canonical\" href=\"https:\/\/www.immobilienbusiness.ch\/fr\/unternehmen\/2023-03-30\/andermatt-swiss-alps-schreibt-2022-erstmals-gewinn\/\" \/>\n<meta property=\"og:locale\" content=\"fr_FR\" \/>\n<meta property=\"og:type\" content=\"article\" \/>\n<meta property=\"og:title\" content=\"Andermatt Swiss Alps schreibt 2022 erstmals Gewinn - IMMOBILIEN Business\" \/>\n<meta property=\"og:description\" content=\"Die Immobilienverk\u00e4ufe der Andermatt Swiss Alps Gruppe erreichten 2022 einen neuen H\u00f6chststand. Zum ersten Mal seit ihrer Gr\u00fcndung weist die Gruppe auch einen Nettogewinn aus.\" \/>\n<meta property=\"og:url\" content=\"https:\/\/www.immobilienbusiness.ch\/fr\/unternehmen\/2023-03-30\/andermatt-swiss-alps-schreibt-2022-erstmals-gewinn\/\" \/>\n<meta property=\"og:site_name\" content=\"IMMOBILIEN Business\" \/>\n<meta property=\"article:publisher\" content=\"https:\/\/www.facebook.com\/immobilienbusiness\/\" \/>\n<meta property=\"article:published_time\" content=\"2023-03-30T05:19:24+00:00\" \/>\n<meta property=\"article:modified_time\" content=\"2023-06-23T02:56:37+00:00\" \/>\n<meta property=\"og:image\" content=\"https:\/\/www.immobilienbusiness.ch\/wp-content\/uploads\/2023\/01\/Andermatt-Reuss-im-WKim-Leuenberger.jpg\" \/>\n\t<meta property=\"og:image:width\" content=\"540\" \/>\n\t<meta property=\"og:image:height\" content=\"360\" \/>\n\t<meta property=\"og:image:type\" content=\"image\/jpeg\" \/>\n<meta name=\"author\" content=\"anja.hall\" \/>\n<meta name=\"twitter:card\" content=\"summary_large_image\" \/>\n<meta name=\"twitter:image\" content=\"https:\/\/www.immobilienbusiness.ch\/wp-content\/uploads\/2023\/01\/Andermatt-Reuss-im-WKim-Leuenberger.jpg\" \/>\n<script type=\"application\/ld+json\" class=\"yoast-schema-graph\">{\"@context\":\"https:\\\/\\\/schema.org\",\"@graph\":[{\"@type\":\"Article\",\"@id\":\"https:\\\/\\\/www.immobilienbusiness.ch\\\/unternehmen\\\/2023-03-30\\\/andermatt-swiss-alps-schreibt-2022-erstmals-gewinn\\\/#article\",\"isPartOf\":{\"@id\":\"https:\\\/\\\/www.immobilienbusiness.ch\\\/unternehmen\\\/2023-03-30\\\/andermatt-swiss-alps-schreibt-2022-erstmals-gewinn\\\/\"},\"author\":{\"name\":\"anja.hall\",\"@id\":\"https:\\\/\\\/www.immobilienbusiness.ch\\\/#\\\/schema\\\/person\\\/3fc036297b10b9f42d6db5ee932af8c8\"},\"headline\":\"Andermatt Swiss Alps schreibt 2022 erstmals Gewinn\",\"datePublished\":\"2023-03-30T05:19:24+00:00\",\"dateModified\":\"2023-06-23T02:56:37+00:00\",\"mainEntityOfPage\":{\"@id\":\"https:\\\/\\\/www.immobilienbusiness.ch\\\/unternehmen\\\/2023-03-30\\\/andermatt-swiss-alps-schreibt-2022-erstmals-gewinn\\\/\"},\"wordCount\":255,\"publisher\":{\"@id\":\"https:\\\/\\\/www.immobilienbusiness.ch\\\/#organization\"},\"image\":{\"@id\":\"https:\\\/\\\/www.immobilienbusiness.ch\\\/unternehmen\\\/2023-03-30\\\/andermatt-swiss-alps-schreibt-2022-erstmals-gewinn\\\/#primaryimage\"},\"thumbnailUrl\":\"https:\\\/\\\/www.immobilienbusiness.ch\\\/wp-content\\\/uploads\\\/2023\\\/01\\\/Andermatt-Reuss-im-WKim-Leuenberger.jpg\",\"keywords\":[\"Andermatt Swiss Alps AG\",\"Jahresergebnis\"],\"articleSection\":[\"UNTERNEHMEN\"],\"inLanguage\":\"fr-FR\"},{\"@type\":\"WebPage\",\"@id\":\"https:\\\/\\\/www.immobilienbusiness.ch\\\/unternehmen\\\/2023-03-30\\\/andermatt-swiss-alps-schreibt-2022-erstmals-gewinn\\\/\",\"url\":\"https:\\\/\\\/www.immobilienbusiness.ch\\\/unternehmen\\\/2023-03-30\\\/andermatt-swiss-alps-schreibt-2022-erstmals-gewinn\\\/\",\"name\":\"Andermatt Swiss Alps schreibt 2022 erstmals Gewinn - IMMOBILIEN Business\",\"isPartOf\":{\"@id\":\"https:\\\/\\\/www.immobilienbusiness.ch\\\/#website\"},\"primaryImageOfPage\":{\"@id\":\"https:\\\/\\\/www.immobilienbusiness.ch\\\/unternehmen\\\/2023-03-30\\\/andermatt-swiss-alps-schreibt-2022-erstmals-gewinn\\\/#primaryimage\"},\"image\":{\"@id\":\"https:\\\/\\\/www.immobilienbusiness.ch\\\/unternehmen\\\/2023-03-30\\\/andermatt-swiss-alps-schreibt-2022-erstmals-gewinn\\\/#primaryimage\"},\"thumbnailUrl\":\"https:\\\/\\\/www.immobilienbusiness.ch\\\/wp-content\\\/uploads\\\/2023\\\/01\\\/Andermatt-Reuss-im-WKim-Leuenberger.jpg\",\"datePublished\":\"2023-03-30T05:19:24+00:00\",\"dateModified\":\"2023-06-23T02:56:37+00:00\",\"description\":\"Die Immobilienverk\u00e4ufe der Andermatt Swiss Alps Gruppe erreichten 2022 einen neuen H\u00f6chststand. Zum ersten Mal seit ihrer Gr\u00fcndung weist die Gruppe auch einen Nettogewinn aus.\",\"breadcrumb\":{\"@id\":\"https:\\\/\\\/www.immobilienbusiness.ch\\\/unternehmen\\\/2023-03-30\\\/andermatt-swiss-alps-schreibt-2022-erstmals-gewinn\\\/#breadcrumb\"},\"inLanguage\":\"fr-FR\",\"potentialAction\":[{\"@type\":\"ReadAction\",\"target\":[\"https:\\\/\\\/www.immobilienbusiness.ch\\\/unternehmen\\\/2023-03-30\\\/andermatt-swiss-alps-schreibt-2022-erstmals-gewinn\\\/\"]}]},{\"@type\":\"ImageObject\",\"inLanguage\":\"fr-FR\",\"@id\":\"https:\\\/\\\/www.immobilienbusiness.ch\\\/unternehmen\\\/2023-03-30\\\/andermatt-swiss-alps-schreibt-2022-erstmals-gewinn\\\/#primaryimage\",\"url\":\"https:\\\/\\\/www.immobilienbusiness.ch\\\/wp-content\\\/uploads\\\/2023\\\/01\\\/Andermatt-Reuss-im-WKim-Leuenberger.jpg\",\"contentUrl\":\"https:\\\/\\\/www.immobilienbusiness.ch\\\/wp-content\\\/uploads\\\/2023\\\/01\\\/Andermatt-Reuss-im-WKim-Leuenberger.jpg\",\"width\":540,\"height\":360,\"caption\":\"Andermatt Reuss (Bild: Andermatt Swiss Alps)\"},{\"@type\":\"BreadcrumbList\",\"@id\":\"https:\\\/\\\/www.immobilienbusiness.ch\\\/unternehmen\\\/2023-03-30\\\/andermatt-swiss-alps-schreibt-2022-erstmals-gewinn\\\/#breadcrumb\",\"itemListElement\":[{\"@type\":\"ListItem\",\"position\":1,\"name\":\"Home\",\"item\":\"https:\\\/\\\/www.immobilienbusiness.ch\\\/\"},{\"@type\":\"ListItem\",\"position\":2,\"name\":\"Andermatt Swiss Alps schreibt 2022 erstmals Gewinn\"}]},{\"@type\":\"WebSite\",\"@id\":\"https:\\\/\\\/www.immobilienbusiness.ch\\\/#website\",\"url\":\"https:\\\/\\\/www.immobilienbusiness.ch\\\/\",\"name\":\"IMMOBILIEN Business\",\"description\":\"Unabh\u00e4ngiges Schweizer Wirtschaftsmagazin mit Fokus auf Immobilien, Architektur- und Bau sowie Investment- und Finanzierung.\",\"publisher\":{\"@id\":\"https:\\\/\\\/www.immobilienbusiness.ch\\\/#organization\"},\"potentialAction\":[{\"@type\":\"SearchAction\",\"target\":{\"@type\":\"EntryPoint\",\"urlTemplate\":\"https:\\\/\\\/www.immobilienbusiness.ch\\\/?s={search_term_string}\"},\"query-input\":{\"@type\":\"PropertyValueSpecification\",\"valueRequired\":true,\"valueName\":\"search_term_string\"}}],\"inLanguage\":\"fr-FR\"},{\"@type\":\"Organization\",\"@id\":\"https:\\\/\\\/www.immobilienbusiness.ch\\\/#organization\",\"name\":\"IMMOBILIEN Business\",\"url\":\"https:\\\/\\\/www.immobilienbusiness.ch\\\/\",\"logo\":{\"@type\":\"ImageObject\",\"inLanguage\":\"fr-FR\",\"@id\":\"https:\\\/\\\/www.immobilienbusiness.ch\\\/#\\\/schema\\\/logo\\\/image\\\/\",\"url\":\"https:\\\/\\\/www.immobilienbusiness.ch\\\/wp-content\\\/uploads\\\/2021\\\/07\\\/logo_ib.png\",\"contentUrl\":\"https:\\\/\\\/www.immobilienbusiness.ch\\\/wp-content\\\/uploads\\\/2021\\\/07\\\/logo_ib.png\",\"width\":800,\"height\":181,\"caption\":\"IMMOBILIEN Business\"},\"image\":{\"@id\":\"https:\\\/\\\/www.immobilienbusiness.ch\\\/#\\\/schema\\\/logo\\\/image\\\/\"},\"sameAs\":[\"https:\\\/\\\/www.facebook.com\\\/immobilienbusiness\\\/\"]},{\"@type\":\"Person\",\"@id\":\"https:\\\/\\\/www.immobilienbusiness.ch\\\/#\\\/schema\\\/person\\\/3fc036297b10b9f42d6db5ee932af8c8\",\"name\":\"anja.hall\",\"image\":{\"@type\":\"ImageObject\",\"inLanguage\":\"fr-FR\",\"@id\":\"https:\\\/\\\/secure.gravatar.com\\\/avatar\\\/066b5a0d447013502c71a5782f4f3469f03cfe595cc2329fb94652fe47511bfb?s=96&d=mm&r=g\",\"url\":\"https:\\\/\\\/secure.gravatar.com\\\/avatar\\\/066b5a0d447013502c71a5782f4f3469f03cfe595cc2329fb94652fe47511bfb?s=96&d=mm&r=g\",\"contentUrl\":\"https:\\\/\\\/secure.gravatar.com\\\/avatar\\\/066b5a0d447013502c71a5782f4f3469f03cfe595cc2329fb94652fe47511bfb?s=96&d=mm&r=g\",\"caption\":\"anja.hall\"},\"url\":\"https:\\\/\\\/www.immobilienbusiness.ch\\\/fr\\\/author\\\/anja-hall\\\/\"}]}<\/script>\n<!-- \/ Yoast SEO plugin. -->","yoast_head_json":{"title":"Andermatt Swiss Alps schreibt 2022 erstmals Gewinn - IMMOBILIEN Business","description":"Les ventes immobili\u00e8res du groupe Andermatt Swiss Alps ont atteint un nouveau record en 2022. Pour la premi\u00e8re fois depuis sa cr\u00e9ation, le groupe affiche \u00e9galement un b\u00e9n\u00e9fice net.","robots":{"index":"index","follow":"follow","max-snippet":"max-snippet:-1","max-image-preview":"max-image-preview:large","max-video-preview":"max-video-preview:-1"},"canonical":"https:\/\/www.immobilienbusiness.ch\/fr\/unternehmen\/2023-03-30\/andermatt-swiss-alps-schreibt-2022-erstmals-gewinn\/","og_locale":"fr_FR","og_type":"article","og_title":"Andermatt Swiss Alps schreibt 2022 erstmals Gewinn - IMMOBILIEN Business","og_description":"Die Immobilienverk\u00e4ufe der Andermatt Swiss Alps Gruppe erreichten 2022 einen neuen H\u00f6chststand. Zum ersten Mal seit ihrer Gr\u00fcndung weist die Gruppe auch einen Nettogewinn aus.","og_url":"https:\/\/www.immobilienbusiness.ch\/fr\/unternehmen\/2023-03-30\/andermatt-swiss-alps-schreibt-2022-erstmals-gewinn\/","og_site_name":"IMMOBILIEN Business","article_publisher":"https:\/\/www.facebook.com\/immobilienbusiness\/","article_published_time":"2023-03-30T05:19:24+00:00","article_modified_time":"2023-06-23T02:56:37+00:00","og_image":[{"width":540,"height":360,"url":"https:\/\/www.immobilienbusiness.ch\/wp-content\/uploads\/2023\/01\/Andermatt-Reuss-im-WKim-Leuenberger.jpg","type":"image\/jpeg"}],"author":"anja.hall","twitter_card":"summary_large_image","twitter_image":"https:\/\/www.immobilienbusiness.ch\/wp-content\/uploads\/2023\/01\/Andermatt-Reuss-im-WKim-Leuenberger.jpg","schema":{"@context":"https:\/\/schema.org","@graph":[{"@type":"Article","@id":"https:\/\/www.immobilienbusiness.ch\/unternehmen\/2023-03-30\/andermatt-swiss-alps-schreibt-2022-erstmals-gewinn\/#article","isPartOf":{"@id":"https:\/\/www.immobilienbusiness.ch\/unternehmen\/2023-03-30\/andermatt-swiss-alps-schreibt-2022-erstmals-gewinn\/"},"author":{"name":"anja.hall","@id":"https:\/\/www.immobilienbusiness.ch\/#\/schema\/person\/3fc036297b10b9f42d6db5ee932af8c8"},"headline":"Andermatt Swiss Alps schreibt 2022 erstmals Gewinn","datePublished":"2023-03-30T05:19:24+00:00","dateModified":"2023-06-23T02:56:37+00:00","mainEntityOfPage":{"@id":"https:\/\/www.immobilienbusiness.ch\/unternehmen\/2023-03-30\/andermatt-swiss-alps-schreibt-2022-erstmals-gewinn\/"},"wordCount":255,"publisher":{"@id":"https:\/\/www.immobilienbusiness.ch\/#organization"},"image":{"@id":"https:\/\/www.immobilienbusiness.ch\/unternehmen\/2023-03-30\/andermatt-swiss-alps-schreibt-2022-erstmals-gewinn\/#primaryimage"},"thumbnailUrl":"https:\/\/www.immobilienbusiness.ch\/wp-content\/uploads\/2023\/01\/Andermatt-Reuss-im-WKim-Leuenberger.jpg","keywords":["Andermatt Swiss Alps AG","Jahresergebnis"],"articleSection":["UNTERNEHMEN"],"inLanguage":"fr-FR"},{"@type":"WebPage","@id":"https:\/\/www.immobilienbusiness.ch\/unternehmen\/2023-03-30\/andermatt-swiss-alps-schreibt-2022-erstmals-gewinn\/","url":"https:\/\/www.immobilienbusiness.ch\/unternehmen\/2023-03-30\/andermatt-swiss-alps-schreibt-2022-erstmals-gewinn\/","name":"Andermatt Swiss Alps schreibt 2022 erstmals Gewinn - IMMOBILIEN Business","isPartOf":{"@id":"https:\/\/www.immobilienbusiness.ch\/#website"},"primaryImageOfPage":{"@id":"https:\/\/www.immobilienbusiness.ch\/unternehmen\/2023-03-30\/andermatt-swiss-alps-schreibt-2022-erstmals-gewinn\/#primaryimage"},"image":{"@id":"https:\/\/www.immobilienbusiness.ch\/unternehmen\/2023-03-30\/andermatt-swiss-alps-schreibt-2022-erstmals-gewinn\/#primaryimage"},"thumbnailUrl":"https:\/\/www.immobilienbusiness.ch\/wp-content\/uploads\/2023\/01\/Andermatt-Reuss-im-WKim-Leuenberger.jpg","datePublished":"2023-03-30T05:19:24+00:00","dateModified":"2023-06-23T02:56:37+00:00","description":"Les ventes immobili\u00e8res du groupe Andermatt Swiss Alps ont atteint un nouveau record en 2022. Pour la premi\u00e8re fois depuis sa cr\u00e9ation, le groupe affiche \u00e9galement un b\u00e9n\u00e9fice net.","breadcrumb":{"@id":"https:\/\/www.immobilienbusiness.ch\/unternehmen\/2023-03-30\/andermatt-swiss-alps-schreibt-2022-erstmals-gewinn\/#breadcrumb"},"inLanguage":"fr-FR","potentialAction":[{"@type":"ReadAction","target":["https:\/\/www.immobilienbusiness.ch\/unternehmen\/2023-03-30\/andermatt-swiss-alps-schreibt-2022-erstmals-gewinn\/"]}]},{"@type":"ImageObject","inLanguage":"fr-FR","@id":"https:\/\/www.immobilienbusiness.ch\/unternehmen\/2023-03-30\/andermatt-swiss-alps-schreibt-2022-erstmals-gewinn\/#primaryimage","url":"https:\/\/www.immobilienbusiness.ch\/wp-content\/uploads\/2023\/01\/Andermatt-Reuss-im-WKim-Leuenberger.jpg","contentUrl":"https:\/\/www.immobilienbusiness.ch\/wp-content\/uploads\/2023\/01\/Andermatt-Reuss-im-WKim-Leuenberger.jpg","width":540,"height":360,"caption":"Andermatt Reuss (Bild: Andermatt Swiss Alps)"},{"@type":"BreadcrumbList","@id":"https:\/\/www.immobilienbusiness.ch\/unternehmen\/2023-03-30\/andermatt-swiss-alps-schreibt-2022-erstmals-gewinn\/#breadcrumb","itemListElement":[{"@type":"ListItem","position":1,"name":"Home","item":"https:\/\/www.immobilienbusiness.ch\/"},{"@type":"ListItem","position":2,"name":"Andermatt Swiss Alps schreibt 2022 erstmals Gewinn"}]},{"@type":"WebSite","@id":"https:\/\/www.immobilienbusiness.ch\/#website","url":"https:\/\/www.immobilienbusiness.ch\/","name":"IMMOBILIER Business","description":"Magazine \u00e9conomique suisse ind\u00e9pendant ax\u00e9 sur l'immobilier, l'architecture et la construction ainsi que sur les investissements et le financement.","publisher":{"@id":"https:\/\/www.immobilienbusiness.ch\/#organization"},"potentialAction":[{"@type":"SearchAction","target":{"@type":"EntryPoint","urlTemplate":"https:\/\/www.immobilienbusiness.ch\/?s={search_term_string}"},"query-input":{"@type":"PropertyValueSpecification","valueRequired":true,"valueName":"search_term_string"}}],"inLanguage":"fr-FR"},{"@type":"Organization","@id":"https:\/\/www.immobilienbusiness.ch\/#organization","name":"IMMOBILIER Business","url":"https:\/\/www.immobilienbusiness.ch\/","logo":{"@type":"ImageObject","inLanguage":"fr-FR","@id":"https:\/\/www.immobilienbusiness.ch\/#\/schema\/logo\/image\/","url":"https:\/\/www.immobilienbusiness.ch\/wp-content\/uploads\/2021\/07\/logo_ib.png","contentUrl":"https:\/\/www.immobilienbusiness.ch\/wp-content\/uploads\/2021\/07\/logo_ib.png","width":800,"height":181,"caption":"IMMOBILIEN Business"},"image":{"@id":"https:\/\/www.immobilienbusiness.ch\/#\/schema\/logo\/image\/"},"sameAs":["https:\/\/www.facebook.com\/immobilienbusiness\/"]},{"@type":"Person","@id":"https:\/\/www.immobilienbusiness.ch\/#\/schema\/person\/3fc036297b10b9f42d6db5ee932af8c8","name":"anja.hall","image":{"@type":"ImageObject","inLanguage":"fr-FR","@id":"https:\/\/secure.gravatar.com\/avatar\/066b5a0d447013502c71a5782f4f3469f03cfe595cc2329fb94652fe47511bfb?s=96&d=mm&r=g","url":"https:\/\/secure.gravatar.com\/avatar\/066b5a0d447013502c71a5782f4f3469f03cfe595cc2329fb94652fe47511bfb?s=96&d=mm&r=g","contentUrl":"https:\/\/secure.gravatar.com\/avatar\/066b5a0d447013502c71a5782f4f3469f03cfe595cc2329fb94652fe47511bfb?s=96&d=mm&r=g","caption":"anja.hall"},"url":"https:\/\/www.immobilienbusiness.ch\/fr\/author\/anja-hall\/"}]}},"_links":{"self":[{"href":"https:\/\/www.immobilienbusiness.ch\/fr\/wp-json\/wp\/v2\/posts\/46426","targetHints":{"allow":["GET"]}}],"collection":[{"href":"https:\/\/www.immobilienbusiness.ch\/fr\/wp-json\/wp\/v2\/posts"}],"about":[{"href":"https:\/\/www.immobilienbusiness.ch\/fr\/wp-json\/wp\/v2\/types\/post"}],"author":[{"embeddable":true,"href":"https:\/\/www.immobilienbusiness.ch\/fr\/wp-json\/wp\/v2\/users\/3"}],"replies":[{"embeddable":true,"href":"https:\/\/www.immobilienbusiness.ch\/fr\/wp-json\/wp\/v2\/comments?post=46426"}],"version-history":[{"count":5,"href":"https:\/\/www.immobilienbusiness.ch\/fr\/wp-json\/wp\/v2\/posts\/46426\/revisions"}],"predecessor-version":[{"id":47781,"href":"https:\/\/www.immobilienbusiness.ch\/fr\/wp-json\/wp\/v2\/posts\/46426\/revisions\/47781"}],"wp:featuredmedia":[{"embeddable":true,"href":"https:\/\/www.immobilienbusiness.ch\/fr\/wp-json\/wp\/v2\/media\/45455"}],"wp:attachment":[{"href":"https:\/\/www.immobilienbusiness.ch\/fr\/wp-json\/wp\/v2\/media?parent=46426"}],"wp:term":[{"taxonomy":"category","embeddable":true,"href":"https:\/\/www.immobilienbusiness.ch\/fr\/wp-json\/wp\/v2\/categories?post=46426"},{"taxonomy":"post_tag","embeddable":true,"href":"https:\/\/www.immobilienbusiness.ch\/fr\/wp-json\/wp\/v2\/tags?post=46426"}],"curies":[{"name":"wp","href":"https:\/\/api.w.org\/{rel}","templated":true}]}}