{"id":46340,"date":"2023-03-27T07:45:34","date_gmt":"2023-03-27T05:45:34","guid":{"rendered":"https:\/\/www.immobilienbusiness.ch\/?p=46340"},"modified":"2023-03-29T09:23:15","modified_gmt":"2023-03-29T07:23:15","slug":"jessica-brackmann-verlaesst-procimmo","status":"publish","type":"post","link":"https:\/\/www.immobilienbusiness.ch\/fr\/personalia\/2023-03-27\/jessica-brackmann-verlaesst-procimmo\/","title":{"rendered":"Jessica Brackmann quitte Procimmo"},"content":{"rendered":"<figure id=\"attachment_46341\" aria-describedby=\"caption-attachment-46341\" style=\"width: 905px\" class=\"wp-caption alignnone\"><a href=\"https:\/\/www.immobilienbusiness.ch\/wp-content\/uploads\/2023\/03\/LinkedIn_Portrait_JBR_BBY_2.jpg\"><img loading=\"lazy\" decoding=\"async\" class=\"size-full wp-image-46341\" src=\"https:\/\/www.immobilienbusiness.ch\/wp-content\/uploads\/2023\/03\/LinkedIn_Portrait_JBR_BBY_2.jpg\" alt=\"\" width=\"905\" height=\"603\" srcset=\"https:\/\/www.immobilienbusiness.ch\/wp-content\/uploads\/2023\/03\/LinkedIn_Portrait_JBR_BBY_2.jpg 905w, https:\/\/www.immobilienbusiness.ch\/wp-content\/uploads\/2023\/03\/LinkedIn_Portrait_JBR_BBY_2-300x200.jpg 300w, https:\/\/www.immobilienbusiness.ch\/wp-content\/uploads\/2023\/03\/LinkedIn_Portrait_JBR_BBY_2-768x512.jpg 768w, https:\/\/www.immobilienbusiness.ch\/wp-content\/uploads\/2023\/03\/LinkedIn_Portrait_JBR_BBY_2-18x12.jpg 18w, https:\/\/www.immobilienbusiness.ch\/wp-content\/uploads\/2023\/03\/LinkedIn_Portrait_JBR_BBY_2-375x250.jpg 375w, https:\/\/www.immobilienbusiness.ch\/wp-content\/uploads\/2023\/03\/LinkedIn_Portrait_JBR_BBY_2-525x350.jpg 525w\" sizes=\"auto, (max-width: 905px) 100vw, 905px\" \/><\/a><figcaption id=\"caption-attachment-46341\" class=\"wp-caption-text\">Jessica Brackmann (Source : Procimmo)<\/figcaption><\/figure>\n<p>Des changements interviennent au sein de la direction de Procimmo : Jessica Brackmann, membre de la direction et CIO, quitte l'entreprise fin ao\u00fbt. Selon les indications de l'entreprise, les responsabilit\u00e9s sont ainsi redistribu\u00e9es en interne, principalement entre Arno Kneub\u00fchler (CEO) et Terence Kast (COO) : Kneub\u00fchler se chargera des t\u00e2ches de positionnement des produits et du contact principal avec les investisseurs cl\u00e9s, tandis que Kast dirigera les \u00e9quipes de gestion de fortune, indique Procimmo.<\/p>\n<p>Richard Dahdah, qui est d\u00e9j\u00e0 fund manager du Procimmo Swiss Commercial Fund 56 et du fonds Immo56, assumera \u00e9galement la responsabilit\u00e9 de la gestion des fonds Procimmo Real Estate SICAV et Procimmo Residential Lemanic Fund \u00e0 partir du 1er avril.<\/p>\n<p>Brackmann a travaill\u00e9 six ans pour la soci\u00e9t\u00e9 immobili\u00e8re. Depuis son arriv\u00e9e en 2017, elle a largement contribu\u00e9 \u00e0 la croissance du d\u00e9partement produits, dont elle a pris la responsabilit\u00e9 depuis octobre 2021, \u00e9crit l'entreprise dans un communiqu\u00e9. <a href=\"https:\/\/www.immobilienbusiness.ch\/fr\/personalia\/2022-03-24\/procimmo-erweitert-die-geschaeftsleitung\/\">En mars 2022, elle avait rejoint la direction en tant que CIO.<\/a> <em>(ah)<\/em><\/p>","protected":false},"excerpt":{"rendered":"<p>Jessica Brackmann travaillait pour Procimmo depuis 2017, derni\u00e8rement au poste de CIO. Elle quittera l'entreprise fin ao\u00fbt.<\/p>","protected":false},"author":3,"featured_media":46341,"comment_status":"closed","ping_status":"closed","sticky":false,"template":"","format":"standard","meta":{"_acf_changed":false,"_yoast_wpseo_focuskw":"Procimmo","_yoast_wpseo_title":"","_yoast_wpseo_metadesc":"Jessica Brackmann war seit 2017 f\u00fcr Procimmo t\u00e4tig, zuletzt in der Position der CIO. Ende August verl\u00e4sst sie das Unternehmen.","_yoast_wpseo_linkdex":44,"pgc_sgb_lightbox_settings":"","footnotes":""},"categories":[1912],"tags":[1563,1597],"class_list":["post-46340","post","type-post","status-publish","format-standard","has-post-thumbnail","hentry","category-personalia","tag-personalia","tag-procimmo"],"acf":[],"yoast_head":"<!-- This site is optimized with the Yoast SEO plugin v27.4 - https:\/\/yoast.com\/product\/yoast-seo-wordpress\/ -->\n<title>Jessica Brackmann verl\u00e4sst Procimmo - IMMOBILIEN Business<\/title>\n<meta name=\"description\" content=\"Jessica Brackmann war seit 2017 f\u00fcr Procimmo t\u00e4tig, zuletzt in der Position der CIO. Ende August verl\u00e4sst sie das Unternehmen.\" \/>\n<meta name=\"robots\" content=\"index, follow, max-snippet:-1, max-image-preview:large, max-video-preview:-1\" \/>\n<link rel=\"canonical\" href=\"https:\/\/www.immobilienbusiness.ch\/fr\/personalia\/2023-03-27\/jessica-brackmann-verlaesst-procimmo\/\" \/>\n<meta property=\"og:locale\" content=\"fr_FR\" \/>\n<meta property=\"og:type\" content=\"article\" \/>\n<meta property=\"og:title\" content=\"Jessica Brackmann verl\u00e4sst Procimmo - IMMOBILIEN Business\" \/>\n<meta property=\"og:description\" content=\"Jessica Brackmann war seit 2017 f\u00fcr Procimmo t\u00e4tig, zuletzt in der Position der CIO. Ende August verl\u00e4sst sie das Unternehmen.\" \/>\n<meta property=\"og:url\" content=\"https:\/\/www.immobilienbusiness.ch\/fr\/personalia\/2023-03-27\/jessica-brackmann-verlaesst-procimmo\/\" \/>\n<meta property=\"og:site_name\" content=\"IMMOBILIEN Business\" \/>\n<meta property=\"article:publisher\" content=\"https:\/\/www.facebook.com\/immobilienbusiness\/\" \/>\n<meta property=\"article:published_time\" content=\"2023-03-27T05:45:34+00:00\" \/>\n<meta property=\"article:modified_time\" content=\"2023-03-29T07:23:15+00:00\" \/>\n<meta property=\"og:image\" content=\"https:\/\/www.immobilienbusiness.ch\/wp-content\/uploads\/2023\/03\/LinkedIn_Portrait_JBR_BBY_2.jpg\" \/>\n\t<meta property=\"og:image:width\" content=\"905\" \/>\n\t<meta property=\"og:image:height\" content=\"603\" \/>\n\t<meta property=\"og:image:type\" content=\"image\/jpeg\" \/>\n<meta name=\"author\" content=\"anja.hall\" \/>\n<meta name=\"twitter:card\" content=\"summary_large_image\" \/>\n<meta name=\"twitter:image\" content=\"https:\/\/www.immobilienbusiness.ch\/wp-content\/uploads\/2023\/03\/LinkedIn_Portrait_JBR_BBY_2.jpg\" \/>\n<script type=\"application\/ld+json\" class=\"yoast-schema-graph\">{\"@context\":\"https:\\\/\\\/schema.org\",\"@graph\":[{\"@type\":\"Article\",\"@id\":\"https:\\\/\\\/www.immobilienbusiness.ch\\\/fr\\\/personalia\\\/2023-03-27\\\/jessica-brackmann-verlaesst-procimmo\\\/#article\",\"isPartOf\":{\"@id\":\"https:\\\/\\\/www.immobilienbusiness.ch\\\/fr\\\/personalia\\\/2023-03-27\\\/jessica-brackmann-verlaesst-procimmo\\\/\"},\"author\":{\"name\":\"anja.hall\",\"@id\":\"https:\\\/\\\/www.immobilienbusiness.ch\\\/#\\\/schema\\\/person\\\/3fc036297b10b9f42d6db5ee932af8c8\"},\"headline\":\"Jessica Brackmann verl\u00e4sst Procimmo\",\"datePublished\":\"2023-03-27T05:45:34+00:00\",\"dateModified\":\"2023-03-29T07:23:15+00:00\",\"mainEntityOfPage\":{\"@id\":\"https:\\\/\\\/www.immobilienbusiness.ch\\\/fr\\\/personalia\\\/2023-03-27\\\/jessica-brackmann-verlaesst-procimmo\\\/\"},\"wordCount\":177,\"publisher\":{\"@id\":\"https:\\\/\\\/www.immobilienbusiness.ch\\\/#organization\"},\"image\":{\"@id\":\"https:\\\/\\\/www.immobilienbusiness.ch\\\/fr\\\/personalia\\\/2023-03-27\\\/jessica-brackmann-verlaesst-procimmo\\\/#primaryimage\"},\"thumbnailUrl\":\"https:\\\/\\\/www.immobilienbusiness.ch\\\/wp-content\\\/uploads\\\/2023\\\/03\\\/LinkedIn_Portrait_JBR_BBY_2.jpg\",\"keywords\":[\"Personalia\",\"Procimmo\"],\"articleSection\":[\"PERSONALIA\"],\"inLanguage\":\"fr-FR\"},{\"@type\":\"WebPage\",\"@id\":\"https:\\\/\\\/www.immobilienbusiness.ch\\\/fr\\\/personalia\\\/2023-03-27\\\/jessica-brackmann-verlaesst-procimmo\\\/\",\"url\":\"https:\\\/\\\/www.immobilienbusiness.ch\\\/fr\\\/personalia\\\/2023-03-27\\\/jessica-brackmann-verlaesst-procimmo\\\/\",\"name\":\"Jessica Brackmann verl\u00e4sst Procimmo - IMMOBILIEN Business\",\"isPartOf\":{\"@id\":\"https:\\\/\\\/www.immobilienbusiness.ch\\\/#website\"},\"primaryImageOfPage\":{\"@id\":\"https:\\\/\\\/www.immobilienbusiness.ch\\\/fr\\\/personalia\\\/2023-03-27\\\/jessica-brackmann-verlaesst-procimmo\\\/#primaryimage\"},\"image\":{\"@id\":\"https:\\\/\\\/www.immobilienbusiness.ch\\\/fr\\\/personalia\\\/2023-03-27\\\/jessica-brackmann-verlaesst-procimmo\\\/#primaryimage\"},\"thumbnailUrl\":\"https:\\\/\\\/www.immobilienbusiness.ch\\\/wp-content\\\/uploads\\\/2023\\\/03\\\/LinkedIn_Portrait_JBR_BBY_2.jpg\",\"datePublished\":\"2023-03-27T05:45:34+00:00\",\"dateModified\":\"2023-03-29T07:23:15+00:00\",\"description\":\"Jessica Brackmann war seit 2017 f\u00fcr Procimmo t\u00e4tig, zuletzt in der Position der CIO. Ende August verl\u00e4sst sie das Unternehmen.\",\"breadcrumb\":{\"@id\":\"https:\\\/\\\/www.immobilienbusiness.ch\\\/fr\\\/personalia\\\/2023-03-27\\\/jessica-brackmann-verlaesst-procimmo\\\/#breadcrumb\"},\"inLanguage\":\"fr-FR\",\"potentialAction\":[{\"@type\":\"ReadAction\",\"target\":[\"https:\\\/\\\/www.immobilienbusiness.ch\\\/fr\\\/personalia\\\/2023-03-27\\\/jessica-brackmann-verlaesst-procimmo\\\/\"]}]},{\"@type\":\"ImageObject\",\"inLanguage\":\"fr-FR\",\"@id\":\"https:\\\/\\\/www.immobilienbusiness.ch\\\/fr\\\/personalia\\\/2023-03-27\\\/jessica-brackmann-verlaesst-procimmo\\\/#primaryimage\",\"url\":\"https:\\\/\\\/www.immobilienbusiness.ch\\\/wp-content\\\/uploads\\\/2023\\\/03\\\/LinkedIn_Portrait_JBR_BBY_2.jpg\",\"contentUrl\":\"https:\\\/\\\/www.immobilienbusiness.ch\\\/wp-content\\\/uploads\\\/2023\\\/03\\\/LinkedIn_Portrait_JBR_BBY_2.jpg\",\"width\":905,\"height\":603,\"caption\":\"Jessica Brackmann (Quelle: Procimmo)\"},{\"@type\":\"BreadcrumbList\",\"@id\":\"https:\\\/\\\/www.immobilienbusiness.ch\\\/fr\\\/personalia\\\/2023-03-27\\\/jessica-brackmann-verlaesst-procimmo\\\/#breadcrumb\",\"itemListElement\":[{\"@type\":\"ListItem\",\"position\":1,\"name\":\"Home\",\"item\":\"https:\\\/\\\/www.immobilienbusiness.ch\\\/\"},{\"@type\":\"ListItem\",\"position\":2,\"name\":\"Jessica Brackmann verl\u00e4sst Procimmo\"}]},{\"@type\":\"WebSite\",\"@id\":\"https:\\\/\\\/www.immobilienbusiness.ch\\\/#website\",\"url\":\"https:\\\/\\\/www.immobilienbusiness.ch\\\/\",\"name\":\"IMMOBILIEN Business\",\"description\":\"Unabh\u00e4ngiges Schweizer Wirtschaftsmagazin mit Fokus auf Immobilien, Architektur- und Bau sowie Investment- und Finanzierung.\",\"publisher\":{\"@id\":\"https:\\\/\\\/www.immobilienbusiness.ch\\\/#organization\"},\"potentialAction\":[{\"@type\":\"SearchAction\",\"target\":{\"@type\":\"EntryPoint\",\"urlTemplate\":\"https:\\\/\\\/www.immobilienbusiness.ch\\\/?s={search_term_string}\"},\"query-input\":{\"@type\":\"PropertyValueSpecification\",\"valueRequired\":true,\"valueName\":\"search_term_string\"}}],\"inLanguage\":\"fr-FR\"},{\"@type\":\"Organization\",\"@id\":\"https:\\\/\\\/www.immobilienbusiness.ch\\\/#organization\",\"name\":\"IMMOBILIEN Business\",\"url\":\"https:\\\/\\\/www.immobilienbusiness.ch\\\/\",\"logo\":{\"@type\":\"ImageObject\",\"inLanguage\":\"fr-FR\",\"@id\":\"https:\\\/\\\/www.immobilienbusiness.ch\\\/#\\\/schema\\\/logo\\\/image\\\/\",\"url\":\"https:\\\/\\\/www.immobilienbusiness.ch\\\/wp-content\\\/uploads\\\/2021\\\/07\\\/logo_ib.png\",\"contentUrl\":\"https:\\\/\\\/www.immobilienbusiness.ch\\\/wp-content\\\/uploads\\\/2021\\\/07\\\/logo_ib.png\",\"width\":800,\"height\":181,\"caption\":\"IMMOBILIEN Business\"},\"image\":{\"@id\":\"https:\\\/\\\/www.immobilienbusiness.ch\\\/#\\\/schema\\\/logo\\\/image\\\/\"},\"sameAs\":[\"https:\\\/\\\/www.facebook.com\\\/immobilienbusiness\\\/\"]},{\"@type\":\"Person\",\"@id\":\"https:\\\/\\\/www.immobilienbusiness.ch\\\/#\\\/schema\\\/person\\\/3fc036297b10b9f42d6db5ee932af8c8\",\"name\":\"anja.hall\",\"image\":{\"@type\":\"ImageObject\",\"inLanguage\":\"fr-FR\",\"@id\":\"https:\\\/\\\/secure.gravatar.com\\\/avatar\\\/066b5a0d447013502c71a5782f4f3469f03cfe595cc2329fb94652fe47511bfb?s=96&d=mm&r=g\",\"url\":\"https:\\\/\\\/secure.gravatar.com\\\/avatar\\\/066b5a0d447013502c71a5782f4f3469f03cfe595cc2329fb94652fe47511bfb?s=96&d=mm&r=g\",\"contentUrl\":\"https:\\\/\\\/secure.gravatar.com\\\/avatar\\\/066b5a0d447013502c71a5782f4f3469f03cfe595cc2329fb94652fe47511bfb?s=96&d=mm&r=g\",\"caption\":\"anja.hall\"},\"url\":\"https:\\\/\\\/www.immobilienbusiness.ch\\\/fr\\\/author\\\/anja-hall\\\/\"}]}<\/script>\n<!-- \/ Yoast SEO plugin. -->","yoast_head_json":{"title":"Jessica Brackmann verl\u00e4sst Procimmo - IMMOBILIEN Business","description":"Jessica Brackmann travaillait pour Procimmo depuis 2017, derni\u00e8rement au poste de CIO. Elle quittera l'entreprise fin ao\u00fbt.","robots":{"index":"index","follow":"follow","max-snippet":"max-snippet:-1","max-image-preview":"max-image-preview:large","max-video-preview":"max-video-preview:-1"},"canonical":"https:\/\/www.immobilienbusiness.ch\/fr\/personalia\/2023-03-27\/jessica-brackmann-verlaesst-procimmo\/","og_locale":"fr_FR","og_type":"article","og_title":"Jessica Brackmann verl\u00e4sst Procimmo - IMMOBILIEN Business","og_description":"Jessica Brackmann war seit 2017 f\u00fcr Procimmo t\u00e4tig, zuletzt in der Position der CIO. Ende August verl\u00e4sst sie das Unternehmen.","og_url":"https:\/\/www.immobilienbusiness.ch\/fr\/personalia\/2023-03-27\/jessica-brackmann-verlaesst-procimmo\/","og_site_name":"IMMOBILIEN Business","article_publisher":"https:\/\/www.facebook.com\/immobilienbusiness\/","article_published_time":"2023-03-27T05:45:34+00:00","article_modified_time":"2023-03-29T07:23:15+00:00","og_image":[{"width":905,"height":603,"url":"https:\/\/www.immobilienbusiness.ch\/wp-content\/uploads\/2023\/03\/LinkedIn_Portrait_JBR_BBY_2.jpg","type":"image\/jpeg"}],"author":"anja.hall","twitter_card":"summary_large_image","twitter_image":"https:\/\/www.immobilienbusiness.ch\/wp-content\/uploads\/2023\/03\/LinkedIn_Portrait_JBR_BBY_2.jpg","schema":{"@context":"https:\/\/schema.org","@graph":[{"@type":"Article","@id":"https:\/\/www.immobilienbusiness.ch\/fr\/personalia\/2023-03-27\/jessica-brackmann-verlaesst-procimmo\/#article","isPartOf":{"@id":"https:\/\/www.immobilienbusiness.ch\/fr\/personalia\/2023-03-27\/jessica-brackmann-verlaesst-procimmo\/"},"author":{"name":"anja.hall","@id":"https:\/\/www.immobilienbusiness.ch\/#\/schema\/person\/3fc036297b10b9f42d6db5ee932af8c8"},"headline":"Jessica Brackmann verl\u00e4sst Procimmo","datePublished":"2023-03-27T05:45:34+00:00","dateModified":"2023-03-29T07:23:15+00:00","mainEntityOfPage":{"@id":"https:\/\/www.immobilienbusiness.ch\/fr\/personalia\/2023-03-27\/jessica-brackmann-verlaesst-procimmo\/"},"wordCount":177,"publisher":{"@id":"https:\/\/www.immobilienbusiness.ch\/#organization"},"image":{"@id":"https:\/\/www.immobilienbusiness.ch\/fr\/personalia\/2023-03-27\/jessica-brackmann-verlaesst-procimmo\/#primaryimage"},"thumbnailUrl":"https:\/\/www.immobilienbusiness.ch\/wp-content\/uploads\/2023\/03\/LinkedIn_Portrait_JBR_BBY_2.jpg","keywords":["Personalia","Procimmo"],"articleSection":["PERSONALIA"],"inLanguage":"fr-FR"},{"@type":"WebPage","@id":"https:\/\/www.immobilienbusiness.ch\/fr\/personalia\/2023-03-27\/jessica-brackmann-verlaesst-procimmo\/","url":"https:\/\/www.immobilienbusiness.ch\/fr\/personalia\/2023-03-27\/jessica-brackmann-verlaesst-procimmo\/","name":"Jessica Brackmann verl\u00e4sst Procimmo - IMMOBILIEN Business","isPartOf":{"@id":"https:\/\/www.immobilienbusiness.ch\/#website"},"primaryImageOfPage":{"@id":"https:\/\/www.immobilienbusiness.ch\/fr\/personalia\/2023-03-27\/jessica-brackmann-verlaesst-procimmo\/#primaryimage"},"image":{"@id":"https:\/\/www.immobilienbusiness.ch\/fr\/personalia\/2023-03-27\/jessica-brackmann-verlaesst-procimmo\/#primaryimage"},"thumbnailUrl":"https:\/\/www.immobilienbusiness.ch\/wp-content\/uploads\/2023\/03\/LinkedIn_Portrait_JBR_BBY_2.jpg","datePublished":"2023-03-27T05:45:34+00:00","dateModified":"2023-03-29T07:23:15+00:00","description":"Jessica Brackmann travaillait pour Procimmo depuis 2017, derni\u00e8rement au poste de CIO. Elle quittera l'entreprise fin ao\u00fbt.","breadcrumb":{"@id":"https:\/\/www.immobilienbusiness.ch\/fr\/personalia\/2023-03-27\/jessica-brackmann-verlaesst-procimmo\/#breadcrumb"},"inLanguage":"fr-FR","potentialAction":[{"@type":"ReadAction","target":["https:\/\/www.immobilienbusiness.ch\/fr\/personalia\/2023-03-27\/jessica-brackmann-verlaesst-procimmo\/"]}]},{"@type":"ImageObject","inLanguage":"fr-FR","@id":"https:\/\/www.immobilienbusiness.ch\/fr\/personalia\/2023-03-27\/jessica-brackmann-verlaesst-procimmo\/#primaryimage","url":"https:\/\/www.immobilienbusiness.ch\/wp-content\/uploads\/2023\/03\/LinkedIn_Portrait_JBR_BBY_2.jpg","contentUrl":"https:\/\/www.immobilienbusiness.ch\/wp-content\/uploads\/2023\/03\/LinkedIn_Portrait_JBR_BBY_2.jpg","width":905,"height":603,"caption":"Jessica Brackmann (Quelle: Procimmo)"},{"@type":"BreadcrumbList","@id":"https:\/\/www.immobilienbusiness.ch\/fr\/personalia\/2023-03-27\/jessica-brackmann-verlaesst-procimmo\/#breadcrumb","itemListElement":[{"@type":"ListItem","position":1,"name":"Home","item":"https:\/\/www.immobilienbusiness.ch\/"},{"@type":"ListItem","position":2,"name":"Jessica Brackmann verl\u00e4sst Procimmo"}]},{"@type":"WebSite","@id":"https:\/\/www.immobilienbusiness.ch\/#website","url":"https:\/\/www.immobilienbusiness.ch\/","name":"IMMOBILIER Business","description":"Magazine \u00e9conomique suisse ind\u00e9pendant ax\u00e9 sur l'immobilier, l'architecture et la construction ainsi que sur les investissements et le financement.","publisher":{"@id":"https:\/\/www.immobilienbusiness.ch\/#organization"},"potentialAction":[{"@type":"SearchAction","target":{"@type":"EntryPoint","urlTemplate":"https:\/\/www.immobilienbusiness.ch\/?s={search_term_string}"},"query-input":{"@type":"PropertyValueSpecification","valueRequired":true,"valueName":"search_term_string"}}],"inLanguage":"fr-FR"},{"@type":"Organization","@id":"https:\/\/www.immobilienbusiness.ch\/#organization","name":"IMMOBILIER Business","url":"https:\/\/www.immobilienbusiness.ch\/","logo":{"@type":"ImageObject","inLanguage":"fr-FR","@id":"https:\/\/www.immobilienbusiness.ch\/#\/schema\/logo\/image\/","url":"https:\/\/www.immobilienbusiness.ch\/wp-content\/uploads\/2021\/07\/logo_ib.png","contentUrl":"https:\/\/www.immobilienbusiness.ch\/wp-content\/uploads\/2021\/07\/logo_ib.png","width":800,"height":181,"caption":"IMMOBILIEN Business"},"image":{"@id":"https:\/\/www.immobilienbusiness.ch\/#\/schema\/logo\/image\/"},"sameAs":["https:\/\/www.facebook.com\/immobilienbusiness\/"]},{"@type":"Person","@id":"https:\/\/www.immobilienbusiness.ch\/#\/schema\/person\/3fc036297b10b9f42d6db5ee932af8c8","name":"anja.hall","image":{"@type":"ImageObject","inLanguage":"fr-FR","@id":"https:\/\/secure.gravatar.com\/avatar\/066b5a0d447013502c71a5782f4f3469f03cfe595cc2329fb94652fe47511bfb?s=96&d=mm&r=g","url":"https:\/\/secure.gravatar.com\/avatar\/066b5a0d447013502c71a5782f4f3469f03cfe595cc2329fb94652fe47511bfb?s=96&d=mm&r=g","contentUrl":"https:\/\/secure.gravatar.com\/avatar\/066b5a0d447013502c71a5782f4f3469f03cfe595cc2329fb94652fe47511bfb?s=96&d=mm&r=g","caption":"anja.hall"},"url":"https:\/\/www.immobilienbusiness.ch\/fr\/author\/anja-hall\/"}]}},"_links":{"self":[{"href":"https:\/\/www.immobilienbusiness.ch\/fr\/wp-json\/wp\/v2\/posts\/46340","targetHints":{"allow":["GET"]}}],"collection":[{"href":"https:\/\/www.immobilienbusiness.ch\/fr\/wp-json\/wp\/v2\/posts"}],"about":[{"href":"https:\/\/www.immobilienbusiness.ch\/fr\/wp-json\/wp\/v2\/types\/post"}],"author":[{"embeddable":true,"href":"https:\/\/www.immobilienbusiness.ch\/fr\/wp-json\/wp\/v2\/users\/3"}],"replies":[{"embeddable":true,"href":"https:\/\/www.immobilienbusiness.ch\/fr\/wp-json\/wp\/v2\/comments?post=46340"}],"version-history":[{"count":3,"href":"https:\/\/www.immobilienbusiness.ch\/fr\/wp-json\/wp\/v2\/posts\/46340\/revisions"}],"predecessor-version":[{"id":46356,"href":"https:\/\/www.immobilienbusiness.ch\/fr\/wp-json\/wp\/v2\/posts\/46340\/revisions\/46356"}],"wp:featuredmedia":[{"embeddable":true,"href":"https:\/\/www.immobilienbusiness.ch\/fr\/wp-json\/wp\/v2\/media\/46341"}],"wp:attachment":[{"href":"https:\/\/www.immobilienbusiness.ch\/fr\/wp-json\/wp\/v2\/media?parent=46340"}],"wp:term":[{"taxonomy":"category","embeddable":true,"href":"https:\/\/www.immobilienbusiness.ch\/fr\/wp-json\/wp\/v2\/categories?post=46340"},{"taxonomy":"post_tag","embeddable":true,"href":"https:\/\/www.immobilienbusiness.ch\/fr\/wp-json\/wp\/v2\/tags?post=46340"}],"curies":[{"name":"wp","href":"https:\/\/api.w.org\/{rel}","templated":true}]}}