{"id":46216,"date":"2023-03-20T06:50:30","date_gmt":"2023-03-20T05:50:30","guid":{"rendered":"https:\/\/www.immobilienbusiness.ch\/?p=46216"},"modified":"2023-03-22T21:57:18","modified_gmt":"2023-03-22T20:57:18","slug":"basel-baustart-fuer-das-projekt-volta-ost","status":"publish","type":"post","link":"https:\/\/www.immobilienbusiness.ch\/fr\/regionen\/2023-03-20\/basel-baustart-fuer-das-projekt-volta-ost\/","title":{"rendered":"B\u00e2le : lancement de la construction du projet Volta Ost"},"content":{"rendered":"<figure id=\"attachment_46220\" aria-describedby=\"caption-attachment-46220\" style=\"width: 825px\" class=\"wp-caption alignnone\"><a href=\"https:\/\/www.immobilienbusiness.ch\/wp-content\/uploads\/2023\/03\/Nachricht_S_9_unten_Basel.jpg\"><img loading=\"lazy\" decoding=\"async\" class=\"size-full wp-image-46220\" src=\"https:\/\/www.immobilienbusiness.ch\/wp-content\/uploads\/2023\/03\/Nachricht_S_9_unten_Basel.jpg\" alt=\"\" width=\"825\" height=\"464\" srcset=\"https:\/\/www.immobilienbusiness.ch\/wp-content\/uploads\/2023\/03\/Nachricht_S_9_unten_Basel.jpg 825w, https:\/\/www.immobilienbusiness.ch\/wp-content\/uploads\/2023\/03\/Nachricht_S_9_unten_Basel-300x169.jpg 300w, https:\/\/www.immobilienbusiness.ch\/wp-content\/uploads\/2023\/03\/Nachricht_S_9_unten_Basel-768x432.jpg 768w, https:\/\/www.immobilienbusiness.ch\/wp-content\/uploads\/2023\/03\/Nachricht_S_9_unten_Basel-18x10.jpg 18w, https:\/\/www.immobilienbusiness.ch\/wp-content\/uploads\/2023\/03\/Nachricht_S_9_unten_Basel-375x211.jpg 375w, https:\/\/www.immobilienbusiness.ch\/wp-content\/uploads\/2023\/03\/Nachricht_S_9_unten_Basel-622x350.jpg 622w\" sizes=\"auto, (max-width: 825px) 100vw, 825px\" \/><\/a><figcaption id=\"caption-attachment-46220\" class=\"wp-caption-text\">Le lotissement VoltaOst \u00e0 B\u00e2le (source : Studio Trachsler Hoffmann)<\/figcaption><\/figure>\n<p class=\"x_MsoNormal\">Entre l'Els\u00e4sserstrasse et la Voltastrasse, le canton de B\u00e2le-Ville construit un b\u00e2timent r\u00e9sidentiel et commercial. Apr\u00e8s plusieurs ann\u00e9es de retard dues \u00e0 une opposition port\u00e9e devant les tribunaux f\u00e9d\u00e9raux, les travaux de construction du projet ont d\u00e9but\u00e9 le 17 mars 2023 avec le premier coup de pioche officiel. Ce projet doit \u00e9galement permettre de cr\u00e9er sur la Voltaplatz un nouveau lieu de rencontre aux multiples usages pour le quartier.<\/p>\n<p class=\"x_MsoNormal\">Comme le communique la ville de B\u00e2le, le lotissement compos\u00e9 de diff\u00e9rentes structures de b\u00e2timents offrira \u00e0 l'avenir 104 logements de quartier et sociaux dans le cadre du programme de construction de logements 1000+.<\/p>\n<p class=\"x_MsoNormal\">Un b\u00e2timent \u00e9troit de dix \u00e9tages et un b\u00e2timent de raccordement moins \u00e9lev\u00e9 sont pr\u00e9vus sur l'Els\u00e4sserstrasse, tandis qu'un autre b\u00e2timent peu \u00e9lev\u00e9 est pr\u00e9vu contre la centrale de chauffage \u00e0 distance, offrant de l'espace pour la cr\u00e8che St. Johann et des logements pour \u00e9tudiants (53 unit\u00e9s). Les diff\u00e9rents b\u00e2timents seront reli\u00e9s entre eux par le hall couvert, qui sera accessible au public. Le recul du b\u00e2timent principal permettra de cr\u00e9er une petite place qui pourra \u00eatre utilis\u00e9e \u00e0 des fins gastronomiques. <em>(M.ARR.)<\/em><\/p>","protected":false},"excerpt":{"rendered":"<p>Apr\u00e8s des ann\u00e9es de retard, le premier coup de pioche symbolique a marqu\u00e9 le d\u00e9but des travaux de construction de Volta Est. Le projet comprend plus de 100 nouveaux logements.<\/p>","protected":false},"author":3,"featured_media":46220,"comment_status":"closed","ping_status":"closed","sticky":false,"template":"","format":"standard","meta":{"_acf_changed":false,"_yoast_wpseo_focuskw":"volta","_yoast_wpseo_title":"","_yoast_wpseo_metadesc":"Nach jahrelanger Verz\u00f6gerung haben mit dem symbolischen Spatenstich die Bauarbeiten f\u00fcr Volta Ost begonnen. Das Projekt umfasst mehr als 100 neue Wohnungen.","_yoast_wpseo_linkdex":48,"pgc_sgb_lightbox_settings":"","footnotes":""},"categories":[985],"tags":[1069,1599,1863],"class_list":["post-46216","post","type-post","status-publish","format-standard","has-post-thumbnail","hentry","category-regionen","tag-basel","tag-projekt-in-bau","tag-wohnimmobilien"],"acf":[],"yoast_head":"<!-- This site is optimized with the Yoast SEO plugin v27.5 - https:\/\/yoast.com\/product\/yoast-seo-wordpress\/ -->\n<title>Basel: Baustart f\u00fcr das Projekt Volta Ost - IMMOBILIEN Business<\/title>\n<meta name=\"description\" content=\"Nach jahrelanger Verz\u00f6gerung haben mit dem symbolischen Spatenstich die Bauarbeiten f\u00fcr Volta Ost begonnen. Das Projekt umfasst mehr als 100 neue Wohnungen.\" \/>\n<meta name=\"robots\" content=\"index, follow, max-snippet:-1, max-image-preview:large, max-video-preview:-1\" \/>\n<link rel=\"canonical\" href=\"https:\/\/www.immobilienbusiness.ch\/fr\/regionen\/2023-03-20\/basel-baustart-fuer-das-projekt-volta-ost\/\" \/>\n<meta property=\"og:locale\" content=\"fr_FR\" \/>\n<meta property=\"og:type\" content=\"article\" \/>\n<meta property=\"og:title\" content=\"Basel: Baustart f\u00fcr das Projekt Volta Ost - IMMOBILIEN Business\" \/>\n<meta property=\"og:description\" content=\"Nach jahrelanger Verz\u00f6gerung haben mit dem symbolischen Spatenstich die Bauarbeiten f\u00fcr Volta Ost begonnen. Das Projekt umfasst mehr als 100 neue Wohnungen.\" \/>\n<meta property=\"og:url\" content=\"https:\/\/www.immobilienbusiness.ch\/fr\/regionen\/2023-03-20\/basel-baustart-fuer-das-projekt-volta-ost\/\" \/>\n<meta property=\"og:site_name\" content=\"IMMOBILIEN Business\" \/>\n<meta property=\"article:publisher\" content=\"https:\/\/www.facebook.com\/immobilienbusiness\/\" \/>\n<meta property=\"article:published_time\" content=\"2023-03-20T05:50:30+00:00\" \/>\n<meta property=\"article:modified_time\" content=\"2023-03-22T20:57:18+00:00\" \/>\n<meta property=\"og:image\" content=\"https:\/\/www.immobilienbusiness.ch\/wp-content\/uploads\/2023\/03\/Nachricht_S_9_unten_Basel.jpg\" \/>\n\t<meta property=\"og:image:width\" content=\"825\" \/>\n\t<meta property=\"og:image:height\" content=\"464\" \/>\n\t<meta property=\"og:image:type\" content=\"image\/jpeg\" \/>\n<meta name=\"author\" content=\"anja.hall\" \/>\n<meta name=\"twitter:card\" content=\"summary_large_image\" \/>\n<meta name=\"twitter:image\" content=\"https:\/\/www.immobilienbusiness.ch\/wp-content\/uploads\/2023\/03\/Nachricht_S_9_unten_Basel.jpg\" \/>\n<script type=\"application\/ld+json\" class=\"yoast-schema-graph\">{\"@context\":\"https:\\\/\\\/schema.org\",\"@graph\":[{\"@type\":\"Article\",\"@id\":\"https:\\\/\\\/www.immobilienbusiness.ch\\\/en\\\/regionen\\\/2023-03-20\\\/basel-baustart-fuer-das-projekt-volta-ost\\\/#article\",\"isPartOf\":{\"@id\":\"https:\\\/\\\/www.immobilienbusiness.ch\\\/en\\\/regionen\\\/2023-03-20\\\/basel-baustart-fuer-das-projekt-volta-ost\\\/\"},\"author\":{\"name\":\"anja.hall\",\"@id\":\"https:\\\/\\\/www.immobilienbusiness.ch\\\/#\\\/schema\\\/person\\\/3fc036297b10b9f42d6db5ee932af8c8\"},\"headline\":\"Basel: Baustart f\u00fcr das Projekt Volta Ost\",\"datePublished\":\"2023-03-20T05:50:30+00:00\",\"dateModified\":\"2023-03-22T20:57:18+00:00\",\"mainEntityOfPage\":{\"@id\":\"https:\\\/\\\/www.immobilienbusiness.ch\\\/en\\\/regionen\\\/2023-03-20\\\/basel-baustart-fuer-das-projekt-volta-ost\\\/\"},\"wordCount\":172,\"publisher\":{\"@id\":\"https:\\\/\\\/www.immobilienbusiness.ch\\\/#organization\"},\"image\":{\"@id\":\"https:\\\/\\\/www.immobilienbusiness.ch\\\/en\\\/regionen\\\/2023-03-20\\\/basel-baustart-fuer-das-projekt-volta-ost\\\/#primaryimage\"},\"thumbnailUrl\":\"https:\\\/\\\/www.immobilienbusiness.ch\\\/wp-content\\\/uploads\\\/2023\\\/03\\\/Nachricht_S_9_unten_Basel.jpg\",\"keywords\":[\"Basel\",\"Projekt in Bau\",\"Wohnimmobilien\"],\"articleSection\":[\"REGIONEN\"],\"inLanguage\":\"fr-FR\"},{\"@type\":\"WebPage\",\"@id\":\"https:\\\/\\\/www.immobilienbusiness.ch\\\/en\\\/regionen\\\/2023-03-20\\\/basel-baustart-fuer-das-projekt-volta-ost\\\/\",\"url\":\"https:\\\/\\\/www.immobilienbusiness.ch\\\/en\\\/regionen\\\/2023-03-20\\\/basel-baustart-fuer-das-projekt-volta-ost\\\/\",\"name\":\"Basel: Baustart f\u00fcr das Projekt Volta Ost - IMMOBILIEN Business\",\"isPartOf\":{\"@id\":\"https:\\\/\\\/www.immobilienbusiness.ch\\\/#website\"},\"primaryImageOfPage\":{\"@id\":\"https:\\\/\\\/www.immobilienbusiness.ch\\\/en\\\/regionen\\\/2023-03-20\\\/basel-baustart-fuer-das-projekt-volta-ost\\\/#primaryimage\"},\"image\":{\"@id\":\"https:\\\/\\\/www.immobilienbusiness.ch\\\/en\\\/regionen\\\/2023-03-20\\\/basel-baustart-fuer-das-projekt-volta-ost\\\/#primaryimage\"},\"thumbnailUrl\":\"https:\\\/\\\/www.immobilienbusiness.ch\\\/wp-content\\\/uploads\\\/2023\\\/03\\\/Nachricht_S_9_unten_Basel.jpg\",\"datePublished\":\"2023-03-20T05:50:30+00:00\",\"dateModified\":\"2023-03-22T20:57:18+00:00\",\"description\":\"Nach jahrelanger Verz\u00f6gerung haben mit dem symbolischen Spatenstich die Bauarbeiten f\u00fcr Volta Ost begonnen. Das Projekt umfasst mehr als 100 neue Wohnungen.\",\"breadcrumb\":{\"@id\":\"https:\\\/\\\/www.immobilienbusiness.ch\\\/en\\\/regionen\\\/2023-03-20\\\/basel-baustart-fuer-das-projekt-volta-ost\\\/#breadcrumb\"},\"inLanguage\":\"fr-FR\",\"potentialAction\":[{\"@type\":\"ReadAction\",\"target\":[\"https:\\\/\\\/www.immobilienbusiness.ch\\\/en\\\/regionen\\\/2023-03-20\\\/basel-baustart-fuer-das-projekt-volta-ost\\\/\"]}]},{\"@type\":\"ImageObject\",\"inLanguage\":\"fr-FR\",\"@id\":\"https:\\\/\\\/www.immobilienbusiness.ch\\\/en\\\/regionen\\\/2023-03-20\\\/basel-baustart-fuer-das-projekt-volta-ost\\\/#primaryimage\",\"url\":\"https:\\\/\\\/www.immobilienbusiness.ch\\\/wp-content\\\/uploads\\\/2023\\\/03\\\/Nachricht_S_9_unten_Basel.jpg\",\"contentUrl\":\"https:\\\/\\\/www.immobilienbusiness.ch\\\/wp-content\\\/uploads\\\/2023\\\/03\\\/Nachricht_S_9_unten_Basel.jpg\",\"width\":825,\"height\":464,\"caption\":\"Die \u00dcberbauung VoltaOst in Basel (Quelle: Studio Trachsler Hoffmann)\"},{\"@type\":\"BreadcrumbList\",\"@id\":\"https:\\\/\\\/www.immobilienbusiness.ch\\\/en\\\/regionen\\\/2023-03-20\\\/basel-baustart-fuer-das-projekt-volta-ost\\\/#breadcrumb\",\"itemListElement\":[{\"@type\":\"ListItem\",\"position\":1,\"name\":\"Home\",\"item\":\"https:\\\/\\\/www.immobilienbusiness.ch\\\/\"},{\"@type\":\"ListItem\",\"position\":2,\"name\":\"Basel: Baustart f\u00fcr das Projekt Volta Ost\"}]},{\"@type\":\"WebSite\",\"@id\":\"https:\\\/\\\/www.immobilienbusiness.ch\\\/#website\",\"url\":\"https:\\\/\\\/www.immobilienbusiness.ch\\\/\",\"name\":\"IMMOBILIEN Business\",\"description\":\"Unabh\u00e4ngiges Schweizer Wirtschaftsmagazin mit Fokus auf Immobilien, Architektur- und Bau sowie Investment- und Finanzierung.\",\"publisher\":{\"@id\":\"https:\\\/\\\/www.immobilienbusiness.ch\\\/#organization\"},\"potentialAction\":[{\"@type\":\"SearchAction\",\"target\":{\"@type\":\"EntryPoint\",\"urlTemplate\":\"https:\\\/\\\/www.immobilienbusiness.ch\\\/?s={search_term_string}\"},\"query-input\":{\"@type\":\"PropertyValueSpecification\",\"valueRequired\":true,\"valueName\":\"search_term_string\"}}],\"inLanguage\":\"fr-FR\"},{\"@type\":\"Organization\",\"@id\":\"https:\\\/\\\/www.immobilienbusiness.ch\\\/#organization\",\"name\":\"IMMOBILIEN Business\",\"url\":\"https:\\\/\\\/www.immobilienbusiness.ch\\\/\",\"logo\":{\"@type\":\"ImageObject\",\"inLanguage\":\"fr-FR\",\"@id\":\"https:\\\/\\\/www.immobilienbusiness.ch\\\/#\\\/schema\\\/logo\\\/image\\\/\",\"url\":\"https:\\\/\\\/www.immobilienbusiness.ch\\\/wp-content\\\/uploads\\\/2021\\\/07\\\/logo_ib.png\",\"contentUrl\":\"https:\\\/\\\/www.immobilienbusiness.ch\\\/wp-content\\\/uploads\\\/2021\\\/07\\\/logo_ib.png\",\"width\":800,\"height\":181,\"caption\":\"IMMOBILIEN Business\"},\"image\":{\"@id\":\"https:\\\/\\\/www.immobilienbusiness.ch\\\/#\\\/schema\\\/logo\\\/image\\\/\"},\"sameAs\":[\"https:\\\/\\\/www.facebook.com\\\/immobilienbusiness\\\/\"]},{\"@type\":\"Person\",\"@id\":\"https:\\\/\\\/www.immobilienbusiness.ch\\\/#\\\/schema\\\/person\\\/3fc036297b10b9f42d6db5ee932af8c8\",\"name\":\"anja.hall\",\"image\":{\"@type\":\"ImageObject\",\"inLanguage\":\"fr-FR\",\"@id\":\"https:\\\/\\\/secure.gravatar.com\\\/avatar\\\/066b5a0d447013502c71a5782f4f3469f03cfe595cc2329fb94652fe47511bfb?s=96&d=mm&r=g\",\"url\":\"https:\\\/\\\/secure.gravatar.com\\\/avatar\\\/066b5a0d447013502c71a5782f4f3469f03cfe595cc2329fb94652fe47511bfb?s=96&d=mm&r=g\",\"contentUrl\":\"https:\\\/\\\/secure.gravatar.com\\\/avatar\\\/066b5a0d447013502c71a5782f4f3469f03cfe595cc2329fb94652fe47511bfb?s=96&d=mm&r=g\",\"caption\":\"anja.hall\"},\"url\":\"https:\\\/\\\/www.immobilienbusiness.ch\\\/fr\\\/author\\\/anja-hall\\\/\"}]}<\/script>\n<!-- \/ Yoast SEO plugin. -->","yoast_head_json":{"title":"Basel: Baustart f\u00fcr das Projekt Volta Ost - IMMOBILIEN Business","description":"Apr\u00e8s des ann\u00e9es de retard, le premier coup de pioche symbolique a marqu\u00e9 le d\u00e9but des travaux de construction de Volta Est. Le projet comprend plus de 100 nouveaux logements.","robots":{"index":"index","follow":"follow","max-snippet":"max-snippet:-1","max-image-preview":"max-image-preview:large","max-video-preview":"max-video-preview:-1"},"canonical":"https:\/\/www.immobilienbusiness.ch\/fr\/regionen\/2023-03-20\/basel-baustart-fuer-das-projekt-volta-ost\/","og_locale":"fr_FR","og_type":"article","og_title":"Basel: Baustart f\u00fcr das Projekt Volta Ost - IMMOBILIEN Business","og_description":"Nach jahrelanger Verz\u00f6gerung haben mit dem symbolischen Spatenstich die Bauarbeiten f\u00fcr Volta Ost begonnen. Das Projekt umfasst mehr als 100 neue Wohnungen.","og_url":"https:\/\/www.immobilienbusiness.ch\/fr\/regionen\/2023-03-20\/basel-baustart-fuer-das-projekt-volta-ost\/","og_site_name":"IMMOBILIEN Business","article_publisher":"https:\/\/www.facebook.com\/immobilienbusiness\/","article_published_time":"2023-03-20T05:50:30+00:00","article_modified_time":"2023-03-22T20:57:18+00:00","og_image":[{"width":825,"height":464,"url":"https:\/\/www.immobilienbusiness.ch\/wp-content\/uploads\/2023\/03\/Nachricht_S_9_unten_Basel.jpg","type":"image\/jpeg"}],"author":"anja.hall","twitter_card":"summary_large_image","twitter_image":"https:\/\/www.immobilienbusiness.ch\/wp-content\/uploads\/2023\/03\/Nachricht_S_9_unten_Basel.jpg","schema":{"@context":"https:\/\/schema.org","@graph":[{"@type":"Article","@id":"https:\/\/www.immobilienbusiness.ch\/en\/regionen\/2023-03-20\/basel-baustart-fuer-das-projekt-volta-ost\/#article","isPartOf":{"@id":"https:\/\/www.immobilienbusiness.ch\/en\/regionen\/2023-03-20\/basel-baustart-fuer-das-projekt-volta-ost\/"},"author":{"name":"anja.hall","@id":"https:\/\/www.immobilienbusiness.ch\/#\/schema\/person\/3fc036297b10b9f42d6db5ee932af8c8"},"headline":"Basel: Baustart f\u00fcr das Projekt Volta Ost","datePublished":"2023-03-20T05:50:30+00:00","dateModified":"2023-03-22T20:57:18+00:00","mainEntityOfPage":{"@id":"https:\/\/www.immobilienbusiness.ch\/en\/regionen\/2023-03-20\/basel-baustart-fuer-das-projekt-volta-ost\/"},"wordCount":172,"publisher":{"@id":"https:\/\/www.immobilienbusiness.ch\/#organization"},"image":{"@id":"https:\/\/www.immobilienbusiness.ch\/en\/regionen\/2023-03-20\/basel-baustart-fuer-das-projekt-volta-ost\/#primaryimage"},"thumbnailUrl":"https:\/\/www.immobilienbusiness.ch\/wp-content\/uploads\/2023\/03\/Nachricht_S_9_unten_Basel.jpg","keywords":["Basel","Projekt in Bau","Wohnimmobilien"],"articleSection":["REGIONEN"],"inLanguage":"fr-FR"},{"@type":"WebPage","@id":"https:\/\/www.immobilienbusiness.ch\/en\/regionen\/2023-03-20\/basel-baustart-fuer-das-projekt-volta-ost\/","url":"https:\/\/www.immobilienbusiness.ch\/en\/regionen\/2023-03-20\/basel-baustart-fuer-das-projekt-volta-ost\/","name":"Basel: Baustart f\u00fcr das Projekt Volta Ost - IMMOBILIEN Business","isPartOf":{"@id":"https:\/\/www.immobilienbusiness.ch\/#website"},"primaryImageOfPage":{"@id":"https:\/\/www.immobilienbusiness.ch\/en\/regionen\/2023-03-20\/basel-baustart-fuer-das-projekt-volta-ost\/#primaryimage"},"image":{"@id":"https:\/\/www.immobilienbusiness.ch\/en\/regionen\/2023-03-20\/basel-baustart-fuer-das-projekt-volta-ost\/#primaryimage"},"thumbnailUrl":"https:\/\/www.immobilienbusiness.ch\/wp-content\/uploads\/2023\/03\/Nachricht_S_9_unten_Basel.jpg","datePublished":"2023-03-20T05:50:30+00:00","dateModified":"2023-03-22T20:57:18+00:00","description":"Apr\u00e8s des ann\u00e9es de retard, le premier coup de pioche symbolique a marqu\u00e9 le d\u00e9but des travaux de construction de Volta Est. Le projet comprend plus de 100 nouveaux logements.","breadcrumb":{"@id":"https:\/\/www.immobilienbusiness.ch\/en\/regionen\/2023-03-20\/basel-baustart-fuer-das-projekt-volta-ost\/#breadcrumb"},"inLanguage":"fr-FR","potentialAction":[{"@type":"ReadAction","target":["https:\/\/www.immobilienbusiness.ch\/en\/regionen\/2023-03-20\/basel-baustart-fuer-das-projekt-volta-ost\/"]}]},{"@type":"ImageObject","inLanguage":"fr-FR","@id":"https:\/\/www.immobilienbusiness.ch\/en\/regionen\/2023-03-20\/basel-baustart-fuer-das-projekt-volta-ost\/#primaryimage","url":"https:\/\/www.immobilienbusiness.ch\/wp-content\/uploads\/2023\/03\/Nachricht_S_9_unten_Basel.jpg","contentUrl":"https:\/\/www.immobilienbusiness.ch\/wp-content\/uploads\/2023\/03\/Nachricht_S_9_unten_Basel.jpg","width":825,"height":464,"caption":"Die \u00dcberbauung VoltaOst in Basel (Quelle: Studio Trachsler Hoffmann)"},{"@type":"BreadcrumbList","@id":"https:\/\/www.immobilienbusiness.ch\/en\/regionen\/2023-03-20\/basel-baustart-fuer-das-projekt-volta-ost\/#breadcrumb","itemListElement":[{"@type":"ListItem","position":1,"name":"Home","item":"https:\/\/www.immobilienbusiness.ch\/"},{"@type":"ListItem","position":2,"name":"Basel: Baustart f\u00fcr das Projekt Volta Ost"}]},{"@type":"WebSite","@id":"https:\/\/www.immobilienbusiness.ch\/#website","url":"https:\/\/www.immobilienbusiness.ch\/","name":"IMMOBILIER Business","description":"Magazine \u00e9conomique suisse ind\u00e9pendant ax\u00e9 sur l'immobilier, l'architecture et la construction ainsi que sur les investissements et le financement.","publisher":{"@id":"https:\/\/www.immobilienbusiness.ch\/#organization"},"potentialAction":[{"@type":"SearchAction","target":{"@type":"EntryPoint","urlTemplate":"https:\/\/www.immobilienbusiness.ch\/?s={search_term_string}"},"query-input":{"@type":"PropertyValueSpecification","valueRequired":true,"valueName":"search_term_string"}}],"inLanguage":"fr-FR"},{"@type":"Organization","@id":"https:\/\/www.immobilienbusiness.ch\/#organization","name":"IMMOBILIER Business","url":"https:\/\/www.immobilienbusiness.ch\/","logo":{"@type":"ImageObject","inLanguage":"fr-FR","@id":"https:\/\/www.immobilienbusiness.ch\/#\/schema\/logo\/image\/","url":"https:\/\/www.immobilienbusiness.ch\/wp-content\/uploads\/2021\/07\/logo_ib.png","contentUrl":"https:\/\/www.immobilienbusiness.ch\/wp-content\/uploads\/2021\/07\/logo_ib.png","width":800,"height":181,"caption":"IMMOBILIEN Business"},"image":{"@id":"https:\/\/www.immobilienbusiness.ch\/#\/schema\/logo\/image\/"},"sameAs":["https:\/\/www.facebook.com\/immobilienbusiness\/"]},{"@type":"Person","@id":"https:\/\/www.immobilienbusiness.ch\/#\/schema\/person\/3fc036297b10b9f42d6db5ee932af8c8","name":"anja.hall","image":{"@type":"ImageObject","inLanguage":"fr-FR","@id":"https:\/\/secure.gravatar.com\/avatar\/066b5a0d447013502c71a5782f4f3469f03cfe595cc2329fb94652fe47511bfb?s=96&d=mm&r=g","url":"https:\/\/secure.gravatar.com\/avatar\/066b5a0d447013502c71a5782f4f3469f03cfe595cc2329fb94652fe47511bfb?s=96&d=mm&r=g","contentUrl":"https:\/\/secure.gravatar.com\/avatar\/066b5a0d447013502c71a5782f4f3469f03cfe595cc2329fb94652fe47511bfb?s=96&d=mm&r=g","caption":"anja.hall"},"url":"https:\/\/www.immobilienbusiness.ch\/fr\/author\/anja-hall\/"}]}},"_links":{"self":[{"href":"https:\/\/www.immobilienbusiness.ch\/fr\/wp-json\/wp\/v2\/posts\/46216","targetHints":{"allow":["GET"]}}],"collection":[{"href":"https:\/\/www.immobilienbusiness.ch\/fr\/wp-json\/wp\/v2\/posts"}],"about":[{"href":"https:\/\/www.immobilienbusiness.ch\/fr\/wp-json\/wp\/v2\/types\/post"}],"author":[{"embeddable":true,"href":"https:\/\/www.immobilienbusiness.ch\/fr\/wp-json\/wp\/v2\/users\/3"}],"replies":[{"embeddable":true,"href":"https:\/\/www.immobilienbusiness.ch\/fr\/wp-json\/wp\/v2\/comments?post=46216"}],"version-history":[{"count":2,"href":"https:\/\/www.immobilienbusiness.ch\/fr\/wp-json\/wp\/v2\/posts\/46216\/revisions"}],"predecessor-version":[{"id":46221,"href":"https:\/\/www.immobilienbusiness.ch\/fr\/wp-json\/wp\/v2\/posts\/46216\/revisions\/46221"}],"wp:featuredmedia":[{"embeddable":true,"href":"https:\/\/www.immobilienbusiness.ch\/fr\/wp-json\/wp\/v2\/media\/46220"}],"wp:attachment":[{"href":"https:\/\/www.immobilienbusiness.ch\/fr\/wp-json\/wp\/v2\/media?parent=46216"}],"wp:term":[{"taxonomy":"category","embeddable":true,"href":"https:\/\/www.immobilienbusiness.ch\/fr\/wp-json\/wp\/v2\/categories?post=46216"},{"taxonomy":"post_tag","embeddable":true,"href":"https:\/\/www.immobilienbusiness.ch\/fr\/wp-json\/wp\/v2\/tags?post=46216"}],"curies":[{"name":"wp","href":"https:\/\/api.w.org\/{rel}","templated":true}]}}