{"id":46125,"date":"2023-03-13T08:09:15","date_gmt":"2023-03-13T07:09:15","guid":{"rendered":"https:\/\/www.immobilienbusiness.ch\/?p=46125"},"modified":"2023-03-16T08:57:20","modified_gmt":"2023-03-16T07:57:20","slug":"credit-suisse-thomas-rieder-wird-neuer-leiter-immobilienanalyse-schweiz","status":"publish","type":"post","link":"https:\/\/www.immobilienbusiness.ch\/fr\/personalia\/2023-03-13\/credit-suisse-thomas-rieder-wird-neuer-leiter-immobilienanalyse-schweiz\/","title":{"rendered":"Le Credit Suisse : Thomas Rieder devient le nouveau responsable de l'analyse immobili\u00e8re en Suisse"},"content":{"rendered":"<figure id=\"attachment_46126\" aria-describedby=\"caption-attachment-46126\" style=\"width: 1400px\" class=\"wp-caption alignnone\"><a href=\"https:\/\/www.immobilienbusiness.ch\/wp-content\/uploads\/2023\/03\/Thomas-Rieder-scaled.jpg\"><img loading=\"lazy\" decoding=\"async\" class=\"size-full wp-image-46126\" src=\"https:\/\/www.immobilienbusiness.ch\/wp-content\/uploads\/2023\/03\/Thomas-Rieder-scaled.jpg\" alt=\"\" width=\"1400\" height=\"934\" srcset=\"https:\/\/www.immobilienbusiness.ch\/wp-content\/uploads\/2023\/03\/Thomas-Rieder-scaled.jpg 1200w, https:\/\/www.immobilienbusiness.ch\/wp-content\/uploads\/2023\/03\/Thomas-Rieder-300x200.jpg 300w, https:\/\/www.immobilienbusiness.ch\/wp-content\/uploads\/2023\/03\/Thomas-Rieder-1024x683.jpg 1024w, https:\/\/www.immobilienbusiness.ch\/wp-content\/uploads\/2023\/03\/Thomas-Rieder-768x512.jpg 768w, https:\/\/www.immobilienbusiness.ch\/wp-content\/uploads\/2023\/03\/Thomas-Rieder-1536x1024.jpg 1536w, https:\/\/www.immobilienbusiness.ch\/wp-content\/uploads\/2023\/03\/Thomas-Rieder-2048x1366.jpg 2048w, https:\/\/www.immobilienbusiness.ch\/wp-content\/uploads\/2023\/03\/Thomas-Rieder-18x12.jpg 18w, https:\/\/www.immobilienbusiness.ch\/wp-content\/uploads\/2023\/03\/Thomas-Rieder-375x250.jpg 375w, https:\/\/www.immobilienbusiness.ch\/wp-content\/uploads\/2023\/03\/Thomas-Rieder-525x350.jpg 525w, https:\/\/www.immobilienbusiness.ch\/wp-content\/uploads\/2023\/03\/Thomas-Rieder-1000x667.jpg 1000w\" sizes=\"auto, (max-width: 1400px) 100vw, 1400px\" \/><\/a><figcaption id=\"caption-attachment-46126\" class=\"wp-caption-text\">Thomas Rieder (Source : Credit Suisse)<\/figcaption><\/figure>\n<p>Fredy Hasenmaile travaille depuis plus de 20 ans pour le Credit Suisse. Depuis janvier 2006, il occupe le poste de Head Real Estate Economics. Comme le communique la grande banque, Hasenmaile va \"relever un nouveau d\u00e9fi en dehors du Credit Suisse\".<\/p>\n<p>Thomas Rieder (n\u00e9 en 1981) sera le nouveau responsable de l'analyse immobili\u00e8re en Suisse \u00e0 partir du 1er mai. Il rapportera \u00e0 Sara Carnazzi Weber, qui dirige les \u00e9quipes d'\u00e9conomistes ax\u00e9es sur la Suisse au sein du d\u00e9partement Investment Solutions &amp; Sustainability.<\/p>\n<p>Rieder travaille depuis 2006 au sein du d\u00e9partement de recherche du Credit Suisse. Il a largement contribu\u00e9 \u00e0 fa\u00e7onner le domaine Swiss Real Estate Economics et s'est jusqu'\u00e0 pr\u00e9sent occup\u00e9, entre autres, de l'analyse du march\u00e9 de la propri\u00e9t\u00e9 du logement et du march\u00e9 hypoth\u00e9caire ainsi que de l'\u00e9valuation \u00e9conomique de grands projets de construction. Depuis 2021, Rieder fait partie du groupe d'experts Mod\u00e8les de prix des terrains du canton de Zurich et enseigne l'\u00e9conomie immobili\u00e8re dans les hautes \u00e9coles suisses en tant que professeur invit\u00e9.<\/p>\n<p>\"Je suis tr\u00e8s heureuse d'annoncer qu'en la personne de Thomas Rieder, nous avons trouv\u00e9 une solution de succession interne pour la direction de l'analyse immobili\u00e8re suisse\", a d\u00e9clar\u00e9 Nannette Hechler-Fayd'herbe, responsable Global Economics &amp; Research au Credit Suisse. \"Avec son palmar\u00e8s de longue date au Credit Suisse, il est parfaitement positionn\u00e9 pour suivre les grandes lignes de son pr\u00e9d\u00e9cesseur\". <em>(ah)<\/em><\/p>","protected":false},"excerpt":{"rendered":"<p>Un changement intervient au sein du service de recherche immobili\u00e8re du Credit Suisse : Fredy Hasenmaile quitte la banque et Thomas Rieder lui succ\u00e8de en tant que responsable de l'analyse immobili\u00e8re pour la Suisse.<\/p>","protected":false},"author":3,"featured_media":46126,"comment_status":"closed","ping_status":"closed","sticky":false,"template":"","format":"standard","meta":{"_acf_changed":false,"_yoast_wpseo_focuskw":"Thomas Rieder","_yoast_wpseo_title":"","_yoast_wpseo_metadesc":"Thomas Rieder wird neuer Leiter der Immobilienanalyse Schweiz. Er folgt auf Fredy Hasenmaile, der die Bank verl\u00e4sst.","_yoast_wpseo_linkdex":54,"pgc_sgb_lightbox_settings":"","footnotes":""},"categories":[1912],"tags":[1146,1563],"class_list":["post-46125","post","type-post","status-publish","format-standard","has-post-thumbnail","hentry","category-personalia","tag-credit-suisse","tag-personalia"],"acf":[],"yoast_head":"<!-- This site is optimized with the Yoast SEO plugin v27.5 - https:\/\/yoast.com\/product\/yoast-seo-wordpress\/ -->\n<title>Credit Suisse: Thomas Rieder wird neuer Leiter Immobilienanalyse Schweiz - IMMOBILIEN Business<\/title>\n<meta name=\"description\" content=\"Thomas Rieder wird neuer Leiter der Immobilienanalyse Schweiz. Er folgt auf Fredy Hasenmaile, der die Bank verl\u00e4sst.\" \/>\n<meta name=\"robots\" content=\"index, follow, max-snippet:-1, max-image-preview:large, max-video-preview:-1\" \/>\n<link rel=\"canonical\" href=\"https:\/\/www.immobilienbusiness.ch\/fr\/personalia\/2023-03-13\/credit-suisse-thomas-rieder-wird-neuer-leiter-immobilienanalyse-schweiz\/\" \/>\n<meta property=\"og:locale\" content=\"fr_FR\" \/>\n<meta property=\"og:type\" content=\"article\" \/>\n<meta property=\"og:title\" content=\"Credit Suisse: Thomas Rieder wird neuer Leiter Immobilienanalyse Schweiz - IMMOBILIEN Business\" \/>\n<meta property=\"og:description\" content=\"Thomas Rieder wird neuer Leiter der Immobilienanalyse Schweiz. Er folgt auf Fredy Hasenmaile, der die Bank verl\u00e4sst.\" \/>\n<meta property=\"og:url\" content=\"https:\/\/www.immobilienbusiness.ch\/fr\/personalia\/2023-03-13\/credit-suisse-thomas-rieder-wird-neuer-leiter-immobilienanalyse-schweiz\/\" \/>\n<meta property=\"og:site_name\" content=\"IMMOBILIEN Business\" \/>\n<meta property=\"article:publisher\" content=\"https:\/\/www.facebook.com\/immobilienbusiness\/\" \/>\n<meta property=\"article:published_time\" content=\"2023-03-13T07:09:15+00:00\" \/>\n<meta property=\"article:modified_time\" content=\"2023-03-16T07:57:20+00:00\" \/>\n<meta property=\"og:image\" content=\"https:\/\/www.immobilienbusiness.ch\/wp-content\/uploads\/2023\/03\/Thomas-Rieder-scaled.jpg\" \/>\n\t<meta property=\"og:image:width\" content=\"1200\" \/>\n\t<meta property=\"og:image:height\" content=\"801\" \/>\n\t<meta property=\"og:image:type\" content=\"image\/jpeg\" \/>\n<meta name=\"author\" content=\"anja.hall\" \/>\n<meta name=\"twitter:card\" content=\"summary_large_image\" \/>\n<meta name=\"twitter:image\" content=\"https:\/\/www.immobilienbusiness.ch\/wp-content\/uploads\/2023\/03\/Thomas-Rieder-scaled.jpg\" \/>\n<script type=\"application\/ld+json\" class=\"yoast-schema-graph\">{\"@context\":\"https:\\\/\\\/schema.org\",\"@graph\":[{\"@type\":\"Article\",\"@id\":\"https:\\\/\\\/www.immobilienbusiness.ch\\\/de\\\/personalia\\\/2023-03-13\\\/credit-suisse-thomas-rieder-wird-neuer-leiter-immobilienanalyse-schweiz\\\/#article\",\"isPartOf\":{\"@id\":\"https:\\\/\\\/www.immobilienbusiness.ch\\\/de\\\/personalia\\\/2023-03-13\\\/credit-suisse-thomas-rieder-wird-neuer-leiter-immobilienanalyse-schweiz\\\/\"},\"author\":{\"name\":\"anja.hall\",\"@id\":\"https:\\\/\\\/www.immobilienbusiness.ch\\\/#\\\/schema\\\/person\\\/3fc036297b10b9f42d6db5ee932af8c8\"},\"headline\":\"Credit Suisse: Thomas Rieder wird neuer Leiter Immobilienanalyse Schweiz\",\"datePublished\":\"2023-03-13T07:09:15+00:00\",\"dateModified\":\"2023-03-16T07:57:20+00:00\",\"mainEntityOfPage\":{\"@id\":\"https:\\\/\\\/www.immobilienbusiness.ch\\\/de\\\/personalia\\\/2023-03-13\\\/credit-suisse-thomas-rieder-wird-neuer-leiter-immobilienanalyse-schweiz\\\/\"},\"wordCount\":211,\"publisher\":{\"@id\":\"https:\\\/\\\/www.immobilienbusiness.ch\\\/#organization\"},\"image\":{\"@id\":\"https:\\\/\\\/www.immobilienbusiness.ch\\\/de\\\/personalia\\\/2023-03-13\\\/credit-suisse-thomas-rieder-wird-neuer-leiter-immobilienanalyse-schweiz\\\/#primaryimage\"},\"thumbnailUrl\":\"https:\\\/\\\/www.immobilienbusiness.ch\\\/wp-content\\\/uploads\\\/2023\\\/03\\\/Thomas-Rieder-scaled.jpg\",\"keywords\":[\"Credit Suisse\",\"Personalia\"],\"articleSection\":[\"PERSONALIA\"],\"inLanguage\":\"fr-FR\"},{\"@type\":\"WebPage\",\"@id\":\"https:\\\/\\\/www.immobilienbusiness.ch\\\/de\\\/personalia\\\/2023-03-13\\\/credit-suisse-thomas-rieder-wird-neuer-leiter-immobilienanalyse-schweiz\\\/\",\"url\":\"https:\\\/\\\/www.immobilienbusiness.ch\\\/de\\\/personalia\\\/2023-03-13\\\/credit-suisse-thomas-rieder-wird-neuer-leiter-immobilienanalyse-schweiz\\\/\",\"name\":\"Credit Suisse: Thomas Rieder wird neuer Leiter Immobilienanalyse Schweiz - IMMOBILIEN Business\",\"isPartOf\":{\"@id\":\"https:\\\/\\\/www.immobilienbusiness.ch\\\/#website\"},\"primaryImageOfPage\":{\"@id\":\"https:\\\/\\\/www.immobilienbusiness.ch\\\/de\\\/personalia\\\/2023-03-13\\\/credit-suisse-thomas-rieder-wird-neuer-leiter-immobilienanalyse-schweiz\\\/#primaryimage\"},\"image\":{\"@id\":\"https:\\\/\\\/www.immobilienbusiness.ch\\\/de\\\/personalia\\\/2023-03-13\\\/credit-suisse-thomas-rieder-wird-neuer-leiter-immobilienanalyse-schweiz\\\/#primaryimage\"},\"thumbnailUrl\":\"https:\\\/\\\/www.immobilienbusiness.ch\\\/wp-content\\\/uploads\\\/2023\\\/03\\\/Thomas-Rieder-scaled.jpg\",\"datePublished\":\"2023-03-13T07:09:15+00:00\",\"dateModified\":\"2023-03-16T07:57:20+00:00\",\"description\":\"Thomas Rieder wird neuer Leiter der Immobilienanalyse Schweiz. Er folgt auf Fredy Hasenmaile, der die Bank verl\u00e4sst.\",\"breadcrumb\":{\"@id\":\"https:\\\/\\\/www.immobilienbusiness.ch\\\/de\\\/personalia\\\/2023-03-13\\\/credit-suisse-thomas-rieder-wird-neuer-leiter-immobilienanalyse-schweiz\\\/#breadcrumb\"},\"inLanguage\":\"fr-FR\",\"potentialAction\":[{\"@type\":\"ReadAction\",\"target\":[\"https:\\\/\\\/www.immobilienbusiness.ch\\\/de\\\/personalia\\\/2023-03-13\\\/credit-suisse-thomas-rieder-wird-neuer-leiter-immobilienanalyse-schweiz\\\/\"]}]},{\"@type\":\"ImageObject\",\"inLanguage\":\"fr-FR\",\"@id\":\"https:\\\/\\\/www.immobilienbusiness.ch\\\/de\\\/personalia\\\/2023-03-13\\\/credit-suisse-thomas-rieder-wird-neuer-leiter-immobilienanalyse-schweiz\\\/#primaryimage\",\"url\":\"https:\\\/\\\/www.immobilienbusiness.ch\\\/wp-content\\\/uploads\\\/2023\\\/03\\\/Thomas-Rieder-scaled.jpg\",\"contentUrl\":\"https:\\\/\\\/www.immobilienbusiness.ch\\\/wp-content\\\/uploads\\\/2023\\\/03\\\/Thomas-Rieder-scaled.jpg\",\"width\":1200,\"height\":801,\"caption\":\"Thomas Rieder (Quelle: Credit Suisse)\"},{\"@type\":\"BreadcrumbList\",\"@id\":\"https:\\\/\\\/www.immobilienbusiness.ch\\\/de\\\/personalia\\\/2023-03-13\\\/credit-suisse-thomas-rieder-wird-neuer-leiter-immobilienanalyse-schweiz\\\/#breadcrumb\",\"itemListElement\":[{\"@type\":\"ListItem\",\"position\":1,\"name\":\"Home\",\"item\":\"https:\\\/\\\/www.immobilienbusiness.ch\\\/\"},{\"@type\":\"ListItem\",\"position\":2,\"name\":\"Credit Suisse: Thomas Rieder wird neuer Leiter Immobilienanalyse Schweiz\"}]},{\"@type\":\"WebSite\",\"@id\":\"https:\\\/\\\/www.immobilienbusiness.ch\\\/#website\",\"url\":\"https:\\\/\\\/www.immobilienbusiness.ch\\\/\",\"name\":\"IMMOBILIEN Business\",\"description\":\"Unabh\u00e4ngiges Schweizer Wirtschaftsmagazin mit Fokus auf Immobilien, Architektur- und Bau sowie Investment- und Finanzierung.\",\"publisher\":{\"@id\":\"https:\\\/\\\/www.immobilienbusiness.ch\\\/#organization\"},\"potentialAction\":[{\"@type\":\"SearchAction\",\"target\":{\"@type\":\"EntryPoint\",\"urlTemplate\":\"https:\\\/\\\/www.immobilienbusiness.ch\\\/?s={search_term_string}\"},\"query-input\":{\"@type\":\"PropertyValueSpecification\",\"valueRequired\":true,\"valueName\":\"search_term_string\"}}],\"inLanguage\":\"fr-FR\"},{\"@type\":\"Organization\",\"@id\":\"https:\\\/\\\/www.immobilienbusiness.ch\\\/#organization\",\"name\":\"IMMOBILIEN Business\",\"url\":\"https:\\\/\\\/www.immobilienbusiness.ch\\\/\",\"logo\":{\"@type\":\"ImageObject\",\"inLanguage\":\"fr-FR\",\"@id\":\"https:\\\/\\\/www.immobilienbusiness.ch\\\/#\\\/schema\\\/logo\\\/image\\\/\",\"url\":\"https:\\\/\\\/www.immobilienbusiness.ch\\\/wp-content\\\/uploads\\\/2021\\\/07\\\/logo_ib.png\",\"contentUrl\":\"https:\\\/\\\/www.immobilienbusiness.ch\\\/wp-content\\\/uploads\\\/2021\\\/07\\\/logo_ib.png\",\"width\":800,\"height\":181,\"caption\":\"IMMOBILIEN Business\"},\"image\":{\"@id\":\"https:\\\/\\\/www.immobilienbusiness.ch\\\/#\\\/schema\\\/logo\\\/image\\\/\"},\"sameAs\":[\"https:\\\/\\\/www.facebook.com\\\/immobilienbusiness\\\/\"]},{\"@type\":\"Person\",\"@id\":\"https:\\\/\\\/www.immobilienbusiness.ch\\\/#\\\/schema\\\/person\\\/3fc036297b10b9f42d6db5ee932af8c8\",\"name\":\"anja.hall\",\"image\":{\"@type\":\"ImageObject\",\"inLanguage\":\"fr-FR\",\"@id\":\"https:\\\/\\\/secure.gravatar.com\\\/avatar\\\/066b5a0d447013502c71a5782f4f3469f03cfe595cc2329fb94652fe47511bfb?s=96&d=mm&r=g\",\"url\":\"https:\\\/\\\/secure.gravatar.com\\\/avatar\\\/066b5a0d447013502c71a5782f4f3469f03cfe595cc2329fb94652fe47511bfb?s=96&d=mm&r=g\",\"contentUrl\":\"https:\\\/\\\/secure.gravatar.com\\\/avatar\\\/066b5a0d447013502c71a5782f4f3469f03cfe595cc2329fb94652fe47511bfb?s=96&d=mm&r=g\",\"caption\":\"anja.hall\"},\"url\":\"https:\\\/\\\/www.immobilienbusiness.ch\\\/fr\\\/author\\\/anja-hall\\\/\"}]}<\/script>\n<!-- \/ Yoast SEO plugin. -->","yoast_head_json":{"title":"Credit Suisse: Thomas Rieder wird neuer Leiter Immobilienanalyse Schweiz - IMMOBILIEN Business","description":"Thomas Rieder wird neuer Leiter der Immobilienanalyse Schweiz. Er folgt auf Fredy Hasenmaile, der die Bank verl\u00e4sst.","robots":{"index":"index","follow":"follow","max-snippet":"max-snippet:-1","max-image-preview":"max-image-preview:large","max-video-preview":"max-video-preview:-1"},"canonical":"https:\/\/www.immobilienbusiness.ch\/fr\/personalia\/2023-03-13\/credit-suisse-thomas-rieder-wird-neuer-leiter-immobilienanalyse-schweiz\/","og_locale":"fr_FR","og_type":"article","og_title":"Credit Suisse: Thomas Rieder wird neuer Leiter Immobilienanalyse Schweiz - IMMOBILIEN Business","og_description":"Thomas Rieder wird neuer Leiter der Immobilienanalyse Schweiz. Er folgt auf Fredy Hasenmaile, der die Bank verl\u00e4sst.","og_url":"https:\/\/www.immobilienbusiness.ch\/fr\/personalia\/2023-03-13\/credit-suisse-thomas-rieder-wird-neuer-leiter-immobilienanalyse-schweiz\/","og_site_name":"IMMOBILIEN Business","article_publisher":"https:\/\/www.facebook.com\/immobilienbusiness\/","article_published_time":"2023-03-13T07:09:15+00:00","article_modified_time":"2023-03-16T07:57:20+00:00","og_image":[{"width":1200,"height":801,"url":"https:\/\/www.immobilienbusiness.ch\/wp-content\/uploads\/2023\/03\/Thomas-Rieder-scaled.jpg","type":"image\/jpeg"}],"author":"anja.hall","twitter_card":"summary_large_image","twitter_image":"https:\/\/www.immobilienbusiness.ch\/wp-content\/uploads\/2023\/03\/Thomas-Rieder-scaled.jpg","schema":{"@context":"https:\/\/schema.org","@graph":[{"@type":"Article","@id":"https:\/\/www.immobilienbusiness.ch\/de\/personalia\/2023-03-13\/credit-suisse-thomas-rieder-wird-neuer-leiter-immobilienanalyse-schweiz\/#article","isPartOf":{"@id":"https:\/\/www.immobilienbusiness.ch\/de\/personalia\/2023-03-13\/credit-suisse-thomas-rieder-wird-neuer-leiter-immobilienanalyse-schweiz\/"},"author":{"name":"anja.hall","@id":"https:\/\/www.immobilienbusiness.ch\/#\/schema\/person\/3fc036297b10b9f42d6db5ee932af8c8"},"headline":"Credit Suisse: Thomas Rieder wird neuer Leiter Immobilienanalyse Schweiz","datePublished":"2023-03-13T07:09:15+00:00","dateModified":"2023-03-16T07:57:20+00:00","mainEntityOfPage":{"@id":"https:\/\/www.immobilienbusiness.ch\/de\/personalia\/2023-03-13\/credit-suisse-thomas-rieder-wird-neuer-leiter-immobilienanalyse-schweiz\/"},"wordCount":211,"publisher":{"@id":"https:\/\/www.immobilienbusiness.ch\/#organization"},"image":{"@id":"https:\/\/www.immobilienbusiness.ch\/de\/personalia\/2023-03-13\/credit-suisse-thomas-rieder-wird-neuer-leiter-immobilienanalyse-schweiz\/#primaryimage"},"thumbnailUrl":"https:\/\/www.immobilienbusiness.ch\/wp-content\/uploads\/2023\/03\/Thomas-Rieder-scaled.jpg","keywords":["Credit Suisse","Personalia"],"articleSection":["PERSONALIA"],"inLanguage":"fr-FR"},{"@type":"WebPage","@id":"https:\/\/www.immobilienbusiness.ch\/de\/personalia\/2023-03-13\/credit-suisse-thomas-rieder-wird-neuer-leiter-immobilienanalyse-schweiz\/","url":"https:\/\/www.immobilienbusiness.ch\/de\/personalia\/2023-03-13\/credit-suisse-thomas-rieder-wird-neuer-leiter-immobilienanalyse-schweiz\/","name":"Credit Suisse: Thomas Rieder wird neuer Leiter Immobilienanalyse Schweiz - IMMOBILIEN Business","isPartOf":{"@id":"https:\/\/www.immobilienbusiness.ch\/#website"},"primaryImageOfPage":{"@id":"https:\/\/www.immobilienbusiness.ch\/de\/personalia\/2023-03-13\/credit-suisse-thomas-rieder-wird-neuer-leiter-immobilienanalyse-schweiz\/#primaryimage"},"image":{"@id":"https:\/\/www.immobilienbusiness.ch\/de\/personalia\/2023-03-13\/credit-suisse-thomas-rieder-wird-neuer-leiter-immobilienanalyse-schweiz\/#primaryimage"},"thumbnailUrl":"https:\/\/www.immobilienbusiness.ch\/wp-content\/uploads\/2023\/03\/Thomas-Rieder-scaled.jpg","datePublished":"2023-03-13T07:09:15+00:00","dateModified":"2023-03-16T07:57:20+00:00","description":"Thomas Rieder wird neuer Leiter der Immobilienanalyse Schweiz. Er folgt auf Fredy Hasenmaile, der die Bank verl\u00e4sst.","breadcrumb":{"@id":"https:\/\/www.immobilienbusiness.ch\/de\/personalia\/2023-03-13\/credit-suisse-thomas-rieder-wird-neuer-leiter-immobilienanalyse-schweiz\/#breadcrumb"},"inLanguage":"fr-FR","potentialAction":[{"@type":"ReadAction","target":["https:\/\/www.immobilienbusiness.ch\/de\/personalia\/2023-03-13\/credit-suisse-thomas-rieder-wird-neuer-leiter-immobilienanalyse-schweiz\/"]}]},{"@type":"ImageObject","inLanguage":"fr-FR","@id":"https:\/\/www.immobilienbusiness.ch\/de\/personalia\/2023-03-13\/credit-suisse-thomas-rieder-wird-neuer-leiter-immobilienanalyse-schweiz\/#primaryimage","url":"https:\/\/www.immobilienbusiness.ch\/wp-content\/uploads\/2023\/03\/Thomas-Rieder-scaled.jpg","contentUrl":"https:\/\/www.immobilienbusiness.ch\/wp-content\/uploads\/2023\/03\/Thomas-Rieder-scaled.jpg","width":1200,"height":801,"caption":"Thomas Rieder (Quelle: Credit Suisse)"},{"@type":"BreadcrumbList","@id":"https:\/\/www.immobilienbusiness.ch\/de\/personalia\/2023-03-13\/credit-suisse-thomas-rieder-wird-neuer-leiter-immobilienanalyse-schweiz\/#breadcrumb","itemListElement":[{"@type":"ListItem","position":1,"name":"Home","item":"https:\/\/www.immobilienbusiness.ch\/"},{"@type":"ListItem","position":2,"name":"Credit Suisse: Thomas Rieder wird neuer Leiter Immobilienanalyse Schweiz"}]},{"@type":"WebSite","@id":"https:\/\/www.immobilienbusiness.ch\/#website","url":"https:\/\/www.immobilienbusiness.ch\/","name":"IMMOBILIER Business","description":"Magazine \u00e9conomique suisse ind\u00e9pendant ax\u00e9 sur l'immobilier, l'architecture et la construction ainsi que sur les investissements et le financement.","publisher":{"@id":"https:\/\/www.immobilienbusiness.ch\/#organization"},"potentialAction":[{"@type":"SearchAction","target":{"@type":"EntryPoint","urlTemplate":"https:\/\/www.immobilienbusiness.ch\/?s={search_term_string}"},"query-input":{"@type":"PropertyValueSpecification","valueRequired":true,"valueName":"search_term_string"}}],"inLanguage":"fr-FR"},{"@type":"Organization","@id":"https:\/\/www.immobilienbusiness.ch\/#organization","name":"IMMOBILIER Business","url":"https:\/\/www.immobilienbusiness.ch\/","logo":{"@type":"ImageObject","inLanguage":"fr-FR","@id":"https:\/\/www.immobilienbusiness.ch\/#\/schema\/logo\/image\/","url":"https:\/\/www.immobilienbusiness.ch\/wp-content\/uploads\/2021\/07\/logo_ib.png","contentUrl":"https:\/\/www.immobilienbusiness.ch\/wp-content\/uploads\/2021\/07\/logo_ib.png","width":800,"height":181,"caption":"IMMOBILIEN Business"},"image":{"@id":"https:\/\/www.immobilienbusiness.ch\/#\/schema\/logo\/image\/"},"sameAs":["https:\/\/www.facebook.com\/immobilienbusiness\/"]},{"@type":"Person","@id":"https:\/\/www.immobilienbusiness.ch\/#\/schema\/person\/3fc036297b10b9f42d6db5ee932af8c8","name":"anja.hall","image":{"@type":"ImageObject","inLanguage":"fr-FR","@id":"https:\/\/secure.gravatar.com\/avatar\/066b5a0d447013502c71a5782f4f3469f03cfe595cc2329fb94652fe47511bfb?s=96&d=mm&r=g","url":"https:\/\/secure.gravatar.com\/avatar\/066b5a0d447013502c71a5782f4f3469f03cfe595cc2329fb94652fe47511bfb?s=96&d=mm&r=g","contentUrl":"https:\/\/secure.gravatar.com\/avatar\/066b5a0d447013502c71a5782f4f3469f03cfe595cc2329fb94652fe47511bfb?s=96&d=mm&r=g","caption":"anja.hall"},"url":"https:\/\/www.immobilienbusiness.ch\/fr\/author\/anja-hall\/"}]}},"_links":{"self":[{"href":"https:\/\/www.immobilienbusiness.ch\/fr\/wp-json\/wp\/v2\/posts\/46125","targetHints":{"allow":["GET"]}}],"collection":[{"href":"https:\/\/www.immobilienbusiness.ch\/fr\/wp-json\/wp\/v2\/posts"}],"about":[{"href":"https:\/\/www.immobilienbusiness.ch\/fr\/wp-json\/wp\/v2\/types\/post"}],"author":[{"embeddable":true,"href":"https:\/\/www.immobilienbusiness.ch\/fr\/wp-json\/wp\/v2\/users\/3"}],"replies":[{"embeddable":true,"href":"https:\/\/www.immobilienbusiness.ch\/fr\/wp-json\/wp\/v2\/comments?post=46125"}],"version-history":[{"count":5,"href":"https:\/\/www.immobilienbusiness.ch\/fr\/wp-json\/wp\/v2\/posts\/46125\/revisions"}],"predecessor-version":[{"id":46173,"href":"https:\/\/www.immobilienbusiness.ch\/fr\/wp-json\/wp\/v2\/posts\/46125\/revisions\/46173"}],"wp:featuredmedia":[{"embeddable":true,"href":"https:\/\/www.immobilienbusiness.ch\/fr\/wp-json\/wp\/v2\/media\/46126"}],"wp:attachment":[{"href":"https:\/\/www.immobilienbusiness.ch\/fr\/wp-json\/wp\/v2\/media?parent=46125"}],"wp:term":[{"taxonomy":"category","embeddable":true,"href":"https:\/\/www.immobilienbusiness.ch\/fr\/wp-json\/wp\/v2\/categories?post=46125"},{"taxonomy":"post_tag","embeddable":true,"href":"https:\/\/www.immobilienbusiness.ch\/fr\/wp-json\/wp\/v2\/tags?post=46125"}],"curies":[{"name":"wp","href":"https:\/\/api.w.org\/{rel}","templated":true}]}}