{"id":46091,"date":"2023-03-09T09:12:11","date_gmt":"2023-03-09T08:12:11","guid":{"rendered":"https:\/\/www.immobilienbusiness.ch\/?p=46091"},"modified":"2023-07-06T06:46:04","modified_gmt":"2023-07-06T04:46:04","slug":"warteck-invest-uebernimmt-wohnportfolio-im-raum-basel","status":"publish","type":"post","link":"https:\/\/www.immobilienbusiness.ch\/fr\/unternehmen\/2023-03-09\/warteck-invest-uebernimmt-wohnportfolio-im-raum-basel\/","title":{"rendered":"Warteck Invest reprend un portefeuille de logements dans la r\u00e9gion de B\u00e2le"},"content":{"rendered":"<figure id=\"attachment_18531\" aria-describedby=\"caption-attachment-18531\" style=\"width: 999px\" class=\"wp-caption alignnone\"><a href=\"https:\/\/www.immobilienbusiness.ch\/wp-content\/uploads\/2019\/09\/Basel.jpg\"><img loading=\"lazy\" decoding=\"async\" class=\"size-full wp-image-18531\" src=\"https:\/\/www.immobilienbusiness.ch\/wp-content\/uploads\/2019\/09\/Basel.jpg\" alt=\"\" width=\"999\" height=\"428\" srcset=\"https:\/\/www.immobilienbusiness.ch\/wp-content\/uploads\/2019\/09\/Basel.jpg 999w, https:\/\/www.immobilienbusiness.ch\/wp-content\/uploads\/2019\/09\/Basel-300x129.jpg 300w, https:\/\/www.immobilienbusiness.ch\/wp-content\/uploads\/2019\/09\/Basel-768x329.jpg 768w, https:\/\/www.immobilienbusiness.ch\/wp-content\/uploads\/2019\/09\/Basel-16x7.jpg 16w, https:\/\/www.immobilienbusiness.ch\/wp-content\/uploads\/2019\/09\/Basel-375x161.jpg 375w, https:\/\/www.immobilienbusiness.ch\/wp-content\/uploads\/2019\/09\/Basel-760x326.jpg 760w, https:\/\/www.immobilienbusiness.ch\/wp-content\/uploads\/2019\/09\/Basel-920x394.jpg 920w\" sizes=\"auto, (max-width: 999px) 100vw, 999px\" \/><\/a><figcaption id=\"caption-attachment-18531\" class=\"wp-caption-text\">B\u00e2le (Image : bloodua - depositphotos)<\/figcaption><\/figure>\n<p>Warteck Invest a sign\u00e9 un contrat pour l'acquisition de toutes les actions d'une soci\u00e9t\u00e9 anonyme qui d\u00e9tient quatre immeubles d'habitation dans la ville de B\u00e2le et \u00e0 Binningen ainsi qu'un portefeuille de titres. C'est ce qu'\u00e9crit la soci\u00e9t\u00e9 immobili\u00e8re dans un communiqu\u00e9 ad hoc. La valeur de march\u00e9 des biens immobiliers s'\u00e9l\u00e8ve \u00e0 29 millions de CHF (au 31.12.2022), tandis que le portefeuille de titres vaut 63,5 millions de CHF. Suite \u00e0 cette transaction, Warteck Invest a l'intention de c\u00e9der le portefeuille de titres afin d'investir les fonds dans le d\u00e9veloppement du portefeuille immobilier.<\/p>\n<p>Comme l'indique encore la soci\u00e9t\u00e9 immobili\u00e8re, la conclusion du contrat est encore soumise \u00e0 certaines conditions suspensives, notamment la conclusion d'une due diligence r\u00e9ussie sur la soci\u00e9t\u00e9 anonyme et l'obtention des rulings fiscaux n\u00e9cessaires.<\/p>\n<p>L'acquisition augmenterait les revenus locatifs annuels th\u00e9oriques de 1,1 million de CHF. Si la transaction est r\u00e9alis\u00e9e comme pr\u00e9vu au deuxi\u00e8me trimestre, Warteck Invest pr\u00e9voit une contribution annuelle au b\u00e9n\u00e9fice d'exploitation avant int\u00e9r\u00eats et imp\u00f4ts (EBIT) de 2,0 \u00e0 2,5 millions de CHF sur cinq ans. Ce montant r\u00e9sulterait de la diff\u00e9rence entre les co\u00fbts d'acquisition et la dissolution des actifs nets repris. <em>(ah)<\/em><\/p>","protected":false},"excerpt":{"rendered":"<p>Warteck Invest rach\u00e8te une soci\u00e9t\u00e9 anonyme qui d\u00e9tient quatre immeubles d'habitation \u00e0 B\u00e2le et \u00e0 Binningen ainsi qu'un portefeuille de titres. Le portefeuille immobilier doit \u00eatre d\u00e9velopp\u00e9.<\/p>","protected":false},"author":3,"featured_media":18531,"comment_status":"closed","ping_status":"closed","sticky":false,"template":"","format":"standard","meta":{"_acf_changed":false,"_yoast_wpseo_focuskw":"Warteck Invest","_yoast_wpseo_title":"","_yoast_wpseo_metadesc":"Warteck Invest kauft eine Aktiengesellschaft, die vier Wohnliegenschaften in Basel und Binningen sowie ein Wertschriftenportfolio h\u00e4lt.","_yoast_wpseo_linkdex":55,"pgc_sgb_lightbox_settings":"","footnotes":""},"categories":[988],"tags":[1069,1414,1846],"class_list":["post-46091","post","type-post","status-publish","format-standard","has-post-thumbnail","hentry","category-unternehmen","tag-basel","tag-kauf","tag-warteck-invest"],"acf":[],"yoast_head":"<!-- This site is optimized with the Yoast SEO plugin v27.5 - https:\/\/yoast.com\/product\/yoast-seo-wordpress\/ -->\n<title>Warteck Invest \u00fcbernimmt Wohnportfolio im Raum Basel - IMMOBILIEN Business<\/title>\n<meta name=\"description\" content=\"Warteck Invest kauft eine Aktiengesellschaft, die vier Wohnliegenschaften in Basel und Binningen sowie ein Wertschriftenportfolio h\u00e4lt.\" \/>\n<meta name=\"robots\" content=\"index, follow, max-snippet:-1, max-image-preview:large, max-video-preview:-1\" \/>\n<link rel=\"canonical\" href=\"https:\/\/www.immobilienbusiness.ch\/fr\/unternehmen\/2023-03-09\/warteck-invest-uebernimmt-wohnportfolio-im-raum-basel\/\" \/>\n<meta property=\"og:locale\" content=\"fr_FR\" \/>\n<meta property=\"og:type\" content=\"article\" \/>\n<meta property=\"og:title\" content=\"Warteck Invest \u00fcbernimmt Wohnportfolio im Raum Basel - IMMOBILIEN Business\" \/>\n<meta property=\"og:description\" content=\"Warteck Invest kauft eine Aktiengesellschaft, die vier Wohnliegenschaften in Basel und Binningen sowie ein Wertschriftenportfolio h\u00e4lt.\" \/>\n<meta property=\"og:url\" content=\"https:\/\/www.immobilienbusiness.ch\/fr\/unternehmen\/2023-03-09\/warteck-invest-uebernimmt-wohnportfolio-im-raum-basel\/\" \/>\n<meta property=\"og:site_name\" content=\"IMMOBILIEN Business\" \/>\n<meta property=\"article:publisher\" content=\"https:\/\/www.facebook.com\/immobilienbusiness\/\" \/>\n<meta property=\"article:published_time\" content=\"2023-03-09T08:12:11+00:00\" \/>\n<meta property=\"article:modified_time\" content=\"2023-07-06T04:46:04+00:00\" \/>\n<meta property=\"og:image\" content=\"https:\/\/www.immobilienbusiness.ch\/wp-content\/uploads\/2019\/09\/Basel.jpg\" \/>\n\t<meta property=\"og:image:width\" content=\"999\" \/>\n\t<meta property=\"og:image:height\" content=\"428\" \/>\n\t<meta property=\"og:image:type\" content=\"image\/jpeg\" \/>\n<meta name=\"author\" content=\"anja.hall\" \/>\n<meta name=\"twitter:card\" content=\"summary_large_image\" \/>\n<meta name=\"twitter:image\" content=\"https:\/\/www.immobilienbusiness.ch\/wp-content\/uploads\/2019\/09\/Basel.jpg\" \/>\n<script type=\"application\/ld+json\" class=\"yoast-schema-graph\">{\"@context\":\"https:\\\/\\\/schema.org\",\"@graph\":[{\"@type\":\"Article\",\"@id\":\"https:\\\/\\\/www.immobilienbusiness.ch\\\/de\\\/unternehmen\\\/2023-03-09\\\/warteck-invest-uebernimmt-wohnportfolio-im-raum-basel\\\/#article\",\"isPartOf\":{\"@id\":\"https:\\\/\\\/www.immobilienbusiness.ch\\\/de\\\/unternehmen\\\/2023-03-09\\\/warteck-invest-uebernimmt-wohnportfolio-im-raum-basel\\\/\"},\"author\":{\"name\":\"anja.hall\",\"@id\":\"https:\\\/\\\/www.immobilienbusiness.ch\\\/#\\\/schema\\\/person\\\/3fc036297b10b9f42d6db5ee932af8c8\"},\"headline\":\"Warteck Invest \u00fcbernimmt Wohnportfolio im Raum Basel\",\"datePublished\":\"2023-03-09T08:12:11+00:00\",\"dateModified\":\"2023-07-06T04:46:04+00:00\",\"mainEntityOfPage\":{\"@id\":\"https:\\\/\\\/www.immobilienbusiness.ch\\\/de\\\/unternehmen\\\/2023-03-09\\\/warteck-invest-uebernimmt-wohnportfolio-im-raum-basel\\\/\"},\"wordCount\":190,\"publisher\":{\"@id\":\"https:\\\/\\\/www.immobilienbusiness.ch\\\/#organization\"},\"image\":{\"@id\":\"https:\\\/\\\/www.immobilienbusiness.ch\\\/de\\\/unternehmen\\\/2023-03-09\\\/warteck-invest-uebernimmt-wohnportfolio-im-raum-basel\\\/#primaryimage\"},\"thumbnailUrl\":\"https:\\\/\\\/www.immobilienbusiness.ch\\\/wp-content\\\/uploads\\\/2019\\\/09\\\/Basel.jpg\",\"keywords\":[\"Basel\",\"Kauf\",\"Warteck Invest\"],\"articleSection\":[\"UNTERNEHMEN\"],\"inLanguage\":\"fr-FR\"},{\"@type\":\"WebPage\",\"@id\":\"https:\\\/\\\/www.immobilienbusiness.ch\\\/de\\\/unternehmen\\\/2023-03-09\\\/warteck-invest-uebernimmt-wohnportfolio-im-raum-basel\\\/\",\"url\":\"https:\\\/\\\/www.immobilienbusiness.ch\\\/de\\\/unternehmen\\\/2023-03-09\\\/warteck-invest-uebernimmt-wohnportfolio-im-raum-basel\\\/\",\"name\":\"Warteck Invest \u00fcbernimmt Wohnportfolio im Raum Basel - IMMOBILIEN Business\",\"isPartOf\":{\"@id\":\"https:\\\/\\\/www.immobilienbusiness.ch\\\/#website\"},\"primaryImageOfPage\":{\"@id\":\"https:\\\/\\\/www.immobilienbusiness.ch\\\/de\\\/unternehmen\\\/2023-03-09\\\/warteck-invest-uebernimmt-wohnportfolio-im-raum-basel\\\/#primaryimage\"},\"image\":{\"@id\":\"https:\\\/\\\/www.immobilienbusiness.ch\\\/de\\\/unternehmen\\\/2023-03-09\\\/warteck-invest-uebernimmt-wohnportfolio-im-raum-basel\\\/#primaryimage\"},\"thumbnailUrl\":\"https:\\\/\\\/www.immobilienbusiness.ch\\\/wp-content\\\/uploads\\\/2019\\\/09\\\/Basel.jpg\",\"datePublished\":\"2023-03-09T08:12:11+00:00\",\"dateModified\":\"2023-07-06T04:46:04+00:00\",\"description\":\"Warteck Invest kauft eine Aktiengesellschaft, die vier Wohnliegenschaften in Basel und Binningen sowie ein Wertschriftenportfolio h\u00e4lt.\",\"breadcrumb\":{\"@id\":\"https:\\\/\\\/www.immobilienbusiness.ch\\\/de\\\/unternehmen\\\/2023-03-09\\\/warteck-invest-uebernimmt-wohnportfolio-im-raum-basel\\\/#breadcrumb\"},\"inLanguage\":\"fr-FR\",\"potentialAction\":[{\"@type\":\"ReadAction\",\"target\":[\"https:\\\/\\\/www.immobilienbusiness.ch\\\/de\\\/unternehmen\\\/2023-03-09\\\/warteck-invest-uebernimmt-wohnportfolio-im-raum-basel\\\/\"]}]},{\"@type\":\"ImageObject\",\"inLanguage\":\"fr-FR\",\"@id\":\"https:\\\/\\\/www.immobilienbusiness.ch\\\/de\\\/unternehmen\\\/2023-03-09\\\/warteck-invest-uebernimmt-wohnportfolio-im-raum-basel\\\/#primaryimage\",\"url\":\"https:\\\/\\\/www.immobilienbusiness.ch\\\/wp-content\\\/uploads\\\/2019\\\/09\\\/Basel.jpg\",\"contentUrl\":\"https:\\\/\\\/www.immobilienbusiness.ch\\\/wp-content\\\/uploads\\\/2019\\\/09\\\/Basel.jpg\",\"width\":999,\"height\":428,\"caption\":\"Basel (Bild: bloodua - depositphotos)\"},{\"@type\":\"BreadcrumbList\",\"@id\":\"https:\\\/\\\/www.immobilienbusiness.ch\\\/de\\\/unternehmen\\\/2023-03-09\\\/warteck-invest-uebernimmt-wohnportfolio-im-raum-basel\\\/#breadcrumb\",\"itemListElement\":[{\"@type\":\"ListItem\",\"position\":1,\"name\":\"Home\",\"item\":\"https:\\\/\\\/www.immobilienbusiness.ch\\\/\"},{\"@type\":\"ListItem\",\"position\":2,\"name\":\"Warteck Invest \u00fcbernimmt Wohnportfolio im Raum Basel\"}]},{\"@type\":\"WebSite\",\"@id\":\"https:\\\/\\\/www.immobilienbusiness.ch\\\/#website\",\"url\":\"https:\\\/\\\/www.immobilienbusiness.ch\\\/\",\"name\":\"IMMOBILIEN Business\",\"description\":\"Unabh\u00e4ngiges Schweizer Wirtschaftsmagazin mit Fokus auf Immobilien, Architektur- und Bau sowie Investment- und Finanzierung.\",\"publisher\":{\"@id\":\"https:\\\/\\\/www.immobilienbusiness.ch\\\/#organization\"},\"potentialAction\":[{\"@type\":\"SearchAction\",\"target\":{\"@type\":\"EntryPoint\",\"urlTemplate\":\"https:\\\/\\\/www.immobilienbusiness.ch\\\/?s={search_term_string}\"},\"query-input\":{\"@type\":\"PropertyValueSpecification\",\"valueRequired\":true,\"valueName\":\"search_term_string\"}}],\"inLanguage\":\"fr-FR\"},{\"@type\":\"Organization\",\"@id\":\"https:\\\/\\\/www.immobilienbusiness.ch\\\/#organization\",\"name\":\"IMMOBILIEN Business\",\"url\":\"https:\\\/\\\/www.immobilienbusiness.ch\\\/\",\"logo\":{\"@type\":\"ImageObject\",\"inLanguage\":\"fr-FR\",\"@id\":\"https:\\\/\\\/www.immobilienbusiness.ch\\\/#\\\/schema\\\/logo\\\/image\\\/\",\"url\":\"https:\\\/\\\/www.immobilienbusiness.ch\\\/wp-content\\\/uploads\\\/2021\\\/07\\\/logo_ib.png\",\"contentUrl\":\"https:\\\/\\\/www.immobilienbusiness.ch\\\/wp-content\\\/uploads\\\/2021\\\/07\\\/logo_ib.png\",\"width\":800,\"height\":181,\"caption\":\"IMMOBILIEN Business\"},\"image\":{\"@id\":\"https:\\\/\\\/www.immobilienbusiness.ch\\\/#\\\/schema\\\/logo\\\/image\\\/\"},\"sameAs\":[\"https:\\\/\\\/www.facebook.com\\\/immobilienbusiness\\\/\"]},{\"@type\":\"Person\",\"@id\":\"https:\\\/\\\/www.immobilienbusiness.ch\\\/#\\\/schema\\\/person\\\/3fc036297b10b9f42d6db5ee932af8c8\",\"name\":\"anja.hall\",\"image\":{\"@type\":\"ImageObject\",\"inLanguage\":\"fr-FR\",\"@id\":\"https:\\\/\\\/secure.gravatar.com\\\/avatar\\\/066b5a0d447013502c71a5782f4f3469f03cfe595cc2329fb94652fe47511bfb?s=96&d=mm&r=g\",\"url\":\"https:\\\/\\\/secure.gravatar.com\\\/avatar\\\/066b5a0d447013502c71a5782f4f3469f03cfe595cc2329fb94652fe47511bfb?s=96&d=mm&r=g\",\"contentUrl\":\"https:\\\/\\\/secure.gravatar.com\\\/avatar\\\/066b5a0d447013502c71a5782f4f3469f03cfe595cc2329fb94652fe47511bfb?s=96&d=mm&r=g\",\"caption\":\"anja.hall\"},\"url\":\"https:\\\/\\\/www.immobilienbusiness.ch\\\/fr\\\/author\\\/anja-hall\\\/\"}]}<\/script>\n<!-- \/ Yoast SEO plugin. -->","yoast_head_json":{"title":"Warteck Invest \u00fcbernimmt Wohnportfolio im Raum Basel - IMMOBILIEN Business","description":"Warteck Invest kauft eine Aktiengesellschaft, die vier Wohnliegenschaften in Basel und Binningen sowie ein Wertschriftenportfolio h\u00e4lt.","robots":{"index":"index","follow":"follow","max-snippet":"max-snippet:-1","max-image-preview":"max-image-preview:large","max-video-preview":"max-video-preview:-1"},"canonical":"https:\/\/www.immobilienbusiness.ch\/fr\/unternehmen\/2023-03-09\/warteck-invest-uebernimmt-wohnportfolio-im-raum-basel\/","og_locale":"fr_FR","og_type":"article","og_title":"Warteck Invest \u00fcbernimmt Wohnportfolio im Raum Basel - IMMOBILIEN Business","og_description":"Warteck Invest kauft eine Aktiengesellschaft, die vier Wohnliegenschaften in Basel und Binningen sowie ein Wertschriftenportfolio h\u00e4lt.","og_url":"https:\/\/www.immobilienbusiness.ch\/fr\/unternehmen\/2023-03-09\/warteck-invest-uebernimmt-wohnportfolio-im-raum-basel\/","og_site_name":"IMMOBILIEN Business","article_publisher":"https:\/\/www.facebook.com\/immobilienbusiness\/","article_published_time":"2023-03-09T08:12:11+00:00","article_modified_time":"2023-07-06T04:46:04+00:00","og_image":[{"width":999,"height":428,"url":"https:\/\/www.immobilienbusiness.ch\/wp-content\/uploads\/2019\/09\/Basel.jpg","type":"image\/jpeg"}],"author":"anja.hall","twitter_card":"summary_large_image","twitter_image":"https:\/\/www.immobilienbusiness.ch\/wp-content\/uploads\/2019\/09\/Basel.jpg","schema":{"@context":"https:\/\/schema.org","@graph":[{"@type":"Article","@id":"https:\/\/www.immobilienbusiness.ch\/de\/unternehmen\/2023-03-09\/warteck-invest-uebernimmt-wohnportfolio-im-raum-basel\/#article","isPartOf":{"@id":"https:\/\/www.immobilienbusiness.ch\/de\/unternehmen\/2023-03-09\/warteck-invest-uebernimmt-wohnportfolio-im-raum-basel\/"},"author":{"name":"anja.hall","@id":"https:\/\/www.immobilienbusiness.ch\/#\/schema\/person\/3fc036297b10b9f42d6db5ee932af8c8"},"headline":"Warteck Invest \u00fcbernimmt Wohnportfolio im Raum Basel","datePublished":"2023-03-09T08:12:11+00:00","dateModified":"2023-07-06T04:46:04+00:00","mainEntityOfPage":{"@id":"https:\/\/www.immobilienbusiness.ch\/de\/unternehmen\/2023-03-09\/warteck-invest-uebernimmt-wohnportfolio-im-raum-basel\/"},"wordCount":190,"publisher":{"@id":"https:\/\/www.immobilienbusiness.ch\/#organization"},"image":{"@id":"https:\/\/www.immobilienbusiness.ch\/de\/unternehmen\/2023-03-09\/warteck-invest-uebernimmt-wohnportfolio-im-raum-basel\/#primaryimage"},"thumbnailUrl":"https:\/\/www.immobilienbusiness.ch\/wp-content\/uploads\/2019\/09\/Basel.jpg","keywords":["Basel","Kauf","Warteck Invest"],"articleSection":["UNTERNEHMEN"],"inLanguage":"fr-FR"},{"@type":"WebPage","@id":"https:\/\/www.immobilienbusiness.ch\/de\/unternehmen\/2023-03-09\/warteck-invest-uebernimmt-wohnportfolio-im-raum-basel\/","url":"https:\/\/www.immobilienbusiness.ch\/de\/unternehmen\/2023-03-09\/warteck-invest-uebernimmt-wohnportfolio-im-raum-basel\/","name":"Warteck Invest \u00fcbernimmt Wohnportfolio im Raum Basel - IMMOBILIEN Business","isPartOf":{"@id":"https:\/\/www.immobilienbusiness.ch\/#website"},"primaryImageOfPage":{"@id":"https:\/\/www.immobilienbusiness.ch\/de\/unternehmen\/2023-03-09\/warteck-invest-uebernimmt-wohnportfolio-im-raum-basel\/#primaryimage"},"image":{"@id":"https:\/\/www.immobilienbusiness.ch\/de\/unternehmen\/2023-03-09\/warteck-invest-uebernimmt-wohnportfolio-im-raum-basel\/#primaryimage"},"thumbnailUrl":"https:\/\/www.immobilienbusiness.ch\/wp-content\/uploads\/2019\/09\/Basel.jpg","datePublished":"2023-03-09T08:12:11+00:00","dateModified":"2023-07-06T04:46:04+00:00","description":"Warteck Invest kauft eine Aktiengesellschaft, die vier Wohnliegenschaften in Basel und Binningen sowie ein Wertschriftenportfolio h\u00e4lt.","breadcrumb":{"@id":"https:\/\/www.immobilienbusiness.ch\/de\/unternehmen\/2023-03-09\/warteck-invest-uebernimmt-wohnportfolio-im-raum-basel\/#breadcrumb"},"inLanguage":"fr-FR","potentialAction":[{"@type":"ReadAction","target":["https:\/\/www.immobilienbusiness.ch\/de\/unternehmen\/2023-03-09\/warteck-invest-uebernimmt-wohnportfolio-im-raum-basel\/"]}]},{"@type":"ImageObject","inLanguage":"fr-FR","@id":"https:\/\/www.immobilienbusiness.ch\/de\/unternehmen\/2023-03-09\/warteck-invest-uebernimmt-wohnportfolio-im-raum-basel\/#primaryimage","url":"https:\/\/www.immobilienbusiness.ch\/wp-content\/uploads\/2019\/09\/Basel.jpg","contentUrl":"https:\/\/www.immobilienbusiness.ch\/wp-content\/uploads\/2019\/09\/Basel.jpg","width":999,"height":428,"caption":"Basel (Bild: bloodua - depositphotos)"},{"@type":"BreadcrumbList","@id":"https:\/\/www.immobilienbusiness.ch\/de\/unternehmen\/2023-03-09\/warteck-invest-uebernimmt-wohnportfolio-im-raum-basel\/#breadcrumb","itemListElement":[{"@type":"ListItem","position":1,"name":"Home","item":"https:\/\/www.immobilienbusiness.ch\/"},{"@type":"ListItem","position":2,"name":"Warteck Invest \u00fcbernimmt Wohnportfolio im Raum Basel"}]},{"@type":"WebSite","@id":"https:\/\/www.immobilienbusiness.ch\/#website","url":"https:\/\/www.immobilienbusiness.ch\/","name":"IMMOBILIER Business","description":"Magazine \u00e9conomique suisse ind\u00e9pendant ax\u00e9 sur l'immobilier, l'architecture et la construction ainsi que sur les investissements et le financement.","publisher":{"@id":"https:\/\/www.immobilienbusiness.ch\/#organization"},"potentialAction":[{"@type":"SearchAction","target":{"@type":"EntryPoint","urlTemplate":"https:\/\/www.immobilienbusiness.ch\/?s={search_term_string}"},"query-input":{"@type":"PropertyValueSpecification","valueRequired":true,"valueName":"search_term_string"}}],"inLanguage":"fr-FR"},{"@type":"Organization","@id":"https:\/\/www.immobilienbusiness.ch\/#organization","name":"IMMOBILIER Business","url":"https:\/\/www.immobilienbusiness.ch\/","logo":{"@type":"ImageObject","inLanguage":"fr-FR","@id":"https:\/\/www.immobilienbusiness.ch\/#\/schema\/logo\/image\/","url":"https:\/\/www.immobilienbusiness.ch\/wp-content\/uploads\/2021\/07\/logo_ib.png","contentUrl":"https:\/\/www.immobilienbusiness.ch\/wp-content\/uploads\/2021\/07\/logo_ib.png","width":800,"height":181,"caption":"IMMOBILIEN Business"},"image":{"@id":"https:\/\/www.immobilienbusiness.ch\/#\/schema\/logo\/image\/"},"sameAs":["https:\/\/www.facebook.com\/immobilienbusiness\/"]},{"@type":"Person","@id":"https:\/\/www.immobilienbusiness.ch\/#\/schema\/person\/3fc036297b10b9f42d6db5ee932af8c8","name":"anja.hall","image":{"@type":"ImageObject","inLanguage":"fr-FR","@id":"https:\/\/secure.gravatar.com\/avatar\/066b5a0d447013502c71a5782f4f3469f03cfe595cc2329fb94652fe47511bfb?s=96&d=mm&r=g","url":"https:\/\/secure.gravatar.com\/avatar\/066b5a0d447013502c71a5782f4f3469f03cfe595cc2329fb94652fe47511bfb?s=96&d=mm&r=g","contentUrl":"https:\/\/secure.gravatar.com\/avatar\/066b5a0d447013502c71a5782f4f3469f03cfe595cc2329fb94652fe47511bfb?s=96&d=mm&r=g","caption":"anja.hall"},"url":"https:\/\/www.immobilienbusiness.ch\/fr\/author\/anja-hall\/"}]}},"_links":{"self":[{"href":"https:\/\/www.immobilienbusiness.ch\/fr\/wp-json\/wp\/v2\/posts\/46091","targetHints":{"allow":["GET"]}}],"collection":[{"href":"https:\/\/www.immobilienbusiness.ch\/fr\/wp-json\/wp\/v2\/posts"}],"about":[{"href":"https:\/\/www.immobilienbusiness.ch\/fr\/wp-json\/wp\/v2\/types\/post"}],"author":[{"embeddable":true,"href":"https:\/\/www.immobilienbusiness.ch\/fr\/wp-json\/wp\/v2\/users\/3"}],"replies":[{"embeddable":true,"href":"https:\/\/www.immobilienbusiness.ch\/fr\/wp-json\/wp\/v2\/comments?post=46091"}],"version-history":[{"count":2,"href":"https:\/\/www.immobilienbusiness.ch\/fr\/wp-json\/wp\/v2\/posts\/46091\/revisions"}],"predecessor-version":[{"id":49775,"href":"https:\/\/www.immobilienbusiness.ch\/fr\/wp-json\/wp\/v2\/posts\/46091\/revisions\/49775"}],"wp:featuredmedia":[{"embeddable":true,"href":"https:\/\/www.immobilienbusiness.ch\/fr\/wp-json\/wp\/v2\/media\/18531"}],"wp:attachment":[{"href":"https:\/\/www.immobilienbusiness.ch\/fr\/wp-json\/wp\/v2\/media?parent=46091"}],"wp:term":[{"taxonomy":"category","embeddable":true,"href":"https:\/\/www.immobilienbusiness.ch\/fr\/wp-json\/wp\/v2\/categories?post=46091"},{"taxonomy":"post_tag","embeddable":true,"href":"https:\/\/www.immobilienbusiness.ch\/fr\/wp-json\/wp\/v2\/tags?post=46091"}],"curies":[{"name":"wp","href":"https:\/\/api.w.org\/{rel}","templated":true}]}}