{"id":45950,"date":"2023-02-27T08:34:17","date_gmt":"2023-02-27T07:34:17","guid":{"rendered":"https:\/\/www.immobilienbusiness.ch\/?p=45950"},"modified":"2023-02-28T20:44:49","modified_gmt":"2023-02-28T19:44:49","slug":"senioresidenz-legt-2022-operativ-zu","status":"publish","type":"post","link":"https:\/\/www.immobilienbusiness.ch\/fr\/unternehmen\/2023-02-27\/senioresidenz-legt-2022-operativ-zu\/","title":{"rendered":"La r\u00e9sidence pour seniors progresse sur le plan op\u00e9rationnel en 2022"},"content":{"rendered":"<figure id=\"attachment_17062\" aria-describedby=\"caption-attachment-17062\" style=\"width: 500px\" class=\"wp-caption alignnone\"><a href=\"https:\/\/www.immobilienbusiness.ch\/wp-content\/uploads\/2019\/05\/Depositphotos_6211861_s-2015.jpg\"><img loading=\"lazy\" decoding=\"async\" class=\"wp-image-17062 size-full\" src=\"https:\/\/www.immobilienbusiness.ch\/wp-content\/uploads\/2019\/05\/Depositphotos_6211861_s-2015.jpg\" alt=\"\" width=\"500\" height=\"333\" srcset=\"https:\/\/www.immobilienbusiness.ch\/wp-content\/uploads\/2019\/05\/Depositphotos_6211861_s-2015.jpg 500w, https:\/\/www.immobilienbusiness.ch\/wp-content\/uploads\/2019\/05\/Depositphotos_6211861_s-2015-300x200.jpg 300w, https:\/\/www.immobilienbusiness.ch\/wp-content\/uploads\/2019\/05\/Depositphotos_6211861_s-2015-16x12.jpg 16w, https:\/\/www.immobilienbusiness.ch\/wp-content\/uploads\/2019\/05\/Depositphotos_6211861_s-2015-263x175.jpg 263w\" sizes=\"auto, (max-width: 500px) 100vw, 500px\" \/><\/a><figcaption id=\"caption-attachment-17062\" class=\"wp-caption-text\">La r\u00e9sidence pour seniors a augment\u00e9 son revenu locatif en 2022, mais souffre d'une perte de r\u00e9\u00e9valuation (photo : depositphotos)<\/figcaption><\/figure>\n<p>La Senioresidenz AG annonce pour l'exercice 2022 une croissance de son portefeuille de 213,9 millions de CHF (fin 2021) \u00e0 228,4 millions de CHF - notamment en raison de l'acquisition du projet de construction Croix Blanche \u00e0 Aigle (VD) et des activit\u00e9s d'investissement dans le projet de construction Leuenegg \u00e0 Oberdiessbach (BE). C'est ce qu'annonce la soci\u00e9t\u00e9 immobili\u00e8re lors de la pr\u00e9sentation de son rapport annuel 2022.<\/p>\n<p>En termes annualis\u00e9s, les loyers th\u00e9oriques des immeubles de placement ont grimp\u00e9 de 5% \u00e0 11,1 millions de CHF l'ann\u00e9e derni\u00e8re. Cela est d\u00fb en grande partie \u00e0 une augmentation des int\u00e9r\u00eats \u00e9chelonn\u00e9e par contrat pour l'immeuble du centre de r\u00e9habilitation \u00e0 Lo\u00e8che-les-Bains. Pour l'ann\u00e9e en cours, Senioresidenz s'attend \u00e0 une augmentation suppl\u00e9mentaire de 1,5 million de CHF, car trois nouveaux projets de construction seront achev\u00e9s \u00e0 Aigle, Oberdiessbach et Bad Zurzach (AG).<\/p>\n<h3>Revenu locatif en hausse<\/h3>\n<p>Les revenus locatifs pour l'ann\u00e9e de r\u00e9f\u00e9rence 2022 ont augment\u00e9 de 13% pour atteindre 10,9 millions de CHF (ann\u00e9e pr\u00e9c\u00e9dente : 9,6 millions de CHF), ce qui, selon les indications de Senioresidenz, est d\u00fb d'une part \u00e0 l'acquisition de trois immeubles en 2021. D'autre part, le revenu locatif de l'immeuble du centre de r\u00e9\u00e9ducation \u00e0 Lo\u00e8che-les-Bains a augment\u00e9 en raison d'un \u00e9chelonnement contractuel du loyer. Le taux de vacance du portefeuille \u00e9tait de 0,4% (ann\u00e9e pr\u00e9c\u00e9dente : 0,3%). La soci\u00e9t\u00e9 immobili\u00e8re a chiffr\u00e9 les rendements bruts et nets \u00e0 5,3% et 4,9% (ann\u00e9e pr\u00e9c\u00e9dente : 5,0% et 4,6%).<\/p>\n<h3>La perte de r\u00e9\u00e9valuation plombe les r\u00e9sultats<\/h3>\n<p>Lors de l'\u00e9valuation du portefeuille immobilier, Senioresidenz a d\u00fb enregistrer une perte de r\u00e9\u00e9valuation de 2,4 millions de CHF, alors que l'ann\u00e9e pr\u00e9c\u00e9dente, un l\u00e9ger b\u00e9n\u00e9fice de 0,2 million de CHF avait \u00e9t\u00e9 enregistr\u00e9. Selon l'entreprise, l'effet de r\u00e9\u00e9valuation est directement li\u00e9 au besoin d'investissement \u00e0 long terme, sp\u00e9cifique \u00e0 l'entreprise, des immeubles de r\u00e9habilitation ou d'hospitalisation \u00e0 Lo\u00e8che-les-Bains et Richterswil.<\/p>\n<p>En incluant la perte de r\u00e9\u00e9valuation, l'EBIT a atteint 4,6 millions de CHF (ann\u00e9e pr\u00e9c\u00e9dente : 5,9 millions de CHF). Le b\u00e9n\u00e9fice, y compris le r\u00e9sultat de r\u00e9\u00e9valuation, s'est \u00e9tabli \u00e0 3,1 millions de CHF, soit 1,2 million de CHF de moins que l'ann\u00e9e pr\u00e9c\u00e9dente (4,3 millions de CHF). En revanche, le b\u00e9n\u00e9fice hors r\u00e9sultat de r\u00e9\u00e9valuation a augment\u00e9 de 24% pour atteindre 5,0 millions de CHF (ann\u00e9e pr\u00e9c\u00e9dente : 4,1 millions de CHF). <em>(ah)<\/em><\/p>\n<p>&nbsp;<\/p>","protected":false},"excerpt":{"rendered":"<p>La r\u00e9sidence pour personnes \u00e2g\u00e9es a augment\u00e9 ses revenus locatifs de 13% au cours de l'exercice 2022. En raison d'une perte de r\u00e9\u00e9valuation, le b\u00e9n\u00e9fice a toutefois \u00e9t\u00e9 inf\u00e9rieur \u00e0 celui de l'ann\u00e9e pr\u00e9c\u00e9dente.<\/p>","protected":false},"author":3,"featured_media":17062,"comment_status":"closed","ping_status":"closed","sticky":false,"template":"","format":"standard","meta":{"_acf_changed":false,"_yoast_wpseo_focuskw":"Senioresidenz","_yoast_wpseo_title":"","_yoast_wpseo_metadesc":"","_yoast_wpseo_linkdex":62,"pgc_sgb_lightbox_settings":"","footnotes":""},"categories":[988],"tags":[1389,1688],"class_list":["post-45950","post","type-post","status-publish","format-standard","has-post-thumbnail","hentry","category-unternehmen","tag-jahresergebnis","tag-senioresidenz-ag"],"acf":[],"yoast_head":"<!-- This site is optimized with the Yoast SEO plugin v27.4 - https:\/\/yoast.com\/product\/yoast-seo-wordpress\/ -->\n<title>Senioresidenz legt 2022 operativ zu - IMMOBILIEN Business<\/title>\n<meta name=\"robots\" content=\"index, follow, max-snippet:-1, max-image-preview:large, max-video-preview:-1\" \/>\n<link rel=\"canonical\" href=\"https:\/\/www.immobilienbusiness.ch\/fr\/unternehmen\/2023-02-27\/senioresidenz-legt-2022-operativ-zu\/\" \/>\n<meta property=\"og:locale\" content=\"fr_FR\" \/>\n<meta property=\"og:type\" content=\"article\" \/>\n<meta property=\"og:title\" content=\"Senioresidenz legt 2022 operativ zu - IMMOBILIEN Business\" \/>\n<meta property=\"og:description\" content=\"Senioresidenz hat im Gesch\u00e4ftsjahr 2022 den Mietertrag um 13% gesteigert. Aufgrund eines Neubewertungsverlustes lag der Gewinn allerdings unter Vorjahr.\" \/>\n<meta property=\"og:url\" content=\"https:\/\/www.immobilienbusiness.ch\/fr\/unternehmen\/2023-02-27\/senioresidenz-legt-2022-operativ-zu\/\" \/>\n<meta property=\"og:site_name\" content=\"IMMOBILIEN Business\" \/>\n<meta property=\"article:publisher\" content=\"https:\/\/www.facebook.com\/immobilienbusiness\/\" \/>\n<meta property=\"article:published_time\" content=\"2023-02-27T07:34:17+00:00\" \/>\n<meta property=\"article:modified_time\" content=\"2023-02-28T19:44:49+00:00\" \/>\n<meta property=\"og:image\" content=\"https:\/\/www.immobilienbusiness.ch\/wp-content\/uploads\/2019\/05\/Depositphotos_6211861_s-2015.jpg\" \/>\n\t<meta property=\"og:image:width\" content=\"500\" \/>\n\t<meta property=\"og:image:height\" content=\"333\" \/>\n\t<meta property=\"og:image:type\" content=\"image\/jpeg\" \/>\n<meta name=\"author\" content=\"anja.hall\" \/>\n<meta name=\"twitter:card\" content=\"summary_large_image\" \/>\n<meta name=\"twitter:image\" content=\"https:\/\/www.immobilienbusiness.ch\/wp-content\/uploads\/2019\/05\/Depositphotos_6211861_s-2015.jpg\" \/>\n<script type=\"application\/ld+json\" class=\"yoast-schema-graph\">{\"@context\":\"https:\\\/\\\/schema.org\",\"@graph\":[{\"@type\":\"Article\",\"@id\":\"https:\\\/\\\/www.immobilienbusiness.ch\\\/de\\\/unternehmen\\\/2023-02-27\\\/senioresidenz-legt-2022-operativ-zu\\\/#article\",\"isPartOf\":{\"@id\":\"https:\\\/\\\/www.immobilienbusiness.ch\\\/de\\\/unternehmen\\\/2023-02-27\\\/senioresidenz-legt-2022-operativ-zu\\\/\"},\"author\":{\"name\":\"anja.hall\",\"@id\":\"https:\\\/\\\/www.immobilienbusiness.ch\\\/#\\\/schema\\\/person\\\/3fc036297b10b9f42d6db5ee932af8c8\"},\"headline\":\"Senioresidenz legt 2022 operativ zu\",\"datePublished\":\"2023-02-27T07:34:17+00:00\",\"dateModified\":\"2023-02-28T19:44:49+00:00\",\"mainEntityOfPage\":{\"@id\":\"https:\\\/\\\/www.immobilienbusiness.ch\\\/de\\\/unternehmen\\\/2023-02-27\\\/senioresidenz-legt-2022-operativ-zu\\\/\"},\"wordCount\":289,\"publisher\":{\"@id\":\"https:\\\/\\\/www.immobilienbusiness.ch\\\/#organization\"},\"image\":{\"@id\":\"https:\\\/\\\/www.immobilienbusiness.ch\\\/de\\\/unternehmen\\\/2023-02-27\\\/senioresidenz-legt-2022-operativ-zu\\\/#primaryimage\"},\"thumbnailUrl\":\"https:\\\/\\\/www.immobilienbusiness.ch\\\/wp-content\\\/uploads\\\/2019\\\/05\\\/Depositphotos_6211861_s-2015.jpg\",\"keywords\":[\"Jahresergebnis\",\"SenioResidenz AG\"],\"articleSection\":[\"UNTERNEHMEN\"],\"inLanguage\":\"fr-FR\"},{\"@type\":\"WebPage\",\"@id\":\"https:\\\/\\\/www.immobilienbusiness.ch\\\/de\\\/unternehmen\\\/2023-02-27\\\/senioresidenz-legt-2022-operativ-zu\\\/\",\"url\":\"https:\\\/\\\/www.immobilienbusiness.ch\\\/de\\\/unternehmen\\\/2023-02-27\\\/senioresidenz-legt-2022-operativ-zu\\\/\",\"name\":\"Senioresidenz legt 2022 operativ zu - IMMOBILIEN Business\",\"isPartOf\":{\"@id\":\"https:\\\/\\\/www.immobilienbusiness.ch\\\/#website\"},\"primaryImageOfPage\":{\"@id\":\"https:\\\/\\\/www.immobilienbusiness.ch\\\/de\\\/unternehmen\\\/2023-02-27\\\/senioresidenz-legt-2022-operativ-zu\\\/#primaryimage\"},\"image\":{\"@id\":\"https:\\\/\\\/www.immobilienbusiness.ch\\\/de\\\/unternehmen\\\/2023-02-27\\\/senioresidenz-legt-2022-operativ-zu\\\/#primaryimage\"},\"thumbnailUrl\":\"https:\\\/\\\/www.immobilienbusiness.ch\\\/wp-content\\\/uploads\\\/2019\\\/05\\\/Depositphotos_6211861_s-2015.jpg\",\"datePublished\":\"2023-02-27T07:34:17+00:00\",\"dateModified\":\"2023-02-28T19:44:49+00:00\",\"breadcrumb\":{\"@id\":\"https:\\\/\\\/www.immobilienbusiness.ch\\\/de\\\/unternehmen\\\/2023-02-27\\\/senioresidenz-legt-2022-operativ-zu\\\/#breadcrumb\"},\"inLanguage\":\"fr-FR\",\"potentialAction\":[{\"@type\":\"ReadAction\",\"target\":[\"https:\\\/\\\/www.immobilienbusiness.ch\\\/de\\\/unternehmen\\\/2023-02-27\\\/senioresidenz-legt-2022-operativ-zu\\\/\"]}]},{\"@type\":\"ImageObject\",\"inLanguage\":\"fr-FR\",\"@id\":\"https:\\\/\\\/www.immobilienbusiness.ch\\\/de\\\/unternehmen\\\/2023-02-27\\\/senioresidenz-legt-2022-operativ-zu\\\/#primaryimage\",\"url\":\"https:\\\/\\\/www.immobilienbusiness.ch\\\/wp-content\\\/uploads\\\/2019\\\/05\\\/Depositphotos_6211861_s-2015.jpg\",\"contentUrl\":\"https:\\\/\\\/www.immobilienbusiness.ch\\\/wp-content\\\/uploads\\\/2019\\\/05\\\/Depositphotos_6211861_s-2015.jpg\",\"width\":500,\"height\":333,\"caption\":\"Offiziell sind Novavest und Senioresidenz erst seit Ende Juni ein Unternehmen. Die Halbjahreszahlen reflektieren die Fusion aber bereits (Bild: Depositphotos)\"},{\"@type\":\"BreadcrumbList\",\"@id\":\"https:\\\/\\\/www.immobilienbusiness.ch\\\/de\\\/unternehmen\\\/2023-02-27\\\/senioresidenz-legt-2022-operativ-zu\\\/#breadcrumb\",\"itemListElement\":[{\"@type\":\"ListItem\",\"position\":1,\"name\":\"Home\",\"item\":\"https:\\\/\\\/www.immobilienbusiness.ch\\\/\"},{\"@type\":\"ListItem\",\"position\":2,\"name\":\"Senioresidenz legt 2022 operativ zu\"}]},{\"@type\":\"WebSite\",\"@id\":\"https:\\\/\\\/www.immobilienbusiness.ch\\\/#website\",\"url\":\"https:\\\/\\\/www.immobilienbusiness.ch\\\/\",\"name\":\"IMMOBILIEN Business\",\"description\":\"Unabh\u00e4ngiges Schweizer Wirtschaftsmagazin mit Fokus auf Immobilien, Architektur- und Bau sowie Investment- und Finanzierung.\",\"publisher\":{\"@id\":\"https:\\\/\\\/www.immobilienbusiness.ch\\\/#organization\"},\"potentialAction\":[{\"@type\":\"SearchAction\",\"target\":{\"@type\":\"EntryPoint\",\"urlTemplate\":\"https:\\\/\\\/www.immobilienbusiness.ch\\\/?s={search_term_string}\"},\"query-input\":{\"@type\":\"PropertyValueSpecification\",\"valueRequired\":true,\"valueName\":\"search_term_string\"}}],\"inLanguage\":\"fr-FR\"},{\"@type\":\"Organization\",\"@id\":\"https:\\\/\\\/www.immobilienbusiness.ch\\\/#organization\",\"name\":\"IMMOBILIEN Business\",\"url\":\"https:\\\/\\\/www.immobilienbusiness.ch\\\/\",\"logo\":{\"@type\":\"ImageObject\",\"inLanguage\":\"fr-FR\",\"@id\":\"https:\\\/\\\/www.immobilienbusiness.ch\\\/#\\\/schema\\\/logo\\\/image\\\/\",\"url\":\"https:\\\/\\\/www.immobilienbusiness.ch\\\/wp-content\\\/uploads\\\/2021\\\/07\\\/logo_ib.png\",\"contentUrl\":\"https:\\\/\\\/www.immobilienbusiness.ch\\\/wp-content\\\/uploads\\\/2021\\\/07\\\/logo_ib.png\",\"width\":800,\"height\":181,\"caption\":\"IMMOBILIEN Business\"},\"image\":{\"@id\":\"https:\\\/\\\/www.immobilienbusiness.ch\\\/#\\\/schema\\\/logo\\\/image\\\/\"},\"sameAs\":[\"https:\\\/\\\/www.facebook.com\\\/immobilienbusiness\\\/\"]},{\"@type\":\"Person\",\"@id\":\"https:\\\/\\\/www.immobilienbusiness.ch\\\/#\\\/schema\\\/person\\\/3fc036297b10b9f42d6db5ee932af8c8\",\"name\":\"anja.hall\",\"image\":{\"@type\":\"ImageObject\",\"inLanguage\":\"fr-FR\",\"@id\":\"https:\\\/\\\/secure.gravatar.com\\\/avatar\\\/066b5a0d447013502c71a5782f4f3469f03cfe595cc2329fb94652fe47511bfb?s=96&d=mm&r=g\",\"url\":\"https:\\\/\\\/secure.gravatar.com\\\/avatar\\\/066b5a0d447013502c71a5782f4f3469f03cfe595cc2329fb94652fe47511bfb?s=96&d=mm&r=g\",\"contentUrl\":\"https:\\\/\\\/secure.gravatar.com\\\/avatar\\\/066b5a0d447013502c71a5782f4f3469f03cfe595cc2329fb94652fe47511bfb?s=96&d=mm&r=g\",\"caption\":\"anja.hall\"},\"url\":\"https:\\\/\\\/www.immobilienbusiness.ch\\\/fr\\\/author\\\/anja-hall\\\/\"}]}<\/script>\n<!-- \/ Yoast SEO plugin. -->","yoast_head_json":{"title":"Senioresidenz legt 2022 operativ zu - IMMOBILIEN Business","robots":{"index":"index","follow":"follow","max-snippet":"max-snippet:-1","max-image-preview":"max-image-preview:large","max-video-preview":"max-video-preview:-1"},"canonical":"https:\/\/www.immobilienbusiness.ch\/fr\/unternehmen\/2023-02-27\/senioresidenz-legt-2022-operativ-zu\/","og_locale":"fr_FR","og_type":"article","og_title":"Senioresidenz legt 2022 operativ zu - IMMOBILIEN Business","og_description":"Senioresidenz hat im Gesch\u00e4ftsjahr 2022 den Mietertrag um 13% gesteigert. Aufgrund eines Neubewertungsverlustes lag der Gewinn allerdings unter Vorjahr.","og_url":"https:\/\/www.immobilienbusiness.ch\/fr\/unternehmen\/2023-02-27\/senioresidenz-legt-2022-operativ-zu\/","og_site_name":"IMMOBILIEN Business","article_publisher":"https:\/\/www.facebook.com\/immobilienbusiness\/","article_published_time":"2023-02-27T07:34:17+00:00","article_modified_time":"2023-02-28T19:44:49+00:00","og_image":[{"width":500,"height":333,"url":"https:\/\/www.immobilienbusiness.ch\/wp-content\/uploads\/2019\/05\/Depositphotos_6211861_s-2015.jpg","type":"image\/jpeg"}],"author":"anja.hall","twitter_card":"summary_large_image","twitter_image":"https:\/\/www.immobilienbusiness.ch\/wp-content\/uploads\/2019\/05\/Depositphotos_6211861_s-2015.jpg","schema":{"@context":"https:\/\/schema.org","@graph":[{"@type":"Article","@id":"https:\/\/www.immobilienbusiness.ch\/de\/unternehmen\/2023-02-27\/senioresidenz-legt-2022-operativ-zu\/#article","isPartOf":{"@id":"https:\/\/www.immobilienbusiness.ch\/de\/unternehmen\/2023-02-27\/senioresidenz-legt-2022-operativ-zu\/"},"author":{"name":"anja.hall","@id":"https:\/\/www.immobilienbusiness.ch\/#\/schema\/person\/3fc036297b10b9f42d6db5ee932af8c8"},"headline":"Senioresidenz legt 2022 operativ zu","datePublished":"2023-02-27T07:34:17+00:00","dateModified":"2023-02-28T19:44:49+00:00","mainEntityOfPage":{"@id":"https:\/\/www.immobilienbusiness.ch\/de\/unternehmen\/2023-02-27\/senioresidenz-legt-2022-operativ-zu\/"},"wordCount":289,"publisher":{"@id":"https:\/\/www.immobilienbusiness.ch\/#organization"},"image":{"@id":"https:\/\/www.immobilienbusiness.ch\/de\/unternehmen\/2023-02-27\/senioresidenz-legt-2022-operativ-zu\/#primaryimage"},"thumbnailUrl":"https:\/\/www.immobilienbusiness.ch\/wp-content\/uploads\/2019\/05\/Depositphotos_6211861_s-2015.jpg","keywords":["Jahresergebnis","SenioResidenz AG"],"articleSection":["UNTERNEHMEN"],"inLanguage":"fr-FR"},{"@type":"WebPage","@id":"https:\/\/www.immobilienbusiness.ch\/de\/unternehmen\/2023-02-27\/senioresidenz-legt-2022-operativ-zu\/","url":"https:\/\/www.immobilienbusiness.ch\/de\/unternehmen\/2023-02-27\/senioresidenz-legt-2022-operativ-zu\/","name":"Senioresidenz legt 2022 operativ zu - IMMOBILIEN Business","isPartOf":{"@id":"https:\/\/www.immobilienbusiness.ch\/#website"},"primaryImageOfPage":{"@id":"https:\/\/www.immobilienbusiness.ch\/de\/unternehmen\/2023-02-27\/senioresidenz-legt-2022-operativ-zu\/#primaryimage"},"image":{"@id":"https:\/\/www.immobilienbusiness.ch\/de\/unternehmen\/2023-02-27\/senioresidenz-legt-2022-operativ-zu\/#primaryimage"},"thumbnailUrl":"https:\/\/www.immobilienbusiness.ch\/wp-content\/uploads\/2019\/05\/Depositphotos_6211861_s-2015.jpg","datePublished":"2023-02-27T07:34:17+00:00","dateModified":"2023-02-28T19:44:49+00:00","breadcrumb":{"@id":"https:\/\/www.immobilienbusiness.ch\/de\/unternehmen\/2023-02-27\/senioresidenz-legt-2022-operativ-zu\/#breadcrumb"},"inLanguage":"fr-FR","potentialAction":[{"@type":"ReadAction","target":["https:\/\/www.immobilienbusiness.ch\/de\/unternehmen\/2023-02-27\/senioresidenz-legt-2022-operativ-zu\/"]}]},{"@type":"ImageObject","inLanguage":"fr-FR","@id":"https:\/\/www.immobilienbusiness.ch\/de\/unternehmen\/2023-02-27\/senioresidenz-legt-2022-operativ-zu\/#primaryimage","url":"https:\/\/www.immobilienbusiness.ch\/wp-content\/uploads\/2019\/05\/Depositphotos_6211861_s-2015.jpg","contentUrl":"https:\/\/www.immobilienbusiness.ch\/wp-content\/uploads\/2019\/05\/Depositphotos_6211861_s-2015.jpg","width":500,"height":333,"caption":"Offiziell sind Novavest und Senioresidenz erst seit Ende Juni ein Unternehmen. Die Halbjahreszahlen reflektieren die Fusion aber bereits (Bild: Depositphotos)"},{"@type":"BreadcrumbList","@id":"https:\/\/www.immobilienbusiness.ch\/de\/unternehmen\/2023-02-27\/senioresidenz-legt-2022-operativ-zu\/#breadcrumb","itemListElement":[{"@type":"ListItem","position":1,"name":"Home","item":"https:\/\/www.immobilienbusiness.ch\/"},{"@type":"ListItem","position":2,"name":"Senioresidenz legt 2022 operativ zu"}]},{"@type":"WebSite","@id":"https:\/\/www.immobilienbusiness.ch\/#website","url":"https:\/\/www.immobilienbusiness.ch\/","name":"IMMOBILIER Business","description":"Magazine \u00e9conomique suisse ind\u00e9pendant ax\u00e9 sur l'immobilier, l'architecture et la construction ainsi que sur les investissements et le financement.","publisher":{"@id":"https:\/\/www.immobilienbusiness.ch\/#organization"},"potentialAction":[{"@type":"SearchAction","target":{"@type":"EntryPoint","urlTemplate":"https:\/\/www.immobilienbusiness.ch\/?s={search_term_string}"},"query-input":{"@type":"PropertyValueSpecification","valueRequired":true,"valueName":"search_term_string"}}],"inLanguage":"fr-FR"},{"@type":"Organization","@id":"https:\/\/www.immobilienbusiness.ch\/#organization","name":"IMMOBILIER Business","url":"https:\/\/www.immobilienbusiness.ch\/","logo":{"@type":"ImageObject","inLanguage":"fr-FR","@id":"https:\/\/www.immobilienbusiness.ch\/#\/schema\/logo\/image\/","url":"https:\/\/www.immobilienbusiness.ch\/wp-content\/uploads\/2021\/07\/logo_ib.png","contentUrl":"https:\/\/www.immobilienbusiness.ch\/wp-content\/uploads\/2021\/07\/logo_ib.png","width":800,"height":181,"caption":"IMMOBILIEN Business"},"image":{"@id":"https:\/\/www.immobilienbusiness.ch\/#\/schema\/logo\/image\/"},"sameAs":["https:\/\/www.facebook.com\/immobilienbusiness\/"]},{"@type":"Person","@id":"https:\/\/www.immobilienbusiness.ch\/#\/schema\/person\/3fc036297b10b9f42d6db5ee932af8c8","name":"anja.hall","image":{"@type":"ImageObject","inLanguage":"fr-FR","@id":"https:\/\/secure.gravatar.com\/avatar\/066b5a0d447013502c71a5782f4f3469f03cfe595cc2329fb94652fe47511bfb?s=96&d=mm&r=g","url":"https:\/\/secure.gravatar.com\/avatar\/066b5a0d447013502c71a5782f4f3469f03cfe595cc2329fb94652fe47511bfb?s=96&d=mm&r=g","contentUrl":"https:\/\/secure.gravatar.com\/avatar\/066b5a0d447013502c71a5782f4f3469f03cfe595cc2329fb94652fe47511bfb?s=96&d=mm&r=g","caption":"anja.hall"},"url":"https:\/\/www.immobilienbusiness.ch\/fr\/author\/anja-hall\/"}]}},"_links":{"self":[{"href":"https:\/\/www.immobilienbusiness.ch\/fr\/wp-json\/wp\/v2\/posts\/45950","targetHints":{"allow":["GET"]}}],"collection":[{"href":"https:\/\/www.immobilienbusiness.ch\/fr\/wp-json\/wp\/v2\/posts"}],"about":[{"href":"https:\/\/www.immobilienbusiness.ch\/fr\/wp-json\/wp\/v2\/types\/post"}],"author":[{"embeddable":true,"href":"https:\/\/www.immobilienbusiness.ch\/fr\/wp-json\/wp\/v2\/users\/3"}],"replies":[{"embeddable":true,"href":"https:\/\/www.immobilienbusiness.ch\/fr\/wp-json\/wp\/v2\/comments?post=45950"}],"version-history":[{"count":3,"href":"https:\/\/www.immobilienbusiness.ch\/fr\/wp-json\/wp\/v2\/posts\/45950\/revisions"}],"predecessor-version":[{"id":45986,"href":"https:\/\/www.immobilienbusiness.ch\/fr\/wp-json\/wp\/v2\/posts\/45950\/revisions\/45986"}],"wp:featuredmedia":[{"embeddable":true,"href":"https:\/\/www.immobilienbusiness.ch\/fr\/wp-json\/wp\/v2\/media\/17062"}],"wp:attachment":[{"href":"https:\/\/www.immobilienbusiness.ch\/fr\/wp-json\/wp\/v2\/media?parent=45950"}],"wp:term":[{"taxonomy":"category","embeddable":true,"href":"https:\/\/www.immobilienbusiness.ch\/fr\/wp-json\/wp\/v2\/categories?post=45950"},{"taxonomy":"post_tag","embeddable":true,"href":"https:\/\/www.immobilienbusiness.ch\/fr\/wp-json\/wp\/v2\/tags?post=45950"}],"curies":[{"name":"wp","href":"https:\/\/api.w.org\/{rel}","templated":true}]}}