{"id":45839,"date":"2023-02-17T09:34:05","date_gmt":"2023-02-17T08:34:05","guid":{"rendered":"https:\/\/www.immobilienbusiness.ch\/?p=45839"},"modified":"2023-02-22T17:14:26","modified_gmt":"2023-02-22T16:14:26","slug":"numa-eroeffnet-ihre-ersten-serviced-apartments-in-zuerich","status":"publish","type":"post","link":"https:\/\/www.immobilienbusiness.ch\/fr\/unternehmen\/2023-02-17\/numa-eroeffnet-ihre-ersten-serviced-apartments-in-zuerich\/","title":{"rendered":"Numa s'\u00e9tend en Suisse avec des appartements avec services"},"content":{"rendered":"<figure id=\"attachment_45840\" aria-describedby=\"caption-attachment-45840\" style=\"width: 963px\" class=\"wp-caption alignnone\"><a href=\"https:\/\/www.immobilienbusiness.ch\/wp-content\/uploads\/2023\/02\/Numa.png\"><img loading=\"lazy\" decoding=\"async\" class=\"size-full wp-image-45840\" src=\"https:\/\/www.immobilienbusiness.ch\/wp-content\/uploads\/2023\/02\/Numa.png\" alt=\"\" width=\"963\" height=\"722\" srcset=\"https:\/\/www.immobilienbusiness.ch\/wp-content\/uploads\/2023\/02\/Numa.png 963w, https:\/\/www.immobilienbusiness.ch\/wp-content\/uploads\/2023\/02\/Numa-300x225.png 300w, https:\/\/www.immobilienbusiness.ch\/wp-content\/uploads\/2023\/02\/Numa-768x576.png 768w, https:\/\/www.immobilienbusiness.ch\/wp-content\/uploads\/2023\/02\/Numa-16x12.png 16w, https:\/\/www.immobilienbusiness.ch\/wp-content\/uploads\/2023\/02\/Numa-375x281.png 375w, https:\/\/www.immobilienbusiness.ch\/wp-content\/uploads\/2023\/02\/Numa-467x350.png 467w\" sizes=\"auto, (max-width: 963px) 100vw, 963px\" \/><\/a><figcaption id=\"caption-attachment-45840\" class=\"wp-caption-text\">Voici \u00e0 quoi devrait ressembler l'une des premi\u00e8res chambres zurichoises de Numa (photo : Numa)<\/figcaption><\/figure>\n<p>Le premier immeuble d'appartements de Numa \u00e0 Zurich s'appelle \"Numa Craft\" et proposera des s\u00e9jours courts, moyens et longs au Stauffacher. L'exploitation dans la B\u00e4ckerstrasse 9 devrait commencer d\u00e9but avril, avec 18 chambres. Selon Numa, le pipeline de l'expansion des prochains mois comprend plus de 150 lits. La prochaine \u00e9tape consistera \u00e0 trouver des b\u00e2timents appropri\u00e9s et bien situ\u00e9s \u00e0 Gen\u00e8ve, B\u00e2le, Berne, Lucerne, Lausanne et Lugano.<\/p>\n<p>L'entreprise berlinoise est pr\u00e9sente sur le march\u00e9 dans huit pays europ\u00e9ens avec plus de 3.000 unit\u00e9s. Le concept vise les quartiers anim\u00e9s et cible les touristes et les voyageurs d'affaires. Les appartements de Numa sont enti\u00e8rement automatis\u00e9s et esp\u00e8rent ainsi r\u00e9duire leurs co\u00fbts d'exploitation de 60%. <i>(aw)<\/i><\/p>","protected":false},"excerpt":{"rendered":"<p>L'exploitant allemand d'appartements avec services Numa a de grands projets pour la Suisse. Selon ses propres informations, l'entreprise a d\u00e9j\u00e0 lou\u00e9 trois immeubles \u00e0 Zurich.<\/p>","protected":false},"author":102,"featured_media":45840,"comment_status":"closed","ping_status":"closed","sticky":false,"template":"","format":"standard","meta":{"_acf_changed":false,"_yoast_wpseo_focuskw":"Serviced Apartments","_yoast_wpseo_title":"","_yoast_wpseo_metadesc":"Der deutsche Serviced-Apartment-Betreiber Numa expandiert in die Schweiz. In Z\u00fcrich hat sich das Unternehmen eigenen Angaben zufolge drei Objekte gesichert.","_yoast_wpseo_linkdex":45,"pgc_sgb_lightbox_settings":"","footnotes":""},"categories":[988],"tags":[1212,2162,1690,1888],"class_list":["post-45839","post","type-post","status-publish","format-standard","has-post-thumbnail","hentry","category-unternehmen","tag-expansion","tag-numa","tag-serviced-apartments","tag-zuerich"],"acf":[],"yoast_head":"<!-- This site is optimized with the Yoast SEO plugin v27.5 - https:\/\/yoast.com\/product\/yoast-seo-wordpress\/ -->\n<title>Numa expandiert mit Serviced Apartments in die Schweiz - IMMOBILIEN Business<\/title>\n<meta name=\"description\" content=\"Der deutsche Serviced-Apartment-Betreiber Numa expandiert in die Schweiz. In Z\u00fcrich hat sich das Unternehmen eigenen Angaben zufolge drei Objekte gesichert.\" \/>\n<meta name=\"robots\" content=\"index, follow, max-snippet:-1, max-image-preview:large, max-video-preview:-1\" \/>\n<link rel=\"canonical\" href=\"https:\/\/www.immobilienbusiness.ch\/fr\/unternehmen\/2023-02-17\/numa-eroeffnet-ihre-ersten-serviced-apartments-in-zuerich\/\" \/>\n<meta property=\"og:locale\" content=\"fr_FR\" \/>\n<meta property=\"og:type\" content=\"article\" \/>\n<meta property=\"og:title\" content=\"Numa expandiert mit Serviced Apartments in die Schweiz - IMMOBILIEN Business\" \/>\n<meta property=\"og:description\" content=\"Der deutsche Serviced-Apartment-Betreiber Numa expandiert in die Schweiz. In Z\u00fcrich hat sich das Unternehmen eigenen Angaben zufolge drei Objekte gesichert.\" \/>\n<meta property=\"og:url\" content=\"https:\/\/www.immobilienbusiness.ch\/fr\/unternehmen\/2023-02-17\/numa-eroeffnet-ihre-ersten-serviced-apartments-in-zuerich\/\" \/>\n<meta property=\"og:site_name\" content=\"IMMOBILIEN Business\" \/>\n<meta property=\"article:publisher\" content=\"https:\/\/www.facebook.com\/immobilienbusiness\/\" \/>\n<meta property=\"article:published_time\" content=\"2023-02-17T08:34:05+00:00\" \/>\n<meta property=\"article:modified_time\" content=\"2023-02-22T16:14:26+00:00\" \/>\n<meta property=\"og:image\" content=\"https:\/\/www.immobilienbusiness.ch\/wp-content\/uploads\/2023\/02\/Numa.png\" \/>\n\t<meta property=\"og:image:width\" content=\"963\" \/>\n\t<meta property=\"og:image:height\" content=\"722\" \/>\n\t<meta property=\"og:image:type\" content=\"image\/png\" \/>\n<meta name=\"author\" content=\"Alexander Wachter\" \/>\n<meta name=\"twitter:card\" content=\"summary_large_image\" \/>\n<script type=\"application\/ld+json\" class=\"yoast-schema-graph\">{\"@context\":\"https:\\\/\\\/schema.org\",\"@graph\":[{\"@type\":\"Article\",\"@id\":\"https:\\\/\\\/www.immobilienbusiness.ch\\\/en\\\/unternehmen\\\/2023-02-17\\\/numa-eroeffnet-ihre-ersten-serviced-apartments-in-zuerich\\\/#article\",\"isPartOf\":{\"@id\":\"https:\\\/\\\/www.immobilienbusiness.ch\\\/en\\\/unternehmen\\\/2023-02-17\\\/numa-eroeffnet-ihre-ersten-serviced-apartments-in-zuerich\\\/\"},\"author\":{\"name\":\"Alexander Wachter\",\"@id\":\"https:\\\/\\\/www.immobilienbusiness.ch\\\/#\\\/schema\\\/person\\\/aba8bea2db926aa0c24c08c43fe1fcd5\"},\"headline\":\"Numa expandiert mit Serviced Apartments in die Schweiz\",\"datePublished\":\"2023-02-17T08:34:05+00:00\",\"dateModified\":\"2023-02-22T16:14:26+00:00\",\"mainEntityOfPage\":{\"@id\":\"https:\\\/\\\/www.immobilienbusiness.ch\\\/en\\\/unternehmen\\\/2023-02-17\\\/numa-eroeffnet-ihre-ersten-serviced-apartments-in-zuerich\\\/\"},\"wordCount\":147,\"publisher\":{\"@id\":\"https:\\\/\\\/www.immobilienbusiness.ch\\\/#organization\"},\"image\":{\"@id\":\"https:\\\/\\\/www.immobilienbusiness.ch\\\/en\\\/unternehmen\\\/2023-02-17\\\/numa-eroeffnet-ihre-ersten-serviced-apartments-in-zuerich\\\/#primaryimage\"},\"thumbnailUrl\":\"https:\\\/\\\/www.immobilienbusiness.ch\\\/wp-content\\\/uploads\\\/2023\\\/02\\\/Numa.png\",\"keywords\":[\"Expansion\",\"Numa\",\"Serviced Apartments\",\"Z\u00fcrich\"],\"articleSection\":[\"UNTERNEHMEN\"],\"inLanguage\":\"fr-FR\"},{\"@type\":\"WebPage\",\"@id\":\"https:\\\/\\\/www.immobilienbusiness.ch\\\/en\\\/unternehmen\\\/2023-02-17\\\/numa-eroeffnet-ihre-ersten-serviced-apartments-in-zuerich\\\/\",\"url\":\"https:\\\/\\\/www.immobilienbusiness.ch\\\/en\\\/unternehmen\\\/2023-02-17\\\/numa-eroeffnet-ihre-ersten-serviced-apartments-in-zuerich\\\/\",\"name\":\"Numa expandiert mit Serviced Apartments in die Schweiz - IMMOBILIEN Business\",\"isPartOf\":{\"@id\":\"https:\\\/\\\/www.immobilienbusiness.ch\\\/#website\"},\"primaryImageOfPage\":{\"@id\":\"https:\\\/\\\/www.immobilienbusiness.ch\\\/en\\\/unternehmen\\\/2023-02-17\\\/numa-eroeffnet-ihre-ersten-serviced-apartments-in-zuerich\\\/#primaryimage\"},\"image\":{\"@id\":\"https:\\\/\\\/www.immobilienbusiness.ch\\\/en\\\/unternehmen\\\/2023-02-17\\\/numa-eroeffnet-ihre-ersten-serviced-apartments-in-zuerich\\\/#primaryimage\"},\"thumbnailUrl\":\"https:\\\/\\\/www.immobilienbusiness.ch\\\/wp-content\\\/uploads\\\/2023\\\/02\\\/Numa.png\",\"datePublished\":\"2023-02-17T08:34:05+00:00\",\"dateModified\":\"2023-02-22T16:14:26+00:00\",\"description\":\"Der deutsche Serviced-Apartment-Betreiber Numa expandiert in die Schweiz. In Z\u00fcrich hat sich das Unternehmen eigenen Angaben zufolge drei Objekte gesichert.\",\"breadcrumb\":{\"@id\":\"https:\\\/\\\/www.immobilienbusiness.ch\\\/en\\\/unternehmen\\\/2023-02-17\\\/numa-eroeffnet-ihre-ersten-serviced-apartments-in-zuerich\\\/#breadcrumb\"},\"inLanguage\":\"fr-FR\",\"potentialAction\":[{\"@type\":\"ReadAction\",\"target\":[\"https:\\\/\\\/www.immobilienbusiness.ch\\\/en\\\/unternehmen\\\/2023-02-17\\\/numa-eroeffnet-ihre-ersten-serviced-apartments-in-zuerich\\\/\"]}]},{\"@type\":\"ImageObject\",\"inLanguage\":\"fr-FR\",\"@id\":\"https:\\\/\\\/www.immobilienbusiness.ch\\\/en\\\/unternehmen\\\/2023-02-17\\\/numa-eroeffnet-ihre-ersten-serviced-apartments-in-zuerich\\\/#primaryimage\",\"url\":\"https:\\\/\\\/www.immobilienbusiness.ch\\\/wp-content\\\/uploads\\\/2023\\\/02\\\/Numa.png\",\"contentUrl\":\"https:\\\/\\\/www.immobilienbusiness.ch\\\/wp-content\\\/uploads\\\/2023\\\/02\\\/Numa.png\",\"width\":963,\"height\":722,\"caption\":\"So soll es in einem der ersten Z\u00fcrcher Zimmer von Numa aussehen (Bild: Numa)\"},{\"@type\":\"BreadcrumbList\",\"@id\":\"https:\\\/\\\/www.immobilienbusiness.ch\\\/en\\\/unternehmen\\\/2023-02-17\\\/numa-eroeffnet-ihre-ersten-serviced-apartments-in-zuerich\\\/#breadcrumb\",\"itemListElement\":[{\"@type\":\"ListItem\",\"position\":1,\"name\":\"Home\",\"item\":\"https:\\\/\\\/www.immobilienbusiness.ch\\\/\"},{\"@type\":\"ListItem\",\"position\":2,\"name\":\"Numa expandiert mit Serviced Apartments in die Schweiz\"}]},{\"@type\":\"WebSite\",\"@id\":\"https:\\\/\\\/www.immobilienbusiness.ch\\\/#website\",\"url\":\"https:\\\/\\\/www.immobilienbusiness.ch\\\/\",\"name\":\"IMMOBILIEN Business\",\"description\":\"Unabh\u00e4ngiges Schweizer Wirtschaftsmagazin mit Fokus auf Immobilien, Architektur- und Bau sowie Investment- und Finanzierung.\",\"publisher\":{\"@id\":\"https:\\\/\\\/www.immobilienbusiness.ch\\\/#organization\"},\"potentialAction\":[{\"@type\":\"SearchAction\",\"target\":{\"@type\":\"EntryPoint\",\"urlTemplate\":\"https:\\\/\\\/www.immobilienbusiness.ch\\\/?s={search_term_string}\"},\"query-input\":{\"@type\":\"PropertyValueSpecification\",\"valueRequired\":true,\"valueName\":\"search_term_string\"}}],\"inLanguage\":\"fr-FR\"},{\"@type\":\"Organization\",\"@id\":\"https:\\\/\\\/www.immobilienbusiness.ch\\\/#organization\",\"name\":\"IMMOBILIEN Business\",\"url\":\"https:\\\/\\\/www.immobilienbusiness.ch\\\/\",\"logo\":{\"@type\":\"ImageObject\",\"inLanguage\":\"fr-FR\",\"@id\":\"https:\\\/\\\/www.immobilienbusiness.ch\\\/#\\\/schema\\\/logo\\\/image\\\/\",\"url\":\"https:\\\/\\\/www.immobilienbusiness.ch\\\/wp-content\\\/uploads\\\/2021\\\/07\\\/logo_ib.png\",\"contentUrl\":\"https:\\\/\\\/www.immobilienbusiness.ch\\\/wp-content\\\/uploads\\\/2021\\\/07\\\/logo_ib.png\",\"width\":800,\"height\":181,\"caption\":\"IMMOBILIEN Business\"},\"image\":{\"@id\":\"https:\\\/\\\/www.immobilienbusiness.ch\\\/#\\\/schema\\\/logo\\\/image\\\/\"},\"sameAs\":[\"https:\\\/\\\/www.facebook.com\\\/immobilienbusiness\\\/\"]},{\"@type\":\"Person\",\"@id\":\"https:\\\/\\\/www.immobilienbusiness.ch\\\/#\\\/schema\\\/person\\\/aba8bea2db926aa0c24c08c43fe1fcd5\",\"name\":\"Alexander Wachter\",\"image\":{\"@type\":\"ImageObject\",\"inLanguage\":\"fr-FR\",\"@id\":\"https:\\\/\\\/secure.gravatar.com\\\/avatar\\\/1a09e471f5389b0e0a6416eac287e0927c7c97a7b77f9e787eba3af7aee281dd?s=96&d=mm&r=g\",\"url\":\"https:\\\/\\\/secure.gravatar.com\\\/avatar\\\/1a09e471f5389b0e0a6416eac287e0927c7c97a7b77f9e787eba3af7aee281dd?s=96&d=mm&r=g\",\"contentUrl\":\"https:\\\/\\\/secure.gravatar.com\\\/avatar\\\/1a09e471f5389b0e0a6416eac287e0927c7c97a7b77f9e787eba3af7aee281dd?s=96&d=mm&r=g\",\"caption\":\"Alexander Wachter\"},\"url\":\"https:\\\/\\\/www.immobilienbusiness.ch\\\/fr\\\/author\\\/alexander-wachter\\\/\"}]}<\/script>\n<!-- \/ Yoast SEO plugin. -->","yoast_head_json":{"title":"Numa expandiert mit Serviced Apartments in die Schweiz - IMMOBILIEN Business","description":"Der deutsche Serviced-Apartment-Betreiber Numa expandiert in die Schweiz. In Z\u00fcrich hat sich das Unternehmen eigenen Angaben zufolge drei Objekte gesichert.","robots":{"index":"index","follow":"follow","max-snippet":"max-snippet:-1","max-image-preview":"max-image-preview:large","max-video-preview":"max-video-preview:-1"},"canonical":"https:\/\/www.immobilienbusiness.ch\/fr\/unternehmen\/2023-02-17\/numa-eroeffnet-ihre-ersten-serviced-apartments-in-zuerich\/","og_locale":"fr_FR","og_type":"article","og_title":"Numa expandiert mit Serviced Apartments in die Schweiz - IMMOBILIEN Business","og_description":"Der deutsche Serviced-Apartment-Betreiber Numa expandiert in die Schweiz. In Z\u00fcrich hat sich das Unternehmen eigenen Angaben zufolge drei Objekte gesichert.","og_url":"https:\/\/www.immobilienbusiness.ch\/fr\/unternehmen\/2023-02-17\/numa-eroeffnet-ihre-ersten-serviced-apartments-in-zuerich\/","og_site_name":"IMMOBILIEN Business","article_publisher":"https:\/\/www.facebook.com\/immobilienbusiness\/","article_published_time":"2023-02-17T08:34:05+00:00","article_modified_time":"2023-02-22T16:14:26+00:00","og_image":[{"width":963,"height":722,"url":"https:\/\/www.immobilienbusiness.ch\/wp-content\/uploads\/2023\/02\/Numa.png","type":"image\/png"}],"author":"Alexander Wachter","twitter_card":"summary_large_image","schema":{"@context":"https:\/\/schema.org","@graph":[{"@type":"Article","@id":"https:\/\/www.immobilienbusiness.ch\/en\/unternehmen\/2023-02-17\/numa-eroeffnet-ihre-ersten-serviced-apartments-in-zuerich\/#article","isPartOf":{"@id":"https:\/\/www.immobilienbusiness.ch\/en\/unternehmen\/2023-02-17\/numa-eroeffnet-ihre-ersten-serviced-apartments-in-zuerich\/"},"author":{"name":"Alexander Wachter","@id":"https:\/\/www.immobilienbusiness.ch\/#\/schema\/person\/aba8bea2db926aa0c24c08c43fe1fcd5"},"headline":"Numa expandiert mit Serviced Apartments in die Schweiz","datePublished":"2023-02-17T08:34:05+00:00","dateModified":"2023-02-22T16:14:26+00:00","mainEntityOfPage":{"@id":"https:\/\/www.immobilienbusiness.ch\/en\/unternehmen\/2023-02-17\/numa-eroeffnet-ihre-ersten-serviced-apartments-in-zuerich\/"},"wordCount":147,"publisher":{"@id":"https:\/\/www.immobilienbusiness.ch\/#organization"},"image":{"@id":"https:\/\/www.immobilienbusiness.ch\/en\/unternehmen\/2023-02-17\/numa-eroeffnet-ihre-ersten-serviced-apartments-in-zuerich\/#primaryimage"},"thumbnailUrl":"https:\/\/www.immobilienbusiness.ch\/wp-content\/uploads\/2023\/02\/Numa.png","keywords":["Expansion","Numa","Serviced Apartments","Z\u00fcrich"],"articleSection":["UNTERNEHMEN"],"inLanguage":"fr-FR"},{"@type":"WebPage","@id":"https:\/\/www.immobilienbusiness.ch\/en\/unternehmen\/2023-02-17\/numa-eroeffnet-ihre-ersten-serviced-apartments-in-zuerich\/","url":"https:\/\/www.immobilienbusiness.ch\/en\/unternehmen\/2023-02-17\/numa-eroeffnet-ihre-ersten-serviced-apartments-in-zuerich\/","name":"Numa expandiert mit Serviced Apartments in die Schweiz - IMMOBILIEN Business","isPartOf":{"@id":"https:\/\/www.immobilienbusiness.ch\/#website"},"primaryImageOfPage":{"@id":"https:\/\/www.immobilienbusiness.ch\/en\/unternehmen\/2023-02-17\/numa-eroeffnet-ihre-ersten-serviced-apartments-in-zuerich\/#primaryimage"},"image":{"@id":"https:\/\/www.immobilienbusiness.ch\/en\/unternehmen\/2023-02-17\/numa-eroeffnet-ihre-ersten-serviced-apartments-in-zuerich\/#primaryimage"},"thumbnailUrl":"https:\/\/www.immobilienbusiness.ch\/wp-content\/uploads\/2023\/02\/Numa.png","datePublished":"2023-02-17T08:34:05+00:00","dateModified":"2023-02-22T16:14:26+00:00","description":"Der deutsche Serviced-Apartment-Betreiber Numa expandiert in die Schweiz. In Z\u00fcrich hat sich das Unternehmen eigenen Angaben zufolge drei Objekte gesichert.","breadcrumb":{"@id":"https:\/\/www.immobilienbusiness.ch\/en\/unternehmen\/2023-02-17\/numa-eroeffnet-ihre-ersten-serviced-apartments-in-zuerich\/#breadcrumb"},"inLanguage":"fr-FR","potentialAction":[{"@type":"ReadAction","target":["https:\/\/www.immobilienbusiness.ch\/en\/unternehmen\/2023-02-17\/numa-eroeffnet-ihre-ersten-serviced-apartments-in-zuerich\/"]}]},{"@type":"ImageObject","inLanguage":"fr-FR","@id":"https:\/\/www.immobilienbusiness.ch\/en\/unternehmen\/2023-02-17\/numa-eroeffnet-ihre-ersten-serviced-apartments-in-zuerich\/#primaryimage","url":"https:\/\/www.immobilienbusiness.ch\/wp-content\/uploads\/2023\/02\/Numa.png","contentUrl":"https:\/\/www.immobilienbusiness.ch\/wp-content\/uploads\/2023\/02\/Numa.png","width":963,"height":722,"caption":"So soll es in einem der ersten Z\u00fcrcher Zimmer von Numa aussehen (Bild: Numa)"},{"@type":"BreadcrumbList","@id":"https:\/\/www.immobilienbusiness.ch\/en\/unternehmen\/2023-02-17\/numa-eroeffnet-ihre-ersten-serviced-apartments-in-zuerich\/#breadcrumb","itemListElement":[{"@type":"ListItem","position":1,"name":"Home","item":"https:\/\/www.immobilienbusiness.ch\/"},{"@type":"ListItem","position":2,"name":"Numa expandiert mit Serviced Apartments in die Schweiz"}]},{"@type":"WebSite","@id":"https:\/\/www.immobilienbusiness.ch\/#website","url":"https:\/\/www.immobilienbusiness.ch\/","name":"IMMOBILIER Business","description":"Magazine \u00e9conomique suisse ind\u00e9pendant ax\u00e9 sur l'immobilier, l'architecture et la construction ainsi que sur les investissements et le financement.","publisher":{"@id":"https:\/\/www.immobilienbusiness.ch\/#organization"},"potentialAction":[{"@type":"SearchAction","target":{"@type":"EntryPoint","urlTemplate":"https:\/\/www.immobilienbusiness.ch\/?s={search_term_string}"},"query-input":{"@type":"PropertyValueSpecification","valueRequired":true,"valueName":"search_term_string"}}],"inLanguage":"fr-FR"},{"@type":"Organization","@id":"https:\/\/www.immobilienbusiness.ch\/#organization","name":"IMMOBILIER Business","url":"https:\/\/www.immobilienbusiness.ch\/","logo":{"@type":"ImageObject","inLanguage":"fr-FR","@id":"https:\/\/www.immobilienbusiness.ch\/#\/schema\/logo\/image\/","url":"https:\/\/www.immobilienbusiness.ch\/wp-content\/uploads\/2021\/07\/logo_ib.png","contentUrl":"https:\/\/www.immobilienbusiness.ch\/wp-content\/uploads\/2021\/07\/logo_ib.png","width":800,"height":181,"caption":"IMMOBILIEN Business"},"image":{"@id":"https:\/\/www.immobilienbusiness.ch\/#\/schema\/logo\/image\/"},"sameAs":["https:\/\/www.facebook.com\/immobilienbusiness\/"]},{"@type":"Person","@id":"https:\/\/www.immobilienbusiness.ch\/#\/schema\/person\/aba8bea2db926aa0c24c08c43fe1fcd5","name":"Alexander Wachter","image":{"@type":"ImageObject","inLanguage":"fr-FR","@id":"https:\/\/secure.gravatar.com\/avatar\/1a09e471f5389b0e0a6416eac287e0927c7c97a7b77f9e787eba3af7aee281dd?s=96&d=mm&r=g","url":"https:\/\/secure.gravatar.com\/avatar\/1a09e471f5389b0e0a6416eac287e0927c7c97a7b77f9e787eba3af7aee281dd?s=96&d=mm&r=g","contentUrl":"https:\/\/secure.gravatar.com\/avatar\/1a09e471f5389b0e0a6416eac287e0927c7c97a7b77f9e787eba3af7aee281dd?s=96&d=mm&r=g","caption":"Alexander Wachter"},"url":"https:\/\/www.immobilienbusiness.ch\/fr\/author\/alexander-wachter\/"}]}},"_links":{"self":[{"href":"https:\/\/www.immobilienbusiness.ch\/fr\/wp-json\/wp\/v2\/posts\/45839","targetHints":{"allow":["GET"]}}],"collection":[{"href":"https:\/\/www.immobilienbusiness.ch\/fr\/wp-json\/wp\/v2\/posts"}],"about":[{"href":"https:\/\/www.immobilienbusiness.ch\/fr\/wp-json\/wp\/v2\/types\/post"}],"author":[{"embeddable":true,"href":"https:\/\/www.immobilienbusiness.ch\/fr\/wp-json\/wp\/v2\/users\/102"}],"replies":[{"embeddable":true,"href":"https:\/\/www.immobilienbusiness.ch\/fr\/wp-json\/wp\/v2\/comments?post=45839"}],"version-history":[{"count":7,"href":"https:\/\/www.immobilienbusiness.ch\/fr\/wp-json\/wp\/v2\/posts\/45839\/revisions"}],"predecessor-version":[{"id":45933,"href":"https:\/\/www.immobilienbusiness.ch\/fr\/wp-json\/wp\/v2\/posts\/45839\/revisions\/45933"}],"wp:featuredmedia":[{"embeddable":true,"href":"https:\/\/www.immobilienbusiness.ch\/fr\/wp-json\/wp\/v2\/media\/45840"}],"wp:attachment":[{"href":"https:\/\/www.immobilienbusiness.ch\/fr\/wp-json\/wp\/v2\/media?parent=45839"}],"wp:term":[{"taxonomy":"category","embeddable":true,"href":"https:\/\/www.immobilienbusiness.ch\/fr\/wp-json\/wp\/v2\/categories?post=45839"},{"taxonomy":"post_tag","embeddable":true,"href":"https:\/\/www.immobilienbusiness.ch\/fr\/wp-json\/wp\/v2\/tags?post=45839"}],"curies":[{"name":"wp","href":"https:\/\/api.w.org\/{rel}","templated":true}]}}