{"id":45782,"date":"2023-02-14T08:46:36","date_gmt":"2023-02-14T07:46:36","guid":{"rendered":"https:\/\/www.immobilienbusiness.ch\/?p=45782"},"modified":"2023-02-16T09:07:11","modified_gmt":"2023-02-16T08:07:11","slug":"thun-frutiger-kann-projekt-hoffmatte-realisieren","status":"publish","type":"post","link":"https:\/\/www.immobilienbusiness.ch\/fr\/regionen\/2023-02-14\/thun-frutiger-kann-projekt-hoffmatte-realisieren\/","title":{"rendered":"Thoune : Frutiger peut r\u00e9aliser le projet \"Hoffmatte"},"content":{"rendered":"<figure id=\"attachment_45783\" aria-describedby=\"caption-attachment-45783\" style=\"width: 1446px\" class=\"wp-caption alignnone\"><a href=\"https:\/\/www.immobilienbusiness.ch\/wp-content\/uploads\/2023\/02\/Hofmatte.png\"><img loading=\"lazy\" decoding=\"async\" class=\"size-full wp-image-45783\" src=\"https:\/\/www.immobilienbusiness.ch\/wp-content\/uploads\/2023\/02\/Hofmatte.png\" alt=\"\" width=\"1446\" height=\"697\" srcset=\"https:\/\/www.immobilienbusiness.ch\/wp-content\/uploads\/2023\/02\/Hofmatte.png 1200w, https:\/\/www.immobilienbusiness.ch\/wp-content\/uploads\/2023\/02\/Hofmatte-300x145.png 300w, https:\/\/www.immobilienbusiness.ch\/wp-content\/uploads\/2023\/02\/Hofmatte-1024x494.png 1024w, https:\/\/www.immobilienbusiness.ch\/wp-content\/uploads\/2023\/02\/Hofmatte-768x370.png 768w, https:\/\/www.immobilienbusiness.ch\/wp-content\/uploads\/2023\/02\/Hofmatte-18x9.png 18w, https:\/\/www.immobilienbusiness.ch\/wp-content\/uploads\/2023\/02\/Hofmatte-375x181.png 375w, https:\/\/www.immobilienbusiness.ch\/wp-content\/uploads\/2023\/02\/Hofmatte-726x350.png 726w, https:\/\/www.immobilienbusiness.ch\/wp-content\/uploads\/2023\/02\/Hofmatte-1000x482.png 1000w\" sizes=\"auto, (max-width: 1446px) 100vw, 1446px\" \/><\/a><figcaption id=\"caption-attachment-45783\" class=\"wp-caption-text\">Le projet \"Hoffmatte\" \u00e0 Thoune (Visualisation : Frutiger)<\/figcaption><\/figure>\n<p>Le projet doit \u00eatre r\u00e9alis\u00e9 sur la r\u00e9serve de terrain actuellement inutilis\u00e9e de Hoffmann Neopac AG \u00e0 la Eisenbahnstrasse 71. Les plans \u00e9tablis par Frutiger en collaboration avec Hoffmann Neopac et la fondation Wohnen im Alter (WIA) remontent \u00e0 2015. Les retards dus \u00e0 la proc\u00e9dure de recours ont entra\u00een\u00e9 la r\u00e9siliation du contrat de projet avec la fondation WIA en novembre 2022.<\/p>\n<p>Apr\u00e8s l'approbation du conseil de ville en 2019, la population s'est prononc\u00e9e en f\u00e9vrier 2020 en faveur de la nouvelle zone \u00e0 planification obligatoire (ZPP) \"Hoffmatte\". En septembre 2020, l'Office cantonal des affaires communales et de l'organisation du territoire (OACOT) a approuv\u00e9 la ZPP et le plan de quartier. L'AGR a rejet\u00e9 toutes les oppositions et le recours en votation. Un recours a \u00e9t\u00e9 d\u00e9pos\u00e9 contre cette d\u00e9cision. Apr\u00e8s la Direction cantonale de l'int\u00e9rieur et de la justice (DIJ) et le Tribunal administratif du canton de Berne, le Tribunal f\u00e9d\u00e9ral, quatri\u00e8me instance, a donn\u00e9 raison \u00e0 la ville de Thoune et rejet\u00e9 tous les points de recours.<\/p>\n<p>Frutiger veut maintenant d\u00e9poser la demande de permis de construire pour la premi\u00e8re \u00e9tape sur ses propres terrains au cours des douze prochains mois. Les immeubles pr\u00e9vus pourront \u00eatre occup\u00e9s au plus t\u00f4t en 2026 ou 2027. <i>(aw)<\/i><\/p>","protected":false},"excerpt":{"rendered":"<p>Le Tribunal f\u00e9d\u00e9ral a rejet\u00e9 un recours contre le projet de construction de logements \"Hoffmatte\". Frutiger y pr\u00e9voit 71 logements et un \u00e9tablissement m\u00e9dico-social pour personnes \u00e2g\u00e9es.<\/p>","protected":false},"author":102,"featured_media":45783,"comment_status":"closed","ping_status":"closed","sticky":false,"template":"","format":"standard","meta":{"_acf_changed":false,"_yoast_wpseo_focuskw":"Frutiger","_yoast_wpseo_title":"","_yoast_wpseo_metadesc":"Das Bundesgericht hat eine Beschwerde gegen das Wohnbauprojekt \u00abHoffmatte\u00bb abgewiesen. Frutiger plant dort 71 Wohnungen und ein Alterspflegeheim.","_yoast_wpseo_linkdex":51,"pgc_sgb_lightbox_settings":"","footnotes":""},"categories":[985],"tags":[2075,1600,1781,2109],"class_list":["post-45782","post","type-post","status-publish","format-standard","has-post-thumbnail","hentry","category-regionen","tag-frutiger","tag-projekt-in-planung","tag-thun","tag-wohnungen"],"acf":[],"yoast_head":"<!-- This site is optimized with the Yoast SEO plugin v27.4 - https:\/\/yoast.com\/product\/yoast-seo-wordpress\/ -->\n<title>Thun: Frutiger kann Projekt \u00abHoffmatte\u00bb realisieren - IMMOBILIEN Business<\/title>\n<meta name=\"description\" content=\"Das Bundesgericht hat eine Beschwerde gegen das Wohnbauprojekt \u00abHoffmatte\u00bb abgewiesen. Frutiger plant dort 71 Wohnungen und ein Alterspflegeheim.\" \/>\n<meta name=\"robots\" content=\"index, follow, max-snippet:-1, max-image-preview:large, max-video-preview:-1\" \/>\n<link rel=\"canonical\" href=\"https:\/\/www.immobilienbusiness.ch\/fr\/regionen\/2023-02-14\/thun-frutiger-kann-projekt-hoffmatte-realisieren\/\" \/>\n<meta property=\"og:locale\" content=\"fr_FR\" \/>\n<meta property=\"og:type\" content=\"article\" \/>\n<meta property=\"og:title\" content=\"Thun: Frutiger kann Projekt \u00abHoffmatte\u00bb realisieren - IMMOBILIEN Business\" \/>\n<meta property=\"og:description\" content=\"Das Bundesgericht hat eine Beschwerde gegen das Wohnbauprojekt \u00abHoffmatte\u00bb abgewiesen. Frutiger plant dort 71 Wohnungen und ein Alterspflegeheim.\" \/>\n<meta property=\"og:url\" content=\"https:\/\/www.immobilienbusiness.ch\/fr\/regionen\/2023-02-14\/thun-frutiger-kann-projekt-hoffmatte-realisieren\/\" \/>\n<meta property=\"og:site_name\" content=\"IMMOBILIEN Business\" \/>\n<meta property=\"article:publisher\" content=\"https:\/\/www.facebook.com\/immobilienbusiness\/\" \/>\n<meta property=\"article:published_time\" content=\"2023-02-14T07:46:36+00:00\" \/>\n<meta property=\"article:modified_time\" content=\"2023-02-16T08:07:11+00:00\" \/>\n<meta property=\"og:image\" content=\"https:\/\/www.immobilienbusiness.ch\/wp-content\/uploads\/2023\/02\/Hofmatte.png\" \/>\n\t<meta property=\"og:image:width\" content=\"1200\" \/>\n\t<meta property=\"og:image:height\" content=\"578\" \/>\n\t<meta property=\"og:image:type\" content=\"image\/png\" \/>\n<meta name=\"author\" content=\"Alexander Wachter\" \/>\n<meta name=\"twitter:card\" content=\"summary_large_image\" \/>\n<script type=\"application\/ld+json\" class=\"yoast-schema-graph\">{\"@context\":\"https:\\\/\\\/schema.org\",\"@graph\":[{\"@type\":\"Article\",\"@id\":\"https:\\\/\\\/www.immobilienbusiness.ch\\\/it\\\/regionen\\\/2023-02-14\\\/thun-frutiger-kann-projekt-hoffmatte-realisieren\\\/#article\",\"isPartOf\":{\"@id\":\"https:\\\/\\\/www.immobilienbusiness.ch\\\/it\\\/regionen\\\/2023-02-14\\\/thun-frutiger-kann-projekt-hoffmatte-realisieren\\\/\"},\"author\":{\"name\":\"Alexander Wachter\",\"@id\":\"https:\\\/\\\/www.immobilienbusiness.ch\\\/#\\\/schema\\\/person\\\/aba8bea2db926aa0c24c08c43fe1fcd5\"},\"headline\":\"Thun: Frutiger kann Projekt \u00abHoffmatte\u00bb realisieren\",\"datePublished\":\"2023-02-14T07:46:36+00:00\",\"dateModified\":\"2023-02-16T08:07:11+00:00\",\"mainEntityOfPage\":{\"@id\":\"https:\\\/\\\/www.immobilienbusiness.ch\\\/it\\\/regionen\\\/2023-02-14\\\/thun-frutiger-kann-projekt-hoffmatte-realisieren\\\/\"},\"wordCount\":200,\"publisher\":{\"@id\":\"https:\\\/\\\/www.immobilienbusiness.ch\\\/#organization\"},\"image\":{\"@id\":\"https:\\\/\\\/www.immobilienbusiness.ch\\\/it\\\/regionen\\\/2023-02-14\\\/thun-frutiger-kann-projekt-hoffmatte-realisieren\\\/#primaryimage\"},\"thumbnailUrl\":\"https:\\\/\\\/www.immobilienbusiness.ch\\\/wp-content\\\/uploads\\\/2023\\\/02\\\/Hofmatte.png\",\"keywords\":[\"Frutiger\",\"Projekt in Planung\",\"Thun\",\"Wohnungen\"],\"articleSection\":[\"REGIONEN\"],\"inLanguage\":\"fr-FR\"},{\"@type\":\"WebPage\",\"@id\":\"https:\\\/\\\/www.immobilienbusiness.ch\\\/it\\\/regionen\\\/2023-02-14\\\/thun-frutiger-kann-projekt-hoffmatte-realisieren\\\/\",\"url\":\"https:\\\/\\\/www.immobilienbusiness.ch\\\/it\\\/regionen\\\/2023-02-14\\\/thun-frutiger-kann-projekt-hoffmatte-realisieren\\\/\",\"name\":\"Thun: Frutiger kann Projekt \u00abHoffmatte\u00bb realisieren - IMMOBILIEN Business\",\"isPartOf\":{\"@id\":\"https:\\\/\\\/www.immobilienbusiness.ch\\\/#website\"},\"primaryImageOfPage\":{\"@id\":\"https:\\\/\\\/www.immobilienbusiness.ch\\\/it\\\/regionen\\\/2023-02-14\\\/thun-frutiger-kann-projekt-hoffmatte-realisieren\\\/#primaryimage\"},\"image\":{\"@id\":\"https:\\\/\\\/www.immobilienbusiness.ch\\\/it\\\/regionen\\\/2023-02-14\\\/thun-frutiger-kann-projekt-hoffmatte-realisieren\\\/#primaryimage\"},\"thumbnailUrl\":\"https:\\\/\\\/www.immobilienbusiness.ch\\\/wp-content\\\/uploads\\\/2023\\\/02\\\/Hofmatte.png\",\"datePublished\":\"2023-02-14T07:46:36+00:00\",\"dateModified\":\"2023-02-16T08:07:11+00:00\",\"description\":\"Das Bundesgericht hat eine Beschwerde gegen das Wohnbauprojekt \u00abHoffmatte\u00bb abgewiesen. Frutiger plant dort 71 Wohnungen und ein Alterspflegeheim.\",\"breadcrumb\":{\"@id\":\"https:\\\/\\\/www.immobilienbusiness.ch\\\/it\\\/regionen\\\/2023-02-14\\\/thun-frutiger-kann-projekt-hoffmatte-realisieren\\\/#breadcrumb\"},\"inLanguage\":\"fr-FR\",\"potentialAction\":[{\"@type\":\"ReadAction\",\"target\":[\"https:\\\/\\\/www.immobilienbusiness.ch\\\/it\\\/regionen\\\/2023-02-14\\\/thun-frutiger-kann-projekt-hoffmatte-realisieren\\\/\"]}]},{\"@type\":\"ImageObject\",\"inLanguage\":\"fr-FR\",\"@id\":\"https:\\\/\\\/www.immobilienbusiness.ch\\\/it\\\/regionen\\\/2023-02-14\\\/thun-frutiger-kann-projekt-hoffmatte-realisieren\\\/#primaryimage\",\"url\":\"https:\\\/\\\/www.immobilienbusiness.ch\\\/wp-content\\\/uploads\\\/2023\\\/02\\\/Hofmatte.png\",\"contentUrl\":\"https:\\\/\\\/www.immobilienbusiness.ch\\\/wp-content\\\/uploads\\\/2023\\\/02\\\/Hofmatte.png\",\"width\":1200,\"height\":578,\"caption\":\"Das Projekt \u00abHoffmatte\u00bb in Thun (Visualisierung: Frutiger)\"},{\"@type\":\"BreadcrumbList\",\"@id\":\"https:\\\/\\\/www.immobilienbusiness.ch\\\/it\\\/regionen\\\/2023-02-14\\\/thun-frutiger-kann-projekt-hoffmatte-realisieren\\\/#breadcrumb\",\"itemListElement\":[{\"@type\":\"ListItem\",\"position\":1,\"name\":\"Home\",\"item\":\"https:\\\/\\\/www.immobilienbusiness.ch\\\/\"},{\"@type\":\"ListItem\",\"position\":2,\"name\":\"Thun: Frutiger kann Projekt \u00abHoffmatte\u00bb realisieren\"}]},{\"@type\":\"WebSite\",\"@id\":\"https:\\\/\\\/www.immobilienbusiness.ch\\\/#website\",\"url\":\"https:\\\/\\\/www.immobilienbusiness.ch\\\/\",\"name\":\"IMMOBILIEN Business\",\"description\":\"Unabh\u00e4ngiges Schweizer Wirtschaftsmagazin mit Fokus auf Immobilien, Architektur- und Bau sowie Investment- und Finanzierung.\",\"publisher\":{\"@id\":\"https:\\\/\\\/www.immobilienbusiness.ch\\\/#organization\"},\"potentialAction\":[{\"@type\":\"SearchAction\",\"target\":{\"@type\":\"EntryPoint\",\"urlTemplate\":\"https:\\\/\\\/www.immobilienbusiness.ch\\\/?s={search_term_string}\"},\"query-input\":{\"@type\":\"PropertyValueSpecification\",\"valueRequired\":true,\"valueName\":\"search_term_string\"}}],\"inLanguage\":\"fr-FR\"},{\"@type\":\"Organization\",\"@id\":\"https:\\\/\\\/www.immobilienbusiness.ch\\\/#organization\",\"name\":\"IMMOBILIEN Business\",\"url\":\"https:\\\/\\\/www.immobilienbusiness.ch\\\/\",\"logo\":{\"@type\":\"ImageObject\",\"inLanguage\":\"fr-FR\",\"@id\":\"https:\\\/\\\/www.immobilienbusiness.ch\\\/#\\\/schema\\\/logo\\\/image\\\/\",\"url\":\"https:\\\/\\\/www.immobilienbusiness.ch\\\/wp-content\\\/uploads\\\/2021\\\/07\\\/logo_ib.png\",\"contentUrl\":\"https:\\\/\\\/www.immobilienbusiness.ch\\\/wp-content\\\/uploads\\\/2021\\\/07\\\/logo_ib.png\",\"width\":800,\"height\":181,\"caption\":\"IMMOBILIEN Business\"},\"image\":{\"@id\":\"https:\\\/\\\/www.immobilienbusiness.ch\\\/#\\\/schema\\\/logo\\\/image\\\/\"},\"sameAs\":[\"https:\\\/\\\/www.facebook.com\\\/immobilienbusiness\\\/\"]},{\"@type\":\"Person\",\"@id\":\"https:\\\/\\\/www.immobilienbusiness.ch\\\/#\\\/schema\\\/person\\\/aba8bea2db926aa0c24c08c43fe1fcd5\",\"name\":\"Alexander Wachter\",\"image\":{\"@type\":\"ImageObject\",\"inLanguage\":\"fr-FR\",\"@id\":\"https:\\\/\\\/secure.gravatar.com\\\/avatar\\\/1a09e471f5389b0e0a6416eac287e0927c7c97a7b77f9e787eba3af7aee281dd?s=96&d=mm&r=g\",\"url\":\"https:\\\/\\\/secure.gravatar.com\\\/avatar\\\/1a09e471f5389b0e0a6416eac287e0927c7c97a7b77f9e787eba3af7aee281dd?s=96&d=mm&r=g\",\"contentUrl\":\"https:\\\/\\\/secure.gravatar.com\\\/avatar\\\/1a09e471f5389b0e0a6416eac287e0927c7c97a7b77f9e787eba3af7aee281dd?s=96&d=mm&r=g\",\"caption\":\"Alexander Wachter\"},\"url\":\"https:\\\/\\\/www.immobilienbusiness.ch\\\/fr\\\/author\\\/alexander-wachter\\\/\"}]}<\/script>\n<!-- \/ Yoast SEO plugin. -->","yoast_head_json":{"title":"Thun: Frutiger kann Projekt \u00abHoffmatte\u00bb realisieren - IMMOBILIEN Business","description":"Le Tribunal f\u00e9d\u00e9ral a rejet\u00e9 un recours contre le projet de construction de logements \"Hoffmatte\". Frutiger y pr\u00e9voit 71 logements et un \u00e9tablissement m\u00e9dico-social pour personnes \u00e2g\u00e9es.","robots":{"index":"index","follow":"follow","max-snippet":"max-snippet:-1","max-image-preview":"max-image-preview:large","max-video-preview":"max-video-preview:-1"},"canonical":"https:\/\/www.immobilienbusiness.ch\/fr\/regionen\/2023-02-14\/thun-frutiger-kann-projekt-hoffmatte-realisieren\/","og_locale":"fr_FR","og_type":"article","og_title":"Thun: Frutiger kann Projekt \u00abHoffmatte\u00bb realisieren - IMMOBILIEN Business","og_description":"Das Bundesgericht hat eine Beschwerde gegen das Wohnbauprojekt \u00abHoffmatte\u00bb abgewiesen. Frutiger plant dort 71 Wohnungen und ein Alterspflegeheim.","og_url":"https:\/\/www.immobilienbusiness.ch\/fr\/regionen\/2023-02-14\/thun-frutiger-kann-projekt-hoffmatte-realisieren\/","og_site_name":"IMMOBILIEN Business","article_publisher":"https:\/\/www.facebook.com\/immobilienbusiness\/","article_published_time":"2023-02-14T07:46:36+00:00","article_modified_time":"2023-02-16T08:07:11+00:00","og_image":[{"width":1200,"height":578,"url":"https:\/\/www.immobilienbusiness.ch\/wp-content\/uploads\/2023\/02\/Hofmatte.png","type":"image\/png"}],"author":"Alexander Wachter","twitter_card":"summary_large_image","schema":{"@context":"https:\/\/schema.org","@graph":[{"@type":"Article","@id":"https:\/\/www.immobilienbusiness.ch\/it\/regionen\/2023-02-14\/thun-frutiger-kann-projekt-hoffmatte-realisieren\/#article","isPartOf":{"@id":"https:\/\/www.immobilienbusiness.ch\/it\/regionen\/2023-02-14\/thun-frutiger-kann-projekt-hoffmatte-realisieren\/"},"author":{"name":"Alexander Wachter","@id":"https:\/\/www.immobilienbusiness.ch\/#\/schema\/person\/aba8bea2db926aa0c24c08c43fe1fcd5"},"headline":"Thun: Frutiger kann Projekt \u00abHoffmatte\u00bb realisieren","datePublished":"2023-02-14T07:46:36+00:00","dateModified":"2023-02-16T08:07:11+00:00","mainEntityOfPage":{"@id":"https:\/\/www.immobilienbusiness.ch\/it\/regionen\/2023-02-14\/thun-frutiger-kann-projekt-hoffmatte-realisieren\/"},"wordCount":200,"publisher":{"@id":"https:\/\/www.immobilienbusiness.ch\/#organization"},"image":{"@id":"https:\/\/www.immobilienbusiness.ch\/it\/regionen\/2023-02-14\/thun-frutiger-kann-projekt-hoffmatte-realisieren\/#primaryimage"},"thumbnailUrl":"https:\/\/www.immobilienbusiness.ch\/wp-content\/uploads\/2023\/02\/Hofmatte.png","keywords":["Frutiger","Projekt in Planung","Thun","Wohnungen"],"articleSection":["REGIONEN"],"inLanguage":"fr-FR"},{"@type":"WebPage","@id":"https:\/\/www.immobilienbusiness.ch\/it\/regionen\/2023-02-14\/thun-frutiger-kann-projekt-hoffmatte-realisieren\/","url":"https:\/\/www.immobilienbusiness.ch\/it\/regionen\/2023-02-14\/thun-frutiger-kann-projekt-hoffmatte-realisieren\/","name":"Thun: Frutiger kann Projekt \u00abHoffmatte\u00bb realisieren - IMMOBILIEN Business","isPartOf":{"@id":"https:\/\/www.immobilienbusiness.ch\/#website"},"primaryImageOfPage":{"@id":"https:\/\/www.immobilienbusiness.ch\/it\/regionen\/2023-02-14\/thun-frutiger-kann-projekt-hoffmatte-realisieren\/#primaryimage"},"image":{"@id":"https:\/\/www.immobilienbusiness.ch\/it\/regionen\/2023-02-14\/thun-frutiger-kann-projekt-hoffmatte-realisieren\/#primaryimage"},"thumbnailUrl":"https:\/\/www.immobilienbusiness.ch\/wp-content\/uploads\/2023\/02\/Hofmatte.png","datePublished":"2023-02-14T07:46:36+00:00","dateModified":"2023-02-16T08:07:11+00:00","description":"Le Tribunal f\u00e9d\u00e9ral a rejet\u00e9 un recours contre le projet de construction de logements \"Hoffmatte\". Frutiger y pr\u00e9voit 71 logements et un \u00e9tablissement m\u00e9dico-social pour personnes \u00e2g\u00e9es.","breadcrumb":{"@id":"https:\/\/www.immobilienbusiness.ch\/it\/regionen\/2023-02-14\/thun-frutiger-kann-projekt-hoffmatte-realisieren\/#breadcrumb"},"inLanguage":"fr-FR","potentialAction":[{"@type":"ReadAction","target":["https:\/\/www.immobilienbusiness.ch\/it\/regionen\/2023-02-14\/thun-frutiger-kann-projekt-hoffmatte-realisieren\/"]}]},{"@type":"ImageObject","inLanguage":"fr-FR","@id":"https:\/\/www.immobilienbusiness.ch\/it\/regionen\/2023-02-14\/thun-frutiger-kann-projekt-hoffmatte-realisieren\/#primaryimage","url":"https:\/\/www.immobilienbusiness.ch\/wp-content\/uploads\/2023\/02\/Hofmatte.png","contentUrl":"https:\/\/www.immobilienbusiness.ch\/wp-content\/uploads\/2023\/02\/Hofmatte.png","width":1200,"height":578,"caption":"Das Projekt \u00abHoffmatte\u00bb in Thun (Visualisierung: Frutiger)"},{"@type":"BreadcrumbList","@id":"https:\/\/www.immobilienbusiness.ch\/it\/regionen\/2023-02-14\/thun-frutiger-kann-projekt-hoffmatte-realisieren\/#breadcrumb","itemListElement":[{"@type":"ListItem","position":1,"name":"Home","item":"https:\/\/www.immobilienbusiness.ch\/"},{"@type":"ListItem","position":2,"name":"Thun: Frutiger kann Projekt \u00abHoffmatte\u00bb realisieren"}]},{"@type":"WebSite","@id":"https:\/\/www.immobilienbusiness.ch\/#website","url":"https:\/\/www.immobilienbusiness.ch\/","name":"IMMOBILIER Business","description":"Magazine \u00e9conomique suisse ind\u00e9pendant ax\u00e9 sur l'immobilier, l'architecture et la construction ainsi que sur les investissements et le financement.","publisher":{"@id":"https:\/\/www.immobilienbusiness.ch\/#organization"},"potentialAction":[{"@type":"SearchAction","target":{"@type":"EntryPoint","urlTemplate":"https:\/\/www.immobilienbusiness.ch\/?s={search_term_string}"},"query-input":{"@type":"PropertyValueSpecification","valueRequired":true,"valueName":"search_term_string"}}],"inLanguage":"fr-FR"},{"@type":"Organization","@id":"https:\/\/www.immobilienbusiness.ch\/#organization","name":"IMMOBILIER Business","url":"https:\/\/www.immobilienbusiness.ch\/","logo":{"@type":"ImageObject","inLanguage":"fr-FR","@id":"https:\/\/www.immobilienbusiness.ch\/#\/schema\/logo\/image\/","url":"https:\/\/www.immobilienbusiness.ch\/wp-content\/uploads\/2021\/07\/logo_ib.png","contentUrl":"https:\/\/www.immobilienbusiness.ch\/wp-content\/uploads\/2021\/07\/logo_ib.png","width":800,"height":181,"caption":"IMMOBILIEN Business"},"image":{"@id":"https:\/\/www.immobilienbusiness.ch\/#\/schema\/logo\/image\/"},"sameAs":["https:\/\/www.facebook.com\/immobilienbusiness\/"]},{"@type":"Person","@id":"https:\/\/www.immobilienbusiness.ch\/#\/schema\/person\/aba8bea2db926aa0c24c08c43fe1fcd5","name":"Alexander Wachter","image":{"@type":"ImageObject","inLanguage":"fr-FR","@id":"https:\/\/secure.gravatar.com\/avatar\/1a09e471f5389b0e0a6416eac287e0927c7c97a7b77f9e787eba3af7aee281dd?s=96&d=mm&r=g","url":"https:\/\/secure.gravatar.com\/avatar\/1a09e471f5389b0e0a6416eac287e0927c7c97a7b77f9e787eba3af7aee281dd?s=96&d=mm&r=g","contentUrl":"https:\/\/secure.gravatar.com\/avatar\/1a09e471f5389b0e0a6416eac287e0927c7c97a7b77f9e787eba3af7aee281dd?s=96&d=mm&r=g","caption":"Alexander Wachter"},"url":"https:\/\/www.immobilienbusiness.ch\/fr\/author\/alexander-wachter\/"}]}},"_links":{"self":[{"href":"https:\/\/www.immobilienbusiness.ch\/fr\/wp-json\/wp\/v2\/posts\/45782","targetHints":{"allow":["GET"]}}],"collection":[{"href":"https:\/\/www.immobilienbusiness.ch\/fr\/wp-json\/wp\/v2\/posts"}],"about":[{"href":"https:\/\/www.immobilienbusiness.ch\/fr\/wp-json\/wp\/v2\/types\/post"}],"author":[{"embeddable":true,"href":"https:\/\/www.immobilienbusiness.ch\/fr\/wp-json\/wp\/v2\/users\/102"}],"replies":[{"embeddable":true,"href":"https:\/\/www.immobilienbusiness.ch\/fr\/wp-json\/wp\/v2\/comments?post=45782"}],"version-history":[{"count":2,"href":"https:\/\/www.immobilienbusiness.ch\/fr\/wp-json\/wp\/v2\/posts\/45782\/revisions"}],"predecessor-version":[{"id":45822,"href":"https:\/\/www.immobilienbusiness.ch\/fr\/wp-json\/wp\/v2\/posts\/45782\/revisions\/45822"}],"wp:featuredmedia":[{"embeddable":true,"href":"https:\/\/www.immobilienbusiness.ch\/fr\/wp-json\/wp\/v2\/media\/45783"}],"wp:attachment":[{"href":"https:\/\/www.immobilienbusiness.ch\/fr\/wp-json\/wp\/v2\/media?parent=45782"}],"wp:term":[{"taxonomy":"category","embeddable":true,"href":"https:\/\/www.immobilienbusiness.ch\/fr\/wp-json\/wp\/v2\/categories?post=45782"},{"taxonomy":"post_tag","embeddable":true,"href":"https:\/\/www.immobilienbusiness.ch\/fr\/wp-json\/wp\/v2\/tags?post=45782"}],"curies":[{"name":"wp","href":"https:\/\/api.w.org\/{rel}","templated":true}]}}