{"id":45692,"date":"2023-02-07T05:30:16","date_gmt":"2023-02-07T04:30:16","guid":{"rendered":"https:\/\/www.immobilienbusiness.ch\/?p=45692"},"modified":"2023-02-07T07:28:02","modified_gmt":"2023-02-07T06:28:02","slug":"swiss-prime-site-plant-neuanfang-fuer-jelmoli-haus","status":"publish","type":"post","link":"https:\/\/www.immobilienbusiness.ch\/fr\/retail\/2023-02-07\/swiss-prime-site-plant-neuanfang-fuer-jelmoli-haus\/","title":{"rendered":"Swiss Prime Site pr\u00e9voit un nouveau d\u00e9part pour l'immeuble Jelmoli"},"content":{"rendered":"<figure id=\"attachment_45693\" aria-describedby=\"caption-attachment-45693\" style=\"width: 532px\" class=\"wp-caption alignnone\"><a href=\"https:\/\/www.immobilienbusiness.ch\/wp-content\/uploads\/2023\/02\/Jelmoli.png\"><img loading=\"lazy\" decoding=\"async\" class=\"size-full wp-image-45693\" src=\"https:\/\/www.immobilienbusiness.ch\/wp-content\/uploads\/2023\/02\/Jelmoli.png\" alt=\"\" width=\"532\" height=\"285\" srcset=\"https:\/\/www.immobilienbusiness.ch\/wp-content\/uploads\/2023\/02\/Jelmoli.png 532w, https:\/\/www.immobilienbusiness.ch\/wp-content\/uploads\/2023\/02\/Jelmoli-300x161.png 300w, https:\/\/www.immobilienbusiness.ch\/wp-content\/uploads\/2023\/02\/Jelmoli-18x10.png 18w, https:\/\/www.immobilienbusiness.ch\/wp-content\/uploads\/2023\/02\/Jelmoli-375x201.png 375w\" sizes=\"auto, (max-width: 532px) 100vw, 532px\" \/><\/a><figcaption id=\"caption-attachment-45693\" class=\"wp-caption-text\">Une \u00e8re s'ach\u00e8ve pour le b\u00e2timent Jelmoli de la Bahnhofstrasse \u00e0 Zurich (photo : SPS)<\/figcaption><\/figure>\n<p>Apr\u00e8s la r\u00e9novation, le commerce de d\u00e9tail devrait occuper 10 000 m\u00b2. L'espace sera utilis\u00e9 en partie par des locataires existants et en partie par de nouvelles marques et de nouveaux formats. Une partie des \u00e9tages sup\u00e9rieurs accueillera non seulement des bureaux, mais aussi des usages publics tels que le fitness ou la gastronomie. La transformation du b\u00e2timent co\u00fbtera \u00e0 SPS 100 millions de CHF au total. La transformation devrait \u00eatre achev\u00e9e d\u00e9but 2027.<\/p>\n<p>\"La d\u00e9cision de transformer le b\u00e2timent et de le rendre viable a \u00e9t\u00e9 prise apr\u00e8s une analyse profonde et compl\u00e8te\", \u00e9crit SPS dans un communiqu\u00e9. La croissance du commerce en ligne et les nouveaux mod\u00e8les de consommation auraient \u00e9galement affect\u00e9 la rentabilit\u00e9 du b\u00e2timent Jelmoli, situ\u00e9 dans le meilleur quartier de Zurich. SPS ne veut plus continuer \u00e0 l'exploiter elle-m\u00eame. Il est \u00e9galement annonc\u00e9 que la CEO de Jelmoli, Nina M\u00fcller, quittera la direction du grand magasin \"au printemps ou au plus tard fin juin 2023\". Reto Braegger, actuellement Chief Merchandise Officer, reprendra la direction de Jelmoli.<\/p>\n<h3>Charges exceptionnelles de 34 millions de CHF<\/h3>\n<p>Le projet de transformation \"Jelmoli-Haus\" gr\u00e8ve le compte de r\u00e9sultat de Swiss Prime Site de mani\u00e8re unique d'environ 34 millions de CHF au cours de l'exercice 2022. Ce montant comprend exclusivement des corrections de valeur et des amortissements sp\u00e9ciaux sans effet sur la tr\u00e9sorerie - entre autres pour l'\u00e9quipement, le mobilier, l'informatique, les stocks de marchandises. Malgr\u00e9 ces charges exceptionnelles, SPS atteindra ses objectifs pour l'ann\u00e9e 2022, pr\u00e9cise le communiqu\u00e9. Les chiffres de l'exercice seront publi\u00e9s le 9 f\u00e9vrier. <i>(aw)<\/i><\/p>\n<p>&nbsp;<\/p>","protected":false},"excerpt":{"rendered":"<p>Swiss Prime Site a pr\u00e9sent\u00e9 des plans de repositionnement du b\u00e2timent Jelmoli \u00e0 la Bahnhofstrasse de Zurich. Le grand magasin fermera ses portes \u00e0 la fin de l'ann\u00e9e 2024 et des surfaces de bureaux devraient \u00eatre am\u00e9nag\u00e9es dans les \u00e9tages sup\u00e9rieurs.<\/p>","protected":false},"author":102,"featured_media":45693,"comment_status":"closed","ping_status":"closed","sticky":false,"template":"","format":"standard","meta":{"_acf_changed":false,"_yoast_wpseo_focuskw":"Jelmoli","_yoast_wpseo_title":"","_yoast_wpseo_metadesc":"Swiss Prime Site hat Pl\u00e4ne zur Repositionierung des Jelmoli-Hauses an der Z\u00fcrcher Bahnhofstrasse vorgestellt. Das Warenhaus schliesst Anfang 2025, in den Obergeschossen sollen B\u00fcrofl\u00e4chen entstehen.","_yoast_wpseo_linkdex":58,"pgc_sgb_lightbox_settings":"","footnotes":""},"categories":[987],"tags":[2156,1643,1760,1888],"class_list":["post-45692","post","type-post","status-publish","format-standard","has-post-thumbnail","hentry","category-retail","tag-repositionierung","tag-retail","tag-swiss-prime-site","tag-zuerich"],"acf":[],"yoast_head":"<!-- This site is optimized with the Yoast SEO plugin v27.4 - https:\/\/yoast.com\/product\/yoast-seo-wordpress\/ -->\n<title>Swiss Prime Site plant Neustart f\u00fcr Jelmoli-Haus - IMMOBILIEN Business<\/title>\n<meta name=\"description\" content=\"Swiss Prime Site hat Pl\u00e4ne zur Repositionierung des Jelmoli-Hauses an der Z\u00fcrcher Bahnhofstrasse vorgestellt. Das Warenhaus schliesst Anfang 2025, in den Obergeschossen sollen B\u00fcrofl\u00e4chen entstehen.\" \/>\n<meta name=\"robots\" content=\"index, follow, max-snippet:-1, max-image-preview:large, max-video-preview:-1\" \/>\n<link rel=\"canonical\" href=\"https:\/\/www.immobilienbusiness.ch\/fr\/retail\/2023-02-07\/swiss-prime-site-plant-neuanfang-fuer-jelmoli-haus\/\" \/>\n<meta property=\"og:locale\" content=\"fr_FR\" \/>\n<meta property=\"og:type\" content=\"article\" \/>\n<meta property=\"og:title\" content=\"Swiss Prime Site plant Neustart f\u00fcr Jelmoli-Haus - IMMOBILIEN Business\" \/>\n<meta property=\"og:description\" content=\"Swiss Prime Site hat Pl\u00e4ne zur Repositionierung des Jelmoli-Hauses an der Z\u00fcrcher Bahnhofstrasse vorgestellt. Das Warenhaus schliesst Anfang 2025, in den Obergeschossen sollen B\u00fcrofl\u00e4chen entstehen.\" \/>\n<meta property=\"og:url\" content=\"https:\/\/www.immobilienbusiness.ch\/fr\/retail\/2023-02-07\/swiss-prime-site-plant-neuanfang-fuer-jelmoli-haus\/\" \/>\n<meta property=\"og:site_name\" content=\"IMMOBILIEN Business\" \/>\n<meta property=\"article:publisher\" content=\"https:\/\/www.facebook.com\/immobilienbusiness\/\" \/>\n<meta property=\"article:published_time\" content=\"2023-02-07T04:30:16+00:00\" \/>\n<meta property=\"article:modified_time\" content=\"2023-02-07T06:28:02+00:00\" \/>\n<meta property=\"og:image\" content=\"https:\/\/www.immobilienbusiness.ch\/wp-content\/uploads\/2023\/02\/Jelmoli.png\" \/>\n\t<meta property=\"og:image:width\" content=\"532\" \/>\n\t<meta property=\"og:image:height\" content=\"285\" \/>\n\t<meta property=\"og:image:type\" content=\"image\/png\" \/>\n<meta name=\"author\" content=\"Alexander Wachter\" \/>\n<meta name=\"twitter:card\" content=\"summary_large_image\" \/>\n<script type=\"application\/ld+json\" class=\"yoast-schema-graph\">{\"@context\":\"https:\\\/\\\/schema.org\",\"@graph\":[{\"@type\":\"Article\",\"@id\":\"https:\\\/\\\/www.immobilienbusiness.ch\\\/fr\\\/retail\\\/2023-02-07\\\/swiss-prime-site-plant-neuanfang-fuer-jelmoli-haus\\\/#article\",\"isPartOf\":{\"@id\":\"https:\\\/\\\/www.immobilienbusiness.ch\\\/fr\\\/retail\\\/2023-02-07\\\/swiss-prime-site-plant-neuanfang-fuer-jelmoli-haus\\\/\"},\"author\":{\"name\":\"Alexander Wachter\",\"@id\":\"https:\\\/\\\/www.immobilienbusiness.ch\\\/#\\\/schema\\\/person\\\/aba8bea2db926aa0c24c08c43fe1fcd5\"},\"headline\":\"Swiss Prime Site plant Neustart f\u00fcr Jelmoli-Haus\",\"datePublished\":\"2023-02-07T04:30:16+00:00\",\"dateModified\":\"2023-02-07T06:28:02+00:00\",\"mainEntityOfPage\":{\"@id\":\"https:\\\/\\\/www.immobilienbusiness.ch\\\/fr\\\/retail\\\/2023-02-07\\\/swiss-prime-site-plant-neuanfang-fuer-jelmoli-haus\\\/\"},\"wordCount\":242,\"publisher\":{\"@id\":\"https:\\\/\\\/www.immobilienbusiness.ch\\\/#organization\"},\"image\":{\"@id\":\"https:\\\/\\\/www.immobilienbusiness.ch\\\/fr\\\/retail\\\/2023-02-07\\\/swiss-prime-site-plant-neuanfang-fuer-jelmoli-haus\\\/#primaryimage\"},\"thumbnailUrl\":\"https:\\\/\\\/www.immobilienbusiness.ch\\\/wp-content\\\/uploads\\\/2023\\\/02\\\/Jelmoli.png\",\"keywords\":[\"Repositionierung\",\"Retail\",\"Swiss Prime Site\",\"Z\u00fcrich\"],\"articleSection\":[\"RETAIL\"],\"inLanguage\":\"fr-FR\"},{\"@type\":\"WebPage\",\"@id\":\"https:\\\/\\\/www.immobilienbusiness.ch\\\/fr\\\/retail\\\/2023-02-07\\\/swiss-prime-site-plant-neuanfang-fuer-jelmoli-haus\\\/\",\"url\":\"https:\\\/\\\/www.immobilienbusiness.ch\\\/fr\\\/retail\\\/2023-02-07\\\/swiss-prime-site-plant-neuanfang-fuer-jelmoli-haus\\\/\",\"name\":\"Swiss Prime Site plant Neustart f\u00fcr Jelmoli-Haus - IMMOBILIEN Business\",\"isPartOf\":{\"@id\":\"https:\\\/\\\/www.immobilienbusiness.ch\\\/#website\"},\"primaryImageOfPage\":{\"@id\":\"https:\\\/\\\/www.immobilienbusiness.ch\\\/fr\\\/retail\\\/2023-02-07\\\/swiss-prime-site-plant-neuanfang-fuer-jelmoli-haus\\\/#primaryimage\"},\"image\":{\"@id\":\"https:\\\/\\\/www.immobilienbusiness.ch\\\/fr\\\/retail\\\/2023-02-07\\\/swiss-prime-site-plant-neuanfang-fuer-jelmoli-haus\\\/#primaryimage\"},\"thumbnailUrl\":\"https:\\\/\\\/www.immobilienbusiness.ch\\\/wp-content\\\/uploads\\\/2023\\\/02\\\/Jelmoli.png\",\"datePublished\":\"2023-02-07T04:30:16+00:00\",\"dateModified\":\"2023-02-07T06:28:02+00:00\",\"description\":\"Swiss Prime Site hat Pl\u00e4ne zur Repositionierung des Jelmoli-Hauses an der Z\u00fcrcher Bahnhofstrasse vorgestellt. Das Warenhaus schliesst Anfang 2025, in den Obergeschossen sollen B\u00fcrofl\u00e4chen entstehen.\",\"breadcrumb\":{\"@id\":\"https:\\\/\\\/www.immobilienbusiness.ch\\\/fr\\\/retail\\\/2023-02-07\\\/swiss-prime-site-plant-neuanfang-fuer-jelmoli-haus\\\/#breadcrumb\"},\"inLanguage\":\"fr-FR\",\"potentialAction\":[{\"@type\":\"ReadAction\",\"target\":[\"https:\\\/\\\/www.immobilienbusiness.ch\\\/fr\\\/retail\\\/2023-02-07\\\/swiss-prime-site-plant-neuanfang-fuer-jelmoli-haus\\\/\"]}]},{\"@type\":\"ImageObject\",\"inLanguage\":\"fr-FR\",\"@id\":\"https:\\\/\\\/www.immobilienbusiness.ch\\\/fr\\\/retail\\\/2023-02-07\\\/swiss-prime-site-plant-neuanfang-fuer-jelmoli-haus\\\/#primaryimage\",\"url\":\"https:\\\/\\\/www.immobilienbusiness.ch\\\/wp-content\\\/uploads\\\/2023\\\/02\\\/Jelmoli.png\",\"contentUrl\":\"https:\\\/\\\/www.immobilienbusiness.ch\\\/wp-content\\\/uploads\\\/2023\\\/02\\\/Jelmoli.png\",\"width\":532,\"height\":285,\"caption\":\"Der Fahrplan f\u00fcr den Umbau des Jelmoli-Hauses in Z\u00fcrich steht (Bild: SPS)\"},{\"@type\":\"BreadcrumbList\",\"@id\":\"https:\\\/\\\/www.immobilienbusiness.ch\\\/fr\\\/retail\\\/2023-02-07\\\/swiss-prime-site-plant-neuanfang-fuer-jelmoli-haus\\\/#breadcrumb\",\"itemListElement\":[{\"@type\":\"ListItem\",\"position\":1,\"name\":\"Home\",\"item\":\"https:\\\/\\\/www.immobilienbusiness.ch\\\/\"},{\"@type\":\"ListItem\",\"position\":2,\"name\":\"Swiss Prime Site plant Neustart f\u00fcr Jelmoli-Haus\"}]},{\"@type\":\"WebSite\",\"@id\":\"https:\\\/\\\/www.immobilienbusiness.ch\\\/#website\",\"url\":\"https:\\\/\\\/www.immobilienbusiness.ch\\\/\",\"name\":\"IMMOBILIEN Business\",\"description\":\"Unabh\u00e4ngiges Schweizer Wirtschaftsmagazin mit Fokus auf Immobilien, Architektur- und Bau sowie Investment- und Finanzierung.\",\"publisher\":{\"@id\":\"https:\\\/\\\/www.immobilienbusiness.ch\\\/#organization\"},\"potentialAction\":[{\"@type\":\"SearchAction\",\"target\":{\"@type\":\"EntryPoint\",\"urlTemplate\":\"https:\\\/\\\/www.immobilienbusiness.ch\\\/?s={search_term_string}\"},\"query-input\":{\"@type\":\"PropertyValueSpecification\",\"valueRequired\":true,\"valueName\":\"search_term_string\"}}],\"inLanguage\":\"fr-FR\"},{\"@type\":\"Organization\",\"@id\":\"https:\\\/\\\/www.immobilienbusiness.ch\\\/#organization\",\"name\":\"IMMOBILIEN Business\",\"url\":\"https:\\\/\\\/www.immobilienbusiness.ch\\\/\",\"logo\":{\"@type\":\"ImageObject\",\"inLanguage\":\"fr-FR\",\"@id\":\"https:\\\/\\\/www.immobilienbusiness.ch\\\/#\\\/schema\\\/logo\\\/image\\\/\",\"url\":\"https:\\\/\\\/www.immobilienbusiness.ch\\\/wp-content\\\/uploads\\\/2021\\\/07\\\/logo_ib.png\",\"contentUrl\":\"https:\\\/\\\/www.immobilienbusiness.ch\\\/wp-content\\\/uploads\\\/2021\\\/07\\\/logo_ib.png\",\"width\":800,\"height\":181,\"caption\":\"IMMOBILIEN Business\"},\"image\":{\"@id\":\"https:\\\/\\\/www.immobilienbusiness.ch\\\/#\\\/schema\\\/logo\\\/image\\\/\"},\"sameAs\":[\"https:\\\/\\\/www.facebook.com\\\/immobilienbusiness\\\/\"]},{\"@type\":\"Person\",\"@id\":\"https:\\\/\\\/www.immobilienbusiness.ch\\\/#\\\/schema\\\/person\\\/aba8bea2db926aa0c24c08c43fe1fcd5\",\"name\":\"Alexander Wachter\",\"image\":{\"@type\":\"ImageObject\",\"inLanguage\":\"fr-FR\",\"@id\":\"https:\\\/\\\/secure.gravatar.com\\\/avatar\\\/1a09e471f5389b0e0a6416eac287e0927c7c97a7b77f9e787eba3af7aee281dd?s=96&d=mm&r=g\",\"url\":\"https:\\\/\\\/secure.gravatar.com\\\/avatar\\\/1a09e471f5389b0e0a6416eac287e0927c7c97a7b77f9e787eba3af7aee281dd?s=96&d=mm&r=g\",\"contentUrl\":\"https:\\\/\\\/secure.gravatar.com\\\/avatar\\\/1a09e471f5389b0e0a6416eac287e0927c7c97a7b77f9e787eba3af7aee281dd?s=96&d=mm&r=g\",\"caption\":\"Alexander Wachter\"},\"url\":\"https:\\\/\\\/www.immobilienbusiness.ch\\\/fr\\\/author\\\/alexander-wachter\\\/\"}]}<\/script>\n<!-- \/ Yoast SEO plugin. -->","yoast_head_json":{"title":"Swiss Prime Site plant Neustart f\u00fcr Jelmoli-Haus - IMMOBILIEN Business","description":"Swiss Prime Site a pr\u00e9sent\u00e9 des plans de repositionnement du b\u00e2timent Jelmoli \u00e0 la Bahnhofstrasse de Zurich. Le grand magasin fermera ses portes d\u00e9but 2025 et des bureaux seront construits dans les \u00e9tages sup\u00e9rieurs.","robots":{"index":"index","follow":"follow","max-snippet":"max-snippet:-1","max-image-preview":"max-image-preview:large","max-video-preview":"max-video-preview:-1"},"canonical":"https:\/\/www.immobilienbusiness.ch\/fr\/retail\/2023-02-07\/swiss-prime-site-plant-neuanfang-fuer-jelmoli-haus\/","og_locale":"fr_FR","og_type":"article","og_title":"Swiss Prime Site plant Neustart f\u00fcr Jelmoli-Haus - IMMOBILIEN Business","og_description":"Swiss Prime Site hat Pl\u00e4ne zur Repositionierung des Jelmoli-Hauses an der Z\u00fcrcher Bahnhofstrasse vorgestellt. Das Warenhaus schliesst Anfang 2025, in den Obergeschossen sollen B\u00fcrofl\u00e4chen entstehen.","og_url":"https:\/\/www.immobilienbusiness.ch\/fr\/retail\/2023-02-07\/swiss-prime-site-plant-neuanfang-fuer-jelmoli-haus\/","og_site_name":"IMMOBILIEN Business","article_publisher":"https:\/\/www.facebook.com\/immobilienbusiness\/","article_published_time":"2023-02-07T04:30:16+00:00","article_modified_time":"2023-02-07T06:28:02+00:00","og_image":[{"width":532,"height":285,"url":"https:\/\/www.immobilienbusiness.ch\/wp-content\/uploads\/2023\/02\/Jelmoli.png","type":"image\/png"}],"author":"Alexander Wachter","twitter_card":"summary_large_image","schema":{"@context":"https:\/\/schema.org","@graph":[{"@type":"Article","@id":"https:\/\/www.immobilienbusiness.ch\/fr\/retail\/2023-02-07\/swiss-prime-site-plant-neuanfang-fuer-jelmoli-haus\/#article","isPartOf":{"@id":"https:\/\/www.immobilienbusiness.ch\/fr\/retail\/2023-02-07\/swiss-prime-site-plant-neuanfang-fuer-jelmoli-haus\/"},"author":{"name":"Alexander Wachter","@id":"https:\/\/www.immobilienbusiness.ch\/#\/schema\/person\/aba8bea2db926aa0c24c08c43fe1fcd5"},"headline":"Swiss Prime Site plant Neustart f\u00fcr Jelmoli-Haus","datePublished":"2023-02-07T04:30:16+00:00","dateModified":"2023-02-07T06:28:02+00:00","mainEntityOfPage":{"@id":"https:\/\/www.immobilienbusiness.ch\/fr\/retail\/2023-02-07\/swiss-prime-site-plant-neuanfang-fuer-jelmoli-haus\/"},"wordCount":242,"publisher":{"@id":"https:\/\/www.immobilienbusiness.ch\/#organization"},"image":{"@id":"https:\/\/www.immobilienbusiness.ch\/fr\/retail\/2023-02-07\/swiss-prime-site-plant-neuanfang-fuer-jelmoli-haus\/#primaryimage"},"thumbnailUrl":"https:\/\/www.immobilienbusiness.ch\/wp-content\/uploads\/2023\/02\/Jelmoli.png","keywords":["Repositionierung","Retail","Swiss Prime Site","Z\u00fcrich"],"articleSection":["RETAIL"],"inLanguage":"fr-FR"},{"@type":"WebPage","@id":"https:\/\/www.immobilienbusiness.ch\/fr\/retail\/2023-02-07\/swiss-prime-site-plant-neuanfang-fuer-jelmoli-haus\/","url":"https:\/\/www.immobilienbusiness.ch\/fr\/retail\/2023-02-07\/swiss-prime-site-plant-neuanfang-fuer-jelmoli-haus\/","name":"Swiss Prime Site plant Neustart f\u00fcr Jelmoli-Haus - IMMOBILIEN Business","isPartOf":{"@id":"https:\/\/www.immobilienbusiness.ch\/#website"},"primaryImageOfPage":{"@id":"https:\/\/www.immobilienbusiness.ch\/fr\/retail\/2023-02-07\/swiss-prime-site-plant-neuanfang-fuer-jelmoli-haus\/#primaryimage"},"image":{"@id":"https:\/\/www.immobilienbusiness.ch\/fr\/retail\/2023-02-07\/swiss-prime-site-plant-neuanfang-fuer-jelmoli-haus\/#primaryimage"},"thumbnailUrl":"https:\/\/www.immobilienbusiness.ch\/wp-content\/uploads\/2023\/02\/Jelmoli.png","datePublished":"2023-02-07T04:30:16+00:00","dateModified":"2023-02-07T06:28:02+00:00","description":"Swiss Prime Site a pr\u00e9sent\u00e9 des plans de repositionnement du b\u00e2timent Jelmoli \u00e0 la Bahnhofstrasse de Zurich. Le grand magasin fermera ses portes d\u00e9but 2025 et des bureaux seront construits dans les \u00e9tages sup\u00e9rieurs.","breadcrumb":{"@id":"https:\/\/www.immobilienbusiness.ch\/fr\/retail\/2023-02-07\/swiss-prime-site-plant-neuanfang-fuer-jelmoli-haus\/#breadcrumb"},"inLanguage":"fr-FR","potentialAction":[{"@type":"ReadAction","target":["https:\/\/www.immobilienbusiness.ch\/fr\/retail\/2023-02-07\/swiss-prime-site-plant-neuanfang-fuer-jelmoli-haus\/"]}]},{"@type":"ImageObject","inLanguage":"fr-FR","@id":"https:\/\/www.immobilienbusiness.ch\/fr\/retail\/2023-02-07\/swiss-prime-site-plant-neuanfang-fuer-jelmoli-haus\/#primaryimage","url":"https:\/\/www.immobilienbusiness.ch\/wp-content\/uploads\/2023\/02\/Jelmoli.png","contentUrl":"https:\/\/www.immobilienbusiness.ch\/wp-content\/uploads\/2023\/02\/Jelmoli.png","width":532,"height":285,"caption":"Der Fahrplan f\u00fcr den Umbau des Jelmoli-Hauses in Z\u00fcrich steht (Bild: SPS)"},{"@type":"BreadcrumbList","@id":"https:\/\/www.immobilienbusiness.ch\/fr\/retail\/2023-02-07\/swiss-prime-site-plant-neuanfang-fuer-jelmoli-haus\/#breadcrumb","itemListElement":[{"@type":"ListItem","position":1,"name":"Home","item":"https:\/\/www.immobilienbusiness.ch\/"},{"@type":"ListItem","position":2,"name":"Swiss Prime Site plant Neustart f\u00fcr Jelmoli-Haus"}]},{"@type":"WebSite","@id":"https:\/\/www.immobilienbusiness.ch\/#website","url":"https:\/\/www.immobilienbusiness.ch\/","name":"IMMOBILIER Business","description":"Magazine \u00e9conomique suisse ind\u00e9pendant ax\u00e9 sur l'immobilier, l'architecture et la construction ainsi que sur les investissements et le financement.","publisher":{"@id":"https:\/\/www.immobilienbusiness.ch\/#organization"},"potentialAction":[{"@type":"SearchAction","target":{"@type":"EntryPoint","urlTemplate":"https:\/\/www.immobilienbusiness.ch\/?s={search_term_string}"},"query-input":{"@type":"PropertyValueSpecification","valueRequired":true,"valueName":"search_term_string"}}],"inLanguage":"fr-FR"},{"@type":"Organization","@id":"https:\/\/www.immobilienbusiness.ch\/#organization","name":"IMMOBILIER Business","url":"https:\/\/www.immobilienbusiness.ch\/","logo":{"@type":"ImageObject","inLanguage":"fr-FR","@id":"https:\/\/www.immobilienbusiness.ch\/#\/schema\/logo\/image\/","url":"https:\/\/www.immobilienbusiness.ch\/wp-content\/uploads\/2021\/07\/logo_ib.png","contentUrl":"https:\/\/www.immobilienbusiness.ch\/wp-content\/uploads\/2021\/07\/logo_ib.png","width":800,"height":181,"caption":"IMMOBILIEN Business"},"image":{"@id":"https:\/\/www.immobilienbusiness.ch\/#\/schema\/logo\/image\/"},"sameAs":["https:\/\/www.facebook.com\/immobilienbusiness\/"]},{"@type":"Person","@id":"https:\/\/www.immobilienbusiness.ch\/#\/schema\/person\/aba8bea2db926aa0c24c08c43fe1fcd5","name":"Alexander Wachter","image":{"@type":"ImageObject","inLanguage":"fr-FR","@id":"https:\/\/secure.gravatar.com\/avatar\/1a09e471f5389b0e0a6416eac287e0927c7c97a7b77f9e787eba3af7aee281dd?s=96&d=mm&r=g","url":"https:\/\/secure.gravatar.com\/avatar\/1a09e471f5389b0e0a6416eac287e0927c7c97a7b77f9e787eba3af7aee281dd?s=96&d=mm&r=g","contentUrl":"https:\/\/secure.gravatar.com\/avatar\/1a09e471f5389b0e0a6416eac287e0927c7c97a7b77f9e787eba3af7aee281dd?s=96&d=mm&r=g","caption":"Alexander Wachter"},"url":"https:\/\/www.immobilienbusiness.ch\/fr\/author\/alexander-wachter\/"}]}},"_links":{"self":[{"href":"https:\/\/www.immobilienbusiness.ch\/fr\/wp-json\/wp\/v2\/posts\/45692","targetHints":{"allow":["GET"]}}],"collection":[{"href":"https:\/\/www.immobilienbusiness.ch\/fr\/wp-json\/wp\/v2\/posts"}],"about":[{"href":"https:\/\/www.immobilienbusiness.ch\/fr\/wp-json\/wp\/v2\/types\/post"}],"author":[{"embeddable":true,"href":"https:\/\/www.immobilienbusiness.ch\/fr\/wp-json\/wp\/v2\/users\/102"}],"replies":[{"embeddable":true,"href":"https:\/\/www.immobilienbusiness.ch\/fr\/wp-json\/wp\/v2\/comments?post=45692"}],"version-history":[{"count":5,"href":"https:\/\/www.immobilienbusiness.ch\/fr\/wp-json\/wp\/v2\/posts\/45692\/revisions"}],"predecessor-version":[{"id":45751,"href":"https:\/\/www.immobilienbusiness.ch\/fr\/wp-json\/wp\/v2\/posts\/45692\/revisions\/45751"}],"wp:featuredmedia":[{"embeddable":true,"href":"https:\/\/www.immobilienbusiness.ch\/fr\/wp-json\/wp\/v2\/media\/45693"}],"wp:attachment":[{"href":"https:\/\/www.immobilienbusiness.ch\/fr\/wp-json\/wp\/v2\/media?parent=45692"}],"wp:term":[{"taxonomy":"category","embeddable":true,"href":"https:\/\/www.immobilienbusiness.ch\/fr\/wp-json\/wp\/v2\/categories?post=45692"},{"taxonomy":"post_tag","embeddable":true,"href":"https:\/\/www.immobilienbusiness.ch\/fr\/wp-json\/wp\/v2\/tags?post=45692"}],"curies":[{"name":"wp","href":"https:\/\/api.w.org\/{rel}","templated":true}]}}