{"id":45628,"date":"2023-02-01T06:00:03","date_gmt":"2023-02-01T05:00:03","guid":{"rendered":"https:\/\/www.immobilienbusiness.ch\/?p=45628"},"modified":"2023-02-02T08:55:11","modified_gmt":"2023-02-02T07:55:11","slug":"st-gallen-hat-einen-neuen-leiter-fuer-das-hochbauamt-gefunden","status":"publish","type":"post","link":"https:\/\/www.immobilienbusiness.ch\/fr\/personalia\/2023-02-01\/st-gallen-hat-einen-neuen-leiter-fuer-das-hochbauamt-gefunden\/","title":{"rendered":"Saint-Gall a trouv\u00e9 un nouveau directeur pour l'Office des b\u00e2timents"},"content":{"rendered":"<figure id=\"attachment_45630\" aria-describedby=\"caption-attachment-45630\" style=\"width: 310px\" class=\"wp-caption alignnone\"><a href=\"https:\/\/www.immobilienbusiness.ch\/wp-content\/uploads\/2023\/01\/Doguoglu.png\"><img loading=\"lazy\" decoding=\"async\" class=\"size-full wp-image-45630\" src=\"https:\/\/www.immobilienbusiness.ch\/wp-content\/uploads\/2023\/01\/Doguoglu.png\" alt=\"\" width=\"310\" height=\"294\" srcset=\"https:\/\/www.immobilienbusiness.ch\/wp-content\/uploads\/2023\/01\/Doguoglu.png 310w, https:\/\/www.immobilienbusiness.ch\/wp-content\/uploads\/2023\/01\/Doguoglu-300x285.png 300w, https:\/\/www.immobilienbusiness.ch\/wp-content\/uploads\/2023\/01\/Doguoglu-13x12.png 13w\" sizes=\"auto, (max-width: 310px) 100vw, 310px\" \/><\/a><figcaption id=\"caption-attachment-45630\" class=\"wp-caption-text\">Erin Doguoglu (photo : canton de Saint-Gall)<\/figcaption><\/figure>\n<p>Erol Doguoglu prendra ses nouvelles fonctions le 1er mai. Il a travaill\u00e9 dans diff\u00e9rents bureaux de planification et d'architecture, notamment en tant que membre de la direction ou associ\u00e9. Pendant six ans, il a d\u00e9j\u00e0 travaill\u00e9 en tant que ma\u00eetre d'ouvrage urbain pour le service des b\u00e2timents de la ville de Saint-Gall. Depuis 2015, il dirige l'office cantonal des b\u00e2timents en Thurgovie.<\/p>\n<p>Doguoglu a fait ses \u00e9tudes d'architecture \u00e0 l'EPF de Zurich. Il a obtenu un dipl\u00f4me postgrade en gestion d'entreprise \u00e0 la Haute \u00e9cole sp\u00e9cialis\u00e9e de Saint-Gall et devrait obtenir en 2023 le CAS en m\u00e9diation de l'Universit\u00e9 de Fribourg.<\/p>\n<p>\u00c0 Saint-Gall, Doguoglu succ\u00e8de \u00e0 Michael Fischer. Celui-ci avait quitt\u00e9 le d\u00e9partement de la construction et de l'environnement du canton d\u00e9but d\u00e9cembre. Il y avait eu des \"divergences d'opinion sur la gestion de l'office\", avait alors fait savoir son employeur. <i>(aw)<\/i><\/p>","protected":false},"excerpt":{"rendered":"<p>Le gouvernement du canton de Saint-Gall a nomm\u00e9 Erol Doguoglu \u00e0 la direction vacante de l'Office des b\u00e2timents. L'architecte est actuellement architecte cantonal aupr\u00e8s du canton de Thurgovie.<\/p>","protected":false},"author":102,"featured_media":45630,"comment_status":"closed","ping_status":"closed","sticky":false,"template":"","format":"standard","meta":{"_acf_changed":false,"_yoast_wpseo_focuskw":"Hochbauamt","_yoast_wpseo_title":"","_yoast_wpseo_metadesc":"Die Regierung des Kantons St. Gallen hat die vakante Leitung des Hochbauamtes mit Erol Doguoglu besetzt. Der Architekt ist derzeit Kantonsbaumeister beim Kanton Thurgau.","_yoast_wpseo_linkdex":52,"pgc_sgb_lightbox_settings":"","footnotes":""},"categories":[1912],"tags":[1563,1579,1722],"class_list":["post-45628","post","type-post","status-publish","format-standard","has-post-thumbnail","hentry","category-personalia","tag-personalia","tag-politik","tag-st-gallen"],"acf":[],"yoast_head":"<!-- This site is optimized with the Yoast SEO plugin v27.4 - https:\/\/yoast.com\/product\/yoast-seo-wordpress\/ -->\n<title>St. Gallen hat einen neuen Leiter f\u00fcr das Hochbauamt gefunden - IMMOBILIEN Business<\/title>\n<meta name=\"description\" content=\"Die Regierung des Kantons St. Gallen hat die vakante Leitung des Hochbauamtes mit Erol Doguoglu besetzt. Der Architekt ist derzeit Kantonsbaumeister beim Kanton Thurgau.\" \/>\n<meta name=\"robots\" content=\"index, follow, max-snippet:-1, max-image-preview:large, max-video-preview:-1\" \/>\n<link rel=\"canonical\" href=\"https:\/\/www.immobilienbusiness.ch\/fr\/personalia\/2023-02-01\/st-gallen-hat-einen-neuen-leiter-fuer-das-hochbauamt-gefunden\/\" \/>\n<meta property=\"og:locale\" content=\"fr_FR\" \/>\n<meta property=\"og:type\" content=\"article\" \/>\n<meta property=\"og:title\" content=\"St. Gallen hat einen neuen Leiter f\u00fcr das Hochbauamt gefunden - IMMOBILIEN Business\" \/>\n<meta property=\"og:description\" content=\"Die Regierung des Kantons St. Gallen hat die vakante Leitung des Hochbauamtes mit Erol Doguoglu besetzt. Der Architekt ist derzeit Kantonsbaumeister beim Kanton Thurgau.\" \/>\n<meta property=\"og:url\" content=\"https:\/\/www.immobilienbusiness.ch\/fr\/personalia\/2023-02-01\/st-gallen-hat-einen-neuen-leiter-fuer-das-hochbauamt-gefunden\/\" \/>\n<meta property=\"og:site_name\" content=\"IMMOBILIEN Business\" \/>\n<meta property=\"article:publisher\" content=\"https:\/\/www.facebook.com\/immobilienbusiness\/\" \/>\n<meta property=\"article:published_time\" content=\"2023-02-01T05:00:03+00:00\" \/>\n<meta property=\"article:modified_time\" content=\"2023-02-02T07:55:11+00:00\" \/>\n<meta property=\"og:image\" content=\"https:\/\/www.immobilienbusiness.ch\/wp-content\/uploads\/2023\/01\/Doguoglu.png\" \/>\n\t<meta property=\"og:image:width\" content=\"310\" \/>\n\t<meta property=\"og:image:height\" content=\"294\" \/>\n\t<meta property=\"og:image:type\" content=\"image\/png\" \/>\n<meta name=\"author\" content=\"Alexander Wachter\" \/>\n<meta name=\"twitter:card\" content=\"summary_large_image\" \/>\n<script type=\"application\/ld+json\" class=\"yoast-schema-graph\">{\"@context\":\"https:\\\/\\\/schema.org\",\"@graph\":[{\"@type\":\"Article\",\"@id\":\"https:\\\/\\\/www.immobilienbusiness.ch\\\/en\\\/personalia\\\/2023-02-01\\\/st-gallen-hat-einen-neuen-leiter-fuer-das-hochbauamt-gefunden\\\/#article\",\"isPartOf\":{\"@id\":\"https:\\\/\\\/www.immobilienbusiness.ch\\\/en\\\/personalia\\\/2023-02-01\\\/st-gallen-hat-einen-neuen-leiter-fuer-das-hochbauamt-gefunden\\\/\"},\"author\":{\"name\":\"Alexander Wachter\",\"@id\":\"https:\\\/\\\/www.immobilienbusiness.ch\\\/#\\\/schema\\\/person\\\/aba8bea2db926aa0c24c08c43fe1fcd5\"},\"headline\":\"St. Gallen hat einen neuen Leiter f\u00fcr das Hochbauamt gefunden\",\"datePublished\":\"2023-02-01T05:00:03+00:00\",\"dateModified\":\"2023-02-02T07:55:11+00:00\",\"mainEntityOfPage\":{\"@id\":\"https:\\\/\\\/www.immobilienbusiness.ch\\\/en\\\/personalia\\\/2023-02-01\\\/st-gallen-hat-einen-neuen-leiter-fuer-das-hochbauamt-gefunden\\\/\"},\"wordCount\":145,\"publisher\":{\"@id\":\"https:\\\/\\\/www.immobilienbusiness.ch\\\/#organization\"},\"image\":{\"@id\":\"https:\\\/\\\/www.immobilienbusiness.ch\\\/en\\\/personalia\\\/2023-02-01\\\/st-gallen-hat-einen-neuen-leiter-fuer-das-hochbauamt-gefunden\\\/#primaryimage\"},\"thumbnailUrl\":\"https:\\\/\\\/www.immobilienbusiness.ch\\\/wp-content\\\/uploads\\\/2023\\\/01\\\/Doguoglu.png\",\"keywords\":[\"Personalia\",\"Politik\",\"St. Gallen\"],\"articleSection\":[\"PERSONALIA\"],\"inLanguage\":\"fr-FR\"},{\"@type\":\"WebPage\",\"@id\":\"https:\\\/\\\/www.immobilienbusiness.ch\\\/en\\\/personalia\\\/2023-02-01\\\/st-gallen-hat-einen-neuen-leiter-fuer-das-hochbauamt-gefunden\\\/\",\"url\":\"https:\\\/\\\/www.immobilienbusiness.ch\\\/en\\\/personalia\\\/2023-02-01\\\/st-gallen-hat-einen-neuen-leiter-fuer-das-hochbauamt-gefunden\\\/\",\"name\":\"St. Gallen hat einen neuen Leiter f\u00fcr das Hochbauamt gefunden - IMMOBILIEN Business\",\"isPartOf\":{\"@id\":\"https:\\\/\\\/www.immobilienbusiness.ch\\\/#website\"},\"primaryImageOfPage\":{\"@id\":\"https:\\\/\\\/www.immobilienbusiness.ch\\\/en\\\/personalia\\\/2023-02-01\\\/st-gallen-hat-einen-neuen-leiter-fuer-das-hochbauamt-gefunden\\\/#primaryimage\"},\"image\":{\"@id\":\"https:\\\/\\\/www.immobilienbusiness.ch\\\/en\\\/personalia\\\/2023-02-01\\\/st-gallen-hat-einen-neuen-leiter-fuer-das-hochbauamt-gefunden\\\/#primaryimage\"},\"thumbnailUrl\":\"https:\\\/\\\/www.immobilienbusiness.ch\\\/wp-content\\\/uploads\\\/2023\\\/01\\\/Doguoglu.png\",\"datePublished\":\"2023-02-01T05:00:03+00:00\",\"dateModified\":\"2023-02-02T07:55:11+00:00\",\"description\":\"Die Regierung des Kantons St. Gallen hat die vakante Leitung des Hochbauamtes mit Erol Doguoglu besetzt. Der Architekt ist derzeit Kantonsbaumeister beim Kanton Thurgau.\",\"breadcrumb\":{\"@id\":\"https:\\\/\\\/www.immobilienbusiness.ch\\\/en\\\/personalia\\\/2023-02-01\\\/st-gallen-hat-einen-neuen-leiter-fuer-das-hochbauamt-gefunden\\\/#breadcrumb\"},\"inLanguage\":\"fr-FR\",\"potentialAction\":[{\"@type\":\"ReadAction\",\"target\":[\"https:\\\/\\\/www.immobilienbusiness.ch\\\/en\\\/personalia\\\/2023-02-01\\\/st-gallen-hat-einen-neuen-leiter-fuer-das-hochbauamt-gefunden\\\/\"]}]},{\"@type\":\"ImageObject\",\"inLanguage\":\"fr-FR\",\"@id\":\"https:\\\/\\\/www.immobilienbusiness.ch\\\/en\\\/personalia\\\/2023-02-01\\\/st-gallen-hat-einen-neuen-leiter-fuer-das-hochbauamt-gefunden\\\/#primaryimage\",\"url\":\"https:\\\/\\\/www.immobilienbusiness.ch\\\/wp-content\\\/uploads\\\/2023\\\/01\\\/Doguoglu.png\",\"contentUrl\":\"https:\\\/\\\/www.immobilienbusiness.ch\\\/wp-content\\\/uploads\\\/2023\\\/01\\\/Doguoglu.png\",\"width\":310,\"height\":294,\"caption\":\"Erin Doguoglu (Bild: Kanton St. Gallen)\"},{\"@type\":\"BreadcrumbList\",\"@id\":\"https:\\\/\\\/www.immobilienbusiness.ch\\\/en\\\/personalia\\\/2023-02-01\\\/st-gallen-hat-einen-neuen-leiter-fuer-das-hochbauamt-gefunden\\\/#breadcrumb\",\"itemListElement\":[{\"@type\":\"ListItem\",\"position\":1,\"name\":\"Home\",\"item\":\"https:\\\/\\\/www.immobilienbusiness.ch\\\/\"},{\"@type\":\"ListItem\",\"position\":2,\"name\":\"St. Gallen hat einen neuen Leiter f\u00fcr das Hochbauamt gefunden\"}]},{\"@type\":\"WebSite\",\"@id\":\"https:\\\/\\\/www.immobilienbusiness.ch\\\/#website\",\"url\":\"https:\\\/\\\/www.immobilienbusiness.ch\\\/\",\"name\":\"IMMOBILIEN Business\",\"description\":\"Unabh\u00e4ngiges Schweizer Wirtschaftsmagazin mit Fokus auf Immobilien, Architektur- und Bau sowie Investment- und Finanzierung.\",\"publisher\":{\"@id\":\"https:\\\/\\\/www.immobilienbusiness.ch\\\/#organization\"},\"potentialAction\":[{\"@type\":\"SearchAction\",\"target\":{\"@type\":\"EntryPoint\",\"urlTemplate\":\"https:\\\/\\\/www.immobilienbusiness.ch\\\/?s={search_term_string}\"},\"query-input\":{\"@type\":\"PropertyValueSpecification\",\"valueRequired\":true,\"valueName\":\"search_term_string\"}}],\"inLanguage\":\"fr-FR\"},{\"@type\":\"Organization\",\"@id\":\"https:\\\/\\\/www.immobilienbusiness.ch\\\/#organization\",\"name\":\"IMMOBILIEN Business\",\"url\":\"https:\\\/\\\/www.immobilienbusiness.ch\\\/\",\"logo\":{\"@type\":\"ImageObject\",\"inLanguage\":\"fr-FR\",\"@id\":\"https:\\\/\\\/www.immobilienbusiness.ch\\\/#\\\/schema\\\/logo\\\/image\\\/\",\"url\":\"https:\\\/\\\/www.immobilienbusiness.ch\\\/wp-content\\\/uploads\\\/2021\\\/07\\\/logo_ib.png\",\"contentUrl\":\"https:\\\/\\\/www.immobilienbusiness.ch\\\/wp-content\\\/uploads\\\/2021\\\/07\\\/logo_ib.png\",\"width\":800,\"height\":181,\"caption\":\"IMMOBILIEN Business\"},\"image\":{\"@id\":\"https:\\\/\\\/www.immobilienbusiness.ch\\\/#\\\/schema\\\/logo\\\/image\\\/\"},\"sameAs\":[\"https:\\\/\\\/www.facebook.com\\\/immobilienbusiness\\\/\"]},{\"@type\":\"Person\",\"@id\":\"https:\\\/\\\/www.immobilienbusiness.ch\\\/#\\\/schema\\\/person\\\/aba8bea2db926aa0c24c08c43fe1fcd5\",\"name\":\"Alexander Wachter\",\"image\":{\"@type\":\"ImageObject\",\"inLanguage\":\"fr-FR\",\"@id\":\"https:\\\/\\\/secure.gravatar.com\\\/avatar\\\/1a09e471f5389b0e0a6416eac287e0927c7c97a7b77f9e787eba3af7aee281dd?s=96&d=mm&r=g\",\"url\":\"https:\\\/\\\/secure.gravatar.com\\\/avatar\\\/1a09e471f5389b0e0a6416eac287e0927c7c97a7b77f9e787eba3af7aee281dd?s=96&d=mm&r=g\",\"contentUrl\":\"https:\\\/\\\/secure.gravatar.com\\\/avatar\\\/1a09e471f5389b0e0a6416eac287e0927c7c97a7b77f9e787eba3af7aee281dd?s=96&d=mm&r=g\",\"caption\":\"Alexander Wachter\"},\"url\":\"https:\\\/\\\/www.immobilienbusiness.ch\\\/fr\\\/author\\\/alexander-wachter\\\/\"}]}<\/script>\n<!-- \/ Yoast SEO plugin. -->","yoast_head_json":{"title":"Saint-Gall a trouv\u00e9 un nouveau directeur pour l'Office des b\u00e2timents - IMMOBILIER Business","description":"Le gouvernement du canton de Saint-Gall a nomm\u00e9 Erol Doguoglu \u00e0 la direction vacante de l'Office des b\u00e2timents. L'architecte est actuellement architecte cantonal aupr\u00e8s du canton de Thurgovie.","robots":{"index":"index","follow":"follow","max-snippet":"max-snippet:-1","max-image-preview":"max-image-preview:large","max-video-preview":"max-video-preview:-1"},"canonical":"https:\/\/www.immobilienbusiness.ch\/fr\/personalia\/2023-02-01\/st-gallen-hat-einen-neuen-leiter-fuer-das-hochbauamt-gefunden\/","og_locale":"fr_FR","og_type":"article","og_title":"St. Gallen hat einen neuen Leiter f\u00fcr das Hochbauamt gefunden - IMMOBILIEN Business","og_description":"Die Regierung des Kantons St. Gallen hat die vakante Leitung des Hochbauamtes mit Erol Doguoglu besetzt. Der Architekt ist derzeit Kantonsbaumeister beim Kanton Thurgau.","og_url":"https:\/\/www.immobilienbusiness.ch\/fr\/personalia\/2023-02-01\/st-gallen-hat-einen-neuen-leiter-fuer-das-hochbauamt-gefunden\/","og_site_name":"IMMOBILIEN Business","article_publisher":"https:\/\/www.facebook.com\/immobilienbusiness\/","article_published_time":"2023-02-01T05:00:03+00:00","article_modified_time":"2023-02-02T07:55:11+00:00","og_image":[{"width":310,"height":294,"url":"https:\/\/www.immobilienbusiness.ch\/wp-content\/uploads\/2023\/01\/Doguoglu.png","type":"image\/png"}],"author":"Alexander Wachter","twitter_card":"summary_large_image","schema":{"@context":"https:\/\/schema.org","@graph":[{"@type":"Article","@id":"https:\/\/www.immobilienbusiness.ch\/en\/personalia\/2023-02-01\/st-gallen-hat-einen-neuen-leiter-fuer-das-hochbauamt-gefunden\/#article","isPartOf":{"@id":"https:\/\/www.immobilienbusiness.ch\/en\/personalia\/2023-02-01\/st-gallen-hat-einen-neuen-leiter-fuer-das-hochbauamt-gefunden\/"},"author":{"name":"Alexander Wachter","@id":"https:\/\/www.immobilienbusiness.ch\/#\/schema\/person\/aba8bea2db926aa0c24c08c43fe1fcd5"},"headline":"St. Gallen hat einen neuen Leiter f\u00fcr das Hochbauamt gefunden","datePublished":"2023-02-01T05:00:03+00:00","dateModified":"2023-02-02T07:55:11+00:00","mainEntityOfPage":{"@id":"https:\/\/www.immobilienbusiness.ch\/en\/personalia\/2023-02-01\/st-gallen-hat-einen-neuen-leiter-fuer-das-hochbauamt-gefunden\/"},"wordCount":145,"publisher":{"@id":"https:\/\/www.immobilienbusiness.ch\/#organization"},"image":{"@id":"https:\/\/www.immobilienbusiness.ch\/en\/personalia\/2023-02-01\/st-gallen-hat-einen-neuen-leiter-fuer-das-hochbauamt-gefunden\/#primaryimage"},"thumbnailUrl":"https:\/\/www.immobilienbusiness.ch\/wp-content\/uploads\/2023\/01\/Doguoglu.png","keywords":["Personalia","Politik","St. Gallen"],"articleSection":["PERSONALIA"],"inLanguage":"fr-FR"},{"@type":"WebPage","@id":"https:\/\/www.immobilienbusiness.ch\/en\/personalia\/2023-02-01\/st-gallen-hat-einen-neuen-leiter-fuer-das-hochbauamt-gefunden\/","url":"https:\/\/www.immobilienbusiness.ch\/en\/personalia\/2023-02-01\/st-gallen-hat-einen-neuen-leiter-fuer-das-hochbauamt-gefunden\/","name":"Saint-Gall a trouv\u00e9 un nouveau directeur pour l'Office des b\u00e2timents - IMMOBILIER Business","isPartOf":{"@id":"https:\/\/www.immobilienbusiness.ch\/#website"},"primaryImageOfPage":{"@id":"https:\/\/www.immobilienbusiness.ch\/en\/personalia\/2023-02-01\/st-gallen-hat-einen-neuen-leiter-fuer-das-hochbauamt-gefunden\/#primaryimage"},"image":{"@id":"https:\/\/www.immobilienbusiness.ch\/en\/personalia\/2023-02-01\/st-gallen-hat-einen-neuen-leiter-fuer-das-hochbauamt-gefunden\/#primaryimage"},"thumbnailUrl":"https:\/\/www.immobilienbusiness.ch\/wp-content\/uploads\/2023\/01\/Doguoglu.png","datePublished":"2023-02-01T05:00:03+00:00","dateModified":"2023-02-02T07:55:11+00:00","description":"Le gouvernement du canton de Saint-Gall a nomm\u00e9 Erol Doguoglu \u00e0 la direction vacante de l'Office des b\u00e2timents. L'architecte est actuellement architecte cantonal aupr\u00e8s du canton de Thurgovie.","breadcrumb":{"@id":"https:\/\/www.immobilienbusiness.ch\/en\/personalia\/2023-02-01\/st-gallen-hat-einen-neuen-leiter-fuer-das-hochbauamt-gefunden\/#breadcrumb"},"inLanguage":"fr-FR","potentialAction":[{"@type":"ReadAction","target":["https:\/\/www.immobilienbusiness.ch\/en\/personalia\/2023-02-01\/st-gallen-hat-einen-neuen-leiter-fuer-das-hochbauamt-gefunden\/"]}]},{"@type":"ImageObject","inLanguage":"fr-FR","@id":"https:\/\/www.immobilienbusiness.ch\/en\/personalia\/2023-02-01\/st-gallen-hat-einen-neuen-leiter-fuer-das-hochbauamt-gefunden\/#primaryimage","url":"https:\/\/www.immobilienbusiness.ch\/wp-content\/uploads\/2023\/01\/Doguoglu.png","contentUrl":"https:\/\/www.immobilienbusiness.ch\/wp-content\/uploads\/2023\/01\/Doguoglu.png","width":310,"height":294,"caption":"Erin Doguoglu (Bild: Kanton St. Gallen)"},{"@type":"BreadcrumbList","@id":"https:\/\/www.immobilienbusiness.ch\/en\/personalia\/2023-02-01\/st-gallen-hat-einen-neuen-leiter-fuer-das-hochbauamt-gefunden\/#breadcrumb","itemListElement":[{"@type":"ListItem","position":1,"name":"Home","item":"https:\/\/www.immobilienbusiness.ch\/"},{"@type":"ListItem","position":2,"name":"St. Gallen hat einen neuen Leiter f\u00fcr das Hochbauamt gefunden"}]},{"@type":"WebSite","@id":"https:\/\/www.immobilienbusiness.ch\/#website","url":"https:\/\/www.immobilienbusiness.ch\/","name":"IMMOBILIER Business","description":"Magazine \u00e9conomique suisse ind\u00e9pendant ax\u00e9 sur l'immobilier, l'architecture et la construction ainsi que sur les investissements et le financement.","publisher":{"@id":"https:\/\/www.immobilienbusiness.ch\/#organization"},"potentialAction":[{"@type":"SearchAction","target":{"@type":"EntryPoint","urlTemplate":"https:\/\/www.immobilienbusiness.ch\/?s={search_term_string}"},"query-input":{"@type":"PropertyValueSpecification","valueRequired":true,"valueName":"search_term_string"}}],"inLanguage":"fr-FR"},{"@type":"Organization","@id":"https:\/\/www.immobilienbusiness.ch\/#organization","name":"IMMOBILIER Business","url":"https:\/\/www.immobilienbusiness.ch\/","logo":{"@type":"ImageObject","inLanguage":"fr-FR","@id":"https:\/\/www.immobilienbusiness.ch\/#\/schema\/logo\/image\/","url":"https:\/\/www.immobilienbusiness.ch\/wp-content\/uploads\/2021\/07\/logo_ib.png","contentUrl":"https:\/\/www.immobilienbusiness.ch\/wp-content\/uploads\/2021\/07\/logo_ib.png","width":800,"height":181,"caption":"IMMOBILIEN Business"},"image":{"@id":"https:\/\/www.immobilienbusiness.ch\/#\/schema\/logo\/image\/"},"sameAs":["https:\/\/www.facebook.com\/immobilienbusiness\/"]},{"@type":"Person","@id":"https:\/\/www.immobilienbusiness.ch\/#\/schema\/person\/aba8bea2db926aa0c24c08c43fe1fcd5","name":"Alexander Wachter","image":{"@type":"ImageObject","inLanguage":"fr-FR","@id":"https:\/\/secure.gravatar.com\/avatar\/1a09e471f5389b0e0a6416eac287e0927c7c97a7b77f9e787eba3af7aee281dd?s=96&d=mm&r=g","url":"https:\/\/secure.gravatar.com\/avatar\/1a09e471f5389b0e0a6416eac287e0927c7c97a7b77f9e787eba3af7aee281dd?s=96&d=mm&r=g","contentUrl":"https:\/\/secure.gravatar.com\/avatar\/1a09e471f5389b0e0a6416eac287e0927c7c97a7b77f9e787eba3af7aee281dd?s=96&d=mm&r=g","caption":"Alexander Wachter"},"url":"https:\/\/www.immobilienbusiness.ch\/fr\/author\/alexander-wachter\/"}]}},"_links":{"self":[{"href":"https:\/\/www.immobilienbusiness.ch\/fr\/wp-json\/wp\/v2\/posts\/45628","targetHints":{"allow":["GET"]}}],"collection":[{"href":"https:\/\/www.immobilienbusiness.ch\/fr\/wp-json\/wp\/v2\/posts"}],"about":[{"href":"https:\/\/www.immobilienbusiness.ch\/fr\/wp-json\/wp\/v2\/types\/post"}],"author":[{"embeddable":true,"href":"https:\/\/www.immobilienbusiness.ch\/fr\/wp-json\/wp\/v2\/users\/102"}],"replies":[{"embeddable":true,"href":"https:\/\/www.immobilienbusiness.ch\/fr\/wp-json\/wp\/v2\/comments?post=45628"}],"version-history":[{"count":3,"href":"https:\/\/www.immobilienbusiness.ch\/fr\/wp-json\/wp\/v2\/posts\/45628\/revisions"}],"predecessor-version":[{"id":45660,"href":"https:\/\/www.immobilienbusiness.ch\/fr\/wp-json\/wp\/v2\/posts\/45628\/revisions\/45660"}],"wp:featuredmedia":[{"embeddable":true,"href":"https:\/\/www.immobilienbusiness.ch\/fr\/wp-json\/wp\/v2\/media\/45630"}],"wp:attachment":[{"href":"https:\/\/www.immobilienbusiness.ch\/fr\/wp-json\/wp\/v2\/media?parent=45628"}],"wp:term":[{"taxonomy":"category","embeddable":true,"href":"https:\/\/www.immobilienbusiness.ch\/fr\/wp-json\/wp\/v2\/categories?post=45628"},{"taxonomy":"post_tag","embeddable":true,"href":"https:\/\/www.immobilienbusiness.ch\/fr\/wp-json\/wp\/v2\/tags?post=45628"}],"curies":[{"name":"wp","href":"https:\/\/api.w.org\/{rel}","templated":true}]}}