{"id":45371,"date":"2023-01-10T07:48:07","date_gmt":"2023-01-10T06:48:07","guid":{"rendered":"https:\/\/www.immobilienbusiness.ch\/?p=45371"},"modified":"2023-01-12T09:27:07","modified_gmt":"2023-01-12T08:27:07","slug":"basel-chilenisch-schweizerisches-duo-plant-biz-hochhaus","status":"publish","type":"post","link":"https:\/\/www.immobilienbusiness.ch\/fr\/regionen\/2023-01-10\/basel-chilenisch-schweizerisches-duo-plant-biz-hochhaus\/","title":{"rendered":"B\u00e2le : un duo chilo-suisse pr\u00e9voit une tour BIZ"},"content":{"rendered":"<figure id=\"attachment_45373\" aria-describedby=\"caption-attachment-45373\" style=\"width: 869px\" class=\"wp-caption alignnone\"><a href=\"https:\/\/www.immobilienbusiness.ch\/wp-content\/uploads\/2023\/01\/Visualisierung.png\"><img loading=\"lazy\" decoding=\"async\" class=\"size-full wp-image-45373\" src=\"https:\/\/www.immobilienbusiness.ch\/wp-content\/uploads\/2023\/01\/Visualisierung.png\" alt=\"\" width=\"869\" height=\"762\" srcset=\"https:\/\/www.immobilienbusiness.ch\/wp-content\/uploads\/2023\/01\/Visualisierung.png 869w, https:\/\/www.immobilienbusiness.ch\/wp-content\/uploads\/2023\/01\/Visualisierung-300x263.png 300w, https:\/\/www.immobilienbusiness.ch\/wp-content\/uploads\/2023\/01\/Visualisierung-768x673.png 768w, https:\/\/www.immobilienbusiness.ch\/wp-content\/uploads\/2023\/01\/Visualisierung-14x12.png 14w, https:\/\/www.immobilienbusiness.ch\/wp-content\/uploads\/2023\/01\/Visualisierung-342x300.png 342w, https:\/\/www.immobilienbusiness.ch\/wp-content\/uploads\/2023\/01\/Visualisierung-399x350.png 399w\" sizes=\"auto, (max-width: 869px) 100vw, 869px\" \/><\/a><figcaption id=\"caption-attachment-45373\" class=\"wp-caption-text\">Visualisation du projet (photo : ZVG)<\/figcaption><\/figure>\n<p>La nouvelle tour doit \u00eatre reli\u00e9e \u00e0 la tour existante, con\u00e7ue par Martin Burckhardt. Le projet de la nouvelle construction est conforme au plan d'am\u00e9nagement approuv\u00e9 en 2015 par le Conseil d'\u00c9tat et le Grand Conseil du canton de B\u00e2le-Ville. Celui-ci permet \u00e0 la BIZ de r\u00e9aliser une surface brute de plancher totale de 68 000 m\u00b2 en surface sur le site, y compris la tour existante qui fait d\u00e9j\u00e0 environ 23 000 m\u00b2. Selon <em>Basler Zeitung<\/em> la nouvelle tour devrait mesurer 107 m\u00e8tres de haut. Si la BRI d\u00e9cide de mettre en \u0153uvre le projet, une proc\u00e9dure de planification et d'approbation s\u00e9par\u00e9e sera lanc\u00e9e pour le projet.<\/p>\n<p>Ont particip\u00e9 au concours : Bjarke Ingels Group et Gruner AG (Danemark\/Suisse), Boltshauser Architekten (Suisse), David Chipperfield Architects et Harry Gugger Studio (Royaume-Uni\/Suisse), Dominique Perrault Architecture (France), Foster+Partners et Skreinstudios (Royaume-Uni\/Espagne), Herzog &amp; de Meuron Basel (Suisse), HHF Architekten et Tatiana Bilbao Estudio (Suisse\/Mexique), Kengo Kuma &amp; Associates et F.A.B.- Forschungs- und Architekturb\u00fcro (Japon\/Suisse), Mecanoo International et St\u00e4helin Partner Architekten (Pays-Bas\/Suisse), So-Il et Karamuk Kuo Architekten (\u00c9tats-Unis\/Suisse).<em> (aw)<\/em><\/p>","protected":false},"excerpt":{"rendered":"<p>La Banque des r\u00e8glements internationaux veut construire une nouvelle tour \u00e0 c\u00f4t\u00e9 de son si\u00e8ge \u00e0 B\u00e2le. Le projet des bureaux d'architectes Elemental et Nissen Wentzlaff a remport\u00e9 le concours \u00e0 cet effet.<\/p>","protected":false},"author":102,"featured_media":45373,"comment_status":"closed","ping_status":"closed","sticky":false,"template":"","format":"standard","meta":{"_acf_changed":false,"_yoast_wpseo_focuskw":"Basel","_yoast_wpseo_title":"","_yoast_wpseo_metadesc":"Die Bank f\u00fcr Internationalen Zahlungsausgleich (BIZ) will neben ihrem Stammsitz in Basel ein weiteres Hochhaus errichten. Einen entsprechenden Wettbewerb gewann der Entwurf der Architekturb\u00fcros Elemental (Santiago, Chile) und Nissen Wentzlaff Architekten (Basel).","_yoast_wpseo_linkdex":53,"pgc_sgb_lightbox_settings":"","footnotes":""},"categories":[985],"tags":[1069,1118,1308,1600],"class_list":["post-45371","post","type-post","status-publish","format-standard","has-post-thumbnail","hentry","category-regionen","tag-basel","tag-buero","tag-hochhaus","tag-projekt-in-planung"],"acf":[],"yoast_head":"<!-- This site is optimized with the Yoast SEO plugin v27.4 - https:\/\/yoast.com\/product\/yoast-seo-wordpress\/ -->\n<title>Basel: Chilenisch-Schweizerisches Duo plant BIZ-Hochhaus - IMMOBILIEN Business<\/title>\n<meta name=\"description\" content=\"Die Bank f\u00fcr Internationalen Zahlungsausgleich (BIZ) will neben ihrem Stammsitz in Basel ein weiteres Hochhaus errichten. Einen entsprechenden Wettbewerb gewann der Entwurf der Architekturb\u00fcros Elemental (Santiago, Chile) und Nissen Wentzlaff Architekten (Basel).\" \/>\n<meta name=\"robots\" content=\"index, follow, max-snippet:-1, max-image-preview:large, max-video-preview:-1\" \/>\n<link rel=\"canonical\" href=\"https:\/\/www.immobilienbusiness.ch\/fr\/regionen\/2023-01-10\/basel-chilenisch-schweizerisches-duo-plant-biz-hochhaus\/\" \/>\n<meta property=\"og:locale\" content=\"fr_FR\" \/>\n<meta property=\"og:type\" content=\"article\" \/>\n<meta property=\"og:title\" content=\"Basel: Chilenisch-Schweizerisches Duo plant BIZ-Hochhaus - IMMOBILIEN Business\" \/>\n<meta property=\"og:description\" content=\"Die Bank f\u00fcr Internationalen Zahlungsausgleich (BIZ) will neben ihrem Stammsitz in Basel ein weiteres Hochhaus errichten. Einen entsprechenden Wettbewerb gewann der Entwurf der Architekturb\u00fcros Elemental (Santiago, Chile) und Nissen Wentzlaff Architekten (Basel).\" \/>\n<meta property=\"og:url\" content=\"https:\/\/www.immobilienbusiness.ch\/fr\/regionen\/2023-01-10\/basel-chilenisch-schweizerisches-duo-plant-biz-hochhaus\/\" \/>\n<meta property=\"og:site_name\" content=\"IMMOBILIEN Business\" \/>\n<meta property=\"article:publisher\" content=\"https:\/\/www.facebook.com\/immobilienbusiness\/\" \/>\n<meta property=\"article:published_time\" content=\"2023-01-10T06:48:07+00:00\" \/>\n<meta property=\"article:modified_time\" content=\"2023-01-12T08:27:07+00:00\" \/>\n<meta property=\"og:image\" content=\"https:\/\/www.immobilienbusiness.ch\/wp-content\/uploads\/2023\/01\/Visualisierung.png\" \/>\n\t<meta property=\"og:image:width\" content=\"869\" \/>\n\t<meta property=\"og:image:height\" content=\"762\" \/>\n\t<meta property=\"og:image:type\" content=\"image\/png\" \/>\n<meta name=\"author\" content=\"Alexander Wachter\" \/>\n<meta name=\"twitter:card\" content=\"summary_large_image\" \/>\n<script type=\"application\/ld+json\" class=\"yoast-schema-graph\">{\"@context\":\"https:\\\/\\\/schema.org\",\"@graph\":[{\"@type\":\"Article\",\"@id\":\"https:\\\/\\\/www.immobilienbusiness.ch\\\/en\\\/regionen\\\/2023-01-10\\\/basel-chilenisch-schweizerisches-duo-plant-biz-hochhaus\\\/#article\",\"isPartOf\":{\"@id\":\"https:\\\/\\\/www.immobilienbusiness.ch\\\/en\\\/regionen\\\/2023-01-10\\\/basel-chilenisch-schweizerisches-duo-plant-biz-hochhaus\\\/\"},\"author\":{\"name\":\"Alexander Wachter\",\"@id\":\"https:\\\/\\\/www.immobilienbusiness.ch\\\/#\\\/schema\\\/person\\\/aba8bea2db926aa0c24c08c43fe1fcd5\"},\"headline\":\"Basel: Chilenisch-Schweizerisches Duo plant BIZ-Hochhaus\",\"datePublished\":\"2023-01-10T06:48:07+00:00\",\"dateModified\":\"2023-01-12T08:27:07+00:00\",\"mainEntityOfPage\":{\"@id\":\"https:\\\/\\\/www.immobilienbusiness.ch\\\/en\\\/regionen\\\/2023-01-10\\\/basel-chilenisch-schweizerisches-duo-plant-biz-hochhaus\\\/\"},\"wordCount\":191,\"publisher\":{\"@id\":\"https:\\\/\\\/www.immobilienbusiness.ch\\\/#organization\"},\"image\":{\"@id\":\"https:\\\/\\\/www.immobilienbusiness.ch\\\/en\\\/regionen\\\/2023-01-10\\\/basel-chilenisch-schweizerisches-duo-plant-biz-hochhaus\\\/#primaryimage\"},\"thumbnailUrl\":\"https:\\\/\\\/www.immobilienbusiness.ch\\\/wp-content\\\/uploads\\\/2023\\\/01\\\/Visualisierung.png\",\"keywords\":[\"Basel\",\"B\u00fcro\",\"Hochhaus\",\"Projekt in Planung\"],\"articleSection\":[\"REGIONEN\"],\"inLanguage\":\"fr-FR\"},{\"@type\":\"WebPage\",\"@id\":\"https:\\\/\\\/www.immobilienbusiness.ch\\\/en\\\/regionen\\\/2023-01-10\\\/basel-chilenisch-schweizerisches-duo-plant-biz-hochhaus\\\/\",\"url\":\"https:\\\/\\\/www.immobilienbusiness.ch\\\/en\\\/regionen\\\/2023-01-10\\\/basel-chilenisch-schweizerisches-duo-plant-biz-hochhaus\\\/\",\"name\":\"Basel: Chilenisch-Schweizerisches Duo plant BIZ-Hochhaus - IMMOBILIEN Business\",\"isPartOf\":{\"@id\":\"https:\\\/\\\/www.immobilienbusiness.ch\\\/#website\"},\"primaryImageOfPage\":{\"@id\":\"https:\\\/\\\/www.immobilienbusiness.ch\\\/en\\\/regionen\\\/2023-01-10\\\/basel-chilenisch-schweizerisches-duo-plant-biz-hochhaus\\\/#primaryimage\"},\"image\":{\"@id\":\"https:\\\/\\\/www.immobilienbusiness.ch\\\/en\\\/regionen\\\/2023-01-10\\\/basel-chilenisch-schweizerisches-duo-plant-biz-hochhaus\\\/#primaryimage\"},\"thumbnailUrl\":\"https:\\\/\\\/www.immobilienbusiness.ch\\\/wp-content\\\/uploads\\\/2023\\\/01\\\/Visualisierung.png\",\"datePublished\":\"2023-01-10T06:48:07+00:00\",\"dateModified\":\"2023-01-12T08:27:07+00:00\",\"description\":\"Die Bank f\u00fcr Internationalen Zahlungsausgleich (BIZ) will neben ihrem Stammsitz in Basel ein weiteres Hochhaus errichten. Einen entsprechenden Wettbewerb gewann der Entwurf der Architekturb\u00fcros Elemental (Santiago, Chile) und Nissen Wentzlaff Architekten (Basel).\",\"breadcrumb\":{\"@id\":\"https:\\\/\\\/www.immobilienbusiness.ch\\\/en\\\/regionen\\\/2023-01-10\\\/basel-chilenisch-schweizerisches-duo-plant-biz-hochhaus\\\/#breadcrumb\"},\"inLanguage\":\"fr-FR\",\"potentialAction\":[{\"@type\":\"ReadAction\",\"target\":[\"https:\\\/\\\/www.immobilienbusiness.ch\\\/en\\\/regionen\\\/2023-01-10\\\/basel-chilenisch-schweizerisches-duo-plant-biz-hochhaus\\\/\"]}]},{\"@type\":\"ImageObject\",\"inLanguage\":\"fr-FR\",\"@id\":\"https:\\\/\\\/www.immobilienbusiness.ch\\\/en\\\/regionen\\\/2023-01-10\\\/basel-chilenisch-schweizerisches-duo-plant-biz-hochhaus\\\/#primaryimage\",\"url\":\"https:\\\/\\\/www.immobilienbusiness.ch\\\/wp-content\\\/uploads\\\/2023\\\/01\\\/Visualisierung.png\",\"contentUrl\":\"https:\\\/\\\/www.immobilienbusiness.ch\\\/wp-content\\\/uploads\\\/2023\\\/01\\\/Visualisierung.png\",\"width\":869,\"height\":762,\"caption\":\"Das waren die Entw\u00fcrfe, die im Januar 2023 gezeigt worden waren (Visualisierung: ZvG)\"},{\"@type\":\"BreadcrumbList\",\"@id\":\"https:\\\/\\\/www.immobilienbusiness.ch\\\/en\\\/regionen\\\/2023-01-10\\\/basel-chilenisch-schweizerisches-duo-plant-biz-hochhaus\\\/#breadcrumb\",\"itemListElement\":[{\"@type\":\"ListItem\",\"position\":1,\"name\":\"Home\",\"item\":\"https:\\\/\\\/www.immobilienbusiness.ch\\\/\"},{\"@type\":\"ListItem\",\"position\":2,\"name\":\"Basel: Chilenisch-Schweizerisches Duo plant BIZ-Hochhaus\"}]},{\"@type\":\"WebSite\",\"@id\":\"https:\\\/\\\/www.immobilienbusiness.ch\\\/#website\",\"url\":\"https:\\\/\\\/www.immobilienbusiness.ch\\\/\",\"name\":\"IMMOBILIEN Business\",\"description\":\"Unabh\u00e4ngiges Schweizer Wirtschaftsmagazin mit Fokus auf Immobilien, Architektur- und Bau sowie Investment- und Finanzierung.\",\"publisher\":{\"@id\":\"https:\\\/\\\/www.immobilienbusiness.ch\\\/#organization\"},\"potentialAction\":[{\"@type\":\"SearchAction\",\"target\":{\"@type\":\"EntryPoint\",\"urlTemplate\":\"https:\\\/\\\/www.immobilienbusiness.ch\\\/?s={search_term_string}\"},\"query-input\":{\"@type\":\"PropertyValueSpecification\",\"valueRequired\":true,\"valueName\":\"search_term_string\"}}],\"inLanguage\":\"fr-FR\"},{\"@type\":\"Organization\",\"@id\":\"https:\\\/\\\/www.immobilienbusiness.ch\\\/#organization\",\"name\":\"IMMOBILIEN Business\",\"url\":\"https:\\\/\\\/www.immobilienbusiness.ch\\\/\",\"logo\":{\"@type\":\"ImageObject\",\"inLanguage\":\"fr-FR\",\"@id\":\"https:\\\/\\\/www.immobilienbusiness.ch\\\/#\\\/schema\\\/logo\\\/image\\\/\",\"url\":\"https:\\\/\\\/www.immobilienbusiness.ch\\\/wp-content\\\/uploads\\\/2021\\\/07\\\/logo_ib.png\",\"contentUrl\":\"https:\\\/\\\/www.immobilienbusiness.ch\\\/wp-content\\\/uploads\\\/2021\\\/07\\\/logo_ib.png\",\"width\":800,\"height\":181,\"caption\":\"IMMOBILIEN Business\"},\"image\":{\"@id\":\"https:\\\/\\\/www.immobilienbusiness.ch\\\/#\\\/schema\\\/logo\\\/image\\\/\"},\"sameAs\":[\"https:\\\/\\\/www.facebook.com\\\/immobilienbusiness\\\/\"]},{\"@type\":\"Person\",\"@id\":\"https:\\\/\\\/www.immobilienbusiness.ch\\\/#\\\/schema\\\/person\\\/aba8bea2db926aa0c24c08c43fe1fcd5\",\"name\":\"Alexander Wachter\",\"image\":{\"@type\":\"ImageObject\",\"inLanguage\":\"fr-FR\",\"@id\":\"https:\\\/\\\/secure.gravatar.com\\\/avatar\\\/1a09e471f5389b0e0a6416eac287e0927c7c97a7b77f9e787eba3af7aee281dd?s=96&d=mm&r=g\",\"url\":\"https:\\\/\\\/secure.gravatar.com\\\/avatar\\\/1a09e471f5389b0e0a6416eac287e0927c7c97a7b77f9e787eba3af7aee281dd?s=96&d=mm&r=g\",\"contentUrl\":\"https:\\\/\\\/secure.gravatar.com\\\/avatar\\\/1a09e471f5389b0e0a6416eac287e0927c7c97a7b77f9e787eba3af7aee281dd?s=96&d=mm&r=g\",\"caption\":\"Alexander Wachter\"},\"url\":\"https:\\\/\\\/www.immobilienbusiness.ch\\\/fr\\\/author\\\/alexander-wachter\\\/\"}]}<\/script>\n<!-- \/ Yoast SEO plugin. -->","yoast_head_json":{"title":"Basel: Chilenisch-Schweizerisches Duo plant BIZ-Hochhaus - IMMOBILIEN Business","description":"La Banque des r\u00e8glements internationaux (BRI) veut construire une nouvelle tour \u00e0 c\u00f4t\u00e9 de son si\u00e8ge \u00e0 B\u00e2le. Le projet des bureaux d'architectes Elemental (Santiago, Chili) et Nissen Wentzlaff Architekten (B\u00e2le) a remport\u00e9 un concours dans ce sens.","robots":{"index":"index","follow":"follow","max-snippet":"max-snippet:-1","max-image-preview":"max-image-preview:large","max-video-preview":"max-video-preview:-1"},"canonical":"https:\/\/www.immobilienbusiness.ch\/fr\/regionen\/2023-01-10\/basel-chilenisch-schweizerisches-duo-plant-biz-hochhaus\/","og_locale":"fr_FR","og_type":"article","og_title":"Basel: Chilenisch-Schweizerisches Duo plant BIZ-Hochhaus - IMMOBILIEN Business","og_description":"Die Bank f\u00fcr Internationalen Zahlungsausgleich (BIZ) will neben ihrem Stammsitz in Basel ein weiteres Hochhaus errichten. Einen entsprechenden Wettbewerb gewann der Entwurf der Architekturb\u00fcros Elemental (Santiago, Chile) und Nissen Wentzlaff Architekten (Basel).","og_url":"https:\/\/www.immobilienbusiness.ch\/fr\/regionen\/2023-01-10\/basel-chilenisch-schweizerisches-duo-plant-biz-hochhaus\/","og_site_name":"IMMOBILIEN Business","article_publisher":"https:\/\/www.facebook.com\/immobilienbusiness\/","article_published_time":"2023-01-10T06:48:07+00:00","article_modified_time":"2023-01-12T08:27:07+00:00","og_image":[{"width":869,"height":762,"url":"https:\/\/www.immobilienbusiness.ch\/wp-content\/uploads\/2023\/01\/Visualisierung.png","type":"image\/png"}],"author":"Alexander Wachter","twitter_card":"summary_large_image","schema":{"@context":"https:\/\/schema.org","@graph":[{"@type":"Article","@id":"https:\/\/www.immobilienbusiness.ch\/en\/regionen\/2023-01-10\/basel-chilenisch-schweizerisches-duo-plant-biz-hochhaus\/#article","isPartOf":{"@id":"https:\/\/www.immobilienbusiness.ch\/en\/regionen\/2023-01-10\/basel-chilenisch-schweizerisches-duo-plant-biz-hochhaus\/"},"author":{"name":"Alexander Wachter","@id":"https:\/\/www.immobilienbusiness.ch\/#\/schema\/person\/aba8bea2db926aa0c24c08c43fe1fcd5"},"headline":"Basel: Chilenisch-Schweizerisches Duo plant BIZ-Hochhaus","datePublished":"2023-01-10T06:48:07+00:00","dateModified":"2023-01-12T08:27:07+00:00","mainEntityOfPage":{"@id":"https:\/\/www.immobilienbusiness.ch\/en\/regionen\/2023-01-10\/basel-chilenisch-schweizerisches-duo-plant-biz-hochhaus\/"},"wordCount":191,"publisher":{"@id":"https:\/\/www.immobilienbusiness.ch\/#organization"},"image":{"@id":"https:\/\/www.immobilienbusiness.ch\/en\/regionen\/2023-01-10\/basel-chilenisch-schweizerisches-duo-plant-biz-hochhaus\/#primaryimage"},"thumbnailUrl":"https:\/\/www.immobilienbusiness.ch\/wp-content\/uploads\/2023\/01\/Visualisierung.png","keywords":["Basel","B\u00fcro","Hochhaus","Projekt in Planung"],"articleSection":["REGIONEN"],"inLanguage":"fr-FR"},{"@type":"WebPage","@id":"https:\/\/www.immobilienbusiness.ch\/en\/regionen\/2023-01-10\/basel-chilenisch-schweizerisches-duo-plant-biz-hochhaus\/","url":"https:\/\/www.immobilienbusiness.ch\/en\/regionen\/2023-01-10\/basel-chilenisch-schweizerisches-duo-plant-biz-hochhaus\/","name":"Basel: Chilenisch-Schweizerisches Duo plant BIZ-Hochhaus - IMMOBILIEN Business","isPartOf":{"@id":"https:\/\/www.immobilienbusiness.ch\/#website"},"primaryImageOfPage":{"@id":"https:\/\/www.immobilienbusiness.ch\/en\/regionen\/2023-01-10\/basel-chilenisch-schweizerisches-duo-plant-biz-hochhaus\/#primaryimage"},"image":{"@id":"https:\/\/www.immobilienbusiness.ch\/en\/regionen\/2023-01-10\/basel-chilenisch-schweizerisches-duo-plant-biz-hochhaus\/#primaryimage"},"thumbnailUrl":"https:\/\/www.immobilienbusiness.ch\/wp-content\/uploads\/2023\/01\/Visualisierung.png","datePublished":"2023-01-10T06:48:07+00:00","dateModified":"2023-01-12T08:27:07+00:00","description":"La Banque des r\u00e8glements internationaux (BRI) veut construire une nouvelle tour \u00e0 c\u00f4t\u00e9 de son si\u00e8ge \u00e0 B\u00e2le. Le projet des bureaux d'architectes Elemental (Santiago, Chili) et Nissen Wentzlaff Architekten (B\u00e2le) a remport\u00e9 un concours dans ce sens.","breadcrumb":{"@id":"https:\/\/www.immobilienbusiness.ch\/en\/regionen\/2023-01-10\/basel-chilenisch-schweizerisches-duo-plant-biz-hochhaus\/#breadcrumb"},"inLanguage":"fr-FR","potentialAction":[{"@type":"ReadAction","target":["https:\/\/www.immobilienbusiness.ch\/en\/regionen\/2023-01-10\/basel-chilenisch-schweizerisches-duo-plant-biz-hochhaus\/"]}]},{"@type":"ImageObject","inLanguage":"fr-FR","@id":"https:\/\/www.immobilienbusiness.ch\/en\/regionen\/2023-01-10\/basel-chilenisch-schweizerisches-duo-plant-biz-hochhaus\/#primaryimage","url":"https:\/\/www.immobilienbusiness.ch\/wp-content\/uploads\/2023\/01\/Visualisierung.png","contentUrl":"https:\/\/www.immobilienbusiness.ch\/wp-content\/uploads\/2023\/01\/Visualisierung.png","width":869,"height":762,"caption":"Das waren die Entw\u00fcrfe, die im Januar 2023 gezeigt worden waren (Visualisierung: ZvG)"},{"@type":"BreadcrumbList","@id":"https:\/\/www.immobilienbusiness.ch\/en\/regionen\/2023-01-10\/basel-chilenisch-schweizerisches-duo-plant-biz-hochhaus\/#breadcrumb","itemListElement":[{"@type":"ListItem","position":1,"name":"Home","item":"https:\/\/www.immobilienbusiness.ch\/"},{"@type":"ListItem","position":2,"name":"Basel: Chilenisch-Schweizerisches Duo plant BIZ-Hochhaus"}]},{"@type":"WebSite","@id":"https:\/\/www.immobilienbusiness.ch\/#website","url":"https:\/\/www.immobilienbusiness.ch\/","name":"IMMOBILIER Business","description":"Magazine \u00e9conomique suisse ind\u00e9pendant ax\u00e9 sur l'immobilier, l'architecture et la construction ainsi que sur les investissements et le financement.","publisher":{"@id":"https:\/\/www.immobilienbusiness.ch\/#organization"},"potentialAction":[{"@type":"SearchAction","target":{"@type":"EntryPoint","urlTemplate":"https:\/\/www.immobilienbusiness.ch\/?s={search_term_string}"},"query-input":{"@type":"PropertyValueSpecification","valueRequired":true,"valueName":"search_term_string"}}],"inLanguage":"fr-FR"},{"@type":"Organization","@id":"https:\/\/www.immobilienbusiness.ch\/#organization","name":"IMMOBILIER Business","url":"https:\/\/www.immobilienbusiness.ch\/","logo":{"@type":"ImageObject","inLanguage":"fr-FR","@id":"https:\/\/www.immobilienbusiness.ch\/#\/schema\/logo\/image\/","url":"https:\/\/www.immobilienbusiness.ch\/wp-content\/uploads\/2021\/07\/logo_ib.png","contentUrl":"https:\/\/www.immobilienbusiness.ch\/wp-content\/uploads\/2021\/07\/logo_ib.png","width":800,"height":181,"caption":"IMMOBILIEN Business"},"image":{"@id":"https:\/\/www.immobilienbusiness.ch\/#\/schema\/logo\/image\/"},"sameAs":["https:\/\/www.facebook.com\/immobilienbusiness\/"]},{"@type":"Person","@id":"https:\/\/www.immobilienbusiness.ch\/#\/schema\/person\/aba8bea2db926aa0c24c08c43fe1fcd5","name":"Alexander Wachter","image":{"@type":"ImageObject","inLanguage":"fr-FR","@id":"https:\/\/secure.gravatar.com\/avatar\/1a09e471f5389b0e0a6416eac287e0927c7c97a7b77f9e787eba3af7aee281dd?s=96&d=mm&r=g","url":"https:\/\/secure.gravatar.com\/avatar\/1a09e471f5389b0e0a6416eac287e0927c7c97a7b77f9e787eba3af7aee281dd?s=96&d=mm&r=g","contentUrl":"https:\/\/secure.gravatar.com\/avatar\/1a09e471f5389b0e0a6416eac287e0927c7c97a7b77f9e787eba3af7aee281dd?s=96&d=mm&r=g","caption":"Alexander Wachter"},"url":"https:\/\/www.immobilienbusiness.ch\/fr\/author\/alexander-wachter\/"}]}},"_links":{"self":[{"href":"https:\/\/www.immobilienbusiness.ch\/fr\/wp-json\/wp\/v2\/posts\/45371","targetHints":{"allow":["GET"]}}],"collection":[{"href":"https:\/\/www.immobilienbusiness.ch\/fr\/wp-json\/wp\/v2\/posts"}],"about":[{"href":"https:\/\/www.immobilienbusiness.ch\/fr\/wp-json\/wp\/v2\/types\/post"}],"author":[{"embeddable":true,"href":"https:\/\/www.immobilienbusiness.ch\/fr\/wp-json\/wp\/v2\/users\/102"}],"replies":[{"embeddable":true,"href":"https:\/\/www.immobilienbusiness.ch\/fr\/wp-json\/wp\/v2\/comments?post=45371"}],"version-history":[{"count":5,"href":"https:\/\/www.immobilienbusiness.ch\/fr\/wp-json\/wp\/v2\/posts\/45371\/revisions"}],"predecessor-version":[{"id":45412,"href":"https:\/\/www.immobilienbusiness.ch\/fr\/wp-json\/wp\/v2\/posts\/45371\/revisions\/45412"}],"wp:featuredmedia":[{"embeddable":true,"href":"https:\/\/www.immobilienbusiness.ch\/fr\/wp-json\/wp\/v2\/media\/45373"}],"wp:attachment":[{"href":"https:\/\/www.immobilienbusiness.ch\/fr\/wp-json\/wp\/v2\/media?parent=45371"}],"wp:term":[{"taxonomy":"category","embeddable":true,"href":"https:\/\/www.immobilienbusiness.ch\/fr\/wp-json\/wp\/v2\/categories?post=45371"},{"taxonomy":"post_tag","embeddable":true,"href":"https:\/\/www.immobilienbusiness.ch\/fr\/wp-json\/wp\/v2\/tags?post=45371"}],"curies":[{"name":"wp","href":"https:\/\/api.w.org\/{rel}","templated":true}]}}