{"id":453,"date":"2016-11-24T09:42:25","date_gmt":"2016-11-24T08:42:25","guid":{"rendered":"http:\/\/dev.immobilienbusiness.ch\/?p=453"},"modified":"2016-11-24T09:42:25","modified_gmt":"2016-11-24T08:42:25","slug":"ubs-fonds-euroinvest-oeffnet-wieder","status":"publish","type":"post","link":"https:\/\/www.immobilienbusiness.ch\/fr\/allgemein\/2016-11-24\/ubs-fonds-euroinvest-oeffnet-wieder\/","title":{"rendered":"R\u00e9ouverture du fonds UBS Euroinvest"},"content":{"rendered":"<figure id=\"attachment_5066\" aria-describedby=\"caption-attachment-5066\" style=\"width: 680px\" class=\"wp-caption alignnone\"><img loading=\"lazy\" decoding=\"async\" class=\"wp-image-5066 size-medium\" src=\"https:\/\/immobilienbusiness.ch\/wp-content\/uploads\/2016\/11\/UBS-Fonds-Euroinvest-\u00f6ffnet-wieder-immobilien-business.jpg\" width=\"680\" height=\"806\" \/><figcaption id=\"caption-attachment-5066\" class=\"wp-caption-text\">L'UBS rouvre pr\u00e9matur\u00e9ment l'UBS (D) Euroinvest Immobilien (Photo : Pixabay)<\/figcaption><\/figure>\n<p>UBS Real Estate GmbH, dont le si\u00e8ge est \u00e0 Munich, avait suspendu, avec effet au 4 juillet 2014, le rachat de parts du fonds UBS (D) Euroinvest Immobilien (UBS-EI) jusqu'au 4 juillet 2017. La direction du fonds annonce maintenant la r\u00e9ouverture du fonds. L'\u00e9mission et le rachat de parts ayant lieu \u00e0 la fin de chaque mois, le premier jour de n\u00e9goce apr\u00e8s la r\u00e9ouverture sera le 30 novembre 2016.<\/p>\n<p>Selon les indications d'UBS, la direction a re\u00e7u des restitutions d'un montant de 161 millions d'euros, qui devraient \u00eatre vers\u00e9es apr\u00e8s la r\u00e9ouverture. Ces rachats peuvent \u00eatre honor\u00e9s \u00e0 partir des liquidit\u00e9s disponibles. En outre, des investisseurs orient\u00e9s vers le long terme ont signal\u00e9 leur volont\u00e9 de rester dans le fonds, indique UBS dans un communiqu\u00e9.<\/p>\n<p>Depuis la fermeture du fonds, des biens immobiliers d'une valeur totale de 790 millions d'euros ont \u00e9t\u00e9 vendus. L'objectif \u00e9tait d'assurer, lors de la r\u00e9ouverture, \"un portefeuille immobilier porteur d'avenir avec des attentes de rendement stables\". Le fonds UBS-EI a \u00e9t\u00e9 lanc\u00e9 en 1999 en tant que fonds ouvert au public, qui s'adresse principalement aux investisseurs institutionnels. (ah)<\/p>","protected":false},"excerpt":{"rendered":"<p>UBS Real Estate GmbH rouvre de mani\u00e8re anticip\u00e9e le fonds commun de placement UBS (D) Euroinvest Immobilien et commence \u00e0 racheter des parts fin novembre 2016.<\/p>","protected":false},"author":1,"featured_media":5066,"comment_status":"open","ping_status":"open","sticky":false,"template":"","format":"standard","meta":{"_acf_changed":false,"_yoast_wpseo_focuskw":"Euroinvest","_yoast_wpseo_title":"","_yoast_wpseo_metadesc":"UBS Real Estate GmbH \u00f6ffnet den Publikums-AIF UBS (D) Euroinvest Immobilien vorzeitig wieder und beginnt Ende November 2016 mit der R\u00fccknahme von Anteilen.","_yoast_wpseo_linkdex":71,"pgc_sgb_lightbox_settings":"","footnotes":""},"categories":[1],"tags":[1362],"class_list":["post-453","post","type-post","status-publish","format-standard","has-post-thumbnail","hentry","category-allgemein","tag-indirekte-immobilienanlagen"],"acf":[],"yoast_head":"<!-- This site is optimized with the Yoast SEO plugin v27.5 - https:\/\/yoast.com\/product\/yoast-seo-wordpress\/ -->\n<title>UBS-Fonds Euroinvest \u00f6ffnet wieder - IMMOBILIEN Business<\/title>\n<meta name=\"description\" content=\"UBS Real Estate GmbH \u00f6ffnet den Publikums-AIF UBS (D) Euroinvest Immobilien vorzeitig wieder und beginnt Ende November 2016 mit der R\u00fccknahme von Anteilen.\" \/>\n<meta name=\"robots\" content=\"index, follow, max-snippet:-1, max-image-preview:large, max-video-preview:-1\" \/>\n<link rel=\"canonical\" href=\"https:\/\/www.immobilienbusiness.ch\/fr\/allgemein\/2016-11-24\/ubs-fonds-euroinvest-oeffnet-wieder\/\" \/>\n<meta property=\"og:locale\" content=\"fr_FR\" \/>\n<meta property=\"og:type\" content=\"article\" \/>\n<meta property=\"og:title\" content=\"UBS-Fonds Euroinvest \u00f6ffnet wieder\" \/>\n<meta property=\"og:description\" content=\"Die UBS Real Estate GmbH \u00f6ffnet den Publikums-AIF UBS (D) Euroinvest Immobilien vorzeitig wieder und beginnt Ende November 2016 mit der R\u00fccknahme von Anteilen.\" \/>\n<meta property=\"og:url\" content=\"https:\/\/www.immobilienbusiness.ch\/fr\/allgemein\/2016-11-24\/ubs-fonds-euroinvest-oeffnet-wieder\/\" \/>\n<meta property=\"og:site_name\" content=\"IMMOBILIEN Business\" \/>\n<meta property=\"article:publisher\" content=\"https:\/\/www.facebook.com\/immobilienbusiness\/\" \/>\n<meta property=\"article:published_time\" content=\"2016-11-24T08:42:25+00:00\" \/>\n<meta name=\"author\" content=\"Redaktion\" \/>\n<meta name=\"twitter:card\" content=\"summary_large_image\" \/>\n<meta name=\"twitter:image\" content=\"https:\/\/www.immobilienbusiness.ch\/wp-content\/uploads\/2016\/11\/UBS-Fonds-Euroinvest-oeffnet-wieder-immobilien-business.jpg\" \/>\n<script type=\"application\/ld+json\" class=\"yoast-schema-graph\">{\"@context\":\"https:\\\/\\\/schema.org\",\"@graph\":[{\"@type\":\"Article\",\"@id\":\"https:\\\/\\\/www.immobilienbusiness.ch\\\/allgemein\\\/2016-11-24\\\/ubs-fonds-euroinvest-oeffnet-wieder\\\/#article\",\"isPartOf\":{\"@id\":\"https:\\\/\\\/www.immobilienbusiness.ch\\\/allgemein\\\/2016-11-24\\\/ubs-fonds-euroinvest-oeffnet-wieder\\\/\"},\"author\":{\"name\":\"Redaktion\",\"@id\":\"https:\\\/\\\/www.immobilienbusiness.ch\\\/#\\\/schema\\\/person\\\/aa2bace6c5c5aad60102004a50c4eb1c\"},\"headline\":\"UBS-Fonds Euroinvest \u00f6ffnet wieder\",\"datePublished\":\"2016-11-24T08:42:25+00:00\",\"mainEntityOfPage\":{\"@id\":\"https:\\\/\\\/www.immobilienbusiness.ch\\\/allgemein\\\/2016-11-24\\\/ubs-fonds-euroinvest-oeffnet-wieder\\\/\"},\"wordCount\":185,\"commentCount\":0,\"publisher\":{\"@id\":\"https:\\\/\\\/www.immobilienbusiness.ch\\\/#organization\"},\"image\":{\"@id\":\"https:\\\/\\\/www.immobilienbusiness.ch\\\/allgemein\\\/2016-11-24\\\/ubs-fonds-euroinvest-oeffnet-wieder\\\/#primaryimage\"},\"thumbnailUrl\":\"https:\\\/\\\/www.immobilienbusiness.ch\\\/wp-content\\\/uploads\\\/2016\\\/11\\\/UBS-Fonds-Euroinvest-oeffnet-wieder-immobilien-business.jpg\",\"keywords\":[\"Indirekte Immobilienanlagen\"],\"articleSection\":[\"Allgemein\"],\"inLanguage\":\"fr-FR\"},{\"@type\":\"WebPage\",\"@id\":\"https:\\\/\\\/www.immobilienbusiness.ch\\\/allgemein\\\/2016-11-24\\\/ubs-fonds-euroinvest-oeffnet-wieder\\\/\",\"url\":\"https:\\\/\\\/www.immobilienbusiness.ch\\\/allgemein\\\/2016-11-24\\\/ubs-fonds-euroinvest-oeffnet-wieder\\\/\",\"name\":\"UBS-Fonds Euroinvest \u00f6ffnet wieder - IMMOBILIEN Business\",\"isPartOf\":{\"@id\":\"https:\\\/\\\/www.immobilienbusiness.ch\\\/#website\"},\"primaryImageOfPage\":{\"@id\":\"https:\\\/\\\/www.immobilienbusiness.ch\\\/allgemein\\\/2016-11-24\\\/ubs-fonds-euroinvest-oeffnet-wieder\\\/#primaryimage\"},\"image\":{\"@id\":\"https:\\\/\\\/www.immobilienbusiness.ch\\\/allgemein\\\/2016-11-24\\\/ubs-fonds-euroinvest-oeffnet-wieder\\\/#primaryimage\"},\"thumbnailUrl\":\"https:\\\/\\\/www.immobilienbusiness.ch\\\/wp-content\\\/uploads\\\/2016\\\/11\\\/UBS-Fonds-Euroinvest-oeffnet-wieder-immobilien-business.jpg\",\"datePublished\":\"2016-11-24T08:42:25+00:00\",\"description\":\"UBS Real Estate GmbH \u00f6ffnet den Publikums-AIF UBS (D) Euroinvest Immobilien vorzeitig wieder und beginnt Ende November 2016 mit der R\u00fccknahme von Anteilen.\",\"breadcrumb\":{\"@id\":\"https:\\\/\\\/www.immobilienbusiness.ch\\\/allgemein\\\/2016-11-24\\\/ubs-fonds-euroinvest-oeffnet-wieder\\\/#breadcrumb\"},\"inLanguage\":\"fr-FR\",\"potentialAction\":[{\"@type\":\"ReadAction\",\"target\":[\"https:\\\/\\\/www.immobilienbusiness.ch\\\/allgemein\\\/2016-11-24\\\/ubs-fonds-euroinvest-oeffnet-wieder\\\/\"]}]},{\"@type\":\"ImageObject\",\"inLanguage\":\"fr-FR\",\"@id\":\"https:\\\/\\\/www.immobilienbusiness.ch\\\/allgemein\\\/2016-11-24\\\/ubs-fonds-euroinvest-oeffnet-wieder\\\/#primaryimage\",\"url\":\"https:\\\/\\\/www.immobilienbusiness.ch\\\/wp-content\\\/uploads\\\/2016\\\/11\\\/UBS-Fonds-Euroinvest-oeffnet-wieder-immobilien-business.jpg\",\"contentUrl\":\"https:\\\/\\\/www.immobilienbusiness.ch\\\/wp-content\\\/uploads\\\/2016\\\/11\\\/UBS-Fonds-Euroinvest-oeffnet-wieder-immobilien-business.jpg\",\"width\":1080,\"height\":1280,\"caption\":\"Die UBS \u00f6ffnet den UBS (D) Euroinvest Immobilien vorzeitig wieder (Foto: Pixabay)\"},{\"@type\":\"BreadcrumbList\",\"@id\":\"https:\\\/\\\/www.immobilienbusiness.ch\\\/allgemein\\\/2016-11-24\\\/ubs-fonds-euroinvest-oeffnet-wieder\\\/#breadcrumb\",\"itemListElement\":[{\"@type\":\"ListItem\",\"position\":1,\"name\":\"Home\",\"item\":\"https:\\\/\\\/www.immobilienbusiness.ch\\\/\"},{\"@type\":\"ListItem\",\"position\":2,\"name\":\"UBS-Fonds Euroinvest \u00f6ffnet wieder\"}]},{\"@type\":\"WebSite\",\"@id\":\"https:\\\/\\\/www.immobilienbusiness.ch\\\/#website\",\"url\":\"https:\\\/\\\/www.immobilienbusiness.ch\\\/\",\"name\":\"IMMOBILIEN Business\",\"description\":\"Unabh\u00e4ngiges Schweizer Wirtschaftsmagazin mit Fokus auf Immobilien, Architektur- und Bau sowie Investment- und Finanzierung.\",\"publisher\":{\"@id\":\"https:\\\/\\\/www.immobilienbusiness.ch\\\/#organization\"},\"potentialAction\":[{\"@type\":\"SearchAction\",\"target\":{\"@type\":\"EntryPoint\",\"urlTemplate\":\"https:\\\/\\\/www.immobilienbusiness.ch\\\/?s={search_term_string}\"},\"query-input\":{\"@type\":\"PropertyValueSpecification\",\"valueRequired\":true,\"valueName\":\"search_term_string\"}}],\"inLanguage\":\"fr-FR\"},{\"@type\":\"Organization\",\"@id\":\"https:\\\/\\\/www.immobilienbusiness.ch\\\/#organization\",\"name\":\"IMMOBILIEN Business\",\"url\":\"https:\\\/\\\/www.immobilienbusiness.ch\\\/\",\"logo\":{\"@type\":\"ImageObject\",\"inLanguage\":\"fr-FR\",\"@id\":\"https:\\\/\\\/www.immobilienbusiness.ch\\\/#\\\/schema\\\/logo\\\/image\\\/\",\"url\":\"https:\\\/\\\/www.immobilienbusiness.ch\\\/wp-content\\\/uploads\\\/2021\\\/07\\\/logo_ib.png\",\"contentUrl\":\"https:\\\/\\\/www.immobilienbusiness.ch\\\/wp-content\\\/uploads\\\/2021\\\/07\\\/logo_ib.png\",\"width\":800,\"height\":181,\"caption\":\"IMMOBILIEN Business\"},\"image\":{\"@id\":\"https:\\\/\\\/www.immobilienbusiness.ch\\\/#\\\/schema\\\/logo\\\/image\\\/\"},\"sameAs\":[\"https:\\\/\\\/www.facebook.com\\\/immobilienbusiness\\\/\"]},{\"@type\":\"Person\",\"@id\":\"https:\\\/\\\/www.immobilienbusiness.ch\\\/#\\\/schema\\\/person\\\/aa2bace6c5c5aad60102004a50c4eb1c\",\"name\":\"Redaktion\",\"image\":{\"@type\":\"ImageObject\",\"inLanguage\":\"fr-FR\",\"@id\":\"https:\\\/\\\/secure.gravatar.com\\\/avatar\\\/ae2f4d718e6c49043e314ce431e7e645d646302a24a5ef5a8bc8e3f5a032e319?s=96&d=mm&r=g\",\"url\":\"https:\\\/\\\/secure.gravatar.com\\\/avatar\\\/ae2f4d718e6c49043e314ce431e7e645d646302a24a5ef5a8bc8e3f5a032e319?s=96&d=mm&r=g\",\"contentUrl\":\"https:\\\/\\\/secure.gravatar.com\\\/avatar\\\/ae2f4d718e6c49043e314ce431e7e645d646302a24a5ef5a8bc8e3f5a032e319?s=96&d=mm&r=g\",\"caption\":\"Redaktion\"},\"sameAs\":[\"http:\\\/\\\/develop.organisator.galledia.ch\"],\"url\":\"https:\\\/\\\/www.immobilienbusiness.ch\\\/fr\\\/author\\\/admin\\\/\"}]}<\/script>\n<!-- \/ Yoast SEO plugin. -->","yoast_head_json":{"title":"UBS-Fonds Euroinvest \u00f6ffnet wieder - IMMOBILIEN Business","description":"UBS Real Estate GmbH \u00f6ffnet den Publikums-AIF UBS (D) Euroinvest Immobilien vorzeitig wieder und beginnt Ende November 2016 mit der R\u00fccknahme von Anteilen.","robots":{"index":"index","follow":"follow","max-snippet":"max-snippet:-1","max-image-preview":"max-image-preview:large","max-video-preview":"max-video-preview:-1"},"canonical":"https:\/\/www.immobilienbusiness.ch\/fr\/allgemein\/2016-11-24\/ubs-fonds-euroinvest-oeffnet-wieder\/","og_locale":"fr_FR","og_type":"article","og_title":"UBS-Fonds Euroinvest \u00f6ffnet wieder","og_description":"Die UBS Real Estate GmbH \u00f6ffnet den Publikums-AIF UBS (D) Euroinvest Immobilien vorzeitig wieder und beginnt Ende November 2016 mit der R\u00fccknahme von Anteilen.","og_url":"https:\/\/www.immobilienbusiness.ch\/fr\/allgemein\/2016-11-24\/ubs-fonds-euroinvest-oeffnet-wieder\/","og_site_name":"IMMOBILIEN Business","article_publisher":"https:\/\/www.facebook.com\/immobilienbusiness\/","article_published_time":"2016-11-24T08:42:25+00:00","author":"Redaktion","twitter_card":"summary_large_image","twitter_image":"https:\/\/www.immobilienbusiness.ch\/wp-content\/uploads\/2016\/11\/UBS-Fonds-Euroinvest-oeffnet-wieder-immobilien-business.jpg","schema":{"@context":"https:\/\/schema.org","@graph":[{"@type":"Article","@id":"https:\/\/www.immobilienbusiness.ch\/allgemein\/2016-11-24\/ubs-fonds-euroinvest-oeffnet-wieder\/#article","isPartOf":{"@id":"https:\/\/www.immobilienbusiness.ch\/allgemein\/2016-11-24\/ubs-fonds-euroinvest-oeffnet-wieder\/"},"author":{"name":"Redaktion","@id":"https:\/\/www.immobilienbusiness.ch\/#\/schema\/person\/aa2bace6c5c5aad60102004a50c4eb1c"},"headline":"UBS-Fonds Euroinvest \u00f6ffnet wieder","datePublished":"2016-11-24T08:42:25+00:00","mainEntityOfPage":{"@id":"https:\/\/www.immobilienbusiness.ch\/allgemein\/2016-11-24\/ubs-fonds-euroinvest-oeffnet-wieder\/"},"wordCount":185,"commentCount":0,"publisher":{"@id":"https:\/\/www.immobilienbusiness.ch\/#organization"},"image":{"@id":"https:\/\/www.immobilienbusiness.ch\/allgemein\/2016-11-24\/ubs-fonds-euroinvest-oeffnet-wieder\/#primaryimage"},"thumbnailUrl":"https:\/\/www.immobilienbusiness.ch\/wp-content\/uploads\/2016\/11\/UBS-Fonds-Euroinvest-oeffnet-wieder-immobilien-business.jpg","keywords":["Indirekte Immobilienanlagen"],"articleSection":["Allgemein"],"inLanguage":"fr-FR"},{"@type":"WebPage","@id":"https:\/\/www.immobilienbusiness.ch\/allgemein\/2016-11-24\/ubs-fonds-euroinvest-oeffnet-wieder\/","url":"https:\/\/www.immobilienbusiness.ch\/allgemein\/2016-11-24\/ubs-fonds-euroinvest-oeffnet-wieder\/","name":"UBS-Fonds Euroinvest \u00f6ffnet wieder - IMMOBILIEN Business","isPartOf":{"@id":"https:\/\/www.immobilienbusiness.ch\/#website"},"primaryImageOfPage":{"@id":"https:\/\/www.immobilienbusiness.ch\/allgemein\/2016-11-24\/ubs-fonds-euroinvest-oeffnet-wieder\/#primaryimage"},"image":{"@id":"https:\/\/www.immobilienbusiness.ch\/allgemein\/2016-11-24\/ubs-fonds-euroinvest-oeffnet-wieder\/#primaryimage"},"thumbnailUrl":"https:\/\/www.immobilienbusiness.ch\/wp-content\/uploads\/2016\/11\/UBS-Fonds-Euroinvest-oeffnet-wieder-immobilien-business.jpg","datePublished":"2016-11-24T08:42:25+00:00","description":"UBS Real Estate GmbH \u00f6ffnet den Publikums-AIF UBS (D) Euroinvest Immobilien vorzeitig wieder und beginnt Ende November 2016 mit der R\u00fccknahme von Anteilen.","breadcrumb":{"@id":"https:\/\/www.immobilienbusiness.ch\/allgemein\/2016-11-24\/ubs-fonds-euroinvest-oeffnet-wieder\/#breadcrumb"},"inLanguage":"fr-FR","potentialAction":[{"@type":"ReadAction","target":["https:\/\/www.immobilienbusiness.ch\/allgemein\/2016-11-24\/ubs-fonds-euroinvest-oeffnet-wieder\/"]}]},{"@type":"ImageObject","inLanguage":"fr-FR","@id":"https:\/\/www.immobilienbusiness.ch\/allgemein\/2016-11-24\/ubs-fonds-euroinvest-oeffnet-wieder\/#primaryimage","url":"https:\/\/www.immobilienbusiness.ch\/wp-content\/uploads\/2016\/11\/UBS-Fonds-Euroinvest-oeffnet-wieder-immobilien-business.jpg","contentUrl":"https:\/\/www.immobilienbusiness.ch\/wp-content\/uploads\/2016\/11\/UBS-Fonds-Euroinvest-oeffnet-wieder-immobilien-business.jpg","width":1080,"height":1280,"caption":"Die UBS \u00f6ffnet den UBS (D) Euroinvest Immobilien vorzeitig wieder (Foto: Pixabay)"},{"@type":"BreadcrumbList","@id":"https:\/\/www.immobilienbusiness.ch\/allgemein\/2016-11-24\/ubs-fonds-euroinvest-oeffnet-wieder\/#breadcrumb","itemListElement":[{"@type":"ListItem","position":1,"name":"Home","item":"https:\/\/www.immobilienbusiness.ch\/"},{"@type":"ListItem","position":2,"name":"UBS-Fonds Euroinvest \u00f6ffnet wieder"}]},{"@type":"WebSite","@id":"https:\/\/www.immobilienbusiness.ch\/#website","url":"https:\/\/www.immobilienbusiness.ch\/","name":"IMMOBILIER Business","description":"Magazine \u00e9conomique suisse ind\u00e9pendant ax\u00e9 sur l'immobilier, l'architecture et la construction ainsi que sur les investissements et le financement.","publisher":{"@id":"https:\/\/www.immobilienbusiness.ch\/#organization"},"potentialAction":[{"@type":"SearchAction","target":{"@type":"EntryPoint","urlTemplate":"https:\/\/www.immobilienbusiness.ch\/?s={search_term_string}"},"query-input":{"@type":"PropertyValueSpecification","valueRequired":true,"valueName":"search_term_string"}}],"inLanguage":"fr-FR"},{"@type":"Organization","@id":"https:\/\/www.immobilienbusiness.ch\/#organization","name":"IMMOBILIER Business","url":"https:\/\/www.immobilienbusiness.ch\/","logo":{"@type":"ImageObject","inLanguage":"fr-FR","@id":"https:\/\/www.immobilienbusiness.ch\/#\/schema\/logo\/image\/","url":"https:\/\/www.immobilienbusiness.ch\/wp-content\/uploads\/2021\/07\/logo_ib.png","contentUrl":"https:\/\/www.immobilienbusiness.ch\/wp-content\/uploads\/2021\/07\/logo_ib.png","width":800,"height":181,"caption":"IMMOBILIEN Business"},"image":{"@id":"https:\/\/www.immobilienbusiness.ch\/#\/schema\/logo\/image\/"},"sameAs":["https:\/\/www.facebook.com\/immobilienbusiness\/"]},{"@type":"Person","@id":"https:\/\/www.immobilienbusiness.ch\/#\/schema\/person\/aa2bace6c5c5aad60102004a50c4eb1c","name":"Editorial","image":{"@type":"ImageObject","inLanguage":"fr-FR","@id":"https:\/\/secure.gravatar.com\/avatar\/ae2f4d718e6c49043e314ce431e7e645d646302a24a5ef5a8bc8e3f5a032e319?s=96&d=mm&r=g","url":"https:\/\/secure.gravatar.com\/avatar\/ae2f4d718e6c49043e314ce431e7e645d646302a24a5ef5a8bc8e3f5a032e319?s=96&d=mm&r=g","contentUrl":"https:\/\/secure.gravatar.com\/avatar\/ae2f4d718e6c49043e314ce431e7e645d646302a24a5ef5a8bc8e3f5a032e319?s=96&d=mm&r=g","caption":"Redaktion"},"sameAs":["http:\/\/develop.organisator.galledia.ch"],"url":"https:\/\/www.immobilienbusiness.ch\/fr\/author\/admin\/"}]}},"_links":{"self":[{"href":"https:\/\/www.immobilienbusiness.ch\/fr\/wp-json\/wp\/v2\/posts\/453","targetHints":{"allow":["GET"]}}],"collection":[{"href":"https:\/\/www.immobilienbusiness.ch\/fr\/wp-json\/wp\/v2\/posts"}],"about":[{"href":"https:\/\/www.immobilienbusiness.ch\/fr\/wp-json\/wp\/v2\/types\/post"}],"author":[{"embeddable":true,"href":"https:\/\/www.immobilienbusiness.ch\/fr\/wp-json\/wp\/v2\/users\/1"}],"replies":[{"embeddable":true,"href":"https:\/\/www.immobilienbusiness.ch\/fr\/wp-json\/wp\/v2\/comments?post=453"}],"version-history":[{"count":0,"href":"https:\/\/www.immobilienbusiness.ch\/fr\/wp-json\/wp\/v2\/posts\/453\/revisions"}],"wp:featuredmedia":[{"embeddable":true,"href":"https:\/\/www.immobilienbusiness.ch\/fr\/wp-json\/wp\/v2\/media\/5066"}],"wp:attachment":[{"href":"https:\/\/www.immobilienbusiness.ch\/fr\/wp-json\/wp\/v2\/media?parent=453"}],"wp:term":[{"taxonomy":"category","embeddable":true,"href":"https:\/\/www.immobilienbusiness.ch\/fr\/wp-json\/wp\/v2\/categories?post=453"},{"taxonomy":"post_tag","embeddable":true,"href":"https:\/\/www.immobilienbusiness.ch\/fr\/wp-json\/wp\/v2\/tags?post=453"}],"curies":[{"name":"wp","href":"https:\/\/api.w.org\/{rel}","templated":true}]}}