{"id":45281,"date":"2023-01-02T08:39:31","date_gmt":"2023-01-02T07:39:31","guid":{"rendered":"https:\/\/www.immobilienbusiness.ch\/?p=45281"},"modified":"2023-01-04T18:58:54","modified_gmt":"2023-01-04T17:58:54","slug":"ecoreal-wechsel-im-stiftungsrat","status":"publish","type":"post","link":"https:\/\/www.immobilienbusiness.ch\/fr\/personalia\/2023-01-02\/ecoreal-wechsel-im-stiftungsrat\/","title":{"rendered":"Ecoreal : changement au sein du conseil de fondation"},"content":{"rendered":"<figure id=\"attachment_45282\" aria-describedby=\"caption-attachment-45282\" style=\"width: 1400px\" class=\"wp-caption alignnone\"><a href=\"https:\/\/www.immobilienbusiness.ch\/wp-content\/uploads\/2023\/01\/Christian_Felix-scaled.jpg\"><img loading=\"lazy\" decoding=\"async\" class=\"size-full wp-image-45282\" src=\"https:\/\/www.immobilienbusiness.ch\/wp-content\/uploads\/2023\/01\/Christian_Felix-scaled.jpg\" alt=\"\" width=\"1400\" height=\"933\" srcset=\"https:\/\/www.immobilienbusiness.ch\/wp-content\/uploads\/2023\/01\/Christian_Felix-scaled.jpg 1200w, https:\/\/www.immobilienbusiness.ch\/wp-content\/uploads\/2023\/01\/Christian_Felix-300x200.jpg 300w, https:\/\/www.immobilienbusiness.ch\/wp-content\/uploads\/2023\/01\/Christian_Felix-1024x683.jpg 1024w, https:\/\/www.immobilienbusiness.ch\/wp-content\/uploads\/2023\/01\/Christian_Felix-768x512.jpg 768w, https:\/\/www.immobilienbusiness.ch\/wp-content\/uploads\/2023\/01\/Christian_Felix-1536x1024.jpg 1536w, https:\/\/www.immobilienbusiness.ch\/wp-content\/uploads\/2023\/01\/Christian_Felix-18x12.jpg 18w, https:\/\/www.immobilienbusiness.ch\/wp-content\/uploads\/2023\/01\/Christian_Felix-375x250.jpg 375w, https:\/\/www.immobilienbusiness.ch\/wp-content\/uploads\/2023\/01\/Christian_Felix-525x350.jpg 525w, https:\/\/www.immobilienbusiness.ch\/wp-content\/uploads\/2023\/01\/Christian_Felix-1000x667.jpg 1000w\" sizes=\"auto, (max-width: 1400px) 100vw, 1400px\" \/><\/a><figcaption id=\"caption-attachment-45282\" class=\"wp-caption-text\">Christian Felix (source : zVg)<\/figcaption><\/figure>\n<p class=\"x_MsoNormal\">Le conseil de fondation d'Ecoreal Fondation suisse d'investissement immobilier (EAST) a nomm\u00e9 Christian Felix comme nouveau pr\u00e9sident lors de sa r\u00e9union constitutive du 21 d\u00e9cembre 2022. Il succ\u00e8de \u00e0 J\u00fcrg H\u00e4usler qui, comme pr\u00e9vu, s'est retir\u00e9 du conseil de fondation lors de l'assembl\u00e9e des investisseurs. Christian Felix, avocat, membre du conseil de fondation depuis 2019 et dernier vice-pr\u00e9sident, est partenaire et membre de la direction du groupe Amstein + Walthert Holding AG.<\/p>\n<p class=\"x_MsoNormal\">La vice-pr\u00e9sidence est assur\u00e9e par Franziska Bur B\u00fcrgin. Elle est membre du conseil de fondation depuis 2021 et a travaill\u00e9 au sein du comit\u00e9 charg\u00e9 de la r\u00e9organisation de l'EAST. Bur B\u00fcrgin, avocate et experte fiscale dipl\u00f4m\u00e9e, est propri\u00e9taire de Basel Legal GmbH, un cabinet d'avocats b\u00e2lois sp\u00e9cialis\u00e9 dans le droit de la pr\u00e9voyance professionnelle et le droit fiscal.<\/p>\n<h3 class=\"x_MsoNormal\">La commission de placement a \u00e9t\u00e9 renouvel\u00e9e<\/h3>\n<p class=\"x_MsoNormal\">Comme le communique l'EAST, le conseil de fondation a \u00e9galement renouvel\u00e9 la commission de placement au 1er janvier 2023. L'organe de d\u00e9cision et de conseil compte d\u00e9sormais Giorgio Engeli, Head of Real Estate Asset and Portfolio Management chez Swiss Life Asset Management AG depuis 2014, Daniel Thoma, cofondateur, partenaire et CEO de Primus Property AG depuis 2022, ainsi que Raymond R\u00fcttimann, partenaire et copropri\u00e9taire du prestataire de services immobiliers R2 Partners AG depuis la fin de sa carri\u00e8re au Credit Suisse (Global Head Real Estate dans l'Asset Management, Head of Development and Construction dans le Real Estate Investment Management et Head of Real Estate Switzerland).  R\u00fcttimann a \u00e9t\u00e9 \u00e9lu pr\u00e9sident de la commission de placement par le conseil de fondation.<\/p>\n<p class=\"x_MsoNormal\">Dans le cadre du projet de r\u00e9organisation de l'EAST, il a \u00e9t\u00e9 d\u00e9cid\u00e9 ces derniers mois de transf\u00e9rer la direction \u00e0 la fondation de placement \u00e0 partir du 1er janvier 2023. <a href=\"https:\/\/www.immobilienbusiness.ch\/fr\/personalia\/2022-11-29\/peer-kocur-uebernimmt-geschaeftsfuehrung-der-ecoreal\/\">Le directeur g\u00e9n\u00e9ral Peer Kocur est \u00e0 la t\u00eate de la nouvelle \u00e9quipe.<\/a><\/p>\n<h3 class=\"x_MsoNormal\">Un exercice 2022 r\u00e9ussi<\/h3>\n<p class=\"x_MsoNormal\">Avec ses deux groupes de placement Suisseselect et Suissecore Plus, l'EAST g\u00e8re actuellement une fortune de placement de plus de 1,9 milliard de CHF. Le conseil de fondation est satisfait du d\u00e9roulement de l'exercice 2022 : Le groupe de placement Suissecore plus a enregistr\u00e9 un rendement des placements de 9,68 pour cent, dont une partie consid\u00e9rable est due aux gains de revalorisation r\u00e9alis\u00e9s dans des projets de d\u00e9veloppement ; Suisseselect a termin\u00e9 avec 6,31 pour cent. <em>(M.ARR.)<\/em><\/p>","protected":false},"excerpt":{"rendered":"<p>Le conseil de fondation d'Ecoreal Fondation suisse de placement immobilier a nomm\u00e9 Christian Felix nouveau pr\u00e9sident ; Franziska Bur B\u00fcrgin reprend la vice-pr\u00e9sidence.<\/p>","protected":false},"author":3,"featured_media":45282,"comment_status":"closed","ping_status":"closed","sticky":false,"template":"","format":"standard","meta":{"_acf_changed":false,"_yoast_wpseo_focuskw":"Ecoreal","_yoast_wpseo_title":"","_yoast_wpseo_metadesc":"Der Stiftungsrat der Ecoreal Schweizerische Immobilien Anlagestiftung hat Christian Felix zum neuen Pr\u00e4sidenten ernannt.","_yoast_wpseo_linkdex":66,"pgc_sgb_lightbox_settings":"","footnotes":""},"categories":[1912],"tags":[1030,1563],"class_list":["post-45281","post","type-post","status-publish","format-standard","has-post-thumbnail","hentry","category-personalia","tag-anlagestiftung","tag-personalia"],"acf":[],"yoast_head":"<!-- This site is optimized with the Yoast SEO plugin v27.5 - https:\/\/yoast.com\/product\/yoast-seo-wordpress\/ -->\n<title>Ecoreal: Wechsel im Stiftungsrat - IMMOBILIEN Business<\/title>\n<meta name=\"description\" content=\"Der Stiftungsrat der Ecoreal Schweizerische Immobilien Anlagestiftung hat Christian Felix zum neuen Pr\u00e4sidenten ernannt.\" \/>\n<meta name=\"robots\" content=\"index, follow, max-snippet:-1, max-image-preview:large, max-video-preview:-1\" \/>\n<link rel=\"canonical\" href=\"https:\/\/www.immobilienbusiness.ch\/fr\/personalia\/2023-01-02\/ecoreal-wechsel-im-stiftungsrat\/\" \/>\n<meta property=\"og:locale\" content=\"fr_FR\" \/>\n<meta property=\"og:type\" content=\"article\" \/>\n<meta property=\"og:title\" content=\"Ecoreal: Wechsel im Stiftungsrat - IMMOBILIEN Business\" \/>\n<meta property=\"og:description\" content=\"Der Stiftungsrat der Ecoreal Schweizerische Immobilien Anlagestiftung hat Christian Felix zum neuen Pr\u00e4sidenten ernannt.\" \/>\n<meta property=\"og:url\" content=\"https:\/\/www.immobilienbusiness.ch\/fr\/personalia\/2023-01-02\/ecoreal-wechsel-im-stiftungsrat\/\" \/>\n<meta property=\"og:site_name\" content=\"IMMOBILIEN Business\" \/>\n<meta property=\"article:publisher\" content=\"https:\/\/www.facebook.com\/immobilienbusiness\/\" \/>\n<meta property=\"article:published_time\" content=\"2023-01-02T07:39:31+00:00\" \/>\n<meta property=\"article:modified_time\" content=\"2023-01-04T17:58:54+00:00\" \/>\n<meta property=\"og:image\" content=\"https:\/\/www.immobilienbusiness.ch\/wp-content\/uploads\/2023\/01\/Christian_Felix-scaled.jpg\" \/>\n\t<meta property=\"og:image:width\" content=\"1200\" \/>\n\t<meta property=\"og:image:height\" content=\"800\" \/>\n\t<meta property=\"og:image:type\" content=\"image\/jpeg\" \/>\n<meta name=\"author\" content=\"anja.hall\" \/>\n<meta name=\"twitter:card\" content=\"summary_large_image\" \/>\n<meta name=\"twitter:image\" content=\"https:\/\/www.immobilienbusiness.ch\/wp-content\/uploads\/2023\/01\/Christian_Felix-scaled.jpg\" \/>\n<script type=\"application\/ld+json\" class=\"yoast-schema-graph\">{\"@context\":\"https:\\\/\\\/schema.org\",\"@graph\":[{\"@type\":\"Article\",\"@id\":\"https:\\\/\\\/www.immobilienbusiness.ch\\\/de\\\/personalia\\\/2023-01-02\\\/ecoreal-wechsel-im-stiftungsrat\\\/#article\",\"isPartOf\":{\"@id\":\"https:\\\/\\\/www.immobilienbusiness.ch\\\/de\\\/personalia\\\/2023-01-02\\\/ecoreal-wechsel-im-stiftungsrat\\\/\"},\"author\":{\"name\":\"anja.hall\",\"@id\":\"https:\\\/\\\/www.immobilienbusiness.ch\\\/#\\\/schema\\\/person\\\/3fc036297b10b9f42d6db5ee932af8c8\"},\"headline\":\"Ecoreal: Wechsel im Stiftungsrat\",\"datePublished\":\"2023-01-02T07:39:31+00:00\",\"dateModified\":\"2023-01-04T17:58:54+00:00\",\"mainEntityOfPage\":{\"@id\":\"https:\\\/\\\/www.immobilienbusiness.ch\\\/de\\\/personalia\\\/2023-01-02\\\/ecoreal-wechsel-im-stiftungsrat\\\/\"},\"wordCount\":342,\"publisher\":{\"@id\":\"https:\\\/\\\/www.immobilienbusiness.ch\\\/#organization\"},\"image\":{\"@id\":\"https:\\\/\\\/www.immobilienbusiness.ch\\\/de\\\/personalia\\\/2023-01-02\\\/ecoreal-wechsel-im-stiftungsrat\\\/#primaryimage\"},\"thumbnailUrl\":\"https:\\\/\\\/www.immobilienbusiness.ch\\\/wp-content\\\/uploads\\\/2023\\\/01\\\/Christian_Felix-scaled.jpg\",\"keywords\":[\"Anlagestiftung\",\"Personalia\"],\"articleSection\":[\"PERSONALIA\"],\"inLanguage\":\"fr-FR\"},{\"@type\":\"WebPage\",\"@id\":\"https:\\\/\\\/www.immobilienbusiness.ch\\\/de\\\/personalia\\\/2023-01-02\\\/ecoreal-wechsel-im-stiftungsrat\\\/\",\"url\":\"https:\\\/\\\/www.immobilienbusiness.ch\\\/de\\\/personalia\\\/2023-01-02\\\/ecoreal-wechsel-im-stiftungsrat\\\/\",\"name\":\"Ecoreal: Wechsel im Stiftungsrat - IMMOBILIEN Business\",\"isPartOf\":{\"@id\":\"https:\\\/\\\/www.immobilienbusiness.ch\\\/#website\"},\"primaryImageOfPage\":{\"@id\":\"https:\\\/\\\/www.immobilienbusiness.ch\\\/de\\\/personalia\\\/2023-01-02\\\/ecoreal-wechsel-im-stiftungsrat\\\/#primaryimage\"},\"image\":{\"@id\":\"https:\\\/\\\/www.immobilienbusiness.ch\\\/de\\\/personalia\\\/2023-01-02\\\/ecoreal-wechsel-im-stiftungsrat\\\/#primaryimage\"},\"thumbnailUrl\":\"https:\\\/\\\/www.immobilienbusiness.ch\\\/wp-content\\\/uploads\\\/2023\\\/01\\\/Christian_Felix-scaled.jpg\",\"datePublished\":\"2023-01-02T07:39:31+00:00\",\"dateModified\":\"2023-01-04T17:58:54+00:00\",\"description\":\"Der Stiftungsrat der Ecoreal Schweizerische Immobilien Anlagestiftung hat Christian Felix zum neuen Pr\u00e4sidenten ernannt.\",\"breadcrumb\":{\"@id\":\"https:\\\/\\\/www.immobilienbusiness.ch\\\/de\\\/personalia\\\/2023-01-02\\\/ecoreal-wechsel-im-stiftungsrat\\\/#breadcrumb\"},\"inLanguage\":\"fr-FR\",\"potentialAction\":[{\"@type\":\"ReadAction\",\"target\":[\"https:\\\/\\\/www.immobilienbusiness.ch\\\/de\\\/personalia\\\/2023-01-02\\\/ecoreal-wechsel-im-stiftungsrat\\\/\"]}]},{\"@type\":\"ImageObject\",\"inLanguage\":\"fr-FR\",\"@id\":\"https:\\\/\\\/www.immobilienbusiness.ch\\\/de\\\/personalia\\\/2023-01-02\\\/ecoreal-wechsel-im-stiftungsrat\\\/#primaryimage\",\"url\":\"https:\\\/\\\/www.immobilienbusiness.ch\\\/wp-content\\\/uploads\\\/2023\\\/01\\\/Christian_Felix-scaled.jpg\",\"contentUrl\":\"https:\\\/\\\/www.immobilienbusiness.ch\\\/wp-content\\\/uploads\\\/2023\\\/01\\\/Christian_Felix-scaled.jpg\",\"width\":1200,\"height\":800,\"caption\":\"Christian Felix (Quelle: Ecoreal)\"},{\"@type\":\"BreadcrumbList\",\"@id\":\"https:\\\/\\\/www.immobilienbusiness.ch\\\/de\\\/personalia\\\/2023-01-02\\\/ecoreal-wechsel-im-stiftungsrat\\\/#breadcrumb\",\"itemListElement\":[{\"@type\":\"ListItem\",\"position\":1,\"name\":\"Home\",\"item\":\"https:\\\/\\\/www.immobilienbusiness.ch\\\/\"},{\"@type\":\"ListItem\",\"position\":2,\"name\":\"Ecoreal: Wechsel im Stiftungsrat\"}]},{\"@type\":\"WebSite\",\"@id\":\"https:\\\/\\\/www.immobilienbusiness.ch\\\/#website\",\"url\":\"https:\\\/\\\/www.immobilienbusiness.ch\\\/\",\"name\":\"IMMOBILIEN Business\",\"description\":\"Unabh\u00e4ngiges Schweizer Wirtschaftsmagazin mit Fokus auf Immobilien, Architektur- und Bau sowie Investment- und Finanzierung.\",\"publisher\":{\"@id\":\"https:\\\/\\\/www.immobilienbusiness.ch\\\/#organization\"},\"potentialAction\":[{\"@type\":\"SearchAction\",\"target\":{\"@type\":\"EntryPoint\",\"urlTemplate\":\"https:\\\/\\\/www.immobilienbusiness.ch\\\/?s={search_term_string}\"},\"query-input\":{\"@type\":\"PropertyValueSpecification\",\"valueRequired\":true,\"valueName\":\"search_term_string\"}}],\"inLanguage\":\"fr-FR\"},{\"@type\":\"Organization\",\"@id\":\"https:\\\/\\\/www.immobilienbusiness.ch\\\/#organization\",\"name\":\"IMMOBILIEN Business\",\"url\":\"https:\\\/\\\/www.immobilienbusiness.ch\\\/\",\"logo\":{\"@type\":\"ImageObject\",\"inLanguage\":\"fr-FR\",\"@id\":\"https:\\\/\\\/www.immobilienbusiness.ch\\\/#\\\/schema\\\/logo\\\/image\\\/\",\"url\":\"https:\\\/\\\/www.immobilienbusiness.ch\\\/wp-content\\\/uploads\\\/2021\\\/07\\\/logo_ib.png\",\"contentUrl\":\"https:\\\/\\\/www.immobilienbusiness.ch\\\/wp-content\\\/uploads\\\/2021\\\/07\\\/logo_ib.png\",\"width\":800,\"height\":181,\"caption\":\"IMMOBILIEN Business\"},\"image\":{\"@id\":\"https:\\\/\\\/www.immobilienbusiness.ch\\\/#\\\/schema\\\/logo\\\/image\\\/\"},\"sameAs\":[\"https:\\\/\\\/www.facebook.com\\\/immobilienbusiness\\\/\"]},{\"@type\":\"Person\",\"@id\":\"https:\\\/\\\/www.immobilienbusiness.ch\\\/#\\\/schema\\\/person\\\/3fc036297b10b9f42d6db5ee932af8c8\",\"name\":\"anja.hall\",\"image\":{\"@type\":\"ImageObject\",\"inLanguage\":\"fr-FR\",\"@id\":\"https:\\\/\\\/secure.gravatar.com\\\/avatar\\\/066b5a0d447013502c71a5782f4f3469f03cfe595cc2329fb94652fe47511bfb?s=96&d=mm&r=g\",\"url\":\"https:\\\/\\\/secure.gravatar.com\\\/avatar\\\/066b5a0d447013502c71a5782f4f3469f03cfe595cc2329fb94652fe47511bfb?s=96&d=mm&r=g\",\"contentUrl\":\"https:\\\/\\\/secure.gravatar.com\\\/avatar\\\/066b5a0d447013502c71a5782f4f3469f03cfe595cc2329fb94652fe47511bfb?s=96&d=mm&r=g\",\"caption\":\"anja.hall\"},\"url\":\"https:\\\/\\\/www.immobilienbusiness.ch\\\/fr\\\/author\\\/anja-hall\\\/\"}]}<\/script>\n<!-- \/ Yoast SEO plugin. -->","yoast_head_json":{"title":"Ecoreal: Wechsel im Stiftungsrat - IMMOBILIEN Business","description":"Der Stiftungsrat der Ecoreal Schweizerische Immobilien Anlagestiftung hat Christian Felix zum neuen Pr\u00e4sidenten ernannt.","robots":{"index":"index","follow":"follow","max-snippet":"max-snippet:-1","max-image-preview":"max-image-preview:large","max-video-preview":"max-video-preview:-1"},"canonical":"https:\/\/www.immobilienbusiness.ch\/fr\/personalia\/2023-01-02\/ecoreal-wechsel-im-stiftungsrat\/","og_locale":"fr_FR","og_type":"article","og_title":"Ecoreal: Wechsel im Stiftungsrat - IMMOBILIEN Business","og_description":"Der Stiftungsrat der Ecoreal Schweizerische Immobilien Anlagestiftung hat Christian Felix zum neuen Pr\u00e4sidenten ernannt.","og_url":"https:\/\/www.immobilienbusiness.ch\/fr\/personalia\/2023-01-02\/ecoreal-wechsel-im-stiftungsrat\/","og_site_name":"IMMOBILIEN Business","article_publisher":"https:\/\/www.facebook.com\/immobilienbusiness\/","article_published_time":"2023-01-02T07:39:31+00:00","article_modified_time":"2023-01-04T17:58:54+00:00","og_image":[{"width":1200,"height":800,"url":"https:\/\/www.immobilienbusiness.ch\/wp-content\/uploads\/2023\/01\/Christian_Felix-scaled.jpg","type":"image\/jpeg"}],"author":"anja.hall","twitter_card":"summary_large_image","twitter_image":"https:\/\/www.immobilienbusiness.ch\/wp-content\/uploads\/2023\/01\/Christian_Felix-scaled.jpg","schema":{"@context":"https:\/\/schema.org","@graph":[{"@type":"Article","@id":"https:\/\/www.immobilienbusiness.ch\/de\/personalia\/2023-01-02\/ecoreal-wechsel-im-stiftungsrat\/#article","isPartOf":{"@id":"https:\/\/www.immobilienbusiness.ch\/de\/personalia\/2023-01-02\/ecoreal-wechsel-im-stiftungsrat\/"},"author":{"name":"anja.hall","@id":"https:\/\/www.immobilienbusiness.ch\/#\/schema\/person\/3fc036297b10b9f42d6db5ee932af8c8"},"headline":"Ecoreal: Wechsel im Stiftungsrat","datePublished":"2023-01-02T07:39:31+00:00","dateModified":"2023-01-04T17:58:54+00:00","mainEntityOfPage":{"@id":"https:\/\/www.immobilienbusiness.ch\/de\/personalia\/2023-01-02\/ecoreal-wechsel-im-stiftungsrat\/"},"wordCount":342,"publisher":{"@id":"https:\/\/www.immobilienbusiness.ch\/#organization"},"image":{"@id":"https:\/\/www.immobilienbusiness.ch\/de\/personalia\/2023-01-02\/ecoreal-wechsel-im-stiftungsrat\/#primaryimage"},"thumbnailUrl":"https:\/\/www.immobilienbusiness.ch\/wp-content\/uploads\/2023\/01\/Christian_Felix-scaled.jpg","keywords":["Anlagestiftung","Personalia"],"articleSection":["PERSONALIA"],"inLanguage":"fr-FR"},{"@type":"WebPage","@id":"https:\/\/www.immobilienbusiness.ch\/de\/personalia\/2023-01-02\/ecoreal-wechsel-im-stiftungsrat\/","url":"https:\/\/www.immobilienbusiness.ch\/de\/personalia\/2023-01-02\/ecoreal-wechsel-im-stiftungsrat\/","name":"Ecoreal: Wechsel im Stiftungsrat - IMMOBILIEN Business","isPartOf":{"@id":"https:\/\/www.immobilienbusiness.ch\/#website"},"primaryImageOfPage":{"@id":"https:\/\/www.immobilienbusiness.ch\/de\/personalia\/2023-01-02\/ecoreal-wechsel-im-stiftungsrat\/#primaryimage"},"image":{"@id":"https:\/\/www.immobilienbusiness.ch\/de\/personalia\/2023-01-02\/ecoreal-wechsel-im-stiftungsrat\/#primaryimage"},"thumbnailUrl":"https:\/\/www.immobilienbusiness.ch\/wp-content\/uploads\/2023\/01\/Christian_Felix-scaled.jpg","datePublished":"2023-01-02T07:39:31+00:00","dateModified":"2023-01-04T17:58:54+00:00","description":"Der Stiftungsrat der Ecoreal Schweizerische Immobilien Anlagestiftung hat Christian Felix zum neuen Pr\u00e4sidenten ernannt.","breadcrumb":{"@id":"https:\/\/www.immobilienbusiness.ch\/de\/personalia\/2023-01-02\/ecoreal-wechsel-im-stiftungsrat\/#breadcrumb"},"inLanguage":"fr-FR","potentialAction":[{"@type":"ReadAction","target":["https:\/\/www.immobilienbusiness.ch\/de\/personalia\/2023-01-02\/ecoreal-wechsel-im-stiftungsrat\/"]}]},{"@type":"ImageObject","inLanguage":"fr-FR","@id":"https:\/\/www.immobilienbusiness.ch\/de\/personalia\/2023-01-02\/ecoreal-wechsel-im-stiftungsrat\/#primaryimage","url":"https:\/\/www.immobilienbusiness.ch\/wp-content\/uploads\/2023\/01\/Christian_Felix-scaled.jpg","contentUrl":"https:\/\/www.immobilienbusiness.ch\/wp-content\/uploads\/2023\/01\/Christian_Felix-scaled.jpg","width":1200,"height":800,"caption":"Christian Felix (Quelle: Ecoreal)"},{"@type":"BreadcrumbList","@id":"https:\/\/www.immobilienbusiness.ch\/de\/personalia\/2023-01-02\/ecoreal-wechsel-im-stiftungsrat\/#breadcrumb","itemListElement":[{"@type":"ListItem","position":1,"name":"Home","item":"https:\/\/www.immobilienbusiness.ch\/"},{"@type":"ListItem","position":2,"name":"Ecoreal: Wechsel im Stiftungsrat"}]},{"@type":"WebSite","@id":"https:\/\/www.immobilienbusiness.ch\/#website","url":"https:\/\/www.immobilienbusiness.ch\/","name":"IMMOBILIER Business","description":"Magazine \u00e9conomique suisse ind\u00e9pendant ax\u00e9 sur l'immobilier, l'architecture et la construction ainsi que sur les investissements et le financement.","publisher":{"@id":"https:\/\/www.immobilienbusiness.ch\/#organization"},"potentialAction":[{"@type":"SearchAction","target":{"@type":"EntryPoint","urlTemplate":"https:\/\/www.immobilienbusiness.ch\/?s={search_term_string}"},"query-input":{"@type":"PropertyValueSpecification","valueRequired":true,"valueName":"search_term_string"}}],"inLanguage":"fr-FR"},{"@type":"Organization","@id":"https:\/\/www.immobilienbusiness.ch\/#organization","name":"IMMOBILIER Business","url":"https:\/\/www.immobilienbusiness.ch\/","logo":{"@type":"ImageObject","inLanguage":"fr-FR","@id":"https:\/\/www.immobilienbusiness.ch\/#\/schema\/logo\/image\/","url":"https:\/\/www.immobilienbusiness.ch\/wp-content\/uploads\/2021\/07\/logo_ib.png","contentUrl":"https:\/\/www.immobilienbusiness.ch\/wp-content\/uploads\/2021\/07\/logo_ib.png","width":800,"height":181,"caption":"IMMOBILIEN Business"},"image":{"@id":"https:\/\/www.immobilienbusiness.ch\/#\/schema\/logo\/image\/"},"sameAs":["https:\/\/www.facebook.com\/immobilienbusiness\/"]},{"@type":"Person","@id":"https:\/\/www.immobilienbusiness.ch\/#\/schema\/person\/3fc036297b10b9f42d6db5ee932af8c8","name":"anja.hall","image":{"@type":"ImageObject","inLanguage":"fr-FR","@id":"https:\/\/secure.gravatar.com\/avatar\/066b5a0d447013502c71a5782f4f3469f03cfe595cc2329fb94652fe47511bfb?s=96&d=mm&r=g","url":"https:\/\/secure.gravatar.com\/avatar\/066b5a0d447013502c71a5782f4f3469f03cfe595cc2329fb94652fe47511bfb?s=96&d=mm&r=g","contentUrl":"https:\/\/secure.gravatar.com\/avatar\/066b5a0d447013502c71a5782f4f3469f03cfe595cc2329fb94652fe47511bfb?s=96&d=mm&r=g","caption":"anja.hall"},"url":"https:\/\/www.immobilienbusiness.ch\/fr\/author\/anja-hall\/"}]}},"_links":{"self":[{"href":"https:\/\/www.immobilienbusiness.ch\/fr\/wp-json\/wp\/v2\/posts\/45281","targetHints":{"allow":["GET"]}}],"collection":[{"href":"https:\/\/www.immobilienbusiness.ch\/fr\/wp-json\/wp\/v2\/posts"}],"about":[{"href":"https:\/\/www.immobilienbusiness.ch\/fr\/wp-json\/wp\/v2\/types\/post"}],"author":[{"embeddable":true,"href":"https:\/\/www.immobilienbusiness.ch\/fr\/wp-json\/wp\/v2\/users\/3"}],"replies":[{"embeddable":true,"href":"https:\/\/www.immobilienbusiness.ch\/fr\/wp-json\/wp\/v2\/comments?post=45281"}],"version-history":[{"count":2,"href":"https:\/\/www.immobilienbusiness.ch\/fr\/wp-json\/wp\/v2\/posts\/45281\/revisions"}],"predecessor-version":[{"id":45315,"href":"https:\/\/www.immobilienbusiness.ch\/fr\/wp-json\/wp\/v2\/posts\/45281\/revisions\/45315"}],"wp:featuredmedia":[{"embeddable":true,"href":"https:\/\/www.immobilienbusiness.ch\/fr\/wp-json\/wp\/v2\/media\/45282"}],"wp:attachment":[{"href":"https:\/\/www.immobilienbusiness.ch\/fr\/wp-json\/wp\/v2\/media?parent=45281"}],"wp:term":[{"taxonomy":"category","embeddable":true,"href":"https:\/\/www.immobilienbusiness.ch\/fr\/wp-json\/wp\/v2\/categories?post=45281"},{"taxonomy":"post_tag","embeddable":true,"href":"https:\/\/www.immobilienbusiness.ch\/fr\/wp-json\/wp\/v2\/tags?post=45281"}],"curies":[{"name":"wp","href":"https:\/\/api.w.org\/{rel}","templated":true}]}}