{"id":45241,"date":"2022-12-22T08:00:36","date_gmt":"2022-12-22T07:00:36","guid":{"rendered":"https:\/\/www.immobilienbusiness.ch\/?p=45241"},"modified":"2022-12-22T09:13:01","modified_gmt":"2022-12-22T08:13:01","slug":"ubs-reduziert-verwaltungskommission-des-residentia-fonds","status":"publish","type":"post","link":"https:\/\/www.immobilienbusiness.ch\/fr\/unternehmen\/2022-12-22\/ubs-reduziert-verwaltungskommission-des-residentia-fonds\/","title":{"rendered":"UBS r\u00e9duit les frais du fonds Residentia"},"content":{"rendered":"<figure id=\"attachment_17062\" aria-describedby=\"caption-attachment-17062\" style=\"width: 500px\" class=\"wp-caption alignnone\"><a href=\"https:\/\/www.immobilienbusiness.ch\/wp-content\/uploads\/2019\/05\/Depositphotos_6211861_s-2015.jpg\"><img loading=\"lazy\" decoding=\"async\" class=\"size-full wp-image-17062\" src=\"https:\/\/www.immobilienbusiness.ch\/wp-content\/uploads\/2019\/05\/Depositphotos_6211861_s-2015.jpg\" alt=\"\" width=\"500\" height=\"333\" srcset=\"https:\/\/www.immobilienbusiness.ch\/wp-content\/uploads\/2019\/05\/Depositphotos_6211861_s-2015.jpg 500w, https:\/\/www.immobilienbusiness.ch\/wp-content\/uploads\/2019\/05\/Depositphotos_6211861_s-2015-300x200.jpg 300w, https:\/\/www.immobilienbusiness.ch\/wp-content\/uploads\/2019\/05\/Depositphotos_6211861_s-2015-16x12.jpg 16w, https:\/\/www.immobilienbusiness.ch\/wp-content\/uploads\/2019\/05\/Depositphotos_6211861_s-2015-263x175.jpg 263w\" sizes=\"auto, (max-width: 500px) 100vw, 500px\" \/><\/a><figcaption id=\"caption-attachment-17062\" class=\"wp-caption-text\">UBS baisse les frais du fonds tessinois Residentia (Image : Depositphotos)<\/figcaption><\/figure>\n<p>UBS Fund Management annonce une r\u00e9duction temporaire de moiti\u00e9 de la commission de gestion forfaitaire effectivement appliqu\u00e9e au fonds immobilier Residentia. La commission sera r\u00e9duite de 0,72% \u00e0 0,36% par an \u00e0 compter du 1er janvier 2023 et ce taux r\u00e9duit devrait s'appliquer pendant deux exercices, jusqu'au 31 d\u00e9cembre 2024,indique UBS.<\/p>\n<p>UBS justifie cette mesure par le fait que l'environnement de march\u00e9 actuel a entra\u00een\u00e9 une baisse des cours et une volatilit\u00e9 accrue des fonds immobiliers suisses cot\u00e9s. Le fonds Residentia se n\u00e9gocie \"avec une d\u00e9cote significative par rapport \u00e0 la valeur nette d'inventaire (VNI)\", pr\u00e9cise UBS. Afin de maintenir la flexibilit\u00e9 du produit et de soutenir le rendement ou la distribution, il a \u00e9t\u00e9 d\u00e9cid\u00e9 de r\u00e9duire la commission de gestion. Cela devrait permettre au fonds de \"ma\u00eetriser plus facilement la phase de march\u00e9 actuellement difficile\".<\/p>\n<p>UBS consid\u00e8re que le march\u00e9 immobilier tessinois, dans lequel Residentia investit, se trouve \u00e0 un tournant : le taux d'offre a r\u00e9cemment baiss\u00e9 sur le march\u00e9 du logement locatif, ce qui a entra\u00een\u00e9 une r\u00e9duction de l'offre de logements et une baisse des taux de vacance. Comme les investissements dans le b\u00e2timent ont diminu\u00e9, l'offre de surfaces dans le segment des logements locatifs et commerciaux sera plus faible \u00e0 l'avenir. En revanche, la demande de surfaces locatives est en hausse, selon UBS. <em>(ah)<\/em><\/p>","protected":false},"excerpt":{"rendered":"<p>La r\u00e9duction de la commission administrative entrera en vigueur en janvier 2023 et sera valable pour deux exercices. <\/p>","protected":false},"author":3,"featured_media":17062,"comment_status":"closed","ping_status":"closed","sticky":false,"template":"","format":"standard","meta":{"_acf_changed":false,"_yoast_wpseo_focuskw":"Residentia","_yoast_wpseo_title":"","_yoast_wpseo_metadesc":"Die Fee-Reduktion tritt zum Januar 2023 in Kraft und soll f\u00fcr zwei Gesch\u00e4ftsjahre gelten.","_yoast_wpseo_linkdex":51,"pgc_sgb_lightbox_settings":"","footnotes":""},"categories":[988],"tags":[1344,1775,1796],"class_list":["post-45241","post","type-post","status-publish","format-standard","has-post-thumbnail","hentry","category-unternehmen","tag-immobilienfonds","tag-tessin","tag-ubs"],"acf":[],"yoast_head":"<!-- This site is optimized with the Yoast SEO plugin v27.4 - https:\/\/yoast.com\/product\/yoast-seo-wordpress\/ -->\n<title>UBS senkt Geb\u00fchr des Residentia-Fonds - IMMOBILIEN Business<\/title>\n<meta name=\"description\" content=\"Die Fee-Reduktion tritt zum Januar 2023 in Kraft und soll f\u00fcr zwei Gesch\u00e4ftsjahre gelten.\" \/>\n<meta name=\"robots\" content=\"index, follow, max-snippet:-1, max-image-preview:large, max-video-preview:-1\" \/>\n<link rel=\"canonical\" href=\"https:\/\/www.immobilienbusiness.ch\/fr\/unternehmen\/2022-12-22\/ubs-reduziert-verwaltungskommission-des-residentia-fonds\/\" \/>\n<meta property=\"og:locale\" content=\"fr_FR\" \/>\n<meta property=\"og:type\" content=\"article\" \/>\n<meta property=\"og:title\" content=\"UBS senkt Geb\u00fchr des Residentia-Fonds - IMMOBILIEN Business\" \/>\n<meta property=\"og:description\" content=\"Die Fee-Reduktion tritt zum Januar 2023 in Kraft und soll f\u00fcr zwei Gesch\u00e4ftsjahre gelten.\" \/>\n<meta property=\"og:url\" content=\"https:\/\/www.immobilienbusiness.ch\/fr\/unternehmen\/2022-12-22\/ubs-reduziert-verwaltungskommission-des-residentia-fonds\/\" \/>\n<meta property=\"og:site_name\" content=\"IMMOBILIEN Business\" \/>\n<meta property=\"article:publisher\" content=\"https:\/\/www.facebook.com\/immobilienbusiness\/\" \/>\n<meta property=\"article:published_time\" content=\"2022-12-22T07:00:36+00:00\" \/>\n<meta property=\"article:modified_time\" content=\"2022-12-22T08:13:01+00:00\" \/>\n<meta property=\"og:image\" content=\"https:\/\/www.immobilienbusiness.ch\/wp-content\/uploads\/2019\/05\/Depositphotos_6211861_s-2015.jpg\" \/>\n\t<meta property=\"og:image:width\" content=\"500\" \/>\n\t<meta property=\"og:image:height\" content=\"333\" \/>\n\t<meta property=\"og:image:type\" content=\"image\/jpeg\" \/>\n<meta name=\"author\" content=\"anja.hall\" \/>\n<meta name=\"twitter:card\" content=\"summary_large_image\" \/>\n<meta name=\"twitter:image\" content=\"https:\/\/www.immobilienbusiness.ch\/wp-content\/uploads\/2019\/05\/Depositphotos_6211861_s-2015.jpg\" \/>\n<script type=\"application\/ld+json\" class=\"yoast-schema-graph\">{\"@context\":\"https:\\\/\\\/schema.org\",\"@graph\":[{\"@type\":\"Article\",\"@id\":\"https:\\\/\\\/www.immobilienbusiness.ch\\\/fr\\\/unternehmen\\\/2022-12-22\\\/ubs-reduziert-verwaltungskommission-des-residentia-fonds\\\/#article\",\"isPartOf\":{\"@id\":\"https:\\\/\\\/www.immobilienbusiness.ch\\\/fr\\\/unternehmen\\\/2022-12-22\\\/ubs-reduziert-verwaltungskommission-des-residentia-fonds\\\/\"},\"author\":{\"name\":\"anja.hall\",\"@id\":\"https:\\\/\\\/www.immobilienbusiness.ch\\\/#\\\/schema\\\/person\\\/3fc036297b10b9f42d6db5ee932af8c8\"},\"headline\":\"UBS senkt Geb\u00fchr des Residentia-Fonds\",\"datePublished\":\"2022-12-22T07:00:36+00:00\",\"dateModified\":\"2022-12-22T08:13:01+00:00\",\"mainEntityOfPage\":{\"@id\":\"https:\\\/\\\/www.immobilienbusiness.ch\\\/fr\\\/unternehmen\\\/2022-12-22\\\/ubs-reduziert-verwaltungskommission-des-residentia-fonds\\\/\"},\"wordCount\":217,\"publisher\":{\"@id\":\"https:\\\/\\\/www.immobilienbusiness.ch\\\/#organization\"},\"image\":{\"@id\":\"https:\\\/\\\/www.immobilienbusiness.ch\\\/fr\\\/unternehmen\\\/2022-12-22\\\/ubs-reduziert-verwaltungskommission-des-residentia-fonds\\\/#primaryimage\"},\"thumbnailUrl\":\"https:\\\/\\\/www.immobilienbusiness.ch\\\/wp-content\\\/uploads\\\/2019\\\/05\\\/Depositphotos_6211861_s-2015.jpg\",\"keywords\":[\"Immobilienfonds\",\"Tessin\",\"UBS\"],\"articleSection\":[\"UNTERNEHMEN\"],\"inLanguage\":\"fr-FR\"},{\"@type\":\"WebPage\",\"@id\":\"https:\\\/\\\/www.immobilienbusiness.ch\\\/fr\\\/unternehmen\\\/2022-12-22\\\/ubs-reduziert-verwaltungskommission-des-residentia-fonds\\\/\",\"url\":\"https:\\\/\\\/www.immobilienbusiness.ch\\\/fr\\\/unternehmen\\\/2022-12-22\\\/ubs-reduziert-verwaltungskommission-des-residentia-fonds\\\/\",\"name\":\"UBS senkt Geb\u00fchr des Residentia-Fonds - IMMOBILIEN Business\",\"isPartOf\":{\"@id\":\"https:\\\/\\\/www.immobilienbusiness.ch\\\/#website\"},\"primaryImageOfPage\":{\"@id\":\"https:\\\/\\\/www.immobilienbusiness.ch\\\/fr\\\/unternehmen\\\/2022-12-22\\\/ubs-reduziert-verwaltungskommission-des-residentia-fonds\\\/#primaryimage\"},\"image\":{\"@id\":\"https:\\\/\\\/www.immobilienbusiness.ch\\\/fr\\\/unternehmen\\\/2022-12-22\\\/ubs-reduziert-verwaltungskommission-des-residentia-fonds\\\/#primaryimage\"},\"thumbnailUrl\":\"https:\\\/\\\/www.immobilienbusiness.ch\\\/wp-content\\\/uploads\\\/2019\\\/05\\\/Depositphotos_6211861_s-2015.jpg\",\"datePublished\":\"2022-12-22T07:00:36+00:00\",\"dateModified\":\"2022-12-22T08:13:01+00:00\",\"description\":\"Die Fee-Reduktion tritt zum Januar 2023 in Kraft und soll f\u00fcr zwei Gesch\u00e4ftsjahre gelten.\",\"breadcrumb\":{\"@id\":\"https:\\\/\\\/www.immobilienbusiness.ch\\\/fr\\\/unternehmen\\\/2022-12-22\\\/ubs-reduziert-verwaltungskommission-des-residentia-fonds\\\/#breadcrumb\"},\"inLanguage\":\"fr-FR\",\"potentialAction\":[{\"@type\":\"ReadAction\",\"target\":[\"https:\\\/\\\/www.immobilienbusiness.ch\\\/fr\\\/unternehmen\\\/2022-12-22\\\/ubs-reduziert-verwaltungskommission-des-residentia-fonds\\\/\"]}]},{\"@type\":\"ImageObject\",\"inLanguage\":\"fr-FR\",\"@id\":\"https:\\\/\\\/www.immobilienbusiness.ch\\\/fr\\\/unternehmen\\\/2022-12-22\\\/ubs-reduziert-verwaltungskommission-des-residentia-fonds\\\/#primaryimage\",\"url\":\"https:\\\/\\\/www.immobilienbusiness.ch\\\/wp-content\\\/uploads\\\/2019\\\/05\\\/Depositphotos_6211861_s-2015.jpg\",\"contentUrl\":\"https:\\\/\\\/www.immobilienbusiness.ch\\\/wp-content\\\/uploads\\\/2019\\\/05\\\/Depositphotos_6211861_s-2015.jpg\",\"width\":500,\"height\":333,\"caption\":\"Offiziell sind Novavest und Senioresidenz erst seit Ende Juni ein Unternehmen. Die Halbjahreszahlen reflektieren die Fusion aber bereits (Bild: Depositphotos)\"},{\"@type\":\"BreadcrumbList\",\"@id\":\"https:\\\/\\\/www.immobilienbusiness.ch\\\/fr\\\/unternehmen\\\/2022-12-22\\\/ubs-reduziert-verwaltungskommission-des-residentia-fonds\\\/#breadcrumb\",\"itemListElement\":[{\"@type\":\"ListItem\",\"position\":1,\"name\":\"Home\",\"item\":\"https:\\\/\\\/www.immobilienbusiness.ch\\\/\"},{\"@type\":\"ListItem\",\"position\":2,\"name\":\"UBS senkt Geb\u00fchr des Residentia-Fonds\"}]},{\"@type\":\"WebSite\",\"@id\":\"https:\\\/\\\/www.immobilienbusiness.ch\\\/#website\",\"url\":\"https:\\\/\\\/www.immobilienbusiness.ch\\\/\",\"name\":\"IMMOBILIEN Business\",\"description\":\"Unabh\u00e4ngiges Schweizer Wirtschaftsmagazin mit Fokus auf Immobilien, Architektur- und Bau sowie Investment- und Finanzierung.\",\"publisher\":{\"@id\":\"https:\\\/\\\/www.immobilienbusiness.ch\\\/#organization\"},\"potentialAction\":[{\"@type\":\"SearchAction\",\"target\":{\"@type\":\"EntryPoint\",\"urlTemplate\":\"https:\\\/\\\/www.immobilienbusiness.ch\\\/?s={search_term_string}\"},\"query-input\":{\"@type\":\"PropertyValueSpecification\",\"valueRequired\":true,\"valueName\":\"search_term_string\"}}],\"inLanguage\":\"fr-FR\"},{\"@type\":\"Organization\",\"@id\":\"https:\\\/\\\/www.immobilienbusiness.ch\\\/#organization\",\"name\":\"IMMOBILIEN Business\",\"url\":\"https:\\\/\\\/www.immobilienbusiness.ch\\\/\",\"logo\":{\"@type\":\"ImageObject\",\"inLanguage\":\"fr-FR\",\"@id\":\"https:\\\/\\\/www.immobilienbusiness.ch\\\/#\\\/schema\\\/logo\\\/image\\\/\",\"url\":\"https:\\\/\\\/www.immobilienbusiness.ch\\\/wp-content\\\/uploads\\\/2021\\\/07\\\/logo_ib.png\",\"contentUrl\":\"https:\\\/\\\/www.immobilienbusiness.ch\\\/wp-content\\\/uploads\\\/2021\\\/07\\\/logo_ib.png\",\"width\":800,\"height\":181,\"caption\":\"IMMOBILIEN Business\"},\"image\":{\"@id\":\"https:\\\/\\\/www.immobilienbusiness.ch\\\/#\\\/schema\\\/logo\\\/image\\\/\"},\"sameAs\":[\"https:\\\/\\\/www.facebook.com\\\/immobilienbusiness\\\/\"]},{\"@type\":\"Person\",\"@id\":\"https:\\\/\\\/www.immobilienbusiness.ch\\\/#\\\/schema\\\/person\\\/3fc036297b10b9f42d6db5ee932af8c8\",\"name\":\"anja.hall\",\"image\":{\"@type\":\"ImageObject\",\"inLanguage\":\"fr-FR\",\"@id\":\"https:\\\/\\\/secure.gravatar.com\\\/avatar\\\/066b5a0d447013502c71a5782f4f3469f03cfe595cc2329fb94652fe47511bfb?s=96&d=mm&r=g\",\"url\":\"https:\\\/\\\/secure.gravatar.com\\\/avatar\\\/066b5a0d447013502c71a5782f4f3469f03cfe595cc2329fb94652fe47511bfb?s=96&d=mm&r=g\",\"contentUrl\":\"https:\\\/\\\/secure.gravatar.com\\\/avatar\\\/066b5a0d447013502c71a5782f4f3469f03cfe595cc2329fb94652fe47511bfb?s=96&d=mm&r=g\",\"caption\":\"anja.hall\"},\"url\":\"https:\\\/\\\/www.immobilienbusiness.ch\\\/fr\\\/author\\\/anja-hall\\\/\"}]}<\/script>\n<!-- \/ Yoast SEO plugin. -->","yoast_head_json":{"title":"UBS senkt Geb\u00fchr des Residentia-Fonds - IMMOBILIEN Business","description":"La r\u00e9duction des frais entrera en vigueur en janvier 2023 et sera valable pour deux exercices financiers.","robots":{"index":"index","follow":"follow","max-snippet":"max-snippet:-1","max-image-preview":"max-image-preview:large","max-video-preview":"max-video-preview:-1"},"canonical":"https:\/\/www.immobilienbusiness.ch\/fr\/unternehmen\/2022-12-22\/ubs-reduziert-verwaltungskommission-des-residentia-fonds\/","og_locale":"fr_FR","og_type":"article","og_title":"UBS senkt Geb\u00fchr des Residentia-Fonds - IMMOBILIEN Business","og_description":"Die Fee-Reduktion tritt zum Januar 2023 in Kraft und soll f\u00fcr zwei Gesch\u00e4ftsjahre gelten.","og_url":"https:\/\/www.immobilienbusiness.ch\/fr\/unternehmen\/2022-12-22\/ubs-reduziert-verwaltungskommission-des-residentia-fonds\/","og_site_name":"IMMOBILIEN Business","article_publisher":"https:\/\/www.facebook.com\/immobilienbusiness\/","article_published_time":"2022-12-22T07:00:36+00:00","article_modified_time":"2022-12-22T08:13:01+00:00","og_image":[{"width":500,"height":333,"url":"https:\/\/www.immobilienbusiness.ch\/wp-content\/uploads\/2019\/05\/Depositphotos_6211861_s-2015.jpg","type":"image\/jpeg"}],"author":"anja.hall","twitter_card":"summary_large_image","twitter_image":"https:\/\/www.immobilienbusiness.ch\/wp-content\/uploads\/2019\/05\/Depositphotos_6211861_s-2015.jpg","schema":{"@context":"https:\/\/schema.org","@graph":[{"@type":"Article","@id":"https:\/\/www.immobilienbusiness.ch\/fr\/unternehmen\/2022-12-22\/ubs-reduziert-verwaltungskommission-des-residentia-fonds\/#article","isPartOf":{"@id":"https:\/\/www.immobilienbusiness.ch\/fr\/unternehmen\/2022-12-22\/ubs-reduziert-verwaltungskommission-des-residentia-fonds\/"},"author":{"name":"anja.hall","@id":"https:\/\/www.immobilienbusiness.ch\/#\/schema\/person\/3fc036297b10b9f42d6db5ee932af8c8"},"headline":"UBS senkt Geb\u00fchr des Residentia-Fonds","datePublished":"2022-12-22T07:00:36+00:00","dateModified":"2022-12-22T08:13:01+00:00","mainEntityOfPage":{"@id":"https:\/\/www.immobilienbusiness.ch\/fr\/unternehmen\/2022-12-22\/ubs-reduziert-verwaltungskommission-des-residentia-fonds\/"},"wordCount":217,"publisher":{"@id":"https:\/\/www.immobilienbusiness.ch\/#organization"},"image":{"@id":"https:\/\/www.immobilienbusiness.ch\/fr\/unternehmen\/2022-12-22\/ubs-reduziert-verwaltungskommission-des-residentia-fonds\/#primaryimage"},"thumbnailUrl":"https:\/\/www.immobilienbusiness.ch\/wp-content\/uploads\/2019\/05\/Depositphotos_6211861_s-2015.jpg","keywords":["Immobilienfonds","Tessin","UBS"],"articleSection":["UNTERNEHMEN"],"inLanguage":"fr-FR"},{"@type":"WebPage","@id":"https:\/\/www.immobilienbusiness.ch\/fr\/unternehmen\/2022-12-22\/ubs-reduziert-verwaltungskommission-des-residentia-fonds\/","url":"https:\/\/www.immobilienbusiness.ch\/fr\/unternehmen\/2022-12-22\/ubs-reduziert-verwaltungskommission-des-residentia-fonds\/","name":"UBS senkt Geb\u00fchr des Residentia-Fonds - IMMOBILIEN Business","isPartOf":{"@id":"https:\/\/www.immobilienbusiness.ch\/#website"},"primaryImageOfPage":{"@id":"https:\/\/www.immobilienbusiness.ch\/fr\/unternehmen\/2022-12-22\/ubs-reduziert-verwaltungskommission-des-residentia-fonds\/#primaryimage"},"image":{"@id":"https:\/\/www.immobilienbusiness.ch\/fr\/unternehmen\/2022-12-22\/ubs-reduziert-verwaltungskommission-des-residentia-fonds\/#primaryimage"},"thumbnailUrl":"https:\/\/www.immobilienbusiness.ch\/wp-content\/uploads\/2019\/05\/Depositphotos_6211861_s-2015.jpg","datePublished":"2022-12-22T07:00:36+00:00","dateModified":"2022-12-22T08:13:01+00:00","description":"La r\u00e9duction des frais entrera en vigueur en janvier 2023 et sera valable pour deux exercices financiers.","breadcrumb":{"@id":"https:\/\/www.immobilienbusiness.ch\/fr\/unternehmen\/2022-12-22\/ubs-reduziert-verwaltungskommission-des-residentia-fonds\/#breadcrumb"},"inLanguage":"fr-FR","potentialAction":[{"@type":"ReadAction","target":["https:\/\/www.immobilienbusiness.ch\/fr\/unternehmen\/2022-12-22\/ubs-reduziert-verwaltungskommission-des-residentia-fonds\/"]}]},{"@type":"ImageObject","inLanguage":"fr-FR","@id":"https:\/\/www.immobilienbusiness.ch\/fr\/unternehmen\/2022-12-22\/ubs-reduziert-verwaltungskommission-des-residentia-fonds\/#primaryimage","url":"https:\/\/www.immobilienbusiness.ch\/wp-content\/uploads\/2019\/05\/Depositphotos_6211861_s-2015.jpg","contentUrl":"https:\/\/www.immobilienbusiness.ch\/wp-content\/uploads\/2019\/05\/Depositphotos_6211861_s-2015.jpg","width":500,"height":333,"caption":"Offiziell sind Novavest und Senioresidenz erst seit Ende Juni ein Unternehmen. Die Halbjahreszahlen reflektieren die Fusion aber bereits (Bild: Depositphotos)"},{"@type":"BreadcrumbList","@id":"https:\/\/www.immobilienbusiness.ch\/fr\/unternehmen\/2022-12-22\/ubs-reduziert-verwaltungskommission-des-residentia-fonds\/#breadcrumb","itemListElement":[{"@type":"ListItem","position":1,"name":"Home","item":"https:\/\/www.immobilienbusiness.ch\/"},{"@type":"ListItem","position":2,"name":"UBS senkt Geb\u00fchr des Residentia-Fonds"}]},{"@type":"WebSite","@id":"https:\/\/www.immobilienbusiness.ch\/#website","url":"https:\/\/www.immobilienbusiness.ch\/","name":"IMMOBILIER Business","description":"Magazine \u00e9conomique suisse ind\u00e9pendant ax\u00e9 sur l'immobilier, l'architecture et la construction ainsi que sur les investissements et le financement.","publisher":{"@id":"https:\/\/www.immobilienbusiness.ch\/#organization"},"potentialAction":[{"@type":"SearchAction","target":{"@type":"EntryPoint","urlTemplate":"https:\/\/www.immobilienbusiness.ch\/?s={search_term_string}"},"query-input":{"@type":"PropertyValueSpecification","valueRequired":true,"valueName":"search_term_string"}}],"inLanguage":"fr-FR"},{"@type":"Organization","@id":"https:\/\/www.immobilienbusiness.ch\/#organization","name":"IMMOBILIER Business","url":"https:\/\/www.immobilienbusiness.ch\/","logo":{"@type":"ImageObject","inLanguage":"fr-FR","@id":"https:\/\/www.immobilienbusiness.ch\/#\/schema\/logo\/image\/","url":"https:\/\/www.immobilienbusiness.ch\/wp-content\/uploads\/2021\/07\/logo_ib.png","contentUrl":"https:\/\/www.immobilienbusiness.ch\/wp-content\/uploads\/2021\/07\/logo_ib.png","width":800,"height":181,"caption":"IMMOBILIEN Business"},"image":{"@id":"https:\/\/www.immobilienbusiness.ch\/#\/schema\/logo\/image\/"},"sameAs":["https:\/\/www.facebook.com\/immobilienbusiness\/"]},{"@type":"Person","@id":"https:\/\/www.immobilienbusiness.ch\/#\/schema\/person\/3fc036297b10b9f42d6db5ee932af8c8","name":"anja.hall","image":{"@type":"ImageObject","inLanguage":"fr-FR","@id":"https:\/\/secure.gravatar.com\/avatar\/066b5a0d447013502c71a5782f4f3469f03cfe595cc2329fb94652fe47511bfb?s=96&d=mm&r=g","url":"https:\/\/secure.gravatar.com\/avatar\/066b5a0d447013502c71a5782f4f3469f03cfe595cc2329fb94652fe47511bfb?s=96&d=mm&r=g","contentUrl":"https:\/\/secure.gravatar.com\/avatar\/066b5a0d447013502c71a5782f4f3469f03cfe595cc2329fb94652fe47511bfb?s=96&d=mm&r=g","caption":"anja.hall"},"url":"https:\/\/www.immobilienbusiness.ch\/fr\/author\/anja-hall\/"}]}},"_links":{"self":[{"href":"https:\/\/www.immobilienbusiness.ch\/fr\/wp-json\/wp\/v2\/posts\/45241","targetHints":{"allow":["GET"]}}],"collection":[{"href":"https:\/\/www.immobilienbusiness.ch\/fr\/wp-json\/wp\/v2\/posts"}],"about":[{"href":"https:\/\/www.immobilienbusiness.ch\/fr\/wp-json\/wp\/v2\/types\/post"}],"author":[{"embeddable":true,"href":"https:\/\/www.immobilienbusiness.ch\/fr\/wp-json\/wp\/v2\/users\/3"}],"replies":[{"embeddable":true,"href":"https:\/\/www.immobilienbusiness.ch\/fr\/wp-json\/wp\/v2\/comments?post=45241"}],"version-history":[{"count":3,"href":"https:\/\/www.immobilienbusiness.ch\/fr\/wp-json\/wp\/v2\/posts\/45241\/revisions"}],"predecessor-version":[{"id":45251,"href":"https:\/\/www.immobilienbusiness.ch\/fr\/wp-json\/wp\/v2\/posts\/45241\/revisions\/45251"}],"wp:featuredmedia":[{"embeddable":true,"href":"https:\/\/www.immobilienbusiness.ch\/fr\/wp-json\/wp\/v2\/media\/17062"}],"wp:attachment":[{"href":"https:\/\/www.immobilienbusiness.ch\/fr\/wp-json\/wp\/v2\/media?parent=45241"}],"wp:term":[{"taxonomy":"category","embeddable":true,"href":"https:\/\/www.immobilienbusiness.ch\/fr\/wp-json\/wp\/v2\/categories?post=45241"},{"taxonomy":"post_tag","embeddable":true,"href":"https:\/\/www.immobilienbusiness.ch\/fr\/wp-json\/wp\/v2\/tags?post=45241"}],"curies":[{"name":"wp","href":"https:\/\/api.w.org\/{rel}","templated":true}]}}