{"id":44855,"date":"2022-11-23T06:07:49","date_gmt":"2022-11-23T05:07:49","guid":{"rendered":"https:\/\/www.immobilienbusiness.ch\/?p=44855"},"modified":"2022-11-24T09:04:34","modified_gmt":"2022-11-24T08:04:34","slug":"wueest-partner-jan-baerthel-geht-von-bord","status":"publish","type":"post","link":"https:\/\/www.immobilienbusiness.ch\/fr\/personalia\/2022-11-23\/wueest-partner-jan-baerthel-geht-von-bord\/","title":{"rendered":"W\u00fcest Partner : Jan B\u00e4rthel quitte le navire"},"content":{"rendered":"<figure id=\"attachment_44857\" aria-describedby=\"caption-attachment-44857\" style=\"width: 982px\" class=\"wp-caption alignnone\"><a href=\"https:\/\/www.immobilienbusiness.ch\/wp-content\/uploads\/2022\/11\/Jan-Baerthel.png\"><img loading=\"lazy\" decoding=\"async\" class=\"size-full wp-image-44857\" src=\"https:\/\/www.immobilienbusiness.ch\/wp-content\/uploads\/2022\/11\/Jan-Baerthel.png\" alt=\"\" width=\"982\" height=\"547\" srcset=\"https:\/\/www.immobilienbusiness.ch\/wp-content\/uploads\/2022\/11\/Jan-Baerthel.png 982w, https:\/\/www.immobilienbusiness.ch\/wp-content\/uploads\/2022\/11\/Jan-Baerthel-300x167.png 300w, https:\/\/www.immobilienbusiness.ch\/wp-content\/uploads\/2022\/11\/Jan-Baerthel-768x428.png 768w, https:\/\/www.immobilienbusiness.ch\/wp-content\/uploads\/2022\/11\/Jan-Baerthel-18x10.png 18w, https:\/\/www.immobilienbusiness.ch\/wp-content\/uploads\/2022\/11\/Jan-Baerthel-375x209.png 375w, https:\/\/www.immobilienbusiness.ch\/wp-content\/uploads\/2022\/11\/Jan-Baerthel-628x350.png 628w\" sizes=\"auto, (max-width: 982px) 100vw, 982px\" \/><\/a><figcaption id=\"caption-attachment-44857\" class=\"wp-caption-text\">Jan B\u00e4rthel (photo : W\u00fcest Partner)<\/figcaption><\/figure>\n<p>Il profitera de la p\u00e9riode suivant son d\u00e9part pour r\u00e9aliser des projets priv\u00e9s, relever de nouveaux d\u00e9fis professionnels et travailler sur la base de mandats, fait savoir l'entreprise.<\/p>\n<p>Jan B\u00e4rthel travaillait pour l'entreprise de conseil immobilier zurichoise depuis 2003 ; ses activit\u00e9s op\u00e9rationnelles \u00e9taient ax\u00e9es sur l'\u00e9valuation de biens immobiliers d'investisseurs institutionnels et le conseil strat\u00e9gique. Il a en outre marqu\u00e9 l'entreprise de son empreinte pendant de nombreuses ann\u00e9es en occupant diff\u00e9rentes fonctions, notamment celle de membre de la direction du groupe, de directeur des activit\u00e9s en Allemagne, de responsable de la division Real Estate Experts et de Head of Valuation.<\/p>\n<p>Le transfert de ses diff\u00e9rents mandats clients et de ses t\u00e2ches internes est d\u00e9j\u00e0 r\u00e9gl\u00e9 et son \u00e9quipe est parfaitement pr\u00e9par\u00e9e \u00e0 la poursuite de son d\u00e9veloppement, poursuit W\u00fcest Partner. <em>(M.ARR.)<\/em><\/p>","protected":false},"excerpt":{"rendered":"<p>Apr\u00e8s 20 ans pass\u00e9s chez W\u00fcest Partner, Jan B\u00e4rthel a d\u00e9cid\u00e9 de quitter l'entreprise \u00e0 la fin du mois de mars 2023.<\/p>","protected":false},"author":102,"featured_media":0,"comment_status":"closed","ping_status":"closed","sticky":false,"template":"","format":"standard","meta":{"_acf_changed":false,"_yoast_wpseo_focuskw":"W\u00fcest","_yoast_wpseo_title":"","_yoast_wpseo_metadesc":"Nach 20 Jahren hat sich Jan B\u00e4rthel entschieden, W\u00fcest Partner per Ende M\u00e4rz 2023 zu verlassen.","_yoast_wpseo_linkdex":53,"pgc_sgb_lightbox_settings":"","footnotes":""},"categories":[1912],"tags":[1563,1871],"class_list":["post-44855","post","type-post","status-publish","format-standard","hentry","category-personalia","tag-personalia","tag-wueest-partner"],"acf":[],"yoast_head":"<!-- This site is optimized with the Yoast SEO plugin v27.5 - https:\/\/yoast.com\/product\/yoast-seo-wordpress\/ -->\n<title>W\u00fcest Partner: Jan B\u00e4rthel geht von Bord - IMMOBILIEN Business<\/title>\n<meta name=\"description\" content=\"Nach 20 Jahren hat sich Jan B\u00e4rthel entschieden, W\u00fcest Partner per Ende M\u00e4rz 2023 zu verlassen.\" \/>\n<meta name=\"robots\" content=\"index, follow, max-snippet:-1, max-image-preview:large, max-video-preview:-1\" \/>\n<link rel=\"canonical\" href=\"https:\/\/www.immobilienbusiness.ch\/fr\/personalia\/2022-11-23\/wueest-partner-jan-baerthel-geht-von-bord\/\" \/>\n<meta property=\"og:locale\" content=\"fr_FR\" \/>\n<meta property=\"og:type\" content=\"article\" \/>\n<meta property=\"og:title\" content=\"W\u00fcest Partner: Jan B\u00e4rthel geht von Bord - IMMOBILIEN Business\" \/>\n<meta property=\"og:description\" content=\"Nach 20 Jahren hat sich Jan B\u00e4rthel entschieden, W\u00fcest Partner per Ende M\u00e4rz 2023 zu verlassen.\" \/>\n<meta property=\"og:url\" content=\"https:\/\/www.immobilienbusiness.ch\/fr\/personalia\/2022-11-23\/wueest-partner-jan-baerthel-geht-von-bord\/\" \/>\n<meta property=\"og:site_name\" content=\"IMMOBILIEN Business\" \/>\n<meta property=\"article:publisher\" content=\"https:\/\/www.facebook.com\/immobilienbusiness\/\" \/>\n<meta property=\"article:published_time\" content=\"2022-11-23T05:07:49+00:00\" \/>\n<meta property=\"article:modified_time\" content=\"2022-11-24T08:04:34+00:00\" \/>\n<meta property=\"og:image\" content=\"https:\/\/www.immobilienbusiness.ch\/wp-content\/uploads\/2022\/11\/Jan-Baerthel.png\" \/>\n\t<meta property=\"og:image:width\" content=\"982\" \/>\n\t<meta property=\"og:image:height\" content=\"547\" \/>\n\t<meta property=\"og:image:type\" content=\"image\/png\" \/>\n<meta name=\"author\" content=\"Alexander Wachter\" \/>\n<meta name=\"twitter:card\" content=\"summary_large_image\" \/>\n<script type=\"application\/ld+json\" class=\"yoast-schema-graph\">{\"@context\":\"https:\\\/\\\/schema.org\",\"@graph\":[{\"@type\":\"Article\",\"@id\":\"https:\\\/\\\/www.immobilienbusiness.ch\\\/de\\\/personalia\\\/2022-11-23\\\/wueest-partner-jan-baerthel-geht-von-bord\\\/#article\",\"isPartOf\":{\"@id\":\"https:\\\/\\\/www.immobilienbusiness.ch\\\/de\\\/personalia\\\/2022-11-23\\\/wueest-partner-jan-baerthel-geht-von-bord\\\/\"},\"author\":{\"name\":\"Alexander Wachter\",\"@id\":\"https:\\\/\\\/www.immobilienbusiness.ch\\\/#\\\/schema\\\/person\\\/aba8bea2db926aa0c24c08c43fe1fcd5\"},\"headline\":\"W\u00fcest Partner: Jan B\u00e4rthel geht von Bord\",\"datePublished\":\"2022-11-23T05:07:49+00:00\",\"dateModified\":\"2022-11-24T08:04:34+00:00\",\"mainEntityOfPage\":{\"@id\":\"https:\\\/\\\/www.immobilienbusiness.ch\\\/de\\\/personalia\\\/2022-11-23\\\/wueest-partner-jan-baerthel-geht-von-bord\\\/\"},\"wordCount\":150,\"publisher\":{\"@id\":\"https:\\\/\\\/www.immobilienbusiness.ch\\\/#organization\"},\"image\":{\"@id\":\"https:\\\/\\\/www.immobilienbusiness.ch\\\/de\\\/personalia\\\/2022-11-23\\\/wueest-partner-jan-baerthel-geht-von-bord\\\/#primaryimage\"},\"thumbnailUrl\":\"https:\\\/\\\/www.immobilienbusiness.ch\\\/wp-content\\\/uploads\\\/2022\\\/11\\\/Jan-Baerthel.png\",\"keywords\":[\"Personalia\",\"W\u00fcest Partner\"],\"articleSection\":[\"PERSONALIA\"],\"inLanguage\":\"fr-FR\"},{\"@type\":\"WebPage\",\"@id\":\"https:\\\/\\\/www.immobilienbusiness.ch\\\/de\\\/personalia\\\/2022-11-23\\\/wueest-partner-jan-baerthel-geht-von-bord\\\/\",\"url\":\"https:\\\/\\\/www.immobilienbusiness.ch\\\/de\\\/personalia\\\/2022-11-23\\\/wueest-partner-jan-baerthel-geht-von-bord\\\/\",\"name\":\"W\u00fcest Partner: Jan B\u00e4rthel geht von Bord - IMMOBILIEN Business\",\"isPartOf\":{\"@id\":\"https:\\\/\\\/www.immobilienbusiness.ch\\\/#website\"},\"primaryImageOfPage\":{\"@id\":\"https:\\\/\\\/www.immobilienbusiness.ch\\\/de\\\/personalia\\\/2022-11-23\\\/wueest-partner-jan-baerthel-geht-von-bord\\\/#primaryimage\"},\"image\":{\"@id\":\"https:\\\/\\\/www.immobilienbusiness.ch\\\/de\\\/personalia\\\/2022-11-23\\\/wueest-partner-jan-baerthel-geht-von-bord\\\/#primaryimage\"},\"thumbnailUrl\":\"https:\\\/\\\/www.immobilienbusiness.ch\\\/wp-content\\\/uploads\\\/2022\\\/11\\\/Jan-Baerthel.png\",\"datePublished\":\"2022-11-23T05:07:49+00:00\",\"dateModified\":\"2022-11-24T08:04:34+00:00\",\"description\":\"Nach 20 Jahren hat sich Jan B\u00e4rthel entschieden, W\u00fcest Partner per Ende M\u00e4rz 2023 zu verlassen.\",\"breadcrumb\":{\"@id\":\"https:\\\/\\\/www.immobilienbusiness.ch\\\/de\\\/personalia\\\/2022-11-23\\\/wueest-partner-jan-baerthel-geht-von-bord\\\/#breadcrumb\"},\"inLanguage\":\"fr-FR\",\"potentialAction\":[{\"@type\":\"ReadAction\",\"target\":[\"https:\\\/\\\/www.immobilienbusiness.ch\\\/de\\\/personalia\\\/2022-11-23\\\/wueest-partner-jan-baerthel-geht-von-bord\\\/\"]}]},{\"@type\":\"ImageObject\",\"inLanguage\":\"fr-FR\",\"@id\":\"https:\\\/\\\/www.immobilienbusiness.ch\\\/de\\\/personalia\\\/2022-11-23\\\/wueest-partner-jan-baerthel-geht-von-bord\\\/#primaryimage\",\"url\":\"https:\\\/\\\/www.immobilienbusiness.ch\\\/wp-content\\\/uploads\\\/2022\\\/11\\\/Jan-Baerthel.png\",\"contentUrl\":\"https:\\\/\\\/www.immobilienbusiness.ch\\\/wp-content\\\/uploads\\\/2022\\\/11\\\/Jan-Baerthel.png\"},{\"@type\":\"BreadcrumbList\",\"@id\":\"https:\\\/\\\/www.immobilienbusiness.ch\\\/de\\\/personalia\\\/2022-11-23\\\/wueest-partner-jan-baerthel-geht-von-bord\\\/#breadcrumb\",\"itemListElement\":[{\"@type\":\"ListItem\",\"position\":1,\"name\":\"Home\",\"item\":\"https:\\\/\\\/www.immobilienbusiness.ch\\\/\"},{\"@type\":\"ListItem\",\"position\":2,\"name\":\"W\u00fcest Partner: Jan B\u00e4rthel geht von Bord\"}]},{\"@type\":\"WebSite\",\"@id\":\"https:\\\/\\\/www.immobilienbusiness.ch\\\/#website\",\"url\":\"https:\\\/\\\/www.immobilienbusiness.ch\\\/\",\"name\":\"IMMOBILIEN Business\",\"description\":\"Unabh\u00e4ngiges Schweizer Wirtschaftsmagazin mit Fokus auf Immobilien, Architektur- und Bau sowie Investment- und Finanzierung.\",\"publisher\":{\"@id\":\"https:\\\/\\\/www.immobilienbusiness.ch\\\/#organization\"},\"potentialAction\":[{\"@type\":\"SearchAction\",\"target\":{\"@type\":\"EntryPoint\",\"urlTemplate\":\"https:\\\/\\\/www.immobilienbusiness.ch\\\/?s={search_term_string}\"},\"query-input\":{\"@type\":\"PropertyValueSpecification\",\"valueRequired\":true,\"valueName\":\"search_term_string\"}}],\"inLanguage\":\"fr-FR\"},{\"@type\":\"Organization\",\"@id\":\"https:\\\/\\\/www.immobilienbusiness.ch\\\/#organization\",\"name\":\"IMMOBILIEN Business\",\"url\":\"https:\\\/\\\/www.immobilienbusiness.ch\\\/\",\"logo\":{\"@type\":\"ImageObject\",\"inLanguage\":\"fr-FR\",\"@id\":\"https:\\\/\\\/www.immobilienbusiness.ch\\\/#\\\/schema\\\/logo\\\/image\\\/\",\"url\":\"https:\\\/\\\/www.immobilienbusiness.ch\\\/wp-content\\\/uploads\\\/2021\\\/07\\\/logo_ib.png\",\"contentUrl\":\"https:\\\/\\\/www.immobilienbusiness.ch\\\/wp-content\\\/uploads\\\/2021\\\/07\\\/logo_ib.png\",\"width\":800,\"height\":181,\"caption\":\"IMMOBILIEN Business\"},\"image\":{\"@id\":\"https:\\\/\\\/www.immobilienbusiness.ch\\\/#\\\/schema\\\/logo\\\/image\\\/\"},\"sameAs\":[\"https:\\\/\\\/www.facebook.com\\\/immobilienbusiness\\\/\"]},{\"@type\":\"Person\",\"@id\":\"https:\\\/\\\/www.immobilienbusiness.ch\\\/#\\\/schema\\\/person\\\/aba8bea2db926aa0c24c08c43fe1fcd5\",\"name\":\"Alexander Wachter\",\"image\":{\"@type\":\"ImageObject\",\"inLanguage\":\"fr-FR\",\"@id\":\"https:\\\/\\\/secure.gravatar.com\\\/avatar\\\/1a09e471f5389b0e0a6416eac287e0927c7c97a7b77f9e787eba3af7aee281dd?s=96&d=mm&r=g\",\"url\":\"https:\\\/\\\/secure.gravatar.com\\\/avatar\\\/1a09e471f5389b0e0a6416eac287e0927c7c97a7b77f9e787eba3af7aee281dd?s=96&d=mm&r=g\",\"contentUrl\":\"https:\\\/\\\/secure.gravatar.com\\\/avatar\\\/1a09e471f5389b0e0a6416eac287e0927c7c97a7b77f9e787eba3af7aee281dd?s=96&d=mm&r=g\",\"caption\":\"Alexander Wachter\"},\"url\":\"https:\\\/\\\/www.immobilienbusiness.ch\\\/fr\\\/author\\\/alexander-wachter\\\/\"}]}<\/script>\n<!-- \/ Yoast SEO plugin. -->","yoast_head_json":{"title":"W\u00fcest Partner : Jan B\u00e4rthel quitte le navire - IMMOBILIER Business","description":"Apr\u00e8s 20 ans, Jan B\u00e4rthel a d\u00e9cid\u00e9 de quitter W\u00fcest Partner \u00e0 la fin mars 2023.","robots":{"index":"index","follow":"follow","max-snippet":"max-snippet:-1","max-image-preview":"max-image-preview:large","max-video-preview":"max-video-preview:-1"},"canonical":"https:\/\/www.immobilienbusiness.ch\/fr\/personalia\/2022-11-23\/wueest-partner-jan-baerthel-geht-von-bord\/","og_locale":"fr_FR","og_type":"article","og_title":"W\u00fcest Partner: Jan B\u00e4rthel geht von Bord - IMMOBILIEN Business","og_description":"Nach 20 Jahren hat sich Jan B\u00e4rthel entschieden, W\u00fcest Partner per Ende M\u00e4rz 2023 zu verlassen.","og_url":"https:\/\/www.immobilienbusiness.ch\/fr\/personalia\/2022-11-23\/wueest-partner-jan-baerthel-geht-von-bord\/","og_site_name":"IMMOBILIEN Business","article_publisher":"https:\/\/www.facebook.com\/immobilienbusiness\/","article_published_time":"2022-11-23T05:07:49+00:00","article_modified_time":"2022-11-24T08:04:34+00:00","og_image":[{"width":982,"height":547,"url":"https:\/\/www.immobilienbusiness.ch\/wp-content\/uploads\/2022\/11\/Jan-Baerthel.png","type":"image\/png"}],"author":"Alexander Wachter","twitter_card":"summary_large_image","schema":{"@context":"https:\/\/schema.org","@graph":[{"@type":"Article","@id":"https:\/\/www.immobilienbusiness.ch\/de\/personalia\/2022-11-23\/wueest-partner-jan-baerthel-geht-von-bord\/#article","isPartOf":{"@id":"https:\/\/www.immobilienbusiness.ch\/de\/personalia\/2022-11-23\/wueest-partner-jan-baerthel-geht-von-bord\/"},"author":{"name":"Alexander Wachter","@id":"https:\/\/www.immobilienbusiness.ch\/#\/schema\/person\/aba8bea2db926aa0c24c08c43fe1fcd5"},"headline":"W\u00fcest Partner: Jan B\u00e4rthel geht von Bord","datePublished":"2022-11-23T05:07:49+00:00","dateModified":"2022-11-24T08:04:34+00:00","mainEntityOfPage":{"@id":"https:\/\/www.immobilienbusiness.ch\/de\/personalia\/2022-11-23\/wueest-partner-jan-baerthel-geht-von-bord\/"},"wordCount":150,"publisher":{"@id":"https:\/\/www.immobilienbusiness.ch\/#organization"},"image":{"@id":"https:\/\/www.immobilienbusiness.ch\/de\/personalia\/2022-11-23\/wueest-partner-jan-baerthel-geht-von-bord\/#primaryimage"},"thumbnailUrl":"https:\/\/www.immobilienbusiness.ch\/wp-content\/uploads\/2022\/11\/Jan-Baerthel.png","keywords":["Personalia","W\u00fcest Partner"],"articleSection":["PERSONALIA"],"inLanguage":"fr-FR"},{"@type":"WebPage","@id":"https:\/\/www.immobilienbusiness.ch\/de\/personalia\/2022-11-23\/wueest-partner-jan-baerthel-geht-von-bord\/","url":"https:\/\/www.immobilienbusiness.ch\/de\/personalia\/2022-11-23\/wueest-partner-jan-baerthel-geht-von-bord\/","name":"W\u00fcest Partner : Jan B\u00e4rthel quitte le navire - IMMOBILIER Business","isPartOf":{"@id":"https:\/\/www.immobilienbusiness.ch\/#website"},"primaryImageOfPage":{"@id":"https:\/\/www.immobilienbusiness.ch\/de\/personalia\/2022-11-23\/wueest-partner-jan-baerthel-geht-von-bord\/#primaryimage"},"image":{"@id":"https:\/\/www.immobilienbusiness.ch\/de\/personalia\/2022-11-23\/wueest-partner-jan-baerthel-geht-von-bord\/#primaryimage"},"thumbnailUrl":"https:\/\/www.immobilienbusiness.ch\/wp-content\/uploads\/2022\/11\/Jan-Baerthel.png","datePublished":"2022-11-23T05:07:49+00:00","dateModified":"2022-11-24T08:04:34+00:00","description":"Apr\u00e8s 20 ans, Jan B\u00e4rthel a d\u00e9cid\u00e9 de quitter W\u00fcest Partner \u00e0 la fin mars 2023.","breadcrumb":{"@id":"https:\/\/www.immobilienbusiness.ch\/de\/personalia\/2022-11-23\/wueest-partner-jan-baerthel-geht-von-bord\/#breadcrumb"},"inLanguage":"fr-FR","potentialAction":[{"@type":"ReadAction","target":["https:\/\/www.immobilienbusiness.ch\/de\/personalia\/2022-11-23\/wueest-partner-jan-baerthel-geht-von-bord\/"]}]},{"@type":"ImageObject","inLanguage":"fr-FR","@id":"https:\/\/www.immobilienbusiness.ch\/de\/personalia\/2022-11-23\/wueest-partner-jan-baerthel-geht-von-bord\/#primaryimage","url":"https:\/\/www.immobilienbusiness.ch\/wp-content\/uploads\/2022\/11\/Jan-Baerthel.png","contentUrl":"https:\/\/www.immobilienbusiness.ch\/wp-content\/uploads\/2022\/11\/Jan-Baerthel.png"},{"@type":"BreadcrumbList","@id":"https:\/\/www.immobilienbusiness.ch\/de\/personalia\/2022-11-23\/wueest-partner-jan-baerthel-geht-von-bord\/#breadcrumb","itemListElement":[{"@type":"ListItem","position":1,"name":"Home","item":"https:\/\/www.immobilienbusiness.ch\/"},{"@type":"ListItem","position":2,"name":"W\u00fcest Partner: Jan B\u00e4rthel geht von Bord"}]},{"@type":"WebSite","@id":"https:\/\/www.immobilienbusiness.ch\/#website","url":"https:\/\/www.immobilienbusiness.ch\/","name":"IMMOBILIER Business","description":"Magazine \u00e9conomique suisse ind\u00e9pendant ax\u00e9 sur l'immobilier, l'architecture et la construction ainsi que sur les investissements et le financement.","publisher":{"@id":"https:\/\/www.immobilienbusiness.ch\/#organization"},"potentialAction":[{"@type":"SearchAction","target":{"@type":"EntryPoint","urlTemplate":"https:\/\/www.immobilienbusiness.ch\/?s={search_term_string}"},"query-input":{"@type":"PropertyValueSpecification","valueRequired":true,"valueName":"search_term_string"}}],"inLanguage":"fr-FR"},{"@type":"Organization","@id":"https:\/\/www.immobilienbusiness.ch\/#organization","name":"IMMOBILIER Business","url":"https:\/\/www.immobilienbusiness.ch\/","logo":{"@type":"ImageObject","inLanguage":"fr-FR","@id":"https:\/\/www.immobilienbusiness.ch\/#\/schema\/logo\/image\/","url":"https:\/\/www.immobilienbusiness.ch\/wp-content\/uploads\/2021\/07\/logo_ib.png","contentUrl":"https:\/\/www.immobilienbusiness.ch\/wp-content\/uploads\/2021\/07\/logo_ib.png","width":800,"height":181,"caption":"IMMOBILIEN Business"},"image":{"@id":"https:\/\/www.immobilienbusiness.ch\/#\/schema\/logo\/image\/"},"sameAs":["https:\/\/www.facebook.com\/immobilienbusiness\/"]},{"@type":"Person","@id":"https:\/\/www.immobilienbusiness.ch\/#\/schema\/person\/aba8bea2db926aa0c24c08c43fe1fcd5","name":"Alexander Wachter","image":{"@type":"ImageObject","inLanguage":"fr-FR","@id":"https:\/\/secure.gravatar.com\/avatar\/1a09e471f5389b0e0a6416eac287e0927c7c97a7b77f9e787eba3af7aee281dd?s=96&d=mm&r=g","url":"https:\/\/secure.gravatar.com\/avatar\/1a09e471f5389b0e0a6416eac287e0927c7c97a7b77f9e787eba3af7aee281dd?s=96&d=mm&r=g","contentUrl":"https:\/\/secure.gravatar.com\/avatar\/1a09e471f5389b0e0a6416eac287e0927c7c97a7b77f9e787eba3af7aee281dd?s=96&d=mm&r=g","caption":"Alexander Wachter"},"url":"https:\/\/www.immobilienbusiness.ch\/fr\/author\/alexander-wachter\/"}]}},"_links":{"self":[{"href":"https:\/\/www.immobilienbusiness.ch\/fr\/wp-json\/wp\/v2\/posts\/44855","targetHints":{"allow":["GET"]}}],"collection":[{"href":"https:\/\/www.immobilienbusiness.ch\/fr\/wp-json\/wp\/v2\/posts"}],"about":[{"href":"https:\/\/www.immobilienbusiness.ch\/fr\/wp-json\/wp\/v2\/types\/post"}],"author":[{"embeddable":true,"href":"https:\/\/www.immobilienbusiness.ch\/fr\/wp-json\/wp\/v2\/users\/102"}],"replies":[{"embeddable":true,"href":"https:\/\/www.immobilienbusiness.ch\/fr\/wp-json\/wp\/v2\/comments?post=44855"}],"version-history":[{"count":4,"href":"https:\/\/www.immobilienbusiness.ch\/fr\/wp-json\/wp\/v2\/posts\/44855\/revisions"}],"predecessor-version":[{"id":44884,"href":"https:\/\/www.immobilienbusiness.ch\/fr\/wp-json\/wp\/v2\/posts\/44855\/revisions\/44884"}],"wp:attachment":[{"href":"https:\/\/www.immobilienbusiness.ch\/fr\/wp-json\/wp\/v2\/media?parent=44855"}],"wp:term":[{"taxonomy":"category","embeddable":true,"href":"https:\/\/www.immobilienbusiness.ch\/fr\/wp-json\/wp\/v2\/categories?post=44855"},{"taxonomy":"post_tag","embeddable":true,"href":"https:\/\/www.immobilienbusiness.ch\/fr\/wp-json\/wp\/v2\/tags?post=44855"}],"curies":[{"name":"wp","href":"https:\/\/api.w.org\/{rel}","templated":true}]}}