{"id":44824,"date":"2022-11-21T08:24:51","date_gmt":"2022-11-21T07:24:51","guid":{"rendered":"https:\/\/www.immobilienbusiness.ch\/?p=44824"},"modified":"2022-11-24T09:10:38","modified_gmt":"2022-11-24T08:10:38","slug":"aufrichte-fuer-hrs-projekt-in-st-gallen","status":"publish","type":"post","link":"https:\/\/www.immobilienbusiness.ch\/fr\/regionen\/2022-11-21\/aufrichte-fuer-hrs-projekt-in-st-gallen\/","title":{"rendered":"L'inauguration du projet HRS \u00e0 Saint-Gall"},"content":{"rendered":"<figure id=\"attachment_44825\" aria-describedby=\"caption-attachment-44825\" style=\"width: 990px\" class=\"wp-caption alignnone\"><a href=\"https:\/\/www.immobilienbusiness.ch\/wp-content\/uploads\/2022\/11\/Zwinglistrasse-Aussen-3-20190723-BI.jpg\"><img loading=\"lazy\" decoding=\"async\" class=\"size-full wp-image-44825\" src=\"https:\/\/www.immobilienbusiness.ch\/wp-content\/uploads\/2022\/11\/Zwinglistrasse-Aussen-3-20190723-BI.jpg\" alt=\"\" width=\"990\" height=\"660\" srcset=\"https:\/\/www.immobilienbusiness.ch\/wp-content\/uploads\/2022\/11\/Zwinglistrasse-Aussen-3-20190723-BI.jpg 990w, https:\/\/www.immobilienbusiness.ch\/wp-content\/uploads\/2022\/11\/Zwinglistrasse-Aussen-3-20190723-BI-300x200.jpg 300w, https:\/\/www.immobilienbusiness.ch\/wp-content\/uploads\/2022\/11\/Zwinglistrasse-Aussen-3-20190723-BI-768x512.jpg 768w, https:\/\/www.immobilienbusiness.ch\/wp-content\/uploads\/2022\/11\/Zwinglistrasse-Aussen-3-20190723-BI-18x12.jpg 18w, https:\/\/www.immobilienbusiness.ch\/wp-content\/uploads\/2022\/11\/Zwinglistrasse-Aussen-3-20190723-BI-375x250.jpg 375w, https:\/\/www.immobilienbusiness.ch\/wp-content\/uploads\/2022\/11\/Zwinglistrasse-Aussen-3-20190723-BI-525x350.jpg 525w\" sizes=\"auto, (max-width: 990px) 100vw, 990px\" \/><\/a><figcaption id=\"caption-attachment-44825\" class=\"wp-caption-text\">Visualisation du projet de logements \u00e0 la Zwinglistrasse (source : HRS)<\/figcaption><\/figure>\n<p>Dans un endroit central de Saint-Gall, HRS, en tant qu'investisseur, d\u00e9veloppeur de projet et entrepreneur total, construit un complexe r\u00e9sidentiel comprenant 17 appartements urbains (de 2,5 \u00e0 5 pi\u00e8ces), une surface commerciale et une maison individuelle (5,5 pi\u00e8ces). Le site de 19 500 m\u00b2 abritait autrefois le cin\u00e9ma Rex.<\/p>\n<p>L'une des particularit\u00e9s du lotissement est la taille des espaces ext\u00e9rieurs des appartements, qui varient de 8 \u00e0 115 m\u00e8tres carr\u00e9s. Le jardin de la maison mitoyenne fait 218 m\u00b2. Les prix de vente commencent \u00e0 570.000 CHF. Comme l'indique le site web du projet, tous les appartements sont d\u00e9j\u00e0 vendus, \u00e0 l'exception d'un seul qui est r\u00e9serv\u00e9.<\/p>\n<p>HRS chiffre le co\u00fbt total du projet \u00e0 15 millions de CHF. L'ach\u00e8vement est pr\u00e9vu pour 2023. <em>(ah)<\/em><\/p>","protected":false},"excerpt":{"rendered":"<p>HRS construit un complexe d'appartements urbains dans la Zwinglistrasse \u00e0 Saint-Gall. La construction devrait \u00eatre termin\u00e9e l'ann\u00e9e prochaine.<\/p>","protected":false},"author":3,"featured_media":44825,"comment_status":"closed","ping_status":"closed","sticky":false,"template":"","format":"standard","meta":{"_acf_changed":false,"_yoast_wpseo_focuskw":"HRS","_yoast_wpseo_title":"","_yoast_wpseo_metadesc":"An der Zwinglistrasse in St. Gallen erstellt HRS einen Wohnkomplex mit Stadtwohnungen. Im kommenden Jahr soll der Bau fertig sein.","_yoast_wpseo_linkdex":57,"pgc_sgb_lightbox_settings":"","footnotes":""},"categories":[985],"tags":[2100,1599,1722,1863],"class_list":["post-44824","post","type-post","status-publish","format-standard","has-post-thumbnail","hentry","category-regionen","tag-hrs","tag-projekt-in-bau","tag-st-gallen","tag-wohnimmobilien"],"acf":[],"yoast_head":"<!-- This site is optimized with the Yoast SEO plugin v27.5 - https:\/\/yoast.com\/product\/yoast-seo-wordpress\/ -->\n<title>Aufrichte f\u00fcr HRS-Projekt in St. Gallen - IMMOBILIEN Business<\/title>\n<meta name=\"description\" content=\"An der Zwinglistrasse in St. Gallen erstellt HRS einen Wohnkomplex mit Stadtwohnungen. Im kommenden Jahr soll der Bau fertig sein.\" \/>\n<meta name=\"robots\" content=\"index, follow, max-snippet:-1, max-image-preview:large, max-video-preview:-1\" \/>\n<link rel=\"canonical\" href=\"https:\/\/www.immobilienbusiness.ch\/fr\/regionen\/2022-11-21\/aufrichte-fuer-hrs-projekt-in-st-gallen\/\" \/>\n<meta property=\"og:locale\" content=\"fr_FR\" \/>\n<meta property=\"og:type\" content=\"article\" \/>\n<meta property=\"og:title\" content=\"Aufrichte f\u00fcr HRS-Projekt in St. Gallen - IMMOBILIEN Business\" \/>\n<meta property=\"og:description\" content=\"An der Zwinglistrasse in St. Gallen erstellt HRS einen Wohnkomplex mit Stadtwohnungen. Im kommenden Jahr soll der Bau fertig sein.\" \/>\n<meta property=\"og:url\" content=\"https:\/\/www.immobilienbusiness.ch\/fr\/regionen\/2022-11-21\/aufrichte-fuer-hrs-projekt-in-st-gallen\/\" \/>\n<meta property=\"og:site_name\" content=\"IMMOBILIEN Business\" \/>\n<meta property=\"article:publisher\" content=\"https:\/\/www.facebook.com\/immobilienbusiness\/\" \/>\n<meta property=\"article:published_time\" content=\"2022-11-21T07:24:51+00:00\" \/>\n<meta property=\"article:modified_time\" content=\"2022-11-24T08:10:38+00:00\" \/>\n<meta property=\"og:image\" content=\"https:\/\/www.immobilienbusiness.ch\/wp-content\/uploads\/2022\/11\/Zwinglistrasse-Aussen-3-20190723-BI.jpg\" \/>\n\t<meta property=\"og:image:width\" content=\"990\" \/>\n\t<meta property=\"og:image:height\" content=\"660\" \/>\n\t<meta property=\"og:image:type\" content=\"image\/jpeg\" \/>\n<meta name=\"author\" content=\"anja.hall\" \/>\n<meta name=\"twitter:card\" content=\"summary_large_image\" \/>\n<meta name=\"twitter:image\" content=\"https:\/\/www.immobilienbusiness.ch\/wp-content\/uploads\/2022\/11\/Zwinglistrasse-Aussen-3-20190723-BI.jpg\" \/>\n<script type=\"application\/ld+json\" class=\"yoast-schema-graph\">{\"@context\":\"https:\\\/\\\/schema.org\",\"@graph\":[{\"@type\":\"Article\",\"@id\":\"https:\\\/\\\/www.immobilienbusiness.ch\\\/en\\\/regionen\\\/2022-11-21\\\/aufrichte-fuer-hrs-projekt-in-st-gallen\\\/#article\",\"isPartOf\":{\"@id\":\"https:\\\/\\\/www.immobilienbusiness.ch\\\/en\\\/regionen\\\/2022-11-21\\\/aufrichte-fuer-hrs-projekt-in-st-gallen\\\/\"},\"author\":{\"name\":\"anja.hall\",\"@id\":\"https:\\\/\\\/www.immobilienbusiness.ch\\\/#\\\/schema\\\/person\\\/3fc036297b10b9f42d6db5ee932af8c8\"},\"headline\":\"Aufrichte f\u00fcr HRS-Projekt in St. Gallen\",\"datePublished\":\"2022-11-21T07:24:51+00:00\",\"dateModified\":\"2022-11-24T08:10:38+00:00\",\"mainEntityOfPage\":{\"@id\":\"https:\\\/\\\/www.immobilienbusiness.ch\\\/en\\\/regionen\\\/2022-11-21\\\/aufrichte-fuer-hrs-projekt-in-st-gallen\\\/\"},\"wordCount\":125,\"publisher\":{\"@id\":\"https:\\\/\\\/www.immobilienbusiness.ch\\\/#organization\"},\"image\":{\"@id\":\"https:\\\/\\\/www.immobilienbusiness.ch\\\/en\\\/regionen\\\/2022-11-21\\\/aufrichte-fuer-hrs-projekt-in-st-gallen\\\/#primaryimage\"},\"thumbnailUrl\":\"https:\\\/\\\/www.immobilienbusiness.ch\\\/wp-content\\\/uploads\\\/2022\\\/11\\\/Zwinglistrasse-Aussen-3-20190723-BI.jpg\",\"keywords\":[\"HRS\",\"Projekt in Bau\",\"St. Gallen\",\"Wohnimmobilien\"],\"articleSection\":[\"REGIONEN\"],\"inLanguage\":\"fr-FR\"},{\"@type\":\"WebPage\",\"@id\":\"https:\\\/\\\/www.immobilienbusiness.ch\\\/en\\\/regionen\\\/2022-11-21\\\/aufrichte-fuer-hrs-projekt-in-st-gallen\\\/\",\"url\":\"https:\\\/\\\/www.immobilienbusiness.ch\\\/en\\\/regionen\\\/2022-11-21\\\/aufrichte-fuer-hrs-projekt-in-st-gallen\\\/\",\"name\":\"Aufrichte f\u00fcr HRS-Projekt in St. Gallen - IMMOBILIEN Business\",\"isPartOf\":{\"@id\":\"https:\\\/\\\/www.immobilienbusiness.ch\\\/#website\"},\"primaryImageOfPage\":{\"@id\":\"https:\\\/\\\/www.immobilienbusiness.ch\\\/en\\\/regionen\\\/2022-11-21\\\/aufrichte-fuer-hrs-projekt-in-st-gallen\\\/#primaryimage\"},\"image\":{\"@id\":\"https:\\\/\\\/www.immobilienbusiness.ch\\\/en\\\/regionen\\\/2022-11-21\\\/aufrichte-fuer-hrs-projekt-in-st-gallen\\\/#primaryimage\"},\"thumbnailUrl\":\"https:\\\/\\\/www.immobilienbusiness.ch\\\/wp-content\\\/uploads\\\/2022\\\/11\\\/Zwinglistrasse-Aussen-3-20190723-BI.jpg\",\"datePublished\":\"2022-11-21T07:24:51+00:00\",\"dateModified\":\"2022-11-24T08:10:38+00:00\",\"description\":\"An der Zwinglistrasse in St. Gallen erstellt HRS einen Wohnkomplex mit Stadtwohnungen. Im kommenden Jahr soll der Bau fertig sein.\",\"breadcrumb\":{\"@id\":\"https:\\\/\\\/www.immobilienbusiness.ch\\\/en\\\/regionen\\\/2022-11-21\\\/aufrichte-fuer-hrs-projekt-in-st-gallen\\\/#breadcrumb\"},\"inLanguage\":\"fr-FR\",\"potentialAction\":[{\"@type\":\"ReadAction\",\"target\":[\"https:\\\/\\\/www.immobilienbusiness.ch\\\/en\\\/regionen\\\/2022-11-21\\\/aufrichte-fuer-hrs-projekt-in-st-gallen\\\/\"]}]},{\"@type\":\"ImageObject\",\"inLanguage\":\"fr-FR\",\"@id\":\"https:\\\/\\\/www.immobilienbusiness.ch\\\/en\\\/regionen\\\/2022-11-21\\\/aufrichte-fuer-hrs-projekt-in-st-gallen\\\/#primaryimage\",\"url\":\"https:\\\/\\\/www.immobilienbusiness.ch\\\/wp-content\\\/uploads\\\/2022\\\/11\\\/Zwinglistrasse-Aussen-3-20190723-BI.jpg\",\"contentUrl\":\"https:\\\/\\\/www.immobilienbusiness.ch\\\/wp-content\\\/uploads\\\/2022\\\/11\\\/Zwinglistrasse-Aussen-3-20190723-BI.jpg\",\"width\":990,\"height\":660,\"caption\":\"Visualisierung des Wohnprjekts an der Zwinglistrasse (Quelle: HRS)\"},{\"@type\":\"BreadcrumbList\",\"@id\":\"https:\\\/\\\/www.immobilienbusiness.ch\\\/en\\\/regionen\\\/2022-11-21\\\/aufrichte-fuer-hrs-projekt-in-st-gallen\\\/#breadcrumb\",\"itemListElement\":[{\"@type\":\"ListItem\",\"position\":1,\"name\":\"Home\",\"item\":\"https:\\\/\\\/www.immobilienbusiness.ch\\\/\"},{\"@type\":\"ListItem\",\"position\":2,\"name\":\"Aufrichte f\u00fcr HRS-Projekt in St. Gallen\"}]},{\"@type\":\"WebSite\",\"@id\":\"https:\\\/\\\/www.immobilienbusiness.ch\\\/#website\",\"url\":\"https:\\\/\\\/www.immobilienbusiness.ch\\\/\",\"name\":\"IMMOBILIEN Business\",\"description\":\"Unabh\u00e4ngiges Schweizer Wirtschaftsmagazin mit Fokus auf Immobilien, Architektur- und Bau sowie Investment- und Finanzierung.\",\"publisher\":{\"@id\":\"https:\\\/\\\/www.immobilienbusiness.ch\\\/#organization\"},\"potentialAction\":[{\"@type\":\"SearchAction\",\"target\":{\"@type\":\"EntryPoint\",\"urlTemplate\":\"https:\\\/\\\/www.immobilienbusiness.ch\\\/?s={search_term_string}\"},\"query-input\":{\"@type\":\"PropertyValueSpecification\",\"valueRequired\":true,\"valueName\":\"search_term_string\"}}],\"inLanguage\":\"fr-FR\"},{\"@type\":\"Organization\",\"@id\":\"https:\\\/\\\/www.immobilienbusiness.ch\\\/#organization\",\"name\":\"IMMOBILIEN Business\",\"url\":\"https:\\\/\\\/www.immobilienbusiness.ch\\\/\",\"logo\":{\"@type\":\"ImageObject\",\"inLanguage\":\"fr-FR\",\"@id\":\"https:\\\/\\\/www.immobilienbusiness.ch\\\/#\\\/schema\\\/logo\\\/image\\\/\",\"url\":\"https:\\\/\\\/www.immobilienbusiness.ch\\\/wp-content\\\/uploads\\\/2021\\\/07\\\/logo_ib.png\",\"contentUrl\":\"https:\\\/\\\/www.immobilienbusiness.ch\\\/wp-content\\\/uploads\\\/2021\\\/07\\\/logo_ib.png\",\"width\":800,\"height\":181,\"caption\":\"IMMOBILIEN Business\"},\"image\":{\"@id\":\"https:\\\/\\\/www.immobilienbusiness.ch\\\/#\\\/schema\\\/logo\\\/image\\\/\"},\"sameAs\":[\"https:\\\/\\\/www.facebook.com\\\/immobilienbusiness\\\/\"]},{\"@type\":\"Person\",\"@id\":\"https:\\\/\\\/www.immobilienbusiness.ch\\\/#\\\/schema\\\/person\\\/3fc036297b10b9f42d6db5ee932af8c8\",\"name\":\"anja.hall\",\"image\":{\"@type\":\"ImageObject\",\"inLanguage\":\"fr-FR\",\"@id\":\"https:\\\/\\\/secure.gravatar.com\\\/avatar\\\/066b5a0d447013502c71a5782f4f3469f03cfe595cc2329fb94652fe47511bfb?s=96&d=mm&r=g\",\"url\":\"https:\\\/\\\/secure.gravatar.com\\\/avatar\\\/066b5a0d447013502c71a5782f4f3469f03cfe595cc2329fb94652fe47511bfb?s=96&d=mm&r=g\",\"contentUrl\":\"https:\\\/\\\/secure.gravatar.com\\\/avatar\\\/066b5a0d447013502c71a5782f4f3469f03cfe595cc2329fb94652fe47511bfb?s=96&d=mm&r=g\",\"caption\":\"anja.hall\"},\"url\":\"https:\\\/\\\/www.immobilienbusiness.ch\\\/fr\\\/author\\\/anja-hall\\\/\"}]}<\/script>\n<!-- \/ Yoast SEO plugin. -->","yoast_head_json":{"title":"Lancement du projet HRS \u00e0 Saint-Gall - IMMOBILIER Business","description":"HRS construit un complexe d'appartements urbains dans la Zwinglistrasse \u00e0 Saint-Gall. La construction devrait \u00eatre termin\u00e9e l'ann\u00e9e prochaine.","robots":{"index":"index","follow":"follow","max-snippet":"max-snippet:-1","max-image-preview":"max-image-preview:large","max-video-preview":"max-video-preview:-1"},"canonical":"https:\/\/www.immobilienbusiness.ch\/fr\/regionen\/2022-11-21\/aufrichte-fuer-hrs-projekt-in-st-gallen\/","og_locale":"fr_FR","og_type":"article","og_title":"Aufrichte f\u00fcr HRS-Projekt in St. Gallen - IMMOBILIEN Business","og_description":"An der Zwinglistrasse in St. Gallen erstellt HRS einen Wohnkomplex mit Stadtwohnungen. Im kommenden Jahr soll der Bau fertig sein.","og_url":"https:\/\/www.immobilienbusiness.ch\/fr\/regionen\/2022-11-21\/aufrichte-fuer-hrs-projekt-in-st-gallen\/","og_site_name":"IMMOBILIEN Business","article_publisher":"https:\/\/www.facebook.com\/immobilienbusiness\/","article_published_time":"2022-11-21T07:24:51+00:00","article_modified_time":"2022-11-24T08:10:38+00:00","og_image":[{"width":990,"height":660,"url":"https:\/\/www.immobilienbusiness.ch\/wp-content\/uploads\/2022\/11\/Zwinglistrasse-Aussen-3-20190723-BI.jpg","type":"image\/jpeg"}],"author":"anja.hall","twitter_card":"summary_large_image","twitter_image":"https:\/\/www.immobilienbusiness.ch\/wp-content\/uploads\/2022\/11\/Zwinglistrasse-Aussen-3-20190723-BI.jpg","schema":{"@context":"https:\/\/schema.org","@graph":[{"@type":"Article","@id":"https:\/\/www.immobilienbusiness.ch\/en\/regionen\/2022-11-21\/aufrichte-fuer-hrs-projekt-in-st-gallen\/#article","isPartOf":{"@id":"https:\/\/www.immobilienbusiness.ch\/en\/regionen\/2022-11-21\/aufrichte-fuer-hrs-projekt-in-st-gallen\/"},"author":{"name":"anja.hall","@id":"https:\/\/www.immobilienbusiness.ch\/#\/schema\/person\/3fc036297b10b9f42d6db5ee932af8c8"},"headline":"Aufrichte f\u00fcr HRS-Projekt in St. Gallen","datePublished":"2022-11-21T07:24:51+00:00","dateModified":"2022-11-24T08:10:38+00:00","mainEntityOfPage":{"@id":"https:\/\/www.immobilienbusiness.ch\/en\/regionen\/2022-11-21\/aufrichte-fuer-hrs-projekt-in-st-gallen\/"},"wordCount":125,"publisher":{"@id":"https:\/\/www.immobilienbusiness.ch\/#organization"},"image":{"@id":"https:\/\/www.immobilienbusiness.ch\/en\/regionen\/2022-11-21\/aufrichte-fuer-hrs-projekt-in-st-gallen\/#primaryimage"},"thumbnailUrl":"https:\/\/www.immobilienbusiness.ch\/wp-content\/uploads\/2022\/11\/Zwinglistrasse-Aussen-3-20190723-BI.jpg","keywords":["HRS","Projekt in Bau","St. Gallen","Wohnimmobilien"],"articleSection":["REGIONEN"],"inLanguage":"fr-FR"},{"@type":"WebPage","@id":"https:\/\/www.immobilienbusiness.ch\/en\/regionen\/2022-11-21\/aufrichte-fuer-hrs-projekt-in-st-gallen\/","url":"https:\/\/www.immobilienbusiness.ch\/en\/regionen\/2022-11-21\/aufrichte-fuer-hrs-projekt-in-st-gallen\/","name":"Lancement du projet HRS \u00e0 Saint-Gall - IMMOBILIER Business","isPartOf":{"@id":"https:\/\/www.immobilienbusiness.ch\/#website"},"primaryImageOfPage":{"@id":"https:\/\/www.immobilienbusiness.ch\/en\/regionen\/2022-11-21\/aufrichte-fuer-hrs-projekt-in-st-gallen\/#primaryimage"},"image":{"@id":"https:\/\/www.immobilienbusiness.ch\/en\/regionen\/2022-11-21\/aufrichte-fuer-hrs-projekt-in-st-gallen\/#primaryimage"},"thumbnailUrl":"https:\/\/www.immobilienbusiness.ch\/wp-content\/uploads\/2022\/11\/Zwinglistrasse-Aussen-3-20190723-BI.jpg","datePublished":"2022-11-21T07:24:51+00:00","dateModified":"2022-11-24T08:10:38+00:00","description":"HRS construit un complexe d'appartements urbains dans la Zwinglistrasse \u00e0 Saint-Gall. La construction devrait \u00eatre termin\u00e9e l'ann\u00e9e prochaine.","breadcrumb":{"@id":"https:\/\/www.immobilienbusiness.ch\/en\/regionen\/2022-11-21\/aufrichte-fuer-hrs-projekt-in-st-gallen\/#breadcrumb"},"inLanguage":"fr-FR","potentialAction":[{"@type":"ReadAction","target":["https:\/\/www.immobilienbusiness.ch\/en\/regionen\/2022-11-21\/aufrichte-fuer-hrs-projekt-in-st-gallen\/"]}]},{"@type":"ImageObject","inLanguage":"fr-FR","@id":"https:\/\/www.immobilienbusiness.ch\/en\/regionen\/2022-11-21\/aufrichte-fuer-hrs-projekt-in-st-gallen\/#primaryimage","url":"https:\/\/www.immobilienbusiness.ch\/wp-content\/uploads\/2022\/11\/Zwinglistrasse-Aussen-3-20190723-BI.jpg","contentUrl":"https:\/\/www.immobilienbusiness.ch\/wp-content\/uploads\/2022\/11\/Zwinglistrasse-Aussen-3-20190723-BI.jpg","width":990,"height":660,"caption":"Visualisierung des Wohnprjekts an der Zwinglistrasse (Quelle: HRS)"},{"@type":"BreadcrumbList","@id":"https:\/\/www.immobilienbusiness.ch\/en\/regionen\/2022-11-21\/aufrichte-fuer-hrs-projekt-in-st-gallen\/#breadcrumb","itemListElement":[{"@type":"ListItem","position":1,"name":"Home","item":"https:\/\/www.immobilienbusiness.ch\/"},{"@type":"ListItem","position":2,"name":"Aufrichte f\u00fcr HRS-Projekt in St. Gallen"}]},{"@type":"WebSite","@id":"https:\/\/www.immobilienbusiness.ch\/#website","url":"https:\/\/www.immobilienbusiness.ch\/","name":"IMMOBILIER Business","description":"Magazine \u00e9conomique suisse ind\u00e9pendant ax\u00e9 sur l'immobilier, l'architecture et la construction ainsi que sur les investissements et le financement.","publisher":{"@id":"https:\/\/www.immobilienbusiness.ch\/#organization"},"potentialAction":[{"@type":"SearchAction","target":{"@type":"EntryPoint","urlTemplate":"https:\/\/www.immobilienbusiness.ch\/?s={search_term_string}"},"query-input":{"@type":"PropertyValueSpecification","valueRequired":true,"valueName":"search_term_string"}}],"inLanguage":"fr-FR"},{"@type":"Organization","@id":"https:\/\/www.immobilienbusiness.ch\/#organization","name":"IMMOBILIER Business","url":"https:\/\/www.immobilienbusiness.ch\/","logo":{"@type":"ImageObject","inLanguage":"fr-FR","@id":"https:\/\/www.immobilienbusiness.ch\/#\/schema\/logo\/image\/","url":"https:\/\/www.immobilienbusiness.ch\/wp-content\/uploads\/2021\/07\/logo_ib.png","contentUrl":"https:\/\/www.immobilienbusiness.ch\/wp-content\/uploads\/2021\/07\/logo_ib.png","width":800,"height":181,"caption":"IMMOBILIEN Business"},"image":{"@id":"https:\/\/www.immobilienbusiness.ch\/#\/schema\/logo\/image\/"},"sameAs":["https:\/\/www.facebook.com\/immobilienbusiness\/"]},{"@type":"Person","@id":"https:\/\/www.immobilienbusiness.ch\/#\/schema\/person\/3fc036297b10b9f42d6db5ee932af8c8","name":"anja.hall","image":{"@type":"ImageObject","inLanguage":"fr-FR","@id":"https:\/\/secure.gravatar.com\/avatar\/066b5a0d447013502c71a5782f4f3469f03cfe595cc2329fb94652fe47511bfb?s=96&d=mm&r=g","url":"https:\/\/secure.gravatar.com\/avatar\/066b5a0d447013502c71a5782f4f3469f03cfe595cc2329fb94652fe47511bfb?s=96&d=mm&r=g","contentUrl":"https:\/\/secure.gravatar.com\/avatar\/066b5a0d447013502c71a5782f4f3469f03cfe595cc2329fb94652fe47511bfb?s=96&d=mm&r=g","caption":"anja.hall"},"url":"https:\/\/www.immobilienbusiness.ch\/fr\/author\/anja-hall\/"}]}},"_links":{"self":[{"href":"https:\/\/www.immobilienbusiness.ch\/fr\/wp-json\/wp\/v2\/posts\/44824","targetHints":{"allow":["GET"]}}],"collection":[{"href":"https:\/\/www.immobilienbusiness.ch\/fr\/wp-json\/wp\/v2\/posts"}],"about":[{"href":"https:\/\/www.immobilienbusiness.ch\/fr\/wp-json\/wp\/v2\/types\/post"}],"author":[{"embeddable":true,"href":"https:\/\/www.immobilienbusiness.ch\/fr\/wp-json\/wp\/v2\/users\/3"}],"replies":[{"embeddable":true,"href":"https:\/\/www.immobilienbusiness.ch\/fr\/wp-json\/wp\/v2\/comments?post=44824"}],"version-history":[{"count":2,"href":"https:\/\/www.immobilienbusiness.ch\/fr\/wp-json\/wp\/v2\/posts\/44824\/revisions"}],"predecessor-version":[{"id":44890,"href":"https:\/\/www.immobilienbusiness.ch\/fr\/wp-json\/wp\/v2\/posts\/44824\/revisions\/44890"}],"wp:featuredmedia":[{"embeddable":true,"href":"https:\/\/www.immobilienbusiness.ch\/fr\/wp-json\/wp\/v2\/media\/44825"}],"wp:attachment":[{"href":"https:\/\/www.immobilienbusiness.ch\/fr\/wp-json\/wp\/v2\/media?parent=44824"}],"wp:term":[{"taxonomy":"category","embeddable":true,"href":"https:\/\/www.immobilienbusiness.ch\/fr\/wp-json\/wp\/v2\/categories?post=44824"},{"taxonomy":"post_tag","embeddable":true,"href":"https:\/\/www.immobilienbusiness.ch\/fr\/wp-json\/wp\/v2\/tags?post=44824"}],"curies":[{"name":"wp","href":"https:\/\/api.w.org\/{rel}","templated":true}]}}