{"id":4470,"date":"2016-06-28T09:39:04","date_gmt":"2016-06-28T07:39:04","guid":{"rendered":"http:\/\/dev.immobilienbusiness.ch\/?p=4470"},"modified":"2016-06-28T09:39:04","modified_gmt":"2016-06-28T07:39:04","slug":"cs-ref-siat-baut-wohnquartier-in-duebendorf","status":"publish","type":"post","link":"https:\/\/www.immobilienbusiness.ch\/fr\/residential\/2016-06-28\/cs-ref-siat-baut-wohnquartier-in-duebendorf\/","title":{"rendered":"CS REF Siat construit un quartier r\u00e9sidentiel \u00e0 D\u00fcbendorf"},"content":{"rendered":"<figure id=\"attachment_4476\" aria-describedby=\"caption-attachment-4476\" style=\"width: 680px\" class=\"wp-caption alignnone\"><img loading=\"lazy\" decoding=\"async\" class=\"size-medium wp-image-4476\" src=\"https:\/\/immobilienbusiness.ch\/wp-content\/uploads\/2016\/12\/CS-REF-Siat-baut-Wohnquartier-in-D\u00fcbendorf-immobilien-business.jpg\" alt=\"CS REF Siat investiert in eine Wohn\u00fcberbauung in D\u00fcbendorf (Visualisierung: Credit Suisse)\" width=\"680\" height=\"382\" \/><figcaption id=\"caption-attachment-4476\" class=\"wp-caption-text\">CS REF Siat investit dans un immeuble d'habitation \u00e0 D\u00fcbendorf (Visualisation : Credit Suisse)<\/figcaption><\/figure>\n<p>Le nouveau quartier sera construit en trois \u00e9tapes sur un terrain industriel d'une superficie totale de 25 700 m\u00b2 qui n'est plus utilis\u00e9. La premi\u00e8re \u00e9tape, avec les travaux de viabilisation du \"Giessenhof\", dont la construction a \u00e9t\u00e9 l\u00e9galement autoris\u00e9e, a d\u00e9j\u00e0 commenc\u00e9. Les travaux de construction d'un immeuble de cinq \u00e9tages d\u00e9buteront en septembre 2016. Le \"Giessenhof\" devrait \u00eatre pr\u00eat \u00e0 l'automne 2018.<\/p>\n<p>Avec la \"Giessenturm\", une tour de 85 m\u00e8tres de haut qui sera r\u00e9alis\u00e9e dans une deuxi\u00e8me \u00e9tape, il y aura environ 300 logements locatifs dans diff\u00e9rents segments de prix, une maison de soins et une petite partie de surfaces commerciales. Selon le Credit Suisse, diff\u00e9rents types de logements devraient assurer une bonne mixit\u00e9 et un d\u00e9veloppement durable du quartier.<\/p>\n<p>Le ma\u00eetre d'ouvrage entend d\u00e9poser la demande de permis de construire pour la deuxi\u00e8me \u00e9tape aupr\u00e8s des autorit\u00e9s comp\u00e9tentes au cours des prochains mois. Les travaux de construction devraient s'\u00e9tendre de mi-2017 \u00e0 fin 2019.<\/p>\n<p>Trois autres b\u00e2timents pr\u00e9vus constituent la troisi\u00e8me et derni\u00e8re \u00e9tape de planification sur le site, ils devraient \u00eatre r\u00e9alis\u00e9s \u00e0 partir de 2019.<\/p>\n<p>Un rapport de la <em>NZZ<\/em> selon CS REF Siat, qui investit 270 millions de CHF dans le lotissement. (ah)<\/p>","protected":false},"excerpt":{"rendered":"<p>Les travaux de construction de la premi\u00e8re \u00e9tape du quartier r\u00e9sidentiel \"Im Giessen\" \u00e0 D\u00fcbendorf devraient commencer d\u00e9but septembre 2016. Le ma\u00eetre d'ouvrage est le fonds immobilier Credit Suisse Real Estate Fund Siat (CS REF Siat). Le projet a \u00e9t\u00e9 d\u00e9velopp\u00e9 par Implenia, qui le r\u00e9alise d\u00e9sormais \u00e9galement en tant qu'entreprise totale.<\/p>","protected":false},"author":1,"featured_media":4476,"comment_status":"open","ping_status":"open","sticky":false,"template":"","format":"standard","meta":{"_acf_changed":false,"_yoast_wpseo_focuskw":"Wohnquartier","_yoast_wpseo_title":"","_yoast_wpseo_metadesc":"Anfang September 2016 sollen die Bauarbeiten der ersten Etappe f\u00fcr das Wohnquartier \u00abIm Giessen\u00bb in D\u00fcbendorf beginnen.","_yoast_wpseo_linkdex":53,"pgc_sgb_lightbox_settings":"","footnotes":""},"categories":[986],"tags":[1362,1601,1639,1862],"class_list":["post-4470","post","type-post","status-publish","format-standard","has-post-thumbnail","hentry","category-residential","tag-indirekte-immobilienanlagen","tag-projektentwicklung","tag-residential","tag-wohnen"],"acf":[],"yoast_head":"<!-- This site is optimized with the Yoast SEO plugin v27.4 - https:\/\/yoast.com\/product\/yoast-seo-wordpress\/ -->\n<title>CS REF Siat baut Wohnquartier in D\u00fcbendorf - IMMOBILIEN Business<\/title>\n<meta name=\"description\" content=\"Anfang September 2016 sollen die Bauarbeiten der ersten Etappe f\u00fcr das Wohnquartier \u00abIm Giessen\u00bb in D\u00fcbendorf beginnen.\" \/>\n<meta name=\"robots\" content=\"index, follow, max-snippet:-1, max-image-preview:large, max-video-preview:-1\" \/>\n<link rel=\"canonical\" href=\"https:\/\/www.immobilienbusiness.ch\/fr\/residential\/2016-06-28\/cs-ref-siat-baut-wohnquartier-in-duebendorf\/\" \/>\n<meta property=\"og:locale\" content=\"fr_FR\" \/>\n<meta property=\"og:type\" content=\"article\" \/>\n<meta property=\"og:title\" content=\"CS REF Siat baut Wohnquartier in D\u00fcbendorf\" \/>\n<meta property=\"og:description\" content=\"Anfang September 2016 sollen die Bauarbeiten der ersten Etappe f\u00fcr das Wohnquartier \u00abIm Giessen\u00bb in D\u00fcbendorf beginnen. Bauherr ist der Immobilienfonds Credit Suisse Real Estate Fund Siat (CS REF Siat). Das Projekt wurde von Implenia entwickelt, die es nun auch als Totalunternehmerin realisiert.\" \/>\n<meta property=\"og:url\" content=\"https:\/\/www.immobilienbusiness.ch\/fr\/residential\/2016-06-28\/cs-ref-siat-baut-wohnquartier-in-duebendorf\/\" \/>\n<meta property=\"og:site_name\" content=\"IMMOBILIEN Business\" \/>\n<meta property=\"article:publisher\" content=\"https:\/\/www.facebook.com\/immobilienbusiness\/\" \/>\n<meta property=\"article:published_time\" content=\"2016-06-28T07:39:04+00:00\" \/>\n<meta name=\"author\" content=\"Redaktion\" \/>\n<meta name=\"twitter:card\" content=\"summary_large_image\" \/>\n<meta name=\"twitter:image\" content=\"https:\/\/www.immobilienbusiness.ch\/wp-content\/uploads\/2016\/12\/CS-REF-Siat-baut-Wohnquartier-in-Duebendorf-immobilien-business.jpg\" \/>\n<script type=\"application\/ld+json\" class=\"yoast-schema-graph\">{\"@context\":\"https:\\\/\\\/schema.org\",\"@graph\":[{\"@type\":\"Article\",\"@id\":\"https:\\\/\\\/www.immobilienbusiness.ch\\\/residential\\\/2016-06-28\\\/cs-ref-siat-baut-wohnquartier-in-duebendorf\\\/#article\",\"isPartOf\":{\"@id\":\"https:\\\/\\\/www.immobilienbusiness.ch\\\/residential\\\/2016-06-28\\\/cs-ref-siat-baut-wohnquartier-in-duebendorf\\\/\"},\"author\":{\"name\":\"Redaktion\",\"@id\":\"https:\\\/\\\/www.immobilienbusiness.ch\\\/#\\\/schema\\\/person\\\/aa2bace6c5c5aad60102004a50c4eb1c\"},\"headline\":\"CS REF Siat baut Wohnquartier in D\u00fcbendorf\",\"datePublished\":\"2016-06-28T07:39:04+00:00\",\"mainEntityOfPage\":{\"@id\":\"https:\\\/\\\/www.immobilienbusiness.ch\\\/residential\\\/2016-06-28\\\/cs-ref-siat-baut-wohnquartier-in-duebendorf\\\/\"},\"wordCount\":192,\"commentCount\":0,\"publisher\":{\"@id\":\"https:\\\/\\\/www.immobilienbusiness.ch\\\/#organization\"},\"image\":{\"@id\":\"https:\\\/\\\/www.immobilienbusiness.ch\\\/residential\\\/2016-06-28\\\/cs-ref-siat-baut-wohnquartier-in-duebendorf\\\/#primaryimage\"},\"thumbnailUrl\":\"https:\\\/\\\/www.immobilienbusiness.ch\\\/wp-content\\\/uploads\\\/2016\\\/12\\\/CS-REF-Siat-baut-Wohnquartier-in-Duebendorf-immobilien-business.jpg\",\"keywords\":[\"Indirekte Immobilienanlagen\",\"Projektentwicklung\",\"Residential\",\"Wohnen\"],\"articleSection\":[\"RESIDENTIAL\"],\"inLanguage\":\"fr-FR\"},{\"@type\":\"WebPage\",\"@id\":\"https:\\\/\\\/www.immobilienbusiness.ch\\\/residential\\\/2016-06-28\\\/cs-ref-siat-baut-wohnquartier-in-duebendorf\\\/\",\"url\":\"https:\\\/\\\/www.immobilienbusiness.ch\\\/residential\\\/2016-06-28\\\/cs-ref-siat-baut-wohnquartier-in-duebendorf\\\/\",\"name\":\"CS REF Siat baut Wohnquartier in D\u00fcbendorf - IMMOBILIEN Business\",\"isPartOf\":{\"@id\":\"https:\\\/\\\/www.immobilienbusiness.ch\\\/#website\"},\"primaryImageOfPage\":{\"@id\":\"https:\\\/\\\/www.immobilienbusiness.ch\\\/residential\\\/2016-06-28\\\/cs-ref-siat-baut-wohnquartier-in-duebendorf\\\/#primaryimage\"},\"image\":{\"@id\":\"https:\\\/\\\/www.immobilienbusiness.ch\\\/residential\\\/2016-06-28\\\/cs-ref-siat-baut-wohnquartier-in-duebendorf\\\/#primaryimage\"},\"thumbnailUrl\":\"https:\\\/\\\/www.immobilienbusiness.ch\\\/wp-content\\\/uploads\\\/2016\\\/12\\\/CS-REF-Siat-baut-Wohnquartier-in-Duebendorf-immobilien-business.jpg\",\"datePublished\":\"2016-06-28T07:39:04+00:00\",\"description\":\"Anfang September 2016 sollen die Bauarbeiten der ersten Etappe f\u00fcr das Wohnquartier \u00abIm Giessen\u00bb in D\u00fcbendorf beginnen.\",\"breadcrumb\":{\"@id\":\"https:\\\/\\\/www.immobilienbusiness.ch\\\/residential\\\/2016-06-28\\\/cs-ref-siat-baut-wohnquartier-in-duebendorf\\\/#breadcrumb\"},\"inLanguage\":\"fr-FR\",\"potentialAction\":[{\"@type\":\"ReadAction\",\"target\":[\"https:\\\/\\\/www.immobilienbusiness.ch\\\/residential\\\/2016-06-28\\\/cs-ref-siat-baut-wohnquartier-in-duebendorf\\\/\"]}]},{\"@type\":\"ImageObject\",\"inLanguage\":\"fr-FR\",\"@id\":\"https:\\\/\\\/www.immobilienbusiness.ch\\\/residential\\\/2016-06-28\\\/cs-ref-siat-baut-wohnquartier-in-duebendorf\\\/#primaryimage\",\"url\":\"https:\\\/\\\/www.immobilienbusiness.ch\\\/wp-content\\\/uploads\\\/2016\\\/12\\\/CS-REF-Siat-baut-Wohnquartier-in-Duebendorf-immobilien-business.jpg\",\"contentUrl\":\"https:\\\/\\\/www.immobilienbusiness.ch\\\/wp-content\\\/uploads\\\/2016\\\/12\\\/CS-REF-Siat-baut-Wohnquartier-in-Duebendorf-immobilien-business.jpg\",\"width\":1250,\"height\":703,\"caption\":\"CS REF Siat investiert in eine Wohn\u00fcberbauung in D\u00fcbendorf (Visualisierung: Credit Suisse)\"},{\"@type\":\"BreadcrumbList\",\"@id\":\"https:\\\/\\\/www.immobilienbusiness.ch\\\/residential\\\/2016-06-28\\\/cs-ref-siat-baut-wohnquartier-in-duebendorf\\\/#breadcrumb\",\"itemListElement\":[{\"@type\":\"ListItem\",\"position\":1,\"name\":\"Home\",\"item\":\"https:\\\/\\\/www.immobilienbusiness.ch\\\/\"},{\"@type\":\"ListItem\",\"position\":2,\"name\":\"CS REF Siat baut Wohnquartier in D\u00fcbendorf\"}]},{\"@type\":\"WebSite\",\"@id\":\"https:\\\/\\\/www.immobilienbusiness.ch\\\/#website\",\"url\":\"https:\\\/\\\/www.immobilienbusiness.ch\\\/\",\"name\":\"IMMOBILIEN Business\",\"description\":\"Unabh\u00e4ngiges Schweizer Wirtschaftsmagazin mit Fokus auf Immobilien, Architektur- und Bau sowie Investment- und Finanzierung.\",\"publisher\":{\"@id\":\"https:\\\/\\\/www.immobilienbusiness.ch\\\/#organization\"},\"potentialAction\":[{\"@type\":\"SearchAction\",\"target\":{\"@type\":\"EntryPoint\",\"urlTemplate\":\"https:\\\/\\\/www.immobilienbusiness.ch\\\/?s={search_term_string}\"},\"query-input\":{\"@type\":\"PropertyValueSpecification\",\"valueRequired\":true,\"valueName\":\"search_term_string\"}}],\"inLanguage\":\"fr-FR\"},{\"@type\":\"Organization\",\"@id\":\"https:\\\/\\\/www.immobilienbusiness.ch\\\/#organization\",\"name\":\"IMMOBILIEN Business\",\"url\":\"https:\\\/\\\/www.immobilienbusiness.ch\\\/\",\"logo\":{\"@type\":\"ImageObject\",\"inLanguage\":\"fr-FR\",\"@id\":\"https:\\\/\\\/www.immobilienbusiness.ch\\\/#\\\/schema\\\/logo\\\/image\\\/\",\"url\":\"https:\\\/\\\/www.immobilienbusiness.ch\\\/wp-content\\\/uploads\\\/2021\\\/07\\\/logo_ib.png\",\"contentUrl\":\"https:\\\/\\\/www.immobilienbusiness.ch\\\/wp-content\\\/uploads\\\/2021\\\/07\\\/logo_ib.png\",\"width\":800,\"height\":181,\"caption\":\"IMMOBILIEN Business\"},\"image\":{\"@id\":\"https:\\\/\\\/www.immobilienbusiness.ch\\\/#\\\/schema\\\/logo\\\/image\\\/\"},\"sameAs\":[\"https:\\\/\\\/www.facebook.com\\\/immobilienbusiness\\\/\"]},{\"@type\":\"Person\",\"@id\":\"https:\\\/\\\/www.immobilienbusiness.ch\\\/#\\\/schema\\\/person\\\/aa2bace6c5c5aad60102004a50c4eb1c\",\"name\":\"Redaktion\",\"image\":{\"@type\":\"ImageObject\",\"inLanguage\":\"fr-FR\",\"@id\":\"https:\\\/\\\/secure.gravatar.com\\\/avatar\\\/ae2f4d718e6c49043e314ce431e7e645d646302a24a5ef5a8bc8e3f5a032e319?s=96&d=mm&r=g\",\"url\":\"https:\\\/\\\/secure.gravatar.com\\\/avatar\\\/ae2f4d718e6c49043e314ce431e7e645d646302a24a5ef5a8bc8e3f5a032e319?s=96&d=mm&r=g\",\"contentUrl\":\"https:\\\/\\\/secure.gravatar.com\\\/avatar\\\/ae2f4d718e6c49043e314ce431e7e645d646302a24a5ef5a8bc8e3f5a032e319?s=96&d=mm&r=g\",\"caption\":\"Redaktion\"},\"sameAs\":[\"http:\\\/\\\/develop.organisator.galledia.ch\"],\"url\":\"https:\\\/\\\/www.immobilienbusiness.ch\\\/fr\\\/author\\\/admin\\\/\"}]}<\/script>\n<!-- \/ Yoast SEO plugin. -->","yoast_head_json":{"title":"CS REF Siat baut Wohnquartier in D\u00fcbendorf - IMMOBILIEN Business","description":"Anfang September 2016 sollen die Bauarbeiten der ersten Etappe f\u00fcr das Wohnquartier \u00abIm Giessen\u00bb in D\u00fcbendorf beginnen.","robots":{"index":"index","follow":"follow","max-snippet":"max-snippet:-1","max-image-preview":"max-image-preview:large","max-video-preview":"max-video-preview:-1"},"canonical":"https:\/\/www.immobilienbusiness.ch\/fr\/residential\/2016-06-28\/cs-ref-siat-baut-wohnquartier-in-duebendorf\/","og_locale":"fr_FR","og_type":"article","og_title":"CS REF Siat baut Wohnquartier in D\u00fcbendorf","og_description":"Anfang September 2016 sollen die Bauarbeiten der ersten Etappe f\u00fcr das Wohnquartier \u00abIm Giessen\u00bb in D\u00fcbendorf beginnen. Bauherr ist der Immobilienfonds Credit Suisse Real Estate Fund Siat (CS REF Siat). Das Projekt wurde von Implenia entwickelt, die es nun auch als Totalunternehmerin realisiert.","og_url":"https:\/\/www.immobilienbusiness.ch\/fr\/residential\/2016-06-28\/cs-ref-siat-baut-wohnquartier-in-duebendorf\/","og_site_name":"IMMOBILIEN Business","article_publisher":"https:\/\/www.facebook.com\/immobilienbusiness\/","article_published_time":"2016-06-28T07:39:04+00:00","author":"Redaktion","twitter_card":"summary_large_image","twitter_image":"https:\/\/www.immobilienbusiness.ch\/wp-content\/uploads\/2016\/12\/CS-REF-Siat-baut-Wohnquartier-in-Duebendorf-immobilien-business.jpg","schema":{"@context":"https:\/\/schema.org","@graph":[{"@type":"Article","@id":"https:\/\/www.immobilienbusiness.ch\/residential\/2016-06-28\/cs-ref-siat-baut-wohnquartier-in-duebendorf\/#article","isPartOf":{"@id":"https:\/\/www.immobilienbusiness.ch\/residential\/2016-06-28\/cs-ref-siat-baut-wohnquartier-in-duebendorf\/"},"author":{"name":"Redaktion","@id":"https:\/\/www.immobilienbusiness.ch\/#\/schema\/person\/aa2bace6c5c5aad60102004a50c4eb1c"},"headline":"CS REF Siat baut Wohnquartier in D\u00fcbendorf","datePublished":"2016-06-28T07:39:04+00:00","mainEntityOfPage":{"@id":"https:\/\/www.immobilienbusiness.ch\/residential\/2016-06-28\/cs-ref-siat-baut-wohnquartier-in-duebendorf\/"},"wordCount":192,"commentCount":0,"publisher":{"@id":"https:\/\/www.immobilienbusiness.ch\/#organization"},"image":{"@id":"https:\/\/www.immobilienbusiness.ch\/residential\/2016-06-28\/cs-ref-siat-baut-wohnquartier-in-duebendorf\/#primaryimage"},"thumbnailUrl":"https:\/\/www.immobilienbusiness.ch\/wp-content\/uploads\/2016\/12\/CS-REF-Siat-baut-Wohnquartier-in-Duebendorf-immobilien-business.jpg","keywords":["Indirekte Immobilienanlagen","Projektentwicklung","Residential","Wohnen"],"articleSection":["RESIDENTIAL"],"inLanguage":"fr-FR"},{"@type":"WebPage","@id":"https:\/\/www.immobilienbusiness.ch\/residential\/2016-06-28\/cs-ref-siat-baut-wohnquartier-in-duebendorf\/","url":"https:\/\/www.immobilienbusiness.ch\/residential\/2016-06-28\/cs-ref-siat-baut-wohnquartier-in-duebendorf\/","name":"CS REF Siat baut Wohnquartier in D\u00fcbendorf - IMMOBILIEN Business","isPartOf":{"@id":"https:\/\/www.immobilienbusiness.ch\/#website"},"primaryImageOfPage":{"@id":"https:\/\/www.immobilienbusiness.ch\/residential\/2016-06-28\/cs-ref-siat-baut-wohnquartier-in-duebendorf\/#primaryimage"},"image":{"@id":"https:\/\/www.immobilienbusiness.ch\/residential\/2016-06-28\/cs-ref-siat-baut-wohnquartier-in-duebendorf\/#primaryimage"},"thumbnailUrl":"https:\/\/www.immobilienbusiness.ch\/wp-content\/uploads\/2016\/12\/CS-REF-Siat-baut-Wohnquartier-in-Duebendorf-immobilien-business.jpg","datePublished":"2016-06-28T07:39:04+00:00","description":"Anfang September 2016 sollen die Bauarbeiten der ersten Etappe f\u00fcr das Wohnquartier \u00abIm Giessen\u00bb in D\u00fcbendorf beginnen.","breadcrumb":{"@id":"https:\/\/www.immobilienbusiness.ch\/residential\/2016-06-28\/cs-ref-siat-baut-wohnquartier-in-duebendorf\/#breadcrumb"},"inLanguage":"fr-FR","potentialAction":[{"@type":"ReadAction","target":["https:\/\/www.immobilienbusiness.ch\/residential\/2016-06-28\/cs-ref-siat-baut-wohnquartier-in-duebendorf\/"]}]},{"@type":"ImageObject","inLanguage":"fr-FR","@id":"https:\/\/www.immobilienbusiness.ch\/residential\/2016-06-28\/cs-ref-siat-baut-wohnquartier-in-duebendorf\/#primaryimage","url":"https:\/\/www.immobilienbusiness.ch\/wp-content\/uploads\/2016\/12\/CS-REF-Siat-baut-Wohnquartier-in-Duebendorf-immobilien-business.jpg","contentUrl":"https:\/\/www.immobilienbusiness.ch\/wp-content\/uploads\/2016\/12\/CS-REF-Siat-baut-Wohnquartier-in-Duebendorf-immobilien-business.jpg","width":1250,"height":703,"caption":"CS REF Siat investiert in eine Wohn\u00fcberbauung in D\u00fcbendorf (Visualisierung: Credit Suisse)"},{"@type":"BreadcrumbList","@id":"https:\/\/www.immobilienbusiness.ch\/residential\/2016-06-28\/cs-ref-siat-baut-wohnquartier-in-duebendorf\/#breadcrumb","itemListElement":[{"@type":"ListItem","position":1,"name":"Home","item":"https:\/\/www.immobilienbusiness.ch\/"},{"@type":"ListItem","position":2,"name":"CS REF Siat baut Wohnquartier in D\u00fcbendorf"}]},{"@type":"WebSite","@id":"https:\/\/www.immobilienbusiness.ch\/#website","url":"https:\/\/www.immobilienbusiness.ch\/","name":"IMMOBILIER Business","description":"Magazine \u00e9conomique suisse ind\u00e9pendant ax\u00e9 sur l'immobilier, l'architecture et la construction ainsi que sur les investissements et le financement.","publisher":{"@id":"https:\/\/www.immobilienbusiness.ch\/#organization"},"potentialAction":[{"@type":"SearchAction","target":{"@type":"EntryPoint","urlTemplate":"https:\/\/www.immobilienbusiness.ch\/?s={search_term_string}"},"query-input":{"@type":"PropertyValueSpecification","valueRequired":true,"valueName":"search_term_string"}}],"inLanguage":"fr-FR"},{"@type":"Organization","@id":"https:\/\/www.immobilienbusiness.ch\/#organization","name":"IMMOBILIER Business","url":"https:\/\/www.immobilienbusiness.ch\/","logo":{"@type":"ImageObject","inLanguage":"fr-FR","@id":"https:\/\/www.immobilienbusiness.ch\/#\/schema\/logo\/image\/","url":"https:\/\/www.immobilienbusiness.ch\/wp-content\/uploads\/2021\/07\/logo_ib.png","contentUrl":"https:\/\/www.immobilienbusiness.ch\/wp-content\/uploads\/2021\/07\/logo_ib.png","width":800,"height":181,"caption":"IMMOBILIEN Business"},"image":{"@id":"https:\/\/www.immobilienbusiness.ch\/#\/schema\/logo\/image\/"},"sameAs":["https:\/\/www.facebook.com\/immobilienbusiness\/"]},{"@type":"Person","@id":"https:\/\/www.immobilienbusiness.ch\/#\/schema\/person\/aa2bace6c5c5aad60102004a50c4eb1c","name":"Editorial","image":{"@type":"ImageObject","inLanguage":"fr-FR","@id":"https:\/\/secure.gravatar.com\/avatar\/ae2f4d718e6c49043e314ce431e7e645d646302a24a5ef5a8bc8e3f5a032e319?s=96&d=mm&r=g","url":"https:\/\/secure.gravatar.com\/avatar\/ae2f4d718e6c49043e314ce431e7e645d646302a24a5ef5a8bc8e3f5a032e319?s=96&d=mm&r=g","contentUrl":"https:\/\/secure.gravatar.com\/avatar\/ae2f4d718e6c49043e314ce431e7e645d646302a24a5ef5a8bc8e3f5a032e319?s=96&d=mm&r=g","caption":"Redaktion"},"sameAs":["http:\/\/develop.organisator.galledia.ch"],"url":"https:\/\/www.immobilienbusiness.ch\/fr\/author\/admin\/"}]}},"_links":{"self":[{"href":"https:\/\/www.immobilienbusiness.ch\/fr\/wp-json\/wp\/v2\/posts\/4470","targetHints":{"allow":["GET"]}}],"collection":[{"href":"https:\/\/www.immobilienbusiness.ch\/fr\/wp-json\/wp\/v2\/posts"}],"about":[{"href":"https:\/\/www.immobilienbusiness.ch\/fr\/wp-json\/wp\/v2\/types\/post"}],"author":[{"embeddable":true,"href":"https:\/\/www.immobilienbusiness.ch\/fr\/wp-json\/wp\/v2\/users\/1"}],"replies":[{"embeddable":true,"href":"https:\/\/www.immobilienbusiness.ch\/fr\/wp-json\/wp\/v2\/comments?post=4470"}],"version-history":[{"count":0,"href":"https:\/\/www.immobilienbusiness.ch\/fr\/wp-json\/wp\/v2\/posts\/4470\/revisions"}],"wp:featuredmedia":[{"embeddable":true,"href":"https:\/\/www.immobilienbusiness.ch\/fr\/wp-json\/wp\/v2\/media\/4476"}],"wp:attachment":[{"href":"https:\/\/www.immobilienbusiness.ch\/fr\/wp-json\/wp\/v2\/media?parent=4470"}],"wp:term":[{"taxonomy":"category","embeddable":true,"href":"https:\/\/www.immobilienbusiness.ch\/fr\/wp-json\/wp\/v2\/categories?post=4470"},{"taxonomy":"post_tag","embeddable":true,"href":"https:\/\/www.immobilienbusiness.ch\/fr\/wp-json\/wp\/v2\/tags?post=4470"}],"curies":[{"name":"wp","href":"https:\/\/api.w.org\/{rel}","templated":true}]}}