{"id":44507,"date":"2022-10-28T08:00:29","date_gmt":"2022-10-28T06:00:29","guid":{"rendered":"https:\/\/www.immobilienbusiness.ch\/?p=44507"},"modified":"2022-10-27T17:48:59","modified_gmt":"2022-10-27T15:48:59","slug":"allreal-gewinnt-stephan-widrig-als-neuen-ceo","status":"publish","type":"post","link":"https:\/\/www.immobilienbusiness.ch\/fr\/personalia\/2022-10-28\/allreal-gewinnt-stephan-widrig-als-neuen-ceo\/","title":{"rendered":"Allreal accueille Stephan Widrig comme nouveau CEO"},"content":{"rendered":"<figure id=\"attachment_44508\" aria-describedby=\"caption-attachment-44508\" style=\"width: 1400px\" class=\"wp-caption alignnone\"><a href=\"https:\/\/www.immobilienbusiness.ch\/wp-content\/uploads\/2022\/10\/flughafen-zuerich-portrait-stephan-widrig-scaled.jpg\"><img loading=\"lazy\" decoding=\"async\" class=\"size-full wp-image-44508\" src=\"https:\/\/www.immobilienbusiness.ch\/wp-content\/uploads\/2022\/10\/flughafen-zuerich-portrait-stephan-widrig-scaled.jpg\" alt=\"\" width=\"1400\" height=\"933\" srcset=\"https:\/\/www.immobilienbusiness.ch\/wp-content\/uploads\/2022\/10\/flughafen-zuerich-portrait-stephan-widrig-scaled.jpg 1200w, https:\/\/www.immobilienbusiness.ch\/wp-content\/uploads\/2022\/10\/flughafen-zuerich-portrait-stephan-widrig-300x200.jpg 300w, https:\/\/www.immobilienbusiness.ch\/wp-content\/uploads\/2022\/10\/flughafen-zuerich-portrait-stephan-widrig-1024x683.jpg 1024w, https:\/\/www.immobilienbusiness.ch\/wp-content\/uploads\/2022\/10\/flughafen-zuerich-portrait-stephan-widrig-768x512.jpg 768w, https:\/\/www.immobilienbusiness.ch\/wp-content\/uploads\/2022\/10\/flughafen-zuerich-portrait-stephan-widrig-1536x1024.jpg 1536w, https:\/\/www.immobilienbusiness.ch\/wp-content\/uploads\/2022\/10\/flughafen-zuerich-portrait-stephan-widrig-2048x1365.jpg 2048w, https:\/\/www.immobilienbusiness.ch\/wp-content\/uploads\/2022\/10\/flughafen-zuerich-portrait-stephan-widrig-18x12.jpg 18w, https:\/\/www.immobilienbusiness.ch\/wp-content\/uploads\/2022\/10\/flughafen-zuerich-portrait-stephan-widrig-375x250.jpg 375w, https:\/\/www.immobilienbusiness.ch\/wp-content\/uploads\/2022\/10\/flughafen-zuerich-portrait-stephan-widrig-525x350.jpg 525w, https:\/\/www.immobilienbusiness.ch\/wp-content\/uploads\/2022\/10\/flughafen-zuerich-portrait-stephan-widrig-1000x667.jpg 1000w\" sizes=\"auto, (max-width: 1400px) 100vw, 1400px\" \/><\/a><figcaption id=\"caption-attachment-44508\" class=\"wp-caption-text\">Stephan Widrig (photo : Flughafen Z\u00fcrich AG)<\/figcaption><\/figure>\n<p>Stephan Widrig prendra ses nouvelles fonctions de Chief Executive Officer (CEO) chez Allreal le 1er mai 2023. Il succ\u00e8de \u00e0 Roger Herzog, <a href=\"https:\/\/www.immobilienbusiness.ch\/fr\/personalia\/2022-07-15\/allreal-ceo-roger-herzog-hoert-auf\/\">qui avait d\u00e9j\u00e0 annonc\u00e9 son d\u00e9part cet \u00e9t\u00e9<\/a> et quittera la direction du groupe de la soci\u00e9t\u00e9 immobili\u00e8re fin mars 2023.<\/p>\n<p>Stephan Widrig occupe depuis 1999 diff\u00e9rentes fonctions de direction au sein de la soci\u00e9t\u00e9 cot\u00e9e en bourse Flughafen Z\u00fcrich AG. Il a notamment dirig\u00e9 la gestion immobili\u00e8re et, en tant que membre de la direction, il \u00e9tait responsable de tous les secteurs d'activit\u00e9 non a\u00e9riens, y compris le secteur immobilier. En 2015, il a pris la responsabilit\u00e9 g\u00e9n\u00e9rale de l'exploitant de l'a\u00e9roport en tant que CEO.<\/p>\n<p>Avec Widrig, nous gagnons \"un expert immobilier confirm\u00e9 avec une longue exp\u00e9rience dans le d\u00e9veloppement, la construction et la gestion d'immeubles\", indique Allreal dans un communiqu\u00e9. Il apporte en outre un \"palmar\u00e8s impressionnant et une longue exp\u00e9rience de direction dans une entreprise cot\u00e9e en bourse\".<\/p>\n<p>Comme le communique l'a\u00e9roport de Zurich, Widrig quittera l'entreprise fin avril. Le processus de d\u00e9signation d'un successeur va maintenant \u00eatre lanc\u00e9. \"Apr\u00e8s bient\u00f4t 15 ans \u00e0 la direction de l'a\u00e9roport de Zurich SA et dans ma neuvi\u00e8me ann\u00e9e en tant que CEO, il me semble judicieux de passer le relais. Le moment est propice, car tous les secteurs d'activit\u00e9 sont entre des mains stables et comp\u00e9tentes, la pand\u00e9mie a \u00e9t\u00e9 bien surmont\u00e9e et l'orientation strat\u00e9gique des prochaines ann\u00e9es est claire\", a comment\u00e9 Widrig \u00e0 propos de son d\u00e9part.<\/p>","protected":false},"excerpt":{"rendered":"<p>Stephan Widrig, CEO de longue date de Flughafen Z\u00fcrich AG, rejoint le groupe Allreal. Il y succ\u00e8de \u00e0 Roger Herzog et devient \u00e9galement Chief Executive Officer.<\/p>","protected":false},"author":3,"featured_media":44508,"comment_status":"closed","ping_status":"closed","sticky":false,"template":"","format":"standard","meta":{"_acf_changed":false,"_yoast_wpseo_focuskw":"Widrig","_yoast_wpseo_title":"","_yoast_wpseo_metadesc":"Stephan Widrig, langj\u00e4hriger CEO der Flughafen Z\u00fcrich AG, wechselt zur Allreal-Gruppe. Dort wird er ebenfalls Chief Executive Officer.","_yoast_wpseo_linkdex":69,"pgc_sgb_lightbox_settings":"","footnotes":""},"categories":[1912],"tags":[1013,1563],"class_list":["post-44507","post","type-post","status-publish","format-standard","has-post-thumbnail","hentry","category-personalia","tag-allreal","tag-personalia"],"acf":[],"yoast_head":"<!-- This site is optimized with the Yoast SEO plugin v27.4 - https:\/\/yoast.com\/product\/yoast-seo-wordpress\/ -->\n<title>Allreal gewinnt Stephan Widrig als neuen CEO - IMMOBILIEN Business<\/title>\n<meta name=\"description\" content=\"Stephan Widrig, langj\u00e4hriger CEO der Flughafen Z\u00fcrich AG, wechselt zur Allreal-Gruppe. Dort wird er ebenfalls Chief Executive Officer.\" \/>\n<meta name=\"robots\" content=\"index, follow, max-snippet:-1, max-image-preview:large, max-video-preview:-1\" \/>\n<link rel=\"canonical\" href=\"https:\/\/www.immobilienbusiness.ch\/fr\/personalia\/2022-10-28\/allreal-gewinnt-stephan-widrig-als-neuen-ceo\/\" \/>\n<meta property=\"og:locale\" content=\"fr_FR\" \/>\n<meta property=\"og:type\" content=\"article\" \/>\n<meta property=\"og:title\" content=\"Allreal gewinnt Stephan Widrig als neuen CEO - IMMOBILIEN Business\" \/>\n<meta property=\"og:description\" content=\"Stephan Widrig, langj\u00e4hriger CEO der Flughafen Z\u00fcrich AG, wechselt zur Allreal-Gruppe. Dort wird er ebenfalls Chief Executive Officer.\" \/>\n<meta property=\"og:url\" content=\"https:\/\/www.immobilienbusiness.ch\/fr\/personalia\/2022-10-28\/allreal-gewinnt-stephan-widrig-als-neuen-ceo\/\" \/>\n<meta property=\"og:site_name\" content=\"IMMOBILIEN Business\" \/>\n<meta property=\"article:publisher\" content=\"https:\/\/www.facebook.com\/immobilienbusiness\/\" \/>\n<meta property=\"article:published_time\" content=\"2022-10-28T06:00:29+00:00\" \/>\n<meta property=\"og:image\" content=\"https:\/\/www.immobilienbusiness.ch\/wp-content\/uploads\/2022\/10\/flughafen-zuerich-portrait-stephan-widrig-scaled.jpg\" \/>\n\t<meta property=\"og:image:width\" content=\"1200\" \/>\n\t<meta property=\"og:image:height\" content=\"800\" \/>\n\t<meta property=\"og:image:type\" content=\"image\/jpeg\" \/>\n<meta name=\"author\" content=\"anja.hall\" \/>\n<meta name=\"twitter:card\" content=\"summary_large_image\" \/>\n<meta name=\"twitter:image\" content=\"https:\/\/www.immobilienbusiness.ch\/wp-content\/uploads\/2022\/10\/flughafen-zuerich-portrait-stephan-widrig-scaled.jpg\" \/>\n<script type=\"application\/ld+json\" class=\"yoast-schema-graph\">{\"@context\":\"https:\\\/\\\/schema.org\",\"@graph\":[{\"@type\":\"Article\",\"@id\":\"https:\\\/\\\/www.immobilienbusiness.ch\\\/en\\\/personalia\\\/2022-10-28\\\/allreal-gewinnt-stephan-widrig-als-neuen-ceo\\\/#article\",\"isPartOf\":{\"@id\":\"https:\\\/\\\/www.immobilienbusiness.ch\\\/en\\\/personalia\\\/2022-10-28\\\/allreal-gewinnt-stephan-widrig-als-neuen-ceo\\\/\"},\"author\":{\"name\":\"anja.hall\",\"@id\":\"https:\\\/\\\/www.immobilienbusiness.ch\\\/#\\\/schema\\\/person\\\/3fc036297b10b9f42d6db5ee932af8c8\"},\"headline\":\"Allreal gewinnt Stephan Widrig als neuen CEO\",\"datePublished\":\"2022-10-28T06:00:29+00:00\",\"mainEntityOfPage\":{\"@id\":\"https:\\\/\\\/www.immobilienbusiness.ch\\\/en\\\/personalia\\\/2022-10-28\\\/allreal-gewinnt-stephan-widrig-als-neuen-ceo\\\/\"},\"wordCount\":244,\"publisher\":{\"@id\":\"https:\\\/\\\/www.immobilienbusiness.ch\\\/#organization\"},\"image\":{\"@id\":\"https:\\\/\\\/www.immobilienbusiness.ch\\\/en\\\/personalia\\\/2022-10-28\\\/allreal-gewinnt-stephan-widrig-als-neuen-ceo\\\/#primaryimage\"},\"thumbnailUrl\":\"https:\\\/\\\/www.immobilienbusiness.ch\\\/wp-content\\\/uploads\\\/2022\\\/10\\\/flughafen-zuerich-portrait-stephan-widrig-scaled.jpg\",\"keywords\":[\"Allreal\",\"Personalia\"],\"articleSection\":[\"PERSONALIA\"],\"inLanguage\":\"fr-FR\"},{\"@type\":\"WebPage\",\"@id\":\"https:\\\/\\\/www.immobilienbusiness.ch\\\/en\\\/personalia\\\/2022-10-28\\\/allreal-gewinnt-stephan-widrig-als-neuen-ceo\\\/\",\"url\":\"https:\\\/\\\/www.immobilienbusiness.ch\\\/en\\\/personalia\\\/2022-10-28\\\/allreal-gewinnt-stephan-widrig-als-neuen-ceo\\\/\",\"name\":\"Allreal gewinnt Stephan Widrig als neuen CEO - IMMOBILIEN Business\",\"isPartOf\":{\"@id\":\"https:\\\/\\\/www.immobilienbusiness.ch\\\/#website\"},\"primaryImageOfPage\":{\"@id\":\"https:\\\/\\\/www.immobilienbusiness.ch\\\/en\\\/personalia\\\/2022-10-28\\\/allreal-gewinnt-stephan-widrig-als-neuen-ceo\\\/#primaryimage\"},\"image\":{\"@id\":\"https:\\\/\\\/www.immobilienbusiness.ch\\\/en\\\/personalia\\\/2022-10-28\\\/allreal-gewinnt-stephan-widrig-als-neuen-ceo\\\/#primaryimage\"},\"thumbnailUrl\":\"https:\\\/\\\/www.immobilienbusiness.ch\\\/wp-content\\\/uploads\\\/2022\\\/10\\\/flughafen-zuerich-portrait-stephan-widrig-scaled.jpg\",\"datePublished\":\"2022-10-28T06:00:29+00:00\",\"description\":\"Stephan Widrig, langj\u00e4hriger CEO der Flughafen Z\u00fcrich AG, wechselt zur Allreal-Gruppe. Dort wird er ebenfalls Chief Executive Officer.\",\"breadcrumb\":{\"@id\":\"https:\\\/\\\/www.immobilienbusiness.ch\\\/en\\\/personalia\\\/2022-10-28\\\/allreal-gewinnt-stephan-widrig-als-neuen-ceo\\\/#breadcrumb\"},\"inLanguage\":\"fr-FR\",\"potentialAction\":[{\"@type\":\"ReadAction\",\"target\":[\"https:\\\/\\\/www.immobilienbusiness.ch\\\/en\\\/personalia\\\/2022-10-28\\\/allreal-gewinnt-stephan-widrig-als-neuen-ceo\\\/\"]}]},{\"@type\":\"ImageObject\",\"inLanguage\":\"fr-FR\",\"@id\":\"https:\\\/\\\/www.immobilienbusiness.ch\\\/en\\\/personalia\\\/2022-10-28\\\/allreal-gewinnt-stephan-widrig-als-neuen-ceo\\\/#primaryimage\",\"url\":\"https:\\\/\\\/www.immobilienbusiness.ch\\\/wp-content\\\/uploads\\\/2022\\\/10\\\/flughafen-zuerich-portrait-stephan-widrig-scaled.jpg\",\"contentUrl\":\"https:\\\/\\\/www.immobilienbusiness.ch\\\/wp-content\\\/uploads\\\/2022\\\/10\\\/flughafen-zuerich-portrait-stephan-widrig-scaled.jpg\",\"width\":1200,\"height\":800,\"caption\":\"Stephan Widrig (Bild: Flughafen Z\u00fcrich AG)\"},{\"@type\":\"BreadcrumbList\",\"@id\":\"https:\\\/\\\/www.immobilienbusiness.ch\\\/en\\\/personalia\\\/2022-10-28\\\/allreal-gewinnt-stephan-widrig-als-neuen-ceo\\\/#breadcrumb\",\"itemListElement\":[{\"@type\":\"ListItem\",\"position\":1,\"name\":\"Home\",\"item\":\"https:\\\/\\\/www.immobilienbusiness.ch\\\/\"},{\"@type\":\"ListItem\",\"position\":2,\"name\":\"Allreal gewinnt Stephan Widrig als neuen CEO\"}]},{\"@type\":\"WebSite\",\"@id\":\"https:\\\/\\\/www.immobilienbusiness.ch\\\/#website\",\"url\":\"https:\\\/\\\/www.immobilienbusiness.ch\\\/\",\"name\":\"IMMOBILIEN Business\",\"description\":\"Unabh\u00e4ngiges Schweizer Wirtschaftsmagazin mit Fokus auf Immobilien, Architektur- und Bau sowie Investment- und Finanzierung.\",\"publisher\":{\"@id\":\"https:\\\/\\\/www.immobilienbusiness.ch\\\/#organization\"},\"potentialAction\":[{\"@type\":\"SearchAction\",\"target\":{\"@type\":\"EntryPoint\",\"urlTemplate\":\"https:\\\/\\\/www.immobilienbusiness.ch\\\/?s={search_term_string}\"},\"query-input\":{\"@type\":\"PropertyValueSpecification\",\"valueRequired\":true,\"valueName\":\"search_term_string\"}}],\"inLanguage\":\"fr-FR\"},{\"@type\":\"Organization\",\"@id\":\"https:\\\/\\\/www.immobilienbusiness.ch\\\/#organization\",\"name\":\"IMMOBILIEN Business\",\"url\":\"https:\\\/\\\/www.immobilienbusiness.ch\\\/\",\"logo\":{\"@type\":\"ImageObject\",\"inLanguage\":\"fr-FR\",\"@id\":\"https:\\\/\\\/www.immobilienbusiness.ch\\\/#\\\/schema\\\/logo\\\/image\\\/\",\"url\":\"https:\\\/\\\/www.immobilienbusiness.ch\\\/wp-content\\\/uploads\\\/2021\\\/07\\\/logo_ib.png\",\"contentUrl\":\"https:\\\/\\\/www.immobilienbusiness.ch\\\/wp-content\\\/uploads\\\/2021\\\/07\\\/logo_ib.png\",\"width\":800,\"height\":181,\"caption\":\"IMMOBILIEN Business\"},\"image\":{\"@id\":\"https:\\\/\\\/www.immobilienbusiness.ch\\\/#\\\/schema\\\/logo\\\/image\\\/\"},\"sameAs\":[\"https:\\\/\\\/www.facebook.com\\\/immobilienbusiness\\\/\"]},{\"@type\":\"Person\",\"@id\":\"https:\\\/\\\/www.immobilienbusiness.ch\\\/#\\\/schema\\\/person\\\/3fc036297b10b9f42d6db5ee932af8c8\",\"name\":\"anja.hall\",\"image\":{\"@type\":\"ImageObject\",\"inLanguage\":\"fr-FR\",\"@id\":\"https:\\\/\\\/secure.gravatar.com\\\/avatar\\\/066b5a0d447013502c71a5782f4f3469f03cfe595cc2329fb94652fe47511bfb?s=96&d=mm&r=g\",\"url\":\"https:\\\/\\\/secure.gravatar.com\\\/avatar\\\/066b5a0d447013502c71a5782f4f3469f03cfe595cc2329fb94652fe47511bfb?s=96&d=mm&r=g\",\"contentUrl\":\"https:\\\/\\\/secure.gravatar.com\\\/avatar\\\/066b5a0d447013502c71a5782f4f3469f03cfe595cc2329fb94652fe47511bfb?s=96&d=mm&r=g\",\"caption\":\"anja.hall\"},\"url\":\"https:\\\/\\\/www.immobilienbusiness.ch\\\/fr\\\/author\\\/anja-hall\\\/\"}]}<\/script>\n<!-- \/ Yoast SEO plugin. -->","yoast_head_json":{"title":"Allreal accueille Stephan Widrig comme nouveau CEO - IMMOBILIER Business","description":"Stephan Widrig, CEO de longue date de Flughafen Z\u00fcrich AG, rejoint le groupe Allreal. Il y devient \u00e9galement Chief Executive Officer.","robots":{"index":"index","follow":"follow","max-snippet":"max-snippet:-1","max-image-preview":"max-image-preview:large","max-video-preview":"max-video-preview:-1"},"canonical":"https:\/\/www.immobilienbusiness.ch\/fr\/personalia\/2022-10-28\/allreal-gewinnt-stephan-widrig-als-neuen-ceo\/","og_locale":"fr_FR","og_type":"article","og_title":"Allreal gewinnt Stephan Widrig als neuen CEO - IMMOBILIEN Business","og_description":"Stephan Widrig, langj\u00e4hriger CEO der Flughafen Z\u00fcrich AG, wechselt zur Allreal-Gruppe. Dort wird er ebenfalls Chief Executive Officer.","og_url":"https:\/\/www.immobilienbusiness.ch\/fr\/personalia\/2022-10-28\/allreal-gewinnt-stephan-widrig-als-neuen-ceo\/","og_site_name":"IMMOBILIEN Business","article_publisher":"https:\/\/www.facebook.com\/immobilienbusiness\/","article_published_time":"2022-10-28T06:00:29+00:00","og_image":[{"width":1200,"height":800,"url":"https:\/\/www.immobilienbusiness.ch\/wp-content\/uploads\/2022\/10\/flughafen-zuerich-portrait-stephan-widrig-scaled.jpg","type":"image\/jpeg"}],"author":"anja.hall","twitter_card":"summary_large_image","twitter_image":"https:\/\/www.immobilienbusiness.ch\/wp-content\/uploads\/2022\/10\/flughafen-zuerich-portrait-stephan-widrig-scaled.jpg","schema":{"@context":"https:\/\/schema.org","@graph":[{"@type":"Article","@id":"https:\/\/www.immobilienbusiness.ch\/en\/personalia\/2022-10-28\/allreal-gewinnt-stephan-widrig-als-neuen-ceo\/#article","isPartOf":{"@id":"https:\/\/www.immobilienbusiness.ch\/en\/personalia\/2022-10-28\/allreal-gewinnt-stephan-widrig-als-neuen-ceo\/"},"author":{"name":"anja.hall","@id":"https:\/\/www.immobilienbusiness.ch\/#\/schema\/person\/3fc036297b10b9f42d6db5ee932af8c8"},"headline":"Allreal gewinnt Stephan Widrig als neuen CEO","datePublished":"2022-10-28T06:00:29+00:00","mainEntityOfPage":{"@id":"https:\/\/www.immobilienbusiness.ch\/en\/personalia\/2022-10-28\/allreal-gewinnt-stephan-widrig-als-neuen-ceo\/"},"wordCount":244,"publisher":{"@id":"https:\/\/www.immobilienbusiness.ch\/#organization"},"image":{"@id":"https:\/\/www.immobilienbusiness.ch\/en\/personalia\/2022-10-28\/allreal-gewinnt-stephan-widrig-als-neuen-ceo\/#primaryimage"},"thumbnailUrl":"https:\/\/www.immobilienbusiness.ch\/wp-content\/uploads\/2022\/10\/flughafen-zuerich-portrait-stephan-widrig-scaled.jpg","keywords":["Allreal","Personalia"],"articleSection":["PERSONALIA"],"inLanguage":"fr-FR"},{"@type":"WebPage","@id":"https:\/\/www.immobilienbusiness.ch\/en\/personalia\/2022-10-28\/allreal-gewinnt-stephan-widrig-als-neuen-ceo\/","url":"https:\/\/www.immobilienbusiness.ch\/en\/personalia\/2022-10-28\/allreal-gewinnt-stephan-widrig-als-neuen-ceo\/","name":"Allreal accueille Stephan Widrig comme nouveau CEO - IMMOBILIER Business","isPartOf":{"@id":"https:\/\/www.immobilienbusiness.ch\/#website"},"primaryImageOfPage":{"@id":"https:\/\/www.immobilienbusiness.ch\/en\/personalia\/2022-10-28\/allreal-gewinnt-stephan-widrig-als-neuen-ceo\/#primaryimage"},"image":{"@id":"https:\/\/www.immobilienbusiness.ch\/en\/personalia\/2022-10-28\/allreal-gewinnt-stephan-widrig-als-neuen-ceo\/#primaryimage"},"thumbnailUrl":"https:\/\/www.immobilienbusiness.ch\/wp-content\/uploads\/2022\/10\/flughafen-zuerich-portrait-stephan-widrig-scaled.jpg","datePublished":"2022-10-28T06:00:29+00:00","description":"Stephan Widrig, CEO de longue date de Flughafen Z\u00fcrich AG, rejoint le groupe Allreal. Il y devient \u00e9galement Chief Executive Officer.","breadcrumb":{"@id":"https:\/\/www.immobilienbusiness.ch\/en\/personalia\/2022-10-28\/allreal-gewinnt-stephan-widrig-als-neuen-ceo\/#breadcrumb"},"inLanguage":"fr-FR","potentialAction":[{"@type":"ReadAction","target":["https:\/\/www.immobilienbusiness.ch\/en\/personalia\/2022-10-28\/allreal-gewinnt-stephan-widrig-als-neuen-ceo\/"]}]},{"@type":"ImageObject","inLanguage":"fr-FR","@id":"https:\/\/www.immobilienbusiness.ch\/en\/personalia\/2022-10-28\/allreal-gewinnt-stephan-widrig-als-neuen-ceo\/#primaryimage","url":"https:\/\/www.immobilienbusiness.ch\/wp-content\/uploads\/2022\/10\/flughafen-zuerich-portrait-stephan-widrig-scaled.jpg","contentUrl":"https:\/\/www.immobilienbusiness.ch\/wp-content\/uploads\/2022\/10\/flughafen-zuerich-portrait-stephan-widrig-scaled.jpg","width":1200,"height":800,"caption":"Stephan Widrig (Bild: Flughafen Z\u00fcrich AG)"},{"@type":"BreadcrumbList","@id":"https:\/\/www.immobilienbusiness.ch\/en\/personalia\/2022-10-28\/allreal-gewinnt-stephan-widrig-als-neuen-ceo\/#breadcrumb","itemListElement":[{"@type":"ListItem","position":1,"name":"Home","item":"https:\/\/www.immobilienbusiness.ch\/"},{"@type":"ListItem","position":2,"name":"Allreal gewinnt Stephan Widrig als neuen CEO"}]},{"@type":"WebSite","@id":"https:\/\/www.immobilienbusiness.ch\/#website","url":"https:\/\/www.immobilienbusiness.ch\/","name":"IMMOBILIER Business","description":"Magazine \u00e9conomique suisse ind\u00e9pendant ax\u00e9 sur l'immobilier, l'architecture et la construction ainsi que sur les investissements et le financement.","publisher":{"@id":"https:\/\/www.immobilienbusiness.ch\/#organization"},"potentialAction":[{"@type":"SearchAction","target":{"@type":"EntryPoint","urlTemplate":"https:\/\/www.immobilienbusiness.ch\/?s={search_term_string}"},"query-input":{"@type":"PropertyValueSpecification","valueRequired":true,"valueName":"search_term_string"}}],"inLanguage":"fr-FR"},{"@type":"Organization","@id":"https:\/\/www.immobilienbusiness.ch\/#organization","name":"IMMOBILIER Business","url":"https:\/\/www.immobilienbusiness.ch\/","logo":{"@type":"ImageObject","inLanguage":"fr-FR","@id":"https:\/\/www.immobilienbusiness.ch\/#\/schema\/logo\/image\/","url":"https:\/\/www.immobilienbusiness.ch\/wp-content\/uploads\/2021\/07\/logo_ib.png","contentUrl":"https:\/\/www.immobilienbusiness.ch\/wp-content\/uploads\/2021\/07\/logo_ib.png","width":800,"height":181,"caption":"IMMOBILIEN Business"},"image":{"@id":"https:\/\/www.immobilienbusiness.ch\/#\/schema\/logo\/image\/"},"sameAs":["https:\/\/www.facebook.com\/immobilienbusiness\/"]},{"@type":"Person","@id":"https:\/\/www.immobilienbusiness.ch\/#\/schema\/person\/3fc036297b10b9f42d6db5ee932af8c8","name":"anja.hall","image":{"@type":"ImageObject","inLanguage":"fr-FR","@id":"https:\/\/secure.gravatar.com\/avatar\/066b5a0d447013502c71a5782f4f3469f03cfe595cc2329fb94652fe47511bfb?s=96&d=mm&r=g","url":"https:\/\/secure.gravatar.com\/avatar\/066b5a0d447013502c71a5782f4f3469f03cfe595cc2329fb94652fe47511bfb?s=96&d=mm&r=g","contentUrl":"https:\/\/secure.gravatar.com\/avatar\/066b5a0d447013502c71a5782f4f3469f03cfe595cc2329fb94652fe47511bfb?s=96&d=mm&r=g","caption":"anja.hall"},"url":"https:\/\/www.immobilienbusiness.ch\/fr\/author\/anja-hall\/"}]}},"_links":{"self":[{"href":"https:\/\/www.immobilienbusiness.ch\/fr\/wp-json\/wp\/v2\/posts\/44507","targetHints":{"allow":["GET"]}}],"collection":[{"href":"https:\/\/www.immobilienbusiness.ch\/fr\/wp-json\/wp\/v2\/posts"}],"about":[{"href":"https:\/\/www.immobilienbusiness.ch\/fr\/wp-json\/wp\/v2\/types\/post"}],"author":[{"embeddable":true,"href":"https:\/\/www.immobilienbusiness.ch\/fr\/wp-json\/wp\/v2\/users\/3"}],"replies":[{"embeddable":true,"href":"https:\/\/www.immobilienbusiness.ch\/fr\/wp-json\/wp\/v2\/comments?post=44507"}],"version-history":[{"count":1,"href":"https:\/\/www.immobilienbusiness.ch\/fr\/wp-json\/wp\/v2\/posts\/44507\/revisions"}],"predecessor-version":[{"id":44509,"href":"https:\/\/www.immobilienbusiness.ch\/fr\/wp-json\/wp\/v2\/posts\/44507\/revisions\/44509"}],"wp:featuredmedia":[{"embeddable":true,"href":"https:\/\/www.immobilienbusiness.ch\/fr\/wp-json\/wp\/v2\/media\/44508"}],"wp:attachment":[{"href":"https:\/\/www.immobilienbusiness.ch\/fr\/wp-json\/wp\/v2\/media?parent=44507"}],"wp:term":[{"taxonomy":"category","embeddable":true,"href":"https:\/\/www.immobilienbusiness.ch\/fr\/wp-json\/wp\/v2\/categories?post=44507"},{"taxonomy":"post_tag","embeddable":true,"href":"https:\/\/www.immobilienbusiness.ch\/fr\/wp-json\/wp\/v2\/tags?post=44507"}],"curies":[{"name":"wp","href":"https:\/\/api.w.org\/{rel}","templated":true}]}}