{"id":44485,"date":"2022-10-26T06:25:18","date_gmt":"2022-10-26T04:25:18","guid":{"rendered":"https:\/\/www.immobilienbusiness.ch\/?p=44485"},"modified":"2022-10-26T08:37:30","modified_gmt":"2022-10-26T06:37:30","slug":"mobiliar-uebernimmt-wohneigentumsplattform-liiva-komplett","status":"publish","type":"post","link":"https:\/\/www.immobilienbusiness.ch\/fr\/unternehmen\/2022-10-26\/mobiliar-uebernimmt-wohneigentumsplattform-liiva-komplett\/","title":{"rendered":"La Mobili\u00e8re reprend int\u00e9gralement la plateforme d'accession \u00e0 la propri\u00e9t\u00e9 Liiva"},"content":{"rendered":"<figure id=\"attachment_10146\" aria-describedby=\"caption-attachment-10146\" style=\"width: 576px\" class=\"wp-caption alignnone\"><a href=\"https:\/\/www.immobilienbusiness.ch\/wp-content\/uploads\/2017\/11\/IB-News-20171116-Kapitalerhoehung-CS-Real-Estate-Fund-Green-Property-erfolgreich-c-Pixabay.png\"><img loading=\"lazy\" decoding=\"async\" class=\"size-full wp-image-10146\" src=\"https:\/\/www.immobilienbusiness.ch\/wp-content\/uploads\/2017\/11\/IB-News-20171116-Kapitalerhoehung-CS-Real-Estate-Fund-Green-Property-erfolgreich-c-Pixabay.png\" alt=\"\" width=\"576\" height=\"384\" srcset=\"https:\/\/www.immobilienbusiness.ch\/wp-content\/uploads\/2017\/11\/IB-News-20171116-Kapitalerhoehung-CS-Real-Estate-Fund-Green-Property-erfolgreich-c-Pixabay.png 576w, https:\/\/www.immobilienbusiness.ch\/wp-content\/uploads\/2017\/11\/IB-News-20171116-Kapitalerhoehung-CS-Real-Estate-Fund-Green-Property-erfolgreich-c-Pixabay-300x200.png 300w, https:\/\/www.immobilienbusiness.ch\/wp-content\/uploads\/2017\/11\/IB-News-20171116-Kapitalerhoehung-CS-Real-Estate-Fund-Green-Property-erfolgreich-c-Pixabay-16x12.png 16w, https:\/\/www.immobilienbusiness.ch\/wp-content\/uploads\/2017\/11\/IB-News-20171116-Kapitalerhoehung-CS-Real-Estate-Fund-Green-Property-erfolgreich-c-Pixabay-263x175.png 263w, https:\/\/www.immobilienbusiness.ch\/wp-content\/uploads\/2017\/11\/IB-News-20171116-Kapitalerhoehung-CS-Real-Estate-Fund-Green-Property-erfolgreich-c-Pixabay-525x350.png 525w\" sizes=\"auto, (max-width: 576px) 100vw, 576px\" \/><\/a><figcaption id=\"caption-attachment-10146\" class=\"wp-caption-text\">La plateforme d'accession \u00e0 la propri\u00e9t\u00e9 Liiva appartient d\u00e9sormais enti\u00e8rement \u00e0 la Mobili\u00e8re (Image : Pixabay)<\/figcaption><\/figure>\n<p>\"Liiva joue un r\u00f4le cl\u00e9 dans notre \u00e9cosyst\u00e8me de l'habitat\", explique Andrea Kleiner, responsable du d\u00e9veloppement commercial de La Mobili\u00e8re. \"Avec cette acquisition, nous cr\u00e9ons des conditions optimales pour d\u00e9velopper continuellement la plateforme apr\u00e8s un bon d\u00e9part\". Elle ajoute que Raiffeisen souhaite se concentrer \u00e0 l'avenir sur ses propres canaux et a donc d\u00e9cid\u00e9 de vendre sa part de Liiva \u00e0 La Mobili\u00e8re.<\/p>\n<p>Selon la Mobili\u00e8re, l'objectif de Liiva reste inchang\u00e9 : Elle doit devenir la plateforme num\u00e9rique leader pour les propri\u00e9taires immobiliers priv\u00e9s et couvrir tous les besoins dans le cycle de la propri\u00e9t\u00e9 du logement. <i>(aw)<\/i><\/p>\n<p>&nbsp;<\/p>","protected":false},"excerpt":{"rendered":"<p>La plateforme d'accession \u00e0 la propri\u00e9t\u00e9 Liiva, qui avait \u00e9t\u00e9 lanc\u00e9e en \u00e9t\u00e9 2021 en tant que joint-venture avec Raiffeisen, est d\u00e9sormais enti\u00e8rement reprise par La Mobili\u00e8re.<\/p>","protected":false},"author":102,"featured_media":10146,"comment_status":"closed","ping_status":"closed","sticky":false,"template":"","format":"standard","meta":{"_acf_changed":false,"_yoast_wpseo_focuskw":"Mobiliar","_yoast_wpseo_title":"","_yoast_wpseo_metadesc":"Die Wohneigentumsplattform Liiva, die im Sommer 2021 als Joint Venture mit Raiffeisen lanciert worden war, \u00fcbernimmt die Mobiliar nun vollst\u00e4ndig.","_yoast_wpseo_linkdex":49,"pgc_sgb_lightbox_settings":"","footnotes":""},"categories":[988],"tags":[2080,1615,1862],"class_list":["post-44485","post","type-post","status-publish","format-standard","has-post-thumbnail","hentry","category-unternehmen","tag-mobiliar","tag-raiffeisen","tag-wohnen"],"acf":[],"yoast_head":"<!-- This site is optimized with the Yoast SEO plugin v27.5 - https:\/\/yoast.com\/product\/yoast-seo-wordpress\/ -->\n<title>Mobiliar \u00fcbernimmt Wohneigentumsplattform Liiva komplett - IMMOBILIEN Business<\/title>\n<meta name=\"description\" content=\"Die Wohneigentumsplattform Liiva, die im Sommer 2021 als Joint Venture mit Raiffeisen lanciert worden war, \u00fcbernimmt die Mobiliar nun vollst\u00e4ndig.\" \/>\n<meta name=\"robots\" content=\"index, follow, max-snippet:-1, max-image-preview:large, max-video-preview:-1\" \/>\n<link rel=\"canonical\" href=\"https:\/\/www.immobilienbusiness.ch\/fr\/unternehmen\/2022-10-26\/mobiliar-uebernimmt-wohneigentumsplattform-liiva-komplett\/\" \/>\n<meta property=\"og:locale\" content=\"fr_FR\" \/>\n<meta property=\"og:type\" content=\"article\" \/>\n<meta property=\"og:title\" content=\"Mobiliar \u00fcbernimmt Wohneigentumsplattform Liiva komplett - IMMOBILIEN Business\" \/>\n<meta property=\"og:description\" content=\"Die Wohneigentumsplattform Liiva, die im Sommer 2021 als Joint Venture mit Raiffeisen lanciert worden war, \u00fcbernimmt die Mobiliar nun vollst\u00e4ndig.\" \/>\n<meta property=\"og:url\" content=\"https:\/\/www.immobilienbusiness.ch\/fr\/unternehmen\/2022-10-26\/mobiliar-uebernimmt-wohneigentumsplattform-liiva-komplett\/\" \/>\n<meta property=\"og:site_name\" content=\"IMMOBILIEN Business\" \/>\n<meta property=\"article:publisher\" content=\"https:\/\/www.facebook.com\/immobilienbusiness\/\" \/>\n<meta property=\"article:published_time\" content=\"2022-10-26T04:25:18+00:00\" \/>\n<meta property=\"article:modified_time\" content=\"2022-10-26T06:37:30+00:00\" \/>\n<meta property=\"og:image\" content=\"https:\/\/www.immobilienbusiness.ch\/wp-content\/uploads\/2017\/11\/IB-News-20171116-Kapitalerhoehung-CS-Real-Estate-Fund-Green-Property-erfolgreich-c-Pixabay.png\" \/>\n\t<meta property=\"og:image:width\" content=\"576\" \/>\n\t<meta property=\"og:image:height\" content=\"384\" \/>\n\t<meta property=\"og:image:type\" content=\"image\/png\" \/>\n<meta name=\"author\" content=\"Alexander Wachter\" \/>\n<meta name=\"twitter:card\" content=\"summary_large_image\" \/>\n<script type=\"application\/ld+json\" class=\"yoast-schema-graph\">{\"@context\":\"https:\\\/\\\/schema.org\",\"@graph\":[{\"@type\":\"Article\",\"@id\":\"https:\\\/\\\/www.immobilienbusiness.ch\\\/it\\\/unternehmen\\\/2022-10-26\\\/mobiliar-uebernimmt-wohneigentumsplattform-liiva-komplett\\\/#article\",\"isPartOf\":{\"@id\":\"https:\\\/\\\/www.immobilienbusiness.ch\\\/it\\\/unternehmen\\\/2022-10-26\\\/mobiliar-uebernimmt-wohneigentumsplattform-liiva-komplett\\\/\"},\"author\":{\"name\":\"Alexander Wachter\",\"@id\":\"https:\\\/\\\/www.immobilienbusiness.ch\\\/#\\\/schema\\\/person\\\/aba8bea2db926aa0c24c08c43fe1fcd5\"},\"headline\":\"Mobiliar \u00fcbernimmt Wohneigentumsplattform Liiva komplett\",\"datePublished\":\"2022-10-26T04:25:18+00:00\",\"dateModified\":\"2022-10-26T06:37:30+00:00\",\"mainEntityOfPage\":{\"@id\":\"https:\\\/\\\/www.immobilienbusiness.ch\\\/it\\\/unternehmen\\\/2022-10-26\\\/mobiliar-uebernimmt-wohneigentumsplattform-liiva-komplett\\\/\"},\"wordCount\":113,\"publisher\":{\"@id\":\"https:\\\/\\\/www.immobilienbusiness.ch\\\/#organization\"},\"image\":{\"@id\":\"https:\\\/\\\/www.immobilienbusiness.ch\\\/it\\\/unternehmen\\\/2022-10-26\\\/mobiliar-uebernimmt-wohneigentumsplattform-liiva-komplett\\\/#primaryimage\"},\"thumbnailUrl\":\"https:\\\/\\\/www.immobilienbusiness.ch\\\/wp-content\\\/uploads\\\/2017\\\/11\\\/IB-News-20171116-Kapitalerhoehung-CS-Real-Estate-Fund-Green-Property-erfolgreich-c-Pixabay.png\",\"keywords\":[\"Mobiliar\",\"Raiffeisen\",\"Wohnen\"],\"articleSection\":[\"UNTERNEHMEN\"],\"inLanguage\":\"fr-FR\"},{\"@type\":\"WebPage\",\"@id\":\"https:\\\/\\\/www.immobilienbusiness.ch\\\/it\\\/unternehmen\\\/2022-10-26\\\/mobiliar-uebernimmt-wohneigentumsplattform-liiva-komplett\\\/\",\"url\":\"https:\\\/\\\/www.immobilienbusiness.ch\\\/it\\\/unternehmen\\\/2022-10-26\\\/mobiliar-uebernimmt-wohneigentumsplattform-liiva-komplett\\\/\",\"name\":\"Mobiliar \u00fcbernimmt Wohneigentumsplattform Liiva komplett - IMMOBILIEN Business\",\"isPartOf\":{\"@id\":\"https:\\\/\\\/www.immobilienbusiness.ch\\\/#website\"},\"primaryImageOfPage\":{\"@id\":\"https:\\\/\\\/www.immobilienbusiness.ch\\\/it\\\/unternehmen\\\/2022-10-26\\\/mobiliar-uebernimmt-wohneigentumsplattform-liiva-komplett\\\/#primaryimage\"},\"image\":{\"@id\":\"https:\\\/\\\/www.immobilienbusiness.ch\\\/it\\\/unternehmen\\\/2022-10-26\\\/mobiliar-uebernimmt-wohneigentumsplattform-liiva-komplett\\\/#primaryimage\"},\"thumbnailUrl\":\"https:\\\/\\\/www.immobilienbusiness.ch\\\/wp-content\\\/uploads\\\/2017\\\/11\\\/IB-News-20171116-Kapitalerhoehung-CS-Real-Estate-Fund-Green-Property-erfolgreich-c-Pixabay.png\",\"datePublished\":\"2022-10-26T04:25:18+00:00\",\"dateModified\":\"2022-10-26T06:37:30+00:00\",\"description\":\"Die Wohneigentumsplattform Liiva, die im Sommer 2021 als Joint Venture mit Raiffeisen lanciert worden war, \u00fcbernimmt die Mobiliar nun vollst\u00e4ndig.\",\"breadcrumb\":{\"@id\":\"https:\\\/\\\/www.immobilienbusiness.ch\\\/it\\\/unternehmen\\\/2022-10-26\\\/mobiliar-uebernimmt-wohneigentumsplattform-liiva-komplett\\\/#breadcrumb\"},\"inLanguage\":\"fr-FR\",\"potentialAction\":[{\"@type\":\"ReadAction\",\"target\":[\"https:\\\/\\\/www.immobilienbusiness.ch\\\/it\\\/unternehmen\\\/2022-10-26\\\/mobiliar-uebernimmt-wohneigentumsplattform-liiva-komplett\\\/\"]}]},{\"@type\":\"ImageObject\",\"inLanguage\":\"fr-FR\",\"@id\":\"https:\\\/\\\/www.immobilienbusiness.ch\\\/it\\\/unternehmen\\\/2022-10-26\\\/mobiliar-uebernimmt-wohneigentumsplattform-liiva-komplett\\\/#primaryimage\",\"url\":\"https:\\\/\\\/www.immobilienbusiness.ch\\\/wp-content\\\/uploads\\\/2017\\\/11\\\/IB-News-20171116-Kapitalerhoehung-CS-Real-Estate-Fund-Green-Property-erfolgreich-c-Pixabay.png\",\"contentUrl\":\"https:\\\/\\\/www.immobilienbusiness.ch\\\/wp-content\\\/uploads\\\/2017\\\/11\\\/IB-News-20171116-Kapitalerhoehung-CS-Real-Estate-Fund-Green-Property-erfolgreich-c-Pixabay.png\",\"width\":576,\"height\":384,\"caption\":\"Dass der Fonds nicht lanciert werden kann, liegt laut Sustainable Real Estate nicht am mangelnden Interesse an Holzbauten (Bild: Pixabay)\"},{\"@type\":\"BreadcrumbList\",\"@id\":\"https:\\\/\\\/www.immobilienbusiness.ch\\\/it\\\/unternehmen\\\/2022-10-26\\\/mobiliar-uebernimmt-wohneigentumsplattform-liiva-komplett\\\/#breadcrumb\",\"itemListElement\":[{\"@type\":\"ListItem\",\"position\":1,\"name\":\"Home\",\"item\":\"https:\\\/\\\/www.immobilienbusiness.ch\\\/\"},{\"@type\":\"ListItem\",\"position\":2,\"name\":\"Mobiliar \u00fcbernimmt Wohneigentumsplattform Liiva komplett\"}]},{\"@type\":\"WebSite\",\"@id\":\"https:\\\/\\\/www.immobilienbusiness.ch\\\/#website\",\"url\":\"https:\\\/\\\/www.immobilienbusiness.ch\\\/\",\"name\":\"IMMOBILIEN Business\",\"description\":\"Unabh\u00e4ngiges Schweizer Wirtschaftsmagazin mit Fokus auf Immobilien, Architektur- und Bau sowie Investment- und Finanzierung.\",\"publisher\":{\"@id\":\"https:\\\/\\\/www.immobilienbusiness.ch\\\/#organization\"},\"potentialAction\":[{\"@type\":\"SearchAction\",\"target\":{\"@type\":\"EntryPoint\",\"urlTemplate\":\"https:\\\/\\\/www.immobilienbusiness.ch\\\/?s={search_term_string}\"},\"query-input\":{\"@type\":\"PropertyValueSpecification\",\"valueRequired\":true,\"valueName\":\"search_term_string\"}}],\"inLanguage\":\"fr-FR\"},{\"@type\":\"Organization\",\"@id\":\"https:\\\/\\\/www.immobilienbusiness.ch\\\/#organization\",\"name\":\"IMMOBILIEN Business\",\"url\":\"https:\\\/\\\/www.immobilienbusiness.ch\\\/\",\"logo\":{\"@type\":\"ImageObject\",\"inLanguage\":\"fr-FR\",\"@id\":\"https:\\\/\\\/www.immobilienbusiness.ch\\\/#\\\/schema\\\/logo\\\/image\\\/\",\"url\":\"https:\\\/\\\/www.immobilienbusiness.ch\\\/wp-content\\\/uploads\\\/2021\\\/07\\\/logo_ib.png\",\"contentUrl\":\"https:\\\/\\\/www.immobilienbusiness.ch\\\/wp-content\\\/uploads\\\/2021\\\/07\\\/logo_ib.png\",\"width\":800,\"height\":181,\"caption\":\"IMMOBILIEN Business\"},\"image\":{\"@id\":\"https:\\\/\\\/www.immobilienbusiness.ch\\\/#\\\/schema\\\/logo\\\/image\\\/\"},\"sameAs\":[\"https:\\\/\\\/www.facebook.com\\\/immobilienbusiness\\\/\"]},{\"@type\":\"Person\",\"@id\":\"https:\\\/\\\/www.immobilienbusiness.ch\\\/#\\\/schema\\\/person\\\/aba8bea2db926aa0c24c08c43fe1fcd5\",\"name\":\"Alexander Wachter\",\"image\":{\"@type\":\"ImageObject\",\"inLanguage\":\"fr-FR\",\"@id\":\"https:\\\/\\\/secure.gravatar.com\\\/avatar\\\/1a09e471f5389b0e0a6416eac287e0927c7c97a7b77f9e787eba3af7aee281dd?s=96&d=mm&r=g\",\"url\":\"https:\\\/\\\/secure.gravatar.com\\\/avatar\\\/1a09e471f5389b0e0a6416eac287e0927c7c97a7b77f9e787eba3af7aee281dd?s=96&d=mm&r=g\",\"contentUrl\":\"https:\\\/\\\/secure.gravatar.com\\\/avatar\\\/1a09e471f5389b0e0a6416eac287e0927c7c97a7b77f9e787eba3af7aee281dd?s=96&d=mm&r=g\",\"caption\":\"Alexander Wachter\"},\"url\":\"https:\\\/\\\/www.immobilienbusiness.ch\\\/fr\\\/author\\\/alexander-wachter\\\/\"}]}<\/script>\n<!-- \/ Yoast SEO plugin. -->","yoast_head_json":{"title":"La Mobili\u00e8re reprend int\u00e9gralement la plateforme d'accession \u00e0 la propri\u00e9t\u00e9 Liiva - IMMOBILIER Business","description":"La plateforme d'accession \u00e0 la propri\u00e9t\u00e9 Liiva, qui avait \u00e9t\u00e9 lanc\u00e9e en \u00e9t\u00e9 2021 en tant que joint-venture avec Raiffeisen, est d\u00e9sormais enti\u00e8rement reprise par La Mobili\u00e8re.","robots":{"index":"index","follow":"follow","max-snippet":"max-snippet:-1","max-image-preview":"max-image-preview:large","max-video-preview":"max-video-preview:-1"},"canonical":"https:\/\/www.immobilienbusiness.ch\/fr\/unternehmen\/2022-10-26\/mobiliar-uebernimmt-wohneigentumsplattform-liiva-komplett\/","og_locale":"fr_FR","og_type":"article","og_title":"Mobiliar \u00fcbernimmt Wohneigentumsplattform Liiva komplett - IMMOBILIEN Business","og_description":"Die Wohneigentumsplattform Liiva, die im Sommer 2021 als Joint Venture mit Raiffeisen lanciert worden war, \u00fcbernimmt die Mobiliar nun vollst\u00e4ndig.","og_url":"https:\/\/www.immobilienbusiness.ch\/fr\/unternehmen\/2022-10-26\/mobiliar-uebernimmt-wohneigentumsplattform-liiva-komplett\/","og_site_name":"IMMOBILIEN Business","article_publisher":"https:\/\/www.facebook.com\/immobilienbusiness\/","article_published_time":"2022-10-26T04:25:18+00:00","article_modified_time":"2022-10-26T06:37:30+00:00","og_image":[{"width":576,"height":384,"url":"https:\/\/www.immobilienbusiness.ch\/wp-content\/uploads\/2017\/11\/IB-News-20171116-Kapitalerhoehung-CS-Real-Estate-Fund-Green-Property-erfolgreich-c-Pixabay.png","type":"image\/png"}],"author":"Alexander Wachter","twitter_card":"summary_large_image","schema":{"@context":"https:\/\/schema.org","@graph":[{"@type":"Article","@id":"https:\/\/www.immobilienbusiness.ch\/it\/unternehmen\/2022-10-26\/mobiliar-uebernimmt-wohneigentumsplattform-liiva-komplett\/#article","isPartOf":{"@id":"https:\/\/www.immobilienbusiness.ch\/it\/unternehmen\/2022-10-26\/mobiliar-uebernimmt-wohneigentumsplattform-liiva-komplett\/"},"author":{"name":"Alexander Wachter","@id":"https:\/\/www.immobilienbusiness.ch\/#\/schema\/person\/aba8bea2db926aa0c24c08c43fe1fcd5"},"headline":"Mobiliar \u00fcbernimmt Wohneigentumsplattform Liiva komplett","datePublished":"2022-10-26T04:25:18+00:00","dateModified":"2022-10-26T06:37:30+00:00","mainEntityOfPage":{"@id":"https:\/\/www.immobilienbusiness.ch\/it\/unternehmen\/2022-10-26\/mobiliar-uebernimmt-wohneigentumsplattform-liiva-komplett\/"},"wordCount":113,"publisher":{"@id":"https:\/\/www.immobilienbusiness.ch\/#organization"},"image":{"@id":"https:\/\/www.immobilienbusiness.ch\/it\/unternehmen\/2022-10-26\/mobiliar-uebernimmt-wohneigentumsplattform-liiva-komplett\/#primaryimage"},"thumbnailUrl":"https:\/\/www.immobilienbusiness.ch\/wp-content\/uploads\/2017\/11\/IB-News-20171116-Kapitalerhoehung-CS-Real-Estate-Fund-Green-Property-erfolgreich-c-Pixabay.png","keywords":["Mobiliar","Raiffeisen","Wohnen"],"articleSection":["UNTERNEHMEN"],"inLanguage":"fr-FR"},{"@type":"WebPage","@id":"https:\/\/www.immobilienbusiness.ch\/it\/unternehmen\/2022-10-26\/mobiliar-uebernimmt-wohneigentumsplattform-liiva-komplett\/","url":"https:\/\/www.immobilienbusiness.ch\/it\/unternehmen\/2022-10-26\/mobiliar-uebernimmt-wohneigentumsplattform-liiva-komplett\/","name":"La Mobili\u00e8re reprend int\u00e9gralement la plateforme d'accession \u00e0 la propri\u00e9t\u00e9 Liiva - IMMOBILIER Business","isPartOf":{"@id":"https:\/\/www.immobilienbusiness.ch\/#website"},"primaryImageOfPage":{"@id":"https:\/\/www.immobilienbusiness.ch\/it\/unternehmen\/2022-10-26\/mobiliar-uebernimmt-wohneigentumsplattform-liiva-komplett\/#primaryimage"},"image":{"@id":"https:\/\/www.immobilienbusiness.ch\/it\/unternehmen\/2022-10-26\/mobiliar-uebernimmt-wohneigentumsplattform-liiva-komplett\/#primaryimage"},"thumbnailUrl":"https:\/\/www.immobilienbusiness.ch\/wp-content\/uploads\/2017\/11\/IB-News-20171116-Kapitalerhoehung-CS-Real-Estate-Fund-Green-Property-erfolgreich-c-Pixabay.png","datePublished":"2022-10-26T04:25:18+00:00","dateModified":"2022-10-26T06:37:30+00:00","description":"La plateforme d'accession \u00e0 la propri\u00e9t\u00e9 Liiva, qui avait \u00e9t\u00e9 lanc\u00e9e en \u00e9t\u00e9 2021 en tant que joint-venture avec Raiffeisen, est d\u00e9sormais enti\u00e8rement reprise par La Mobili\u00e8re.","breadcrumb":{"@id":"https:\/\/www.immobilienbusiness.ch\/it\/unternehmen\/2022-10-26\/mobiliar-uebernimmt-wohneigentumsplattform-liiva-komplett\/#breadcrumb"},"inLanguage":"fr-FR","potentialAction":[{"@type":"ReadAction","target":["https:\/\/www.immobilienbusiness.ch\/it\/unternehmen\/2022-10-26\/mobiliar-uebernimmt-wohneigentumsplattform-liiva-komplett\/"]}]},{"@type":"ImageObject","inLanguage":"fr-FR","@id":"https:\/\/www.immobilienbusiness.ch\/it\/unternehmen\/2022-10-26\/mobiliar-uebernimmt-wohneigentumsplattform-liiva-komplett\/#primaryimage","url":"https:\/\/www.immobilienbusiness.ch\/wp-content\/uploads\/2017\/11\/IB-News-20171116-Kapitalerhoehung-CS-Real-Estate-Fund-Green-Property-erfolgreich-c-Pixabay.png","contentUrl":"https:\/\/www.immobilienbusiness.ch\/wp-content\/uploads\/2017\/11\/IB-News-20171116-Kapitalerhoehung-CS-Real-Estate-Fund-Green-Property-erfolgreich-c-Pixabay.png","width":576,"height":384,"caption":"Dass der Fonds nicht lanciert werden kann, liegt laut Sustainable Real Estate nicht am mangelnden Interesse an Holzbauten (Bild: Pixabay)"},{"@type":"BreadcrumbList","@id":"https:\/\/www.immobilienbusiness.ch\/it\/unternehmen\/2022-10-26\/mobiliar-uebernimmt-wohneigentumsplattform-liiva-komplett\/#breadcrumb","itemListElement":[{"@type":"ListItem","position":1,"name":"Home","item":"https:\/\/www.immobilienbusiness.ch\/"},{"@type":"ListItem","position":2,"name":"Mobiliar \u00fcbernimmt Wohneigentumsplattform Liiva komplett"}]},{"@type":"WebSite","@id":"https:\/\/www.immobilienbusiness.ch\/#website","url":"https:\/\/www.immobilienbusiness.ch\/","name":"IMMOBILIER Business","description":"Magazine \u00e9conomique suisse ind\u00e9pendant ax\u00e9 sur l'immobilier, l'architecture et la construction ainsi que sur les investissements et le financement.","publisher":{"@id":"https:\/\/www.immobilienbusiness.ch\/#organization"},"potentialAction":[{"@type":"SearchAction","target":{"@type":"EntryPoint","urlTemplate":"https:\/\/www.immobilienbusiness.ch\/?s={search_term_string}"},"query-input":{"@type":"PropertyValueSpecification","valueRequired":true,"valueName":"search_term_string"}}],"inLanguage":"fr-FR"},{"@type":"Organization","@id":"https:\/\/www.immobilienbusiness.ch\/#organization","name":"IMMOBILIER Business","url":"https:\/\/www.immobilienbusiness.ch\/","logo":{"@type":"ImageObject","inLanguage":"fr-FR","@id":"https:\/\/www.immobilienbusiness.ch\/#\/schema\/logo\/image\/","url":"https:\/\/www.immobilienbusiness.ch\/wp-content\/uploads\/2021\/07\/logo_ib.png","contentUrl":"https:\/\/www.immobilienbusiness.ch\/wp-content\/uploads\/2021\/07\/logo_ib.png","width":800,"height":181,"caption":"IMMOBILIEN Business"},"image":{"@id":"https:\/\/www.immobilienbusiness.ch\/#\/schema\/logo\/image\/"},"sameAs":["https:\/\/www.facebook.com\/immobilienbusiness\/"]},{"@type":"Person","@id":"https:\/\/www.immobilienbusiness.ch\/#\/schema\/person\/aba8bea2db926aa0c24c08c43fe1fcd5","name":"Alexander Wachter","image":{"@type":"ImageObject","inLanguage":"fr-FR","@id":"https:\/\/secure.gravatar.com\/avatar\/1a09e471f5389b0e0a6416eac287e0927c7c97a7b77f9e787eba3af7aee281dd?s=96&d=mm&r=g","url":"https:\/\/secure.gravatar.com\/avatar\/1a09e471f5389b0e0a6416eac287e0927c7c97a7b77f9e787eba3af7aee281dd?s=96&d=mm&r=g","contentUrl":"https:\/\/secure.gravatar.com\/avatar\/1a09e471f5389b0e0a6416eac287e0927c7c97a7b77f9e787eba3af7aee281dd?s=96&d=mm&r=g","caption":"Alexander Wachter"},"url":"https:\/\/www.immobilienbusiness.ch\/fr\/author\/alexander-wachter\/"}]}},"_links":{"self":[{"href":"https:\/\/www.immobilienbusiness.ch\/fr\/wp-json\/wp\/v2\/posts\/44485","targetHints":{"allow":["GET"]}}],"collection":[{"href":"https:\/\/www.immobilienbusiness.ch\/fr\/wp-json\/wp\/v2\/posts"}],"about":[{"href":"https:\/\/www.immobilienbusiness.ch\/fr\/wp-json\/wp\/v2\/types\/post"}],"author":[{"embeddable":true,"href":"https:\/\/www.immobilienbusiness.ch\/fr\/wp-json\/wp\/v2\/users\/102"}],"replies":[{"embeddable":true,"href":"https:\/\/www.immobilienbusiness.ch\/fr\/wp-json\/wp\/v2\/comments?post=44485"}],"version-history":[{"count":2,"href":"https:\/\/www.immobilienbusiness.ch\/fr\/wp-json\/wp\/v2\/posts\/44485\/revisions"}],"predecessor-version":[{"id":44488,"href":"https:\/\/www.immobilienbusiness.ch\/fr\/wp-json\/wp\/v2\/posts\/44485\/revisions\/44488"}],"wp:featuredmedia":[{"embeddable":true,"href":"https:\/\/www.immobilienbusiness.ch\/fr\/wp-json\/wp\/v2\/media\/10146"}],"wp:attachment":[{"href":"https:\/\/www.immobilienbusiness.ch\/fr\/wp-json\/wp\/v2\/media?parent=44485"}],"wp:term":[{"taxonomy":"category","embeddable":true,"href":"https:\/\/www.immobilienbusiness.ch\/fr\/wp-json\/wp\/v2\/categories?post=44485"},{"taxonomy":"post_tag","embeddable":true,"href":"https:\/\/www.immobilienbusiness.ch\/fr\/wp-json\/wp\/v2\/tags?post=44485"}],"curies":[{"name":"wp","href":"https:\/\/api.w.org\/{rel}","templated":true}]}}