{"id":44357,"date":"2022-10-14T06:45:16","date_gmt":"2022-10-14T04:45:16","guid":{"rendered":"https:\/\/www.immobilienbusiness.ch\/?p=44357"},"modified":"2022-10-20T08:45:32","modified_gmt":"2022-10-20T06:45:32","slug":"kanton-aargau-abb-feiert-rohbaufest-fuer-45-mio-chf-teuren-neubau","status":"publish","type":"post","link":"https:\/\/www.immobilienbusiness.ch\/fr\/regionen\/2022-10-14\/kanton-aargau-abb-feiert-rohbaufest-fuer-45-mio-chf-teuren-neubau\/","title":{"rendered":"Canton d'Argovie : ABB f\u00eate le gros \u0153uvre de son nouveau b\u00e2timent de 45 millions de CHF"},"content":{"rendered":"<figure id=\"attachment_14652\" aria-describedby=\"caption-attachment-14652\" style=\"width: 999px\" class=\"wp-caption alignnone\"><a href=\"https:\/\/www.immobilienbusiness.ch\/wp-content\/uploads\/2018\/10\/Depositphotos_170350446_m-2015.jpg\"><img loading=\"lazy\" decoding=\"async\" class=\"size-full wp-image-14652\" src=\"https:\/\/www.immobilienbusiness.ch\/wp-content\/uploads\/2018\/10\/Depositphotos_170350446_m-2015.jpg\" alt=\"\" width=\"999\" height=\"667\" srcset=\"https:\/\/www.immobilienbusiness.ch\/wp-content\/uploads\/2018\/10\/Depositphotos_170350446_m-2015.jpg 999w, https:\/\/www.immobilienbusiness.ch\/wp-content\/uploads\/2018\/10\/Depositphotos_170350446_m-2015-300x200.jpg 300w, https:\/\/www.immobilienbusiness.ch\/wp-content\/uploads\/2018\/10\/Depositphotos_170350446_m-2015-768x513.jpg 768w, https:\/\/www.immobilienbusiness.ch\/wp-content\/uploads\/2018\/10\/Depositphotos_170350446_m-2015-16x12.jpg 16w, https:\/\/www.immobilienbusiness.ch\/wp-content\/uploads\/2018\/10\/Depositphotos_170350446_m-2015-262x175.jpg 262w, https:\/\/www.immobilienbusiness.ch\/wp-content\/uploads\/2018\/10\/Depositphotos_170350446_m-2015-524x350.jpg 524w, https:\/\/www.immobilienbusiness.ch\/wp-content\/uploads\/2018\/10\/Depositphotos_170350446_m-2015-920x614.jpg 920w\" sizes=\"auto, (max-width: 999px) 100vw, 999px\" \/><\/a><figcaption id=\"caption-attachment-14652\" class=\"wp-caption-text\">Un b\u00e2timent multifonctionnel innovant pour ABB est en construction \u00e0 Untersiggenthal (photo : Depositphotos)<\/figcaption><\/figure>\n<p>Le groupe technologique ABB a achev\u00e9 le gros \u0153uvre de son nouveau b\u00e2timent multifonctionnel \"Emotion\" \u00e0 Untersiggenthal-Turgi. A partir de fin 2023, 500 employ\u00e9s de la division Motion y travailleront.<\/p>\n<p>Cinq \u00e9tages seront construits sur un terrain d'environ 7000 m\u00b2 pour un montant de 45 millions de CHF. Le b\u00e2timent sera construit selon la norme Minergie, le refroidissement et le chauffage seront assur\u00e9s par des pompes \u00e0 chaleur et des pompes \u00e0 eau fluviale et souterraine. <i>(aw)<\/i><\/p>","protected":false},"excerpt":{"rendered":"<p> Un b\u00e2timent destin\u00e9 \u00e0 accueillir 500 collaborateurs de l'entreprise technologique est en cours de construction \u00e0 Untersiggenthal-Turgi.<\/p>","protected":false},"author":102,"featured_media":14652,"comment_status":"closed","ping_status":"closed","sticky":false,"template":"","format":"standard","meta":{"_acf_changed":false,"_yoast_wpseo_focuskw":"Untersiggenthal","_yoast_wpseo_title":"","_yoast_wpseo_metadesc":"Die ABB hat den Rohbau ihres neuen Multifunktionsgeb\u00e4udes \u201eEmotion\u201c an der Limmat in Untersiggenthal-Turgi fertiggestellt.","_yoast_wpseo_linkdex":44,"pgc_sgb_lightbox_settings":"","footnotes":""},"categories":[985],"tags":[2081,1395,1599],"class_list":["post-44357","post","type-post","status-publish","format-standard","has-post-thumbnail","hentry","category-regionen","tag-bueros","tag-kanton-aargau","tag-projekt-in-bau"],"acf":[],"yoast_head":"<!-- This site is optimized with the Yoast SEO plugin v27.5 - https:\/\/yoast.com\/product\/yoast-seo-wordpress\/ -->\n<title>Kanton Aargau: ABB feiert Rohbaufest f\u00fcr 45 Mio. CHF teuren Neubau - IMMOBILIEN Business<\/title>\n<meta name=\"description\" content=\"Die ABB hat den Rohbau ihres neuen Multifunktionsgeb\u00e4udes \u201eEmotion\u201c an der Limmat in Untersiggenthal-Turgi fertiggestellt.\" \/>\n<meta name=\"robots\" content=\"index, follow, max-snippet:-1, max-image-preview:large, max-video-preview:-1\" \/>\n<link rel=\"canonical\" href=\"https:\/\/www.immobilienbusiness.ch\/fr\/regionen\/2022-10-14\/kanton-aargau-abb-feiert-rohbaufest-fuer-45-mio-chf-teuren-neubau\/\" \/>\n<meta property=\"og:locale\" content=\"fr_FR\" \/>\n<meta property=\"og:type\" content=\"article\" \/>\n<meta property=\"og:title\" content=\"Kanton Aargau: ABB feiert Rohbaufest f\u00fcr 45 Mio. CHF teuren Neubau - IMMOBILIEN Business\" \/>\n<meta property=\"og:description\" content=\"Die ABB hat den Rohbau ihres neuen Multifunktionsgeb\u00e4udes \u201eEmotion\u201c an der Limmat in Untersiggenthal-Turgi fertiggestellt.\" \/>\n<meta property=\"og:url\" content=\"https:\/\/www.immobilienbusiness.ch\/fr\/regionen\/2022-10-14\/kanton-aargau-abb-feiert-rohbaufest-fuer-45-mio-chf-teuren-neubau\/\" \/>\n<meta property=\"og:site_name\" content=\"IMMOBILIEN Business\" \/>\n<meta property=\"article:publisher\" content=\"https:\/\/www.facebook.com\/immobilienbusiness\/\" \/>\n<meta property=\"article:published_time\" content=\"2022-10-14T04:45:16+00:00\" \/>\n<meta property=\"article:modified_time\" content=\"2022-10-20T06:45:32+00:00\" \/>\n<meta property=\"og:image\" content=\"https:\/\/www.immobilienbusiness.ch\/wp-content\/uploads\/2018\/10\/Depositphotos_170350446_m-2015.jpg\" \/>\n\t<meta property=\"og:image:width\" content=\"999\" \/>\n\t<meta property=\"og:image:height\" content=\"667\" \/>\n\t<meta property=\"og:image:type\" content=\"image\/jpeg\" \/>\n<meta name=\"author\" content=\"Alexander Wachter\" \/>\n<meta name=\"twitter:card\" content=\"summary_large_image\" \/>\n<script type=\"application\/ld+json\" class=\"yoast-schema-graph\">{\"@context\":\"https:\\\/\\\/schema.org\",\"@graph\":[{\"@type\":\"Article\",\"@id\":\"https:\\\/\\\/www.immobilienbusiness.ch\\\/en\\\/regionen\\\/2022-10-14\\\/kanton-aargau-abb-feiert-rohbaufest-fuer-45-mio-chf-teuren-neubau\\\/#article\",\"isPartOf\":{\"@id\":\"https:\\\/\\\/www.immobilienbusiness.ch\\\/en\\\/regionen\\\/2022-10-14\\\/kanton-aargau-abb-feiert-rohbaufest-fuer-45-mio-chf-teuren-neubau\\\/\"},\"author\":{\"name\":\"Alexander Wachter\",\"@id\":\"https:\\\/\\\/www.immobilienbusiness.ch\\\/#\\\/schema\\\/person\\\/aba8bea2db926aa0c24c08c43fe1fcd5\"},\"headline\":\"Kanton Aargau: ABB feiert Rohbaufest f\u00fcr 45 Mio. CHF teuren Neubau\",\"datePublished\":\"2022-10-14T04:45:16+00:00\",\"dateModified\":\"2022-10-20T06:45:32+00:00\",\"mainEntityOfPage\":{\"@id\":\"https:\\\/\\\/www.immobilienbusiness.ch\\\/en\\\/regionen\\\/2022-10-14\\\/kanton-aargau-abb-feiert-rohbaufest-fuer-45-mio-chf-teuren-neubau\\\/\"},\"wordCount\":94,\"publisher\":{\"@id\":\"https:\\\/\\\/www.immobilienbusiness.ch\\\/#organization\"},\"image\":{\"@id\":\"https:\\\/\\\/www.immobilienbusiness.ch\\\/en\\\/regionen\\\/2022-10-14\\\/kanton-aargau-abb-feiert-rohbaufest-fuer-45-mio-chf-teuren-neubau\\\/#primaryimage\"},\"thumbnailUrl\":\"https:\\\/\\\/www.immobilienbusiness.ch\\\/wp-content\\\/uploads\\\/2018\\\/10\\\/Depositphotos_170350446_m-2015.jpg\",\"keywords\":[\"B\u00fcros\",\"Kanton Aargau\",\"Projekt in Bau\"],\"articleSection\":[\"REGIONEN\"],\"inLanguage\":\"fr-FR\"},{\"@type\":\"WebPage\",\"@id\":\"https:\\\/\\\/www.immobilienbusiness.ch\\\/en\\\/regionen\\\/2022-10-14\\\/kanton-aargau-abb-feiert-rohbaufest-fuer-45-mio-chf-teuren-neubau\\\/\",\"url\":\"https:\\\/\\\/www.immobilienbusiness.ch\\\/en\\\/regionen\\\/2022-10-14\\\/kanton-aargau-abb-feiert-rohbaufest-fuer-45-mio-chf-teuren-neubau\\\/\",\"name\":\"Kanton Aargau: ABB feiert Rohbaufest f\u00fcr 45 Mio. CHF teuren Neubau - IMMOBILIEN Business\",\"isPartOf\":{\"@id\":\"https:\\\/\\\/www.immobilienbusiness.ch\\\/#website\"},\"primaryImageOfPage\":{\"@id\":\"https:\\\/\\\/www.immobilienbusiness.ch\\\/en\\\/regionen\\\/2022-10-14\\\/kanton-aargau-abb-feiert-rohbaufest-fuer-45-mio-chf-teuren-neubau\\\/#primaryimage\"},\"image\":{\"@id\":\"https:\\\/\\\/www.immobilienbusiness.ch\\\/en\\\/regionen\\\/2022-10-14\\\/kanton-aargau-abb-feiert-rohbaufest-fuer-45-mio-chf-teuren-neubau\\\/#primaryimage\"},\"thumbnailUrl\":\"https:\\\/\\\/www.immobilienbusiness.ch\\\/wp-content\\\/uploads\\\/2018\\\/10\\\/Depositphotos_170350446_m-2015.jpg\",\"datePublished\":\"2022-10-14T04:45:16+00:00\",\"dateModified\":\"2022-10-20T06:45:32+00:00\",\"description\":\"Die ABB hat den Rohbau ihres neuen Multifunktionsgeb\u00e4udes \u201eEmotion\u201c an der Limmat in Untersiggenthal-Turgi fertiggestellt.\",\"breadcrumb\":{\"@id\":\"https:\\\/\\\/www.immobilienbusiness.ch\\\/en\\\/regionen\\\/2022-10-14\\\/kanton-aargau-abb-feiert-rohbaufest-fuer-45-mio-chf-teuren-neubau\\\/#breadcrumb\"},\"inLanguage\":\"fr-FR\",\"potentialAction\":[{\"@type\":\"ReadAction\",\"target\":[\"https:\\\/\\\/www.immobilienbusiness.ch\\\/en\\\/regionen\\\/2022-10-14\\\/kanton-aargau-abb-feiert-rohbaufest-fuer-45-mio-chf-teuren-neubau\\\/\"]}]},{\"@type\":\"ImageObject\",\"inLanguage\":\"fr-FR\",\"@id\":\"https:\\\/\\\/www.immobilienbusiness.ch\\\/en\\\/regionen\\\/2022-10-14\\\/kanton-aargau-abb-feiert-rohbaufest-fuer-45-mio-chf-teuren-neubau\\\/#primaryimage\",\"url\":\"https:\\\/\\\/www.immobilienbusiness.ch\\\/wp-content\\\/uploads\\\/2018\\\/10\\\/Depositphotos_170350446_m-2015.jpg\",\"contentUrl\":\"https:\\\/\\\/www.immobilienbusiness.ch\\\/wp-content\\\/uploads\\\/2018\\\/10\\\/Depositphotos_170350446_m-2015.jpg\",\"width\":999,\"height\":667,\"caption\":\"Die Rohbauarbeiten f\u00fcr eine Wohn\u00fcberbauung in Lausen sind abgeschlossen (bild: Depositphotos)\"},{\"@type\":\"BreadcrumbList\",\"@id\":\"https:\\\/\\\/www.immobilienbusiness.ch\\\/en\\\/regionen\\\/2022-10-14\\\/kanton-aargau-abb-feiert-rohbaufest-fuer-45-mio-chf-teuren-neubau\\\/#breadcrumb\",\"itemListElement\":[{\"@type\":\"ListItem\",\"position\":1,\"name\":\"Home\",\"item\":\"https:\\\/\\\/www.immobilienbusiness.ch\\\/\"},{\"@type\":\"ListItem\",\"position\":2,\"name\":\"Kanton Aargau: ABB feiert Rohbaufest f\u00fcr 45 Mio. CHF teuren Neubau\"}]},{\"@type\":\"WebSite\",\"@id\":\"https:\\\/\\\/www.immobilienbusiness.ch\\\/#website\",\"url\":\"https:\\\/\\\/www.immobilienbusiness.ch\\\/\",\"name\":\"IMMOBILIEN Business\",\"description\":\"Unabh\u00e4ngiges Schweizer Wirtschaftsmagazin mit Fokus auf Immobilien, Architektur- und Bau sowie Investment- und Finanzierung.\",\"publisher\":{\"@id\":\"https:\\\/\\\/www.immobilienbusiness.ch\\\/#organization\"},\"potentialAction\":[{\"@type\":\"SearchAction\",\"target\":{\"@type\":\"EntryPoint\",\"urlTemplate\":\"https:\\\/\\\/www.immobilienbusiness.ch\\\/?s={search_term_string}\"},\"query-input\":{\"@type\":\"PropertyValueSpecification\",\"valueRequired\":true,\"valueName\":\"search_term_string\"}}],\"inLanguage\":\"fr-FR\"},{\"@type\":\"Organization\",\"@id\":\"https:\\\/\\\/www.immobilienbusiness.ch\\\/#organization\",\"name\":\"IMMOBILIEN Business\",\"url\":\"https:\\\/\\\/www.immobilienbusiness.ch\\\/\",\"logo\":{\"@type\":\"ImageObject\",\"inLanguage\":\"fr-FR\",\"@id\":\"https:\\\/\\\/www.immobilienbusiness.ch\\\/#\\\/schema\\\/logo\\\/image\\\/\",\"url\":\"https:\\\/\\\/www.immobilienbusiness.ch\\\/wp-content\\\/uploads\\\/2021\\\/07\\\/logo_ib.png\",\"contentUrl\":\"https:\\\/\\\/www.immobilienbusiness.ch\\\/wp-content\\\/uploads\\\/2021\\\/07\\\/logo_ib.png\",\"width\":800,\"height\":181,\"caption\":\"IMMOBILIEN Business\"},\"image\":{\"@id\":\"https:\\\/\\\/www.immobilienbusiness.ch\\\/#\\\/schema\\\/logo\\\/image\\\/\"},\"sameAs\":[\"https:\\\/\\\/www.facebook.com\\\/immobilienbusiness\\\/\"]},{\"@type\":\"Person\",\"@id\":\"https:\\\/\\\/www.immobilienbusiness.ch\\\/#\\\/schema\\\/person\\\/aba8bea2db926aa0c24c08c43fe1fcd5\",\"name\":\"Alexander Wachter\",\"image\":{\"@type\":\"ImageObject\",\"inLanguage\":\"fr-FR\",\"@id\":\"https:\\\/\\\/secure.gravatar.com\\\/avatar\\\/1a09e471f5389b0e0a6416eac287e0927c7c97a7b77f9e787eba3af7aee281dd?s=96&d=mm&r=g\",\"url\":\"https:\\\/\\\/secure.gravatar.com\\\/avatar\\\/1a09e471f5389b0e0a6416eac287e0927c7c97a7b77f9e787eba3af7aee281dd?s=96&d=mm&r=g\",\"contentUrl\":\"https:\\\/\\\/secure.gravatar.com\\\/avatar\\\/1a09e471f5389b0e0a6416eac287e0927c7c97a7b77f9e787eba3af7aee281dd?s=96&d=mm&r=g\",\"caption\":\"Alexander Wachter\"},\"url\":\"https:\\\/\\\/www.immobilienbusiness.ch\\\/fr\\\/author\\\/alexander-wachter\\\/\"}]}<\/script>\n<!-- \/ Yoast SEO plugin. -->","yoast_head_json":{"title":"Kanton Aargau: ABB feiert Rohbaufest f\u00fcr 45 Mio. CHF teuren Neubau - IMMOBILIEN Business","description":"Die ABB hat den Rohbau ihres neuen Multifunktionsgeb\u00e4udes \u201eEmotion\u201c an der Limmat in Untersiggenthal-Turgi fertiggestellt.","robots":{"index":"index","follow":"follow","max-snippet":"max-snippet:-1","max-image-preview":"max-image-preview:large","max-video-preview":"max-video-preview:-1"},"canonical":"https:\/\/www.immobilienbusiness.ch\/fr\/regionen\/2022-10-14\/kanton-aargau-abb-feiert-rohbaufest-fuer-45-mio-chf-teuren-neubau\/","og_locale":"fr_FR","og_type":"article","og_title":"Kanton Aargau: ABB feiert Rohbaufest f\u00fcr 45 Mio. CHF teuren Neubau - IMMOBILIEN Business","og_description":"Die ABB hat den Rohbau ihres neuen Multifunktionsgeb\u00e4udes \u201eEmotion\u201c an der Limmat in Untersiggenthal-Turgi fertiggestellt.","og_url":"https:\/\/www.immobilienbusiness.ch\/fr\/regionen\/2022-10-14\/kanton-aargau-abb-feiert-rohbaufest-fuer-45-mio-chf-teuren-neubau\/","og_site_name":"IMMOBILIEN Business","article_publisher":"https:\/\/www.facebook.com\/immobilienbusiness\/","article_published_time":"2022-10-14T04:45:16+00:00","article_modified_time":"2022-10-20T06:45:32+00:00","og_image":[{"width":999,"height":667,"url":"https:\/\/www.immobilienbusiness.ch\/wp-content\/uploads\/2018\/10\/Depositphotos_170350446_m-2015.jpg","type":"image\/jpeg"}],"author":"Alexander Wachter","twitter_card":"summary_large_image","schema":{"@context":"https:\/\/schema.org","@graph":[{"@type":"Article","@id":"https:\/\/www.immobilienbusiness.ch\/en\/regionen\/2022-10-14\/kanton-aargau-abb-feiert-rohbaufest-fuer-45-mio-chf-teuren-neubau\/#article","isPartOf":{"@id":"https:\/\/www.immobilienbusiness.ch\/en\/regionen\/2022-10-14\/kanton-aargau-abb-feiert-rohbaufest-fuer-45-mio-chf-teuren-neubau\/"},"author":{"name":"Alexander Wachter","@id":"https:\/\/www.immobilienbusiness.ch\/#\/schema\/person\/aba8bea2db926aa0c24c08c43fe1fcd5"},"headline":"Kanton Aargau: ABB feiert Rohbaufest f\u00fcr 45 Mio. CHF teuren Neubau","datePublished":"2022-10-14T04:45:16+00:00","dateModified":"2022-10-20T06:45:32+00:00","mainEntityOfPage":{"@id":"https:\/\/www.immobilienbusiness.ch\/en\/regionen\/2022-10-14\/kanton-aargau-abb-feiert-rohbaufest-fuer-45-mio-chf-teuren-neubau\/"},"wordCount":94,"publisher":{"@id":"https:\/\/www.immobilienbusiness.ch\/#organization"},"image":{"@id":"https:\/\/www.immobilienbusiness.ch\/en\/regionen\/2022-10-14\/kanton-aargau-abb-feiert-rohbaufest-fuer-45-mio-chf-teuren-neubau\/#primaryimage"},"thumbnailUrl":"https:\/\/www.immobilienbusiness.ch\/wp-content\/uploads\/2018\/10\/Depositphotos_170350446_m-2015.jpg","keywords":["B\u00fcros","Kanton Aargau","Projekt in Bau"],"articleSection":["REGIONEN"],"inLanguage":"fr-FR"},{"@type":"WebPage","@id":"https:\/\/www.immobilienbusiness.ch\/en\/regionen\/2022-10-14\/kanton-aargau-abb-feiert-rohbaufest-fuer-45-mio-chf-teuren-neubau\/","url":"https:\/\/www.immobilienbusiness.ch\/en\/regionen\/2022-10-14\/kanton-aargau-abb-feiert-rohbaufest-fuer-45-mio-chf-teuren-neubau\/","name":"Kanton Aargau: ABB feiert Rohbaufest f\u00fcr 45 Mio. CHF teuren Neubau - IMMOBILIEN Business","isPartOf":{"@id":"https:\/\/www.immobilienbusiness.ch\/#website"},"primaryImageOfPage":{"@id":"https:\/\/www.immobilienbusiness.ch\/en\/regionen\/2022-10-14\/kanton-aargau-abb-feiert-rohbaufest-fuer-45-mio-chf-teuren-neubau\/#primaryimage"},"image":{"@id":"https:\/\/www.immobilienbusiness.ch\/en\/regionen\/2022-10-14\/kanton-aargau-abb-feiert-rohbaufest-fuer-45-mio-chf-teuren-neubau\/#primaryimage"},"thumbnailUrl":"https:\/\/www.immobilienbusiness.ch\/wp-content\/uploads\/2018\/10\/Depositphotos_170350446_m-2015.jpg","datePublished":"2022-10-14T04:45:16+00:00","dateModified":"2022-10-20T06:45:32+00:00","description":"Die ABB hat den Rohbau ihres neuen Multifunktionsgeb\u00e4udes \u201eEmotion\u201c an der Limmat in Untersiggenthal-Turgi fertiggestellt.","breadcrumb":{"@id":"https:\/\/www.immobilienbusiness.ch\/en\/regionen\/2022-10-14\/kanton-aargau-abb-feiert-rohbaufest-fuer-45-mio-chf-teuren-neubau\/#breadcrumb"},"inLanguage":"fr-FR","potentialAction":[{"@type":"ReadAction","target":["https:\/\/www.immobilienbusiness.ch\/en\/regionen\/2022-10-14\/kanton-aargau-abb-feiert-rohbaufest-fuer-45-mio-chf-teuren-neubau\/"]}]},{"@type":"ImageObject","inLanguage":"fr-FR","@id":"https:\/\/www.immobilienbusiness.ch\/en\/regionen\/2022-10-14\/kanton-aargau-abb-feiert-rohbaufest-fuer-45-mio-chf-teuren-neubau\/#primaryimage","url":"https:\/\/www.immobilienbusiness.ch\/wp-content\/uploads\/2018\/10\/Depositphotos_170350446_m-2015.jpg","contentUrl":"https:\/\/www.immobilienbusiness.ch\/wp-content\/uploads\/2018\/10\/Depositphotos_170350446_m-2015.jpg","width":999,"height":667,"caption":"Die Rohbauarbeiten f\u00fcr eine Wohn\u00fcberbauung in Lausen sind abgeschlossen (bild: Depositphotos)"},{"@type":"BreadcrumbList","@id":"https:\/\/www.immobilienbusiness.ch\/en\/regionen\/2022-10-14\/kanton-aargau-abb-feiert-rohbaufest-fuer-45-mio-chf-teuren-neubau\/#breadcrumb","itemListElement":[{"@type":"ListItem","position":1,"name":"Home","item":"https:\/\/www.immobilienbusiness.ch\/"},{"@type":"ListItem","position":2,"name":"Kanton Aargau: ABB feiert Rohbaufest f\u00fcr 45 Mio. CHF teuren Neubau"}]},{"@type":"WebSite","@id":"https:\/\/www.immobilienbusiness.ch\/#website","url":"https:\/\/www.immobilienbusiness.ch\/","name":"IMMOBILIER Business","description":"Magazine \u00e9conomique suisse ind\u00e9pendant ax\u00e9 sur l'immobilier, l'architecture et la construction ainsi que sur les investissements et le financement.","publisher":{"@id":"https:\/\/www.immobilienbusiness.ch\/#organization"},"potentialAction":[{"@type":"SearchAction","target":{"@type":"EntryPoint","urlTemplate":"https:\/\/www.immobilienbusiness.ch\/?s={search_term_string}"},"query-input":{"@type":"PropertyValueSpecification","valueRequired":true,"valueName":"search_term_string"}}],"inLanguage":"fr-FR"},{"@type":"Organization","@id":"https:\/\/www.immobilienbusiness.ch\/#organization","name":"IMMOBILIER Business","url":"https:\/\/www.immobilienbusiness.ch\/","logo":{"@type":"ImageObject","inLanguage":"fr-FR","@id":"https:\/\/www.immobilienbusiness.ch\/#\/schema\/logo\/image\/","url":"https:\/\/www.immobilienbusiness.ch\/wp-content\/uploads\/2021\/07\/logo_ib.png","contentUrl":"https:\/\/www.immobilienbusiness.ch\/wp-content\/uploads\/2021\/07\/logo_ib.png","width":800,"height":181,"caption":"IMMOBILIEN Business"},"image":{"@id":"https:\/\/www.immobilienbusiness.ch\/#\/schema\/logo\/image\/"},"sameAs":["https:\/\/www.facebook.com\/immobilienbusiness\/"]},{"@type":"Person","@id":"https:\/\/www.immobilienbusiness.ch\/#\/schema\/person\/aba8bea2db926aa0c24c08c43fe1fcd5","name":"Alexander Wachter","image":{"@type":"ImageObject","inLanguage":"fr-FR","@id":"https:\/\/secure.gravatar.com\/avatar\/1a09e471f5389b0e0a6416eac287e0927c7c97a7b77f9e787eba3af7aee281dd?s=96&d=mm&r=g","url":"https:\/\/secure.gravatar.com\/avatar\/1a09e471f5389b0e0a6416eac287e0927c7c97a7b77f9e787eba3af7aee281dd?s=96&d=mm&r=g","contentUrl":"https:\/\/secure.gravatar.com\/avatar\/1a09e471f5389b0e0a6416eac287e0927c7c97a7b77f9e787eba3af7aee281dd?s=96&d=mm&r=g","caption":"Alexander Wachter"},"url":"https:\/\/www.immobilienbusiness.ch\/fr\/author\/alexander-wachter\/"}]}},"_links":{"self":[{"href":"https:\/\/www.immobilienbusiness.ch\/fr\/wp-json\/wp\/v2\/posts\/44357","targetHints":{"allow":["GET"]}}],"collection":[{"href":"https:\/\/www.immobilienbusiness.ch\/fr\/wp-json\/wp\/v2\/posts"}],"about":[{"href":"https:\/\/www.immobilienbusiness.ch\/fr\/wp-json\/wp\/v2\/types\/post"}],"author":[{"embeddable":true,"href":"https:\/\/www.immobilienbusiness.ch\/fr\/wp-json\/wp\/v2\/users\/102"}],"replies":[{"embeddable":true,"href":"https:\/\/www.immobilienbusiness.ch\/fr\/wp-json\/wp\/v2\/comments?post=44357"}],"version-history":[{"count":6,"href":"https:\/\/www.immobilienbusiness.ch\/fr\/wp-json\/wp\/v2\/posts\/44357\/revisions"}],"predecessor-version":[{"id":44423,"href":"https:\/\/www.immobilienbusiness.ch\/fr\/wp-json\/wp\/v2\/posts\/44357\/revisions\/44423"}],"wp:featuredmedia":[{"embeddable":true,"href":"https:\/\/www.immobilienbusiness.ch\/fr\/wp-json\/wp\/v2\/media\/14652"}],"wp:attachment":[{"href":"https:\/\/www.immobilienbusiness.ch\/fr\/wp-json\/wp\/v2\/media?parent=44357"}],"wp:term":[{"taxonomy":"category","embeddable":true,"href":"https:\/\/www.immobilienbusiness.ch\/fr\/wp-json\/wp\/v2\/categories?post=44357"},{"taxonomy":"post_tag","embeddable":true,"href":"https:\/\/www.immobilienbusiness.ch\/fr\/wp-json\/wp\/v2\/tags?post=44357"}],"curies":[{"name":"wp","href":"https:\/\/api.w.org\/{rel}","templated":true}]}}