{"id":4435,"date":"2016-06-24T08:36:50","date_gmt":"2016-06-24T06:36:50","guid":{"rendered":"http:\/\/dev.immobilienbusiness.ch\/?p=4435"},"modified":"2016-06-24T08:36:50","modified_gmt":"2016-06-24T06:36:50","slug":"genf-grundsteinlegung-fuer-pont-rouge","status":"publish","type":"post","link":"https:\/\/www.immobilienbusiness.ch\/fr\/buero\/2016-06-24\/genf-grundsteinlegung-fuer-pont-rouge\/","title":{"rendered":"Gen\u00e8ve : Pose de la premi\u00e8re pierre du Pont-Rouge"},"content":{"rendered":"<figure id=\"attachment_4439\" aria-describedby=\"caption-attachment-4439\" style=\"width: 680px\" class=\"wp-caption alignnone\"><img loading=\"lazy\" decoding=\"async\" class=\"size-medium wp-image-4439\" src=\"https:\/\/immobilienbusiness.ch\/wp-content\/uploads\/2016\/12\/Genf-Grundsteinlegung-f\u00fcr-Pont-Rouge-immobilien-business.jpg\" alt=\"Rund um die k\u00fcnftige Bahnstation Lancy-Pont-Rouge entsteht eines der gr\u00f6ssten Immobilienprojekte der Region Genf (Visualisierung: SBB)\" width=\"680\" height=\"362\" \/><figcaption id=\"caption-attachment-4439\" class=\"wp-caption-text\">L'un des plus grands projets immobiliers de la r\u00e9gion genevoise se construit autour de la future gare de Lancy-Pont-Rouge (visualisation : CFF).<\/figcaption><\/figure>\n<p>Implenia a \u00e9t\u00e9 choisie comme entrepreneur total pour la premi\u00e8re \u00e9tape, le chantier B1.<\/p>\n<p>Le d\u00e9veloppement \u00e0 grande \u00e9chelle autour de la future gare de Lancy-Pont-Rouge, \u00e0 moins de deux kilom\u00e8tres du centre de Gen\u00e8ve, cr\u00e9era un nouveau quartier urbain avec des bureaux et des espaces commerciaux, des restaurants, des caf\u00e9s, des boutiques, des installations de loisirs et des \u00e9quipements publics. En outre, il y aura environ 600 nouvelles unit\u00e9s r\u00e9sidentielles, avec un bon m\u00e9lange de logements \u00e0 but non lucratif et collectifs et de copropri\u00e9t\u00e9s.<\/p>\n<p>L'ach\u00e8vement du chantier B1 est pr\u00e9vu pour l'automne 2018. (ah)<\/p>","protected":false},"excerpt":{"rendered":"<p>La pose de la premi\u00e8re pierre du grand am\u00e9nagement de Pont-Rouge a \u00e9t\u00e9 c\u00e9l\u00e9br\u00e9e le 23 juin 2016. Le client, SBB AG, r\u00e9alise ainsi l'un des plus grands projets immobiliers de la r\u00e9gion genevoise. La premi\u00e8re phase de construction repr\u00e9sente \u00e0 elle seule un volume d'investissement de 250 millions de francs suisses.<\/p>","protected":false},"author":1,"featured_media":4439,"comment_status":"open","ping_status":"open","sticky":false,"template":"","format":"standard","meta":{"_acf_changed":false,"_yoast_wpseo_focuskw":"Pont-Rouge","_yoast_wpseo_title":"","_yoast_wpseo_metadesc":"Am 23. Juni 2016 wurde die Grundsteinlegung f\u00fcr die Gross\u00fcberbauung Pont-Rouge gefeiert. .","_yoast_wpseo_linkdex":57,"pgc_sgb_lightbox_settings":"","footnotes":""},"categories":[983,986,987],"tags":[1118,1260,1601,1643,1862],"class_list":["post-4435","post","type-post","status-publish","format-standard","has-post-thumbnail","hentry","category-buero","category-residential","category-retail","tag-buero","tag-genf","tag-projektentwicklung","tag-retail","tag-wohnen"],"acf":[],"yoast_head":"<!-- This site is optimized with the Yoast SEO plugin v27.4 - https:\/\/yoast.com\/product\/yoast-seo-wordpress\/ -->\n<title>Genf: Grundsteinlegung f\u00fcr Pont-Rouge - IMMOBILIEN Business<\/title>\n<meta name=\"description\" content=\"Am 23. Juni 2016 wurde die Grundsteinlegung f\u00fcr die Gross\u00fcberbauung Pont-Rouge gefeiert. .\" \/>\n<meta name=\"robots\" content=\"index, follow, max-snippet:-1, max-image-preview:large, max-video-preview:-1\" \/>\n<link rel=\"canonical\" href=\"https:\/\/www.immobilienbusiness.ch\/fr\/buero\/2016-06-24\/genf-grundsteinlegung-fuer-pont-rouge\/\" \/>\n<meta property=\"og:locale\" content=\"fr_FR\" \/>\n<meta property=\"og:type\" content=\"article\" \/>\n<meta property=\"og:title\" content=\"Genf: Grundsteinlegung f\u00fcr Pont-Rouge\" \/>\n<meta property=\"og:description\" content=\"Am 23. Juni 2016 wurde die Grundsteinlegung f\u00fcr die Gross\u00fcberbauung Pont-Rouge gefeiert. Bauherrin SBB AG realisiert damit eines der gr\u00f6ssten Immobilienprojekte in der Region Genf. Allein die erste Bauetappe umfasst ein Investitionsvolumen von 250 Millionen CHF.\" \/>\n<meta property=\"og:url\" content=\"https:\/\/www.immobilienbusiness.ch\/fr\/buero\/2016-06-24\/genf-grundsteinlegung-fuer-pont-rouge\/\" \/>\n<meta property=\"og:site_name\" content=\"IMMOBILIEN Business\" \/>\n<meta property=\"article:publisher\" content=\"https:\/\/www.facebook.com\/immobilienbusiness\/\" \/>\n<meta property=\"article:published_time\" content=\"2016-06-24T06:36:50+00:00\" \/>\n<meta name=\"author\" content=\"Redaktion\" \/>\n<meta name=\"twitter:card\" content=\"summary_large_image\" \/>\n<meta name=\"twitter:image\" content=\"https:\/\/www.immobilienbusiness.ch\/wp-content\/uploads\/2016\/12\/Genf-Grundsteinlegung-fuer-Pont-Rouge-immobilien-business.jpg\" \/>\n<script type=\"application\/ld+json\" class=\"yoast-schema-graph\">{\"@context\":\"https:\\\/\\\/schema.org\",\"@graph\":[{\"@type\":\"Article\",\"@id\":\"https:\\\/\\\/www.immobilienbusiness.ch\\\/buero\\\/2016-06-24\\\/genf-grundsteinlegung-fuer-pont-rouge\\\/#article\",\"isPartOf\":{\"@id\":\"https:\\\/\\\/www.immobilienbusiness.ch\\\/buero\\\/2016-06-24\\\/genf-grundsteinlegung-fuer-pont-rouge\\\/\"},\"author\":{\"name\":\"Redaktion\",\"@id\":\"https:\\\/\\\/www.immobilienbusiness.ch\\\/#\\\/schema\\\/person\\\/aa2bace6c5c5aad60102004a50c4eb1c\"},\"headline\":\"Genf: Grundsteinlegung f\u00fcr Pont-Rouge\",\"datePublished\":\"2016-06-24T06:36:50+00:00\",\"mainEntityOfPage\":{\"@id\":\"https:\\\/\\\/www.immobilienbusiness.ch\\\/buero\\\/2016-06-24\\\/genf-grundsteinlegung-fuer-pont-rouge\\\/\"},\"wordCount\":114,\"commentCount\":0,\"publisher\":{\"@id\":\"https:\\\/\\\/www.immobilienbusiness.ch\\\/#organization\"},\"image\":{\"@id\":\"https:\\\/\\\/www.immobilienbusiness.ch\\\/buero\\\/2016-06-24\\\/genf-grundsteinlegung-fuer-pont-rouge\\\/#primaryimage\"},\"thumbnailUrl\":\"https:\\\/\\\/www.immobilienbusiness.ch\\\/wp-content\\\/uploads\\\/2016\\\/12\\\/Genf-Grundsteinlegung-fuer-Pont-Rouge-immobilien-business.jpg\",\"keywords\":[\"B\u00fcro\",\"Genf\",\"Projektentwicklung\",\"Retail\",\"Wohnen\"],\"articleSection\":[\"B\u00dcRO\",\"RESIDENTIAL\",\"RETAIL\"],\"inLanguage\":\"fr-FR\"},{\"@type\":\"WebPage\",\"@id\":\"https:\\\/\\\/www.immobilienbusiness.ch\\\/buero\\\/2016-06-24\\\/genf-grundsteinlegung-fuer-pont-rouge\\\/\",\"url\":\"https:\\\/\\\/www.immobilienbusiness.ch\\\/buero\\\/2016-06-24\\\/genf-grundsteinlegung-fuer-pont-rouge\\\/\",\"name\":\"Genf: Grundsteinlegung f\u00fcr Pont-Rouge - IMMOBILIEN Business\",\"isPartOf\":{\"@id\":\"https:\\\/\\\/www.immobilienbusiness.ch\\\/#website\"},\"primaryImageOfPage\":{\"@id\":\"https:\\\/\\\/www.immobilienbusiness.ch\\\/buero\\\/2016-06-24\\\/genf-grundsteinlegung-fuer-pont-rouge\\\/#primaryimage\"},\"image\":{\"@id\":\"https:\\\/\\\/www.immobilienbusiness.ch\\\/buero\\\/2016-06-24\\\/genf-grundsteinlegung-fuer-pont-rouge\\\/#primaryimage\"},\"thumbnailUrl\":\"https:\\\/\\\/www.immobilienbusiness.ch\\\/wp-content\\\/uploads\\\/2016\\\/12\\\/Genf-Grundsteinlegung-fuer-Pont-Rouge-immobilien-business.jpg\",\"datePublished\":\"2016-06-24T06:36:50+00:00\",\"description\":\"Am 23. Juni 2016 wurde die Grundsteinlegung f\u00fcr die Gross\u00fcberbauung Pont-Rouge gefeiert. .\",\"breadcrumb\":{\"@id\":\"https:\\\/\\\/www.immobilienbusiness.ch\\\/buero\\\/2016-06-24\\\/genf-grundsteinlegung-fuer-pont-rouge\\\/#breadcrumb\"},\"inLanguage\":\"fr-FR\",\"potentialAction\":[{\"@type\":\"ReadAction\",\"target\":[\"https:\\\/\\\/www.immobilienbusiness.ch\\\/buero\\\/2016-06-24\\\/genf-grundsteinlegung-fuer-pont-rouge\\\/\"]}]},{\"@type\":\"ImageObject\",\"inLanguage\":\"fr-FR\",\"@id\":\"https:\\\/\\\/www.immobilienbusiness.ch\\\/buero\\\/2016-06-24\\\/genf-grundsteinlegung-fuer-pont-rouge\\\/#primaryimage\",\"url\":\"https:\\\/\\\/www.immobilienbusiness.ch\\\/wp-content\\\/uploads\\\/2016\\\/12\\\/Genf-Grundsteinlegung-fuer-Pont-Rouge-immobilien-business.jpg\",\"contentUrl\":\"https:\\\/\\\/www.immobilienbusiness.ch\\\/wp-content\\\/uploads\\\/2016\\\/12\\\/Genf-Grundsteinlegung-fuer-Pont-Rouge-immobilien-business.jpg\",\"width\":939,\"height\":500,\"caption\":\"Rund um die k\u00fcnftige Bahnstation Lancy-Pont-Rouge entsteht eines der gr\u00f6ssten Immobilienprojekte der Region Genf (Visualisierung: SBB)\"},{\"@type\":\"BreadcrumbList\",\"@id\":\"https:\\\/\\\/www.immobilienbusiness.ch\\\/buero\\\/2016-06-24\\\/genf-grundsteinlegung-fuer-pont-rouge\\\/#breadcrumb\",\"itemListElement\":[{\"@type\":\"ListItem\",\"position\":1,\"name\":\"Home\",\"item\":\"https:\\\/\\\/www.immobilienbusiness.ch\\\/\"},{\"@type\":\"ListItem\",\"position\":2,\"name\":\"Genf: Grundsteinlegung f\u00fcr Pont-Rouge\"}]},{\"@type\":\"WebSite\",\"@id\":\"https:\\\/\\\/www.immobilienbusiness.ch\\\/#website\",\"url\":\"https:\\\/\\\/www.immobilienbusiness.ch\\\/\",\"name\":\"IMMOBILIEN Business\",\"description\":\"Unabh\u00e4ngiges Schweizer Wirtschaftsmagazin mit Fokus auf Immobilien, Architektur- und Bau sowie Investment- und Finanzierung.\",\"publisher\":{\"@id\":\"https:\\\/\\\/www.immobilienbusiness.ch\\\/#organization\"},\"potentialAction\":[{\"@type\":\"SearchAction\",\"target\":{\"@type\":\"EntryPoint\",\"urlTemplate\":\"https:\\\/\\\/www.immobilienbusiness.ch\\\/?s={search_term_string}\"},\"query-input\":{\"@type\":\"PropertyValueSpecification\",\"valueRequired\":true,\"valueName\":\"search_term_string\"}}],\"inLanguage\":\"fr-FR\"},{\"@type\":\"Organization\",\"@id\":\"https:\\\/\\\/www.immobilienbusiness.ch\\\/#organization\",\"name\":\"IMMOBILIEN Business\",\"url\":\"https:\\\/\\\/www.immobilienbusiness.ch\\\/\",\"logo\":{\"@type\":\"ImageObject\",\"inLanguage\":\"fr-FR\",\"@id\":\"https:\\\/\\\/www.immobilienbusiness.ch\\\/#\\\/schema\\\/logo\\\/image\\\/\",\"url\":\"https:\\\/\\\/www.immobilienbusiness.ch\\\/wp-content\\\/uploads\\\/2021\\\/07\\\/logo_ib.png\",\"contentUrl\":\"https:\\\/\\\/www.immobilienbusiness.ch\\\/wp-content\\\/uploads\\\/2021\\\/07\\\/logo_ib.png\",\"width\":800,\"height\":181,\"caption\":\"IMMOBILIEN Business\"},\"image\":{\"@id\":\"https:\\\/\\\/www.immobilienbusiness.ch\\\/#\\\/schema\\\/logo\\\/image\\\/\"},\"sameAs\":[\"https:\\\/\\\/www.facebook.com\\\/immobilienbusiness\\\/\"]},{\"@type\":\"Person\",\"@id\":\"https:\\\/\\\/www.immobilienbusiness.ch\\\/#\\\/schema\\\/person\\\/aa2bace6c5c5aad60102004a50c4eb1c\",\"name\":\"Redaktion\",\"image\":{\"@type\":\"ImageObject\",\"inLanguage\":\"fr-FR\",\"@id\":\"https:\\\/\\\/secure.gravatar.com\\\/avatar\\\/ae2f4d718e6c49043e314ce431e7e645d646302a24a5ef5a8bc8e3f5a032e319?s=96&d=mm&r=g\",\"url\":\"https:\\\/\\\/secure.gravatar.com\\\/avatar\\\/ae2f4d718e6c49043e314ce431e7e645d646302a24a5ef5a8bc8e3f5a032e319?s=96&d=mm&r=g\",\"contentUrl\":\"https:\\\/\\\/secure.gravatar.com\\\/avatar\\\/ae2f4d718e6c49043e314ce431e7e645d646302a24a5ef5a8bc8e3f5a032e319?s=96&d=mm&r=g\",\"caption\":\"Redaktion\"},\"sameAs\":[\"http:\\\/\\\/develop.organisator.galledia.ch\"],\"url\":\"https:\\\/\\\/www.immobilienbusiness.ch\\\/fr\\\/author\\\/admin\\\/\"}]}<\/script>\n<!-- \/ Yoast SEO plugin. -->","yoast_head_json":{"title":"Genf: Grundsteinlegung f\u00fcr Pont-Rouge - IMMOBILIEN Business","description":"Am 23. Juni 2016 wurde die Grundsteinlegung f\u00fcr die Gross\u00fcberbauung Pont-Rouge gefeiert. .","robots":{"index":"index","follow":"follow","max-snippet":"max-snippet:-1","max-image-preview":"max-image-preview:large","max-video-preview":"max-video-preview:-1"},"canonical":"https:\/\/www.immobilienbusiness.ch\/fr\/buero\/2016-06-24\/genf-grundsteinlegung-fuer-pont-rouge\/","og_locale":"fr_FR","og_type":"article","og_title":"Genf: Grundsteinlegung f\u00fcr Pont-Rouge","og_description":"Am 23. Juni 2016 wurde die Grundsteinlegung f\u00fcr die Gross\u00fcberbauung Pont-Rouge gefeiert. Bauherrin SBB AG realisiert damit eines der gr\u00f6ssten Immobilienprojekte in der Region Genf. Allein die erste Bauetappe umfasst ein Investitionsvolumen von 250 Millionen CHF.","og_url":"https:\/\/www.immobilienbusiness.ch\/fr\/buero\/2016-06-24\/genf-grundsteinlegung-fuer-pont-rouge\/","og_site_name":"IMMOBILIEN Business","article_publisher":"https:\/\/www.facebook.com\/immobilienbusiness\/","article_published_time":"2016-06-24T06:36:50+00:00","author":"Redaktion","twitter_card":"summary_large_image","twitter_image":"https:\/\/www.immobilienbusiness.ch\/wp-content\/uploads\/2016\/12\/Genf-Grundsteinlegung-fuer-Pont-Rouge-immobilien-business.jpg","schema":{"@context":"https:\/\/schema.org","@graph":[{"@type":"Article","@id":"https:\/\/www.immobilienbusiness.ch\/buero\/2016-06-24\/genf-grundsteinlegung-fuer-pont-rouge\/#article","isPartOf":{"@id":"https:\/\/www.immobilienbusiness.ch\/buero\/2016-06-24\/genf-grundsteinlegung-fuer-pont-rouge\/"},"author":{"name":"Redaktion","@id":"https:\/\/www.immobilienbusiness.ch\/#\/schema\/person\/aa2bace6c5c5aad60102004a50c4eb1c"},"headline":"Genf: Grundsteinlegung f\u00fcr Pont-Rouge","datePublished":"2016-06-24T06:36:50+00:00","mainEntityOfPage":{"@id":"https:\/\/www.immobilienbusiness.ch\/buero\/2016-06-24\/genf-grundsteinlegung-fuer-pont-rouge\/"},"wordCount":114,"commentCount":0,"publisher":{"@id":"https:\/\/www.immobilienbusiness.ch\/#organization"},"image":{"@id":"https:\/\/www.immobilienbusiness.ch\/buero\/2016-06-24\/genf-grundsteinlegung-fuer-pont-rouge\/#primaryimage"},"thumbnailUrl":"https:\/\/www.immobilienbusiness.ch\/wp-content\/uploads\/2016\/12\/Genf-Grundsteinlegung-fuer-Pont-Rouge-immobilien-business.jpg","keywords":["B\u00fcro","Genf","Projektentwicklung","Retail","Wohnen"],"articleSection":["B\u00dcRO","RESIDENTIAL","RETAIL"],"inLanguage":"fr-FR"},{"@type":"WebPage","@id":"https:\/\/www.immobilienbusiness.ch\/buero\/2016-06-24\/genf-grundsteinlegung-fuer-pont-rouge\/","url":"https:\/\/www.immobilienbusiness.ch\/buero\/2016-06-24\/genf-grundsteinlegung-fuer-pont-rouge\/","name":"Genf: Grundsteinlegung f\u00fcr Pont-Rouge - IMMOBILIEN Business","isPartOf":{"@id":"https:\/\/www.immobilienbusiness.ch\/#website"},"primaryImageOfPage":{"@id":"https:\/\/www.immobilienbusiness.ch\/buero\/2016-06-24\/genf-grundsteinlegung-fuer-pont-rouge\/#primaryimage"},"image":{"@id":"https:\/\/www.immobilienbusiness.ch\/buero\/2016-06-24\/genf-grundsteinlegung-fuer-pont-rouge\/#primaryimage"},"thumbnailUrl":"https:\/\/www.immobilienbusiness.ch\/wp-content\/uploads\/2016\/12\/Genf-Grundsteinlegung-fuer-Pont-Rouge-immobilien-business.jpg","datePublished":"2016-06-24T06:36:50+00:00","description":"Am 23. Juni 2016 wurde die Grundsteinlegung f\u00fcr die Gross\u00fcberbauung Pont-Rouge gefeiert. .","breadcrumb":{"@id":"https:\/\/www.immobilienbusiness.ch\/buero\/2016-06-24\/genf-grundsteinlegung-fuer-pont-rouge\/#breadcrumb"},"inLanguage":"fr-FR","potentialAction":[{"@type":"ReadAction","target":["https:\/\/www.immobilienbusiness.ch\/buero\/2016-06-24\/genf-grundsteinlegung-fuer-pont-rouge\/"]}]},{"@type":"ImageObject","inLanguage":"fr-FR","@id":"https:\/\/www.immobilienbusiness.ch\/buero\/2016-06-24\/genf-grundsteinlegung-fuer-pont-rouge\/#primaryimage","url":"https:\/\/www.immobilienbusiness.ch\/wp-content\/uploads\/2016\/12\/Genf-Grundsteinlegung-fuer-Pont-Rouge-immobilien-business.jpg","contentUrl":"https:\/\/www.immobilienbusiness.ch\/wp-content\/uploads\/2016\/12\/Genf-Grundsteinlegung-fuer-Pont-Rouge-immobilien-business.jpg","width":939,"height":500,"caption":"Rund um die k\u00fcnftige Bahnstation Lancy-Pont-Rouge entsteht eines der gr\u00f6ssten Immobilienprojekte der Region Genf (Visualisierung: SBB)"},{"@type":"BreadcrumbList","@id":"https:\/\/www.immobilienbusiness.ch\/buero\/2016-06-24\/genf-grundsteinlegung-fuer-pont-rouge\/#breadcrumb","itemListElement":[{"@type":"ListItem","position":1,"name":"Home","item":"https:\/\/www.immobilienbusiness.ch\/"},{"@type":"ListItem","position":2,"name":"Genf: Grundsteinlegung f\u00fcr Pont-Rouge"}]},{"@type":"WebSite","@id":"https:\/\/www.immobilienbusiness.ch\/#website","url":"https:\/\/www.immobilienbusiness.ch\/","name":"IMMOBILIER Business","description":"Magazine \u00e9conomique suisse ind\u00e9pendant ax\u00e9 sur l'immobilier, l'architecture et la construction ainsi que sur les investissements et le financement.","publisher":{"@id":"https:\/\/www.immobilienbusiness.ch\/#organization"},"potentialAction":[{"@type":"SearchAction","target":{"@type":"EntryPoint","urlTemplate":"https:\/\/www.immobilienbusiness.ch\/?s={search_term_string}"},"query-input":{"@type":"PropertyValueSpecification","valueRequired":true,"valueName":"search_term_string"}}],"inLanguage":"fr-FR"},{"@type":"Organization","@id":"https:\/\/www.immobilienbusiness.ch\/#organization","name":"IMMOBILIER Business","url":"https:\/\/www.immobilienbusiness.ch\/","logo":{"@type":"ImageObject","inLanguage":"fr-FR","@id":"https:\/\/www.immobilienbusiness.ch\/#\/schema\/logo\/image\/","url":"https:\/\/www.immobilienbusiness.ch\/wp-content\/uploads\/2021\/07\/logo_ib.png","contentUrl":"https:\/\/www.immobilienbusiness.ch\/wp-content\/uploads\/2021\/07\/logo_ib.png","width":800,"height":181,"caption":"IMMOBILIEN Business"},"image":{"@id":"https:\/\/www.immobilienbusiness.ch\/#\/schema\/logo\/image\/"},"sameAs":["https:\/\/www.facebook.com\/immobilienbusiness\/"]},{"@type":"Person","@id":"https:\/\/www.immobilienbusiness.ch\/#\/schema\/person\/aa2bace6c5c5aad60102004a50c4eb1c","name":"Editorial","image":{"@type":"ImageObject","inLanguage":"fr-FR","@id":"https:\/\/secure.gravatar.com\/avatar\/ae2f4d718e6c49043e314ce431e7e645d646302a24a5ef5a8bc8e3f5a032e319?s=96&d=mm&r=g","url":"https:\/\/secure.gravatar.com\/avatar\/ae2f4d718e6c49043e314ce431e7e645d646302a24a5ef5a8bc8e3f5a032e319?s=96&d=mm&r=g","contentUrl":"https:\/\/secure.gravatar.com\/avatar\/ae2f4d718e6c49043e314ce431e7e645d646302a24a5ef5a8bc8e3f5a032e319?s=96&d=mm&r=g","caption":"Redaktion"},"sameAs":["http:\/\/develop.organisator.galledia.ch"],"url":"https:\/\/www.immobilienbusiness.ch\/fr\/author\/admin\/"}]}},"_links":{"self":[{"href":"https:\/\/www.immobilienbusiness.ch\/fr\/wp-json\/wp\/v2\/posts\/4435","targetHints":{"allow":["GET"]}}],"collection":[{"href":"https:\/\/www.immobilienbusiness.ch\/fr\/wp-json\/wp\/v2\/posts"}],"about":[{"href":"https:\/\/www.immobilienbusiness.ch\/fr\/wp-json\/wp\/v2\/types\/post"}],"author":[{"embeddable":true,"href":"https:\/\/www.immobilienbusiness.ch\/fr\/wp-json\/wp\/v2\/users\/1"}],"replies":[{"embeddable":true,"href":"https:\/\/www.immobilienbusiness.ch\/fr\/wp-json\/wp\/v2\/comments?post=4435"}],"version-history":[{"count":0,"href":"https:\/\/www.immobilienbusiness.ch\/fr\/wp-json\/wp\/v2\/posts\/4435\/revisions"}],"wp:featuredmedia":[{"embeddable":true,"href":"https:\/\/www.immobilienbusiness.ch\/fr\/wp-json\/wp\/v2\/media\/4439"}],"wp:attachment":[{"href":"https:\/\/www.immobilienbusiness.ch\/fr\/wp-json\/wp\/v2\/media?parent=4435"}],"wp:term":[{"taxonomy":"category","embeddable":true,"href":"https:\/\/www.immobilienbusiness.ch\/fr\/wp-json\/wp\/v2\/categories?post=4435"},{"taxonomy":"post_tag","embeddable":true,"href":"https:\/\/www.immobilienbusiness.ch\/fr\/wp-json\/wp\/v2\/tags?post=4435"}],"curies":[{"name":"wp","href":"https:\/\/api.w.org\/{rel}","templated":true}]}}