{"id":44164,"date":"2022-09-30T07:52:29","date_gmt":"2022-09-30T05:52:29","guid":{"rendered":"https:\/\/www.immobilienbusiness.ch\/?p=44164"},"modified":"2022-10-02T19:46:43","modified_gmt":"2022-10-02T17:46:43","slug":"vor-den-toren-basels-hat-die-dreilaendergalerie-eroeffnet","status":"publish","type":"post","link":"https:\/\/www.immobilienbusiness.ch\/fr\/regionen\/2022-09-30\/vor-den-toren-basels-hat-die-dreilaendergalerie-eroeffnet\/","title":{"rendered":"La Dreil\u00e4ndergalerie a ouvert ses portes aux portes de B\u00e2le"},"content":{"rendered":"<figure id=\"attachment_44182\" aria-describedby=\"caption-attachment-44182\" style=\"width: 1068px\" class=\"wp-caption alignnone\"><a href=\"https:\/\/www.immobilienbusiness.ch\/wp-content\/uploads\/2022\/09\/Dreilaendergalerie-1.png\"><img loading=\"lazy\" decoding=\"async\" class=\"size-full wp-image-44182\" src=\"https:\/\/www.immobilienbusiness.ch\/wp-content\/uploads\/2022\/09\/Dreilaendergalerie-1.png\" alt=\"\" width=\"1068\" height=\"709\" srcset=\"https:\/\/www.immobilienbusiness.ch\/wp-content\/uploads\/2022\/09\/Dreilaendergalerie-1.png 1068w, https:\/\/www.immobilienbusiness.ch\/wp-content\/uploads\/2022\/09\/Dreilaendergalerie-1-300x199.png 300w, https:\/\/www.immobilienbusiness.ch\/wp-content\/uploads\/2022\/09\/Dreilaendergalerie-1-1024x680.png 1024w, https:\/\/www.immobilienbusiness.ch\/wp-content\/uploads\/2022\/09\/Dreilaendergalerie-1-768x510.png 768w, https:\/\/www.immobilienbusiness.ch\/wp-content\/uploads\/2022\/09\/Dreilaendergalerie-1-18x12.png 18w, https:\/\/www.immobilienbusiness.ch\/wp-content\/uploads\/2022\/09\/Dreilaendergalerie-1-375x249.png 375w, https:\/\/www.immobilienbusiness.ch\/wp-content\/uploads\/2022\/09\/Dreilaendergalerie-1-527x350.png 527w, https:\/\/www.immobilienbusiness.ch\/wp-content\/uploads\/2022\/09\/Dreilaendergalerie-1-1000x664.png 1000w\" sizes=\"auto, (max-width: 1068px) 100vw, 1068px\" \/><\/a><figcaption id=\"caption-attachment-44182\" class=\"wp-caption-text\">Le nouveau centre commercial de Weil am Rhein s'adresse en particulier \u00e0 une client\u00e8le suisse (photo : Dreil\u00e4ndergalerie)<\/figcaption><\/figure>\n<p>Derri\u00e8re ce projet se trouve la soci\u00e9t\u00e9 Cemagg de Karlsruhe, une entreprise du groupe Schapira qui se d\u00e9finit comme un investisseur dans le domaine de l'immobilier de gros et de d\u00e9tail, des centres commerciaux, des maisons de retraite, de la logistique et des bureaux. Cemagg g\u00e8re \u00e9galement les centres commerciaux allemands Postgalerie Karlsruhe, Schwanenmarkt \u00e0 Krefeld et Hofgarten Solingen.<\/p>\n<p>Lors de la c\u00e9r\u00e9monie d'ouverture, Andreas Thielemeier de la Cemagg a explicitement d\u00e9clar\u00e9 que le centre commercial de Weil visait en particulier la client\u00e8le suisse : \"C'est pour cela que nous avons construit le centre commercial ici \u00e0 Weil am Rhein, car 50, 60 % sont des clients suisses\", a-t-il d\u00e9clar\u00e9, cit\u00e9 par la cha\u00eene de radio allemande SWR. Les co\u00fbts d'investissement pour le projet, qui avaient \u00e9t\u00e9 estim\u00e9s entre-temps \u00e0 100 millions d'euros, sont d\u00e9sormais estim\u00e9s \u00e0 160 millions d'euros, selon la SWR.<\/p>\n<p>Parmi les locataires figurent des enseignes de mode comme Peek&amp;Cloppenburg, Abercrombie&amp;Fitch ou Hollister et des supermarch\u00e9s comme Rewe et Lidl. L'architecture est l'\u0153uvre du bureau Chapman Taylor. <em>(aw)<\/em><\/p>","protected":false},"excerpt":{"rendered":"<p>Le centre commercial Dreil\u00e4ndergalerie a ouvert ses portes \u00e0 Weil am Rhein, en Allemagne. Ce complexe commercial d'une surface de 26 500 m\u00b2 est accessible en tram depuis B\u00e2le.<\/p>","protected":false},"author":102,"featured_media":44182,"comment_status":"closed","ping_status":"closed","sticky":false,"template":"","format":"standard","meta":{"_acf_changed":false,"_yoast_wpseo_focuskw":"Shoppingcenter","_yoast_wpseo_title":"","_yoast_wpseo_metadesc":"Im deutschen Weil am Rhein hat gestern das Shoppingcenter \u201eDreil\u00e4ndergalerie\u201c er\u00f6ffnet. Der Einkaufs-Komplex mit 26.500 m\u00b2 Fl\u00e4che ist von Basel mit der Tram erreichbar.","_yoast_wpseo_linkdex":52,"pgc_sgb_lightbox_settings":"","footnotes":""},"categories":[985],"tags":[1069,2091,1698],"class_list":["post-44164","post","type-post","status-publish","format-standard","has-post-thumbnail","hentry","category-regionen","tag-basel","tag-eroeffnung","tag-shoppingcenter"],"acf":[],"yoast_head":"<!-- This site is optimized with the Yoast SEO plugin v27.4 - https:\/\/yoast.com\/product\/yoast-seo-wordpress\/ -->\n<title>Vor den Toren Basels hat die Dreil\u00e4ndergalerie er\u00f6ffnet - IMMOBILIEN Business<\/title>\n<meta name=\"description\" content=\"Im deutschen Weil am Rhein hat gestern das Shoppingcenter \u201eDreil\u00e4ndergalerie\u201c er\u00f6ffnet. Der Einkaufs-Komplex mit 26.500 m\u00b2 Fl\u00e4che ist von Basel mit der Tram erreichbar.\" \/>\n<meta name=\"robots\" content=\"index, follow, max-snippet:-1, max-image-preview:large, max-video-preview:-1\" \/>\n<link rel=\"canonical\" href=\"https:\/\/www.immobilienbusiness.ch\/fr\/regionen\/2022-09-30\/vor-den-toren-basels-hat-die-dreilaendergalerie-eroeffnet\/\" \/>\n<meta property=\"og:locale\" content=\"fr_FR\" \/>\n<meta property=\"og:type\" content=\"article\" \/>\n<meta property=\"og:title\" content=\"Vor den Toren Basels hat die Dreil\u00e4ndergalerie er\u00f6ffnet - IMMOBILIEN Business\" \/>\n<meta property=\"og:description\" content=\"Im deutschen Weil am Rhein hat gestern das Shoppingcenter \u201eDreil\u00e4ndergalerie\u201c er\u00f6ffnet. Der Einkaufs-Komplex mit 26.500 m\u00b2 Fl\u00e4che ist von Basel mit der Tram erreichbar.\" \/>\n<meta property=\"og:url\" content=\"https:\/\/www.immobilienbusiness.ch\/fr\/regionen\/2022-09-30\/vor-den-toren-basels-hat-die-dreilaendergalerie-eroeffnet\/\" \/>\n<meta property=\"og:site_name\" content=\"IMMOBILIEN Business\" \/>\n<meta property=\"article:publisher\" content=\"https:\/\/www.facebook.com\/immobilienbusiness\/\" \/>\n<meta property=\"article:published_time\" content=\"2022-09-30T05:52:29+00:00\" \/>\n<meta property=\"article:modified_time\" content=\"2022-10-02T17:46:43+00:00\" \/>\n<meta property=\"og:image\" content=\"https:\/\/www.immobilienbusiness.ch\/wp-content\/uploads\/2022\/09\/Dreilaendergalerie-1.png\" \/>\n\t<meta property=\"og:image:width\" content=\"1068\" \/>\n\t<meta property=\"og:image:height\" content=\"709\" \/>\n\t<meta property=\"og:image:type\" content=\"image\/png\" \/>\n<meta name=\"author\" content=\"Alexander Wachter\" \/>\n<meta name=\"twitter:card\" content=\"summary_large_image\" \/>\n<script type=\"application\/ld+json\" class=\"yoast-schema-graph\">{\"@context\":\"https:\\\/\\\/schema.org\",\"@graph\":[{\"@type\":\"Article\",\"@id\":\"https:\\\/\\\/www.immobilienbusiness.ch\\\/it\\\/regionen\\\/2022-09-30\\\/vor-den-toren-basels-hat-die-dreilaendergalerie-eroeffnet\\\/#article\",\"isPartOf\":{\"@id\":\"https:\\\/\\\/www.immobilienbusiness.ch\\\/it\\\/regionen\\\/2022-09-30\\\/vor-den-toren-basels-hat-die-dreilaendergalerie-eroeffnet\\\/\"},\"author\":{\"name\":\"Alexander Wachter\",\"@id\":\"https:\\\/\\\/www.immobilienbusiness.ch\\\/#\\\/schema\\\/person\\\/aba8bea2db926aa0c24c08c43fe1fcd5\"},\"headline\":\"Vor den Toren Basels hat die Dreil\u00e4ndergalerie er\u00f6ffnet\",\"datePublished\":\"2022-09-30T05:52:29+00:00\",\"dateModified\":\"2022-10-02T17:46:43+00:00\",\"mainEntityOfPage\":{\"@id\":\"https:\\\/\\\/www.immobilienbusiness.ch\\\/it\\\/regionen\\\/2022-09-30\\\/vor-den-toren-basels-hat-die-dreilaendergalerie-eroeffnet\\\/\"},\"wordCount\":181,\"publisher\":{\"@id\":\"https:\\\/\\\/www.immobilienbusiness.ch\\\/#organization\"},\"image\":{\"@id\":\"https:\\\/\\\/www.immobilienbusiness.ch\\\/it\\\/regionen\\\/2022-09-30\\\/vor-den-toren-basels-hat-die-dreilaendergalerie-eroeffnet\\\/#primaryimage\"},\"thumbnailUrl\":\"https:\\\/\\\/www.immobilienbusiness.ch\\\/wp-content\\\/uploads\\\/2022\\\/09\\\/Dreilaendergalerie-1.png\",\"keywords\":[\"Basel\",\"Er\u00f6ffnung\",\"Shoppingcenter\"],\"articleSection\":[\"REGIONEN\"],\"inLanguage\":\"fr-FR\"},{\"@type\":\"WebPage\",\"@id\":\"https:\\\/\\\/www.immobilienbusiness.ch\\\/it\\\/regionen\\\/2022-09-30\\\/vor-den-toren-basels-hat-die-dreilaendergalerie-eroeffnet\\\/\",\"url\":\"https:\\\/\\\/www.immobilienbusiness.ch\\\/it\\\/regionen\\\/2022-09-30\\\/vor-den-toren-basels-hat-die-dreilaendergalerie-eroeffnet\\\/\",\"name\":\"Vor den Toren Basels hat die Dreil\u00e4ndergalerie er\u00f6ffnet - IMMOBILIEN Business\",\"isPartOf\":{\"@id\":\"https:\\\/\\\/www.immobilienbusiness.ch\\\/#website\"},\"primaryImageOfPage\":{\"@id\":\"https:\\\/\\\/www.immobilienbusiness.ch\\\/it\\\/regionen\\\/2022-09-30\\\/vor-den-toren-basels-hat-die-dreilaendergalerie-eroeffnet\\\/#primaryimage\"},\"image\":{\"@id\":\"https:\\\/\\\/www.immobilienbusiness.ch\\\/it\\\/regionen\\\/2022-09-30\\\/vor-den-toren-basels-hat-die-dreilaendergalerie-eroeffnet\\\/#primaryimage\"},\"thumbnailUrl\":\"https:\\\/\\\/www.immobilienbusiness.ch\\\/wp-content\\\/uploads\\\/2022\\\/09\\\/Dreilaendergalerie-1.png\",\"datePublished\":\"2022-09-30T05:52:29+00:00\",\"dateModified\":\"2022-10-02T17:46:43+00:00\",\"description\":\"Im deutschen Weil am Rhein hat gestern das Shoppingcenter \u201eDreil\u00e4ndergalerie\u201c er\u00f6ffnet. Der Einkaufs-Komplex mit 26.500 m\u00b2 Fl\u00e4che ist von Basel mit der Tram erreichbar.\",\"breadcrumb\":{\"@id\":\"https:\\\/\\\/www.immobilienbusiness.ch\\\/it\\\/regionen\\\/2022-09-30\\\/vor-den-toren-basels-hat-die-dreilaendergalerie-eroeffnet\\\/#breadcrumb\"},\"inLanguage\":\"fr-FR\",\"potentialAction\":[{\"@type\":\"ReadAction\",\"target\":[\"https:\\\/\\\/www.immobilienbusiness.ch\\\/it\\\/regionen\\\/2022-09-30\\\/vor-den-toren-basels-hat-die-dreilaendergalerie-eroeffnet\\\/\"]}]},{\"@type\":\"ImageObject\",\"inLanguage\":\"fr-FR\",\"@id\":\"https:\\\/\\\/www.immobilienbusiness.ch\\\/it\\\/regionen\\\/2022-09-30\\\/vor-den-toren-basels-hat-die-dreilaendergalerie-eroeffnet\\\/#primaryimage\",\"url\":\"https:\\\/\\\/www.immobilienbusiness.ch\\\/wp-content\\\/uploads\\\/2022\\\/09\\\/Dreilaendergalerie-1.png\",\"contentUrl\":\"https:\\\/\\\/www.immobilienbusiness.ch\\\/wp-content\\\/uploads\\\/2022\\\/09\\\/Dreilaendergalerie-1.png\",\"width\":1068,\"height\":709,\"caption\":\"Das neue Shoppingcenter in Weil richtet sich insbesondere an Schweizer Klientel (Bild: Dreil\u00e4ndergalerie)\"},{\"@type\":\"BreadcrumbList\",\"@id\":\"https:\\\/\\\/www.immobilienbusiness.ch\\\/it\\\/regionen\\\/2022-09-30\\\/vor-den-toren-basels-hat-die-dreilaendergalerie-eroeffnet\\\/#breadcrumb\",\"itemListElement\":[{\"@type\":\"ListItem\",\"position\":1,\"name\":\"Home\",\"item\":\"https:\\\/\\\/www.immobilienbusiness.ch\\\/\"},{\"@type\":\"ListItem\",\"position\":2,\"name\":\"Vor den Toren Basels hat die Dreil\u00e4ndergalerie er\u00f6ffnet\"}]},{\"@type\":\"WebSite\",\"@id\":\"https:\\\/\\\/www.immobilienbusiness.ch\\\/#website\",\"url\":\"https:\\\/\\\/www.immobilienbusiness.ch\\\/\",\"name\":\"IMMOBILIEN Business\",\"description\":\"Unabh\u00e4ngiges Schweizer Wirtschaftsmagazin mit Fokus auf Immobilien, Architektur- und Bau sowie Investment- und Finanzierung.\",\"publisher\":{\"@id\":\"https:\\\/\\\/www.immobilienbusiness.ch\\\/#organization\"},\"potentialAction\":[{\"@type\":\"SearchAction\",\"target\":{\"@type\":\"EntryPoint\",\"urlTemplate\":\"https:\\\/\\\/www.immobilienbusiness.ch\\\/?s={search_term_string}\"},\"query-input\":{\"@type\":\"PropertyValueSpecification\",\"valueRequired\":true,\"valueName\":\"search_term_string\"}}],\"inLanguage\":\"fr-FR\"},{\"@type\":\"Organization\",\"@id\":\"https:\\\/\\\/www.immobilienbusiness.ch\\\/#organization\",\"name\":\"IMMOBILIEN Business\",\"url\":\"https:\\\/\\\/www.immobilienbusiness.ch\\\/\",\"logo\":{\"@type\":\"ImageObject\",\"inLanguage\":\"fr-FR\",\"@id\":\"https:\\\/\\\/www.immobilienbusiness.ch\\\/#\\\/schema\\\/logo\\\/image\\\/\",\"url\":\"https:\\\/\\\/www.immobilienbusiness.ch\\\/wp-content\\\/uploads\\\/2021\\\/07\\\/logo_ib.png\",\"contentUrl\":\"https:\\\/\\\/www.immobilienbusiness.ch\\\/wp-content\\\/uploads\\\/2021\\\/07\\\/logo_ib.png\",\"width\":800,\"height\":181,\"caption\":\"IMMOBILIEN Business\"},\"image\":{\"@id\":\"https:\\\/\\\/www.immobilienbusiness.ch\\\/#\\\/schema\\\/logo\\\/image\\\/\"},\"sameAs\":[\"https:\\\/\\\/www.facebook.com\\\/immobilienbusiness\\\/\"]},{\"@type\":\"Person\",\"@id\":\"https:\\\/\\\/www.immobilienbusiness.ch\\\/#\\\/schema\\\/person\\\/aba8bea2db926aa0c24c08c43fe1fcd5\",\"name\":\"Alexander Wachter\",\"image\":{\"@type\":\"ImageObject\",\"inLanguage\":\"fr-FR\",\"@id\":\"https:\\\/\\\/secure.gravatar.com\\\/avatar\\\/1a09e471f5389b0e0a6416eac287e0927c7c97a7b77f9e787eba3af7aee281dd?s=96&d=mm&r=g\",\"url\":\"https:\\\/\\\/secure.gravatar.com\\\/avatar\\\/1a09e471f5389b0e0a6416eac287e0927c7c97a7b77f9e787eba3af7aee281dd?s=96&d=mm&r=g\",\"contentUrl\":\"https:\\\/\\\/secure.gravatar.com\\\/avatar\\\/1a09e471f5389b0e0a6416eac287e0927c7c97a7b77f9e787eba3af7aee281dd?s=96&d=mm&r=g\",\"caption\":\"Alexander Wachter\"},\"url\":\"https:\\\/\\\/www.immobilienbusiness.ch\\\/fr\\\/author\\\/alexander-wachter\\\/\"}]}<\/script>\n<!-- \/ Yoast SEO plugin. -->","yoast_head_json":{"title":"La Dreil\u00e4ndergalerie a ouvert ses portes aux portes de B\u00e2le - IMMOBILIER Business","description":"Le centre commercial \"Dreil\u00e4ndergalerie\" a ouvert ses portes hier \u00e0 Weil am Rhein en Allemagne. Ce complexe commercial d'une surface de 26 500 m\u00b2 est accessible en tram depuis B\u00e2le.","robots":{"index":"index","follow":"follow","max-snippet":"max-snippet:-1","max-image-preview":"max-image-preview:large","max-video-preview":"max-video-preview:-1"},"canonical":"https:\/\/www.immobilienbusiness.ch\/fr\/regionen\/2022-09-30\/vor-den-toren-basels-hat-die-dreilaendergalerie-eroeffnet\/","og_locale":"fr_FR","og_type":"article","og_title":"Vor den Toren Basels hat die Dreil\u00e4ndergalerie er\u00f6ffnet - IMMOBILIEN Business","og_description":"Im deutschen Weil am Rhein hat gestern das Shoppingcenter \u201eDreil\u00e4ndergalerie\u201c er\u00f6ffnet. Der Einkaufs-Komplex mit 26.500 m\u00b2 Fl\u00e4che ist von Basel mit der Tram erreichbar.","og_url":"https:\/\/www.immobilienbusiness.ch\/fr\/regionen\/2022-09-30\/vor-den-toren-basels-hat-die-dreilaendergalerie-eroeffnet\/","og_site_name":"IMMOBILIEN Business","article_publisher":"https:\/\/www.facebook.com\/immobilienbusiness\/","article_published_time":"2022-09-30T05:52:29+00:00","article_modified_time":"2022-10-02T17:46:43+00:00","og_image":[{"width":1068,"height":709,"url":"https:\/\/www.immobilienbusiness.ch\/wp-content\/uploads\/2022\/09\/Dreilaendergalerie-1.png","type":"image\/png"}],"author":"Alexander Wachter","twitter_card":"summary_large_image","schema":{"@context":"https:\/\/schema.org","@graph":[{"@type":"Article","@id":"https:\/\/www.immobilienbusiness.ch\/it\/regionen\/2022-09-30\/vor-den-toren-basels-hat-die-dreilaendergalerie-eroeffnet\/#article","isPartOf":{"@id":"https:\/\/www.immobilienbusiness.ch\/it\/regionen\/2022-09-30\/vor-den-toren-basels-hat-die-dreilaendergalerie-eroeffnet\/"},"author":{"name":"Alexander Wachter","@id":"https:\/\/www.immobilienbusiness.ch\/#\/schema\/person\/aba8bea2db926aa0c24c08c43fe1fcd5"},"headline":"Vor den Toren Basels hat die Dreil\u00e4ndergalerie er\u00f6ffnet","datePublished":"2022-09-30T05:52:29+00:00","dateModified":"2022-10-02T17:46:43+00:00","mainEntityOfPage":{"@id":"https:\/\/www.immobilienbusiness.ch\/it\/regionen\/2022-09-30\/vor-den-toren-basels-hat-die-dreilaendergalerie-eroeffnet\/"},"wordCount":181,"publisher":{"@id":"https:\/\/www.immobilienbusiness.ch\/#organization"},"image":{"@id":"https:\/\/www.immobilienbusiness.ch\/it\/regionen\/2022-09-30\/vor-den-toren-basels-hat-die-dreilaendergalerie-eroeffnet\/#primaryimage"},"thumbnailUrl":"https:\/\/www.immobilienbusiness.ch\/wp-content\/uploads\/2022\/09\/Dreilaendergalerie-1.png","keywords":["Basel","Er\u00f6ffnung","Shoppingcenter"],"articleSection":["REGIONEN"],"inLanguage":"fr-FR"},{"@type":"WebPage","@id":"https:\/\/www.immobilienbusiness.ch\/it\/regionen\/2022-09-30\/vor-den-toren-basels-hat-die-dreilaendergalerie-eroeffnet\/","url":"https:\/\/www.immobilienbusiness.ch\/it\/regionen\/2022-09-30\/vor-den-toren-basels-hat-die-dreilaendergalerie-eroeffnet\/","name":"La Dreil\u00e4ndergalerie a ouvert ses portes aux portes de B\u00e2le - IMMOBILIER Business","isPartOf":{"@id":"https:\/\/www.immobilienbusiness.ch\/#website"},"primaryImageOfPage":{"@id":"https:\/\/www.immobilienbusiness.ch\/it\/regionen\/2022-09-30\/vor-den-toren-basels-hat-die-dreilaendergalerie-eroeffnet\/#primaryimage"},"image":{"@id":"https:\/\/www.immobilienbusiness.ch\/it\/regionen\/2022-09-30\/vor-den-toren-basels-hat-die-dreilaendergalerie-eroeffnet\/#primaryimage"},"thumbnailUrl":"https:\/\/www.immobilienbusiness.ch\/wp-content\/uploads\/2022\/09\/Dreilaendergalerie-1.png","datePublished":"2022-09-30T05:52:29+00:00","dateModified":"2022-10-02T17:46:43+00:00","description":"Le centre commercial \"Dreil\u00e4ndergalerie\" a ouvert ses portes hier \u00e0 Weil am Rhein en Allemagne. Ce complexe commercial d'une surface de 26 500 m\u00b2 est accessible en tram depuis B\u00e2le.","breadcrumb":{"@id":"https:\/\/www.immobilienbusiness.ch\/it\/regionen\/2022-09-30\/vor-den-toren-basels-hat-die-dreilaendergalerie-eroeffnet\/#breadcrumb"},"inLanguage":"fr-FR","potentialAction":[{"@type":"ReadAction","target":["https:\/\/www.immobilienbusiness.ch\/it\/regionen\/2022-09-30\/vor-den-toren-basels-hat-die-dreilaendergalerie-eroeffnet\/"]}]},{"@type":"ImageObject","inLanguage":"fr-FR","@id":"https:\/\/www.immobilienbusiness.ch\/it\/regionen\/2022-09-30\/vor-den-toren-basels-hat-die-dreilaendergalerie-eroeffnet\/#primaryimage","url":"https:\/\/www.immobilienbusiness.ch\/wp-content\/uploads\/2022\/09\/Dreilaendergalerie-1.png","contentUrl":"https:\/\/www.immobilienbusiness.ch\/wp-content\/uploads\/2022\/09\/Dreilaendergalerie-1.png","width":1068,"height":709,"caption":"Das neue Shoppingcenter in Weil richtet sich insbesondere an Schweizer Klientel (Bild: Dreil\u00e4ndergalerie)"},{"@type":"BreadcrumbList","@id":"https:\/\/www.immobilienbusiness.ch\/it\/regionen\/2022-09-30\/vor-den-toren-basels-hat-die-dreilaendergalerie-eroeffnet\/#breadcrumb","itemListElement":[{"@type":"ListItem","position":1,"name":"Home","item":"https:\/\/www.immobilienbusiness.ch\/"},{"@type":"ListItem","position":2,"name":"Vor den Toren Basels hat die Dreil\u00e4ndergalerie er\u00f6ffnet"}]},{"@type":"WebSite","@id":"https:\/\/www.immobilienbusiness.ch\/#website","url":"https:\/\/www.immobilienbusiness.ch\/","name":"IMMOBILIER Business","description":"Magazine \u00e9conomique suisse ind\u00e9pendant ax\u00e9 sur l'immobilier, l'architecture et la construction ainsi que sur les investissements et le financement.","publisher":{"@id":"https:\/\/www.immobilienbusiness.ch\/#organization"},"potentialAction":[{"@type":"SearchAction","target":{"@type":"EntryPoint","urlTemplate":"https:\/\/www.immobilienbusiness.ch\/?s={search_term_string}"},"query-input":{"@type":"PropertyValueSpecification","valueRequired":true,"valueName":"search_term_string"}}],"inLanguage":"fr-FR"},{"@type":"Organization","@id":"https:\/\/www.immobilienbusiness.ch\/#organization","name":"IMMOBILIER Business","url":"https:\/\/www.immobilienbusiness.ch\/","logo":{"@type":"ImageObject","inLanguage":"fr-FR","@id":"https:\/\/www.immobilienbusiness.ch\/#\/schema\/logo\/image\/","url":"https:\/\/www.immobilienbusiness.ch\/wp-content\/uploads\/2021\/07\/logo_ib.png","contentUrl":"https:\/\/www.immobilienbusiness.ch\/wp-content\/uploads\/2021\/07\/logo_ib.png","width":800,"height":181,"caption":"IMMOBILIEN Business"},"image":{"@id":"https:\/\/www.immobilienbusiness.ch\/#\/schema\/logo\/image\/"},"sameAs":["https:\/\/www.facebook.com\/immobilienbusiness\/"]},{"@type":"Person","@id":"https:\/\/www.immobilienbusiness.ch\/#\/schema\/person\/aba8bea2db926aa0c24c08c43fe1fcd5","name":"Alexander Wachter","image":{"@type":"ImageObject","inLanguage":"fr-FR","@id":"https:\/\/secure.gravatar.com\/avatar\/1a09e471f5389b0e0a6416eac287e0927c7c97a7b77f9e787eba3af7aee281dd?s=96&d=mm&r=g","url":"https:\/\/secure.gravatar.com\/avatar\/1a09e471f5389b0e0a6416eac287e0927c7c97a7b77f9e787eba3af7aee281dd?s=96&d=mm&r=g","contentUrl":"https:\/\/secure.gravatar.com\/avatar\/1a09e471f5389b0e0a6416eac287e0927c7c97a7b77f9e787eba3af7aee281dd?s=96&d=mm&r=g","caption":"Alexander Wachter"},"url":"https:\/\/www.immobilienbusiness.ch\/fr\/author\/alexander-wachter\/"}]}},"_links":{"self":[{"href":"https:\/\/www.immobilienbusiness.ch\/fr\/wp-json\/wp\/v2\/posts\/44164","targetHints":{"allow":["GET"]}}],"collection":[{"href":"https:\/\/www.immobilienbusiness.ch\/fr\/wp-json\/wp\/v2\/posts"}],"about":[{"href":"https:\/\/www.immobilienbusiness.ch\/fr\/wp-json\/wp\/v2\/types\/post"}],"author":[{"embeddable":true,"href":"https:\/\/www.immobilienbusiness.ch\/fr\/wp-json\/wp\/v2\/users\/102"}],"replies":[{"embeddable":true,"href":"https:\/\/www.immobilienbusiness.ch\/fr\/wp-json\/wp\/v2\/comments?post=44164"}],"version-history":[{"count":10,"href":"https:\/\/www.immobilienbusiness.ch\/fr\/wp-json\/wp\/v2\/posts\/44164\/revisions"}],"predecessor-version":[{"id":44206,"href":"https:\/\/www.immobilienbusiness.ch\/fr\/wp-json\/wp\/v2\/posts\/44164\/revisions\/44206"}],"wp:featuredmedia":[{"embeddable":true,"href":"https:\/\/www.immobilienbusiness.ch\/fr\/wp-json\/wp\/v2\/media\/44182"}],"wp:attachment":[{"href":"https:\/\/www.immobilienbusiness.ch\/fr\/wp-json\/wp\/v2\/media?parent=44164"}],"wp:term":[{"taxonomy":"category","embeddable":true,"href":"https:\/\/www.immobilienbusiness.ch\/fr\/wp-json\/wp\/v2\/categories?post=44164"},{"taxonomy":"post_tag","embeddable":true,"href":"https:\/\/www.immobilienbusiness.ch\/fr\/wp-json\/wp\/v2\/tags?post=44164"}],"curies":[{"name":"wp","href":"https:\/\/api.w.org\/{rel}","templated":true}]}}