{"id":4409,"date":"2016-12-07T08:13:00","date_gmt":"2016-12-07T07:13:00","guid":{"rendered":"http:\/\/dev.immobilienbusiness.ch\/?p=4409"},"modified":"2016-12-07T08:13:00","modified_gmt":"2016-12-07T07:13:00","slug":"bern-media-markt-schliesst-filialen","status":"publish","type":"post","link":"https:\/\/www.immobilienbusiness.ch\/fr\/retail\/2016-12-07\/bern-media-markt-schliesst-filialen\/","title":{"rendered":"Berne : Media Markt ferme des filiales"},"content":{"rendered":"<figure id=\"attachment_4411\" aria-describedby=\"caption-attachment-4411\" style=\"width: 680px\" class=\"wp-caption alignnone\"><img loading=\"lazy\" decoding=\"async\" class=\"size-medium wp-image-4411\" src=\"https:\/\/immobilienbusiness.ch\/wp-content\/uploads\/2016\/12\/Bern-Media-Markt-schliesst-Filialen-immobilien-business.jpg\" alt=\"Media Markt will die Filialen in der Berner Markthalle und im Shoppyland schliessen (Foto: Media Markt Schweiz)\" width=\"680\" height=\"453\" srcset=\"https:\/\/www.immobilienbusiness.ch\/wp-content\/uploads\/2016\/12\/Bern-Media-Markt-schliesst-Filialen-immobilien-business.jpg 2480w, https:\/\/www.immobilienbusiness.ch\/wp-content\/uploads\/2016\/12\/Bern-Media-Markt-schliesst-Filialen-immobilien-business-300x200.jpg 300w, https:\/\/www.immobilienbusiness.ch\/wp-content\/uploads\/2016\/12\/Bern-Media-Markt-schliesst-Filialen-immobilien-business-1024x683.jpg 1024w, https:\/\/www.immobilienbusiness.ch\/wp-content\/uploads\/2016\/12\/Bern-Media-Markt-schliesst-Filialen-immobilien-business-768x512.jpg 768w, https:\/\/www.immobilienbusiness.ch\/wp-content\/uploads\/2016\/12\/Bern-Media-Markt-schliesst-Filialen-immobilien-business-1536x1024.jpg 1536w, https:\/\/www.immobilienbusiness.ch\/wp-content\/uploads\/2016\/12\/Bern-Media-Markt-schliesst-Filialen-immobilien-business-2048x1365.jpg 2048w, https:\/\/www.immobilienbusiness.ch\/wp-content\/uploads\/2016\/12\/Bern-Media-Markt-schliesst-Filialen-immobilien-business-16x12.jpg 16w, https:\/\/www.immobilienbusiness.ch\/wp-content\/uploads\/2016\/12\/Bern-Media-Markt-schliesst-Filialen-immobilien-business-263x175.jpg 263w, https:\/\/www.immobilienbusiness.ch\/wp-content\/uploads\/2016\/12\/Bern-Media-Markt-schliesst-Filialen-immobilien-business-525x350.jpg 525w, https:\/\/www.immobilienbusiness.ch\/wp-content\/uploads\/2016\/12\/Bern-Media-Markt-schliesst-Filialen-immobilien-business-1200x800.jpg 1200w, https:\/\/www.immobilienbusiness.ch\/wp-content\/uploads\/2016\/12\/Bern-Media-Markt-schliesst-Filialen-immobilien-business-920x613.jpg 920w, https:\/\/www.immobilienbusiness.ch\/wp-content\/uploads\/2016\/12\/Bern-Media-Markt-schliesst-Filialen-immobilien-business-1400x933.jpg 1400w\" sizes=\"auto, (max-width: 680px) 100vw, 680px\" \/><figcaption id=\"caption-attachment-4411\" class=\"wp-caption-text\">Media Markt veut fermer les filiales de la Markthalle de Berne et du Shoppyland (Photo : Media Markt Suisse)<\/figcaption><\/figure>\n<p>Selon un rapport de l <em>Handelszeitung<\/em> Media Markt tient compte du transfert vers le commerce en ligne en r\u00e9duisant son r\u00e9seau de magasins sp\u00e9cialis\u00e9s. Une d\u00e9cision d\u00e9finitive ne sera toutefois prise qu'apr\u00e8s que les collaborateurs se seront exprim\u00e9s sur les fermetures dans le cadre de la proc\u00e9dure de consultation l\u00e9gale.<\/p>\n<p>Jusqu'en mai 2013, le march\u00e9 couvert bernois de la Bubenbergplatz \u00e9tait une halle gastronomique avec onze restaurants. Mais cette utilisation n'a jamais \u00e9t\u00e9 rentable, ont fait valoir les propri\u00e9taires en 2013 et ont r\u00e9sili\u00e9 le bail de tous les locataires. La halle a ensuite \u00e9t\u00e9 r\u00e9nov\u00e9e et, en mars 2015, Media Markt s'y est finalement install\u00e9 en tant que locataire.<\/p>\n<p>Comment <em>20 minutes<\/em> Migros est int\u00e9ress\u00e9e \u00e0 reprendre le march\u00e9 couvert en tant que locataire g\u00e9n\u00e9ral et \u00e0 le faire rena\u00eetre dans sa forme originale. \"Nous resterions d\u00e9lib\u00e9r\u00e9ment \u00e0 l'arri\u00e8re-plan et mettrons la halle \u00e0 la disposition d'autres fournisseurs\", explique le porte-parole Reto W\u00fcthrich au journal. Il n'est donc pas question de cr\u00e9er un supermarch\u00e9, un take away ou un march\u00e9 sp\u00e9cialis\u00e9 Migros. Au lieu de cela, on souhaiterait installer de petites entreprises de restauration et des magasins pop-up dans la halle. Avant l'arriv\u00e9e de Media-Markt, Migros \u00e9tait d\u00e9j\u00e0 int\u00e9ress\u00e9e par la reprise du march\u00e9 couvert. (ah)<\/p>","protected":false},"excerpt":{"rendered":"<p>Le discounter \u00e9lectronique Media Markt veut fermer ses filiales de la Markthalle de Berne et du Shoppyland de Sch\u00f6nb\u00fchl.<\/p>","protected":false},"author":1,"featured_media":4411,"comment_status":"open","ping_status":"open","sticky":false,"template":"","format":"standard","meta":{"_acf_changed":false,"_yoast_wpseo_focuskw":"Media Markt","_yoast_wpseo_title":"","_yoast_wpseo_metadesc":"Der Elektronik-Discounter Media Markt will seine Filialen in der Berner Markthalle und im Shoppyland in Sch\u00f6nb\u00fchl schliessen.","_yoast_wpseo_linkdex":76,"pgc_sgb_lightbox_settings":"","footnotes":""},"categories":[987],"tags":[1091,1643],"class_list":["post-4409","post","type-post","status-publish","format-standard","has-post-thumbnail","hentry","category-retail","tag-bern","tag-retail"],"acf":[],"yoast_head":"<!-- This site is optimized with the Yoast SEO plugin v27.4 - https:\/\/yoast.com\/product\/yoast-seo-wordpress\/ -->\n<title>Bern: Media Markt schliesst Filialen - IMMOBILIEN Business<\/title>\n<meta name=\"description\" content=\"Der Elektronik-Discounter Media Markt will seine Filialen in der Berner Markthalle und im Shoppyland in Sch\u00f6nb\u00fchl schliessen.\" \/>\n<meta name=\"robots\" content=\"index, follow, max-snippet:-1, max-image-preview:large, max-video-preview:-1\" \/>\n<link rel=\"canonical\" href=\"https:\/\/www.immobilienbusiness.ch\/fr\/retail\/2016-12-07\/bern-media-markt-schliesst-filialen\/\" \/>\n<meta property=\"og:locale\" content=\"fr_FR\" \/>\n<meta property=\"og:type\" content=\"article\" \/>\n<meta property=\"og:title\" content=\"Bern: Media Markt schliesst Filialen\" \/>\n<meta property=\"og:description\" content=\"Der Elektronik-Discounter Media Markt will seine Filialen in der Berner Markthalle und im Shoppyland in Sch\u00f6nb\u00fchl schliessen.\" \/>\n<meta property=\"og:url\" content=\"https:\/\/www.immobilienbusiness.ch\/fr\/retail\/2016-12-07\/bern-media-markt-schliesst-filialen\/\" \/>\n<meta property=\"og:site_name\" content=\"IMMOBILIEN Business\" \/>\n<meta property=\"article:publisher\" content=\"https:\/\/www.facebook.com\/immobilienbusiness\/\" \/>\n<meta property=\"article:published_time\" content=\"2016-12-07T07:13:00+00:00\" \/>\n<meta name=\"author\" content=\"Redaktion\" \/>\n<meta name=\"twitter:card\" content=\"summary_large_image\" \/>\n<meta name=\"twitter:image\" content=\"https:\/\/www.immobilienbusiness.ch\/wp-content\/uploads\/2016\/12\/Bern-Media-Markt-schliesst-Filialen-immobilien-business.jpg\" \/>\n<script type=\"application\/ld+json\" class=\"yoast-schema-graph\">{\"@context\":\"https:\\\/\\\/schema.org\",\"@graph\":[{\"@type\":\"Article\",\"@id\":\"https:\\\/\\\/www.immobilienbusiness.ch\\\/en\\\/retail\\\/2016-12-07\\\/bern-media-markt-schliesst-filialen\\\/#article\",\"isPartOf\":{\"@id\":\"https:\\\/\\\/www.immobilienbusiness.ch\\\/en\\\/retail\\\/2016-12-07\\\/bern-media-markt-schliesst-filialen\\\/\"},\"author\":{\"name\":\"Redaktion\",\"@id\":\"https:\\\/\\\/www.immobilienbusiness.ch\\\/#\\\/schema\\\/person\\\/aa2bace6c5c5aad60102004a50c4eb1c\"},\"headline\":\"Bern: Media Markt schliesst Filialen\",\"datePublished\":\"2016-12-07T07:13:00+00:00\",\"mainEntityOfPage\":{\"@id\":\"https:\\\/\\\/www.immobilienbusiness.ch\\\/en\\\/retail\\\/2016-12-07\\\/bern-media-markt-schliesst-filialen\\\/\"},\"wordCount\":206,\"commentCount\":0,\"publisher\":{\"@id\":\"https:\\\/\\\/www.immobilienbusiness.ch\\\/#organization\"},\"image\":{\"@id\":\"https:\\\/\\\/www.immobilienbusiness.ch\\\/en\\\/retail\\\/2016-12-07\\\/bern-media-markt-schliesst-filialen\\\/#primaryimage\"},\"thumbnailUrl\":\"https:\\\/\\\/www.immobilienbusiness.ch\\\/wp-content\\\/uploads\\\/2016\\\/12\\\/Bern-Media-Markt-schliesst-Filialen-immobilien-business.jpg\",\"keywords\":[\"Bern\",\"Retail\"],\"articleSection\":[\"RETAIL\"],\"inLanguage\":\"fr-FR\"},{\"@type\":\"WebPage\",\"@id\":\"https:\\\/\\\/www.immobilienbusiness.ch\\\/en\\\/retail\\\/2016-12-07\\\/bern-media-markt-schliesst-filialen\\\/\",\"url\":\"https:\\\/\\\/www.immobilienbusiness.ch\\\/en\\\/retail\\\/2016-12-07\\\/bern-media-markt-schliesst-filialen\\\/\",\"name\":\"Bern: Media Markt schliesst Filialen - IMMOBILIEN Business\",\"isPartOf\":{\"@id\":\"https:\\\/\\\/www.immobilienbusiness.ch\\\/#website\"},\"primaryImageOfPage\":{\"@id\":\"https:\\\/\\\/www.immobilienbusiness.ch\\\/en\\\/retail\\\/2016-12-07\\\/bern-media-markt-schliesst-filialen\\\/#primaryimage\"},\"image\":{\"@id\":\"https:\\\/\\\/www.immobilienbusiness.ch\\\/en\\\/retail\\\/2016-12-07\\\/bern-media-markt-schliesst-filialen\\\/#primaryimage\"},\"thumbnailUrl\":\"https:\\\/\\\/www.immobilienbusiness.ch\\\/wp-content\\\/uploads\\\/2016\\\/12\\\/Bern-Media-Markt-schliesst-Filialen-immobilien-business.jpg\",\"datePublished\":\"2016-12-07T07:13:00+00:00\",\"description\":\"Der Elektronik-Discounter Media Markt will seine Filialen in der Berner Markthalle und im Shoppyland in Sch\u00f6nb\u00fchl schliessen.\",\"breadcrumb\":{\"@id\":\"https:\\\/\\\/www.immobilienbusiness.ch\\\/en\\\/retail\\\/2016-12-07\\\/bern-media-markt-schliesst-filialen\\\/#breadcrumb\"},\"inLanguage\":\"fr-FR\",\"potentialAction\":[{\"@type\":\"ReadAction\",\"target\":[\"https:\\\/\\\/www.immobilienbusiness.ch\\\/en\\\/retail\\\/2016-12-07\\\/bern-media-markt-schliesst-filialen\\\/\"]}]},{\"@type\":\"ImageObject\",\"inLanguage\":\"fr-FR\",\"@id\":\"https:\\\/\\\/www.immobilienbusiness.ch\\\/en\\\/retail\\\/2016-12-07\\\/bern-media-markt-schliesst-filialen\\\/#primaryimage\",\"url\":\"https:\\\/\\\/www.immobilienbusiness.ch\\\/wp-content\\\/uploads\\\/2016\\\/12\\\/Bern-Media-Markt-schliesst-Filialen-immobilien-business.jpg\",\"contentUrl\":\"https:\\\/\\\/www.immobilienbusiness.ch\\\/wp-content\\\/uploads\\\/2016\\\/12\\\/Bern-Media-Markt-schliesst-Filialen-immobilien-business.jpg\",\"width\":2480,\"height\":1653,\"caption\":\"Media Markt will die Filialen in der Berner Markthalle und im Shoppyland schliessen (Foto: Media Markt Schweiz)\"},{\"@type\":\"BreadcrumbList\",\"@id\":\"https:\\\/\\\/www.immobilienbusiness.ch\\\/en\\\/retail\\\/2016-12-07\\\/bern-media-markt-schliesst-filialen\\\/#breadcrumb\",\"itemListElement\":[{\"@type\":\"ListItem\",\"position\":1,\"name\":\"Home\",\"item\":\"https:\\\/\\\/www.immobilienbusiness.ch\\\/\"},{\"@type\":\"ListItem\",\"position\":2,\"name\":\"Bern: Media Markt schliesst Filialen\"}]},{\"@type\":\"WebSite\",\"@id\":\"https:\\\/\\\/www.immobilienbusiness.ch\\\/#website\",\"url\":\"https:\\\/\\\/www.immobilienbusiness.ch\\\/\",\"name\":\"IMMOBILIEN Business\",\"description\":\"Unabh\u00e4ngiges Schweizer Wirtschaftsmagazin mit Fokus auf Immobilien, Architektur- und Bau sowie Investment- und Finanzierung.\",\"publisher\":{\"@id\":\"https:\\\/\\\/www.immobilienbusiness.ch\\\/#organization\"},\"potentialAction\":[{\"@type\":\"SearchAction\",\"target\":{\"@type\":\"EntryPoint\",\"urlTemplate\":\"https:\\\/\\\/www.immobilienbusiness.ch\\\/?s={search_term_string}\"},\"query-input\":{\"@type\":\"PropertyValueSpecification\",\"valueRequired\":true,\"valueName\":\"search_term_string\"}}],\"inLanguage\":\"fr-FR\"},{\"@type\":\"Organization\",\"@id\":\"https:\\\/\\\/www.immobilienbusiness.ch\\\/#organization\",\"name\":\"IMMOBILIEN Business\",\"url\":\"https:\\\/\\\/www.immobilienbusiness.ch\\\/\",\"logo\":{\"@type\":\"ImageObject\",\"inLanguage\":\"fr-FR\",\"@id\":\"https:\\\/\\\/www.immobilienbusiness.ch\\\/#\\\/schema\\\/logo\\\/image\\\/\",\"url\":\"https:\\\/\\\/www.immobilienbusiness.ch\\\/wp-content\\\/uploads\\\/2021\\\/07\\\/logo_ib.png\",\"contentUrl\":\"https:\\\/\\\/www.immobilienbusiness.ch\\\/wp-content\\\/uploads\\\/2021\\\/07\\\/logo_ib.png\",\"width\":800,\"height\":181,\"caption\":\"IMMOBILIEN Business\"},\"image\":{\"@id\":\"https:\\\/\\\/www.immobilienbusiness.ch\\\/#\\\/schema\\\/logo\\\/image\\\/\"},\"sameAs\":[\"https:\\\/\\\/www.facebook.com\\\/immobilienbusiness\\\/\"]},{\"@type\":\"Person\",\"@id\":\"https:\\\/\\\/www.immobilienbusiness.ch\\\/#\\\/schema\\\/person\\\/aa2bace6c5c5aad60102004a50c4eb1c\",\"name\":\"Redaktion\",\"image\":{\"@type\":\"ImageObject\",\"inLanguage\":\"fr-FR\",\"@id\":\"https:\\\/\\\/secure.gravatar.com\\\/avatar\\\/ae2f4d718e6c49043e314ce431e7e645d646302a24a5ef5a8bc8e3f5a032e319?s=96&d=mm&r=g\",\"url\":\"https:\\\/\\\/secure.gravatar.com\\\/avatar\\\/ae2f4d718e6c49043e314ce431e7e645d646302a24a5ef5a8bc8e3f5a032e319?s=96&d=mm&r=g\",\"contentUrl\":\"https:\\\/\\\/secure.gravatar.com\\\/avatar\\\/ae2f4d718e6c49043e314ce431e7e645d646302a24a5ef5a8bc8e3f5a032e319?s=96&d=mm&r=g\",\"caption\":\"Redaktion\"},\"sameAs\":[\"http:\\\/\\\/develop.organisator.galledia.ch\"],\"url\":\"https:\\\/\\\/www.immobilienbusiness.ch\\\/fr\\\/author\\\/admin\\\/\"}]}<\/script>\n<!-- \/ Yoast SEO plugin. -->","yoast_head_json":{"title":"Bern: Media Markt schliesst Filialen - IMMOBILIEN Business","description":"Le discounter \u00e9lectronique Media Markt veut fermer ses filiales de la Markthalle de Berne et du Shoppyland de Sch\u00f6nb\u00fchl.","robots":{"index":"index","follow":"follow","max-snippet":"max-snippet:-1","max-image-preview":"max-image-preview:large","max-video-preview":"max-video-preview:-1"},"canonical":"https:\/\/www.immobilienbusiness.ch\/fr\/retail\/2016-12-07\/bern-media-markt-schliesst-filialen\/","og_locale":"fr_FR","og_type":"article","og_title":"Bern: Media Markt schliesst Filialen","og_description":"Der Elektronik-Discounter Media Markt will seine Filialen in der Berner Markthalle und im Shoppyland in Sch\u00f6nb\u00fchl schliessen.","og_url":"https:\/\/www.immobilienbusiness.ch\/fr\/retail\/2016-12-07\/bern-media-markt-schliesst-filialen\/","og_site_name":"IMMOBILIEN Business","article_publisher":"https:\/\/www.facebook.com\/immobilienbusiness\/","article_published_time":"2016-12-07T07:13:00+00:00","author":"Redaktion","twitter_card":"summary_large_image","twitter_image":"https:\/\/www.immobilienbusiness.ch\/wp-content\/uploads\/2016\/12\/Bern-Media-Markt-schliesst-Filialen-immobilien-business.jpg","schema":{"@context":"https:\/\/schema.org","@graph":[{"@type":"Article","@id":"https:\/\/www.immobilienbusiness.ch\/en\/retail\/2016-12-07\/bern-media-markt-schliesst-filialen\/#article","isPartOf":{"@id":"https:\/\/www.immobilienbusiness.ch\/en\/retail\/2016-12-07\/bern-media-markt-schliesst-filialen\/"},"author":{"name":"Redaktion","@id":"https:\/\/www.immobilienbusiness.ch\/#\/schema\/person\/aa2bace6c5c5aad60102004a50c4eb1c"},"headline":"Bern: Media Markt schliesst Filialen","datePublished":"2016-12-07T07:13:00+00:00","mainEntityOfPage":{"@id":"https:\/\/www.immobilienbusiness.ch\/en\/retail\/2016-12-07\/bern-media-markt-schliesst-filialen\/"},"wordCount":206,"commentCount":0,"publisher":{"@id":"https:\/\/www.immobilienbusiness.ch\/#organization"},"image":{"@id":"https:\/\/www.immobilienbusiness.ch\/en\/retail\/2016-12-07\/bern-media-markt-schliesst-filialen\/#primaryimage"},"thumbnailUrl":"https:\/\/www.immobilienbusiness.ch\/wp-content\/uploads\/2016\/12\/Bern-Media-Markt-schliesst-Filialen-immobilien-business.jpg","keywords":["Bern","Retail"],"articleSection":["RETAIL"],"inLanguage":"fr-FR"},{"@type":"WebPage","@id":"https:\/\/www.immobilienbusiness.ch\/en\/retail\/2016-12-07\/bern-media-markt-schliesst-filialen\/","url":"https:\/\/www.immobilienbusiness.ch\/en\/retail\/2016-12-07\/bern-media-markt-schliesst-filialen\/","name":"Bern: Media Markt schliesst Filialen - IMMOBILIEN Business","isPartOf":{"@id":"https:\/\/www.immobilienbusiness.ch\/#website"},"primaryImageOfPage":{"@id":"https:\/\/www.immobilienbusiness.ch\/en\/retail\/2016-12-07\/bern-media-markt-schliesst-filialen\/#primaryimage"},"image":{"@id":"https:\/\/www.immobilienbusiness.ch\/en\/retail\/2016-12-07\/bern-media-markt-schliesst-filialen\/#primaryimage"},"thumbnailUrl":"https:\/\/www.immobilienbusiness.ch\/wp-content\/uploads\/2016\/12\/Bern-Media-Markt-schliesst-Filialen-immobilien-business.jpg","datePublished":"2016-12-07T07:13:00+00:00","description":"Le discounter \u00e9lectronique Media Markt veut fermer ses filiales de la Markthalle de Berne et du Shoppyland de Sch\u00f6nb\u00fchl.","breadcrumb":{"@id":"https:\/\/www.immobilienbusiness.ch\/en\/retail\/2016-12-07\/bern-media-markt-schliesst-filialen\/#breadcrumb"},"inLanguage":"fr-FR","potentialAction":[{"@type":"ReadAction","target":["https:\/\/www.immobilienbusiness.ch\/en\/retail\/2016-12-07\/bern-media-markt-schliesst-filialen\/"]}]},{"@type":"ImageObject","inLanguage":"fr-FR","@id":"https:\/\/www.immobilienbusiness.ch\/en\/retail\/2016-12-07\/bern-media-markt-schliesst-filialen\/#primaryimage","url":"https:\/\/www.immobilienbusiness.ch\/wp-content\/uploads\/2016\/12\/Bern-Media-Markt-schliesst-Filialen-immobilien-business.jpg","contentUrl":"https:\/\/www.immobilienbusiness.ch\/wp-content\/uploads\/2016\/12\/Bern-Media-Markt-schliesst-Filialen-immobilien-business.jpg","width":2480,"height":1653,"caption":"Media Markt will die Filialen in der Berner Markthalle und im Shoppyland schliessen (Foto: Media Markt Schweiz)"},{"@type":"BreadcrumbList","@id":"https:\/\/www.immobilienbusiness.ch\/en\/retail\/2016-12-07\/bern-media-markt-schliesst-filialen\/#breadcrumb","itemListElement":[{"@type":"ListItem","position":1,"name":"Home","item":"https:\/\/www.immobilienbusiness.ch\/"},{"@type":"ListItem","position":2,"name":"Bern: Media Markt schliesst Filialen"}]},{"@type":"WebSite","@id":"https:\/\/www.immobilienbusiness.ch\/#website","url":"https:\/\/www.immobilienbusiness.ch\/","name":"IMMOBILIER Business","description":"Magazine \u00e9conomique suisse ind\u00e9pendant ax\u00e9 sur l'immobilier, l'architecture et la construction ainsi que sur les investissements et le financement.","publisher":{"@id":"https:\/\/www.immobilienbusiness.ch\/#organization"},"potentialAction":[{"@type":"SearchAction","target":{"@type":"EntryPoint","urlTemplate":"https:\/\/www.immobilienbusiness.ch\/?s={search_term_string}"},"query-input":{"@type":"PropertyValueSpecification","valueRequired":true,"valueName":"search_term_string"}}],"inLanguage":"fr-FR"},{"@type":"Organization","@id":"https:\/\/www.immobilienbusiness.ch\/#organization","name":"IMMOBILIER Business","url":"https:\/\/www.immobilienbusiness.ch\/","logo":{"@type":"ImageObject","inLanguage":"fr-FR","@id":"https:\/\/www.immobilienbusiness.ch\/#\/schema\/logo\/image\/","url":"https:\/\/www.immobilienbusiness.ch\/wp-content\/uploads\/2021\/07\/logo_ib.png","contentUrl":"https:\/\/www.immobilienbusiness.ch\/wp-content\/uploads\/2021\/07\/logo_ib.png","width":800,"height":181,"caption":"IMMOBILIEN Business"},"image":{"@id":"https:\/\/www.immobilienbusiness.ch\/#\/schema\/logo\/image\/"},"sameAs":["https:\/\/www.facebook.com\/immobilienbusiness\/"]},{"@type":"Person","@id":"https:\/\/www.immobilienbusiness.ch\/#\/schema\/person\/aa2bace6c5c5aad60102004a50c4eb1c","name":"Editorial","image":{"@type":"ImageObject","inLanguage":"fr-FR","@id":"https:\/\/secure.gravatar.com\/avatar\/ae2f4d718e6c49043e314ce431e7e645d646302a24a5ef5a8bc8e3f5a032e319?s=96&d=mm&r=g","url":"https:\/\/secure.gravatar.com\/avatar\/ae2f4d718e6c49043e314ce431e7e645d646302a24a5ef5a8bc8e3f5a032e319?s=96&d=mm&r=g","contentUrl":"https:\/\/secure.gravatar.com\/avatar\/ae2f4d718e6c49043e314ce431e7e645d646302a24a5ef5a8bc8e3f5a032e319?s=96&d=mm&r=g","caption":"Redaktion"},"sameAs":["http:\/\/develop.organisator.galledia.ch"],"url":"https:\/\/www.immobilienbusiness.ch\/fr\/author\/admin\/"}]}},"_links":{"self":[{"href":"https:\/\/www.immobilienbusiness.ch\/fr\/wp-json\/wp\/v2\/posts\/4409","targetHints":{"allow":["GET"]}}],"collection":[{"href":"https:\/\/www.immobilienbusiness.ch\/fr\/wp-json\/wp\/v2\/posts"}],"about":[{"href":"https:\/\/www.immobilienbusiness.ch\/fr\/wp-json\/wp\/v2\/types\/post"}],"author":[{"embeddable":true,"href":"https:\/\/www.immobilienbusiness.ch\/fr\/wp-json\/wp\/v2\/users\/1"}],"replies":[{"embeddable":true,"href":"https:\/\/www.immobilienbusiness.ch\/fr\/wp-json\/wp\/v2\/comments?post=4409"}],"version-history":[{"count":0,"href":"https:\/\/www.immobilienbusiness.ch\/fr\/wp-json\/wp\/v2\/posts\/4409\/revisions"}],"wp:featuredmedia":[{"embeddable":true,"href":"https:\/\/www.immobilienbusiness.ch\/fr\/wp-json\/wp\/v2\/media\/4411"}],"wp:attachment":[{"href":"https:\/\/www.immobilienbusiness.ch\/fr\/wp-json\/wp\/v2\/media?parent=4409"}],"wp:term":[{"taxonomy":"category","embeddable":true,"href":"https:\/\/www.immobilienbusiness.ch\/fr\/wp-json\/wp\/v2\/categories?post=4409"},{"taxonomy":"post_tag","embeddable":true,"href":"https:\/\/www.immobilienbusiness.ch\/fr\/wp-json\/wp\/v2\/tags?post=4409"}],"curies":[{"name":"wp","href":"https:\/\/api.w.org\/{rel}","templated":true}]}}