{"id":43827,"date":"2022-09-07T06:56:42","date_gmt":"2022-09-07T04:56:42","guid":{"rendered":"https:\/\/www.immobilienbusiness.ch\/?p=43827"},"modified":"2022-09-07T06:56:42","modified_gmt":"2022-09-07T04:56:42","slug":"basel-roche-eroeffnet-das-hoechste-gebaeude-der-schweiz","status":"publish","type":"post","link":"https:\/\/www.immobilienbusiness.ch\/fr\/regionen\/2022-09-07\/basel-roche-eroeffnet-das-hoechste-gebaeude-der-schweiz\/","title":{"rendered":"B\u00e2le : Roche inaugure le plus haut b\u00e2timent de Suisse"},"content":{"rendered":"<figure id=\"attachment_43828\" aria-describedby=\"caption-attachment-43828\" style=\"width: 1400px\" class=\"wp-caption alignnone\"><a href=\"https:\/\/www.immobilienbusiness.ch\/wp-content\/uploads\/2022\/09\/Roche-scaled.jpg\"><img loading=\"lazy\" decoding=\"async\" class=\"size-full wp-image-43828\" src=\"https:\/\/www.immobilienbusiness.ch\/wp-content\/uploads\/2022\/09\/Roche-scaled.jpg\" alt=\"\" width=\"1400\" height=\"1049\" srcset=\"https:\/\/www.immobilienbusiness.ch\/wp-content\/uploads\/2022\/09\/Roche-scaled.jpg 1200w, https:\/\/www.immobilienbusiness.ch\/wp-content\/uploads\/2022\/09\/Roche-300x225.jpg 300w, https:\/\/www.immobilienbusiness.ch\/wp-content\/uploads\/2022\/09\/Roche-1024x767.jpg 1024w, https:\/\/www.immobilienbusiness.ch\/wp-content\/uploads\/2022\/09\/Roche-768x575.jpg 768w, https:\/\/www.immobilienbusiness.ch\/wp-content\/uploads\/2022\/09\/Roche-1536x1150.jpg 1536w, https:\/\/www.immobilienbusiness.ch\/wp-content\/uploads\/2022\/09\/Roche-2048x1534.jpg 2048w, https:\/\/www.immobilienbusiness.ch\/wp-content\/uploads\/2022\/09\/Roche-16x12.jpg 16w, https:\/\/www.immobilienbusiness.ch\/wp-content\/uploads\/2022\/09\/Roche-234x175.jpg 234w, https:\/\/www.immobilienbusiness.ch\/wp-content\/uploads\/2022\/09\/Roche-467x350.jpg 467w, https:\/\/www.immobilienbusiness.ch\/wp-content\/uploads\/2022\/09\/Roche-1068x800.jpg 1068w, https:\/\/www.immobilienbusiness.ch\/wp-content\/uploads\/2022\/09\/Roche-920x689.jpg 920w\" sizes=\"auto, (max-width: 1400px) 100vw, 1400px\" \/><\/a><figcaption id=\"caption-attachment-43828\" class=\"wp-caption-text\">Le b\u00e2timent 2 \u00e0 B\u00e2le vu du nord-est (photo : Roche)<\/figcaption><\/figure>\n<p>La deuxi\u00e8me tour de bureaux de Roche \u00e0 B\u00e2le (\"Bau 2\") a co\u00fbt\u00e9 550 millions de CHF et atteint une hauteur de 205 m, un nouveau record en Suisse. Le b\u00e2timent permet \u00e0 Roche de regrouper des collaborateurs de diff\u00e9rents sites de la ville de B\u00e2le sur son site central de bureaux. La tour abrite un total de 3 200 postes de travail r\u00e9partis sur 50 \u00e9tages et une surface brute de 83 000 m\u00b2.<\/p>\n<p>Selon Roche, la suite du d\u00e9veloppement du site se d\u00e9roule comme pr\u00e9vu et le nouveau centre de recherche et de d\u00e9veloppement devrait ouvrir ses portes \u00e0 l'automne 2024. Roche investit \u00e0 cet effet 1,2 milliard de francs suisses. <i>(aw)<\/i><\/p>","protected":false},"excerpt":{"rendered":"<p>Le groupe pharmaceutique Roche annonce l'inauguration de son nouveau gratte-ciel \u00e0 B\u00e2le et fait \u00e9tat de progr\u00e8s dans la poursuite du d\u00e9veloppement du site, qui co\u00fbtera 1,2 milliard de francs suisses. <\/p>","protected":false},"author":102,"featured_media":43828,"comment_status":"closed","ping_status":"closed","sticky":false,"template":"","format":"standard","meta":{"_acf_changed":false,"_yoast_wpseo_focuskw":"Roche","_yoast_wpseo_title":"","_yoast_wpseo_metadesc":"Der Pharmakonzern Roche verk\u00fcndet die Einweihung seines neuen Hochhauses in Basel und meldet Fortschritte bei der weiteren Arealentwicklung.","_yoast_wpseo_linkdex":43,"pgc_sgb_lightbox_settings":"","footnotes":""},"categories":[985],"tags":[1071,2081,1219,1308],"class_list":["post-43827","post","type-post","status-publish","format-standard","has-post-thumbnail","hentry","category-regionen","tag-basel-stadt","tag-bueros","tag-fertigstellung","tag-hochhaus"],"acf":[],"yoast_head":"<!-- This site is optimized with the Yoast SEO plugin v27.4 - https:\/\/yoast.com\/product\/yoast-seo-wordpress\/ -->\n<title>Basel: Roche er\u00f6ffnet das h\u00f6chste Geb\u00e4ude der Schweiz - IMMOBILIEN Business<\/title>\n<meta name=\"description\" content=\"Der Pharmakonzern Roche verk\u00fcndet die Einweihung seines neuen Hochhauses in Basel und meldet Fortschritte bei der weiteren Arealentwicklung.\" \/>\n<meta name=\"robots\" content=\"index, follow, max-snippet:-1, max-image-preview:large, max-video-preview:-1\" \/>\n<link rel=\"canonical\" href=\"https:\/\/www.immobilienbusiness.ch\/fr\/regionen\/2022-09-07\/basel-roche-eroeffnet-das-hoechste-gebaeude-der-schweiz\/\" \/>\n<meta property=\"og:locale\" content=\"fr_FR\" \/>\n<meta property=\"og:type\" content=\"article\" \/>\n<meta property=\"og:title\" content=\"Basel: Roche er\u00f6ffnet das h\u00f6chste Geb\u00e4ude der Schweiz - IMMOBILIEN Business\" \/>\n<meta property=\"og:description\" content=\"Der Pharmakonzern Roche verk\u00fcndet die Einweihung seines neuen Hochhauses in Basel und meldet Fortschritte bei der weiteren Arealentwicklung.\" \/>\n<meta property=\"og:url\" content=\"https:\/\/www.immobilienbusiness.ch\/fr\/regionen\/2022-09-07\/basel-roche-eroeffnet-das-hoechste-gebaeude-der-schweiz\/\" \/>\n<meta property=\"og:site_name\" content=\"IMMOBILIEN Business\" \/>\n<meta property=\"article:publisher\" content=\"https:\/\/www.facebook.com\/immobilienbusiness\/\" \/>\n<meta property=\"article:published_time\" content=\"2022-09-07T04:56:42+00:00\" \/>\n<meta property=\"og:image\" content=\"https:\/\/www.immobilienbusiness.ch\/wp-content\/uploads\/2022\/09\/Roche-scaled.jpg\" \/>\n\t<meta property=\"og:image:width\" content=\"1200\" \/>\n\t<meta property=\"og:image:height\" content=\"899\" \/>\n\t<meta property=\"og:image:type\" content=\"image\/jpeg\" \/>\n<meta name=\"author\" content=\"Alexander Wachter\" \/>\n<meta name=\"twitter:card\" content=\"summary_large_image\" \/>\n<meta name=\"twitter:image\" content=\"https:\/\/www.immobilienbusiness.ch\/wp-content\/uploads\/2022\/09\/Roche-scaled.jpg\" \/>\n<script type=\"application\/ld+json\" class=\"yoast-schema-graph\">{\"@context\":\"https:\\\/\\\/schema.org\",\"@graph\":[{\"@type\":\"Article\",\"@id\":\"https:\\\/\\\/www.immobilienbusiness.ch\\\/en\\\/regionen\\\/2022-09-07\\\/basel-roche-eroeffnet-das-hoechste-gebaeude-der-schweiz\\\/#article\",\"isPartOf\":{\"@id\":\"https:\\\/\\\/www.immobilienbusiness.ch\\\/en\\\/regionen\\\/2022-09-07\\\/basel-roche-eroeffnet-das-hoechste-gebaeude-der-schweiz\\\/\"},\"author\":{\"name\":\"Alexander Wachter\",\"@id\":\"https:\\\/\\\/www.immobilienbusiness.ch\\\/#\\\/schema\\\/person\\\/aba8bea2db926aa0c24c08c43fe1fcd5\"},\"headline\":\"Basel: Roche er\u00f6ffnet das h\u00f6chste Geb\u00e4ude der Schweiz\",\"datePublished\":\"2022-09-07T04:56:42+00:00\",\"mainEntityOfPage\":{\"@id\":\"https:\\\/\\\/www.immobilienbusiness.ch\\\/en\\\/regionen\\\/2022-09-07\\\/basel-roche-eroeffnet-das-hoechste-gebaeude-der-schweiz\\\/\"},\"wordCount\":113,\"publisher\":{\"@id\":\"https:\\\/\\\/www.immobilienbusiness.ch\\\/#organization\"},\"image\":{\"@id\":\"https:\\\/\\\/www.immobilienbusiness.ch\\\/en\\\/regionen\\\/2022-09-07\\\/basel-roche-eroeffnet-das-hoechste-gebaeude-der-schweiz\\\/#primaryimage\"},\"thumbnailUrl\":\"https:\\\/\\\/www.immobilienbusiness.ch\\\/wp-content\\\/uploads\\\/2022\\\/09\\\/Roche-scaled.jpg\",\"keywords\":[\"Basel-Stadt\",\"B\u00fcros\",\"Fertigstellung\",\"Hochhaus\"],\"articleSection\":[\"REGIONEN\"],\"inLanguage\":\"fr-FR\"},{\"@type\":\"WebPage\",\"@id\":\"https:\\\/\\\/www.immobilienbusiness.ch\\\/en\\\/regionen\\\/2022-09-07\\\/basel-roche-eroeffnet-das-hoechste-gebaeude-der-schweiz\\\/\",\"url\":\"https:\\\/\\\/www.immobilienbusiness.ch\\\/en\\\/regionen\\\/2022-09-07\\\/basel-roche-eroeffnet-das-hoechste-gebaeude-der-schweiz\\\/\",\"name\":\"Basel: Roche er\u00f6ffnet das h\u00f6chste Geb\u00e4ude der Schweiz - IMMOBILIEN Business\",\"isPartOf\":{\"@id\":\"https:\\\/\\\/www.immobilienbusiness.ch\\\/#website\"},\"primaryImageOfPage\":{\"@id\":\"https:\\\/\\\/www.immobilienbusiness.ch\\\/en\\\/regionen\\\/2022-09-07\\\/basel-roche-eroeffnet-das-hoechste-gebaeude-der-schweiz\\\/#primaryimage\"},\"image\":{\"@id\":\"https:\\\/\\\/www.immobilienbusiness.ch\\\/en\\\/regionen\\\/2022-09-07\\\/basel-roche-eroeffnet-das-hoechste-gebaeude-der-schweiz\\\/#primaryimage\"},\"thumbnailUrl\":\"https:\\\/\\\/www.immobilienbusiness.ch\\\/wp-content\\\/uploads\\\/2022\\\/09\\\/Roche-scaled.jpg\",\"datePublished\":\"2022-09-07T04:56:42+00:00\",\"description\":\"Der Pharmakonzern Roche verk\u00fcndet die Einweihung seines neuen Hochhauses in Basel und meldet Fortschritte bei der weiteren Arealentwicklung.\",\"breadcrumb\":{\"@id\":\"https:\\\/\\\/www.immobilienbusiness.ch\\\/en\\\/regionen\\\/2022-09-07\\\/basel-roche-eroeffnet-das-hoechste-gebaeude-der-schweiz\\\/#breadcrumb\"},\"inLanguage\":\"fr-FR\",\"potentialAction\":[{\"@type\":\"ReadAction\",\"target\":[\"https:\\\/\\\/www.immobilienbusiness.ch\\\/en\\\/regionen\\\/2022-09-07\\\/basel-roche-eroeffnet-das-hoechste-gebaeude-der-schweiz\\\/\"]}]},{\"@type\":\"ImageObject\",\"inLanguage\":\"fr-FR\",\"@id\":\"https:\\\/\\\/www.immobilienbusiness.ch\\\/en\\\/regionen\\\/2022-09-07\\\/basel-roche-eroeffnet-das-hoechste-gebaeude-der-schweiz\\\/#primaryimage\",\"url\":\"https:\\\/\\\/www.immobilienbusiness.ch\\\/wp-content\\\/uploads\\\/2022\\\/09\\\/Roche-scaled.jpg\",\"contentUrl\":\"https:\\\/\\\/www.immobilienbusiness.ch\\\/wp-content\\\/uploads\\\/2022\\\/09\\\/Roche-scaled.jpg\",\"width\":1200,\"height\":899,\"caption\":\"Der Bau 2 in Basel von Nordosten gesehen (Bild: Roche)\"},{\"@type\":\"BreadcrumbList\",\"@id\":\"https:\\\/\\\/www.immobilienbusiness.ch\\\/en\\\/regionen\\\/2022-09-07\\\/basel-roche-eroeffnet-das-hoechste-gebaeude-der-schweiz\\\/#breadcrumb\",\"itemListElement\":[{\"@type\":\"ListItem\",\"position\":1,\"name\":\"Home\",\"item\":\"https:\\\/\\\/www.immobilienbusiness.ch\\\/\"},{\"@type\":\"ListItem\",\"position\":2,\"name\":\"Basel: Roche er\u00f6ffnet das h\u00f6chste Geb\u00e4ude der Schweiz\"}]},{\"@type\":\"WebSite\",\"@id\":\"https:\\\/\\\/www.immobilienbusiness.ch\\\/#website\",\"url\":\"https:\\\/\\\/www.immobilienbusiness.ch\\\/\",\"name\":\"IMMOBILIEN Business\",\"description\":\"Unabh\u00e4ngiges Schweizer Wirtschaftsmagazin mit Fokus auf Immobilien, Architektur- und Bau sowie Investment- und Finanzierung.\",\"publisher\":{\"@id\":\"https:\\\/\\\/www.immobilienbusiness.ch\\\/#organization\"},\"potentialAction\":[{\"@type\":\"SearchAction\",\"target\":{\"@type\":\"EntryPoint\",\"urlTemplate\":\"https:\\\/\\\/www.immobilienbusiness.ch\\\/?s={search_term_string}\"},\"query-input\":{\"@type\":\"PropertyValueSpecification\",\"valueRequired\":true,\"valueName\":\"search_term_string\"}}],\"inLanguage\":\"fr-FR\"},{\"@type\":\"Organization\",\"@id\":\"https:\\\/\\\/www.immobilienbusiness.ch\\\/#organization\",\"name\":\"IMMOBILIEN Business\",\"url\":\"https:\\\/\\\/www.immobilienbusiness.ch\\\/\",\"logo\":{\"@type\":\"ImageObject\",\"inLanguage\":\"fr-FR\",\"@id\":\"https:\\\/\\\/www.immobilienbusiness.ch\\\/#\\\/schema\\\/logo\\\/image\\\/\",\"url\":\"https:\\\/\\\/www.immobilienbusiness.ch\\\/wp-content\\\/uploads\\\/2021\\\/07\\\/logo_ib.png\",\"contentUrl\":\"https:\\\/\\\/www.immobilienbusiness.ch\\\/wp-content\\\/uploads\\\/2021\\\/07\\\/logo_ib.png\",\"width\":800,\"height\":181,\"caption\":\"IMMOBILIEN Business\"},\"image\":{\"@id\":\"https:\\\/\\\/www.immobilienbusiness.ch\\\/#\\\/schema\\\/logo\\\/image\\\/\"},\"sameAs\":[\"https:\\\/\\\/www.facebook.com\\\/immobilienbusiness\\\/\"]},{\"@type\":\"Person\",\"@id\":\"https:\\\/\\\/www.immobilienbusiness.ch\\\/#\\\/schema\\\/person\\\/aba8bea2db926aa0c24c08c43fe1fcd5\",\"name\":\"Alexander Wachter\",\"image\":{\"@type\":\"ImageObject\",\"inLanguage\":\"fr-FR\",\"@id\":\"https:\\\/\\\/secure.gravatar.com\\\/avatar\\\/1a09e471f5389b0e0a6416eac287e0927c7c97a7b77f9e787eba3af7aee281dd?s=96&d=mm&r=g\",\"url\":\"https:\\\/\\\/secure.gravatar.com\\\/avatar\\\/1a09e471f5389b0e0a6416eac287e0927c7c97a7b77f9e787eba3af7aee281dd?s=96&d=mm&r=g\",\"contentUrl\":\"https:\\\/\\\/secure.gravatar.com\\\/avatar\\\/1a09e471f5389b0e0a6416eac287e0927c7c97a7b77f9e787eba3af7aee281dd?s=96&d=mm&r=g\",\"caption\":\"Alexander Wachter\"},\"url\":\"https:\\\/\\\/www.immobilienbusiness.ch\\\/fr\\\/author\\\/alexander-wachter\\\/\"}]}<\/script>\n<!-- \/ Yoast SEO plugin. -->","yoast_head_json":{"title":"Basel: Roche er\u00f6ffnet das h\u00f6chste Geb\u00e4ude der Schweiz - IMMOBILIEN Business","description":"Der Pharmakonzern Roche verk\u00fcndet die Einweihung seines neuen Hochhauses in Basel und meldet Fortschritte bei der weiteren Arealentwicklung.","robots":{"index":"index","follow":"follow","max-snippet":"max-snippet:-1","max-image-preview":"max-image-preview:large","max-video-preview":"max-video-preview:-1"},"canonical":"https:\/\/www.immobilienbusiness.ch\/fr\/regionen\/2022-09-07\/basel-roche-eroeffnet-das-hoechste-gebaeude-der-schweiz\/","og_locale":"fr_FR","og_type":"article","og_title":"Basel: Roche er\u00f6ffnet das h\u00f6chste Geb\u00e4ude der Schweiz - IMMOBILIEN Business","og_description":"Der Pharmakonzern Roche verk\u00fcndet die Einweihung seines neuen Hochhauses in Basel und meldet Fortschritte bei der weiteren Arealentwicklung.","og_url":"https:\/\/www.immobilienbusiness.ch\/fr\/regionen\/2022-09-07\/basel-roche-eroeffnet-das-hoechste-gebaeude-der-schweiz\/","og_site_name":"IMMOBILIEN Business","article_publisher":"https:\/\/www.facebook.com\/immobilienbusiness\/","article_published_time":"2022-09-07T04:56:42+00:00","og_image":[{"width":1200,"height":899,"url":"https:\/\/www.immobilienbusiness.ch\/wp-content\/uploads\/2022\/09\/Roche-scaled.jpg","type":"image\/jpeg"}],"author":"Alexander Wachter","twitter_card":"summary_large_image","twitter_image":"https:\/\/www.immobilienbusiness.ch\/wp-content\/uploads\/2022\/09\/Roche-scaled.jpg","schema":{"@context":"https:\/\/schema.org","@graph":[{"@type":"Article","@id":"https:\/\/www.immobilienbusiness.ch\/en\/regionen\/2022-09-07\/basel-roche-eroeffnet-das-hoechste-gebaeude-der-schweiz\/#article","isPartOf":{"@id":"https:\/\/www.immobilienbusiness.ch\/en\/regionen\/2022-09-07\/basel-roche-eroeffnet-das-hoechste-gebaeude-der-schweiz\/"},"author":{"name":"Alexander Wachter","@id":"https:\/\/www.immobilienbusiness.ch\/#\/schema\/person\/aba8bea2db926aa0c24c08c43fe1fcd5"},"headline":"Basel: Roche er\u00f6ffnet das h\u00f6chste Geb\u00e4ude der Schweiz","datePublished":"2022-09-07T04:56:42+00:00","mainEntityOfPage":{"@id":"https:\/\/www.immobilienbusiness.ch\/en\/regionen\/2022-09-07\/basel-roche-eroeffnet-das-hoechste-gebaeude-der-schweiz\/"},"wordCount":113,"publisher":{"@id":"https:\/\/www.immobilienbusiness.ch\/#organization"},"image":{"@id":"https:\/\/www.immobilienbusiness.ch\/en\/regionen\/2022-09-07\/basel-roche-eroeffnet-das-hoechste-gebaeude-der-schweiz\/#primaryimage"},"thumbnailUrl":"https:\/\/www.immobilienbusiness.ch\/wp-content\/uploads\/2022\/09\/Roche-scaled.jpg","keywords":["Basel-Stadt","B\u00fcros","Fertigstellung","Hochhaus"],"articleSection":["REGIONEN"],"inLanguage":"fr-FR"},{"@type":"WebPage","@id":"https:\/\/www.immobilienbusiness.ch\/en\/regionen\/2022-09-07\/basel-roche-eroeffnet-das-hoechste-gebaeude-der-schweiz\/","url":"https:\/\/www.immobilienbusiness.ch\/en\/regionen\/2022-09-07\/basel-roche-eroeffnet-das-hoechste-gebaeude-der-schweiz\/","name":"Basel: Roche er\u00f6ffnet das h\u00f6chste Geb\u00e4ude der Schweiz - IMMOBILIEN Business","isPartOf":{"@id":"https:\/\/www.immobilienbusiness.ch\/#website"},"primaryImageOfPage":{"@id":"https:\/\/www.immobilienbusiness.ch\/en\/regionen\/2022-09-07\/basel-roche-eroeffnet-das-hoechste-gebaeude-der-schweiz\/#primaryimage"},"image":{"@id":"https:\/\/www.immobilienbusiness.ch\/en\/regionen\/2022-09-07\/basel-roche-eroeffnet-das-hoechste-gebaeude-der-schweiz\/#primaryimage"},"thumbnailUrl":"https:\/\/www.immobilienbusiness.ch\/wp-content\/uploads\/2022\/09\/Roche-scaled.jpg","datePublished":"2022-09-07T04:56:42+00:00","description":"Der Pharmakonzern Roche verk\u00fcndet die Einweihung seines neuen Hochhauses in Basel und meldet Fortschritte bei der weiteren Arealentwicklung.","breadcrumb":{"@id":"https:\/\/www.immobilienbusiness.ch\/en\/regionen\/2022-09-07\/basel-roche-eroeffnet-das-hoechste-gebaeude-der-schweiz\/#breadcrumb"},"inLanguage":"fr-FR","potentialAction":[{"@type":"ReadAction","target":["https:\/\/www.immobilienbusiness.ch\/en\/regionen\/2022-09-07\/basel-roche-eroeffnet-das-hoechste-gebaeude-der-schweiz\/"]}]},{"@type":"ImageObject","inLanguage":"fr-FR","@id":"https:\/\/www.immobilienbusiness.ch\/en\/regionen\/2022-09-07\/basel-roche-eroeffnet-das-hoechste-gebaeude-der-schweiz\/#primaryimage","url":"https:\/\/www.immobilienbusiness.ch\/wp-content\/uploads\/2022\/09\/Roche-scaled.jpg","contentUrl":"https:\/\/www.immobilienbusiness.ch\/wp-content\/uploads\/2022\/09\/Roche-scaled.jpg","width":1200,"height":899,"caption":"Der Bau 2 in Basel von Nordosten gesehen (Bild: Roche)"},{"@type":"BreadcrumbList","@id":"https:\/\/www.immobilienbusiness.ch\/en\/regionen\/2022-09-07\/basel-roche-eroeffnet-das-hoechste-gebaeude-der-schweiz\/#breadcrumb","itemListElement":[{"@type":"ListItem","position":1,"name":"Home","item":"https:\/\/www.immobilienbusiness.ch\/"},{"@type":"ListItem","position":2,"name":"Basel: Roche er\u00f6ffnet das h\u00f6chste Geb\u00e4ude der Schweiz"}]},{"@type":"WebSite","@id":"https:\/\/www.immobilienbusiness.ch\/#website","url":"https:\/\/www.immobilienbusiness.ch\/","name":"IMMOBILIER Business","description":"Magazine \u00e9conomique suisse ind\u00e9pendant ax\u00e9 sur l'immobilier, l'architecture et la construction ainsi que sur les investissements et le financement.","publisher":{"@id":"https:\/\/www.immobilienbusiness.ch\/#organization"},"potentialAction":[{"@type":"SearchAction","target":{"@type":"EntryPoint","urlTemplate":"https:\/\/www.immobilienbusiness.ch\/?s={search_term_string}"},"query-input":{"@type":"PropertyValueSpecification","valueRequired":true,"valueName":"search_term_string"}}],"inLanguage":"fr-FR"},{"@type":"Organization","@id":"https:\/\/www.immobilienbusiness.ch\/#organization","name":"IMMOBILIER Business","url":"https:\/\/www.immobilienbusiness.ch\/","logo":{"@type":"ImageObject","inLanguage":"fr-FR","@id":"https:\/\/www.immobilienbusiness.ch\/#\/schema\/logo\/image\/","url":"https:\/\/www.immobilienbusiness.ch\/wp-content\/uploads\/2021\/07\/logo_ib.png","contentUrl":"https:\/\/www.immobilienbusiness.ch\/wp-content\/uploads\/2021\/07\/logo_ib.png","width":800,"height":181,"caption":"IMMOBILIEN Business"},"image":{"@id":"https:\/\/www.immobilienbusiness.ch\/#\/schema\/logo\/image\/"},"sameAs":["https:\/\/www.facebook.com\/immobilienbusiness\/"]},{"@type":"Person","@id":"https:\/\/www.immobilienbusiness.ch\/#\/schema\/person\/aba8bea2db926aa0c24c08c43fe1fcd5","name":"Alexander Wachter","image":{"@type":"ImageObject","inLanguage":"fr-FR","@id":"https:\/\/secure.gravatar.com\/avatar\/1a09e471f5389b0e0a6416eac287e0927c7c97a7b77f9e787eba3af7aee281dd?s=96&d=mm&r=g","url":"https:\/\/secure.gravatar.com\/avatar\/1a09e471f5389b0e0a6416eac287e0927c7c97a7b77f9e787eba3af7aee281dd?s=96&d=mm&r=g","contentUrl":"https:\/\/secure.gravatar.com\/avatar\/1a09e471f5389b0e0a6416eac287e0927c7c97a7b77f9e787eba3af7aee281dd?s=96&d=mm&r=g","caption":"Alexander Wachter"},"url":"https:\/\/www.immobilienbusiness.ch\/fr\/author\/alexander-wachter\/"}]}},"_links":{"self":[{"href":"https:\/\/www.immobilienbusiness.ch\/fr\/wp-json\/wp\/v2\/posts\/43827","targetHints":{"allow":["GET"]}}],"collection":[{"href":"https:\/\/www.immobilienbusiness.ch\/fr\/wp-json\/wp\/v2\/posts"}],"about":[{"href":"https:\/\/www.immobilienbusiness.ch\/fr\/wp-json\/wp\/v2\/types\/post"}],"author":[{"embeddable":true,"href":"https:\/\/www.immobilienbusiness.ch\/fr\/wp-json\/wp\/v2\/users\/102"}],"replies":[{"embeddable":true,"href":"https:\/\/www.immobilienbusiness.ch\/fr\/wp-json\/wp\/v2\/comments?post=43827"}],"version-history":[{"count":3,"href":"https:\/\/www.immobilienbusiness.ch\/fr\/wp-json\/wp\/v2\/posts\/43827\/revisions"}],"predecessor-version":[{"id":43831,"href":"https:\/\/www.immobilienbusiness.ch\/fr\/wp-json\/wp\/v2\/posts\/43827\/revisions\/43831"}],"wp:featuredmedia":[{"embeddable":true,"href":"https:\/\/www.immobilienbusiness.ch\/fr\/wp-json\/wp\/v2\/media\/43828"}],"wp:attachment":[{"href":"https:\/\/www.immobilienbusiness.ch\/fr\/wp-json\/wp\/v2\/media?parent=43827"}],"wp:term":[{"taxonomy":"category","embeddable":true,"href":"https:\/\/www.immobilienbusiness.ch\/fr\/wp-json\/wp\/v2\/categories?post=43827"},{"taxonomy":"post_tag","embeddable":true,"href":"https:\/\/www.immobilienbusiness.ch\/fr\/wp-json\/wp\/v2\/tags?post=43827"}],"curies":[{"name":"wp","href":"https:\/\/api.w.org\/{rel}","templated":true}]}}