{"id":4377,"date":"2016-12-06T08:18:00","date_gmt":"2016-12-06T07:18:00","guid":{"rendered":"http:\/\/dev.immobilienbusiness.ch\/?p=4377"},"modified":"2016-12-06T08:18:00","modified_gmt":"2016-12-06T07:18:00","slug":"real-estate-award-jury-tritt-fast-geschlossen-zurueck","status":"publish","type":"post","link":"https:\/\/www.immobilienbusiness.ch\/fr\/unternehmen\/2016-12-06\/real-estate-award-jury-tritt-fast-geschlossen-zurueck\/","title":{"rendered":"Real Estate Award : le jury se retire presque en bloc"},"content":{"rendered":"<figure id=\"attachment_4381\" aria-describedby=\"caption-attachment-4381\" style=\"width: 666px\" class=\"wp-caption alignnone\"><img loading=\"lazy\" decoding=\"async\" class=\"size-medium wp-image-4381\" src=\"https:\/\/immobilienbusiness.ch\/wp-content\/uploads\/2016\/12\/Real-Estate-Award-Jury-tritt-fast-geschlossen-zur\u00fcck-immobilien-business.jpg\" alt=\"Die Jury der Real Estate Awards steht vor einer Neuausrichtung (Foto: Real Estate Award )\" width=\"666\" height=\"1000\" \/><figcaption id=\"caption-attachment-4381\" class=\"wp-caption-text\">Le jury des Real Estate Awards est sur le point d'\u00eatre r\u00e9organis\u00e9 (Photo : Real Estate Award )<\/figcaption><\/figure>\n<p>Le Real Estate Award a \u00e9t\u00e9 cr\u00e9\u00e9 en 2011. Depuis, le prix est d\u00e9cern\u00e9 chaque ann\u00e9e dans le cadre de la Real Estate Night devant quelque 300 invit\u00e9s \u00e0 des projets et services immobiliers exceptionnels ainsi qu'\u00e0 des personnalit\u00e9s de l'immobilier. Un jury compos\u00e9 de professionnels de l'immobilier a \u00e9valu\u00e9 les projets soumis sur la base de crit\u00e8res d\u00e9finis.<\/p>\n<p>Cette d\u00e9mission se profilait depuis un certain temps, \u00e9crivent les membres du jury dans un communiqu\u00e9 commun : \"Des discussions intensives ont \u00e9t\u00e9 men\u00e9es avec l'organisateur Immoinfo24 sur l'orientation et le positionnement futurs de la manifestation. Malheureusement, les points de vue \u00e0 ce sujet divergeaient trop fortement\".<\/p>\n<p>Les anciens membres du jury soulignent qu'ils restent bienveillants \u00e0 l'\u00e9gard de l'\u00e9v\u00e9nement : \"Nous sommes convaincus que le Real Estate Award a sa raison d'\u00eatre, mais nous pensons aussi qu'il doit s'orienter davantage vers les besoins du secteur immobilier\".<\/p>\n<p>Ce retrait a \u00e9galement des cons\u00e9quences pour le SVSM-Award, la distinction de l'Association suisse pour la gestion de sites : Celui-ci a \u00e9t\u00e9 remis pour la premi\u00e8re fois en 2016, \u00e9galement dans le cadre de la Real Estate Night ; en 2017, les deux \u00e9v\u00e9nements devraient \u00e0 nouveau avoir lieu s\u00e9par\u00e9ment. (ah)<\/p>","protected":false},"excerpt":{"rendered":"<p>Quatre des cinq membres du jury des Real Estate Awards ont annonc\u00e9 leur d\u00e9mission. Peter Jaeggi, Bernhard Ruhstaller, Walter Sch\u00e4rer et Beat Seger quittent le jury en raison de divergences de vues sur l'orientation future de l'\u00e9v\u00e9nement. Andr\u00e9 R. Spathelf reste donc membre du jury.<\/p>","protected":false},"author":1,"featured_media":4381,"comment_status":"open","ping_status":"open","sticky":false,"template":"","format":"standard","meta":{"_acf_changed":false,"_yoast_wpseo_focuskw":"Real Estate Award","_yoast_wpseo_title":"","_yoast_wpseo_metadesc":"Vier der insgesamt f\u00fcnf Jury-Mitglieder des Real Estate Awards haben ihren R\u00fccktritt bekannt gegeben.","_yoast_wpseo_linkdex":62,"pgc_sgb_lightbox_settings":"","footnotes":""},"categories":[988],"tags":[1807],"class_list":["post-4377","post","type-post","status-publish","format-standard","has-post-thumbnail","hentry","category-unternehmen","tag-unternehmen"],"acf":[],"yoast_head":"<!-- This site is optimized with the Yoast SEO plugin v27.5 - https:\/\/yoast.com\/product\/yoast-seo-wordpress\/ -->\n<title>Real Estate Award: Jury tritt fast geschlossen zur\u00fcck - IMMOBILIEN Business<\/title>\n<meta name=\"description\" content=\"Vier der insgesamt f\u00fcnf Jury-Mitglieder des Real Estate Awards haben ihren R\u00fccktritt bekannt gegeben.\" \/>\n<meta name=\"robots\" content=\"index, follow, max-snippet:-1, max-image-preview:large, max-video-preview:-1\" \/>\n<link rel=\"canonical\" href=\"https:\/\/www.immobilienbusiness.ch\/fr\/unternehmen\/2016-12-06\/real-estate-award-jury-tritt-fast-geschlossen-zurueck\/\" \/>\n<meta property=\"og:locale\" content=\"fr_FR\" \/>\n<meta property=\"og:type\" content=\"article\" \/>\n<meta property=\"og:title\" content=\"Real Estate Award: Jury tritt fast geschlossen zur\u00fcck\" \/>\n<meta property=\"og:description\" content=\"Vier der insgesamt f\u00fcnf Jury-Mitglieder des Real Estate Awards haben ihren R\u00fccktritt bekannt gegeben. Peter Jaeggi, Bernhard Ruhstaller, Walter Sch\u00e4rer und Beat Seger verlassen die Jury auf Grund von unterschiedlichen Ansichten \u00fcber die k\u00fcnftige Ausrichtung des Anlasses. In der Jury verbleibt damit Andr\u00e9 R. Spathelf.\" \/>\n<meta property=\"og:url\" content=\"https:\/\/www.immobilienbusiness.ch\/fr\/unternehmen\/2016-12-06\/real-estate-award-jury-tritt-fast-geschlossen-zurueck\/\" \/>\n<meta property=\"og:site_name\" content=\"IMMOBILIEN Business\" \/>\n<meta property=\"article:publisher\" content=\"https:\/\/www.facebook.com\/immobilienbusiness\/\" \/>\n<meta property=\"article:published_time\" content=\"2016-12-06T07:18:00+00:00\" \/>\n<meta name=\"author\" content=\"Redaktion\" \/>\n<meta name=\"twitter:card\" content=\"summary_large_image\" \/>\n<meta name=\"twitter:image\" content=\"https:\/\/www.immobilienbusiness.ch\/wp-content\/uploads\/2016\/12\/Real-Estate-Award-Jury-tritt-fast-geschlossen-zurueck-immobilien-business.jpg\" \/>\n<script type=\"application\/ld+json\" class=\"yoast-schema-graph\">{\"@context\":\"https:\\\/\\\/schema.org\",\"@graph\":[{\"@type\":\"Article\",\"@id\":\"https:\\\/\\\/www.immobilienbusiness.ch\\\/fr\\\/unternehmen\\\/2016-12-06\\\/real-estate-award-jury-tritt-fast-geschlossen-zurueck\\\/#article\",\"isPartOf\":{\"@id\":\"https:\\\/\\\/www.immobilienbusiness.ch\\\/fr\\\/unternehmen\\\/2016-12-06\\\/real-estate-award-jury-tritt-fast-geschlossen-zurueck\\\/\"},\"author\":{\"name\":\"Redaktion\",\"@id\":\"https:\\\/\\\/www.immobilienbusiness.ch\\\/#\\\/schema\\\/person\\\/aa2bace6c5c5aad60102004a50c4eb1c\"},\"headline\":\"Real Estate Award: Jury tritt fast geschlossen zur\u00fcck\",\"datePublished\":\"2016-12-06T07:18:00+00:00\",\"mainEntityOfPage\":{\"@id\":\"https:\\\/\\\/www.immobilienbusiness.ch\\\/fr\\\/unternehmen\\\/2016-12-06\\\/real-estate-award-jury-tritt-fast-geschlossen-zurueck\\\/\"},\"wordCount\":201,\"commentCount\":0,\"publisher\":{\"@id\":\"https:\\\/\\\/www.immobilienbusiness.ch\\\/#organization\"},\"image\":{\"@id\":\"https:\\\/\\\/www.immobilienbusiness.ch\\\/fr\\\/unternehmen\\\/2016-12-06\\\/real-estate-award-jury-tritt-fast-geschlossen-zurueck\\\/#primaryimage\"},\"thumbnailUrl\":\"https:\\\/\\\/www.immobilienbusiness.ch\\\/wp-content\\\/uploads\\\/2016\\\/12\\\/Real-Estate-Award-Jury-tritt-fast-geschlossen-zurueck-immobilien-business.jpg\",\"keywords\":[\"Unternehmen\"],\"articleSection\":[\"UNTERNEHMEN\"],\"inLanguage\":\"fr-FR\"},{\"@type\":\"WebPage\",\"@id\":\"https:\\\/\\\/www.immobilienbusiness.ch\\\/fr\\\/unternehmen\\\/2016-12-06\\\/real-estate-award-jury-tritt-fast-geschlossen-zurueck\\\/\",\"url\":\"https:\\\/\\\/www.immobilienbusiness.ch\\\/fr\\\/unternehmen\\\/2016-12-06\\\/real-estate-award-jury-tritt-fast-geschlossen-zurueck\\\/\",\"name\":\"Real Estate Award: Jury tritt fast geschlossen zur\u00fcck - IMMOBILIEN Business\",\"isPartOf\":{\"@id\":\"https:\\\/\\\/www.immobilienbusiness.ch\\\/#website\"},\"primaryImageOfPage\":{\"@id\":\"https:\\\/\\\/www.immobilienbusiness.ch\\\/fr\\\/unternehmen\\\/2016-12-06\\\/real-estate-award-jury-tritt-fast-geschlossen-zurueck\\\/#primaryimage\"},\"image\":{\"@id\":\"https:\\\/\\\/www.immobilienbusiness.ch\\\/fr\\\/unternehmen\\\/2016-12-06\\\/real-estate-award-jury-tritt-fast-geschlossen-zurueck\\\/#primaryimage\"},\"thumbnailUrl\":\"https:\\\/\\\/www.immobilienbusiness.ch\\\/wp-content\\\/uploads\\\/2016\\\/12\\\/Real-Estate-Award-Jury-tritt-fast-geschlossen-zurueck-immobilien-business.jpg\",\"datePublished\":\"2016-12-06T07:18:00+00:00\",\"description\":\"Vier der insgesamt f\u00fcnf Jury-Mitglieder des Real Estate Awards haben ihren R\u00fccktritt bekannt gegeben.\",\"breadcrumb\":{\"@id\":\"https:\\\/\\\/www.immobilienbusiness.ch\\\/fr\\\/unternehmen\\\/2016-12-06\\\/real-estate-award-jury-tritt-fast-geschlossen-zurueck\\\/#breadcrumb\"},\"inLanguage\":\"fr-FR\",\"potentialAction\":[{\"@type\":\"ReadAction\",\"target\":[\"https:\\\/\\\/www.immobilienbusiness.ch\\\/fr\\\/unternehmen\\\/2016-12-06\\\/real-estate-award-jury-tritt-fast-geschlossen-zurueck\\\/\"]}]},{\"@type\":\"ImageObject\",\"inLanguage\":\"fr-FR\",\"@id\":\"https:\\\/\\\/www.immobilienbusiness.ch\\\/fr\\\/unternehmen\\\/2016-12-06\\\/real-estate-award-jury-tritt-fast-geschlossen-zurueck\\\/#primaryimage\",\"url\":\"https:\\\/\\\/www.immobilienbusiness.ch\\\/wp-content\\\/uploads\\\/2016\\\/12\\\/Real-Estate-Award-Jury-tritt-fast-geschlossen-zurueck-immobilien-business.jpg\",\"contentUrl\":\"https:\\\/\\\/www.immobilienbusiness.ch\\\/wp-content\\\/uploads\\\/2016\\\/12\\\/Real-Estate-Award-Jury-tritt-fast-geschlossen-zurueck-immobilien-business.jpg\",\"width\":1180,\"height\":1772,\"caption\":\"Die Jury der Real Estate Awards steht vor einer Neuausrichtung (Foto: Real Estate Award )\"},{\"@type\":\"BreadcrumbList\",\"@id\":\"https:\\\/\\\/www.immobilienbusiness.ch\\\/fr\\\/unternehmen\\\/2016-12-06\\\/real-estate-award-jury-tritt-fast-geschlossen-zurueck\\\/#breadcrumb\",\"itemListElement\":[{\"@type\":\"ListItem\",\"position\":1,\"name\":\"Home\",\"item\":\"https:\\\/\\\/www.immobilienbusiness.ch\\\/\"},{\"@type\":\"ListItem\",\"position\":2,\"name\":\"Real Estate Award: Jury tritt fast geschlossen zur\u00fcck\"}]},{\"@type\":\"WebSite\",\"@id\":\"https:\\\/\\\/www.immobilienbusiness.ch\\\/#website\",\"url\":\"https:\\\/\\\/www.immobilienbusiness.ch\\\/\",\"name\":\"IMMOBILIEN Business\",\"description\":\"Unabh\u00e4ngiges Schweizer Wirtschaftsmagazin mit Fokus auf Immobilien, Architektur- und Bau sowie Investment- und Finanzierung.\",\"publisher\":{\"@id\":\"https:\\\/\\\/www.immobilienbusiness.ch\\\/#organization\"},\"potentialAction\":[{\"@type\":\"SearchAction\",\"target\":{\"@type\":\"EntryPoint\",\"urlTemplate\":\"https:\\\/\\\/www.immobilienbusiness.ch\\\/?s={search_term_string}\"},\"query-input\":{\"@type\":\"PropertyValueSpecification\",\"valueRequired\":true,\"valueName\":\"search_term_string\"}}],\"inLanguage\":\"fr-FR\"},{\"@type\":\"Organization\",\"@id\":\"https:\\\/\\\/www.immobilienbusiness.ch\\\/#organization\",\"name\":\"IMMOBILIEN Business\",\"url\":\"https:\\\/\\\/www.immobilienbusiness.ch\\\/\",\"logo\":{\"@type\":\"ImageObject\",\"inLanguage\":\"fr-FR\",\"@id\":\"https:\\\/\\\/www.immobilienbusiness.ch\\\/#\\\/schema\\\/logo\\\/image\\\/\",\"url\":\"https:\\\/\\\/www.immobilienbusiness.ch\\\/wp-content\\\/uploads\\\/2021\\\/07\\\/logo_ib.png\",\"contentUrl\":\"https:\\\/\\\/www.immobilienbusiness.ch\\\/wp-content\\\/uploads\\\/2021\\\/07\\\/logo_ib.png\",\"width\":800,\"height\":181,\"caption\":\"IMMOBILIEN Business\"},\"image\":{\"@id\":\"https:\\\/\\\/www.immobilienbusiness.ch\\\/#\\\/schema\\\/logo\\\/image\\\/\"},\"sameAs\":[\"https:\\\/\\\/www.facebook.com\\\/immobilienbusiness\\\/\"]},{\"@type\":\"Person\",\"@id\":\"https:\\\/\\\/www.immobilienbusiness.ch\\\/#\\\/schema\\\/person\\\/aa2bace6c5c5aad60102004a50c4eb1c\",\"name\":\"Redaktion\",\"image\":{\"@type\":\"ImageObject\",\"inLanguage\":\"fr-FR\",\"@id\":\"https:\\\/\\\/secure.gravatar.com\\\/avatar\\\/ae2f4d718e6c49043e314ce431e7e645d646302a24a5ef5a8bc8e3f5a032e319?s=96&d=mm&r=g\",\"url\":\"https:\\\/\\\/secure.gravatar.com\\\/avatar\\\/ae2f4d718e6c49043e314ce431e7e645d646302a24a5ef5a8bc8e3f5a032e319?s=96&d=mm&r=g\",\"contentUrl\":\"https:\\\/\\\/secure.gravatar.com\\\/avatar\\\/ae2f4d718e6c49043e314ce431e7e645d646302a24a5ef5a8bc8e3f5a032e319?s=96&d=mm&r=g\",\"caption\":\"Redaktion\"},\"sameAs\":[\"http:\\\/\\\/develop.organisator.galledia.ch\"],\"url\":\"https:\\\/\\\/www.immobilienbusiness.ch\\\/fr\\\/author\\\/admin\\\/\"}]}<\/script>\n<!-- \/ Yoast SEO plugin. -->","yoast_head_json":{"title":"Real Estate Award: Jury tritt fast geschlossen zur\u00fcck - IMMOBILIEN Business","description":"Vier der insgesamt f\u00fcnf Jury-Mitglieder des Real Estate Awards haben ihren R\u00fccktritt bekannt gegeben.","robots":{"index":"index","follow":"follow","max-snippet":"max-snippet:-1","max-image-preview":"max-image-preview:large","max-video-preview":"max-video-preview:-1"},"canonical":"https:\/\/www.immobilienbusiness.ch\/fr\/unternehmen\/2016-12-06\/real-estate-award-jury-tritt-fast-geschlossen-zurueck\/","og_locale":"fr_FR","og_type":"article","og_title":"Real Estate Award: Jury tritt fast geschlossen zur\u00fcck","og_description":"Vier der insgesamt f\u00fcnf Jury-Mitglieder des Real Estate Awards haben ihren R\u00fccktritt bekannt gegeben. Peter Jaeggi, Bernhard Ruhstaller, Walter Sch\u00e4rer und Beat Seger verlassen die Jury auf Grund von unterschiedlichen Ansichten \u00fcber die k\u00fcnftige Ausrichtung des Anlasses. In der Jury verbleibt damit Andr\u00e9 R. Spathelf.","og_url":"https:\/\/www.immobilienbusiness.ch\/fr\/unternehmen\/2016-12-06\/real-estate-award-jury-tritt-fast-geschlossen-zurueck\/","og_site_name":"IMMOBILIEN Business","article_publisher":"https:\/\/www.facebook.com\/immobilienbusiness\/","article_published_time":"2016-12-06T07:18:00+00:00","author":"Redaktion","twitter_card":"summary_large_image","twitter_image":"https:\/\/www.immobilienbusiness.ch\/wp-content\/uploads\/2016\/12\/Real-Estate-Award-Jury-tritt-fast-geschlossen-zurueck-immobilien-business.jpg","schema":{"@context":"https:\/\/schema.org","@graph":[{"@type":"Article","@id":"https:\/\/www.immobilienbusiness.ch\/fr\/unternehmen\/2016-12-06\/real-estate-award-jury-tritt-fast-geschlossen-zurueck\/#article","isPartOf":{"@id":"https:\/\/www.immobilienbusiness.ch\/fr\/unternehmen\/2016-12-06\/real-estate-award-jury-tritt-fast-geschlossen-zurueck\/"},"author":{"name":"Redaktion","@id":"https:\/\/www.immobilienbusiness.ch\/#\/schema\/person\/aa2bace6c5c5aad60102004a50c4eb1c"},"headline":"Real Estate Award: Jury tritt fast geschlossen zur\u00fcck","datePublished":"2016-12-06T07:18:00+00:00","mainEntityOfPage":{"@id":"https:\/\/www.immobilienbusiness.ch\/fr\/unternehmen\/2016-12-06\/real-estate-award-jury-tritt-fast-geschlossen-zurueck\/"},"wordCount":201,"commentCount":0,"publisher":{"@id":"https:\/\/www.immobilienbusiness.ch\/#organization"},"image":{"@id":"https:\/\/www.immobilienbusiness.ch\/fr\/unternehmen\/2016-12-06\/real-estate-award-jury-tritt-fast-geschlossen-zurueck\/#primaryimage"},"thumbnailUrl":"https:\/\/www.immobilienbusiness.ch\/wp-content\/uploads\/2016\/12\/Real-Estate-Award-Jury-tritt-fast-geschlossen-zurueck-immobilien-business.jpg","keywords":["Unternehmen"],"articleSection":["UNTERNEHMEN"],"inLanguage":"fr-FR"},{"@type":"WebPage","@id":"https:\/\/www.immobilienbusiness.ch\/fr\/unternehmen\/2016-12-06\/real-estate-award-jury-tritt-fast-geschlossen-zurueck\/","url":"https:\/\/www.immobilienbusiness.ch\/fr\/unternehmen\/2016-12-06\/real-estate-award-jury-tritt-fast-geschlossen-zurueck\/","name":"Real Estate Award: Jury tritt fast geschlossen zur\u00fcck - IMMOBILIEN Business","isPartOf":{"@id":"https:\/\/www.immobilienbusiness.ch\/#website"},"primaryImageOfPage":{"@id":"https:\/\/www.immobilienbusiness.ch\/fr\/unternehmen\/2016-12-06\/real-estate-award-jury-tritt-fast-geschlossen-zurueck\/#primaryimage"},"image":{"@id":"https:\/\/www.immobilienbusiness.ch\/fr\/unternehmen\/2016-12-06\/real-estate-award-jury-tritt-fast-geschlossen-zurueck\/#primaryimage"},"thumbnailUrl":"https:\/\/www.immobilienbusiness.ch\/wp-content\/uploads\/2016\/12\/Real-Estate-Award-Jury-tritt-fast-geschlossen-zurueck-immobilien-business.jpg","datePublished":"2016-12-06T07:18:00+00:00","description":"Vier der insgesamt f\u00fcnf Jury-Mitglieder des Real Estate Awards haben ihren R\u00fccktritt bekannt gegeben.","breadcrumb":{"@id":"https:\/\/www.immobilienbusiness.ch\/fr\/unternehmen\/2016-12-06\/real-estate-award-jury-tritt-fast-geschlossen-zurueck\/#breadcrumb"},"inLanguage":"fr-FR","potentialAction":[{"@type":"ReadAction","target":["https:\/\/www.immobilienbusiness.ch\/fr\/unternehmen\/2016-12-06\/real-estate-award-jury-tritt-fast-geschlossen-zurueck\/"]}]},{"@type":"ImageObject","inLanguage":"fr-FR","@id":"https:\/\/www.immobilienbusiness.ch\/fr\/unternehmen\/2016-12-06\/real-estate-award-jury-tritt-fast-geschlossen-zurueck\/#primaryimage","url":"https:\/\/www.immobilienbusiness.ch\/wp-content\/uploads\/2016\/12\/Real-Estate-Award-Jury-tritt-fast-geschlossen-zurueck-immobilien-business.jpg","contentUrl":"https:\/\/www.immobilienbusiness.ch\/wp-content\/uploads\/2016\/12\/Real-Estate-Award-Jury-tritt-fast-geschlossen-zurueck-immobilien-business.jpg","width":1180,"height":1772,"caption":"Die Jury der Real Estate Awards steht vor einer Neuausrichtung (Foto: Real Estate Award )"},{"@type":"BreadcrumbList","@id":"https:\/\/www.immobilienbusiness.ch\/fr\/unternehmen\/2016-12-06\/real-estate-award-jury-tritt-fast-geschlossen-zurueck\/#breadcrumb","itemListElement":[{"@type":"ListItem","position":1,"name":"Home","item":"https:\/\/www.immobilienbusiness.ch\/"},{"@type":"ListItem","position":2,"name":"Real Estate Award: Jury tritt fast geschlossen zur\u00fcck"}]},{"@type":"WebSite","@id":"https:\/\/www.immobilienbusiness.ch\/#website","url":"https:\/\/www.immobilienbusiness.ch\/","name":"IMMOBILIER Business","description":"Magazine \u00e9conomique suisse ind\u00e9pendant ax\u00e9 sur l'immobilier, l'architecture et la construction ainsi que sur les investissements et le financement.","publisher":{"@id":"https:\/\/www.immobilienbusiness.ch\/#organization"},"potentialAction":[{"@type":"SearchAction","target":{"@type":"EntryPoint","urlTemplate":"https:\/\/www.immobilienbusiness.ch\/?s={search_term_string}"},"query-input":{"@type":"PropertyValueSpecification","valueRequired":true,"valueName":"search_term_string"}}],"inLanguage":"fr-FR"},{"@type":"Organization","@id":"https:\/\/www.immobilienbusiness.ch\/#organization","name":"IMMOBILIER Business","url":"https:\/\/www.immobilienbusiness.ch\/","logo":{"@type":"ImageObject","inLanguage":"fr-FR","@id":"https:\/\/www.immobilienbusiness.ch\/#\/schema\/logo\/image\/","url":"https:\/\/www.immobilienbusiness.ch\/wp-content\/uploads\/2021\/07\/logo_ib.png","contentUrl":"https:\/\/www.immobilienbusiness.ch\/wp-content\/uploads\/2021\/07\/logo_ib.png","width":800,"height":181,"caption":"IMMOBILIEN Business"},"image":{"@id":"https:\/\/www.immobilienbusiness.ch\/#\/schema\/logo\/image\/"},"sameAs":["https:\/\/www.facebook.com\/immobilienbusiness\/"]},{"@type":"Person","@id":"https:\/\/www.immobilienbusiness.ch\/#\/schema\/person\/aa2bace6c5c5aad60102004a50c4eb1c","name":"Editorial","image":{"@type":"ImageObject","inLanguage":"fr-FR","@id":"https:\/\/secure.gravatar.com\/avatar\/ae2f4d718e6c49043e314ce431e7e645d646302a24a5ef5a8bc8e3f5a032e319?s=96&d=mm&r=g","url":"https:\/\/secure.gravatar.com\/avatar\/ae2f4d718e6c49043e314ce431e7e645d646302a24a5ef5a8bc8e3f5a032e319?s=96&d=mm&r=g","contentUrl":"https:\/\/secure.gravatar.com\/avatar\/ae2f4d718e6c49043e314ce431e7e645d646302a24a5ef5a8bc8e3f5a032e319?s=96&d=mm&r=g","caption":"Redaktion"},"sameAs":["http:\/\/develop.organisator.galledia.ch"],"url":"https:\/\/www.immobilienbusiness.ch\/fr\/author\/admin\/"}]}},"_links":{"self":[{"href":"https:\/\/www.immobilienbusiness.ch\/fr\/wp-json\/wp\/v2\/posts\/4377","targetHints":{"allow":["GET"]}}],"collection":[{"href":"https:\/\/www.immobilienbusiness.ch\/fr\/wp-json\/wp\/v2\/posts"}],"about":[{"href":"https:\/\/www.immobilienbusiness.ch\/fr\/wp-json\/wp\/v2\/types\/post"}],"author":[{"embeddable":true,"href":"https:\/\/www.immobilienbusiness.ch\/fr\/wp-json\/wp\/v2\/users\/1"}],"replies":[{"embeddable":true,"href":"https:\/\/www.immobilienbusiness.ch\/fr\/wp-json\/wp\/v2\/comments?post=4377"}],"version-history":[{"count":0,"href":"https:\/\/www.immobilienbusiness.ch\/fr\/wp-json\/wp\/v2\/posts\/4377\/revisions"}],"wp:featuredmedia":[{"embeddable":true,"href":"https:\/\/www.immobilienbusiness.ch\/fr\/wp-json\/wp\/v2\/media\/4381"}],"wp:attachment":[{"href":"https:\/\/www.immobilienbusiness.ch\/fr\/wp-json\/wp\/v2\/media?parent=4377"}],"wp:term":[{"taxonomy":"category","embeddable":true,"href":"https:\/\/www.immobilienbusiness.ch\/fr\/wp-json\/wp\/v2\/categories?post=4377"},{"taxonomy":"post_tag","embeddable":true,"href":"https:\/\/www.immobilienbusiness.ch\/fr\/wp-json\/wp\/v2\/tags?post=4377"}],"curies":[{"name":"wp","href":"https:\/\/api.w.org\/{rel}","templated":true}]}}