{"id":43616,"date":"2022-08-23T07:22:13","date_gmt":"2022-08-23T05:22:13","guid":{"rendered":"https:\/\/www.immobilienbusiness.ch\/?p=43616"},"modified":"2022-08-25T09:21:14","modified_gmt":"2022-08-25T07:21:14","slug":"zuerich-projekt-maaglive-einen-schritt-weiter","status":"publish","type":"post","link":"https:\/\/www.immobilienbusiness.ch\/fr\/regionen\/2022-08-23\/zuerich-projekt-maaglive-einen-schritt-weiter\/","title":{"rendered":"Zurich : le projet \"Maaglive\" a fait un pas en avant"},"content":{"rendered":"<div>\n<figure id=\"attachment_43617\" aria-describedby=\"caption-attachment-43617\" style=\"width: 1400px\" class=\"wp-caption alignnone\"><a href=\"https:\/\/www.immobilienbusiness.ch\/wp-content\/uploads\/2022\/08\/NMZ_Persp_TP0_Stadtplatz_am_Turm-B-scaled.jpg\"><img loading=\"lazy\" decoding=\"async\" class=\"size-full wp-image-43617\" src=\"https:\/\/www.immobilienbusiness.ch\/wp-content\/uploads\/2022\/08\/NMZ_Persp_TP0_Stadtplatz_am_Turm-B-scaled.jpg\" alt=\"\" width=\"1400\" height=\"1400\" srcset=\"https:\/\/www.immobilienbusiness.ch\/wp-content\/uploads\/2022\/08\/NMZ_Persp_TP0_Stadtplatz_am_Turm-B-scaled.jpg 1200w, https:\/\/www.immobilienbusiness.ch\/wp-content\/uploads\/2022\/08\/NMZ_Persp_TP0_Stadtplatz_am_Turm-B-300x300.jpg 300w, https:\/\/www.immobilienbusiness.ch\/wp-content\/uploads\/2022\/08\/NMZ_Persp_TP0_Stadtplatz_am_Turm-B-1024x1024.jpg 1024w, https:\/\/www.immobilienbusiness.ch\/wp-content\/uploads\/2022\/08\/NMZ_Persp_TP0_Stadtplatz_am_Turm-B-150x150.jpg 150w, https:\/\/www.immobilienbusiness.ch\/wp-content\/uploads\/2022\/08\/NMZ_Persp_TP0_Stadtplatz_am_Turm-B-768x768.jpg 768w, https:\/\/www.immobilienbusiness.ch\/wp-content\/uploads\/2022\/08\/NMZ_Persp_TP0_Stadtplatz_am_Turm-B-1536x1536.jpg 1536w, https:\/\/www.immobilienbusiness.ch\/wp-content\/uploads\/2022\/08\/NMZ_Persp_TP0_Stadtplatz_am_Turm-B-2048x2048.jpg 2048w, https:\/\/www.immobilienbusiness.ch\/wp-content\/uploads\/2022\/08\/NMZ_Persp_TP0_Stadtplatz_am_Turm-B-12x12.jpg 12w, https:\/\/www.immobilienbusiness.ch\/wp-content\/uploads\/2022\/08\/NMZ_Persp_TP0_Stadtplatz_am_Turm-B-175x175.jpg 175w, https:\/\/www.immobilienbusiness.ch\/wp-content\/uploads\/2022\/08\/NMZ_Persp_TP0_Stadtplatz_am_Turm-B-350x350.jpg 350w, https:\/\/www.immobilienbusiness.ch\/wp-content\/uploads\/2022\/08\/NMZ_Persp_TP0_Stadtplatz_am_Turm-B-800x800.jpg 800w, https:\/\/www.immobilienbusiness.ch\/wp-content\/uploads\/2022\/08\/NMZ_Persp_TP0_Stadtplatz_am_Turm-B-920x920.jpg 920w, https:\/\/www.immobilienbusiness.ch\/wp-content\/uploads\/2022\/08\/NMZ_Persp_TP0_Stadtplatz_am_Turm-B-250x250.jpg 250w, https:\/\/www.immobilienbusiness.ch\/wp-content\/uploads\/2022\/08\/NMZ_Persp_TP0_Stadtplatz_am_Turm-B-100x100.jpg 100w\" sizes=\"auto, (max-width: 1400px) 100vw, 1400px\" \/><\/a><figcaption id=\"caption-attachment-43617\" class=\"wp-caption-text\">Visualisation de la nouvelle place urbaine sur le site Maag (photo : SPS)<\/figcaption><\/figure>\n<p>Le projet \"Maaglive\" a pour objectif de compl\u00e9ter l'utilisation actuelle des bureaux par des logements, de la culture et de la gastronomie et d'animer ainsi l'ensemble du site 24 heures sur 24. La construction sera r\u00e9alis\u00e9e selon les plans du bureau d'architectes berlinois Sauerbruch Hutton, vainqueur du concours de projet. Il est pr\u00e9vu de construire un ensemble de trois b\u00e2timents solitaires tr\u00e8s diff\u00e9rents - une tour, le b\u00e2timent K inventori\u00e9 et un nouveau centre culturel. Entre les deux, un espace public est pr\u00e9vu, une place plant\u00e9e d'environ 80 arbres de haute tige. Selon les indications des planificateurs, la \"for\u00eat urbaine\", en tant que \"nouveau centre vivant et adapt\u00e9 au climat de l'ouest de Zurich\", contribuera \u00e0 l'avenir, avec d'autres espaces verts, \u00e0 r\u00e9duire la chaleur et \u00e0 assurer un microclimat agr\u00e9able. Le feuillage des cimes des arbres conf\u00e9rera \u00e0 la place la qualit\u00e9 de s\u00e9jour qui manquait jusqu'\u00e0 pr\u00e9sent \u00e0 cet endroit, tout comme les utilisations pr\u00e9vues aux rez-de-chauss\u00e9e, explique Drazenka Dragila Salis, Head Development &amp; Construction de Swiss Prime Site. Il est en outre pr\u00e9vu d'ouvrir le quartier, notamment par de nouvelles voies pi\u00e9tonnes et cyclables.<\/p>\n<\/div>\n<div>La tour, dont les surfaces sont en principe utilisables de mani\u00e8re flexible, est avant tout destin\u00e9e \u00e0 un usage r\u00e9sidentiel. L\u00e0 o\u00f9 les nuisances sonores sont importantes, des studios viendront compl\u00e9ter les petits appartements ; un espace de travail avec caf\u00e9 et bar \u00e0 vin est pr\u00e9vu dans le socle \u00e0 deux \u00e9tages. Le b\u00e2timent K, d\u00e9barrass\u00e9 de toutes ses annexes, doit \u00eatre remis en valeur en tant que monument historique et maison de la culture ; outre le foyer, le restaurant et le bar, il doit comprendre un march\u00e9 couvert, un caf\u00e9-librairie avec galerie et un espace ouvert avec lounge et bar, et cr\u00e9er des synergies d'exploitation avec la nouvelle maison de la culture, ouverte \u00e0 toutes les utilisations, situ\u00e9e \u00e0 c\u00f4t\u00e9.<\/div>\n<div><\/div>\n<div>La Swiss Prime Site AG pr\u00e9voit le d\u00e9but des travaux de ce grand projet au plus t\u00f4t au troisi\u00e8me trimestre 2024. Il faut s'attendre \u00e0 des recours - notamment parce que la r\u00e9alisation de \"Maaglive\" n\u00e9cessiterait le d\u00e9part de la Maag-Halle, actuellement utilis\u00e9e comme th\u00e9\u00e2tre et salle de spectacle. Dans le cas id\u00e9al, Maaglive pourrait \u00eatre occup\u00e9 au troisi\u00e8me trimestre 2027, indique-t-on chez Swiss Prime Site. Le volume d'investissement est estim\u00e9 \u00e0 environ 135 millions de CHF. <em>(M.ARR.)<\/em><\/div>","protected":false},"excerpt":{"rendered":"<p>Swiss Prime Site a d\u00e9pos\u00e9 ces jours-ci la demande de permis de construire pour le projet \"Maaglive\", qui devrait prendre forme dans les ann\u00e9es \u00e0 venir sur le site Maag de la gare de Zurich Hardbr\u00fccke.<\/p>","protected":false},"author":102,"featured_media":43617,"comment_status":"closed","ping_status":"closed","sticky":false,"template":"","format":"standard","meta":{"_acf_changed":false,"_yoast_wpseo_focuskw":"Z\u00fcrich","_yoast_wpseo_title":"","_yoast_wpseo_metadesc":"","_yoast_wpseo_linkdex":60,"pgc_sgb_lightbox_settings":"","footnotes":""},"categories":[985],"tags":[1254,1426,1492,1600,1720,1888],"class_list":["post-43616","post","type-post","status-publish","format-standard","has-post-thumbnail","hentry","category-regionen","tag-gastronomie","tag-kultur","tag-mietwohnungen","tag-projekt-in-planung","tag-sps","tag-zuerich"],"acf":[],"yoast_head":"<!-- This site is optimized with the Yoast SEO plugin v27.4 - https:\/\/yoast.com\/product\/yoast-seo-wordpress\/ -->\n<title>Z\u00fcrich: Projekt \u00abMaaglive\u00bb ist einen Schritt weiter - IMMOBILIEN Business<\/title>\n<meta name=\"robots\" content=\"index, follow, max-snippet:-1, max-image-preview:large, max-video-preview:-1\" \/>\n<link rel=\"canonical\" href=\"https:\/\/www.immobilienbusiness.ch\/fr\/regionen\/2022-08-23\/zuerich-projekt-maaglive-einen-schritt-weiter\/\" \/>\n<meta property=\"og:locale\" content=\"fr_FR\" \/>\n<meta property=\"og:type\" content=\"article\" \/>\n<meta property=\"og:title\" content=\"Z\u00fcrich: Projekt \u00abMaaglive\u00bb ist einen Schritt weiter - IMMOBILIEN Business\" \/>\n<meta property=\"og:description\" content=\"Swiss Prime Site hat in diesen Tagen das Baugesuch f\u00fcr das Projekt \u00abMaaglive\u00bb eingereicht, das auf dem Maag Areal am Bahnhof Z\u00fcrich Hardbr\u00fccke in den kommenden Jahren Gestalt annehmen soll.\" \/>\n<meta property=\"og:url\" content=\"https:\/\/www.immobilienbusiness.ch\/fr\/regionen\/2022-08-23\/zuerich-projekt-maaglive-einen-schritt-weiter\/\" \/>\n<meta property=\"og:site_name\" content=\"IMMOBILIEN Business\" \/>\n<meta property=\"article:publisher\" content=\"https:\/\/www.facebook.com\/immobilienbusiness\/\" \/>\n<meta property=\"article:published_time\" content=\"2022-08-23T05:22:13+00:00\" \/>\n<meta property=\"article:modified_time\" content=\"2022-08-25T07:21:14+00:00\" \/>\n<meta property=\"og:image\" content=\"https:\/\/www.immobilienbusiness.ch\/wp-content\/uploads\/2022\/08\/NMZ_Persp_TP0_Stadtplatz_am_Turm-B-scaled.jpg\" \/>\n\t<meta property=\"og:image:width\" content=\"1200\" \/>\n\t<meta property=\"og:image:height\" content=\"1200\" \/>\n\t<meta property=\"og:image:type\" content=\"image\/jpeg\" \/>\n<meta name=\"author\" content=\"Alexander Wachter\" \/>\n<meta name=\"twitter:card\" content=\"summary_large_image\" \/>\n<script type=\"application\/ld+json\" class=\"yoast-schema-graph\">{\"@context\":\"https:\\\/\\\/schema.org\",\"@graph\":[{\"@type\":\"Article\",\"@id\":\"https:\\\/\\\/www.immobilienbusiness.ch\\\/de\\\/regionen\\\/2022-08-23\\\/zuerich-projekt-maaglive-einen-schritt-weiter\\\/#article\",\"isPartOf\":{\"@id\":\"https:\\\/\\\/www.immobilienbusiness.ch\\\/de\\\/regionen\\\/2022-08-23\\\/zuerich-projekt-maaglive-einen-schritt-weiter\\\/\"},\"author\":{\"name\":\"Alexander Wachter\",\"@id\":\"https:\\\/\\\/www.immobilienbusiness.ch\\\/#\\\/schema\\\/person\\\/aba8bea2db926aa0c24c08c43fe1fcd5\"},\"headline\":\"Z\u00fcrich: Projekt \u00abMaaglive\u00bb ist einen Schritt weiter\",\"datePublished\":\"2022-08-23T05:22:13+00:00\",\"dateModified\":\"2022-08-25T07:21:14+00:00\",\"mainEntityOfPage\":{\"@id\":\"https:\\\/\\\/www.immobilienbusiness.ch\\\/de\\\/regionen\\\/2022-08-23\\\/zuerich-projekt-maaglive-einen-schritt-weiter\\\/\"},\"wordCount\":350,\"publisher\":{\"@id\":\"https:\\\/\\\/www.immobilienbusiness.ch\\\/#organization\"},\"image\":{\"@id\":\"https:\\\/\\\/www.immobilienbusiness.ch\\\/de\\\/regionen\\\/2022-08-23\\\/zuerich-projekt-maaglive-einen-schritt-weiter\\\/#primaryimage\"},\"thumbnailUrl\":\"https:\\\/\\\/www.immobilienbusiness.ch\\\/wp-content\\\/uploads\\\/2022\\\/08\\\/NMZ_Persp_TP0_Stadtplatz_am_Turm-B-scaled.jpg\",\"keywords\":[\"Gastronomie\",\"Kultur\",\"Mietwohnungen\",\"Projekt in Planung\",\"SPS\",\"Z\u00fcrich\"],\"articleSection\":[\"REGIONEN\"],\"inLanguage\":\"fr-FR\"},{\"@type\":\"WebPage\",\"@id\":\"https:\\\/\\\/www.immobilienbusiness.ch\\\/de\\\/regionen\\\/2022-08-23\\\/zuerich-projekt-maaglive-einen-schritt-weiter\\\/\",\"url\":\"https:\\\/\\\/www.immobilienbusiness.ch\\\/de\\\/regionen\\\/2022-08-23\\\/zuerich-projekt-maaglive-einen-schritt-weiter\\\/\",\"name\":\"Z\u00fcrich: Projekt \u00abMaaglive\u00bb ist einen Schritt weiter - IMMOBILIEN Business\",\"isPartOf\":{\"@id\":\"https:\\\/\\\/www.immobilienbusiness.ch\\\/#website\"},\"primaryImageOfPage\":{\"@id\":\"https:\\\/\\\/www.immobilienbusiness.ch\\\/de\\\/regionen\\\/2022-08-23\\\/zuerich-projekt-maaglive-einen-schritt-weiter\\\/#primaryimage\"},\"image\":{\"@id\":\"https:\\\/\\\/www.immobilienbusiness.ch\\\/de\\\/regionen\\\/2022-08-23\\\/zuerich-projekt-maaglive-einen-schritt-weiter\\\/#primaryimage\"},\"thumbnailUrl\":\"https:\\\/\\\/www.immobilienbusiness.ch\\\/wp-content\\\/uploads\\\/2022\\\/08\\\/NMZ_Persp_TP0_Stadtplatz_am_Turm-B-scaled.jpg\",\"datePublished\":\"2022-08-23T05:22:13+00:00\",\"dateModified\":\"2022-08-25T07:21:14+00:00\",\"breadcrumb\":{\"@id\":\"https:\\\/\\\/www.immobilienbusiness.ch\\\/de\\\/regionen\\\/2022-08-23\\\/zuerich-projekt-maaglive-einen-schritt-weiter\\\/#breadcrumb\"},\"inLanguage\":\"fr-FR\",\"potentialAction\":[{\"@type\":\"ReadAction\",\"target\":[\"https:\\\/\\\/www.immobilienbusiness.ch\\\/de\\\/regionen\\\/2022-08-23\\\/zuerich-projekt-maaglive-einen-schritt-weiter\\\/\"]}]},{\"@type\":\"ImageObject\",\"inLanguage\":\"fr-FR\",\"@id\":\"https:\\\/\\\/www.immobilienbusiness.ch\\\/de\\\/regionen\\\/2022-08-23\\\/zuerich-projekt-maaglive-einen-schritt-weiter\\\/#primaryimage\",\"url\":\"https:\\\/\\\/www.immobilienbusiness.ch\\\/wp-content\\\/uploads\\\/2022\\\/08\\\/NMZ_Persp_TP0_Stadtplatz_am_Turm-B-scaled.jpg\",\"contentUrl\":\"https:\\\/\\\/www.immobilienbusiness.ch\\\/wp-content\\\/uploads\\\/2022\\\/08\\\/NMZ_Persp_TP0_Stadtplatz_am_Turm-B-scaled.jpg\",\"width\":1200,\"height\":1200,\"caption\":\"Visualisierung der Pl\u00e4ne von Sauerbruch Hutton f\u00fcr das Maag-Areal (Bild: SPS)\"},{\"@type\":\"BreadcrumbList\",\"@id\":\"https:\\\/\\\/www.immobilienbusiness.ch\\\/de\\\/regionen\\\/2022-08-23\\\/zuerich-projekt-maaglive-einen-schritt-weiter\\\/#breadcrumb\",\"itemListElement\":[{\"@type\":\"ListItem\",\"position\":1,\"name\":\"Home\",\"item\":\"https:\\\/\\\/www.immobilienbusiness.ch\\\/\"},{\"@type\":\"ListItem\",\"position\":2,\"name\":\"Z\u00fcrich: Projekt \u00abMaaglive\u00bb ist einen Schritt weiter\"}]},{\"@type\":\"WebSite\",\"@id\":\"https:\\\/\\\/www.immobilienbusiness.ch\\\/#website\",\"url\":\"https:\\\/\\\/www.immobilienbusiness.ch\\\/\",\"name\":\"IMMOBILIEN Business\",\"description\":\"Unabh\u00e4ngiges Schweizer Wirtschaftsmagazin mit Fokus auf Immobilien, Architektur- und Bau sowie Investment- und Finanzierung.\",\"publisher\":{\"@id\":\"https:\\\/\\\/www.immobilienbusiness.ch\\\/#organization\"},\"potentialAction\":[{\"@type\":\"SearchAction\",\"target\":{\"@type\":\"EntryPoint\",\"urlTemplate\":\"https:\\\/\\\/www.immobilienbusiness.ch\\\/?s={search_term_string}\"},\"query-input\":{\"@type\":\"PropertyValueSpecification\",\"valueRequired\":true,\"valueName\":\"search_term_string\"}}],\"inLanguage\":\"fr-FR\"},{\"@type\":\"Organization\",\"@id\":\"https:\\\/\\\/www.immobilienbusiness.ch\\\/#organization\",\"name\":\"IMMOBILIEN Business\",\"url\":\"https:\\\/\\\/www.immobilienbusiness.ch\\\/\",\"logo\":{\"@type\":\"ImageObject\",\"inLanguage\":\"fr-FR\",\"@id\":\"https:\\\/\\\/www.immobilienbusiness.ch\\\/#\\\/schema\\\/logo\\\/image\\\/\",\"url\":\"https:\\\/\\\/www.immobilienbusiness.ch\\\/wp-content\\\/uploads\\\/2021\\\/07\\\/logo_ib.png\",\"contentUrl\":\"https:\\\/\\\/www.immobilienbusiness.ch\\\/wp-content\\\/uploads\\\/2021\\\/07\\\/logo_ib.png\",\"width\":800,\"height\":181,\"caption\":\"IMMOBILIEN Business\"},\"image\":{\"@id\":\"https:\\\/\\\/www.immobilienbusiness.ch\\\/#\\\/schema\\\/logo\\\/image\\\/\"},\"sameAs\":[\"https:\\\/\\\/www.facebook.com\\\/immobilienbusiness\\\/\"]},{\"@type\":\"Person\",\"@id\":\"https:\\\/\\\/www.immobilienbusiness.ch\\\/#\\\/schema\\\/person\\\/aba8bea2db926aa0c24c08c43fe1fcd5\",\"name\":\"Alexander Wachter\",\"image\":{\"@type\":\"ImageObject\",\"inLanguage\":\"fr-FR\",\"@id\":\"https:\\\/\\\/secure.gravatar.com\\\/avatar\\\/1a09e471f5389b0e0a6416eac287e0927c7c97a7b77f9e787eba3af7aee281dd?s=96&d=mm&r=g\",\"url\":\"https:\\\/\\\/secure.gravatar.com\\\/avatar\\\/1a09e471f5389b0e0a6416eac287e0927c7c97a7b77f9e787eba3af7aee281dd?s=96&d=mm&r=g\",\"contentUrl\":\"https:\\\/\\\/secure.gravatar.com\\\/avatar\\\/1a09e471f5389b0e0a6416eac287e0927c7c97a7b77f9e787eba3af7aee281dd?s=96&d=mm&r=g\",\"caption\":\"Alexander Wachter\"},\"url\":\"https:\\\/\\\/www.immobilienbusiness.ch\\\/fr\\\/author\\\/alexander-wachter\\\/\"}]}<\/script>\n<!-- \/ Yoast SEO plugin. -->","yoast_head_json":{"title":"Z\u00fcrich: Projekt \u00abMaaglive\u00bb ist einen Schritt weiter - IMMOBILIEN Business","robots":{"index":"index","follow":"follow","max-snippet":"max-snippet:-1","max-image-preview":"max-image-preview:large","max-video-preview":"max-video-preview:-1"},"canonical":"https:\/\/www.immobilienbusiness.ch\/fr\/regionen\/2022-08-23\/zuerich-projekt-maaglive-einen-schritt-weiter\/","og_locale":"fr_FR","og_type":"article","og_title":"Z\u00fcrich: Projekt \u00abMaaglive\u00bb ist einen Schritt weiter - IMMOBILIEN Business","og_description":"Swiss Prime Site hat in diesen Tagen das Baugesuch f\u00fcr das Projekt \u00abMaaglive\u00bb eingereicht, das auf dem Maag Areal am Bahnhof Z\u00fcrich Hardbr\u00fccke in den kommenden Jahren Gestalt annehmen soll.","og_url":"https:\/\/www.immobilienbusiness.ch\/fr\/regionen\/2022-08-23\/zuerich-projekt-maaglive-einen-schritt-weiter\/","og_site_name":"IMMOBILIEN Business","article_publisher":"https:\/\/www.facebook.com\/immobilienbusiness\/","article_published_time":"2022-08-23T05:22:13+00:00","article_modified_time":"2022-08-25T07:21:14+00:00","og_image":[{"width":1200,"height":1200,"url":"https:\/\/www.immobilienbusiness.ch\/wp-content\/uploads\/2022\/08\/NMZ_Persp_TP0_Stadtplatz_am_Turm-B-scaled.jpg","type":"image\/jpeg"}],"author":"Alexander Wachter","twitter_card":"summary_large_image","schema":{"@context":"https:\/\/schema.org","@graph":[{"@type":"Article","@id":"https:\/\/www.immobilienbusiness.ch\/de\/regionen\/2022-08-23\/zuerich-projekt-maaglive-einen-schritt-weiter\/#article","isPartOf":{"@id":"https:\/\/www.immobilienbusiness.ch\/de\/regionen\/2022-08-23\/zuerich-projekt-maaglive-einen-schritt-weiter\/"},"author":{"name":"Alexander Wachter","@id":"https:\/\/www.immobilienbusiness.ch\/#\/schema\/person\/aba8bea2db926aa0c24c08c43fe1fcd5"},"headline":"Z\u00fcrich: Projekt \u00abMaaglive\u00bb ist einen Schritt weiter","datePublished":"2022-08-23T05:22:13+00:00","dateModified":"2022-08-25T07:21:14+00:00","mainEntityOfPage":{"@id":"https:\/\/www.immobilienbusiness.ch\/de\/regionen\/2022-08-23\/zuerich-projekt-maaglive-einen-schritt-weiter\/"},"wordCount":350,"publisher":{"@id":"https:\/\/www.immobilienbusiness.ch\/#organization"},"image":{"@id":"https:\/\/www.immobilienbusiness.ch\/de\/regionen\/2022-08-23\/zuerich-projekt-maaglive-einen-schritt-weiter\/#primaryimage"},"thumbnailUrl":"https:\/\/www.immobilienbusiness.ch\/wp-content\/uploads\/2022\/08\/NMZ_Persp_TP0_Stadtplatz_am_Turm-B-scaled.jpg","keywords":["Gastronomie","Kultur","Mietwohnungen","Projekt in Planung","SPS","Z\u00fcrich"],"articleSection":["REGIONEN"],"inLanguage":"fr-FR"},{"@type":"WebPage","@id":"https:\/\/www.immobilienbusiness.ch\/de\/regionen\/2022-08-23\/zuerich-projekt-maaglive-einen-schritt-weiter\/","url":"https:\/\/www.immobilienbusiness.ch\/de\/regionen\/2022-08-23\/zuerich-projekt-maaglive-einen-schritt-weiter\/","name":"Z\u00fcrich: Projekt \u00abMaaglive\u00bb ist einen Schritt weiter - IMMOBILIEN Business","isPartOf":{"@id":"https:\/\/www.immobilienbusiness.ch\/#website"},"primaryImageOfPage":{"@id":"https:\/\/www.immobilienbusiness.ch\/de\/regionen\/2022-08-23\/zuerich-projekt-maaglive-einen-schritt-weiter\/#primaryimage"},"image":{"@id":"https:\/\/www.immobilienbusiness.ch\/de\/regionen\/2022-08-23\/zuerich-projekt-maaglive-einen-schritt-weiter\/#primaryimage"},"thumbnailUrl":"https:\/\/www.immobilienbusiness.ch\/wp-content\/uploads\/2022\/08\/NMZ_Persp_TP0_Stadtplatz_am_Turm-B-scaled.jpg","datePublished":"2022-08-23T05:22:13+00:00","dateModified":"2022-08-25T07:21:14+00:00","breadcrumb":{"@id":"https:\/\/www.immobilienbusiness.ch\/de\/regionen\/2022-08-23\/zuerich-projekt-maaglive-einen-schritt-weiter\/#breadcrumb"},"inLanguage":"fr-FR","potentialAction":[{"@type":"ReadAction","target":["https:\/\/www.immobilienbusiness.ch\/de\/regionen\/2022-08-23\/zuerich-projekt-maaglive-einen-schritt-weiter\/"]}]},{"@type":"ImageObject","inLanguage":"fr-FR","@id":"https:\/\/www.immobilienbusiness.ch\/de\/regionen\/2022-08-23\/zuerich-projekt-maaglive-einen-schritt-weiter\/#primaryimage","url":"https:\/\/www.immobilienbusiness.ch\/wp-content\/uploads\/2022\/08\/NMZ_Persp_TP0_Stadtplatz_am_Turm-B-scaled.jpg","contentUrl":"https:\/\/www.immobilienbusiness.ch\/wp-content\/uploads\/2022\/08\/NMZ_Persp_TP0_Stadtplatz_am_Turm-B-scaled.jpg","width":1200,"height":1200,"caption":"Visualisierung der Pl\u00e4ne von Sauerbruch Hutton f\u00fcr das Maag-Areal (Bild: SPS)"},{"@type":"BreadcrumbList","@id":"https:\/\/www.immobilienbusiness.ch\/de\/regionen\/2022-08-23\/zuerich-projekt-maaglive-einen-schritt-weiter\/#breadcrumb","itemListElement":[{"@type":"ListItem","position":1,"name":"Home","item":"https:\/\/www.immobilienbusiness.ch\/"},{"@type":"ListItem","position":2,"name":"Z\u00fcrich: Projekt \u00abMaaglive\u00bb ist einen Schritt weiter"}]},{"@type":"WebSite","@id":"https:\/\/www.immobilienbusiness.ch\/#website","url":"https:\/\/www.immobilienbusiness.ch\/","name":"IMMOBILIER Business","description":"Magazine \u00e9conomique suisse ind\u00e9pendant ax\u00e9 sur l'immobilier, l'architecture et la construction ainsi que sur les investissements et le financement.","publisher":{"@id":"https:\/\/www.immobilienbusiness.ch\/#organization"},"potentialAction":[{"@type":"SearchAction","target":{"@type":"EntryPoint","urlTemplate":"https:\/\/www.immobilienbusiness.ch\/?s={search_term_string}"},"query-input":{"@type":"PropertyValueSpecification","valueRequired":true,"valueName":"search_term_string"}}],"inLanguage":"fr-FR"},{"@type":"Organization","@id":"https:\/\/www.immobilienbusiness.ch\/#organization","name":"IMMOBILIER Business","url":"https:\/\/www.immobilienbusiness.ch\/","logo":{"@type":"ImageObject","inLanguage":"fr-FR","@id":"https:\/\/www.immobilienbusiness.ch\/#\/schema\/logo\/image\/","url":"https:\/\/www.immobilienbusiness.ch\/wp-content\/uploads\/2021\/07\/logo_ib.png","contentUrl":"https:\/\/www.immobilienbusiness.ch\/wp-content\/uploads\/2021\/07\/logo_ib.png","width":800,"height":181,"caption":"IMMOBILIEN Business"},"image":{"@id":"https:\/\/www.immobilienbusiness.ch\/#\/schema\/logo\/image\/"},"sameAs":["https:\/\/www.facebook.com\/immobilienbusiness\/"]},{"@type":"Person","@id":"https:\/\/www.immobilienbusiness.ch\/#\/schema\/person\/aba8bea2db926aa0c24c08c43fe1fcd5","name":"Alexander Wachter","image":{"@type":"ImageObject","inLanguage":"fr-FR","@id":"https:\/\/secure.gravatar.com\/avatar\/1a09e471f5389b0e0a6416eac287e0927c7c97a7b77f9e787eba3af7aee281dd?s=96&d=mm&r=g","url":"https:\/\/secure.gravatar.com\/avatar\/1a09e471f5389b0e0a6416eac287e0927c7c97a7b77f9e787eba3af7aee281dd?s=96&d=mm&r=g","contentUrl":"https:\/\/secure.gravatar.com\/avatar\/1a09e471f5389b0e0a6416eac287e0927c7c97a7b77f9e787eba3af7aee281dd?s=96&d=mm&r=g","caption":"Alexander Wachter"},"url":"https:\/\/www.immobilienbusiness.ch\/fr\/author\/alexander-wachter\/"}]}},"_links":{"self":[{"href":"https:\/\/www.immobilienbusiness.ch\/fr\/wp-json\/wp\/v2\/posts\/43616","targetHints":{"allow":["GET"]}}],"collection":[{"href":"https:\/\/www.immobilienbusiness.ch\/fr\/wp-json\/wp\/v2\/posts"}],"about":[{"href":"https:\/\/www.immobilienbusiness.ch\/fr\/wp-json\/wp\/v2\/types\/post"}],"author":[{"embeddable":true,"href":"https:\/\/www.immobilienbusiness.ch\/fr\/wp-json\/wp\/v2\/users\/102"}],"replies":[{"embeddable":true,"href":"https:\/\/www.immobilienbusiness.ch\/fr\/wp-json\/wp\/v2\/comments?post=43616"}],"version-history":[{"count":5,"href":"https:\/\/www.immobilienbusiness.ch\/fr\/wp-json\/wp\/v2\/posts\/43616\/revisions"}],"predecessor-version":[{"id":43655,"href":"https:\/\/www.immobilienbusiness.ch\/fr\/wp-json\/wp\/v2\/posts\/43616\/revisions\/43655"}],"wp:featuredmedia":[{"embeddable":true,"href":"https:\/\/www.immobilienbusiness.ch\/fr\/wp-json\/wp\/v2\/media\/43617"}],"wp:attachment":[{"href":"https:\/\/www.immobilienbusiness.ch\/fr\/wp-json\/wp\/v2\/media?parent=43616"}],"wp:term":[{"taxonomy":"category","embeddable":true,"href":"https:\/\/www.immobilienbusiness.ch\/fr\/wp-json\/wp\/v2\/categories?post=43616"},{"taxonomy":"post_tag","embeddable":true,"href":"https:\/\/www.immobilienbusiness.ch\/fr\/wp-json\/wp\/v2\/tags?post=43616"}],"curies":[{"name":"wp","href":"https:\/\/api.w.org\/{rel}","templated":true}]}}