{"id":43410,"date":"2022-07-29T07:29:26","date_gmt":"2022-07-29T05:29:26","guid":{"rendered":"https:\/\/www.immobilienbusiness.ch\/?p=43410"},"modified":"2022-08-04T11:26:03","modified_gmt":"2022-08-04T09:26:03","slug":"zast-anlagegruppe-immobilien-wohnen-schweiz-kauft-in-zuerich-und-luzern","status":"publish","type":"post","link":"https:\/\/www.immobilienbusiness.ch\/fr\/unternehmen\/2022-07-29\/zast-anlagegruppe-immobilien-wohnen-schweiz-kauft-in-zuerich-und-luzern\/","title":{"rendered":"ZAST : le groupe de placement Immobilier r\u00e9sidentiel Suisse ach\u00e8te \u00e0 Zurich et dans le canton de Lucerne"},"content":{"rendered":"<figure id=\"attachment_6481\" aria-describedby=\"caption-attachment-6481\" style=\"width: 2000px\" class=\"wp-caption alignnone\"><a href=\"https:\/\/www.immobilienbusiness.ch\/wp-content\/uploads\/2017\/02\/Depositphotos_34300803_l-2015.jpg\"><img loading=\"lazy\" decoding=\"async\" class=\"size-full wp-image-6481\" src=\"https:\/\/www.immobilienbusiness.ch\/wp-content\/uploads\/2017\/02\/Depositphotos_34300803_l-2015.jpg\" alt=\"\" width=\"2000\" height=\"1422\" srcset=\"https:\/\/www.immobilienbusiness.ch\/wp-content\/uploads\/2017\/02\/Depositphotos_34300803_l-2015.jpg 2000w, https:\/\/www.immobilienbusiness.ch\/wp-content\/uploads\/2017\/02\/Depositphotos_34300803_l-2015-300x213.jpg 300w, https:\/\/www.immobilienbusiness.ch\/wp-content\/uploads\/2017\/02\/Depositphotos_34300803_l-2015-1024x728.jpg 1024w, https:\/\/www.immobilienbusiness.ch\/wp-content\/uploads\/2017\/02\/Depositphotos_34300803_l-2015-768x546.jpg 768w, https:\/\/www.immobilienbusiness.ch\/wp-content\/uploads\/2017\/02\/Depositphotos_34300803_l-2015-1536x1092.jpg 1536w, https:\/\/www.immobilienbusiness.ch\/wp-content\/uploads\/2017\/02\/Depositphotos_34300803_l-2015-16x12.jpg 16w, https:\/\/www.immobilienbusiness.ch\/wp-content\/uploads\/2017\/02\/Depositphotos_34300803_l-2015-246x175.jpg 246w, https:\/\/www.immobilienbusiness.ch\/wp-content\/uploads\/2017\/02\/Depositphotos_34300803_l-2015-492x350.jpg 492w, https:\/\/www.immobilienbusiness.ch\/wp-content\/uploads\/2017\/02\/Depositphotos_34300803_l-2015-1125x800.jpg 1125w, https:\/\/www.immobilienbusiness.ch\/wp-content\/uploads\/2017\/02\/Depositphotos_34300803_l-2015-920x654.jpg 920w, https:\/\/www.immobilienbusiness.ch\/wp-content\/uploads\/2017\/02\/Depositphotos_34300803_l-2015-1400x995.jpg 1400w, https:\/\/www.immobilienbusiness.ch\/wp-content\/uploads\/2017\/02\/Depositphotos_34300803_l-2015-1969x1400.jpg 1969w\" sizes=\"auto, (max-width: 2000px) 100vw, 2000px\" \/><\/a><figcaption id=\"caption-attachment-6481\" class=\"wp-caption-text\">La Zurich fondation de placement a trouv\u00e9 deux nouveaux immeubles pour son groupe de placement (graphique : trueffelpix - depositphotos)<\/figcaption><\/figure>\n<p>Le groupe de placement Immobilier r\u00e9sidentiel Suisse de la Zurich fondation de placement (ZAST) a proc\u00e9d\u00e9 mi-juillet \u00e0 une augmentation de capital de 250 millions de CHF. Le produit de l'\u00e9mission, qui, selon les informations fournies, a \u00e9t\u00e9 nettement sursouscrit, sera utilis\u00e9 par la ZAST pour l'achat d'un projet de construction \u00e0 Zurich ainsi que pour six immeubles d'habitation dans le canton de Lucerne.<\/p>\n<ul>\n<li>Dans la rue Austrasse \u00e0 Zurich, la ZAST acquiert un terrain pour un projet de trois immeubles d'habitation comprenant 269 logements. La construction a d\u00e9j\u00e0 commenc\u00e9. La ZAST fait certifier les b\u00e2timents au niveau or selon le standard de construction durable suisse (SNBS). Ils r\u00e9pondent \u00e0 l'objectif de la soci\u00e9t\u00e9 \u00e0 2000 watts ainsi qu'aux exigences de Minergie-Eco. Les fa\u00e7ades sont partiellement v\u00e9g\u00e9talis\u00e9es et du b\u00e9ton recycl\u00e9 est notamment utilis\u00e9 pour la construction. Le projet de construction produit de la chaleur au moyen de pompes \u00e0 chaleur \u00e0 sondes g\u00e9othermiques. De plus, des installations photovolta\u00efques produiront leur propre \u00e9lectricit\u00e9.<\/li>\n<li>Dans le canton de Lucerne, la ZAST ach\u00e8te six immeubles collectifs r\u00e9cemment construits comprenant 61 appartements dans le quartier de St. Erhard de la commune de Knutwil. Au moment de l'acquisition, le bien est d\u00e9j\u00e0 enti\u00e8rement lou\u00e9. Les toits des b\u00e2timents sont v\u00e9g\u00e9talis\u00e9s, des installations photovolta\u00efques sont utilis\u00e9es pour l'\u00e9lectricit\u00e9 g\u00e9n\u00e9rale et de chauffage.<\/li>\n<\/ul>\n<p>Le groupe de placement \"Immobilier r\u00e9sidentiel Suisse\" investit dans des immeubles d'habitation dans toute la Suisse et g\u00e8re des biens immobiliers de ce groupe de placement d'une valeur de pr\u00e8s de 3 milliards de CHF. Les objectifs sont une r\u00e9duction des \u00e9missions de CO\u00b2 de 20% d'ici 2025 et une \u00e9mission nette de carbone nulle d'ici 2050. <em>(aw)<\/em><\/p>","protected":false},"excerpt":{"rendered":"<p>La Zurich fondation de placement (ZAST) investit des fonds issus d'une augmentation de capital de 250 millions de CHF r\u00e9cemment conclue dans un projet r\u00e9sidentiel et six immeubles d'habitation totalisant 330 logements.<\/p>","protected":false},"author":102,"featured_media":0,"comment_status":"closed","ping_status":"closed","sticky":false,"template":"","format":"standard","meta":{"_acf_changed":false,"_yoast_wpseo_focuskw":"ZAST","_yoast_wpseo_title":"","_yoast_wpseo_metadesc":"Die Z\u00fcrich Anlagestiftung (ZAST) investiert Mittel aus einer j\u00fcngst abgeschlossenen Kapitalerh\u00f6hung von 250 Mio. CHF in ein Wohnprojekt und sechs Mehrfamilienh\u00e4user.","_yoast_wpseo_linkdex":67,"pgc_sgb_lightbox_settings":"","footnotes":""},"categories":[988],"tags":[1028,1348,1459,1863,2064,1888,2065],"class_list":["post-43410","post","type-post","status-publish","format-standard","hentry","category-unternehmen","tag-anlagegruppe","tag-immobilienkauf","tag-luzern","tag-wohnimmobilien","tag-zast","tag-zuerich","tag-zuerich-anlagestiftung"],"acf":[],"yoast_head":"<!-- This site is optimized with the Yoast SEO plugin v27.4 - https:\/\/yoast.com\/product\/yoast-seo-wordpress\/ -->\n<title>ZAST: Anlagegruppe Immobilien Wohnen Schweiz kauft in Z\u00fcrich und im Kanton Luzern - IMMOBILIEN Business<\/title>\n<meta name=\"description\" content=\"Die Z\u00fcrich Anlagestiftung (ZAST) investiert Mittel aus einer j\u00fcngst abgeschlossenen Kapitalerh\u00f6hung von 250 Mio. CHF in ein Wohnprojekt und sechs Mehrfamilienh\u00e4user.\" \/>\n<meta name=\"robots\" content=\"index, follow, max-snippet:-1, max-image-preview:large, max-video-preview:-1\" \/>\n<link rel=\"canonical\" href=\"https:\/\/www.immobilienbusiness.ch\/fr\/unternehmen\/2022-07-29\/zast-anlagegruppe-immobilien-wohnen-schweiz-kauft-in-zuerich-und-luzern\/\" \/>\n<meta property=\"og:locale\" content=\"fr_FR\" \/>\n<meta property=\"og:type\" content=\"article\" \/>\n<meta property=\"og:title\" content=\"ZAST: Anlagegruppe Immobilien Wohnen Schweiz kauft in Z\u00fcrich und im Kanton Luzern - IMMOBILIEN Business\" \/>\n<meta property=\"og:description\" content=\"Die Z\u00fcrich Anlagestiftung (ZAST) investiert Mittel aus einer j\u00fcngst abgeschlossenen Kapitalerh\u00f6hung von 250 Mio. CHF in ein Wohnprojekt und sechs Mehrfamilienh\u00e4user.\" \/>\n<meta property=\"og:url\" content=\"https:\/\/www.immobilienbusiness.ch\/fr\/unternehmen\/2022-07-29\/zast-anlagegruppe-immobilien-wohnen-schweiz-kauft-in-zuerich-und-luzern\/\" \/>\n<meta property=\"og:site_name\" content=\"IMMOBILIEN Business\" \/>\n<meta property=\"article:publisher\" content=\"https:\/\/www.facebook.com\/immobilienbusiness\/\" \/>\n<meta property=\"article:published_time\" content=\"2022-07-29T05:29:26+00:00\" \/>\n<meta property=\"article:modified_time\" content=\"2022-08-04T09:26:03+00:00\" \/>\n<meta property=\"og:image\" content=\"https:\/\/www.immobilienbusiness.ch\/wp-content\/uploads\/2017\/02\/Depositphotos_34300803_l-2015.jpg\" \/>\n\t<meta property=\"og:image:width\" content=\"2000\" \/>\n\t<meta property=\"og:image:height\" content=\"1422\" \/>\n\t<meta property=\"og:image:type\" content=\"image\/jpeg\" \/>\n<meta name=\"author\" content=\"Alexander Wachter\" \/>\n<meta name=\"twitter:card\" content=\"summary_large_image\" \/>\n<script type=\"application\/ld+json\" class=\"yoast-schema-graph\">{\"@context\":\"https:\\\/\\\/schema.org\",\"@graph\":[{\"@type\":\"Article\",\"@id\":\"https:\\\/\\\/www.immobilienbusiness.ch\\\/fr\\\/unternehmen\\\/2022-07-29\\\/zast-anlagegruppe-immobilien-wohnen-schweiz-kauft-in-zuerich-und-luzern\\\/#article\",\"isPartOf\":{\"@id\":\"https:\\\/\\\/www.immobilienbusiness.ch\\\/fr\\\/unternehmen\\\/2022-07-29\\\/zast-anlagegruppe-immobilien-wohnen-schweiz-kauft-in-zuerich-und-luzern\\\/\"},\"author\":{\"name\":\"Alexander Wachter\",\"@id\":\"https:\\\/\\\/www.immobilienbusiness.ch\\\/#\\\/schema\\\/person\\\/aba8bea2db926aa0c24c08c43fe1fcd5\"},\"headline\":\"ZAST: Anlagegruppe Immobilien Wohnen Schweiz kauft in Z\u00fcrich und im Kanton Luzern\",\"datePublished\":\"2022-07-29T05:29:26+00:00\",\"dateModified\":\"2022-08-04T09:26:03+00:00\",\"mainEntityOfPage\":{\"@id\":\"https:\\\/\\\/www.immobilienbusiness.ch\\\/fr\\\/unternehmen\\\/2022-07-29\\\/zast-anlagegruppe-immobilien-wohnen-schweiz-kauft-in-zuerich-und-luzern\\\/\"},\"wordCount\":267,\"publisher\":{\"@id\":\"https:\\\/\\\/www.immobilienbusiness.ch\\\/#organization\"},\"image\":{\"@id\":\"https:\\\/\\\/www.immobilienbusiness.ch\\\/fr\\\/unternehmen\\\/2022-07-29\\\/zast-anlagegruppe-immobilien-wohnen-schweiz-kauft-in-zuerich-und-luzern\\\/#primaryimage\"},\"thumbnailUrl\":\"https:\\\/\\\/www.immobilienbusiness.ch\\\/wp-content\\\/uploads\\\/2017\\\/02\\\/Depositphotos_34300803_l-2015.jpg\",\"keywords\":[\"Anlagegruppe\",\"Immobilienkauf\",\"Luzern\",\"Wohnimmobilien\",\"ZAST\",\"Z\u00fcrich\",\"Z\u00fcrich Anlagestiftung\"],\"articleSection\":[\"UNTERNEHMEN\"],\"inLanguage\":\"fr-FR\"},{\"@type\":\"WebPage\",\"@id\":\"https:\\\/\\\/www.immobilienbusiness.ch\\\/fr\\\/unternehmen\\\/2022-07-29\\\/zast-anlagegruppe-immobilien-wohnen-schweiz-kauft-in-zuerich-und-luzern\\\/\",\"url\":\"https:\\\/\\\/www.immobilienbusiness.ch\\\/fr\\\/unternehmen\\\/2022-07-29\\\/zast-anlagegruppe-immobilien-wohnen-schweiz-kauft-in-zuerich-und-luzern\\\/\",\"name\":\"ZAST: Anlagegruppe Immobilien Wohnen Schweiz kauft in Z\u00fcrich und im Kanton Luzern - IMMOBILIEN Business\",\"isPartOf\":{\"@id\":\"https:\\\/\\\/www.immobilienbusiness.ch\\\/#website\"},\"primaryImageOfPage\":{\"@id\":\"https:\\\/\\\/www.immobilienbusiness.ch\\\/fr\\\/unternehmen\\\/2022-07-29\\\/zast-anlagegruppe-immobilien-wohnen-schweiz-kauft-in-zuerich-und-luzern\\\/#primaryimage\"},\"image\":{\"@id\":\"https:\\\/\\\/www.immobilienbusiness.ch\\\/fr\\\/unternehmen\\\/2022-07-29\\\/zast-anlagegruppe-immobilien-wohnen-schweiz-kauft-in-zuerich-und-luzern\\\/#primaryimage\"},\"thumbnailUrl\":\"https:\\\/\\\/www.immobilienbusiness.ch\\\/wp-content\\\/uploads\\\/2017\\\/02\\\/Depositphotos_34300803_l-2015.jpg\",\"datePublished\":\"2022-07-29T05:29:26+00:00\",\"dateModified\":\"2022-08-04T09:26:03+00:00\",\"description\":\"Die Z\u00fcrich Anlagestiftung (ZAST) investiert Mittel aus einer j\u00fcngst abgeschlossenen Kapitalerh\u00f6hung von 250 Mio. CHF in ein Wohnprojekt und sechs Mehrfamilienh\u00e4user.\",\"breadcrumb\":{\"@id\":\"https:\\\/\\\/www.immobilienbusiness.ch\\\/fr\\\/unternehmen\\\/2022-07-29\\\/zast-anlagegruppe-immobilien-wohnen-schweiz-kauft-in-zuerich-und-luzern\\\/#breadcrumb\"},\"inLanguage\":\"fr-FR\",\"potentialAction\":[{\"@type\":\"ReadAction\",\"target\":[\"https:\\\/\\\/www.immobilienbusiness.ch\\\/fr\\\/unternehmen\\\/2022-07-29\\\/zast-anlagegruppe-immobilien-wohnen-schweiz-kauft-in-zuerich-und-luzern\\\/\"]}]},{\"@type\":\"ImageObject\",\"inLanguage\":\"fr-FR\",\"@id\":\"https:\\\/\\\/www.immobilienbusiness.ch\\\/fr\\\/unternehmen\\\/2022-07-29\\\/zast-anlagegruppe-immobilien-wohnen-schweiz-kauft-in-zuerich-und-luzern\\\/#primaryimage\",\"url\":\"https:\\\/\\\/www.immobilienbusiness.ch\\\/wp-content\\\/uploads\\\/2017\\\/02\\\/Depositphotos_34300803_l-2015.jpg\",\"contentUrl\":\"https:\\\/\\\/www.immobilienbusiness.ch\\\/wp-content\\\/uploads\\\/2017\\\/02\\\/Depositphotos_34300803_l-2015.jpg\"},{\"@type\":\"BreadcrumbList\",\"@id\":\"https:\\\/\\\/www.immobilienbusiness.ch\\\/fr\\\/unternehmen\\\/2022-07-29\\\/zast-anlagegruppe-immobilien-wohnen-schweiz-kauft-in-zuerich-und-luzern\\\/#breadcrumb\",\"itemListElement\":[{\"@type\":\"ListItem\",\"position\":1,\"name\":\"Home\",\"item\":\"https:\\\/\\\/www.immobilienbusiness.ch\\\/\"},{\"@type\":\"ListItem\",\"position\":2,\"name\":\"ZAST: Anlagegruppe Immobilien Wohnen Schweiz kauft in Z\u00fcrich und im Kanton Luzern\"}]},{\"@type\":\"WebSite\",\"@id\":\"https:\\\/\\\/www.immobilienbusiness.ch\\\/#website\",\"url\":\"https:\\\/\\\/www.immobilienbusiness.ch\\\/\",\"name\":\"IMMOBILIEN Business\",\"description\":\"Unabh\u00e4ngiges Schweizer Wirtschaftsmagazin mit Fokus auf Immobilien, Architektur- und Bau sowie Investment- und Finanzierung.\",\"publisher\":{\"@id\":\"https:\\\/\\\/www.immobilienbusiness.ch\\\/#organization\"},\"potentialAction\":[{\"@type\":\"SearchAction\",\"target\":{\"@type\":\"EntryPoint\",\"urlTemplate\":\"https:\\\/\\\/www.immobilienbusiness.ch\\\/?s={search_term_string}\"},\"query-input\":{\"@type\":\"PropertyValueSpecification\",\"valueRequired\":true,\"valueName\":\"search_term_string\"}}],\"inLanguage\":\"fr-FR\"},{\"@type\":\"Organization\",\"@id\":\"https:\\\/\\\/www.immobilienbusiness.ch\\\/#organization\",\"name\":\"IMMOBILIEN Business\",\"url\":\"https:\\\/\\\/www.immobilienbusiness.ch\\\/\",\"logo\":{\"@type\":\"ImageObject\",\"inLanguage\":\"fr-FR\",\"@id\":\"https:\\\/\\\/www.immobilienbusiness.ch\\\/#\\\/schema\\\/logo\\\/image\\\/\",\"url\":\"https:\\\/\\\/www.immobilienbusiness.ch\\\/wp-content\\\/uploads\\\/2021\\\/07\\\/logo_ib.png\",\"contentUrl\":\"https:\\\/\\\/www.immobilienbusiness.ch\\\/wp-content\\\/uploads\\\/2021\\\/07\\\/logo_ib.png\",\"width\":800,\"height\":181,\"caption\":\"IMMOBILIEN Business\"},\"image\":{\"@id\":\"https:\\\/\\\/www.immobilienbusiness.ch\\\/#\\\/schema\\\/logo\\\/image\\\/\"},\"sameAs\":[\"https:\\\/\\\/www.facebook.com\\\/immobilienbusiness\\\/\"]},{\"@type\":\"Person\",\"@id\":\"https:\\\/\\\/www.immobilienbusiness.ch\\\/#\\\/schema\\\/person\\\/aba8bea2db926aa0c24c08c43fe1fcd5\",\"name\":\"Alexander Wachter\",\"image\":{\"@type\":\"ImageObject\",\"inLanguage\":\"fr-FR\",\"@id\":\"https:\\\/\\\/secure.gravatar.com\\\/avatar\\\/1a09e471f5389b0e0a6416eac287e0927c7c97a7b77f9e787eba3af7aee281dd?s=96&d=mm&r=g\",\"url\":\"https:\\\/\\\/secure.gravatar.com\\\/avatar\\\/1a09e471f5389b0e0a6416eac287e0927c7c97a7b77f9e787eba3af7aee281dd?s=96&d=mm&r=g\",\"contentUrl\":\"https:\\\/\\\/secure.gravatar.com\\\/avatar\\\/1a09e471f5389b0e0a6416eac287e0927c7c97a7b77f9e787eba3af7aee281dd?s=96&d=mm&r=g\",\"caption\":\"Alexander Wachter\"},\"url\":\"https:\\\/\\\/www.immobilienbusiness.ch\\\/fr\\\/author\\\/alexander-wachter\\\/\"}]}<\/script>\n<!-- \/ Yoast SEO plugin. -->","yoast_head_json":{"title":"ZAST: Anlagegruppe Immobilien Wohnen Schweiz kauft in Z\u00fcrich und im Kanton Luzern - IMMOBILIEN Business","description":"La Zurich fondation de placement (ZAST) investit des fonds provenant d'une augmentation de capital de 250 millions de CHF r\u00e9cemment conclue dans un projet r\u00e9sidentiel et six immeubles d'habitation.","robots":{"index":"index","follow":"follow","max-snippet":"max-snippet:-1","max-image-preview":"max-image-preview:large","max-video-preview":"max-video-preview:-1"},"canonical":"https:\/\/www.immobilienbusiness.ch\/fr\/unternehmen\/2022-07-29\/zast-anlagegruppe-immobilien-wohnen-schweiz-kauft-in-zuerich-und-luzern\/","og_locale":"fr_FR","og_type":"article","og_title":"ZAST: Anlagegruppe Immobilien Wohnen Schweiz kauft in Z\u00fcrich und im Kanton Luzern - IMMOBILIEN Business","og_description":"Die Z\u00fcrich Anlagestiftung (ZAST) investiert Mittel aus einer j\u00fcngst abgeschlossenen Kapitalerh\u00f6hung von 250 Mio. CHF in ein Wohnprojekt und sechs Mehrfamilienh\u00e4user.","og_url":"https:\/\/www.immobilienbusiness.ch\/fr\/unternehmen\/2022-07-29\/zast-anlagegruppe-immobilien-wohnen-schweiz-kauft-in-zuerich-und-luzern\/","og_site_name":"IMMOBILIEN Business","article_publisher":"https:\/\/www.facebook.com\/immobilienbusiness\/","article_published_time":"2022-07-29T05:29:26+00:00","article_modified_time":"2022-08-04T09:26:03+00:00","og_image":[{"width":2000,"height":1422,"url":"https:\/\/www.immobilienbusiness.ch\/wp-content\/uploads\/2017\/02\/Depositphotos_34300803_l-2015.jpg","type":"image\/jpeg"}],"author":"Alexander Wachter","twitter_card":"summary_large_image","schema":{"@context":"https:\/\/schema.org","@graph":[{"@type":"Article","@id":"https:\/\/www.immobilienbusiness.ch\/fr\/unternehmen\/2022-07-29\/zast-anlagegruppe-immobilien-wohnen-schweiz-kauft-in-zuerich-und-luzern\/#article","isPartOf":{"@id":"https:\/\/www.immobilienbusiness.ch\/fr\/unternehmen\/2022-07-29\/zast-anlagegruppe-immobilien-wohnen-schweiz-kauft-in-zuerich-und-luzern\/"},"author":{"name":"Alexander Wachter","@id":"https:\/\/www.immobilienbusiness.ch\/#\/schema\/person\/aba8bea2db926aa0c24c08c43fe1fcd5"},"headline":"ZAST: Anlagegruppe Immobilien Wohnen Schweiz kauft in Z\u00fcrich und im Kanton Luzern","datePublished":"2022-07-29T05:29:26+00:00","dateModified":"2022-08-04T09:26:03+00:00","mainEntityOfPage":{"@id":"https:\/\/www.immobilienbusiness.ch\/fr\/unternehmen\/2022-07-29\/zast-anlagegruppe-immobilien-wohnen-schweiz-kauft-in-zuerich-und-luzern\/"},"wordCount":267,"publisher":{"@id":"https:\/\/www.immobilienbusiness.ch\/#organization"},"image":{"@id":"https:\/\/www.immobilienbusiness.ch\/fr\/unternehmen\/2022-07-29\/zast-anlagegruppe-immobilien-wohnen-schweiz-kauft-in-zuerich-und-luzern\/#primaryimage"},"thumbnailUrl":"https:\/\/www.immobilienbusiness.ch\/wp-content\/uploads\/2017\/02\/Depositphotos_34300803_l-2015.jpg","keywords":["Anlagegruppe","Immobilienkauf","Luzern","Wohnimmobilien","ZAST","Z\u00fcrich","Z\u00fcrich Anlagestiftung"],"articleSection":["UNTERNEHMEN"],"inLanguage":"fr-FR"},{"@type":"WebPage","@id":"https:\/\/www.immobilienbusiness.ch\/fr\/unternehmen\/2022-07-29\/zast-anlagegruppe-immobilien-wohnen-schweiz-kauft-in-zuerich-und-luzern\/","url":"https:\/\/www.immobilienbusiness.ch\/fr\/unternehmen\/2022-07-29\/zast-anlagegruppe-immobilien-wohnen-schweiz-kauft-in-zuerich-und-luzern\/","name":"ZAST: Anlagegruppe Immobilien Wohnen Schweiz kauft in Z\u00fcrich und im Kanton Luzern - IMMOBILIEN Business","isPartOf":{"@id":"https:\/\/www.immobilienbusiness.ch\/#website"},"primaryImageOfPage":{"@id":"https:\/\/www.immobilienbusiness.ch\/fr\/unternehmen\/2022-07-29\/zast-anlagegruppe-immobilien-wohnen-schweiz-kauft-in-zuerich-und-luzern\/#primaryimage"},"image":{"@id":"https:\/\/www.immobilienbusiness.ch\/fr\/unternehmen\/2022-07-29\/zast-anlagegruppe-immobilien-wohnen-schweiz-kauft-in-zuerich-und-luzern\/#primaryimage"},"thumbnailUrl":"https:\/\/www.immobilienbusiness.ch\/wp-content\/uploads\/2017\/02\/Depositphotos_34300803_l-2015.jpg","datePublished":"2022-07-29T05:29:26+00:00","dateModified":"2022-08-04T09:26:03+00:00","description":"La Zurich fondation de placement (ZAST) investit des fonds provenant d'une augmentation de capital de 250 millions de CHF r\u00e9cemment conclue dans un projet r\u00e9sidentiel et six immeubles d'habitation.","breadcrumb":{"@id":"https:\/\/www.immobilienbusiness.ch\/fr\/unternehmen\/2022-07-29\/zast-anlagegruppe-immobilien-wohnen-schweiz-kauft-in-zuerich-und-luzern\/#breadcrumb"},"inLanguage":"fr-FR","potentialAction":[{"@type":"ReadAction","target":["https:\/\/www.immobilienbusiness.ch\/fr\/unternehmen\/2022-07-29\/zast-anlagegruppe-immobilien-wohnen-schweiz-kauft-in-zuerich-und-luzern\/"]}]},{"@type":"ImageObject","inLanguage":"fr-FR","@id":"https:\/\/www.immobilienbusiness.ch\/fr\/unternehmen\/2022-07-29\/zast-anlagegruppe-immobilien-wohnen-schweiz-kauft-in-zuerich-und-luzern\/#primaryimage","url":"https:\/\/www.immobilienbusiness.ch\/wp-content\/uploads\/2017\/02\/Depositphotos_34300803_l-2015.jpg","contentUrl":"https:\/\/www.immobilienbusiness.ch\/wp-content\/uploads\/2017\/02\/Depositphotos_34300803_l-2015.jpg"},{"@type":"BreadcrumbList","@id":"https:\/\/www.immobilienbusiness.ch\/fr\/unternehmen\/2022-07-29\/zast-anlagegruppe-immobilien-wohnen-schweiz-kauft-in-zuerich-und-luzern\/#breadcrumb","itemListElement":[{"@type":"ListItem","position":1,"name":"Home","item":"https:\/\/www.immobilienbusiness.ch\/"},{"@type":"ListItem","position":2,"name":"ZAST: Anlagegruppe Immobilien Wohnen Schweiz kauft in Z\u00fcrich und im Kanton Luzern"}]},{"@type":"WebSite","@id":"https:\/\/www.immobilienbusiness.ch\/#website","url":"https:\/\/www.immobilienbusiness.ch\/","name":"IMMOBILIER Business","description":"Magazine \u00e9conomique suisse ind\u00e9pendant ax\u00e9 sur l'immobilier, l'architecture et la construction ainsi que sur les investissements et le financement.","publisher":{"@id":"https:\/\/www.immobilienbusiness.ch\/#organization"},"potentialAction":[{"@type":"SearchAction","target":{"@type":"EntryPoint","urlTemplate":"https:\/\/www.immobilienbusiness.ch\/?s={search_term_string}"},"query-input":{"@type":"PropertyValueSpecification","valueRequired":true,"valueName":"search_term_string"}}],"inLanguage":"fr-FR"},{"@type":"Organization","@id":"https:\/\/www.immobilienbusiness.ch\/#organization","name":"IMMOBILIER Business","url":"https:\/\/www.immobilienbusiness.ch\/","logo":{"@type":"ImageObject","inLanguage":"fr-FR","@id":"https:\/\/www.immobilienbusiness.ch\/#\/schema\/logo\/image\/","url":"https:\/\/www.immobilienbusiness.ch\/wp-content\/uploads\/2021\/07\/logo_ib.png","contentUrl":"https:\/\/www.immobilienbusiness.ch\/wp-content\/uploads\/2021\/07\/logo_ib.png","width":800,"height":181,"caption":"IMMOBILIEN Business"},"image":{"@id":"https:\/\/www.immobilienbusiness.ch\/#\/schema\/logo\/image\/"},"sameAs":["https:\/\/www.facebook.com\/immobilienbusiness\/"]},{"@type":"Person","@id":"https:\/\/www.immobilienbusiness.ch\/#\/schema\/person\/aba8bea2db926aa0c24c08c43fe1fcd5","name":"Alexander Wachter","image":{"@type":"ImageObject","inLanguage":"fr-FR","@id":"https:\/\/secure.gravatar.com\/avatar\/1a09e471f5389b0e0a6416eac287e0927c7c97a7b77f9e787eba3af7aee281dd?s=96&d=mm&r=g","url":"https:\/\/secure.gravatar.com\/avatar\/1a09e471f5389b0e0a6416eac287e0927c7c97a7b77f9e787eba3af7aee281dd?s=96&d=mm&r=g","contentUrl":"https:\/\/secure.gravatar.com\/avatar\/1a09e471f5389b0e0a6416eac287e0927c7c97a7b77f9e787eba3af7aee281dd?s=96&d=mm&r=g","caption":"Alexander Wachter"},"url":"https:\/\/www.immobilienbusiness.ch\/fr\/author\/alexander-wachter\/"}]}},"_links":{"self":[{"href":"https:\/\/www.immobilienbusiness.ch\/fr\/wp-json\/wp\/v2\/posts\/43410","targetHints":{"allow":["GET"]}}],"collection":[{"href":"https:\/\/www.immobilienbusiness.ch\/fr\/wp-json\/wp\/v2\/posts"}],"about":[{"href":"https:\/\/www.immobilienbusiness.ch\/fr\/wp-json\/wp\/v2\/types\/post"}],"author":[{"embeddable":true,"href":"https:\/\/www.immobilienbusiness.ch\/fr\/wp-json\/wp\/v2\/users\/102"}],"replies":[{"embeddable":true,"href":"https:\/\/www.immobilienbusiness.ch\/fr\/wp-json\/wp\/v2\/comments?post=43410"}],"version-history":[{"count":6,"href":"https:\/\/www.immobilienbusiness.ch\/fr\/wp-json\/wp\/v2\/posts\/43410\/revisions"}],"predecessor-version":[{"id":43476,"href":"https:\/\/www.immobilienbusiness.ch\/fr\/wp-json\/wp\/v2\/posts\/43410\/revisions\/43476"}],"wp:attachment":[{"href":"https:\/\/www.immobilienbusiness.ch\/fr\/wp-json\/wp\/v2\/media?parent=43410"}],"wp:term":[{"taxonomy":"category","embeddable":true,"href":"https:\/\/www.immobilienbusiness.ch\/fr\/wp-json\/wp\/v2\/categories?post=43410"},{"taxonomy":"post_tag","embeddable":true,"href":"https:\/\/www.immobilienbusiness.ch\/fr\/wp-json\/wp\/v2\/tags?post=43410"}],"curies":[{"name":"wp","href":"https:\/\/api.w.org\/{rel}","templated":true}]}}