{"id":43394,"date":"2022-07-28T06:48:52","date_gmt":"2022-07-28T04:48:52","guid":{"rendered":"https:\/\/www.immobilienbusiness.ch\/?p=43394"},"modified":"2022-07-29T08:59:57","modified_gmt":"2022-07-29T06:59:57","slug":"kanton-thurgau-stiftung-abendrot-baut-mietwohnungen-in-egnach","status":"publish","type":"post","link":"https:\/\/www.immobilienbusiness.ch\/fr\/regionen\/2022-07-28\/kanton-thurgau-stiftung-abendrot-baut-mietwohnungen-in-egnach\/","title":{"rendered":"Canton de Thurgovie : la fondation Abendrot construit des logements locatifs \u00e0 Egnach"},"content":{"rendered":"<p>&nbsp;<\/p>\n<figure id=\"attachment_43395\" aria-describedby=\"caption-attachment-43395\" style=\"width: 556px\" class=\"wp-caption alignnone\"><a href=\"https:\/\/www.immobilienbusiness.ch\/wp-content\/uploads\/2022\/07\/Abendrot-Egnach.png\"><img loading=\"lazy\" decoding=\"async\" class=\"size-full wp-image-43395\" src=\"https:\/\/www.immobilienbusiness.ch\/wp-content\/uploads\/2022\/07\/Abendrot-Egnach.png\" alt=\"\" width=\"556\" height=\"359\" srcset=\"https:\/\/www.immobilienbusiness.ch\/wp-content\/uploads\/2022\/07\/Abendrot-Egnach.png 556w, https:\/\/www.immobilienbusiness.ch\/wp-content\/uploads\/2022\/07\/Abendrot-Egnach-300x194.png 300w, https:\/\/www.immobilienbusiness.ch\/wp-content\/uploads\/2022\/07\/Abendrot-Egnach-18x12.png 18w, https:\/\/www.immobilienbusiness.ch\/wp-content\/uploads\/2022\/07\/Abendrot-Egnach-271x175.png 271w, https:\/\/www.immobilienbusiness.ch\/wp-content\/uploads\/2022\/07\/Abendrot-Egnach-542x350.png 542w\" sizes=\"auto, (max-width: 556px) 100vw, 556px\" \/><\/a><figcaption id=\"caption-attachment-43395\" class=\"wp-caption-text\">Visualisation du projet \u00e0 Egnach (photo : \u00a9nightnurse images, Zurich)<\/figcaption><\/figure>\n<p>La fondation Abendrot devient partenaire pour le d\u00e9veloppement du site de la cidrerie \u00e0 Egnach (canton de Thurgovie). Sur ce terrain, elle pr\u00e9voit la construction de trois immeubles d'habitation et la r\u00e9affectation d'un immeuble de bureaux \u00e0 usage d'habitation\/commercial. Le projet fait partie d'un projet plus vaste qui comprend la construction de 161 logements et de surfaces commerciales dans huit b\u00e2timents au total. Selon ses propres indications, Abendrot d\u00e9veloppe le projet \"de mani\u00e8re tr\u00e8s coop\u00e9rative\" en collaboration avec le propri\u00e9taire Mettler2Invest, qui pr\u00e9voit de construire deux immeubles en propri\u00e9t\u00e9 par \u00e9tage sur le site. En outre, le projet comprend un projet d'habitat pour personnes \u00e2g\u00e9es avec un service de d\u00e9mence et des chambres de soins.<\/p>\n<p>La demande de permis de construire du projet sera d\u00e9pos\u00e9e en d\u00e9cembre. L'autorisation et le d\u00e9but des travaux sont attendus \u00e0 partir du printemps 2023. L'emm\u00e9nagement dans les appartements est pr\u00e9vu au plus t\u00f4t en mai 2025. Les plans ont \u00e9t\u00e9 r\u00e9alis\u00e9s par Baumschlager&amp;Eberle Architekten.<\/p>\n<p>Selon Abendrot, l'ensemble du lotissement doit \u00eatre plac\u00e9 sous le signe de l'habitat communautaire. La cr\u00e9ation d'une association de lotissement a \u00e9t\u00e9 convenue avec Metterl2Invest, et d'autres partenaires potentiels ont d\u00e9j\u00e0 \u00e9t\u00e9 contact\u00e9s. Tous les habitants du quartier doivent \u00eatre membres de l'association du lotissement et avoir un droit de regard sur les installations communes. <em>(aw)<\/em><\/p>","protected":false},"excerpt":{"rendered":"<p>Dans cette commune situ\u00e9e au bord du lac de Constance, la fondation d\u00e9veloppe, en collaboration avec Mettler2Invest, un terrain sur lequel seront construits au total huit b\u00e2timents comprenant 161 appartements.<\/p>","protected":false},"author":102,"featured_media":43395,"comment_status":"closed","ping_status":"closed","sticky":false,"template":"","format":"standard","meta":{"_acf_changed":false,"_yoast_wpseo_focuskw":"Stiftung Abendrot","_yoast_wpseo_title":"","_yoast_wpseo_metadesc":"In der Gemeinde am Bodensee bebaut die Stiftung zusammen mit Mettler2Invest ein Areal, auf dem insgesamt acht Geb\u00e4ude mit 161 Wohnungen entstehen.","_yoast_wpseo_linkdex":47,"pgc_sgb_lightbox_settings":"","footnotes":""},"categories":[985],"tags":[1406,1486,1492,1600,2063],"class_list":["post-43394","post","type-post","status-publish","format-standard","has-post-thumbnail","hentry","category-regionen","tag-kanton-thurgau","tag-mettler2invest","tag-mietwohnungen","tag-projekt-in-planung","tag-stiftung-abendrot"],"acf":[],"yoast_head":"<!-- This site is optimized with the Yoast SEO plugin v27.4 - https:\/\/yoast.com\/product\/yoast-seo-wordpress\/ -->\n<title>Kanton Thurgau: Stiftung Abendrot baut Mietwohnungen in Egnach - IMMOBILIEN Business<\/title>\n<meta name=\"description\" content=\"In der Gemeinde am Bodensee bebaut die Stiftung zusammen mit Mettler2Invest ein Areal, auf dem insgesamt acht Geb\u00e4ude mit 161 Wohnungen entstehen.\" \/>\n<meta name=\"robots\" content=\"index, follow, max-snippet:-1, max-image-preview:large, max-video-preview:-1\" \/>\n<link rel=\"canonical\" href=\"https:\/\/www.immobilienbusiness.ch\/fr\/regionen\/2022-07-28\/kanton-thurgau-stiftung-abendrot-baut-mietwohnungen-in-egnach\/\" \/>\n<meta property=\"og:locale\" content=\"fr_FR\" \/>\n<meta property=\"og:type\" content=\"article\" \/>\n<meta property=\"og:title\" content=\"Kanton Thurgau: Stiftung Abendrot baut Mietwohnungen in Egnach - IMMOBILIEN Business\" \/>\n<meta property=\"og:description\" content=\"In der Gemeinde am Bodensee bebaut die Stiftung zusammen mit Mettler2Invest ein Areal, auf dem insgesamt acht Geb\u00e4ude mit 161 Wohnungen entstehen.\" \/>\n<meta property=\"og:url\" content=\"https:\/\/www.immobilienbusiness.ch\/fr\/regionen\/2022-07-28\/kanton-thurgau-stiftung-abendrot-baut-mietwohnungen-in-egnach\/\" \/>\n<meta property=\"og:site_name\" content=\"IMMOBILIEN Business\" \/>\n<meta property=\"article:publisher\" content=\"https:\/\/www.facebook.com\/immobilienbusiness\/\" \/>\n<meta property=\"article:published_time\" content=\"2022-07-28T04:48:52+00:00\" \/>\n<meta property=\"article:modified_time\" content=\"2022-07-29T06:59:57+00:00\" \/>\n<meta property=\"og:image\" content=\"https:\/\/www.immobilienbusiness.ch\/wp-content\/uploads\/2022\/07\/Abendrot-Egnach.png\" \/>\n\t<meta property=\"og:image:width\" content=\"556\" \/>\n\t<meta property=\"og:image:height\" content=\"359\" \/>\n\t<meta property=\"og:image:type\" content=\"image\/png\" \/>\n<meta name=\"author\" content=\"Alexander Wachter\" \/>\n<meta name=\"twitter:card\" content=\"summary_large_image\" \/>\n<script type=\"application\/ld+json\" class=\"yoast-schema-graph\">{\"@context\":\"https:\\\/\\\/schema.org\",\"@graph\":[{\"@type\":\"Article\",\"@id\":\"https:\\\/\\\/www.immobilienbusiness.ch\\\/en\\\/regionen\\\/2022-07-28\\\/kanton-thurgau-stiftung-abendrot-baut-mietwohnungen-in-egnach\\\/#article\",\"isPartOf\":{\"@id\":\"https:\\\/\\\/www.immobilienbusiness.ch\\\/en\\\/regionen\\\/2022-07-28\\\/kanton-thurgau-stiftung-abendrot-baut-mietwohnungen-in-egnach\\\/\"},\"author\":{\"name\":\"Alexander Wachter\",\"@id\":\"https:\\\/\\\/www.immobilienbusiness.ch\\\/#\\\/schema\\\/person\\\/aba8bea2db926aa0c24c08c43fe1fcd5\"},\"headline\":\"Kanton Thurgau: Stiftung Abendrot baut Mietwohnungen in Egnach\",\"datePublished\":\"2022-07-28T04:48:52+00:00\",\"dateModified\":\"2022-07-29T06:59:57+00:00\",\"mainEntityOfPage\":{\"@id\":\"https:\\\/\\\/www.immobilienbusiness.ch\\\/en\\\/regionen\\\/2022-07-28\\\/kanton-thurgau-stiftung-abendrot-baut-mietwohnungen-in-egnach\\\/\"},\"wordCount\":205,\"publisher\":{\"@id\":\"https:\\\/\\\/www.immobilienbusiness.ch\\\/#organization\"},\"image\":{\"@id\":\"https:\\\/\\\/www.immobilienbusiness.ch\\\/en\\\/regionen\\\/2022-07-28\\\/kanton-thurgau-stiftung-abendrot-baut-mietwohnungen-in-egnach\\\/#primaryimage\"},\"thumbnailUrl\":\"https:\\\/\\\/www.immobilienbusiness.ch\\\/wp-content\\\/uploads\\\/2022\\\/07\\\/Abendrot-Egnach.png\",\"keywords\":[\"Kanton Thurgau\",\"Mettler2Invest\",\"Mietwohnungen\",\"Projekt in Planung\",\"Stiftung Abendrot\"],\"articleSection\":[\"REGIONEN\"],\"inLanguage\":\"fr-FR\"},{\"@type\":\"WebPage\",\"@id\":\"https:\\\/\\\/www.immobilienbusiness.ch\\\/en\\\/regionen\\\/2022-07-28\\\/kanton-thurgau-stiftung-abendrot-baut-mietwohnungen-in-egnach\\\/\",\"url\":\"https:\\\/\\\/www.immobilienbusiness.ch\\\/en\\\/regionen\\\/2022-07-28\\\/kanton-thurgau-stiftung-abendrot-baut-mietwohnungen-in-egnach\\\/\",\"name\":\"Kanton Thurgau: Stiftung Abendrot baut Mietwohnungen in Egnach - IMMOBILIEN Business\",\"isPartOf\":{\"@id\":\"https:\\\/\\\/www.immobilienbusiness.ch\\\/#website\"},\"primaryImageOfPage\":{\"@id\":\"https:\\\/\\\/www.immobilienbusiness.ch\\\/en\\\/regionen\\\/2022-07-28\\\/kanton-thurgau-stiftung-abendrot-baut-mietwohnungen-in-egnach\\\/#primaryimage\"},\"image\":{\"@id\":\"https:\\\/\\\/www.immobilienbusiness.ch\\\/en\\\/regionen\\\/2022-07-28\\\/kanton-thurgau-stiftung-abendrot-baut-mietwohnungen-in-egnach\\\/#primaryimage\"},\"thumbnailUrl\":\"https:\\\/\\\/www.immobilienbusiness.ch\\\/wp-content\\\/uploads\\\/2022\\\/07\\\/Abendrot-Egnach.png\",\"datePublished\":\"2022-07-28T04:48:52+00:00\",\"dateModified\":\"2022-07-29T06:59:57+00:00\",\"description\":\"In der Gemeinde am Bodensee bebaut die Stiftung zusammen mit Mettler2Invest ein Areal, auf dem insgesamt acht Geb\u00e4ude mit 161 Wohnungen entstehen.\",\"breadcrumb\":{\"@id\":\"https:\\\/\\\/www.immobilienbusiness.ch\\\/en\\\/regionen\\\/2022-07-28\\\/kanton-thurgau-stiftung-abendrot-baut-mietwohnungen-in-egnach\\\/#breadcrumb\"},\"inLanguage\":\"fr-FR\",\"potentialAction\":[{\"@type\":\"ReadAction\",\"target\":[\"https:\\\/\\\/www.immobilienbusiness.ch\\\/en\\\/regionen\\\/2022-07-28\\\/kanton-thurgau-stiftung-abendrot-baut-mietwohnungen-in-egnach\\\/\"]}]},{\"@type\":\"ImageObject\",\"inLanguage\":\"fr-FR\",\"@id\":\"https:\\\/\\\/www.immobilienbusiness.ch\\\/en\\\/regionen\\\/2022-07-28\\\/kanton-thurgau-stiftung-abendrot-baut-mietwohnungen-in-egnach\\\/#primaryimage\",\"url\":\"https:\\\/\\\/www.immobilienbusiness.ch\\\/wp-content\\\/uploads\\\/2022\\\/07\\\/Abendrot-Egnach.png\",\"contentUrl\":\"https:\\\/\\\/www.immobilienbusiness.ch\\\/wp-content\\\/uploads\\\/2022\\\/07\\\/Abendrot-Egnach.png\",\"width\":556,\"height\":359,\"caption\":\"Visualisierung des Projekts in Egnach (Bild:\u00a9nightnurse images, Z\u00fcrich)\"},{\"@type\":\"BreadcrumbList\",\"@id\":\"https:\\\/\\\/www.immobilienbusiness.ch\\\/en\\\/regionen\\\/2022-07-28\\\/kanton-thurgau-stiftung-abendrot-baut-mietwohnungen-in-egnach\\\/#breadcrumb\",\"itemListElement\":[{\"@type\":\"ListItem\",\"position\":1,\"name\":\"Home\",\"item\":\"https:\\\/\\\/www.immobilienbusiness.ch\\\/\"},{\"@type\":\"ListItem\",\"position\":2,\"name\":\"Kanton Thurgau: Stiftung Abendrot baut Mietwohnungen in Egnach\"}]},{\"@type\":\"WebSite\",\"@id\":\"https:\\\/\\\/www.immobilienbusiness.ch\\\/#website\",\"url\":\"https:\\\/\\\/www.immobilienbusiness.ch\\\/\",\"name\":\"IMMOBILIEN Business\",\"description\":\"Unabh\u00e4ngiges Schweizer Wirtschaftsmagazin mit Fokus auf Immobilien, Architektur- und Bau sowie Investment- und Finanzierung.\",\"publisher\":{\"@id\":\"https:\\\/\\\/www.immobilienbusiness.ch\\\/#organization\"},\"potentialAction\":[{\"@type\":\"SearchAction\",\"target\":{\"@type\":\"EntryPoint\",\"urlTemplate\":\"https:\\\/\\\/www.immobilienbusiness.ch\\\/?s={search_term_string}\"},\"query-input\":{\"@type\":\"PropertyValueSpecification\",\"valueRequired\":true,\"valueName\":\"search_term_string\"}}],\"inLanguage\":\"fr-FR\"},{\"@type\":\"Organization\",\"@id\":\"https:\\\/\\\/www.immobilienbusiness.ch\\\/#organization\",\"name\":\"IMMOBILIEN Business\",\"url\":\"https:\\\/\\\/www.immobilienbusiness.ch\\\/\",\"logo\":{\"@type\":\"ImageObject\",\"inLanguage\":\"fr-FR\",\"@id\":\"https:\\\/\\\/www.immobilienbusiness.ch\\\/#\\\/schema\\\/logo\\\/image\\\/\",\"url\":\"https:\\\/\\\/www.immobilienbusiness.ch\\\/wp-content\\\/uploads\\\/2021\\\/07\\\/logo_ib.png\",\"contentUrl\":\"https:\\\/\\\/www.immobilienbusiness.ch\\\/wp-content\\\/uploads\\\/2021\\\/07\\\/logo_ib.png\",\"width\":800,\"height\":181,\"caption\":\"IMMOBILIEN Business\"},\"image\":{\"@id\":\"https:\\\/\\\/www.immobilienbusiness.ch\\\/#\\\/schema\\\/logo\\\/image\\\/\"},\"sameAs\":[\"https:\\\/\\\/www.facebook.com\\\/immobilienbusiness\\\/\"]},{\"@type\":\"Person\",\"@id\":\"https:\\\/\\\/www.immobilienbusiness.ch\\\/#\\\/schema\\\/person\\\/aba8bea2db926aa0c24c08c43fe1fcd5\",\"name\":\"Alexander Wachter\",\"image\":{\"@type\":\"ImageObject\",\"inLanguage\":\"fr-FR\",\"@id\":\"https:\\\/\\\/secure.gravatar.com\\\/avatar\\\/1a09e471f5389b0e0a6416eac287e0927c7c97a7b77f9e787eba3af7aee281dd?s=96&d=mm&r=g\",\"url\":\"https:\\\/\\\/secure.gravatar.com\\\/avatar\\\/1a09e471f5389b0e0a6416eac287e0927c7c97a7b77f9e787eba3af7aee281dd?s=96&d=mm&r=g\",\"contentUrl\":\"https:\\\/\\\/secure.gravatar.com\\\/avatar\\\/1a09e471f5389b0e0a6416eac287e0927c7c97a7b77f9e787eba3af7aee281dd?s=96&d=mm&r=g\",\"caption\":\"Alexander Wachter\"},\"url\":\"https:\\\/\\\/www.immobilienbusiness.ch\\\/fr\\\/author\\\/alexander-wachter\\\/\"}]}<\/script>\n<!-- \/ Yoast SEO plugin. -->","yoast_head_json":{"title":"Kanton Thurgau: Stiftung Abendrot baut Mietwohnungen in Egnach - IMMOBILIEN Business","description":"In der Gemeinde am Bodensee bebaut die Stiftung zusammen mit Mettler2Invest ein Areal, auf dem insgesamt acht Geb\u00e4ude mit 161 Wohnungen entstehen.","robots":{"index":"index","follow":"follow","max-snippet":"max-snippet:-1","max-image-preview":"max-image-preview:large","max-video-preview":"max-video-preview:-1"},"canonical":"https:\/\/www.immobilienbusiness.ch\/fr\/regionen\/2022-07-28\/kanton-thurgau-stiftung-abendrot-baut-mietwohnungen-in-egnach\/","og_locale":"fr_FR","og_type":"article","og_title":"Kanton Thurgau: Stiftung Abendrot baut Mietwohnungen in Egnach - IMMOBILIEN Business","og_description":"In der Gemeinde am Bodensee bebaut die Stiftung zusammen mit Mettler2Invest ein Areal, auf dem insgesamt acht Geb\u00e4ude mit 161 Wohnungen entstehen.","og_url":"https:\/\/www.immobilienbusiness.ch\/fr\/regionen\/2022-07-28\/kanton-thurgau-stiftung-abendrot-baut-mietwohnungen-in-egnach\/","og_site_name":"IMMOBILIEN Business","article_publisher":"https:\/\/www.facebook.com\/immobilienbusiness\/","article_published_time":"2022-07-28T04:48:52+00:00","article_modified_time":"2022-07-29T06:59:57+00:00","og_image":[{"width":556,"height":359,"url":"https:\/\/www.immobilienbusiness.ch\/wp-content\/uploads\/2022\/07\/Abendrot-Egnach.png","type":"image\/png"}],"author":"Alexander Wachter","twitter_card":"summary_large_image","schema":{"@context":"https:\/\/schema.org","@graph":[{"@type":"Article","@id":"https:\/\/www.immobilienbusiness.ch\/en\/regionen\/2022-07-28\/kanton-thurgau-stiftung-abendrot-baut-mietwohnungen-in-egnach\/#article","isPartOf":{"@id":"https:\/\/www.immobilienbusiness.ch\/en\/regionen\/2022-07-28\/kanton-thurgau-stiftung-abendrot-baut-mietwohnungen-in-egnach\/"},"author":{"name":"Alexander Wachter","@id":"https:\/\/www.immobilienbusiness.ch\/#\/schema\/person\/aba8bea2db926aa0c24c08c43fe1fcd5"},"headline":"Kanton Thurgau: Stiftung Abendrot baut Mietwohnungen in Egnach","datePublished":"2022-07-28T04:48:52+00:00","dateModified":"2022-07-29T06:59:57+00:00","mainEntityOfPage":{"@id":"https:\/\/www.immobilienbusiness.ch\/en\/regionen\/2022-07-28\/kanton-thurgau-stiftung-abendrot-baut-mietwohnungen-in-egnach\/"},"wordCount":205,"publisher":{"@id":"https:\/\/www.immobilienbusiness.ch\/#organization"},"image":{"@id":"https:\/\/www.immobilienbusiness.ch\/en\/regionen\/2022-07-28\/kanton-thurgau-stiftung-abendrot-baut-mietwohnungen-in-egnach\/#primaryimage"},"thumbnailUrl":"https:\/\/www.immobilienbusiness.ch\/wp-content\/uploads\/2022\/07\/Abendrot-Egnach.png","keywords":["Kanton Thurgau","Mettler2Invest","Mietwohnungen","Projekt in Planung","Stiftung Abendrot"],"articleSection":["REGIONEN"],"inLanguage":"fr-FR"},{"@type":"WebPage","@id":"https:\/\/www.immobilienbusiness.ch\/en\/regionen\/2022-07-28\/kanton-thurgau-stiftung-abendrot-baut-mietwohnungen-in-egnach\/","url":"https:\/\/www.immobilienbusiness.ch\/en\/regionen\/2022-07-28\/kanton-thurgau-stiftung-abendrot-baut-mietwohnungen-in-egnach\/","name":"Kanton Thurgau: Stiftung Abendrot baut Mietwohnungen in Egnach - IMMOBILIEN Business","isPartOf":{"@id":"https:\/\/www.immobilienbusiness.ch\/#website"},"primaryImageOfPage":{"@id":"https:\/\/www.immobilienbusiness.ch\/en\/regionen\/2022-07-28\/kanton-thurgau-stiftung-abendrot-baut-mietwohnungen-in-egnach\/#primaryimage"},"image":{"@id":"https:\/\/www.immobilienbusiness.ch\/en\/regionen\/2022-07-28\/kanton-thurgau-stiftung-abendrot-baut-mietwohnungen-in-egnach\/#primaryimage"},"thumbnailUrl":"https:\/\/www.immobilienbusiness.ch\/wp-content\/uploads\/2022\/07\/Abendrot-Egnach.png","datePublished":"2022-07-28T04:48:52+00:00","dateModified":"2022-07-29T06:59:57+00:00","description":"In der Gemeinde am Bodensee bebaut die Stiftung zusammen mit Mettler2Invest ein Areal, auf dem insgesamt acht Geb\u00e4ude mit 161 Wohnungen entstehen.","breadcrumb":{"@id":"https:\/\/www.immobilienbusiness.ch\/en\/regionen\/2022-07-28\/kanton-thurgau-stiftung-abendrot-baut-mietwohnungen-in-egnach\/#breadcrumb"},"inLanguage":"fr-FR","potentialAction":[{"@type":"ReadAction","target":["https:\/\/www.immobilienbusiness.ch\/en\/regionen\/2022-07-28\/kanton-thurgau-stiftung-abendrot-baut-mietwohnungen-in-egnach\/"]}]},{"@type":"ImageObject","inLanguage":"fr-FR","@id":"https:\/\/www.immobilienbusiness.ch\/en\/regionen\/2022-07-28\/kanton-thurgau-stiftung-abendrot-baut-mietwohnungen-in-egnach\/#primaryimage","url":"https:\/\/www.immobilienbusiness.ch\/wp-content\/uploads\/2022\/07\/Abendrot-Egnach.png","contentUrl":"https:\/\/www.immobilienbusiness.ch\/wp-content\/uploads\/2022\/07\/Abendrot-Egnach.png","width":556,"height":359,"caption":"Visualisierung des Projekts in Egnach (Bild:\u00a9nightnurse images, Z\u00fcrich)"},{"@type":"BreadcrumbList","@id":"https:\/\/www.immobilienbusiness.ch\/en\/regionen\/2022-07-28\/kanton-thurgau-stiftung-abendrot-baut-mietwohnungen-in-egnach\/#breadcrumb","itemListElement":[{"@type":"ListItem","position":1,"name":"Home","item":"https:\/\/www.immobilienbusiness.ch\/"},{"@type":"ListItem","position":2,"name":"Kanton Thurgau: Stiftung Abendrot baut Mietwohnungen in Egnach"}]},{"@type":"WebSite","@id":"https:\/\/www.immobilienbusiness.ch\/#website","url":"https:\/\/www.immobilienbusiness.ch\/","name":"IMMOBILIER Business","description":"Magazine \u00e9conomique suisse ind\u00e9pendant ax\u00e9 sur l'immobilier, l'architecture et la construction ainsi que sur les investissements et le financement.","publisher":{"@id":"https:\/\/www.immobilienbusiness.ch\/#organization"},"potentialAction":[{"@type":"SearchAction","target":{"@type":"EntryPoint","urlTemplate":"https:\/\/www.immobilienbusiness.ch\/?s={search_term_string}"},"query-input":{"@type":"PropertyValueSpecification","valueRequired":true,"valueName":"search_term_string"}}],"inLanguage":"fr-FR"},{"@type":"Organization","@id":"https:\/\/www.immobilienbusiness.ch\/#organization","name":"IMMOBILIER Business","url":"https:\/\/www.immobilienbusiness.ch\/","logo":{"@type":"ImageObject","inLanguage":"fr-FR","@id":"https:\/\/www.immobilienbusiness.ch\/#\/schema\/logo\/image\/","url":"https:\/\/www.immobilienbusiness.ch\/wp-content\/uploads\/2021\/07\/logo_ib.png","contentUrl":"https:\/\/www.immobilienbusiness.ch\/wp-content\/uploads\/2021\/07\/logo_ib.png","width":800,"height":181,"caption":"IMMOBILIEN Business"},"image":{"@id":"https:\/\/www.immobilienbusiness.ch\/#\/schema\/logo\/image\/"},"sameAs":["https:\/\/www.facebook.com\/immobilienbusiness\/"]},{"@type":"Person","@id":"https:\/\/www.immobilienbusiness.ch\/#\/schema\/person\/aba8bea2db926aa0c24c08c43fe1fcd5","name":"Alexander Wachter","image":{"@type":"ImageObject","inLanguage":"fr-FR","@id":"https:\/\/secure.gravatar.com\/avatar\/1a09e471f5389b0e0a6416eac287e0927c7c97a7b77f9e787eba3af7aee281dd?s=96&d=mm&r=g","url":"https:\/\/secure.gravatar.com\/avatar\/1a09e471f5389b0e0a6416eac287e0927c7c97a7b77f9e787eba3af7aee281dd?s=96&d=mm&r=g","contentUrl":"https:\/\/secure.gravatar.com\/avatar\/1a09e471f5389b0e0a6416eac287e0927c7c97a7b77f9e787eba3af7aee281dd?s=96&d=mm&r=g","caption":"Alexander Wachter"},"url":"https:\/\/www.immobilienbusiness.ch\/fr\/author\/alexander-wachter\/"}]}},"_links":{"self":[{"href":"https:\/\/www.immobilienbusiness.ch\/fr\/wp-json\/wp\/v2\/posts\/43394","targetHints":{"allow":["GET"]}}],"collection":[{"href":"https:\/\/www.immobilienbusiness.ch\/fr\/wp-json\/wp\/v2\/posts"}],"about":[{"href":"https:\/\/www.immobilienbusiness.ch\/fr\/wp-json\/wp\/v2\/types\/post"}],"author":[{"embeddable":true,"href":"https:\/\/www.immobilienbusiness.ch\/fr\/wp-json\/wp\/v2\/users\/102"}],"replies":[{"embeddable":true,"href":"https:\/\/www.immobilienbusiness.ch\/fr\/wp-json\/wp\/v2\/comments?post=43394"}],"version-history":[{"count":4,"href":"https:\/\/www.immobilienbusiness.ch\/fr\/wp-json\/wp\/v2\/posts\/43394\/revisions"}],"predecessor-version":[{"id":43420,"href":"https:\/\/www.immobilienbusiness.ch\/fr\/wp-json\/wp\/v2\/posts\/43394\/revisions\/43420"}],"wp:featuredmedia":[{"embeddable":true,"href":"https:\/\/www.immobilienbusiness.ch\/fr\/wp-json\/wp\/v2\/media\/43395"}],"wp:attachment":[{"href":"https:\/\/www.immobilienbusiness.ch\/fr\/wp-json\/wp\/v2\/media?parent=43394"}],"wp:term":[{"taxonomy":"category","embeddable":true,"href":"https:\/\/www.immobilienbusiness.ch\/fr\/wp-json\/wp\/v2\/categories?post=43394"},{"taxonomy":"post_tag","embeddable":true,"href":"https:\/\/www.immobilienbusiness.ch\/fr\/wp-json\/wp\/v2\/tags?post=43394"}],"curies":[{"name":"wp","href":"https:\/\/api.w.org\/{rel}","templated":true}]}}