{"id":43173,"date":"2022-07-14T07:55:02","date_gmt":"2022-07-14T05:55:02","guid":{"rendered":"https:\/\/www.immobilienbusiness.ch\/?p=43173"},"modified":"2022-07-14T09:08:26","modified_gmt":"2022-07-14T07:08:26","slug":"sbb-plant-ueberbauung-des-bahnhofareals-zuerich-wollishofen","status":"publish","type":"post","link":"https:\/\/www.immobilienbusiness.ch\/fr\/regionen\/2022-07-14\/sbb-plant-ueberbauung-des-bahnhofareals-zuerich-wollishofen\/","title":{"rendered":"Les CFF pr\u00e9voient de construire un lotissement pr\u00e8s de la gare de Zurich-Wollishofen"},"content":{"rendered":"<figure id=\"attachment_43174\" aria-describedby=\"caption-attachment-43174\" style=\"width: 1280px\" class=\"wp-caption alignnone\"><a href=\"https:\/\/www.immobilienbusiness.ch\/wp-content\/uploads\/2022\/07\/Bahnhofareal-Wollishofen.jpg\"><img loading=\"lazy\" decoding=\"async\" class=\"size-full wp-image-43174\" src=\"https:\/\/www.immobilienbusiness.ch\/wp-content\/uploads\/2022\/07\/Bahnhofareal-Wollishofen.jpg\" alt=\"\" width=\"1280\" height=\"853\" srcset=\"https:\/\/www.immobilienbusiness.ch\/wp-content\/uploads\/2022\/07\/Bahnhofareal-Wollishofen.jpg 1200w, https:\/\/www.immobilienbusiness.ch\/wp-content\/uploads\/2022\/07\/Bahnhofareal-Wollishofen-300x200.jpg 300w, https:\/\/www.immobilienbusiness.ch\/wp-content\/uploads\/2022\/07\/Bahnhofareal-Wollishofen-1024x682.jpg 1024w, https:\/\/www.immobilienbusiness.ch\/wp-content\/uploads\/2022\/07\/Bahnhofareal-Wollishofen-768x512.jpg 768w, https:\/\/www.immobilienbusiness.ch\/wp-content\/uploads\/2022\/07\/Bahnhofareal-Wollishofen-18x12.jpg 18w, https:\/\/www.immobilienbusiness.ch\/wp-content\/uploads\/2022\/07\/Bahnhofareal-Wollishofen-263x175.jpg 263w, https:\/\/www.immobilienbusiness.ch\/wp-content\/uploads\/2022\/07\/Bahnhofareal-Wollishofen-525x350.jpg 525w, https:\/\/www.immobilienbusiness.ch\/wp-content\/uploads\/2022\/07\/Bahnhofareal-Wollishofen-920x613.jpg 920w\" sizes=\"auto, (max-width: 1280px) 100vw, 1280px\" \/><\/a><figcaption id=\"caption-attachment-43174\" class=\"wp-caption-text\">Visualisation de la construction pr\u00e9vue sur le site de la gare de Wollishofen (\u00a9 CFF CFF FFS)<\/figcaption><\/figure>\n<p>Selon les plans des CFF, l'espace \u00e9troit et allong\u00e9 de la gare de Wollishofen doit \u00eatre recouvert et se transformer en un lieu d'arriv\u00e9e et de s\u00e9jour anim\u00e9. Le concours d'architecture pour ce projet a \u00e9t\u00e9 remport\u00e9 par le projet Wellenl\u00e4ge d'une \u00e9quipe compos\u00e9e de Soppelsa Architekten, Sima Breer Landschaftsarchitektur, WMM Ingenieure et Raum8vier.<\/p>\n<p>Les concepteurs proposent quatre b\u00e2timents qui seront construits en deux \u00e9tapes. Tout d'abord, un immeuble d'habitation l\u00e9g\u00e8rement en retrait et planifi\u00e9 en direction de la ville doit permettre d'\u00e9largir la place de la gare pour en faire une place de quartier plus calme et en partie couverte. Un jardin d'enfants municipal de deux \u00e9tages s'y adosse. Parall\u00e8lement, une villa urbaine de plusieurs \u00e9tages doit \u00eatre construite dans le parc de quartier et de jeux adjacent au nord.<\/p>\n<p>Plus tard, la place de la gare sera r\u00e9am\u00e9nag\u00e9e et le poste d'aiguillage sera remplac\u00e9 par un nouveau b\u00e2timent. Le b\u00e2timent de la gare, class\u00e9 monument historique, est conserv\u00e9. La halle aux marchandises historique datant de 1928, un objet prot\u00e9g\u00e9 d'importance cantonale, sera d\u00e9construite et reconstruite \u00e0 la gare de Bauma.<\/p>\n<p>Le projet pr\u00e9voit la construction d'environ 90 logements, dont un tiers \u00e0 prix mod\u00e9r\u00e9s. Une surface de 550 m\u00b2 est pr\u00e9vue pour la restauration et la vente. Un parking souterrain de 70 places ainsi que des places de stationnement pour v\u00e9los situ\u00e9es au centre sont \u00e9galement pr\u00e9vus. Le projet sera vraisemblablement r\u00e9alis\u00e9 \u00e0 partir de 2025, indiquent les CFF. <em>(ah)<\/em><\/p>","protected":false},"excerpt":{"rendered":"<p>De nouveaux b\u00e2timents comprenant des logements ainsi que des surfaces de vente au d\u00e9tail et de restauration doivent \u00eatre construits sur le site de la gare de Wollishofen, dans le quartier 2 de Zurich. Pour ce faire, les CFF veulent mettre en \u0153uvre le projet Wellenl\u00e4nge d'une \u00e9quipe de planificateurs zurichois.<\/p>","protected":false},"author":3,"featured_media":43174,"comment_status":"closed","ping_status":"closed","sticky":false,"template":"","format":"standard","meta":{"_acf_changed":false,"_yoast_wpseo_focuskw":"Wollishofen","_yoast_wpseo_title":"","_yoast_wpseo_metadesc":"Auf dem Bahnhofareal von Wollishofen im Z\u00fcrcher Kreis 2 sollen Neubauten mit Wohnungen sowie Retail- und Gastrofl\u00e4chen entstehen.","_yoast_wpseo_linkdex":56,"pgc_sgb_lightbox_settings":"","footnotes":""},"categories":[985],"tags":[1600,1666,1863,1888],"class_list":["post-43173","post","type-post","status-publish","format-standard","has-post-thumbnail","hentry","category-regionen","tag-projekt-in-planung","tag-sbb","tag-wohnimmobilien","tag-zuerich"],"acf":[],"yoast_head":"<!-- This site is optimized with the Yoast SEO plugin v27.4 - https:\/\/yoast.com\/product\/yoast-seo-wordpress\/ -->\n<title>SBB plant \u00dcberbauung beim Bahnhof Z\u00fcrich-Wollishofen - IMMOBILIEN Business<\/title>\n<meta name=\"description\" content=\"Auf dem Bahnhofareal von Wollishofen im Z\u00fcrcher Kreis 2 sollen Neubauten mit Wohnungen sowie Retail- und Gastrofl\u00e4chen entstehen.\" \/>\n<meta name=\"robots\" content=\"index, follow, max-snippet:-1, max-image-preview:large, max-video-preview:-1\" \/>\n<link rel=\"canonical\" href=\"https:\/\/www.immobilienbusiness.ch\/fr\/regionen\/2022-07-14\/sbb-plant-ueberbauung-des-bahnhofareals-zuerich-wollishofen\/\" \/>\n<meta property=\"og:locale\" content=\"fr_FR\" \/>\n<meta property=\"og:type\" content=\"article\" \/>\n<meta property=\"og:title\" content=\"SBB plant \u00dcberbauung beim Bahnhof Z\u00fcrich-Wollishofen - IMMOBILIEN Business\" \/>\n<meta property=\"og:description\" content=\"Auf dem Bahnhofareal von Wollishofen im Z\u00fcrcher Kreis 2 sollen Neubauten mit Wohnungen sowie Retail- und Gastrofl\u00e4chen entstehen.\" \/>\n<meta property=\"og:url\" content=\"https:\/\/www.immobilienbusiness.ch\/fr\/regionen\/2022-07-14\/sbb-plant-ueberbauung-des-bahnhofareals-zuerich-wollishofen\/\" \/>\n<meta property=\"og:site_name\" content=\"IMMOBILIEN Business\" \/>\n<meta property=\"article:publisher\" content=\"https:\/\/www.facebook.com\/immobilienbusiness\/\" \/>\n<meta property=\"article:published_time\" content=\"2022-07-14T05:55:02+00:00\" \/>\n<meta property=\"article:modified_time\" content=\"2022-07-14T07:08:26+00:00\" \/>\n<meta property=\"og:image\" content=\"https:\/\/www.immobilienbusiness.ch\/wp-content\/uploads\/2022\/07\/Bahnhofareal-Wollishofen.jpg\" \/>\n\t<meta property=\"og:image:width\" content=\"1200\" \/>\n\t<meta property=\"og:image:height\" content=\"800\" \/>\n\t<meta property=\"og:image:type\" content=\"image\/jpeg\" \/>\n<meta name=\"author\" content=\"anja.hall\" \/>\n<meta name=\"twitter:card\" content=\"summary_large_image\" \/>\n<meta name=\"twitter:image\" content=\"https:\/\/www.immobilienbusiness.ch\/wp-content\/uploads\/2022\/07\/Bahnhofareal-Wollishofen.jpg\" \/>\n<script type=\"application\/ld+json\" class=\"yoast-schema-graph\">{\"@context\":\"https:\\\/\\\/schema.org\",\"@graph\":[{\"@type\":\"Article\",\"@id\":\"https:\\\/\\\/www.immobilienbusiness.ch\\\/en\\\/regionen\\\/2022-07-14\\\/sbb-plant-ueberbauung-des-bahnhofareals-zuerich-wollishofen\\\/#article\",\"isPartOf\":{\"@id\":\"https:\\\/\\\/www.immobilienbusiness.ch\\\/en\\\/regionen\\\/2022-07-14\\\/sbb-plant-ueberbauung-des-bahnhofareals-zuerich-wollishofen\\\/\"},\"author\":{\"name\":\"anja.hall\",\"@id\":\"https:\\\/\\\/www.immobilienbusiness.ch\\\/#\\\/schema\\\/person\\\/3fc036297b10b9f42d6db5ee932af8c8\"},\"headline\":\"SBB plant \u00dcberbauung beim Bahnhof Z\u00fcrich-Wollishofen\",\"datePublished\":\"2022-07-14T05:55:02+00:00\",\"dateModified\":\"2022-07-14T07:08:26+00:00\",\"mainEntityOfPage\":{\"@id\":\"https:\\\/\\\/www.immobilienbusiness.ch\\\/en\\\/regionen\\\/2022-07-14\\\/sbb-plant-ueberbauung-des-bahnhofareals-zuerich-wollishofen\\\/\"},\"wordCount\":219,\"publisher\":{\"@id\":\"https:\\\/\\\/www.immobilienbusiness.ch\\\/#organization\"},\"image\":{\"@id\":\"https:\\\/\\\/www.immobilienbusiness.ch\\\/en\\\/regionen\\\/2022-07-14\\\/sbb-plant-ueberbauung-des-bahnhofareals-zuerich-wollishofen\\\/#primaryimage\"},\"thumbnailUrl\":\"https:\\\/\\\/www.immobilienbusiness.ch\\\/wp-content\\\/uploads\\\/2022\\\/07\\\/Bahnhofareal-Wollishofen.jpg\",\"keywords\":[\"Projekt in Planung\",\"SBB\",\"Wohnimmobilien\",\"Z\u00fcrich\"],\"articleSection\":[\"REGIONEN\"],\"inLanguage\":\"fr-FR\"},{\"@type\":\"WebPage\",\"@id\":\"https:\\\/\\\/www.immobilienbusiness.ch\\\/en\\\/regionen\\\/2022-07-14\\\/sbb-plant-ueberbauung-des-bahnhofareals-zuerich-wollishofen\\\/\",\"url\":\"https:\\\/\\\/www.immobilienbusiness.ch\\\/en\\\/regionen\\\/2022-07-14\\\/sbb-plant-ueberbauung-des-bahnhofareals-zuerich-wollishofen\\\/\",\"name\":\"SBB plant \u00dcberbauung beim Bahnhof Z\u00fcrich-Wollishofen - IMMOBILIEN Business\",\"isPartOf\":{\"@id\":\"https:\\\/\\\/www.immobilienbusiness.ch\\\/#website\"},\"primaryImageOfPage\":{\"@id\":\"https:\\\/\\\/www.immobilienbusiness.ch\\\/en\\\/regionen\\\/2022-07-14\\\/sbb-plant-ueberbauung-des-bahnhofareals-zuerich-wollishofen\\\/#primaryimage\"},\"image\":{\"@id\":\"https:\\\/\\\/www.immobilienbusiness.ch\\\/en\\\/regionen\\\/2022-07-14\\\/sbb-plant-ueberbauung-des-bahnhofareals-zuerich-wollishofen\\\/#primaryimage\"},\"thumbnailUrl\":\"https:\\\/\\\/www.immobilienbusiness.ch\\\/wp-content\\\/uploads\\\/2022\\\/07\\\/Bahnhofareal-Wollishofen.jpg\",\"datePublished\":\"2022-07-14T05:55:02+00:00\",\"dateModified\":\"2022-07-14T07:08:26+00:00\",\"description\":\"Auf dem Bahnhofareal von Wollishofen im Z\u00fcrcher Kreis 2 sollen Neubauten mit Wohnungen sowie Retail- und Gastrofl\u00e4chen entstehen.\",\"breadcrumb\":{\"@id\":\"https:\\\/\\\/www.immobilienbusiness.ch\\\/en\\\/regionen\\\/2022-07-14\\\/sbb-plant-ueberbauung-des-bahnhofareals-zuerich-wollishofen\\\/#breadcrumb\"},\"inLanguage\":\"fr-FR\",\"potentialAction\":[{\"@type\":\"ReadAction\",\"target\":[\"https:\\\/\\\/www.immobilienbusiness.ch\\\/en\\\/regionen\\\/2022-07-14\\\/sbb-plant-ueberbauung-des-bahnhofareals-zuerich-wollishofen\\\/\"]}]},{\"@type\":\"ImageObject\",\"inLanguage\":\"fr-FR\",\"@id\":\"https:\\\/\\\/www.immobilienbusiness.ch\\\/en\\\/regionen\\\/2022-07-14\\\/sbb-plant-ueberbauung-des-bahnhofareals-zuerich-wollishofen\\\/#primaryimage\",\"url\":\"https:\\\/\\\/www.immobilienbusiness.ch\\\/wp-content\\\/uploads\\\/2022\\\/07\\\/Bahnhofareal-Wollishofen.jpg\",\"contentUrl\":\"https:\\\/\\\/www.immobilienbusiness.ch\\\/wp-content\\\/uploads\\\/2022\\\/07\\\/Bahnhofareal-Wollishofen.jpg\",\"width\":1200,\"height\":800,\"caption\":\"Visualisieurng der geplanten \u00dcberbauung auf dem Bahnhofareal Wollishofen (\u00a9 SBB CFF FFS)\"},{\"@type\":\"BreadcrumbList\",\"@id\":\"https:\\\/\\\/www.immobilienbusiness.ch\\\/en\\\/regionen\\\/2022-07-14\\\/sbb-plant-ueberbauung-des-bahnhofareals-zuerich-wollishofen\\\/#breadcrumb\",\"itemListElement\":[{\"@type\":\"ListItem\",\"position\":1,\"name\":\"Home\",\"item\":\"https:\\\/\\\/www.immobilienbusiness.ch\\\/\"},{\"@type\":\"ListItem\",\"position\":2,\"name\":\"SBB plant \u00dcberbauung beim Bahnhof Z\u00fcrich-Wollishofen\"}]},{\"@type\":\"WebSite\",\"@id\":\"https:\\\/\\\/www.immobilienbusiness.ch\\\/#website\",\"url\":\"https:\\\/\\\/www.immobilienbusiness.ch\\\/\",\"name\":\"IMMOBILIEN Business\",\"description\":\"Unabh\u00e4ngiges Schweizer Wirtschaftsmagazin mit Fokus auf Immobilien, Architektur- und Bau sowie Investment- und Finanzierung.\",\"publisher\":{\"@id\":\"https:\\\/\\\/www.immobilienbusiness.ch\\\/#organization\"},\"potentialAction\":[{\"@type\":\"SearchAction\",\"target\":{\"@type\":\"EntryPoint\",\"urlTemplate\":\"https:\\\/\\\/www.immobilienbusiness.ch\\\/?s={search_term_string}\"},\"query-input\":{\"@type\":\"PropertyValueSpecification\",\"valueRequired\":true,\"valueName\":\"search_term_string\"}}],\"inLanguage\":\"fr-FR\"},{\"@type\":\"Organization\",\"@id\":\"https:\\\/\\\/www.immobilienbusiness.ch\\\/#organization\",\"name\":\"IMMOBILIEN Business\",\"url\":\"https:\\\/\\\/www.immobilienbusiness.ch\\\/\",\"logo\":{\"@type\":\"ImageObject\",\"inLanguage\":\"fr-FR\",\"@id\":\"https:\\\/\\\/www.immobilienbusiness.ch\\\/#\\\/schema\\\/logo\\\/image\\\/\",\"url\":\"https:\\\/\\\/www.immobilienbusiness.ch\\\/wp-content\\\/uploads\\\/2021\\\/07\\\/logo_ib.png\",\"contentUrl\":\"https:\\\/\\\/www.immobilienbusiness.ch\\\/wp-content\\\/uploads\\\/2021\\\/07\\\/logo_ib.png\",\"width\":800,\"height\":181,\"caption\":\"IMMOBILIEN Business\"},\"image\":{\"@id\":\"https:\\\/\\\/www.immobilienbusiness.ch\\\/#\\\/schema\\\/logo\\\/image\\\/\"},\"sameAs\":[\"https:\\\/\\\/www.facebook.com\\\/immobilienbusiness\\\/\"]},{\"@type\":\"Person\",\"@id\":\"https:\\\/\\\/www.immobilienbusiness.ch\\\/#\\\/schema\\\/person\\\/3fc036297b10b9f42d6db5ee932af8c8\",\"name\":\"anja.hall\",\"image\":{\"@type\":\"ImageObject\",\"inLanguage\":\"fr-FR\",\"@id\":\"https:\\\/\\\/secure.gravatar.com\\\/avatar\\\/066b5a0d447013502c71a5782f4f3469f03cfe595cc2329fb94652fe47511bfb?s=96&d=mm&r=g\",\"url\":\"https:\\\/\\\/secure.gravatar.com\\\/avatar\\\/066b5a0d447013502c71a5782f4f3469f03cfe595cc2329fb94652fe47511bfb?s=96&d=mm&r=g\",\"contentUrl\":\"https:\\\/\\\/secure.gravatar.com\\\/avatar\\\/066b5a0d447013502c71a5782f4f3469f03cfe595cc2329fb94652fe47511bfb?s=96&d=mm&r=g\",\"caption\":\"anja.hall\"},\"url\":\"https:\\\/\\\/www.immobilienbusiness.ch\\\/fr\\\/author\\\/anja-hall\\\/\"}]}<\/script>\n<!-- \/ Yoast SEO plugin. -->","yoast_head_json":{"title":"SBB plant \u00dcberbauung beim Bahnhof Z\u00fcrich-Wollishofen - IMMOBILIEN Business","description":"Auf dem Bahnhofareal von Wollishofen im Z\u00fcrcher Kreis 2 sollen Neubauten mit Wohnungen sowie Retail- und Gastrofl\u00e4chen entstehen.","robots":{"index":"index","follow":"follow","max-snippet":"max-snippet:-1","max-image-preview":"max-image-preview:large","max-video-preview":"max-video-preview:-1"},"canonical":"https:\/\/www.immobilienbusiness.ch\/fr\/regionen\/2022-07-14\/sbb-plant-ueberbauung-des-bahnhofareals-zuerich-wollishofen\/","og_locale":"fr_FR","og_type":"article","og_title":"SBB plant \u00dcberbauung beim Bahnhof Z\u00fcrich-Wollishofen - IMMOBILIEN Business","og_description":"Auf dem Bahnhofareal von Wollishofen im Z\u00fcrcher Kreis 2 sollen Neubauten mit Wohnungen sowie Retail- und Gastrofl\u00e4chen entstehen.","og_url":"https:\/\/www.immobilienbusiness.ch\/fr\/regionen\/2022-07-14\/sbb-plant-ueberbauung-des-bahnhofareals-zuerich-wollishofen\/","og_site_name":"IMMOBILIEN Business","article_publisher":"https:\/\/www.facebook.com\/immobilienbusiness\/","article_published_time":"2022-07-14T05:55:02+00:00","article_modified_time":"2022-07-14T07:08:26+00:00","og_image":[{"width":1200,"height":800,"url":"https:\/\/www.immobilienbusiness.ch\/wp-content\/uploads\/2022\/07\/Bahnhofareal-Wollishofen.jpg","type":"image\/jpeg"}],"author":"anja.hall","twitter_card":"summary_large_image","twitter_image":"https:\/\/www.immobilienbusiness.ch\/wp-content\/uploads\/2022\/07\/Bahnhofareal-Wollishofen.jpg","schema":{"@context":"https:\/\/schema.org","@graph":[{"@type":"Article","@id":"https:\/\/www.immobilienbusiness.ch\/en\/regionen\/2022-07-14\/sbb-plant-ueberbauung-des-bahnhofareals-zuerich-wollishofen\/#article","isPartOf":{"@id":"https:\/\/www.immobilienbusiness.ch\/en\/regionen\/2022-07-14\/sbb-plant-ueberbauung-des-bahnhofareals-zuerich-wollishofen\/"},"author":{"name":"anja.hall","@id":"https:\/\/www.immobilienbusiness.ch\/#\/schema\/person\/3fc036297b10b9f42d6db5ee932af8c8"},"headline":"SBB plant \u00dcberbauung beim Bahnhof Z\u00fcrich-Wollishofen","datePublished":"2022-07-14T05:55:02+00:00","dateModified":"2022-07-14T07:08:26+00:00","mainEntityOfPage":{"@id":"https:\/\/www.immobilienbusiness.ch\/en\/regionen\/2022-07-14\/sbb-plant-ueberbauung-des-bahnhofareals-zuerich-wollishofen\/"},"wordCount":219,"publisher":{"@id":"https:\/\/www.immobilienbusiness.ch\/#organization"},"image":{"@id":"https:\/\/www.immobilienbusiness.ch\/en\/regionen\/2022-07-14\/sbb-plant-ueberbauung-des-bahnhofareals-zuerich-wollishofen\/#primaryimage"},"thumbnailUrl":"https:\/\/www.immobilienbusiness.ch\/wp-content\/uploads\/2022\/07\/Bahnhofareal-Wollishofen.jpg","keywords":["Projekt in Planung","SBB","Wohnimmobilien","Z\u00fcrich"],"articleSection":["REGIONEN"],"inLanguage":"fr-FR"},{"@type":"WebPage","@id":"https:\/\/www.immobilienbusiness.ch\/en\/regionen\/2022-07-14\/sbb-plant-ueberbauung-des-bahnhofareals-zuerich-wollishofen\/","url":"https:\/\/www.immobilienbusiness.ch\/en\/regionen\/2022-07-14\/sbb-plant-ueberbauung-des-bahnhofareals-zuerich-wollishofen\/","name":"SBB plant \u00dcberbauung beim Bahnhof Z\u00fcrich-Wollishofen - IMMOBILIEN Business","isPartOf":{"@id":"https:\/\/www.immobilienbusiness.ch\/#website"},"primaryImageOfPage":{"@id":"https:\/\/www.immobilienbusiness.ch\/en\/regionen\/2022-07-14\/sbb-plant-ueberbauung-des-bahnhofareals-zuerich-wollishofen\/#primaryimage"},"image":{"@id":"https:\/\/www.immobilienbusiness.ch\/en\/regionen\/2022-07-14\/sbb-plant-ueberbauung-des-bahnhofareals-zuerich-wollishofen\/#primaryimage"},"thumbnailUrl":"https:\/\/www.immobilienbusiness.ch\/wp-content\/uploads\/2022\/07\/Bahnhofareal-Wollishofen.jpg","datePublished":"2022-07-14T05:55:02+00:00","dateModified":"2022-07-14T07:08:26+00:00","description":"Auf dem Bahnhofareal von Wollishofen im Z\u00fcrcher Kreis 2 sollen Neubauten mit Wohnungen sowie Retail- und Gastrofl\u00e4chen entstehen.","breadcrumb":{"@id":"https:\/\/www.immobilienbusiness.ch\/en\/regionen\/2022-07-14\/sbb-plant-ueberbauung-des-bahnhofareals-zuerich-wollishofen\/#breadcrumb"},"inLanguage":"fr-FR","potentialAction":[{"@type":"ReadAction","target":["https:\/\/www.immobilienbusiness.ch\/en\/regionen\/2022-07-14\/sbb-plant-ueberbauung-des-bahnhofareals-zuerich-wollishofen\/"]}]},{"@type":"ImageObject","inLanguage":"fr-FR","@id":"https:\/\/www.immobilienbusiness.ch\/en\/regionen\/2022-07-14\/sbb-plant-ueberbauung-des-bahnhofareals-zuerich-wollishofen\/#primaryimage","url":"https:\/\/www.immobilienbusiness.ch\/wp-content\/uploads\/2022\/07\/Bahnhofareal-Wollishofen.jpg","contentUrl":"https:\/\/www.immobilienbusiness.ch\/wp-content\/uploads\/2022\/07\/Bahnhofareal-Wollishofen.jpg","width":1200,"height":800,"caption":"Visualisieurng der geplanten \u00dcberbauung auf dem Bahnhofareal Wollishofen (\u00a9 SBB CFF FFS)"},{"@type":"BreadcrumbList","@id":"https:\/\/www.immobilienbusiness.ch\/en\/regionen\/2022-07-14\/sbb-plant-ueberbauung-des-bahnhofareals-zuerich-wollishofen\/#breadcrumb","itemListElement":[{"@type":"ListItem","position":1,"name":"Home","item":"https:\/\/www.immobilienbusiness.ch\/"},{"@type":"ListItem","position":2,"name":"SBB plant \u00dcberbauung beim Bahnhof Z\u00fcrich-Wollishofen"}]},{"@type":"WebSite","@id":"https:\/\/www.immobilienbusiness.ch\/#website","url":"https:\/\/www.immobilienbusiness.ch\/","name":"IMMOBILIER Business","description":"Magazine \u00e9conomique suisse ind\u00e9pendant ax\u00e9 sur l'immobilier, l'architecture et la construction ainsi que sur les investissements et le financement.","publisher":{"@id":"https:\/\/www.immobilienbusiness.ch\/#organization"},"potentialAction":[{"@type":"SearchAction","target":{"@type":"EntryPoint","urlTemplate":"https:\/\/www.immobilienbusiness.ch\/?s={search_term_string}"},"query-input":{"@type":"PropertyValueSpecification","valueRequired":true,"valueName":"search_term_string"}}],"inLanguage":"fr-FR"},{"@type":"Organization","@id":"https:\/\/www.immobilienbusiness.ch\/#organization","name":"IMMOBILIER Business","url":"https:\/\/www.immobilienbusiness.ch\/","logo":{"@type":"ImageObject","inLanguage":"fr-FR","@id":"https:\/\/www.immobilienbusiness.ch\/#\/schema\/logo\/image\/","url":"https:\/\/www.immobilienbusiness.ch\/wp-content\/uploads\/2021\/07\/logo_ib.png","contentUrl":"https:\/\/www.immobilienbusiness.ch\/wp-content\/uploads\/2021\/07\/logo_ib.png","width":800,"height":181,"caption":"IMMOBILIEN Business"},"image":{"@id":"https:\/\/www.immobilienbusiness.ch\/#\/schema\/logo\/image\/"},"sameAs":["https:\/\/www.facebook.com\/immobilienbusiness\/"]},{"@type":"Person","@id":"https:\/\/www.immobilienbusiness.ch\/#\/schema\/person\/3fc036297b10b9f42d6db5ee932af8c8","name":"anja.hall","image":{"@type":"ImageObject","inLanguage":"fr-FR","@id":"https:\/\/secure.gravatar.com\/avatar\/066b5a0d447013502c71a5782f4f3469f03cfe595cc2329fb94652fe47511bfb?s=96&d=mm&r=g","url":"https:\/\/secure.gravatar.com\/avatar\/066b5a0d447013502c71a5782f4f3469f03cfe595cc2329fb94652fe47511bfb?s=96&d=mm&r=g","contentUrl":"https:\/\/secure.gravatar.com\/avatar\/066b5a0d447013502c71a5782f4f3469f03cfe595cc2329fb94652fe47511bfb?s=96&d=mm&r=g","caption":"anja.hall"},"url":"https:\/\/www.immobilienbusiness.ch\/fr\/author\/anja-hall\/"}]}},"_links":{"self":[{"href":"https:\/\/www.immobilienbusiness.ch\/fr\/wp-json\/wp\/v2\/posts\/43173","targetHints":{"allow":["GET"]}}],"collection":[{"href":"https:\/\/www.immobilienbusiness.ch\/fr\/wp-json\/wp\/v2\/posts"}],"about":[{"href":"https:\/\/www.immobilienbusiness.ch\/fr\/wp-json\/wp\/v2\/types\/post"}],"author":[{"embeddable":true,"href":"https:\/\/www.immobilienbusiness.ch\/fr\/wp-json\/wp\/v2\/users\/3"}],"replies":[{"embeddable":true,"href":"https:\/\/www.immobilienbusiness.ch\/fr\/wp-json\/wp\/v2\/comments?post=43173"}],"version-history":[{"count":5,"href":"https:\/\/www.immobilienbusiness.ch\/fr\/wp-json\/wp\/v2\/posts\/43173\/revisions"}],"predecessor-version":[{"id":43195,"href":"https:\/\/www.immobilienbusiness.ch\/fr\/wp-json\/wp\/v2\/posts\/43173\/revisions\/43195"}],"wp:featuredmedia":[{"embeddable":true,"href":"https:\/\/www.immobilienbusiness.ch\/fr\/wp-json\/wp\/v2\/media\/43174"}],"wp:attachment":[{"href":"https:\/\/www.immobilienbusiness.ch\/fr\/wp-json\/wp\/v2\/media?parent=43173"}],"wp:term":[{"taxonomy":"category","embeddable":true,"href":"https:\/\/www.immobilienbusiness.ch\/fr\/wp-json\/wp\/v2\/categories?post=43173"},{"taxonomy":"post_tag","embeddable":true,"href":"https:\/\/www.immobilienbusiness.ch\/fr\/wp-json\/wp\/v2\/tags?post=43173"}],"curies":[{"name":"wp","href":"https:\/\/api.w.org\/{rel}","templated":true}]}}