{"id":43156,"date":"2022-07-15T07:36:56","date_gmt":"2022-07-15T05:36:56","guid":{"rendered":"https:\/\/www.immobilienbusiness.ch\/?p=43156"},"modified":"2022-07-21T08:54:27","modified_gmt":"2022-07-21T06:54:27","slug":"nachhaltigkeit-mobimo-nutzt-materialkataster-madaster","status":"publish","type":"post","link":"https:\/\/www.immobilienbusiness.ch\/fr\/unternehmen\/2022-07-15\/nachhaltigkeit-mobimo-nutzt-materialkataster-madaster\/","title":{"rendered":"Durabilit\u00e9 : Mobimo utilise le cadastre des mat\u00e9riaux Madaster"},"content":{"rendered":"<figure id=\"attachment_43157\" aria-describedby=\"caption-attachment-43157\" style=\"width: 2560px\" class=\"wp-caption alignnone\"><a href=\"https:\/\/www.immobilienbusiness.ch\/wp-content\/uploads\/2022\/07\/Mobimo-neuer-Madaster-Partner_Marco-Tondel_Marloes-Fischer_Andreas-Wende-scaled.jpg\"><img loading=\"lazy\" decoding=\"async\" class=\"size-full wp-image-43157\" src=\"https:\/\/www.immobilienbusiness.ch\/wp-content\/uploads\/2022\/07\/Mobimo-neuer-Madaster-Partner_Marco-Tondel_Marloes-Fischer_Andreas-Wende-scaled.jpg\" alt=\"\" width=\"2560\" height=\"1787\" srcset=\"https:\/\/www.immobilienbusiness.ch\/wp-content\/uploads\/2022\/07\/Mobimo-neuer-Madaster-Partner_Marco-Tondel_Marloes-Fischer_Andreas-Wende-scaled.jpg 1200w, https:\/\/www.immobilienbusiness.ch\/wp-content\/uploads\/2022\/07\/Mobimo-neuer-Madaster-Partner_Marco-Tondel_Marloes-Fischer_Andreas-Wende-300x209.jpg 300w, https:\/\/www.immobilienbusiness.ch\/wp-content\/uploads\/2022\/07\/Mobimo-neuer-Madaster-Partner_Marco-Tondel_Marloes-Fischer_Andreas-Wende-1024x715.jpg 1024w, https:\/\/www.immobilienbusiness.ch\/wp-content\/uploads\/2022\/07\/Mobimo-neuer-Madaster-Partner_Marco-Tondel_Marloes-Fischer_Andreas-Wende-768x536.jpg 768w, https:\/\/www.immobilienbusiness.ch\/wp-content\/uploads\/2022\/07\/Mobimo-neuer-Madaster-Partner_Marco-Tondel_Marloes-Fischer_Andreas-Wende-1536x1072.jpg 1536w, https:\/\/www.immobilienbusiness.ch\/wp-content\/uploads\/2022\/07\/Mobimo-neuer-Madaster-Partner_Marco-Tondel_Marloes-Fischer_Andreas-Wende-2048x1430.jpg 2048w, https:\/\/www.immobilienbusiness.ch\/wp-content\/uploads\/2022\/07\/Mobimo-neuer-Madaster-Partner_Marco-Tondel_Marloes-Fischer_Andreas-Wende-18x12.jpg 18w, https:\/\/www.immobilienbusiness.ch\/wp-content\/uploads\/2022\/07\/Mobimo-neuer-Madaster-Partner_Marco-Tondel_Marloes-Fischer_Andreas-Wende-251x175.jpg 251w, https:\/\/www.immobilienbusiness.ch\/wp-content\/uploads\/2022\/07\/Mobimo-neuer-Madaster-Partner_Marco-Tondel_Marloes-Fischer_Andreas-Wende-501x350.jpg 501w, https:\/\/www.immobilienbusiness.ch\/wp-content\/uploads\/2022\/07\/Mobimo-neuer-Madaster-Partner_Marco-Tondel_Marloes-Fischer_Andreas-Wende-1146x800.jpg 1146w, https:\/\/www.immobilienbusiness.ch\/wp-content\/uploads\/2022\/07\/Mobimo-neuer-Madaster-Partner_Marco-Tondel_Marloes-Fischer_Andreas-Wende-920x642.jpg 920w\" sizes=\"auto, (max-width: 2560px) 100vw, 2560px\" \/><\/a><figcaption id=\"caption-attachment-43157\" class=\"wp-caption-text\">Marco Tondel et Marloes Fischer, partenaires de Madaster, avec Andreas Wende (photo : Mobimo)<\/figcaption><\/figure>\n<p>La soci\u00e9t\u00e9 immobili\u00e8re Mobimo, cot\u00e9e en bourse, rejoint le r\u00e9seau Madaster. Elle utilisera le cadastre num\u00e9rique des mat\u00e9riaux en tant que nouveau partenaire. Madaster Suisse est un registre en ligne des mat\u00e9riaux et composants de construction.  L'inventaire des mat\u00e9riaux doit permettre de promouvoir une organisation circulaire de la construction, de la gestion, de la r\u00e9novation et de la d\u00e9construction des b\u00e2timents, ainsi que la r\u00e9utilisation des ressources. Mobimo s'est fix\u00e9 comme objectif de rendre son portefeuille d'investissements neutre en carbone d'ici 2050. Au sein du r\u00e9seau Madaster, l'entreprise entend soutenir la construction circulaire en Suisse.<\/p>\n<p>\"Une r\u00e9flexion \u00e0 long terme, des immeubles int\u00e9gralement planifi\u00e9s et r\u00e9nov\u00e9s sont la cl\u00e9 qui nous permet de r\u00e9duire la consommation de mati\u00e8res premi\u00e8res et les co\u00fbts de construction\", d\u00e9clare Andreas Wende, responsable de la durabilit\u00e9 chez Mobimo, \u00e0 propos de l'utilisation du cadastre suisse des mat\u00e9riaux. \"L'expertise de longue date de Mobimo dans le domaine de la durabilit\u00e9 renforce notre r\u00e9seau de partenaires dans la construction d'une compr\u00e9hension commune de la construction et de l'exploitation en circuit ferm\u00e9 et respectueuses des ressources\", d\u00e9clare Marloes Fischer, directrice g\u00e9n\u00e9rale de Madaster Services Suisse. <em>(aw)<\/em><\/p>","protected":false},"excerpt":{"rendered":"<p>En rejoignant le r\u00e9seau Madaster, Mobimo entend faire avancer ses propres objectifs de durabilit\u00e9 et promouvoir la construction circulaire.<\/p>","protected":false},"author":102,"featured_media":43157,"comment_status":"closed","ping_status":"closed","sticky":false,"template":"","format":"standard","meta":{"_acf_changed":false,"_yoast_wpseo_focuskw":"Nachhaltigkeit","_yoast_wpseo_title":"","_yoast_wpseo_metadesc":"Durch den Beitritt zum Madaster-Netzwerk will Mobimo seine eigenen Nachhaltigkeitsziele voranbringen und das zirkul\u00e4re Bauwesen f\u00f6rdern.","_yoast_wpseo_linkdex":47,"pgc_sgb_lightbox_settings":"","footnotes":""},"categories":[988],"tags":[2033,1503,1515],"class_list":["post-43156","post","type-post","status-publish","format-standard","has-post-thumbnail","hentry","category-unternehmen","tag-madaster","tag-mobimo","tag-nachhaltigkeit"],"acf":[],"yoast_head":"<!-- This site is optimized with the Yoast SEO plugin v27.4 - https:\/\/yoast.com\/product\/yoast-seo-wordpress\/ -->\n<title>Nachhaltigkeit: Mobimo nutzt Materialkataster Madaster - IMMOBILIEN Business<\/title>\n<meta name=\"description\" content=\"Durch den Beitritt zum Madaster-Netzwerk will Mobimo seine eigenen Nachhaltigkeitsziele voranbringen und das zirkul\u00e4re Bauwesen f\u00f6rdern.\" \/>\n<meta name=\"robots\" content=\"index, follow, max-snippet:-1, max-image-preview:large, max-video-preview:-1\" \/>\n<link rel=\"canonical\" href=\"https:\/\/www.immobilienbusiness.ch\/fr\/unternehmen\/2022-07-15\/nachhaltigkeit-mobimo-nutzt-materialkataster-madaster\/\" \/>\n<meta property=\"og:locale\" content=\"fr_FR\" \/>\n<meta property=\"og:type\" content=\"article\" \/>\n<meta property=\"og:title\" content=\"Nachhaltigkeit: Mobimo nutzt Materialkataster Madaster - IMMOBILIEN Business\" \/>\n<meta property=\"og:description\" content=\"Durch den Beitritt zum Madaster-Netzwerk will Mobimo seine eigenen Nachhaltigkeitsziele voranbringen und das zirkul\u00e4re Bauwesen f\u00f6rdern.\" \/>\n<meta property=\"og:url\" content=\"https:\/\/www.immobilienbusiness.ch\/fr\/unternehmen\/2022-07-15\/nachhaltigkeit-mobimo-nutzt-materialkataster-madaster\/\" \/>\n<meta property=\"og:site_name\" content=\"IMMOBILIEN Business\" \/>\n<meta property=\"article:publisher\" content=\"https:\/\/www.facebook.com\/immobilienbusiness\/\" \/>\n<meta property=\"article:published_time\" content=\"2022-07-15T05:36:56+00:00\" \/>\n<meta property=\"article:modified_time\" content=\"2022-07-21T06:54:27+00:00\" \/>\n<meta property=\"og:image\" content=\"https:\/\/www.immobilienbusiness.ch\/wp-content\/uploads\/2022\/07\/Mobimo-neuer-Madaster-Partner_Marco-Tondel_Marloes-Fischer_Andreas-Wende-scaled.jpg\" \/>\n\t<meta property=\"og:image:width\" content=\"1200\" \/>\n\t<meta property=\"og:image:height\" content=\"838\" \/>\n\t<meta property=\"og:image:type\" content=\"image\/jpeg\" \/>\n<meta name=\"author\" content=\"Alexander Wachter\" \/>\n<meta name=\"twitter:card\" content=\"summary_large_image\" \/>\n<script type=\"application\/ld+json\" class=\"yoast-schema-graph\">{\"@context\":\"https:\\\/\\\/schema.org\",\"@graph\":[{\"@type\":\"Article\",\"@id\":\"https:\\\/\\\/www.immobilienbusiness.ch\\\/it\\\/unternehmen\\\/2022-07-15\\\/nachhaltigkeit-mobimo-nutzt-materialkataster-madaster\\\/#article\",\"isPartOf\":{\"@id\":\"https:\\\/\\\/www.immobilienbusiness.ch\\\/it\\\/unternehmen\\\/2022-07-15\\\/nachhaltigkeit-mobimo-nutzt-materialkataster-madaster\\\/\"},\"author\":{\"name\":\"Alexander Wachter\",\"@id\":\"https:\\\/\\\/www.immobilienbusiness.ch\\\/#\\\/schema\\\/person\\\/aba8bea2db926aa0c24c08c43fe1fcd5\"},\"headline\":\"Nachhaltigkeit: Mobimo nutzt Materialkataster Madaster\",\"datePublished\":\"2022-07-15T05:36:56+00:00\",\"dateModified\":\"2022-07-21T06:54:27+00:00\",\"mainEntityOfPage\":{\"@id\":\"https:\\\/\\\/www.immobilienbusiness.ch\\\/it\\\/unternehmen\\\/2022-07-15\\\/nachhaltigkeit-mobimo-nutzt-materialkataster-madaster\\\/\"},\"wordCount\":176,\"publisher\":{\"@id\":\"https:\\\/\\\/www.immobilienbusiness.ch\\\/#organization\"},\"image\":{\"@id\":\"https:\\\/\\\/www.immobilienbusiness.ch\\\/it\\\/unternehmen\\\/2022-07-15\\\/nachhaltigkeit-mobimo-nutzt-materialkataster-madaster\\\/#primaryimage\"},\"thumbnailUrl\":\"https:\\\/\\\/www.immobilienbusiness.ch\\\/wp-content\\\/uploads\\\/2022\\\/07\\\/Mobimo-neuer-Madaster-Partner_Marco-Tondel_Marloes-Fischer_Andreas-Wende-scaled.jpg\",\"keywords\":[\"Madaster\",\"Mobimo\",\"Nachhaltigkeit\"],\"articleSection\":[\"UNTERNEHMEN\"],\"inLanguage\":\"fr-FR\"},{\"@type\":\"WebPage\",\"@id\":\"https:\\\/\\\/www.immobilienbusiness.ch\\\/it\\\/unternehmen\\\/2022-07-15\\\/nachhaltigkeit-mobimo-nutzt-materialkataster-madaster\\\/\",\"url\":\"https:\\\/\\\/www.immobilienbusiness.ch\\\/it\\\/unternehmen\\\/2022-07-15\\\/nachhaltigkeit-mobimo-nutzt-materialkataster-madaster\\\/\",\"name\":\"Nachhaltigkeit: Mobimo nutzt Materialkataster Madaster - IMMOBILIEN Business\",\"isPartOf\":{\"@id\":\"https:\\\/\\\/www.immobilienbusiness.ch\\\/#website\"},\"primaryImageOfPage\":{\"@id\":\"https:\\\/\\\/www.immobilienbusiness.ch\\\/it\\\/unternehmen\\\/2022-07-15\\\/nachhaltigkeit-mobimo-nutzt-materialkataster-madaster\\\/#primaryimage\"},\"image\":{\"@id\":\"https:\\\/\\\/www.immobilienbusiness.ch\\\/it\\\/unternehmen\\\/2022-07-15\\\/nachhaltigkeit-mobimo-nutzt-materialkataster-madaster\\\/#primaryimage\"},\"thumbnailUrl\":\"https:\\\/\\\/www.immobilienbusiness.ch\\\/wp-content\\\/uploads\\\/2022\\\/07\\\/Mobimo-neuer-Madaster-Partner_Marco-Tondel_Marloes-Fischer_Andreas-Wende-scaled.jpg\",\"datePublished\":\"2022-07-15T05:36:56+00:00\",\"dateModified\":\"2022-07-21T06:54:27+00:00\",\"description\":\"Durch den Beitritt zum Madaster-Netzwerk will Mobimo seine eigenen Nachhaltigkeitsziele voranbringen und das zirkul\u00e4re Bauwesen f\u00f6rdern.\",\"breadcrumb\":{\"@id\":\"https:\\\/\\\/www.immobilienbusiness.ch\\\/it\\\/unternehmen\\\/2022-07-15\\\/nachhaltigkeit-mobimo-nutzt-materialkataster-madaster\\\/#breadcrumb\"},\"inLanguage\":\"fr-FR\",\"potentialAction\":[{\"@type\":\"ReadAction\",\"target\":[\"https:\\\/\\\/www.immobilienbusiness.ch\\\/it\\\/unternehmen\\\/2022-07-15\\\/nachhaltigkeit-mobimo-nutzt-materialkataster-madaster\\\/\"]}]},{\"@type\":\"ImageObject\",\"inLanguage\":\"fr-FR\",\"@id\":\"https:\\\/\\\/www.immobilienbusiness.ch\\\/it\\\/unternehmen\\\/2022-07-15\\\/nachhaltigkeit-mobimo-nutzt-materialkataster-madaster\\\/#primaryimage\",\"url\":\"https:\\\/\\\/www.immobilienbusiness.ch\\\/wp-content\\\/uploads\\\/2022\\\/07\\\/Mobimo-neuer-Madaster-Partner_Marco-Tondel_Marloes-Fischer_Andreas-Wende-scaled.jpg\",\"contentUrl\":\"https:\\\/\\\/www.immobilienbusiness.ch\\\/wp-content\\\/uploads\\\/2022\\\/07\\\/Mobimo-neuer-Madaster-Partner_Marco-Tondel_Marloes-Fischer_Andreas-Wende-scaled.jpg\",\"width\":1200,\"height\":838,\"caption\":\"Madaster Partner Marco Tondel und Marloes Fischer mit Andreas Wende (Bild: Mobimo)\"},{\"@type\":\"BreadcrumbList\",\"@id\":\"https:\\\/\\\/www.immobilienbusiness.ch\\\/it\\\/unternehmen\\\/2022-07-15\\\/nachhaltigkeit-mobimo-nutzt-materialkataster-madaster\\\/#breadcrumb\",\"itemListElement\":[{\"@type\":\"ListItem\",\"position\":1,\"name\":\"Home\",\"item\":\"https:\\\/\\\/www.immobilienbusiness.ch\\\/\"},{\"@type\":\"ListItem\",\"position\":2,\"name\":\"Nachhaltigkeit: Mobimo nutzt Materialkataster Madaster\"}]},{\"@type\":\"WebSite\",\"@id\":\"https:\\\/\\\/www.immobilienbusiness.ch\\\/#website\",\"url\":\"https:\\\/\\\/www.immobilienbusiness.ch\\\/\",\"name\":\"IMMOBILIEN Business\",\"description\":\"Unabh\u00e4ngiges Schweizer Wirtschaftsmagazin mit Fokus auf Immobilien, Architektur- und Bau sowie Investment- und Finanzierung.\",\"publisher\":{\"@id\":\"https:\\\/\\\/www.immobilienbusiness.ch\\\/#organization\"},\"potentialAction\":[{\"@type\":\"SearchAction\",\"target\":{\"@type\":\"EntryPoint\",\"urlTemplate\":\"https:\\\/\\\/www.immobilienbusiness.ch\\\/?s={search_term_string}\"},\"query-input\":{\"@type\":\"PropertyValueSpecification\",\"valueRequired\":true,\"valueName\":\"search_term_string\"}}],\"inLanguage\":\"fr-FR\"},{\"@type\":\"Organization\",\"@id\":\"https:\\\/\\\/www.immobilienbusiness.ch\\\/#organization\",\"name\":\"IMMOBILIEN Business\",\"url\":\"https:\\\/\\\/www.immobilienbusiness.ch\\\/\",\"logo\":{\"@type\":\"ImageObject\",\"inLanguage\":\"fr-FR\",\"@id\":\"https:\\\/\\\/www.immobilienbusiness.ch\\\/#\\\/schema\\\/logo\\\/image\\\/\",\"url\":\"https:\\\/\\\/www.immobilienbusiness.ch\\\/wp-content\\\/uploads\\\/2021\\\/07\\\/logo_ib.png\",\"contentUrl\":\"https:\\\/\\\/www.immobilienbusiness.ch\\\/wp-content\\\/uploads\\\/2021\\\/07\\\/logo_ib.png\",\"width\":800,\"height\":181,\"caption\":\"IMMOBILIEN Business\"},\"image\":{\"@id\":\"https:\\\/\\\/www.immobilienbusiness.ch\\\/#\\\/schema\\\/logo\\\/image\\\/\"},\"sameAs\":[\"https:\\\/\\\/www.facebook.com\\\/immobilienbusiness\\\/\"]},{\"@type\":\"Person\",\"@id\":\"https:\\\/\\\/www.immobilienbusiness.ch\\\/#\\\/schema\\\/person\\\/aba8bea2db926aa0c24c08c43fe1fcd5\",\"name\":\"Alexander Wachter\",\"image\":{\"@type\":\"ImageObject\",\"inLanguage\":\"fr-FR\",\"@id\":\"https:\\\/\\\/secure.gravatar.com\\\/avatar\\\/1a09e471f5389b0e0a6416eac287e0927c7c97a7b77f9e787eba3af7aee281dd?s=96&d=mm&r=g\",\"url\":\"https:\\\/\\\/secure.gravatar.com\\\/avatar\\\/1a09e471f5389b0e0a6416eac287e0927c7c97a7b77f9e787eba3af7aee281dd?s=96&d=mm&r=g\",\"contentUrl\":\"https:\\\/\\\/secure.gravatar.com\\\/avatar\\\/1a09e471f5389b0e0a6416eac287e0927c7c97a7b77f9e787eba3af7aee281dd?s=96&d=mm&r=g\",\"caption\":\"Alexander Wachter\"},\"url\":\"https:\\\/\\\/www.immobilienbusiness.ch\\\/fr\\\/author\\\/alexander-wachter\\\/\"}]}<\/script>\n<!-- \/ Yoast SEO plugin. -->","yoast_head_json":{"title":"Nachhaltigkeit: Mobimo nutzt Materialkataster Madaster - IMMOBILIEN Business","description":"En rejoignant le r\u00e9seau Madaster, Mobimo entend faire avancer ses propres objectifs de durabilit\u00e9 et promouvoir la construction circulaire.","robots":{"index":"index","follow":"follow","max-snippet":"max-snippet:-1","max-image-preview":"max-image-preview:large","max-video-preview":"max-video-preview:-1"},"canonical":"https:\/\/www.immobilienbusiness.ch\/fr\/unternehmen\/2022-07-15\/nachhaltigkeit-mobimo-nutzt-materialkataster-madaster\/","og_locale":"fr_FR","og_type":"article","og_title":"Nachhaltigkeit: Mobimo nutzt Materialkataster Madaster - IMMOBILIEN Business","og_description":"Durch den Beitritt zum Madaster-Netzwerk will Mobimo seine eigenen Nachhaltigkeitsziele voranbringen und das zirkul\u00e4re Bauwesen f\u00f6rdern.","og_url":"https:\/\/www.immobilienbusiness.ch\/fr\/unternehmen\/2022-07-15\/nachhaltigkeit-mobimo-nutzt-materialkataster-madaster\/","og_site_name":"IMMOBILIEN Business","article_publisher":"https:\/\/www.facebook.com\/immobilienbusiness\/","article_published_time":"2022-07-15T05:36:56+00:00","article_modified_time":"2022-07-21T06:54:27+00:00","og_image":[{"width":1200,"height":838,"url":"https:\/\/www.immobilienbusiness.ch\/wp-content\/uploads\/2022\/07\/Mobimo-neuer-Madaster-Partner_Marco-Tondel_Marloes-Fischer_Andreas-Wende-scaled.jpg","type":"image\/jpeg"}],"author":"Alexander Wachter","twitter_card":"summary_large_image","schema":{"@context":"https:\/\/schema.org","@graph":[{"@type":"Article","@id":"https:\/\/www.immobilienbusiness.ch\/it\/unternehmen\/2022-07-15\/nachhaltigkeit-mobimo-nutzt-materialkataster-madaster\/#article","isPartOf":{"@id":"https:\/\/www.immobilienbusiness.ch\/it\/unternehmen\/2022-07-15\/nachhaltigkeit-mobimo-nutzt-materialkataster-madaster\/"},"author":{"name":"Alexander Wachter","@id":"https:\/\/www.immobilienbusiness.ch\/#\/schema\/person\/aba8bea2db926aa0c24c08c43fe1fcd5"},"headline":"Nachhaltigkeit: Mobimo nutzt Materialkataster Madaster","datePublished":"2022-07-15T05:36:56+00:00","dateModified":"2022-07-21T06:54:27+00:00","mainEntityOfPage":{"@id":"https:\/\/www.immobilienbusiness.ch\/it\/unternehmen\/2022-07-15\/nachhaltigkeit-mobimo-nutzt-materialkataster-madaster\/"},"wordCount":176,"publisher":{"@id":"https:\/\/www.immobilienbusiness.ch\/#organization"},"image":{"@id":"https:\/\/www.immobilienbusiness.ch\/it\/unternehmen\/2022-07-15\/nachhaltigkeit-mobimo-nutzt-materialkataster-madaster\/#primaryimage"},"thumbnailUrl":"https:\/\/www.immobilienbusiness.ch\/wp-content\/uploads\/2022\/07\/Mobimo-neuer-Madaster-Partner_Marco-Tondel_Marloes-Fischer_Andreas-Wende-scaled.jpg","keywords":["Madaster","Mobimo","Nachhaltigkeit"],"articleSection":["UNTERNEHMEN"],"inLanguage":"fr-FR"},{"@type":"WebPage","@id":"https:\/\/www.immobilienbusiness.ch\/it\/unternehmen\/2022-07-15\/nachhaltigkeit-mobimo-nutzt-materialkataster-madaster\/","url":"https:\/\/www.immobilienbusiness.ch\/it\/unternehmen\/2022-07-15\/nachhaltigkeit-mobimo-nutzt-materialkataster-madaster\/","name":"Nachhaltigkeit: Mobimo nutzt Materialkataster Madaster - IMMOBILIEN Business","isPartOf":{"@id":"https:\/\/www.immobilienbusiness.ch\/#website"},"primaryImageOfPage":{"@id":"https:\/\/www.immobilienbusiness.ch\/it\/unternehmen\/2022-07-15\/nachhaltigkeit-mobimo-nutzt-materialkataster-madaster\/#primaryimage"},"image":{"@id":"https:\/\/www.immobilienbusiness.ch\/it\/unternehmen\/2022-07-15\/nachhaltigkeit-mobimo-nutzt-materialkataster-madaster\/#primaryimage"},"thumbnailUrl":"https:\/\/www.immobilienbusiness.ch\/wp-content\/uploads\/2022\/07\/Mobimo-neuer-Madaster-Partner_Marco-Tondel_Marloes-Fischer_Andreas-Wende-scaled.jpg","datePublished":"2022-07-15T05:36:56+00:00","dateModified":"2022-07-21T06:54:27+00:00","description":"En rejoignant le r\u00e9seau Madaster, Mobimo entend faire avancer ses propres objectifs de durabilit\u00e9 et promouvoir la construction circulaire.","breadcrumb":{"@id":"https:\/\/www.immobilienbusiness.ch\/it\/unternehmen\/2022-07-15\/nachhaltigkeit-mobimo-nutzt-materialkataster-madaster\/#breadcrumb"},"inLanguage":"fr-FR","potentialAction":[{"@type":"ReadAction","target":["https:\/\/www.immobilienbusiness.ch\/it\/unternehmen\/2022-07-15\/nachhaltigkeit-mobimo-nutzt-materialkataster-madaster\/"]}]},{"@type":"ImageObject","inLanguage":"fr-FR","@id":"https:\/\/www.immobilienbusiness.ch\/it\/unternehmen\/2022-07-15\/nachhaltigkeit-mobimo-nutzt-materialkataster-madaster\/#primaryimage","url":"https:\/\/www.immobilienbusiness.ch\/wp-content\/uploads\/2022\/07\/Mobimo-neuer-Madaster-Partner_Marco-Tondel_Marloes-Fischer_Andreas-Wende-scaled.jpg","contentUrl":"https:\/\/www.immobilienbusiness.ch\/wp-content\/uploads\/2022\/07\/Mobimo-neuer-Madaster-Partner_Marco-Tondel_Marloes-Fischer_Andreas-Wende-scaled.jpg","width":1200,"height":838,"caption":"Madaster Partner Marco Tondel und Marloes Fischer mit Andreas Wende (Bild: Mobimo)"},{"@type":"BreadcrumbList","@id":"https:\/\/www.immobilienbusiness.ch\/it\/unternehmen\/2022-07-15\/nachhaltigkeit-mobimo-nutzt-materialkataster-madaster\/#breadcrumb","itemListElement":[{"@type":"ListItem","position":1,"name":"Home","item":"https:\/\/www.immobilienbusiness.ch\/"},{"@type":"ListItem","position":2,"name":"Nachhaltigkeit: Mobimo nutzt Materialkataster Madaster"}]},{"@type":"WebSite","@id":"https:\/\/www.immobilienbusiness.ch\/#website","url":"https:\/\/www.immobilienbusiness.ch\/","name":"IMMOBILIER Business","description":"Magazine \u00e9conomique suisse ind\u00e9pendant ax\u00e9 sur l'immobilier, l'architecture et la construction ainsi que sur les investissements et le financement.","publisher":{"@id":"https:\/\/www.immobilienbusiness.ch\/#organization"},"potentialAction":[{"@type":"SearchAction","target":{"@type":"EntryPoint","urlTemplate":"https:\/\/www.immobilienbusiness.ch\/?s={search_term_string}"},"query-input":{"@type":"PropertyValueSpecification","valueRequired":true,"valueName":"search_term_string"}}],"inLanguage":"fr-FR"},{"@type":"Organization","@id":"https:\/\/www.immobilienbusiness.ch\/#organization","name":"IMMOBILIER Business","url":"https:\/\/www.immobilienbusiness.ch\/","logo":{"@type":"ImageObject","inLanguage":"fr-FR","@id":"https:\/\/www.immobilienbusiness.ch\/#\/schema\/logo\/image\/","url":"https:\/\/www.immobilienbusiness.ch\/wp-content\/uploads\/2021\/07\/logo_ib.png","contentUrl":"https:\/\/www.immobilienbusiness.ch\/wp-content\/uploads\/2021\/07\/logo_ib.png","width":800,"height":181,"caption":"IMMOBILIEN Business"},"image":{"@id":"https:\/\/www.immobilienbusiness.ch\/#\/schema\/logo\/image\/"},"sameAs":["https:\/\/www.facebook.com\/immobilienbusiness\/"]},{"@type":"Person","@id":"https:\/\/www.immobilienbusiness.ch\/#\/schema\/person\/aba8bea2db926aa0c24c08c43fe1fcd5","name":"Alexander Wachter","image":{"@type":"ImageObject","inLanguage":"fr-FR","@id":"https:\/\/secure.gravatar.com\/avatar\/1a09e471f5389b0e0a6416eac287e0927c7c97a7b77f9e787eba3af7aee281dd?s=96&d=mm&r=g","url":"https:\/\/secure.gravatar.com\/avatar\/1a09e471f5389b0e0a6416eac287e0927c7c97a7b77f9e787eba3af7aee281dd?s=96&d=mm&r=g","contentUrl":"https:\/\/secure.gravatar.com\/avatar\/1a09e471f5389b0e0a6416eac287e0927c7c97a7b77f9e787eba3af7aee281dd?s=96&d=mm&r=g","caption":"Alexander Wachter"},"url":"https:\/\/www.immobilienbusiness.ch\/fr\/author\/alexander-wachter\/"}]}},"_links":{"self":[{"href":"https:\/\/www.immobilienbusiness.ch\/fr\/wp-json\/wp\/v2\/posts\/43156","targetHints":{"allow":["GET"]}}],"collection":[{"href":"https:\/\/www.immobilienbusiness.ch\/fr\/wp-json\/wp\/v2\/posts"}],"about":[{"href":"https:\/\/www.immobilienbusiness.ch\/fr\/wp-json\/wp\/v2\/types\/post"}],"author":[{"embeddable":true,"href":"https:\/\/www.immobilienbusiness.ch\/fr\/wp-json\/wp\/v2\/users\/102"}],"replies":[{"embeddable":true,"href":"https:\/\/www.immobilienbusiness.ch\/fr\/wp-json\/wp\/v2\/comments?post=43156"}],"version-history":[{"count":5,"href":"https:\/\/www.immobilienbusiness.ch\/fr\/wp-json\/wp\/v2\/posts\/43156\/revisions"}],"predecessor-version":[{"id":43209,"href":"https:\/\/www.immobilienbusiness.ch\/fr\/wp-json\/wp\/v2\/posts\/43156\/revisions\/43209"}],"wp:featuredmedia":[{"embeddable":true,"href":"https:\/\/www.immobilienbusiness.ch\/fr\/wp-json\/wp\/v2\/media\/43157"}],"wp:attachment":[{"href":"https:\/\/www.immobilienbusiness.ch\/fr\/wp-json\/wp\/v2\/media?parent=43156"}],"wp:term":[{"taxonomy":"category","embeddable":true,"href":"https:\/\/www.immobilienbusiness.ch\/fr\/wp-json\/wp\/v2\/categories?post=43156"},{"taxonomy":"post_tag","embeddable":true,"href":"https:\/\/www.immobilienbusiness.ch\/fr\/wp-json\/wp\/v2\/tags?post=43156"}],"curies":[{"name":"wp","href":"https:\/\/api.w.org\/{rel}","templated":true}]}}