{"id":43066,"date":"2022-07-06T09:43:56","date_gmt":"2022-07-06T07:43:56","guid":{"rendered":"https:\/\/www.immobilienbusiness.ch\/?p=43066"},"modified":"2022-07-07T09:47:08","modified_gmt":"2022-07-07T07:47:08","slug":"grossueberbauung-in-bern-bethlehem-kommt-auf-den-weg","status":"publish","type":"post","link":"https:\/\/www.immobilienbusiness.ch\/fr\/regionen\/2022-07-06\/grossueberbauung-in-bern-bethlehem-kommt-auf-den-weg\/","title":{"rendered":"Un grand projet de construction \u00e0 Berne-Bethlehem est sur les rails"},"content":{"rendered":"<figure id=\"attachment_43067\" aria-describedby=\"caption-attachment-43067\" style=\"width: 810px\" class=\"wp-caption alignnone\"><a href=\"https:\/\/www.immobilienbusiness.ch\/wp-content\/uploads\/2022\/07\/chantier-bethlehem_Quelle_Migros.jpg\"><img loading=\"lazy\" decoding=\"async\" class=\"size-full wp-image-43067\" src=\"https:\/\/www.immobilienbusiness.ch\/wp-content\/uploads\/2022\/07\/chantier-bethlehem_Quelle_Migros.jpg\" alt=\"\" width=\"810\" height=\"540\" srcset=\"https:\/\/www.immobilienbusiness.ch\/wp-content\/uploads\/2022\/07\/chantier-bethlehem_Quelle_Migros.jpg 810w, https:\/\/www.immobilienbusiness.ch\/wp-content\/uploads\/2022\/07\/chantier-bethlehem_Quelle_Migros-300x200.jpg 300w, https:\/\/www.immobilienbusiness.ch\/wp-content\/uploads\/2022\/07\/chantier-bethlehem_Quelle_Migros-768x512.jpg 768w, https:\/\/www.immobilienbusiness.ch\/wp-content\/uploads\/2022\/07\/chantier-bethlehem_Quelle_Migros-18x12.jpg 18w, https:\/\/www.immobilienbusiness.ch\/wp-content\/uploads\/2022\/07\/chantier-bethlehem_Quelle_Migros-263x175.jpg 263w, https:\/\/www.immobilienbusiness.ch\/wp-content\/uploads\/2022\/07\/chantier-bethlehem_Quelle_Migros-525x350.jpg 525w\" sizes=\"auto, (max-width: 810px) 100vw, 810px\" \/><\/a><figcaption id=\"caption-attachment-43067\" class=\"wp-caption-text\">Le centre de Bethlehem doit faire place \u00e0 un lotissement (source : Migros)<\/figcaption><\/figure>\n<p>Une nouvelle construction est pr\u00e9vue sur le site du centre Bethlehem \u00e0 la Riedbachstrasse 8, 9, 10 et 12 dans le Chantier Bethlehem Ouest. Les promoteurs du projet sont les deux propri\u00e9taires fonciers - la coop\u00e9rative Migros Aare (GMAA) et le Fonds f\u00fcr Boden- und Wohnbaupolitik de la ville de Berne - ainsi que, en tant que preneurs de droits de superficie, la Band-Genossenschaft et la Baugenossenschaft Br\u00fcnnen-Eichholz, un organisme de construction de logements d'utilit\u00e9 publique. Il est pr\u00e9vu de construire des logements, pour la plupart \u00e0 prix mod\u00e9r\u00e9s, ainsi que des surfaces commerciales et artisanales. Le tout combin\u00e9 \u00e0 des espaces ext\u00e9rieurs et verts attrayants.<\/p>\n<p>La GMAA veut construire un nouveau supermarch\u00e9 sur la partie nord de l'Aire Ouest, o\u00f9 se trouve actuellement le Centre Bethl\u00e9em. Celui-ci sera compl\u00e9t\u00e9 par des locataires tiers, principalement issus du commerce de d\u00e9tail. Par ailleurs, environ 130 appartements de 1,5 \u00e0 5,5 pi\u00e8ces seront construits, dont un tiers \u00e0 des prix avantageux. Sur la partie sud du site, le promoteur immobilier Baugenossenschaft Br\u00fcnnen-Eichholz veut construire environ 70 appartements de 1,5 \u00e0 5,5 pi\u00e8ces \u00e0 prix mod\u00e9r\u00e9s sur un terrain en droit de superficie du Fonds pour la politique fonci\u00e8re et la construction de logements.<\/p>\n<p>La coop\u00e9rative Band a l'intention de d\u00e9m\u00e9nager son site de la Riedbachstrasse 9 vers la partie sud de l'Areal West. Elle veut y r\u00e9aliser des surfaces commerciales et de services sur un terrain en droit de superficie du Fonds de la politique fonci\u00e8re et de l'habitat. Au total, plus de 300 places de travail et d'int\u00e9gration devraient \u00eatre cr\u00e9\u00e9es. Sur l'emplacement actuel de la bande, il est pr\u00e9vu de construire ult\u00e9rieurement principalement des logements.<\/p>\n<p>Au centre du site, une place de quartier est pr\u00e9vue comme lieu de rencontre et de s\u00e9jour, le \"Mittelweg\" doit relier le nouveau quartier au parc de Br\u00fcnnengut et au lotissement de Tscharnergut. A l'int\u00e9rieur des deux zones de construction, de grands espaces libres et verts d'un seul tenant et de grande valeur \u00e9cologique sont pr\u00e9vus pour les jeux et les rencontres.<\/p>\n<p>La participation publique pour le plan de quartier durera jusqu'au 25 ao\u00fbt 2022. Selon les indications de la ville de Berne, la votation populaire aura probablement lieu en automne 2024. <em>(ah)<\/em><\/p>","protected":false},"excerpt":{"rendered":"<p>Un quartier \u00e0 usage mixte doit voir le jour \u00e0 l'endroit o\u00f9 se trouve actuellement le centre Bethlehem. Le plan de construction correspondant est en cours de participation publique.<\/p>","protected":false},"author":3,"featured_media":43067,"comment_status":"closed","ping_status":"closed","sticky":false,"template":"","format":"standard","meta":{"_acf_changed":false,"_yoast_wpseo_focuskw":"Bethlehem","_yoast_wpseo_title":"","_yoast_wpseo_metadesc":"Dort, wo sich heute das Zentrum Bethlehem befindet, soll ein Quartier mit Mischnutzung entstehen. Die \u00dcberbauungsordnung ist in der \u00f6ffentlichen Mitwirkung.","_yoast_wpseo_linkdex":67,"pgc_sgb_lightbox_settings":"","footnotes":""},"categories":[985],"tags":[1937,1091,1600],"class_list":["post-43066","post","type-post","status-publish","format-standard","has-post-thumbnail","hentry","category-regionen","tag-arealentwicklung","tag-bern","tag-projekt-in-planung"],"acf":[],"yoast_head":"<!-- This site is optimized with the Yoast SEO plugin v27.4 - https:\/\/yoast.com\/product\/yoast-seo-wordpress\/ -->\n<title>Gross\u00fcberbauung in Bern-Bethlehem kommt auf den Weg - IMMOBILIEN Business<\/title>\n<meta name=\"description\" content=\"Dort, wo sich heute das Zentrum Bethlehem befindet, soll ein Quartier mit Mischnutzung entstehen. Die \u00dcberbauungsordnung ist in der \u00f6ffentlichen Mitwirkung.\" \/>\n<meta name=\"robots\" content=\"index, follow, max-snippet:-1, max-image-preview:large, max-video-preview:-1\" \/>\n<link rel=\"canonical\" href=\"https:\/\/www.immobilienbusiness.ch\/fr\/regionen\/2022-07-06\/grossueberbauung-in-bern-bethlehem-kommt-auf-den-weg\/\" \/>\n<meta property=\"og:locale\" content=\"fr_FR\" \/>\n<meta property=\"og:type\" content=\"article\" \/>\n<meta property=\"og:title\" content=\"Gross\u00fcberbauung in Bern-Bethlehem kommt auf den Weg - IMMOBILIEN Business\" \/>\n<meta property=\"og:description\" content=\"Dort, wo sich heute das Zentrum Bethlehem befindet, soll ein Quartier mit Mischnutzung entstehen. Die \u00dcberbauungsordnung ist in der \u00f6ffentlichen Mitwirkung.\" \/>\n<meta property=\"og:url\" content=\"https:\/\/www.immobilienbusiness.ch\/fr\/regionen\/2022-07-06\/grossueberbauung-in-bern-bethlehem-kommt-auf-den-weg\/\" \/>\n<meta property=\"og:site_name\" content=\"IMMOBILIEN Business\" \/>\n<meta property=\"article:publisher\" content=\"https:\/\/www.facebook.com\/immobilienbusiness\/\" \/>\n<meta property=\"article:published_time\" content=\"2022-07-06T07:43:56+00:00\" \/>\n<meta property=\"article:modified_time\" content=\"2022-07-07T07:47:08+00:00\" \/>\n<meta property=\"og:image\" content=\"https:\/\/www.immobilienbusiness.ch\/wp-content\/uploads\/2022\/07\/chantier-bethlehem_Quelle_Migros.jpg\" \/>\n\t<meta property=\"og:image:width\" content=\"810\" \/>\n\t<meta property=\"og:image:height\" content=\"540\" \/>\n\t<meta property=\"og:image:type\" content=\"image\/jpeg\" \/>\n<meta name=\"author\" content=\"anja.hall\" \/>\n<meta name=\"twitter:card\" content=\"summary_large_image\" \/>\n<meta name=\"twitter:image\" content=\"https:\/\/www.immobilienbusiness.ch\/wp-content\/uploads\/2022\/07\/chantier-bethlehem_Quelle_Migros.jpg\" \/>\n<script type=\"application\/ld+json\" class=\"yoast-schema-graph\">{\"@context\":\"https:\\\/\\\/schema.org\",\"@graph\":[{\"@type\":\"Article\",\"@id\":\"https:\\\/\\\/www.immobilienbusiness.ch\\\/it\\\/regionen\\\/2022-07-06\\\/grossueberbauung-in-bern-bethlehem-kommt-auf-den-weg\\\/#article\",\"isPartOf\":{\"@id\":\"https:\\\/\\\/www.immobilienbusiness.ch\\\/it\\\/regionen\\\/2022-07-06\\\/grossueberbauung-in-bern-bethlehem-kommt-auf-den-weg\\\/\"},\"author\":{\"name\":\"anja.hall\",\"@id\":\"https:\\\/\\\/www.immobilienbusiness.ch\\\/#\\\/schema\\\/person\\\/3fc036297b10b9f42d6db5ee932af8c8\"},\"headline\":\"Gross\u00fcberbauung in Bern-Bethlehem kommt auf den Weg\",\"datePublished\":\"2022-07-06T07:43:56+00:00\",\"dateModified\":\"2022-07-07T07:47:08+00:00\",\"mainEntityOfPage\":{\"@id\":\"https:\\\/\\\/www.immobilienbusiness.ch\\\/it\\\/regionen\\\/2022-07-06\\\/grossueberbauung-in-bern-bethlehem-kommt-auf-den-weg\\\/\"},\"wordCount\":309,\"publisher\":{\"@id\":\"https:\\\/\\\/www.immobilienbusiness.ch\\\/#organization\"},\"image\":{\"@id\":\"https:\\\/\\\/www.immobilienbusiness.ch\\\/it\\\/regionen\\\/2022-07-06\\\/grossueberbauung-in-bern-bethlehem-kommt-auf-den-weg\\\/#primaryimage\"},\"thumbnailUrl\":\"https:\\\/\\\/www.immobilienbusiness.ch\\\/wp-content\\\/uploads\\\/2022\\\/07\\\/chantier-bethlehem_Quelle_Migros.jpg\",\"keywords\":[\"Arealentwicklung\",\"Bern\",\"Projekt in Planung\"],\"articleSection\":[\"REGIONEN\"],\"inLanguage\":\"fr-FR\"},{\"@type\":\"WebPage\",\"@id\":\"https:\\\/\\\/www.immobilienbusiness.ch\\\/it\\\/regionen\\\/2022-07-06\\\/grossueberbauung-in-bern-bethlehem-kommt-auf-den-weg\\\/\",\"url\":\"https:\\\/\\\/www.immobilienbusiness.ch\\\/it\\\/regionen\\\/2022-07-06\\\/grossueberbauung-in-bern-bethlehem-kommt-auf-den-weg\\\/\",\"name\":\"Gross\u00fcberbauung in Bern-Bethlehem kommt auf den Weg - IMMOBILIEN Business\",\"isPartOf\":{\"@id\":\"https:\\\/\\\/www.immobilienbusiness.ch\\\/#website\"},\"primaryImageOfPage\":{\"@id\":\"https:\\\/\\\/www.immobilienbusiness.ch\\\/it\\\/regionen\\\/2022-07-06\\\/grossueberbauung-in-bern-bethlehem-kommt-auf-den-weg\\\/#primaryimage\"},\"image\":{\"@id\":\"https:\\\/\\\/www.immobilienbusiness.ch\\\/it\\\/regionen\\\/2022-07-06\\\/grossueberbauung-in-bern-bethlehem-kommt-auf-den-weg\\\/#primaryimage\"},\"thumbnailUrl\":\"https:\\\/\\\/www.immobilienbusiness.ch\\\/wp-content\\\/uploads\\\/2022\\\/07\\\/chantier-bethlehem_Quelle_Migros.jpg\",\"datePublished\":\"2022-07-06T07:43:56+00:00\",\"dateModified\":\"2022-07-07T07:47:08+00:00\",\"description\":\"Dort, wo sich heute das Zentrum Bethlehem befindet, soll ein Quartier mit Mischnutzung entstehen. Die \u00dcberbauungsordnung ist in der \u00f6ffentlichen Mitwirkung.\",\"breadcrumb\":{\"@id\":\"https:\\\/\\\/www.immobilienbusiness.ch\\\/it\\\/regionen\\\/2022-07-06\\\/grossueberbauung-in-bern-bethlehem-kommt-auf-den-weg\\\/#breadcrumb\"},\"inLanguage\":\"fr-FR\",\"potentialAction\":[{\"@type\":\"ReadAction\",\"target\":[\"https:\\\/\\\/www.immobilienbusiness.ch\\\/it\\\/regionen\\\/2022-07-06\\\/grossueberbauung-in-bern-bethlehem-kommt-auf-den-weg\\\/\"]}]},{\"@type\":\"ImageObject\",\"inLanguage\":\"fr-FR\",\"@id\":\"https:\\\/\\\/www.immobilienbusiness.ch\\\/it\\\/regionen\\\/2022-07-06\\\/grossueberbauung-in-bern-bethlehem-kommt-auf-den-weg\\\/#primaryimage\",\"url\":\"https:\\\/\\\/www.immobilienbusiness.ch\\\/wp-content\\\/uploads\\\/2022\\\/07\\\/chantier-bethlehem_Quelle_Migros.jpg\",\"contentUrl\":\"https:\\\/\\\/www.immobilienbusiness.ch\\\/wp-content\\\/uploads\\\/2022\\\/07\\\/chantier-bethlehem_Quelle_Migros.jpg\",\"width\":810,\"height\":540,\"caption\":\"Das Zentrum Bethlehem soll einer \u00dcberbauung weichen (Quelle: Migros)\"},{\"@type\":\"BreadcrumbList\",\"@id\":\"https:\\\/\\\/www.immobilienbusiness.ch\\\/it\\\/regionen\\\/2022-07-06\\\/grossueberbauung-in-bern-bethlehem-kommt-auf-den-weg\\\/#breadcrumb\",\"itemListElement\":[{\"@type\":\"ListItem\",\"position\":1,\"name\":\"Home\",\"item\":\"https:\\\/\\\/www.immobilienbusiness.ch\\\/\"},{\"@type\":\"ListItem\",\"position\":2,\"name\":\"Gross\u00fcberbauung in Bern-Bethlehem kommt auf den Weg\"}]},{\"@type\":\"WebSite\",\"@id\":\"https:\\\/\\\/www.immobilienbusiness.ch\\\/#website\",\"url\":\"https:\\\/\\\/www.immobilienbusiness.ch\\\/\",\"name\":\"IMMOBILIEN Business\",\"description\":\"Unabh\u00e4ngiges Schweizer Wirtschaftsmagazin mit Fokus auf Immobilien, Architektur- und Bau sowie Investment- und Finanzierung.\",\"publisher\":{\"@id\":\"https:\\\/\\\/www.immobilienbusiness.ch\\\/#organization\"},\"potentialAction\":[{\"@type\":\"SearchAction\",\"target\":{\"@type\":\"EntryPoint\",\"urlTemplate\":\"https:\\\/\\\/www.immobilienbusiness.ch\\\/?s={search_term_string}\"},\"query-input\":{\"@type\":\"PropertyValueSpecification\",\"valueRequired\":true,\"valueName\":\"search_term_string\"}}],\"inLanguage\":\"fr-FR\"},{\"@type\":\"Organization\",\"@id\":\"https:\\\/\\\/www.immobilienbusiness.ch\\\/#organization\",\"name\":\"IMMOBILIEN Business\",\"url\":\"https:\\\/\\\/www.immobilienbusiness.ch\\\/\",\"logo\":{\"@type\":\"ImageObject\",\"inLanguage\":\"fr-FR\",\"@id\":\"https:\\\/\\\/www.immobilienbusiness.ch\\\/#\\\/schema\\\/logo\\\/image\\\/\",\"url\":\"https:\\\/\\\/www.immobilienbusiness.ch\\\/wp-content\\\/uploads\\\/2021\\\/07\\\/logo_ib.png\",\"contentUrl\":\"https:\\\/\\\/www.immobilienbusiness.ch\\\/wp-content\\\/uploads\\\/2021\\\/07\\\/logo_ib.png\",\"width\":800,\"height\":181,\"caption\":\"IMMOBILIEN Business\"},\"image\":{\"@id\":\"https:\\\/\\\/www.immobilienbusiness.ch\\\/#\\\/schema\\\/logo\\\/image\\\/\"},\"sameAs\":[\"https:\\\/\\\/www.facebook.com\\\/immobilienbusiness\\\/\"]},{\"@type\":\"Person\",\"@id\":\"https:\\\/\\\/www.immobilienbusiness.ch\\\/#\\\/schema\\\/person\\\/3fc036297b10b9f42d6db5ee932af8c8\",\"name\":\"anja.hall\",\"image\":{\"@type\":\"ImageObject\",\"inLanguage\":\"fr-FR\",\"@id\":\"https:\\\/\\\/secure.gravatar.com\\\/avatar\\\/066b5a0d447013502c71a5782f4f3469f03cfe595cc2329fb94652fe47511bfb?s=96&d=mm&r=g\",\"url\":\"https:\\\/\\\/secure.gravatar.com\\\/avatar\\\/066b5a0d447013502c71a5782f4f3469f03cfe595cc2329fb94652fe47511bfb?s=96&d=mm&r=g\",\"contentUrl\":\"https:\\\/\\\/secure.gravatar.com\\\/avatar\\\/066b5a0d447013502c71a5782f4f3469f03cfe595cc2329fb94652fe47511bfb?s=96&d=mm&r=g\",\"caption\":\"anja.hall\"},\"url\":\"https:\\\/\\\/www.immobilienbusiness.ch\\\/fr\\\/author\\\/anja-hall\\\/\"}]}<\/script>\n<!-- \/ Yoast SEO plugin. -->","yoast_head_json":{"title":"Gross\u00fcberbauung in Bern-Bethlehem kommt auf den Weg - IMMOBILIEN Business","description":"Dort, wo sich heute das Zentrum Bethlehem befindet, soll ein Quartier mit Mischnutzung entstehen. Die \u00dcberbauungsordnung ist in der \u00f6ffentlichen Mitwirkung.","robots":{"index":"index","follow":"follow","max-snippet":"max-snippet:-1","max-image-preview":"max-image-preview:large","max-video-preview":"max-video-preview:-1"},"canonical":"https:\/\/www.immobilienbusiness.ch\/fr\/regionen\/2022-07-06\/grossueberbauung-in-bern-bethlehem-kommt-auf-den-weg\/","og_locale":"fr_FR","og_type":"article","og_title":"Gross\u00fcberbauung in Bern-Bethlehem kommt auf den Weg - IMMOBILIEN Business","og_description":"Dort, wo sich heute das Zentrum Bethlehem befindet, soll ein Quartier mit Mischnutzung entstehen. Die \u00dcberbauungsordnung ist in der \u00f6ffentlichen Mitwirkung.","og_url":"https:\/\/www.immobilienbusiness.ch\/fr\/regionen\/2022-07-06\/grossueberbauung-in-bern-bethlehem-kommt-auf-den-weg\/","og_site_name":"IMMOBILIEN Business","article_publisher":"https:\/\/www.facebook.com\/immobilienbusiness\/","article_published_time":"2022-07-06T07:43:56+00:00","article_modified_time":"2022-07-07T07:47:08+00:00","og_image":[{"width":810,"height":540,"url":"https:\/\/www.immobilienbusiness.ch\/wp-content\/uploads\/2022\/07\/chantier-bethlehem_Quelle_Migros.jpg","type":"image\/jpeg"}],"author":"anja.hall","twitter_card":"summary_large_image","twitter_image":"https:\/\/www.immobilienbusiness.ch\/wp-content\/uploads\/2022\/07\/chantier-bethlehem_Quelle_Migros.jpg","schema":{"@context":"https:\/\/schema.org","@graph":[{"@type":"Article","@id":"https:\/\/www.immobilienbusiness.ch\/it\/regionen\/2022-07-06\/grossueberbauung-in-bern-bethlehem-kommt-auf-den-weg\/#article","isPartOf":{"@id":"https:\/\/www.immobilienbusiness.ch\/it\/regionen\/2022-07-06\/grossueberbauung-in-bern-bethlehem-kommt-auf-den-weg\/"},"author":{"name":"anja.hall","@id":"https:\/\/www.immobilienbusiness.ch\/#\/schema\/person\/3fc036297b10b9f42d6db5ee932af8c8"},"headline":"Gross\u00fcberbauung in Bern-Bethlehem kommt auf den Weg","datePublished":"2022-07-06T07:43:56+00:00","dateModified":"2022-07-07T07:47:08+00:00","mainEntityOfPage":{"@id":"https:\/\/www.immobilienbusiness.ch\/it\/regionen\/2022-07-06\/grossueberbauung-in-bern-bethlehem-kommt-auf-den-weg\/"},"wordCount":309,"publisher":{"@id":"https:\/\/www.immobilienbusiness.ch\/#organization"},"image":{"@id":"https:\/\/www.immobilienbusiness.ch\/it\/regionen\/2022-07-06\/grossueberbauung-in-bern-bethlehem-kommt-auf-den-weg\/#primaryimage"},"thumbnailUrl":"https:\/\/www.immobilienbusiness.ch\/wp-content\/uploads\/2022\/07\/chantier-bethlehem_Quelle_Migros.jpg","keywords":["Arealentwicklung","Bern","Projekt in Planung"],"articleSection":["REGIONEN"],"inLanguage":"fr-FR"},{"@type":"WebPage","@id":"https:\/\/www.immobilienbusiness.ch\/it\/regionen\/2022-07-06\/grossueberbauung-in-bern-bethlehem-kommt-auf-den-weg\/","url":"https:\/\/www.immobilienbusiness.ch\/it\/regionen\/2022-07-06\/grossueberbauung-in-bern-bethlehem-kommt-auf-den-weg\/","name":"Gross\u00fcberbauung in Bern-Bethlehem kommt auf den Weg - IMMOBILIEN Business","isPartOf":{"@id":"https:\/\/www.immobilienbusiness.ch\/#website"},"primaryImageOfPage":{"@id":"https:\/\/www.immobilienbusiness.ch\/it\/regionen\/2022-07-06\/grossueberbauung-in-bern-bethlehem-kommt-auf-den-weg\/#primaryimage"},"image":{"@id":"https:\/\/www.immobilienbusiness.ch\/it\/regionen\/2022-07-06\/grossueberbauung-in-bern-bethlehem-kommt-auf-den-weg\/#primaryimage"},"thumbnailUrl":"https:\/\/www.immobilienbusiness.ch\/wp-content\/uploads\/2022\/07\/chantier-bethlehem_Quelle_Migros.jpg","datePublished":"2022-07-06T07:43:56+00:00","dateModified":"2022-07-07T07:47:08+00:00","description":"Dort, wo sich heute das Zentrum Bethlehem befindet, soll ein Quartier mit Mischnutzung entstehen. Die \u00dcberbauungsordnung ist in der \u00f6ffentlichen Mitwirkung.","breadcrumb":{"@id":"https:\/\/www.immobilienbusiness.ch\/it\/regionen\/2022-07-06\/grossueberbauung-in-bern-bethlehem-kommt-auf-den-weg\/#breadcrumb"},"inLanguage":"fr-FR","potentialAction":[{"@type":"ReadAction","target":["https:\/\/www.immobilienbusiness.ch\/it\/regionen\/2022-07-06\/grossueberbauung-in-bern-bethlehem-kommt-auf-den-weg\/"]}]},{"@type":"ImageObject","inLanguage":"fr-FR","@id":"https:\/\/www.immobilienbusiness.ch\/it\/regionen\/2022-07-06\/grossueberbauung-in-bern-bethlehem-kommt-auf-den-weg\/#primaryimage","url":"https:\/\/www.immobilienbusiness.ch\/wp-content\/uploads\/2022\/07\/chantier-bethlehem_Quelle_Migros.jpg","contentUrl":"https:\/\/www.immobilienbusiness.ch\/wp-content\/uploads\/2022\/07\/chantier-bethlehem_Quelle_Migros.jpg","width":810,"height":540,"caption":"Das Zentrum Bethlehem soll einer \u00dcberbauung weichen (Quelle: Migros)"},{"@type":"BreadcrumbList","@id":"https:\/\/www.immobilienbusiness.ch\/it\/regionen\/2022-07-06\/grossueberbauung-in-bern-bethlehem-kommt-auf-den-weg\/#breadcrumb","itemListElement":[{"@type":"ListItem","position":1,"name":"Home","item":"https:\/\/www.immobilienbusiness.ch\/"},{"@type":"ListItem","position":2,"name":"Gross\u00fcberbauung in Bern-Bethlehem kommt auf den Weg"}]},{"@type":"WebSite","@id":"https:\/\/www.immobilienbusiness.ch\/#website","url":"https:\/\/www.immobilienbusiness.ch\/","name":"IMMOBILIER Business","description":"Magazine \u00e9conomique suisse ind\u00e9pendant ax\u00e9 sur l'immobilier, l'architecture et la construction ainsi que sur les investissements et le financement.","publisher":{"@id":"https:\/\/www.immobilienbusiness.ch\/#organization"},"potentialAction":[{"@type":"SearchAction","target":{"@type":"EntryPoint","urlTemplate":"https:\/\/www.immobilienbusiness.ch\/?s={search_term_string}"},"query-input":{"@type":"PropertyValueSpecification","valueRequired":true,"valueName":"search_term_string"}}],"inLanguage":"fr-FR"},{"@type":"Organization","@id":"https:\/\/www.immobilienbusiness.ch\/#organization","name":"IMMOBILIER Business","url":"https:\/\/www.immobilienbusiness.ch\/","logo":{"@type":"ImageObject","inLanguage":"fr-FR","@id":"https:\/\/www.immobilienbusiness.ch\/#\/schema\/logo\/image\/","url":"https:\/\/www.immobilienbusiness.ch\/wp-content\/uploads\/2021\/07\/logo_ib.png","contentUrl":"https:\/\/www.immobilienbusiness.ch\/wp-content\/uploads\/2021\/07\/logo_ib.png","width":800,"height":181,"caption":"IMMOBILIEN Business"},"image":{"@id":"https:\/\/www.immobilienbusiness.ch\/#\/schema\/logo\/image\/"},"sameAs":["https:\/\/www.facebook.com\/immobilienbusiness\/"]},{"@type":"Person","@id":"https:\/\/www.immobilienbusiness.ch\/#\/schema\/person\/3fc036297b10b9f42d6db5ee932af8c8","name":"anja.hall","image":{"@type":"ImageObject","inLanguage":"fr-FR","@id":"https:\/\/secure.gravatar.com\/avatar\/066b5a0d447013502c71a5782f4f3469f03cfe595cc2329fb94652fe47511bfb?s=96&d=mm&r=g","url":"https:\/\/secure.gravatar.com\/avatar\/066b5a0d447013502c71a5782f4f3469f03cfe595cc2329fb94652fe47511bfb?s=96&d=mm&r=g","contentUrl":"https:\/\/secure.gravatar.com\/avatar\/066b5a0d447013502c71a5782f4f3469f03cfe595cc2329fb94652fe47511bfb?s=96&d=mm&r=g","caption":"anja.hall"},"url":"https:\/\/www.immobilienbusiness.ch\/fr\/author\/anja-hall\/"}]}},"_links":{"self":[{"href":"https:\/\/www.immobilienbusiness.ch\/fr\/wp-json\/wp\/v2\/posts\/43066","targetHints":{"allow":["GET"]}}],"collection":[{"href":"https:\/\/www.immobilienbusiness.ch\/fr\/wp-json\/wp\/v2\/posts"}],"about":[{"href":"https:\/\/www.immobilienbusiness.ch\/fr\/wp-json\/wp\/v2\/types\/post"}],"author":[{"embeddable":true,"href":"https:\/\/www.immobilienbusiness.ch\/fr\/wp-json\/wp\/v2\/users\/3"}],"replies":[{"embeddable":true,"href":"https:\/\/www.immobilienbusiness.ch\/fr\/wp-json\/wp\/v2\/comments?post=43066"}],"version-history":[{"count":2,"href":"https:\/\/www.immobilienbusiness.ch\/fr\/wp-json\/wp\/v2\/posts\/43066\/revisions"}],"predecessor-version":[{"id":43082,"href":"https:\/\/www.immobilienbusiness.ch\/fr\/wp-json\/wp\/v2\/posts\/43066\/revisions\/43082"}],"wp:featuredmedia":[{"embeddable":true,"href":"https:\/\/www.immobilienbusiness.ch\/fr\/wp-json\/wp\/v2\/media\/43067"}],"wp:attachment":[{"href":"https:\/\/www.immobilienbusiness.ch\/fr\/wp-json\/wp\/v2\/media?parent=43066"}],"wp:term":[{"taxonomy":"category","embeddable":true,"href":"https:\/\/www.immobilienbusiness.ch\/fr\/wp-json\/wp\/v2\/categories?post=43066"},{"taxonomy":"post_tag","embeddable":true,"href":"https:\/\/www.immobilienbusiness.ch\/fr\/wp-json\/wp\/v2\/tags?post=43066"}],"curies":[{"name":"wp","href":"https:\/\/api.w.org\/{rel}","templated":true}]}}