{"id":43055,"date":"2022-07-05T07:15:42","date_gmt":"2022-07-05T05:15:42","guid":{"rendered":"https:\/\/www.immobilienbusiness.ch\/?p=43055"},"modified":"2023-07-31T13:50:36","modified_gmt":"2023-07-31T11:50:36","slug":"ubs-swissreal-baut-das-portfolio-aus","status":"publish","type":"post","link":"https:\/\/www.immobilienbusiness.ch\/fr\/regionen\/2022-07-05\/ubs-swissreal-baut-das-portfolio-aus\/","title":{"rendered":"UBS Swissreal \u00e9largit son portefeuille"},"content":{"rendered":"<figure id=\"attachment_43056\" aria-describedby=\"caption-attachment-43056\" style=\"width: 580px\" class=\"wp-caption alignnone\"><a href=\"https:\/\/www.immobilienbusiness.ch\/wp-content\/uploads\/2022\/07\/swissreal.jpeg\"><img loading=\"lazy\" decoding=\"async\" class=\"size-full wp-image-43056\" src=\"https:\/\/www.immobilienbusiness.ch\/wp-content\/uploads\/2022\/07\/swissreal.jpeg\" alt=\"\" width=\"580\" height=\"387\" srcset=\"https:\/\/www.immobilienbusiness.ch\/wp-content\/uploads\/2022\/07\/swissreal.jpeg 580w, https:\/\/www.immobilienbusiness.ch\/wp-content\/uploads\/2022\/07\/swissreal-300x200.jpeg 300w, https:\/\/www.immobilienbusiness.ch\/wp-content\/uploads\/2022\/07\/swissreal-18x12.jpeg 18w, https:\/\/www.immobilienbusiness.ch\/wp-content\/uploads\/2022\/07\/swissreal-262x175.jpeg 262w, https:\/\/www.immobilienbusiness.ch\/wp-content\/uploads\/2022\/07\/swissreal-525x350.jpeg 525w\" sizes=\"auto, (max-width: 580px) 100vw, 580px\" \/><\/a><figcaption id=\"caption-attachment-43056\" class=\"wp-caption-text\">L'UBS Swissreal a investi \u00e0 Etoy (Qulle : UBS)<\/figcaption><\/figure>\n<p>Comme l'indique UBS, l'immeuble de bureaux haut de gamme et repr\u00e9sentatif est enti\u00e8rement lou\u00e9. Construit en 2017, il est situ\u00e9 dans une zone industrielle \u00e0 Etoy (VD), sur la rive nord du lac L\u00e9man, entre Lausanne et Gen\u00e8ve.<\/p>\n<p>Le b\u00e2timent de quatre \u00e9tages comprend 2 855 m\u00b2 de bureaux, 220 m\u00b2 d'entrep\u00f4ts et 73 places de parking. Il est lou\u00e9 \u00e0 long terme et abrite le si\u00e8ge europ\u00e9en de Chiquita Brands International, poursuit UBS. <em>(ah)<\/em><\/p>","protected":false},"excerpt":{"rendered":"<p>Le fonds immobilier UBS Swissreal a acquis un immeuble de bureaux \u00e0 Etoy, entre Lausanne et Gen\u00e8ve.<\/p>","protected":false},"author":3,"featured_media":43056,"comment_status":"closed","ping_status":"closed","sticky":false,"template":"","format":"standard","meta":{"_acf_changed":false,"_yoast_wpseo_focuskw":"Swissreal","_yoast_wpseo_title":"","_yoast_wpseo_metadesc":"Der Immobilienfonds UBS Swissreal hat ein B\u00fcrogeb\u00e4ude in Etoy, zwischen Lausanne und Genf, erworben.","_yoast_wpseo_linkdex":45,"pgc_sgb_lightbox_settings":"","footnotes":""},"categories":[985],"tags":[1119,1344,1348,1408,1796],"class_list":["post-43055","post","type-post","status-publish","format-standard","has-post-thumbnail","hentry","category-regionen","tag-bueroimmobilien","tag-immobilienfonds","tag-immobilienkauf","tag-kanton-waadt","tag-ubs"],"acf":[],"yoast_head":"<!-- This site is optimized with the Yoast SEO plugin v27.5 - https:\/\/yoast.com\/product\/yoast-seo-wordpress\/ -->\n<title>UBS Swissreal baut das Portfolio aus - IMMOBILIEN Business<\/title>\n<meta name=\"description\" content=\"Der Immobilienfonds UBS Swissreal hat ein B\u00fcrogeb\u00e4ude in Etoy, zwischen Lausanne und Genf, erworben.\" \/>\n<meta name=\"robots\" content=\"index, follow, max-snippet:-1, max-image-preview:large, max-video-preview:-1\" \/>\n<link rel=\"canonical\" href=\"https:\/\/www.immobilienbusiness.ch\/fr\/regionen\/2022-07-05\/ubs-swissreal-baut-das-portfolio-aus\/\" \/>\n<meta property=\"og:locale\" content=\"fr_FR\" \/>\n<meta property=\"og:type\" content=\"article\" \/>\n<meta property=\"og:title\" content=\"UBS Swissreal baut das Portfolio aus - IMMOBILIEN Business\" \/>\n<meta property=\"og:description\" content=\"Der Immobilienfonds UBS Swissreal hat ein B\u00fcrogeb\u00e4ude in Etoy, zwischen Lausanne und Genf, erworben.\" \/>\n<meta property=\"og:url\" content=\"https:\/\/www.immobilienbusiness.ch\/fr\/regionen\/2022-07-05\/ubs-swissreal-baut-das-portfolio-aus\/\" \/>\n<meta property=\"og:site_name\" content=\"IMMOBILIEN Business\" \/>\n<meta property=\"article:publisher\" content=\"https:\/\/www.facebook.com\/immobilienbusiness\/\" \/>\n<meta property=\"article:published_time\" content=\"2022-07-05T05:15:42+00:00\" \/>\n<meta property=\"article:modified_time\" content=\"2023-07-31T11:50:36+00:00\" \/>\n<meta property=\"og:image\" content=\"https:\/\/www.immobilienbusiness.ch\/wp-content\/uploads\/2022\/07\/swissreal.jpeg\" \/>\n\t<meta property=\"og:image:width\" content=\"580\" \/>\n\t<meta property=\"og:image:height\" content=\"387\" \/>\n\t<meta property=\"og:image:type\" content=\"image\/jpeg\" \/>\n<meta name=\"author\" content=\"anja.hall\" \/>\n<meta name=\"twitter:card\" content=\"summary_large_image\" \/>\n<meta name=\"twitter:image\" content=\"https:\/\/www.immobilienbusiness.ch\/wp-content\/uploads\/2022\/07\/swissreal.jpeg\" \/>\n<script type=\"application\/ld+json\" class=\"yoast-schema-graph\">{\"@context\":\"https:\\\/\\\/schema.org\",\"@graph\":[{\"@type\":\"Article\",\"@id\":\"https:\\\/\\\/www.immobilienbusiness.ch\\\/de\\\/regionen\\\/2022-07-05\\\/ubs-swissreal-baut-das-portfolio-aus\\\/#article\",\"isPartOf\":{\"@id\":\"https:\\\/\\\/www.immobilienbusiness.ch\\\/de\\\/regionen\\\/2022-07-05\\\/ubs-swissreal-baut-das-portfolio-aus\\\/\"},\"author\":{\"name\":\"anja.hall\",\"@id\":\"https:\\\/\\\/www.immobilienbusiness.ch\\\/#\\\/schema\\\/person\\\/3fc036297b10b9f42d6db5ee932af8c8\"},\"headline\":\"UBS Swissreal baut das Portfolio aus\",\"datePublished\":\"2022-07-05T05:15:42+00:00\",\"dateModified\":\"2023-07-31T11:50:36+00:00\",\"mainEntityOfPage\":{\"@id\":\"https:\\\/\\\/www.immobilienbusiness.ch\\\/de\\\/regionen\\\/2022-07-05\\\/ubs-swissreal-baut-das-portfolio-aus\\\/\"},\"wordCount\":93,\"publisher\":{\"@id\":\"https:\\\/\\\/www.immobilienbusiness.ch\\\/#organization\"},\"image\":{\"@id\":\"https:\\\/\\\/www.immobilienbusiness.ch\\\/de\\\/regionen\\\/2022-07-05\\\/ubs-swissreal-baut-das-portfolio-aus\\\/#primaryimage\"},\"thumbnailUrl\":\"https:\\\/\\\/www.immobilienbusiness.ch\\\/wp-content\\\/uploads\\\/2022\\\/07\\\/swissreal.jpeg\",\"keywords\":[\"B\u00fcroimmobilien\",\"Immobilienfonds\",\"Immobilienkauf\",\"Kanton Waadt\",\"UBS\"],\"articleSection\":[\"REGIONEN\"],\"inLanguage\":\"fr-FR\"},{\"@type\":\"WebPage\",\"@id\":\"https:\\\/\\\/www.immobilienbusiness.ch\\\/de\\\/regionen\\\/2022-07-05\\\/ubs-swissreal-baut-das-portfolio-aus\\\/\",\"url\":\"https:\\\/\\\/www.immobilienbusiness.ch\\\/de\\\/regionen\\\/2022-07-05\\\/ubs-swissreal-baut-das-portfolio-aus\\\/\",\"name\":\"UBS Swissreal baut das Portfolio aus - IMMOBILIEN Business\",\"isPartOf\":{\"@id\":\"https:\\\/\\\/www.immobilienbusiness.ch\\\/#website\"},\"primaryImageOfPage\":{\"@id\":\"https:\\\/\\\/www.immobilienbusiness.ch\\\/de\\\/regionen\\\/2022-07-05\\\/ubs-swissreal-baut-das-portfolio-aus\\\/#primaryimage\"},\"image\":{\"@id\":\"https:\\\/\\\/www.immobilienbusiness.ch\\\/de\\\/regionen\\\/2022-07-05\\\/ubs-swissreal-baut-das-portfolio-aus\\\/#primaryimage\"},\"thumbnailUrl\":\"https:\\\/\\\/www.immobilienbusiness.ch\\\/wp-content\\\/uploads\\\/2022\\\/07\\\/swissreal.jpeg\",\"datePublished\":\"2022-07-05T05:15:42+00:00\",\"dateModified\":\"2023-07-31T11:50:36+00:00\",\"description\":\"Der Immobilienfonds UBS Swissreal hat ein B\u00fcrogeb\u00e4ude in Etoy, zwischen Lausanne und Genf, erworben.\",\"breadcrumb\":{\"@id\":\"https:\\\/\\\/www.immobilienbusiness.ch\\\/de\\\/regionen\\\/2022-07-05\\\/ubs-swissreal-baut-das-portfolio-aus\\\/#breadcrumb\"},\"inLanguage\":\"fr-FR\",\"potentialAction\":[{\"@type\":\"ReadAction\",\"target\":[\"https:\\\/\\\/www.immobilienbusiness.ch\\\/de\\\/regionen\\\/2022-07-05\\\/ubs-swissreal-baut-das-portfolio-aus\\\/\"]}]},{\"@type\":\"ImageObject\",\"inLanguage\":\"fr-FR\",\"@id\":\"https:\\\/\\\/www.immobilienbusiness.ch\\\/de\\\/regionen\\\/2022-07-05\\\/ubs-swissreal-baut-das-portfolio-aus\\\/#primaryimage\",\"url\":\"https:\\\/\\\/www.immobilienbusiness.ch\\\/wp-content\\\/uploads\\\/2022\\\/07\\\/swissreal.jpeg\",\"contentUrl\":\"https:\\\/\\\/www.immobilienbusiness.ch\\\/wp-content\\\/uploads\\\/2022\\\/07\\\/swissreal.jpeg\",\"width\":580,\"height\":387,\"caption\":\"Der UBS Swissreal hat in Etoy investiert (Qulle: UBS)\"},{\"@type\":\"BreadcrumbList\",\"@id\":\"https:\\\/\\\/www.immobilienbusiness.ch\\\/de\\\/regionen\\\/2022-07-05\\\/ubs-swissreal-baut-das-portfolio-aus\\\/#breadcrumb\",\"itemListElement\":[{\"@type\":\"ListItem\",\"position\":1,\"name\":\"Home\",\"item\":\"https:\\\/\\\/www.immobilienbusiness.ch\\\/\"},{\"@type\":\"ListItem\",\"position\":2,\"name\":\"UBS Swissreal baut das Portfolio aus\"}]},{\"@type\":\"WebSite\",\"@id\":\"https:\\\/\\\/www.immobilienbusiness.ch\\\/#website\",\"url\":\"https:\\\/\\\/www.immobilienbusiness.ch\\\/\",\"name\":\"IMMOBILIEN Business\",\"description\":\"Unabh\u00e4ngiges Schweizer Wirtschaftsmagazin mit Fokus auf Immobilien, Architektur- und Bau sowie Investment- und Finanzierung.\",\"publisher\":{\"@id\":\"https:\\\/\\\/www.immobilienbusiness.ch\\\/#organization\"},\"potentialAction\":[{\"@type\":\"SearchAction\",\"target\":{\"@type\":\"EntryPoint\",\"urlTemplate\":\"https:\\\/\\\/www.immobilienbusiness.ch\\\/?s={search_term_string}\"},\"query-input\":{\"@type\":\"PropertyValueSpecification\",\"valueRequired\":true,\"valueName\":\"search_term_string\"}}],\"inLanguage\":\"fr-FR\"},{\"@type\":\"Organization\",\"@id\":\"https:\\\/\\\/www.immobilienbusiness.ch\\\/#organization\",\"name\":\"IMMOBILIEN Business\",\"url\":\"https:\\\/\\\/www.immobilienbusiness.ch\\\/\",\"logo\":{\"@type\":\"ImageObject\",\"inLanguage\":\"fr-FR\",\"@id\":\"https:\\\/\\\/www.immobilienbusiness.ch\\\/#\\\/schema\\\/logo\\\/image\\\/\",\"url\":\"https:\\\/\\\/www.immobilienbusiness.ch\\\/wp-content\\\/uploads\\\/2021\\\/07\\\/logo_ib.png\",\"contentUrl\":\"https:\\\/\\\/www.immobilienbusiness.ch\\\/wp-content\\\/uploads\\\/2021\\\/07\\\/logo_ib.png\",\"width\":800,\"height\":181,\"caption\":\"IMMOBILIEN Business\"},\"image\":{\"@id\":\"https:\\\/\\\/www.immobilienbusiness.ch\\\/#\\\/schema\\\/logo\\\/image\\\/\"},\"sameAs\":[\"https:\\\/\\\/www.facebook.com\\\/immobilienbusiness\\\/\"]},{\"@type\":\"Person\",\"@id\":\"https:\\\/\\\/www.immobilienbusiness.ch\\\/#\\\/schema\\\/person\\\/3fc036297b10b9f42d6db5ee932af8c8\",\"name\":\"anja.hall\",\"image\":{\"@type\":\"ImageObject\",\"inLanguage\":\"fr-FR\",\"@id\":\"https:\\\/\\\/secure.gravatar.com\\\/avatar\\\/066b5a0d447013502c71a5782f4f3469f03cfe595cc2329fb94652fe47511bfb?s=96&d=mm&r=g\",\"url\":\"https:\\\/\\\/secure.gravatar.com\\\/avatar\\\/066b5a0d447013502c71a5782f4f3469f03cfe595cc2329fb94652fe47511bfb?s=96&d=mm&r=g\",\"contentUrl\":\"https:\\\/\\\/secure.gravatar.com\\\/avatar\\\/066b5a0d447013502c71a5782f4f3469f03cfe595cc2329fb94652fe47511bfb?s=96&d=mm&r=g\",\"caption\":\"anja.hall\"},\"url\":\"https:\\\/\\\/www.immobilienbusiness.ch\\\/fr\\\/author\\\/anja-hall\\\/\"}]}<\/script>\n<!-- \/ Yoast SEO plugin. -->","yoast_head_json":{"title":"UBS Swissreal baut das Portfolio aus - IMMOBILIEN Business","description":"Le fonds immobilier UBS Swissreal a acquis un immeuble de bureaux \u00e0 Etoy, entre Lausanne et Gen\u00e8ve.","robots":{"index":"index","follow":"follow","max-snippet":"max-snippet:-1","max-image-preview":"max-image-preview:large","max-video-preview":"max-video-preview:-1"},"canonical":"https:\/\/www.immobilienbusiness.ch\/fr\/regionen\/2022-07-05\/ubs-swissreal-baut-das-portfolio-aus\/","og_locale":"fr_FR","og_type":"article","og_title":"UBS Swissreal baut das Portfolio aus - IMMOBILIEN Business","og_description":"Der Immobilienfonds UBS Swissreal hat ein B\u00fcrogeb\u00e4ude in Etoy, zwischen Lausanne und Genf, erworben.","og_url":"https:\/\/www.immobilienbusiness.ch\/fr\/regionen\/2022-07-05\/ubs-swissreal-baut-das-portfolio-aus\/","og_site_name":"IMMOBILIEN Business","article_publisher":"https:\/\/www.facebook.com\/immobilienbusiness\/","article_published_time":"2022-07-05T05:15:42+00:00","article_modified_time":"2023-07-31T11:50:36+00:00","og_image":[{"width":580,"height":387,"url":"https:\/\/www.immobilienbusiness.ch\/wp-content\/uploads\/2022\/07\/swissreal.jpeg","type":"image\/jpeg"}],"author":"anja.hall","twitter_card":"summary_large_image","twitter_image":"https:\/\/www.immobilienbusiness.ch\/wp-content\/uploads\/2022\/07\/swissreal.jpeg","schema":{"@context":"https:\/\/schema.org","@graph":[{"@type":"Article","@id":"https:\/\/www.immobilienbusiness.ch\/de\/regionen\/2022-07-05\/ubs-swissreal-baut-das-portfolio-aus\/#article","isPartOf":{"@id":"https:\/\/www.immobilienbusiness.ch\/de\/regionen\/2022-07-05\/ubs-swissreal-baut-das-portfolio-aus\/"},"author":{"name":"anja.hall","@id":"https:\/\/www.immobilienbusiness.ch\/#\/schema\/person\/3fc036297b10b9f42d6db5ee932af8c8"},"headline":"UBS Swissreal baut das Portfolio aus","datePublished":"2022-07-05T05:15:42+00:00","dateModified":"2023-07-31T11:50:36+00:00","mainEntityOfPage":{"@id":"https:\/\/www.immobilienbusiness.ch\/de\/regionen\/2022-07-05\/ubs-swissreal-baut-das-portfolio-aus\/"},"wordCount":93,"publisher":{"@id":"https:\/\/www.immobilienbusiness.ch\/#organization"},"image":{"@id":"https:\/\/www.immobilienbusiness.ch\/de\/regionen\/2022-07-05\/ubs-swissreal-baut-das-portfolio-aus\/#primaryimage"},"thumbnailUrl":"https:\/\/www.immobilienbusiness.ch\/wp-content\/uploads\/2022\/07\/swissreal.jpeg","keywords":["B\u00fcroimmobilien","Immobilienfonds","Immobilienkauf","Kanton Waadt","UBS"],"articleSection":["REGIONEN"],"inLanguage":"fr-FR"},{"@type":"WebPage","@id":"https:\/\/www.immobilienbusiness.ch\/de\/regionen\/2022-07-05\/ubs-swissreal-baut-das-portfolio-aus\/","url":"https:\/\/www.immobilienbusiness.ch\/de\/regionen\/2022-07-05\/ubs-swissreal-baut-das-portfolio-aus\/","name":"UBS Swissreal baut das Portfolio aus - IMMOBILIEN Business","isPartOf":{"@id":"https:\/\/www.immobilienbusiness.ch\/#website"},"primaryImageOfPage":{"@id":"https:\/\/www.immobilienbusiness.ch\/de\/regionen\/2022-07-05\/ubs-swissreal-baut-das-portfolio-aus\/#primaryimage"},"image":{"@id":"https:\/\/www.immobilienbusiness.ch\/de\/regionen\/2022-07-05\/ubs-swissreal-baut-das-portfolio-aus\/#primaryimage"},"thumbnailUrl":"https:\/\/www.immobilienbusiness.ch\/wp-content\/uploads\/2022\/07\/swissreal.jpeg","datePublished":"2022-07-05T05:15:42+00:00","dateModified":"2023-07-31T11:50:36+00:00","description":"Le fonds immobilier UBS Swissreal a acquis un immeuble de bureaux \u00e0 Etoy, entre Lausanne et Gen\u00e8ve.","breadcrumb":{"@id":"https:\/\/www.immobilienbusiness.ch\/de\/regionen\/2022-07-05\/ubs-swissreal-baut-das-portfolio-aus\/#breadcrumb"},"inLanguage":"fr-FR","potentialAction":[{"@type":"ReadAction","target":["https:\/\/www.immobilienbusiness.ch\/de\/regionen\/2022-07-05\/ubs-swissreal-baut-das-portfolio-aus\/"]}]},{"@type":"ImageObject","inLanguage":"fr-FR","@id":"https:\/\/www.immobilienbusiness.ch\/de\/regionen\/2022-07-05\/ubs-swissreal-baut-das-portfolio-aus\/#primaryimage","url":"https:\/\/www.immobilienbusiness.ch\/wp-content\/uploads\/2022\/07\/swissreal.jpeg","contentUrl":"https:\/\/www.immobilienbusiness.ch\/wp-content\/uploads\/2022\/07\/swissreal.jpeg","width":580,"height":387,"caption":"Der UBS Swissreal hat in Etoy investiert (Qulle: UBS)"},{"@type":"BreadcrumbList","@id":"https:\/\/www.immobilienbusiness.ch\/de\/regionen\/2022-07-05\/ubs-swissreal-baut-das-portfolio-aus\/#breadcrumb","itemListElement":[{"@type":"ListItem","position":1,"name":"Home","item":"https:\/\/www.immobilienbusiness.ch\/"},{"@type":"ListItem","position":2,"name":"UBS Swissreal baut das Portfolio aus"}]},{"@type":"WebSite","@id":"https:\/\/www.immobilienbusiness.ch\/#website","url":"https:\/\/www.immobilienbusiness.ch\/","name":"IMMOBILIER Business","description":"Magazine \u00e9conomique suisse ind\u00e9pendant ax\u00e9 sur l'immobilier, l'architecture et la construction ainsi que sur les investissements et le financement.","publisher":{"@id":"https:\/\/www.immobilienbusiness.ch\/#organization"},"potentialAction":[{"@type":"SearchAction","target":{"@type":"EntryPoint","urlTemplate":"https:\/\/www.immobilienbusiness.ch\/?s={search_term_string}"},"query-input":{"@type":"PropertyValueSpecification","valueRequired":true,"valueName":"search_term_string"}}],"inLanguage":"fr-FR"},{"@type":"Organization","@id":"https:\/\/www.immobilienbusiness.ch\/#organization","name":"IMMOBILIER Business","url":"https:\/\/www.immobilienbusiness.ch\/","logo":{"@type":"ImageObject","inLanguage":"fr-FR","@id":"https:\/\/www.immobilienbusiness.ch\/#\/schema\/logo\/image\/","url":"https:\/\/www.immobilienbusiness.ch\/wp-content\/uploads\/2021\/07\/logo_ib.png","contentUrl":"https:\/\/www.immobilienbusiness.ch\/wp-content\/uploads\/2021\/07\/logo_ib.png","width":800,"height":181,"caption":"IMMOBILIEN Business"},"image":{"@id":"https:\/\/www.immobilienbusiness.ch\/#\/schema\/logo\/image\/"},"sameAs":["https:\/\/www.facebook.com\/immobilienbusiness\/"]},{"@type":"Person","@id":"https:\/\/www.immobilienbusiness.ch\/#\/schema\/person\/3fc036297b10b9f42d6db5ee932af8c8","name":"anja.hall","image":{"@type":"ImageObject","inLanguage":"fr-FR","@id":"https:\/\/secure.gravatar.com\/avatar\/066b5a0d447013502c71a5782f4f3469f03cfe595cc2329fb94652fe47511bfb?s=96&d=mm&r=g","url":"https:\/\/secure.gravatar.com\/avatar\/066b5a0d447013502c71a5782f4f3469f03cfe595cc2329fb94652fe47511bfb?s=96&d=mm&r=g","contentUrl":"https:\/\/secure.gravatar.com\/avatar\/066b5a0d447013502c71a5782f4f3469f03cfe595cc2329fb94652fe47511bfb?s=96&d=mm&r=g","caption":"anja.hall"},"url":"https:\/\/www.immobilienbusiness.ch\/fr\/author\/anja-hall\/"}]}},"_links":{"self":[{"href":"https:\/\/www.immobilienbusiness.ch\/fr\/wp-json\/wp\/v2\/posts\/43055","targetHints":{"allow":["GET"]}}],"collection":[{"href":"https:\/\/www.immobilienbusiness.ch\/fr\/wp-json\/wp\/v2\/posts"}],"about":[{"href":"https:\/\/www.immobilienbusiness.ch\/fr\/wp-json\/wp\/v2\/types\/post"}],"author":[{"embeddable":true,"href":"https:\/\/www.immobilienbusiness.ch\/fr\/wp-json\/wp\/v2\/users\/3"}],"replies":[{"embeddable":true,"href":"https:\/\/www.immobilienbusiness.ch\/fr\/wp-json\/wp\/v2\/comments?post=43055"}],"version-history":[{"count":1,"href":"https:\/\/www.immobilienbusiness.ch\/fr\/wp-json\/wp\/v2\/posts\/43055\/revisions"}],"predecessor-version":[{"id":43057,"href":"https:\/\/www.immobilienbusiness.ch\/fr\/wp-json\/wp\/v2\/posts\/43055\/revisions\/43057"}],"wp:featuredmedia":[{"embeddable":true,"href":"https:\/\/www.immobilienbusiness.ch\/fr\/wp-json\/wp\/v2\/media\/43056"}],"wp:attachment":[{"href":"https:\/\/www.immobilienbusiness.ch\/fr\/wp-json\/wp\/v2\/media?parent=43055"}],"wp:term":[{"taxonomy":"category","embeddable":true,"href":"https:\/\/www.immobilienbusiness.ch\/fr\/wp-json\/wp\/v2\/categories?post=43055"},{"taxonomy":"post_tag","embeddable":true,"href":"https:\/\/www.immobilienbusiness.ch\/fr\/wp-json\/wp\/v2\/tags?post=43055"}],"curies":[{"name":"wp","href":"https:\/\/api.w.org\/{rel}","templated":true}]}}