{"id":42976,"date":"2022-06-24T08:20:52","date_gmt":"2022-06-24T06:20:52","guid":{"rendered":"https:\/\/www.immobilienbusiness.ch\/?p=42976"},"modified":"2022-06-23T09:23:25","modified_gmt":"2022-06-23T07:23:25","slug":"neuzugang-im-avobis-verwaltungsrat","status":"publish","type":"post","link":"https:\/\/www.immobilienbusiness.ch\/fr\/personalia\/2022-06-24\/neuzugang-im-avobis-verwaltungsrat\/","title":{"rendered":"Un nouveau membre au conseil d'administration d'Avobis"},"content":{"rendered":"<figure id=\"attachment_42977\" aria-describedby=\"caption-attachment-42977\" style=\"width: 720px\" class=\"wp-caption alignnone\"><a href=\"https:\/\/www.immobilienbusiness.ch\/wp-content\/uploads\/2022\/06\/Hansueli_Loosli.jpg\"><img loading=\"lazy\" decoding=\"async\" class=\"size-full wp-image-42977\" src=\"https:\/\/www.immobilienbusiness.ch\/wp-content\/uploads\/2022\/06\/Hansueli_Loosli.jpg\" alt=\"\" width=\"720\" height=\"480\" srcset=\"https:\/\/www.immobilienbusiness.ch\/wp-content\/uploads\/2022\/06\/Hansueli_Loosli.jpg 720w, https:\/\/www.immobilienbusiness.ch\/wp-content\/uploads\/2022\/06\/Hansueli_Loosli-300x200.jpg 300w, https:\/\/www.immobilienbusiness.ch\/wp-content\/uploads\/2022\/06\/Hansueli_Loosli-18x12.jpg 18w, https:\/\/www.immobilienbusiness.ch\/wp-content\/uploads\/2022\/06\/Hansueli_Loosli-263x175.jpg 263w, https:\/\/www.immobilienbusiness.ch\/wp-content\/uploads\/2022\/06\/Hansueli_Loosli-525x350.jpg 525w\" sizes=\"auto, (max-width: 720px) 100vw, 720px\" \/><\/a><figcaption id=\"caption-attachment-42977\" class=\"wp-caption-text\">Hansueli Loosli (source : Avobis Group)<\/figcaption><\/figure>\n<p>Le prestataire de services immobiliers et hypoth\u00e9caires Avobis a recrut\u00e9 Hansueli Loosli pour son conseil d'administration. Loosli a \u00e9t\u00e9 CEO du groupe Coop pendant 15 ans, puis pr\u00e9sident du conseil d'administration pendant dix autres ann\u00e9es. De 2011 \u00e0 2021, il a \u00e9galement pr\u00e9sid\u00e9 le conseil d'administration de Swisscom. Actuellement, Loosli est pr\u00e9sident du conseil d'administration de Transgourmet Holding et de Pilatus Flugzeugwerke. Il a notamment re\u00e7u le prix de l'entrepreneur \"SwissAward\" (2003) et a \u00e9t\u00e9 \u00e9lu \"Entrepreneur suisse de l'ann\u00e9e\" en 2010.<\/p>\n<p>Thomas Abegg, pr\u00e9sident du conseil d'administration du groupe Avobis, explique que M. Loosli apporte une grande exp\u00e9rience strat\u00e9gique et des comp\u00e9tences vari\u00e9es pour positionner une entreprise en fonction de l'avenir et la mener au succ\u00e8s gr\u00e2ce \u00e0 sa force d'innovation et \u00e0 sa pens\u00e9e en r\u00e9seau. Selon lui, l'entrepreneur est un pr\u00e9cieux compl\u00e9ment au comit\u00e9 actuel.<\/p>\n<p>Loosli dit vouloir apporter son exp\u00e9rience notamment dans les domaines de la focalisation sur les clients et le march\u00e9, de l'innovation et de l'approche par plateforme. Au sein du conseil d'administration, il pr\u00e9sidera le comit\u00e9 Clients et march\u00e9 et sera ainsi responsable du traitement strat\u00e9gique du march\u00e9 et du suivi des grands partenariats.<\/p>\n<p>Le conseil d'administration d'Avobis Group est donc d\u00e9sormais compos\u00e9 de Thomas Abegg (pr\u00e9sident), Kurt Birchler, Stefan Gautschi, Hansueli Loosli, Dr Christoph Schmid et Isabelle Welton. <em>(ah)<\/em><\/p>","protected":false},"excerpt":{"rendered":"<p>Hansueli Loosli, ancien CEO et pr\u00e9sident du conseil d'administration du groupe Coop, est le nouveau membre du conseil d'administration du groupe Avobis.<\/p>","protected":false},"author":3,"featured_media":42977,"comment_status":"closed","ping_status":"closed","sticky":false,"template":"","format":"standard","meta":{"_acf_changed":false,"_yoast_wpseo_focuskw":"Avobis","_yoast_wpseo_title":"","_yoast_wpseo_metadesc":"Hansueli Loosli, fr\u00fcherer CEO und VR-Pr\u00e4sident der Coop-Gruppe, ist neues Verwaltungsratsmitglied der Avobis Group.","_yoast_wpseo_linkdex":54,"pgc_sgb_lightbox_settings":"","footnotes":""},"categories":[1912],"tags":[1056,1563,1834],"class_list":["post-42976","post","type-post","status-publish","format-standard","has-post-thumbnail","hentry","category-personalia","tag-avobis","tag-personalia","tag-verwaltungsrat"],"acf":[],"yoast_head":"<!-- This site is optimized with the Yoast SEO plugin v27.4 - https:\/\/yoast.com\/product\/yoast-seo-wordpress\/ -->\n<title>Neuzugang im Avobis-Verwaltungsrat - IMMOBILIEN Business<\/title>\n<meta name=\"description\" content=\"Hansueli Loosli, fr\u00fcherer CEO und VR-Pr\u00e4sident der Coop-Gruppe, ist neues Verwaltungsratsmitglied der Avobis Group.\" \/>\n<meta name=\"robots\" content=\"index, follow, max-snippet:-1, max-image-preview:large, max-video-preview:-1\" \/>\n<link rel=\"canonical\" href=\"https:\/\/www.immobilienbusiness.ch\/fr\/personalia\/2022-06-24\/neuzugang-im-avobis-verwaltungsrat\/\" \/>\n<meta property=\"og:locale\" content=\"fr_FR\" \/>\n<meta property=\"og:type\" content=\"article\" \/>\n<meta property=\"og:title\" content=\"Neuzugang im Avobis-Verwaltungsrat - IMMOBILIEN Business\" \/>\n<meta property=\"og:description\" content=\"Hansueli Loosli, fr\u00fcherer CEO und VR-Pr\u00e4sident der Coop-Gruppe, ist neues Verwaltungsratsmitglied der Avobis Group.\" \/>\n<meta property=\"og:url\" content=\"https:\/\/www.immobilienbusiness.ch\/fr\/personalia\/2022-06-24\/neuzugang-im-avobis-verwaltungsrat\/\" \/>\n<meta property=\"og:site_name\" content=\"IMMOBILIEN Business\" \/>\n<meta property=\"article:publisher\" content=\"https:\/\/www.facebook.com\/immobilienbusiness\/\" \/>\n<meta property=\"article:published_time\" content=\"2022-06-24T06:20:52+00:00\" \/>\n<meta property=\"og:image\" content=\"https:\/\/www.immobilienbusiness.ch\/wp-content\/uploads\/2022\/06\/Hansueli_Loosli.jpg\" \/>\n\t<meta property=\"og:image:width\" content=\"720\" \/>\n\t<meta property=\"og:image:height\" content=\"480\" \/>\n\t<meta property=\"og:image:type\" content=\"image\/jpeg\" \/>\n<meta name=\"author\" content=\"anja.hall\" \/>\n<meta name=\"twitter:card\" content=\"summary_large_image\" \/>\n<meta name=\"twitter:image\" content=\"https:\/\/www.immobilienbusiness.ch\/wp-content\/uploads\/2022\/06\/Hansueli_Loosli.jpg\" \/>\n<script type=\"application\/ld+json\" class=\"yoast-schema-graph\">{\"@context\":\"https:\\\/\\\/schema.org\",\"@graph\":[{\"@type\":\"Article\",\"@id\":\"https:\\\/\\\/www.immobilienbusiness.ch\\\/personalia\\\/2022-06-24\\\/neuzugang-im-avobis-verwaltungsrat\\\/#article\",\"isPartOf\":{\"@id\":\"https:\\\/\\\/www.immobilienbusiness.ch\\\/personalia\\\/2022-06-24\\\/neuzugang-im-avobis-verwaltungsrat\\\/\"},\"author\":{\"name\":\"anja.hall\",\"@id\":\"https:\\\/\\\/www.immobilienbusiness.ch\\\/#\\\/schema\\\/person\\\/3fc036297b10b9f42d6db5ee932af8c8\"},\"headline\":\"Neuzugang im Avobis-Verwaltungsrat\",\"datePublished\":\"2022-06-24T06:20:52+00:00\",\"mainEntityOfPage\":{\"@id\":\"https:\\\/\\\/www.immobilienbusiness.ch\\\/personalia\\\/2022-06-24\\\/neuzugang-im-avobis-verwaltungsrat\\\/\"},\"wordCount\":198,\"publisher\":{\"@id\":\"https:\\\/\\\/www.immobilienbusiness.ch\\\/#organization\"},\"image\":{\"@id\":\"https:\\\/\\\/www.immobilienbusiness.ch\\\/personalia\\\/2022-06-24\\\/neuzugang-im-avobis-verwaltungsrat\\\/#primaryimage\"},\"thumbnailUrl\":\"https:\\\/\\\/www.immobilienbusiness.ch\\\/wp-content\\\/uploads\\\/2022\\\/06\\\/Hansueli_Loosli.jpg\",\"keywords\":[\"Avobis\",\"Personalia\",\"Verwaltungsrat\"],\"articleSection\":[\"PERSONALIA\"],\"inLanguage\":\"fr-FR\"},{\"@type\":\"WebPage\",\"@id\":\"https:\\\/\\\/www.immobilienbusiness.ch\\\/personalia\\\/2022-06-24\\\/neuzugang-im-avobis-verwaltungsrat\\\/\",\"url\":\"https:\\\/\\\/www.immobilienbusiness.ch\\\/personalia\\\/2022-06-24\\\/neuzugang-im-avobis-verwaltungsrat\\\/\",\"name\":\"Neuzugang im Avobis-Verwaltungsrat - IMMOBILIEN Business\",\"isPartOf\":{\"@id\":\"https:\\\/\\\/www.immobilienbusiness.ch\\\/#website\"},\"primaryImageOfPage\":{\"@id\":\"https:\\\/\\\/www.immobilienbusiness.ch\\\/personalia\\\/2022-06-24\\\/neuzugang-im-avobis-verwaltungsrat\\\/#primaryimage\"},\"image\":{\"@id\":\"https:\\\/\\\/www.immobilienbusiness.ch\\\/personalia\\\/2022-06-24\\\/neuzugang-im-avobis-verwaltungsrat\\\/#primaryimage\"},\"thumbnailUrl\":\"https:\\\/\\\/www.immobilienbusiness.ch\\\/wp-content\\\/uploads\\\/2022\\\/06\\\/Hansueli_Loosli.jpg\",\"datePublished\":\"2022-06-24T06:20:52+00:00\",\"description\":\"Hansueli Loosli, fr\u00fcherer CEO und VR-Pr\u00e4sident der Coop-Gruppe, ist neues Verwaltungsratsmitglied der Avobis Group.\",\"breadcrumb\":{\"@id\":\"https:\\\/\\\/www.immobilienbusiness.ch\\\/personalia\\\/2022-06-24\\\/neuzugang-im-avobis-verwaltungsrat\\\/#breadcrumb\"},\"inLanguage\":\"fr-FR\",\"potentialAction\":[{\"@type\":\"ReadAction\",\"target\":[\"https:\\\/\\\/www.immobilienbusiness.ch\\\/personalia\\\/2022-06-24\\\/neuzugang-im-avobis-verwaltungsrat\\\/\"]}]},{\"@type\":\"ImageObject\",\"inLanguage\":\"fr-FR\",\"@id\":\"https:\\\/\\\/www.immobilienbusiness.ch\\\/personalia\\\/2022-06-24\\\/neuzugang-im-avobis-verwaltungsrat\\\/#primaryimage\",\"url\":\"https:\\\/\\\/www.immobilienbusiness.ch\\\/wp-content\\\/uploads\\\/2022\\\/06\\\/Hansueli_Loosli.jpg\",\"contentUrl\":\"https:\\\/\\\/www.immobilienbusiness.ch\\\/wp-content\\\/uploads\\\/2022\\\/06\\\/Hansueli_Loosli.jpg\",\"width\":720,\"height\":480,\"caption\":\"Hansueli Loosli (Quelle: Avobis Group)\"},{\"@type\":\"BreadcrumbList\",\"@id\":\"https:\\\/\\\/www.immobilienbusiness.ch\\\/personalia\\\/2022-06-24\\\/neuzugang-im-avobis-verwaltungsrat\\\/#breadcrumb\",\"itemListElement\":[{\"@type\":\"ListItem\",\"position\":1,\"name\":\"Home\",\"item\":\"https:\\\/\\\/www.immobilienbusiness.ch\\\/\"},{\"@type\":\"ListItem\",\"position\":2,\"name\":\"Neuzugang im Avobis-Verwaltungsrat\"}]},{\"@type\":\"WebSite\",\"@id\":\"https:\\\/\\\/www.immobilienbusiness.ch\\\/#website\",\"url\":\"https:\\\/\\\/www.immobilienbusiness.ch\\\/\",\"name\":\"IMMOBILIEN Business\",\"description\":\"Unabh\u00e4ngiges Schweizer Wirtschaftsmagazin mit Fokus auf Immobilien, Architektur- und Bau sowie Investment- und Finanzierung.\",\"publisher\":{\"@id\":\"https:\\\/\\\/www.immobilienbusiness.ch\\\/#organization\"},\"potentialAction\":[{\"@type\":\"SearchAction\",\"target\":{\"@type\":\"EntryPoint\",\"urlTemplate\":\"https:\\\/\\\/www.immobilienbusiness.ch\\\/?s={search_term_string}\"},\"query-input\":{\"@type\":\"PropertyValueSpecification\",\"valueRequired\":true,\"valueName\":\"search_term_string\"}}],\"inLanguage\":\"fr-FR\"},{\"@type\":\"Organization\",\"@id\":\"https:\\\/\\\/www.immobilienbusiness.ch\\\/#organization\",\"name\":\"IMMOBILIEN Business\",\"url\":\"https:\\\/\\\/www.immobilienbusiness.ch\\\/\",\"logo\":{\"@type\":\"ImageObject\",\"inLanguage\":\"fr-FR\",\"@id\":\"https:\\\/\\\/www.immobilienbusiness.ch\\\/#\\\/schema\\\/logo\\\/image\\\/\",\"url\":\"https:\\\/\\\/www.immobilienbusiness.ch\\\/wp-content\\\/uploads\\\/2021\\\/07\\\/logo_ib.png\",\"contentUrl\":\"https:\\\/\\\/www.immobilienbusiness.ch\\\/wp-content\\\/uploads\\\/2021\\\/07\\\/logo_ib.png\",\"width\":800,\"height\":181,\"caption\":\"IMMOBILIEN Business\"},\"image\":{\"@id\":\"https:\\\/\\\/www.immobilienbusiness.ch\\\/#\\\/schema\\\/logo\\\/image\\\/\"},\"sameAs\":[\"https:\\\/\\\/www.facebook.com\\\/immobilienbusiness\\\/\"]},{\"@type\":\"Person\",\"@id\":\"https:\\\/\\\/www.immobilienbusiness.ch\\\/#\\\/schema\\\/person\\\/3fc036297b10b9f42d6db5ee932af8c8\",\"name\":\"anja.hall\",\"image\":{\"@type\":\"ImageObject\",\"inLanguage\":\"fr-FR\",\"@id\":\"https:\\\/\\\/secure.gravatar.com\\\/avatar\\\/066b5a0d447013502c71a5782f4f3469f03cfe595cc2329fb94652fe47511bfb?s=96&d=mm&r=g\",\"url\":\"https:\\\/\\\/secure.gravatar.com\\\/avatar\\\/066b5a0d447013502c71a5782f4f3469f03cfe595cc2329fb94652fe47511bfb?s=96&d=mm&r=g\",\"contentUrl\":\"https:\\\/\\\/secure.gravatar.com\\\/avatar\\\/066b5a0d447013502c71a5782f4f3469f03cfe595cc2329fb94652fe47511bfb?s=96&d=mm&r=g\",\"caption\":\"anja.hall\"},\"url\":\"https:\\\/\\\/www.immobilienbusiness.ch\\\/fr\\\/author\\\/anja-hall\\\/\"}]}<\/script>\n<!-- \/ Yoast SEO plugin. -->","yoast_head_json":{"title":"Neuzugang im Avobis-Verwaltungsrat - IMMOBILIEN Business","description":"Hansueli Loosli, ancien CEO et pr\u00e9sident du conseil d'administration du groupe Coop, est le nouveau membre du conseil d'administration du groupe Avobis.","robots":{"index":"index","follow":"follow","max-snippet":"max-snippet:-1","max-image-preview":"max-image-preview:large","max-video-preview":"max-video-preview:-1"},"canonical":"https:\/\/www.immobilienbusiness.ch\/fr\/personalia\/2022-06-24\/neuzugang-im-avobis-verwaltungsrat\/","og_locale":"fr_FR","og_type":"article","og_title":"Neuzugang im Avobis-Verwaltungsrat - IMMOBILIEN Business","og_description":"Hansueli Loosli, fr\u00fcherer CEO und VR-Pr\u00e4sident der Coop-Gruppe, ist neues Verwaltungsratsmitglied der Avobis Group.","og_url":"https:\/\/www.immobilienbusiness.ch\/fr\/personalia\/2022-06-24\/neuzugang-im-avobis-verwaltungsrat\/","og_site_name":"IMMOBILIEN Business","article_publisher":"https:\/\/www.facebook.com\/immobilienbusiness\/","article_published_time":"2022-06-24T06:20:52+00:00","og_image":[{"width":720,"height":480,"url":"https:\/\/www.immobilienbusiness.ch\/wp-content\/uploads\/2022\/06\/Hansueli_Loosli.jpg","type":"image\/jpeg"}],"author":"anja.hall","twitter_card":"summary_large_image","twitter_image":"https:\/\/www.immobilienbusiness.ch\/wp-content\/uploads\/2022\/06\/Hansueli_Loosli.jpg","schema":{"@context":"https:\/\/schema.org","@graph":[{"@type":"Article","@id":"https:\/\/www.immobilienbusiness.ch\/personalia\/2022-06-24\/neuzugang-im-avobis-verwaltungsrat\/#article","isPartOf":{"@id":"https:\/\/www.immobilienbusiness.ch\/personalia\/2022-06-24\/neuzugang-im-avobis-verwaltungsrat\/"},"author":{"name":"anja.hall","@id":"https:\/\/www.immobilienbusiness.ch\/#\/schema\/person\/3fc036297b10b9f42d6db5ee932af8c8"},"headline":"Neuzugang im Avobis-Verwaltungsrat","datePublished":"2022-06-24T06:20:52+00:00","mainEntityOfPage":{"@id":"https:\/\/www.immobilienbusiness.ch\/personalia\/2022-06-24\/neuzugang-im-avobis-verwaltungsrat\/"},"wordCount":198,"publisher":{"@id":"https:\/\/www.immobilienbusiness.ch\/#organization"},"image":{"@id":"https:\/\/www.immobilienbusiness.ch\/personalia\/2022-06-24\/neuzugang-im-avobis-verwaltungsrat\/#primaryimage"},"thumbnailUrl":"https:\/\/www.immobilienbusiness.ch\/wp-content\/uploads\/2022\/06\/Hansueli_Loosli.jpg","keywords":["Avobis","Personalia","Verwaltungsrat"],"articleSection":["PERSONALIA"],"inLanguage":"fr-FR"},{"@type":"WebPage","@id":"https:\/\/www.immobilienbusiness.ch\/personalia\/2022-06-24\/neuzugang-im-avobis-verwaltungsrat\/","url":"https:\/\/www.immobilienbusiness.ch\/personalia\/2022-06-24\/neuzugang-im-avobis-verwaltungsrat\/","name":"Neuzugang im Avobis-Verwaltungsrat - IMMOBILIEN Business","isPartOf":{"@id":"https:\/\/www.immobilienbusiness.ch\/#website"},"primaryImageOfPage":{"@id":"https:\/\/www.immobilienbusiness.ch\/personalia\/2022-06-24\/neuzugang-im-avobis-verwaltungsrat\/#primaryimage"},"image":{"@id":"https:\/\/www.immobilienbusiness.ch\/personalia\/2022-06-24\/neuzugang-im-avobis-verwaltungsrat\/#primaryimage"},"thumbnailUrl":"https:\/\/www.immobilienbusiness.ch\/wp-content\/uploads\/2022\/06\/Hansueli_Loosli.jpg","datePublished":"2022-06-24T06:20:52+00:00","description":"Hansueli Loosli, ancien CEO et pr\u00e9sident du conseil d'administration du groupe Coop, est le nouveau membre du conseil d'administration du groupe Avobis.","breadcrumb":{"@id":"https:\/\/www.immobilienbusiness.ch\/personalia\/2022-06-24\/neuzugang-im-avobis-verwaltungsrat\/#breadcrumb"},"inLanguage":"fr-FR","potentialAction":[{"@type":"ReadAction","target":["https:\/\/www.immobilienbusiness.ch\/personalia\/2022-06-24\/neuzugang-im-avobis-verwaltungsrat\/"]}]},{"@type":"ImageObject","inLanguage":"fr-FR","@id":"https:\/\/www.immobilienbusiness.ch\/personalia\/2022-06-24\/neuzugang-im-avobis-verwaltungsrat\/#primaryimage","url":"https:\/\/www.immobilienbusiness.ch\/wp-content\/uploads\/2022\/06\/Hansueli_Loosli.jpg","contentUrl":"https:\/\/www.immobilienbusiness.ch\/wp-content\/uploads\/2022\/06\/Hansueli_Loosli.jpg","width":720,"height":480,"caption":"Hansueli Loosli (Quelle: Avobis Group)"},{"@type":"BreadcrumbList","@id":"https:\/\/www.immobilienbusiness.ch\/personalia\/2022-06-24\/neuzugang-im-avobis-verwaltungsrat\/#breadcrumb","itemListElement":[{"@type":"ListItem","position":1,"name":"Home","item":"https:\/\/www.immobilienbusiness.ch\/"},{"@type":"ListItem","position":2,"name":"Neuzugang im Avobis-Verwaltungsrat"}]},{"@type":"WebSite","@id":"https:\/\/www.immobilienbusiness.ch\/#website","url":"https:\/\/www.immobilienbusiness.ch\/","name":"IMMOBILIER Business","description":"Magazine \u00e9conomique suisse ind\u00e9pendant ax\u00e9 sur l'immobilier, l'architecture et la construction ainsi que sur les investissements et le financement.","publisher":{"@id":"https:\/\/www.immobilienbusiness.ch\/#organization"},"potentialAction":[{"@type":"SearchAction","target":{"@type":"EntryPoint","urlTemplate":"https:\/\/www.immobilienbusiness.ch\/?s={search_term_string}"},"query-input":{"@type":"PropertyValueSpecification","valueRequired":true,"valueName":"search_term_string"}}],"inLanguage":"fr-FR"},{"@type":"Organization","@id":"https:\/\/www.immobilienbusiness.ch\/#organization","name":"IMMOBILIER Business","url":"https:\/\/www.immobilienbusiness.ch\/","logo":{"@type":"ImageObject","inLanguage":"fr-FR","@id":"https:\/\/www.immobilienbusiness.ch\/#\/schema\/logo\/image\/","url":"https:\/\/www.immobilienbusiness.ch\/wp-content\/uploads\/2021\/07\/logo_ib.png","contentUrl":"https:\/\/www.immobilienbusiness.ch\/wp-content\/uploads\/2021\/07\/logo_ib.png","width":800,"height":181,"caption":"IMMOBILIEN Business"},"image":{"@id":"https:\/\/www.immobilienbusiness.ch\/#\/schema\/logo\/image\/"},"sameAs":["https:\/\/www.facebook.com\/immobilienbusiness\/"]},{"@type":"Person","@id":"https:\/\/www.immobilienbusiness.ch\/#\/schema\/person\/3fc036297b10b9f42d6db5ee932af8c8","name":"anja.hall","image":{"@type":"ImageObject","inLanguage":"fr-FR","@id":"https:\/\/secure.gravatar.com\/avatar\/066b5a0d447013502c71a5782f4f3469f03cfe595cc2329fb94652fe47511bfb?s=96&d=mm&r=g","url":"https:\/\/secure.gravatar.com\/avatar\/066b5a0d447013502c71a5782f4f3469f03cfe595cc2329fb94652fe47511bfb?s=96&d=mm&r=g","contentUrl":"https:\/\/secure.gravatar.com\/avatar\/066b5a0d447013502c71a5782f4f3469f03cfe595cc2329fb94652fe47511bfb?s=96&d=mm&r=g","caption":"anja.hall"},"url":"https:\/\/www.immobilienbusiness.ch\/fr\/author\/anja-hall\/"}]}},"_links":{"self":[{"href":"https:\/\/www.immobilienbusiness.ch\/fr\/wp-json\/wp\/v2\/posts\/42976","targetHints":{"allow":["GET"]}}],"collection":[{"href":"https:\/\/www.immobilienbusiness.ch\/fr\/wp-json\/wp\/v2\/posts"}],"about":[{"href":"https:\/\/www.immobilienbusiness.ch\/fr\/wp-json\/wp\/v2\/types\/post"}],"author":[{"embeddable":true,"href":"https:\/\/www.immobilienbusiness.ch\/fr\/wp-json\/wp\/v2\/users\/3"}],"replies":[{"embeddable":true,"href":"https:\/\/www.immobilienbusiness.ch\/fr\/wp-json\/wp\/v2\/comments?post=42976"}],"version-history":[{"count":1,"href":"https:\/\/www.immobilienbusiness.ch\/fr\/wp-json\/wp\/v2\/posts\/42976\/revisions"}],"predecessor-version":[{"id":42978,"href":"https:\/\/www.immobilienbusiness.ch\/fr\/wp-json\/wp\/v2\/posts\/42976\/revisions\/42978"}],"wp:featuredmedia":[{"embeddable":true,"href":"https:\/\/www.immobilienbusiness.ch\/fr\/wp-json\/wp\/v2\/media\/42977"}],"wp:attachment":[{"href":"https:\/\/www.immobilienbusiness.ch\/fr\/wp-json\/wp\/v2\/media?parent=42976"}],"wp:term":[{"taxonomy":"category","embeddable":true,"href":"https:\/\/www.immobilienbusiness.ch\/fr\/wp-json\/wp\/v2\/categories?post=42976"},{"taxonomy":"post_tag","embeddable":true,"href":"https:\/\/www.immobilienbusiness.ch\/fr\/wp-json\/wp\/v2\/tags?post=42976"}],"curies":[{"name":"wp","href":"https:\/\/api.w.org\/{rel}","templated":true}]}}