{"id":42908,"date":"2022-06-15T08:10:33","date_gmt":"2022-06-15T06:10:33","guid":{"rendered":"https:\/\/www.immobilienbusiness.ch\/?p=42908"},"modified":"2022-06-15T08:10:33","modified_gmt":"2022-06-15T06:10:33","slug":"hiag-plant-wohnhochhaus-in-zuerich-altstetten","status":"publish","type":"post","link":"https:\/\/www.immobilienbusiness.ch\/fr\/regionen\/2022-06-15\/hiag-plant-wohnhochhaus-in-zuerich-altstetten\/","title":{"rendered":"Hiag pr\u00e9voit une tour d'habitation \u00e0 Zurich-Altstetten"},"content":{"rendered":"<figure id=\"attachment_42909\" aria-describedby=\"caption-attachment-42909\" style=\"width: 1000px\" class=\"wp-caption alignnone\"><a href=\"https:\/\/www.immobilienbusiness.ch\/wp-content\/uploads\/2022\/06\/hiag.jpg\"><img loading=\"lazy\" decoding=\"async\" class=\"size-full wp-image-42909\" src=\"https:\/\/www.immobilienbusiness.ch\/wp-content\/uploads\/2022\/06\/hiag.jpg\" alt=\"\" width=\"1000\" height=\"667\" srcset=\"https:\/\/www.immobilienbusiness.ch\/wp-content\/uploads\/2022\/06\/hiag.jpg 1000w, https:\/\/www.immobilienbusiness.ch\/wp-content\/uploads\/2022\/06\/hiag-300x200.jpg 300w, https:\/\/www.immobilienbusiness.ch\/wp-content\/uploads\/2022\/06\/hiag-768x512.jpg 768w, https:\/\/www.immobilienbusiness.ch\/wp-content\/uploads\/2022\/06\/hiag-18x12.jpg 18w, https:\/\/www.immobilienbusiness.ch\/wp-content\/uploads\/2022\/06\/hiag-262x175.jpg 262w, https:\/\/www.immobilienbusiness.ch\/wp-content\/uploads\/2022\/06\/hiag-525x350.jpg 525w, https:\/\/www.immobilienbusiness.ch\/wp-content\/uploads\/2022\/06\/hiag-920x614.jpg 920w\" sizes=\"auto, (max-width: 1000px) 100vw, 1000px\" \/><\/a><figcaption id=\"caption-attachment-42909\" class=\"wp-caption-text\">Visualisation du lotissement pr\u00e9vu \u00e0 Zurich-Altstetten (source : Hiag)<\/figcaption><\/figure>\n<p>Au croisement de la Basler-\/Freihofstrasse \u00e0 Zurich-Altstetten, Hiag veut r\u00e9aliser un projet inhabituel : Selon les plans de Pool Architekten, un immeuble d'habitation de 80 m\u00e8tres de haut doit \u00eatre construit sur l'ancien garage Fiat de l'entreprise Binelli.<\/p>\n<p>Selon le projet, une loggia urbaine avec des usages publics est pr\u00e9vue sous la structure filigrane en b\u00e9ton de l'ancienne salle d'exposition et de montage du garage. Cette loggia sera surmont\u00e9e d'une tour d'habitation de 25 \u00e9tages.<\/p>\n<p>L'entr\u00e9e principale de la tour - avec une arcade \u00e0 deux \u00e9tages - se trouvera sur la Freihofstrasse. Au rez-de-chauss\u00e9e, des espaces sont pr\u00e9vus pour les commerces et les services. Le premier \u00e9tage sera r\u00e9serv\u00e9 aux habitants ; une salle commune, un jardin sur le toit et des ateliers y sont pr\u00e9vus. Les 25 \u00e9tages sup\u00e9rieurs accueilleront un peu plus de 150 appartements.<\/p>\n<p>La Shedhalle, situ\u00e9e juste \u00e0 c\u00f4t\u00e9 de la tour, devrait accueillir un grand distributeur ainsi que d'autres magasins, des services ou de la restauration. <em>(ah)<\/em><\/p>","protected":false},"excerpt":{"rendered":"<p>Hiag a pr\u00e9sent\u00e9 publiquement des plans pour le d\u00e9veloppement d'un site \u00e0 Zurich-Alstetten. La soci\u00e9t\u00e9 immobili\u00e8re veut construire un immeuble de 150 appartements.<\/p>","protected":false},"author":3,"featured_media":42909,"comment_status":"closed","ping_status":"closed","sticky":false,"template":"","format":"standard","meta":{"_acf_changed":false,"_yoast_wpseo_focuskw":"Altstetten","_yoast_wpseo_title":"","_yoast_wpseo_metadesc":"Hiag hat Pl\u00e4ne f\u00fcr eine Arealentwicklung in Z\u00fcrich-Alstetten vorgestellt. Die Immobiliengesellschaft will ein Hochhaus mit 150 Wohnungen erstellen.","_yoast_wpseo_linkdex":48,"pgc_sgb_lightbox_settings":"","footnotes":""},"categories":[985],"tags":[1304,1600,1863,1888],"class_list":["post-42908","post","type-post","status-publish","format-standard","has-post-thumbnail","hentry","category-regionen","tag-hiag","tag-projekt-in-planung","tag-wohnimmobilien","tag-zuerich"],"acf":[],"yoast_head":"<!-- This site is optimized with the Yoast SEO plugin v27.5 - https:\/\/yoast.com\/product\/yoast-seo-wordpress\/ -->\n<title>Hiag plant Wohnhochhaus in Z\u00fcrich-Altstetten - IMMOBILIEN Business<\/title>\n<meta name=\"description\" content=\"Hiag hat Pl\u00e4ne f\u00fcr eine Arealentwicklung in Z\u00fcrich-Alstetten vorgestellt. Die Immobiliengesellschaft will ein Hochhaus mit 150 Wohnungen erstellen.\" \/>\n<meta name=\"robots\" content=\"index, follow, max-snippet:-1, max-image-preview:large, max-video-preview:-1\" \/>\n<link rel=\"canonical\" href=\"https:\/\/www.immobilienbusiness.ch\/fr\/regionen\/2022-06-15\/hiag-plant-wohnhochhaus-in-zuerich-altstetten\/\" \/>\n<meta property=\"og:locale\" content=\"fr_FR\" \/>\n<meta property=\"og:type\" content=\"article\" \/>\n<meta property=\"og:title\" content=\"Hiag plant Wohnhochhaus in Z\u00fcrich-Altstetten - IMMOBILIEN Business\" \/>\n<meta property=\"og:description\" content=\"Hiag hat Pl\u00e4ne f\u00fcr eine Arealentwicklung in Z\u00fcrich-Alstetten vorgestellt. Die Immobiliengesellschaft will ein Hochhaus mit 150 Wohnungen erstellen.\" \/>\n<meta property=\"og:url\" content=\"https:\/\/www.immobilienbusiness.ch\/fr\/regionen\/2022-06-15\/hiag-plant-wohnhochhaus-in-zuerich-altstetten\/\" \/>\n<meta property=\"og:site_name\" content=\"IMMOBILIEN Business\" \/>\n<meta property=\"article:publisher\" content=\"https:\/\/www.facebook.com\/immobilienbusiness\/\" \/>\n<meta property=\"article:published_time\" content=\"2022-06-15T06:10:33+00:00\" \/>\n<meta property=\"og:image\" content=\"https:\/\/www.immobilienbusiness.ch\/wp-content\/uploads\/2022\/06\/hiag.jpg\" \/>\n\t<meta property=\"og:image:width\" content=\"1000\" \/>\n\t<meta property=\"og:image:height\" content=\"667\" \/>\n\t<meta property=\"og:image:type\" content=\"image\/jpeg\" \/>\n<meta name=\"author\" content=\"anja.hall\" \/>\n<meta name=\"twitter:card\" content=\"summary_large_image\" \/>\n<meta name=\"twitter:image\" content=\"https:\/\/www.immobilienbusiness.ch\/wp-content\/uploads\/2022\/06\/hiag.jpg\" \/>\n<script type=\"application\/ld+json\" class=\"yoast-schema-graph\">{\"@context\":\"https:\\\/\\\/schema.org\",\"@graph\":[{\"@type\":\"Article\",\"@id\":\"https:\\\/\\\/www.immobilienbusiness.ch\\\/de\\\/regionen\\\/2022-06-15\\\/hiag-plant-wohnhochhaus-in-zuerich-altstetten\\\/#article\",\"isPartOf\":{\"@id\":\"https:\\\/\\\/www.immobilienbusiness.ch\\\/de\\\/regionen\\\/2022-06-15\\\/hiag-plant-wohnhochhaus-in-zuerich-altstetten\\\/\"},\"author\":{\"name\":\"anja.hall\",\"@id\":\"https:\\\/\\\/www.immobilienbusiness.ch\\\/#\\\/schema\\\/person\\\/3fc036297b10b9f42d6db5ee932af8c8\"},\"headline\":\"Hiag plant Wohnhochhaus in Z\u00fcrich-Altstetten\",\"datePublished\":\"2022-06-15T06:10:33+00:00\",\"mainEntityOfPage\":{\"@id\":\"https:\\\/\\\/www.immobilienbusiness.ch\\\/de\\\/regionen\\\/2022-06-15\\\/hiag-plant-wohnhochhaus-in-zuerich-altstetten\\\/\"},\"wordCount\":159,\"publisher\":{\"@id\":\"https:\\\/\\\/www.immobilienbusiness.ch\\\/#organization\"},\"image\":{\"@id\":\"https:\\\/\\\/www.immobilienbusiness.ch\\\/de\\\/regionen\\\/2022-06-15\\\/hiag-plant-wohnhochhaus-in-zuerich-altstetten\\\/#primaryimage\"},\"thumbnailUrl\":\"https:\\\/\\\/www.immobilienbusiness.ch\\\/wp-content\\\/uploads\\\/2022\\\/06\\\/hiag.jpg\",\"keywords\":[\"Hiag\",\"Projekt in Planung\",\"Wohnimmobilien\",\"Z\u00fcrich\"],\"articleSection\":[\"REGIONEN\"],\"inLanguage\":\"fr-FR\"},{\"@type\":\"WebPage\",\"@id\":\"https:\\\/\\\/www.immobilienbusiness.ch\\\/de\\\/regionen\\\/2022-06-15\\\/hiag-plant-wohnhochhaus-in-zuerich-altstetten\\\/\",\"url\":\"https:\\\/\\\/www.immobilienbusiness.ch\\\/de\\\/regionen\\\/2022-06-15\\\/hiag-plant-wohnhochhaus-in-zuerich-altstetten\\\/\",\"name\":\"Hiag plant Wohnhochhaus in Z\u00fcrich-Altstetten - IMMOBILIEN Business\",\"isPartOf\":{\"@id\":\"https:\\\/\\\/www.immobilienbusiness.ch\\\/#website\"},\"primaryImageOfPage\":{\"@id\":\"https:\\\/\\\/www.immobilienbusiness.ch\\\/de\\\/regionen\\\/2022-06-15\\\/hiag-plant-wohnhochhaus-in-zuerich-altstetten\\\/#primaryimage\"},\"image\":{\"@id\":\"https:\\\/\\\/www.immobilienbusiness.ch\\\/de\\\/regionen\\\/2022-06-15\\\/hiag-plant-wohnhochhaus-in-zuerich-altstetten\\\/#primaryimage\"},\"thumbnailUrl\":\"https:\\\/\\\/www.immobilienbusiness.ch\\\/wp-content\\\/uploads\\\/2022\\\/06\\\/hiag.jpg\",\"datePublished\":\"2022-06-15T06:10:33+00:00\",\"description\":\"Hiag hat Pl\u00e4ne f\u00fcr eine Arealentwicklung in Z\u00fcrich-Alstetten vorgestellt. Die Immobiliengesellschaft will ein Hochhaus mit 150 Wohnungen erstellen.\",\"breadcrumb\":{\"@id\":\"https:\\\/\\\/www.immobilienbusiness.ch\\\/de\\\/regionen\\\/2022-06-15\\\/hiag-plant-wohnhochhaus-in-zuerich-altstetten\\\/#breadcrumb\"},\"inLanguage\":\"fr-FR\",\"potentialAction\":[{\"@type\":\"ReadAction\",\"target\":[\"https:\\\/\\\/www.immobilienbusiness.ch\\\/de\\\/regionen\\\/2022-06-15\\\/hiag-plant-wohnhochhaus-in-zuerich-altstetten\\\/\"]}]},{\"@type\":\"ImageObject\",\"inLanguage\":\"fr-FR\",\"@id\":\"https:\\\/\\\/www.immobilienbusiness.ch\\\/de\\\/regionen\\\/2022-06-15\\\/hiag-plant-wohnhochhaus-in-zuerich-altstetten\\\/#primaryimage\",\"url\":\"https:\\\/\\\/www.immobilienbusiness.ch\\\/wp-content\\\/uploads\\\/2022\\\/06\\\/hiag.jpg\",\"contentUrl\":\"https:\\\/\\\/www.immobilienbusiness.ch\\\/wp-content\\\/uploads\\\/2022\\\/06\\\/hiag.jpg\",\"width\":1000,\"height\":667,\"caption\":\"Das Wohnhochhaus \u00abAlto\u00bb in Z\u00fcrich-Altstetten ist eines der grossen laufenden Projekte (Bild: \u00a9 Hiag)\"},{\"@type\":\"BreadcrumbList\",\"@id\":\"https:\\\/\\\/www.immobilienbusiness.ch\\\/de\\\/regionen\\\/2022-06-15\\\/hiag-plant-wohnhochhaus-in-zuerich-altstetten\\\/#breadcrumb\",\"itemListElement\":[{\"@type\":\"ListItem\",\"position\":1,\"name\":\"Home\",\"item\":\"https:\\\/\\\/www.immobilienbusiness.ch\\\/\"},{\"@type\":\"ListItem\",\"position\":2,\"name\":\"Hiag plant Wohnhochhaus in Z\u00fcrich-Altstetten\"}]},{\"@type\":\"WebSite\",\"@id\":\"https:\\\/\\\/www.immobilienbusiness.ch\\\/#website\",\"url\":\"https:\\\/\\\/www.immobilienbusiness.ch\\\/\",\"name\":\"IMMOBILIEN Business\",\"description\":\"Unabh\u00e4ngiges Schweizer Wirtschaftsmagazin mit Fokus auf Immobilien, Architektur- und Bau sowie Investment- und Finanzierung.\",\"publisher\":{\"@id\":\"https:\\\/\\\/www.immobilienbusiness.ch\\\/#organization\"},\"potentialAction\":[{\"@type\":\"SearchAction\",\"target\":{\"@type\":\"EntryPoint\",\"urlTemplate\":\"https:\\\/\\\/www.immobilienbusiness.ch\\\/?s={search_term_string}\"},\"query-input\":{\"@type\":\"PropertyValueSpecification\",\"valueRequired\":true,\"valueName\":\"search_term_string\"}}],\"inLanguage\":\"fr-FR\"},{\"@type\":\"Organization\",\"@id\":\"https:\\\/\\\/www.immobilienbusiness.ch\\\/#organization\",\"name\":\"IMMOBILIEN Business\",\"url\":\"https:\\\/\\\/www.immobilienbusiness.ch\\\/\",\"logo\":{\"@type\":\"ImageObject\",\"inLanguage\":\"fr-FR\",\"@id\":\"https:\\\/\\\/www.immobilienbusiness.ch\\\/#\\\/schema\\\/logo\\\/image\\\/\",\"url\":\"https:\\\/\\\/www.immobilienbusiness.ch\\\/wp-content\\\/uploads\\\/2021\\\/07\\\/logo_ib.png\",\"contentUrl\":\"https:\\\/\\\/www.immobilienbusiness.ch\\\/wp-content\\\/uploads\\\/2021\\\/07\\\/logo_ib.png\",\"width\":800,\"height\":181,\"caption\":\"IMMOBILIEN Business\"},\"image\":{\"@id\":\"https:\\\/\\\/www.immobilienbusiness.ch\\\/#\\\/schema\\\/logo\\\/image\\\/\"},\"sameAs\":[\"https:\\\/\\\/www.facebook.com\\\/immobilienbusiness\\\/\"]},{\"@type\":\"Person\",\"@id\":\"https:\\\/\\\/www.immobilienbusiness.ch\\\/#\\\/schema\\\/person\\\/3fc036297b10b9f42d6db5ee932af8c8\",\"name\":\"anja.hall\",\"image\":{\"@type\":\"ImageObject\",\"inLanguage\":\"fr-FR\",\"@id\":\"https:\\\/\\\/secure.gravatar.com\\\/avatar\\\/066b5a0d447013502c71a5782f4f3469f03cfe595cc2329fb94652fe47511bfb?s=96&d=mm&r=g\",\"url\":\"https:\\\/\\\/secure.gravatar.com\\\/avatar\\\/066b5a0d447013502c71a5782f4f3469f03cfe595cc2329fb94652fe47511bfb?s=96&d=mm&r=g\",\"contentUrl\":\"https:\\\/\\\/secure.gravatar.com\\\/avatar\\\/066b5a0d447013502c71a5782f4f3469f03cfe595cc2329fb94652fe47511bfb?s=96&d=mm&r=g\",\"caption\":\"anja.hall\"},\"url\":\"https:\\\/\\\/www.immobilienbusiness.ch\\\/fr\\\/author\\\/anja-hall\\\/\"}]}<\/script>\n<!-- \/ Yoast SEO plugin. -->","yoast_head_json":{"title":"Hiag plant Wohnhochhaus in Z\u00fcrich-Altstetten - IMMOBILIEN Business","description":"Hiag hat Pl\u00e4ne f\u00fcr eine Arealentwicklung in Z\u00fcrich-Alstetten vorgestellt. Die Immobiliengesellschaft will ein Hochhaus mit 150 Wohnungen erstellen.","robots":{"index":"index","follow":"follow","max-snippet":"max-snippet:-1","max-image-preview":"max-image-preview:large","max-video-preview":"max-video-preview:-1"},"canonical":"https:\/\/www.immobilienbusiness.ch\/fr\/regionen\/2022-06-15\/hiag-plant-wohnhochhaus-in-zuerich-altstetten\/","og_locale":"fr_FR","og_type":"article","og_title":"Hiag plant Wohnhochhaus in Z\u00fcrich-Altstetten - IMMOBILIEN Business","og_description":"Hiag hat Pl\u00e4ne f\u00fcr eine Arealentwicklung in Z\u00fcrich-Alstetten vorgestellt. Die Immobiliengesellschaft will ein Hochhaus mit 150 Wohnungen erstellen.","og_url":"https:\/\/www.immobilienbusiness.ch\/fr\/regionen\/2022-06-15\/hiag-plant-wohnhochhaus-in-zuerich-altstetten\/","og_site_name":"IMMOBILIEN Business","article_publisher":"https:\/\/www.facebook.com\/immobilienbusiness\/","article_published_time":"2022-06-15T06:10:33+00:00","og_image":[{"width":1000,"height":667,"url":"https:\/\/www.immobilienbusiness.ch\/wp-content\/uploads\/2022\/06\/hiag.jpg","type":"image\/jpeg"}],"author":"anja.hall","twitter_card":"summary_large_image","twitter_image":"https:\/\/www.immobilienbusiness.ch\/wp-content\/uploads\/2022\/06\/hiag.jpg","schema":{"@context":"https:\/\/schema.org","@graph":[{"@type":"Article","@id":"https:\/\/www.immobilienbusiness.ch\/de\/regionen\/2022-06-15\/hiag-plant-wohnhochhaus-in-zuerich-altstetten\/#article","isPartOf":{"@id":"https:\/\/www.immobilienbusiness.ch\/de\/regionen\/2022-06-15\/hiag-plant-wohnhochhaus-in-zuerich-altstetten\/"},"author":{"name":"anja.hall","@id":"https:\/\/www.immobilienbusiness.ch\/#\/schema\/person\/3fc036297b10b9f42d6db5ee932af8c8"},"headline":"Hiag plant Wohnhochhaus in Z\u00fcrich-Altstetten","datePublished":"2022-06-15T06:10:33+00:00","mainEntityOfPage":{"@id":"https:\/\/www.immobilienbusiness.ch\/de\/regionen\/2022-06-15\/hiag-plant-wohnhochhaus-in-zuerich-altstetten\/"},"wordCount":159,"publisher":{"@id":"https:\/\/www.immobilienbusiness.ch\/#organization"},"image":{"@id":"https:\/\/www.immobilienbusiness.ch\/de\/regionen\/2022-06-15\/hiag-plant-wohnhochhaus-in-zuerich-altstetten\/#primaryimage"},"thumbnailUrl":"https:\/\/www.immobilienbusiness.ch\/wp-content\/uploads\/2022\/06\/hiag.jpg","keywords":["Hiag","Projekt in Planung","Wohnimmobilien","Z\u00fcrich"],"articleSection":["REGIONEN"],"inLanguage":"fr-FR"},{"@type":"WebPage","@id":"https:\/\/www.immobilienbusiness.ch\/de\/regionen\/2022-06-15\/hiag-plant-wohnhochhaus-in-zuerich-altstetten\/","url":"https:\/\/www.immobilienbusiness.ch\/de\/regionen\/2022-06-15\/hiag-plant-wohnhochhaus-in-zuerich-altstetten\/","name":"Hiag plant Wohnhochhaus in Z\u00fcrich-Altstetten - IMMOBILIEN Business","isPartOf":{"@id":"https:\/\/www.immobilienbusiness.ch\/#website"},"primaryImageOfPage":{"@id":"https:\/\/www.immobilienbusiness.ch\/de\/regionen\/2022-06-15\/hiag-plant-wohnhochhaus-in-zuerich-altstetten\/#primaryimage"},"image":{"@id":"https:\/\/www.immobilienbusiness.ch\/de\/regionen\/2022-06-15\/hiag-plant-wohnhochhaus-in-zuerich-altstetten\/#primaryimage"},"thumbnailUrl":"https:\/\/www.immobilienbusiness.ch\/wp-content\/uploads\/2022\/06\/hiag.jpg","datePublished":"2022-06-15T06:10:33+00:00","description":"Hiag hat Pl\u00e4ne f\u00fcr eine Arealentwicklung in Z\u00fcrich-Alstetten vorgestellt. Die Immobiliengesellschaft will ein Hochhaus mit 150 Wohnungen erstellen.","breadcrumb":{"@id":"https:\/\/www.immobilienbusiness.ch\/de\/regionen\/2022-06-15\/hiag-plant-wohnhochhaus-in-zuerich-altstetten\/#breadcrumb"},"inLanguage":"fr-FR","potentialAction":[{"@type":"ReadAction","target":["https:\/\/www.immobilienbusiness.ch\/de\/regionen\/2022-06-15\/hiag-plant-wohnhochhaus-in-zuerich-altstetten\/"]}]},{"@type":"ImageObject","inLanguage":"fr-FR","@id":"https:\/\/www.immobilienbusiness.ch\/de\/regionen\/2022-06-15\/hiag-plant-wohnhochhaus-in-zuerich-altstetten\/#primaryimage","url":"https:\/\/www.immobilienbusiness.ch\/wp-content\/uploads\/2022\/06\/hiag.jpg","contentUrl":"https:\/\/www.immobilienbusiness.ch\/wp-content\/uploads\/2022\/06\/hiag.jpg","width":1000,"height":667,"caption":"Das Wohnhochhaus \u00abAlto\u00bb in Z\u00fcrich-Altstetten ist eines der grossen laufenden Projekte (Bild: \u00a9 Hiag)"},{"@type":"BreadcrumbList","@id":"https:\/\/www.immobilienbusiness.ch\/de\/regionen\/2022-06-15\/hiag-plant-wohnhochhaus-in-zuerich-altstetten\/#breadcrumb","itemListElement":[{"@type":"ListItem","position":1,"name":"Home","item":"https:\/\/www.immobilienbusiness.ch\/"},{"@type":"ListItem","position":2,"name":"Hiag plant Wohnhochhaus in Z\u00fcrich-Altstetten"}]},{"@type":"WebSite","@id":"https:\/\/www.immobilienbusiness.ch\/#website","url":"https:\/\/www.immobilienbusiness.ch\/","name":"IMMOBILIER Business","description":"Magazine \u00e9conomique suisse ind\u00e9pendant ax\u00e9 sur l'immobilier, l'architecture et la construction ainsi que sur les investissements et le financement.","publisher":{"@id":"https:\/\/www.immobilienbusiness.ch\/#organization"},"potentialAction":[{"@type":"SearchAction","target":{"@type":"EntryPoint","urlTemplate":"https:\/\/www.immobilienbusiness.ch\/?s={search_term_string}"},"query-input":{"@type":"PropertyValueSpecification","valueRequired":true,"valueName":"search_term_string"}}],"inLanguage":"fr-FR"},{"@type":"Organization","@id":"https:\/\/www.immobilienbusiness.ch\/#organization","name":"IMMOBILIER Business","url":"https:\/\/www.immobilienbusiness.ch\/","logo":{"@type":"ImageObject","inLanguage":"fr-FR","@id":"https:\/\/www.immobilienbusiness.ch\/#\/schema\/logo\/image\/","url":"https:\/\/www.immobilienbusiness.ch\/wp-content\/uploads\/2021\/07\/logo_ib.png","contentUrl":"https:\/\/www.immobilienbusiness.ch\/wp-content\/uploads\/2021\/07\/logo_ib.png","width":800,"height":181,"caption":"IMMOBILIEN Business"},"image":{"@id":"https:\/\/www.immobilienbusiness.ch\/#\/schema\/logo\/image\/"},"sameAs":["https:\/\/www.facebook.com\/immobilienbusiness\/"]},{"@type":"Person","@id":"https:\/\/www.immobilienbusiness.ch\/#\/schema\/person\/3fc036297b10b9f42d6db5ee932af8c8","name":"anja.hall","image":{"@type":"ImageObject","inLanguage":"fr-FR","@id":"https:\/\/secure.gravatar.com\/avatar\/066b5a0d447013502c71a5782f4f3469f03cfe595cc2329fb94652fe47511bfb?s=96&d=mm&r=g","url":"https:\/\/secure.gravatar.com\/avatar\/066b5a0d447013502c71a5782f4f3469f03cfe595cc2329fb94652fe47511bfb?s=96&d=mm&r=g","contentUrl":"https:\/\/secure.gravatar.com\/avatar\/066b5a0d447013502c71a5782f4f3469f03cfe595cc2329fb94652fe47511bfb?s=96&d=mm&r=g","caption":"anja.hall"},"url":"https:\/\/www.immobilienbusiness.ch\/fr\/author\/anja-hall\/"}]}},"_links":{"self":[{"href":"https:\/\/www.immobilienbusiness.ch\/fr\/wp-json\/wp\/v2\/posts\/42908","targetHints":{"allow":["GET"]}}],"collection":[{"href":"https:\/\/www.immobilienbusiness.ch\/fr\/wp-json\/wp\/v2\/posts"}],"about":[{"href":"https:\/\/www.immobilienbusiness.ch\/fr\/wp-json\/wp\/v2\/types\/post"}],"author":[{"embeddable":true,"href":"https:\/\/www.immobilienbusiness.ch\/fr\/wp-json\/wp\/v2\/users\/3"}],"replies":[{"embeddable":true,"href":"https:\/\/www.immobilienbusiness.ch\/fr\/wp-json\/wp\/v2\/comments?post=42908"}],"version-history":[{"count":1,"href":"https:\/\/www.immobilienbusiness.ch\/fr\/wp-json\/wp\/v2\/posts\/42908\/revisions"}],"predecessor-version":[{"id":42910,"href":"https:\/\/www.immobilienbusiness.ch\/fr\/wp-json\/wp\/v2\/posts\/42908\/revisions\/42910"}],"wp:featuredmedia":[{"embeddable":true,"href":"https:\/\/www.immobilienbusiness.ch\/fr\/wp-json\/wp\/v2\/media\/42909"}],"wp:attachment":[{"href":"https:\/\/www.immobilienbusiness.ch\/fr\/wp-json\/wp\/v2\/media?parent=42908"}],"wp:term":[{"taxonomy":"category","embeddable":true,"href":"https:\/\/www.immobilienbusiness.ch\/fr\/wp-json\/wp\/v2\/categories?post=42908"},{"taxonomy":"post_tag","embeddable":true,"href":"https:\/\/www.immobilienbusiness.ch\/fr\/wp-json\/wp\/v2\/tags?post=42908"}],"curies":[{"name":"wp","href":"https:\/\/api.w.org\/{rel}","templated":true}]}}