{"id":42881,"date":"2022-06-14T07:50:06","date_gmt":"2022-06-14T05:50:06","guid":{"rendered":"https:\/\/www.immobilienbusiness.ch\/?p=42881"},"modified":"2022-06-13T17:15:51","modified_gmt":"2022-06-13T15:15:51","slug":"modehaus-pkz-mietet-in-st-gallen","status":"publish","type":"post","link":"https:\/\/www.immobilienbusiness.ch\/fr\/regionen\/2022-06-14\/modehaus-pkz-mietet-in-st-gallen\/","title":{"rendered":"Le magasin de mode PKZ loue \u00e0 Saint-Gall"},"content":{"rendered":"<figure id=\"attachment_42882\" aria-describedby=\"caption-attachment-42882\" style=\"width: 1779px\" class=\"wp-caption alignnone\"><a href=\"https:\/\/www.immobilienbusiness.ch\/wp-content\/uploads\/2022\/06\/MM_SPGI_Multergasse.jpg\"><img loading=\"lazy\" decoding=\"async\" class=\"size-full wp-image-42882\" src=\"https:\/\/www.immobilienbusiness.ch\/wp-content\/uploads\/2022\/06\/MM_SPGI_Multergasse.jpg\" alt=\"\" width=\"1779\" height=\"1187\" srcset=\"https:\/\/www.immobilienbusiness.ch\/wp-content\/uploads\/2022\/06\/MM_SPGI_Multergasse.jpg 1200w, https:\/\/www.immobilienbusiness.ch\/wp-content\/uploads\/2022\/06\/MM_SPGI_Multergasse-300x200.jpg 300w, https:\/\/www.immobilienbusiness.ch\/wp-content\/uploads\/2022\/06\/MM_SPGI_Multergasse-1024x683.jpg 1024w, https:\/\/www.immobilienbusiness.ch\/wp-content\/uploads\/2022\/06\/MM_SPGI_Multergasse-768x512.jpg 768w, https:\/\/www.immobilienbusiness.ch\/wp-content\/uploads\/2022\/06\/MM_SPGI_Multergasse-1536x1025.jpg 1536w, https:\/\/www.immobilienbusiness.ch\/wp-content\/uploads\/2022\/06\/MM_SPGI_Multergasse-18x12.jpg 18w, https:\/\/www.immobilienbusiness.ch\/wp-content\/uploads\/2022\/06\/MM_SPGI_Multergasse-262x175.jpg 262w, https:\/\/www.immobilienbusiness.ch\/wp-content\/uploads\/2022\/06\/MM_SPGI_Multergasse-525x350.jpg 525w, https:\/\/www.immobilienbusiness.ch\/wp-content\/uploads\/2022\/06\/MM_SPGI_Multergasse-1199x800.jpg 1199w, https:\/\/www.immobilienbusiness.ch\/wp-content\/uploads\/2022\/06\/MM_SPGI_Multergasse-920x614.jpg 920w\" sizes=\"auto, (max-width: 1779px) 100vw, 1779px\" \/><\/a><figcaption id=\"caption-attachment-42882\" class=\"wp-caption-text\">PKZ ouvre un nouveau site dans la Multergasse \u00e0 Saint-Gall (source : SPGI Zurich)<\/figcaption><\/figure>\n<p>L'entreprise de mode traditionnelle PKZ ouvrira au deuxi\u00e8me trimestre 2023 un PKZ Men dans la Multergasse 11. La plus ancienne maison de mode suisse a lou\u00e9 une surface de vente au d\u00e9tail de 930 m\u00b2 dans l'immeuble, r\u00e9partie sur deux \u00e9tages.<\/p>\n<p>L'immeuble se trouve au c\u0153ur de la vieille ville de Saint-Gall et un PKZ Women se trouve d\u00e9j\u00e0 \u00e0 proximit\u00e9 imm\u00e9diate. SPGI Zurich a lou\u00e9 la surface ; la fondation de placement Swiss Life est propri\u00e9taire de l'immeuble. PKZ exploite 40 succursales dans toute la Suisse. <em>(ah)<\/em><\/p>","protected":false},"excerpt":{"rendered":"<p>La maison de mode PKZ loue une surface de vente au d\u00e9tail de 930 m\u00b2 dans la vieille ville de Saint-Gall. SPGI Zurich a n\u00e9goci\u00e9 le contrat de location.<\/p>","protected":false},"author":3,"featured_media":42882,"comment_status":"closed","ping_status":"closed","sticky":false,"template":"","format":"standard","meta":{"_acf_changed":false,"_yoast_wpseo_focuskw":"PKZ","_yoast_wpseo_title":"","_yoast_wpseo_metadesc":"Das Modehaus PKZ mietet eine 930 qm grosse Retailfl\u00e4che in der Altstadt von St. Gallen. SPGI Zurich vermittelte den Mietvertrag.","_yoast_wpseo_linkdex":47,"pgc_sgb_lightbox_settings":"","footnotes":""},"categories":[985],"tags":[1645,2016,1722,1832],"class_list":["post-42881","post","type-post","status-publish","format-standard","has-post-thumbnail","hentry","category-regionen","tag-retailflaechen","tag-spgi-zurich","tag-st-gallen","tag-vermietung"],"acf":[],"yoast_head":"<!-- This site is optimized with the Yoast SEO plugin v27.4 - https:\/\/yoast.com\/product\/yoast-seo-wordpress\/ -->\n<title>Modehaus PKZ mietet in St. Gallen - IMMOBILIEN Business<\/title>\n<meta name=\"description\" content=\"Das Modehaus PKZ mietet eine 930 qm grosse Retailfl\u00e4che in der Altstadt von St. Gallen. SPGI Zurich vermittelte den Mietvertrag.\" \/>\n<meta name=\"robots\" content=\"index, follow, max-snippet:-1, max-image-preview:large, max-video-preview:-1\" \/>\n<link rel=\"canonical\" href=\"https:\/\/www.immobilienbusiness.ch\/fr\/regionen\/2022-06-14\/modehaus-pkz-mietet-in-st-gallen\/\" \/>\n<meta property=\"og:locale\" content=\"fr_FR\" \/>\n<meta property=\"og:type\" content=\"article\" \/>\n<meta property=\"og:title\" content=\"Modehaus PKZ mietet in St. Gallen - IMMOBILIEN Business\" \/>\n<meta property=\"og:description\" content=\"Das Modehaus PKZ mietet eine 930 qm grosse Retailfl\u00e4che in der Altstadt von St. Gallen. SPGI Zurich vermittelte den Mietvertrag.\" \/>\n<meta property=\"og:url\" content=\"https:\/\/www.immobilienbusiness.ch\/fr\/regionen\/2022-06-14\/modehaus-pkz-mietet-in-st-gallen\/\" \/>\n<meta property=\"og:site_name\" content=\"IMMOBILIEN Business\" \/>\n<meta property=\"article:publisher\" content=\"https:\/\/www.facebook.com\/immobilienbusiness\/\" \/>\n<meta property=\"article:published_time\" content=\"2022-06-14T05:50:06+00:00\" \/>\n<meta property=\"og:image\" content=\"https:\/\/www.immobilienbusiness.ch\/wp-content\/uploads\/2022\/06\/MM_SPGI_Multergasse.jpg\" \/>\n\t<meta property=\"og:image:width\" content=\"1200\" \/>\n\t<meta property=\"og:image:height\" content=\"801\" \/>\n\t<meta property=\"og:image:type\" content=\"image\/jpeg\" \/>\n<meta name=\"author\" content=\"anja.hall\" \/>\n<meta name=\"twitter:card\" content=\"summary_large_image\" \/>\n<meta name=\"twitter:image\" content=\"https:\/\/www.immobilienbusiness.ch\/wp-content\/uploads\/2022\/06\/MM_SPGI_Multergasse.jpg\" \/>\n<script type=\"application\/ld+json\" class=\"yoast-schema-graph\">{\"@context\":\"https:\\\/\\\/schema.org\",\"@graph\":[{\"@type\":\"Article\",\"@id\":\"https:\\\/\\\/www.immobilienbusiness.ch\\\/en\\\/regionen\\\/2022-06-14\\\/modehaus-pkz-mietet-in-st-gallen\\\/#article\",\"isPartOf\":{\"@id\":\"https:\\\/\\\/www.immobilienbusiness.ch\\\/en\\\/regionen\\\/2022-06-14\\\/modehaus-pkz-mietet-in-st-gallen\\\/\"},\"author\":{\"name\":\"anja.hall\",\"@id\":\"https:\\\/\\\/www.immobilienbusiness.ch\\\/#\\\/schema\\\/person\\\/3fc036297b10b9f42d6db5ee932af8c8\"},\"headline\":\"Modehaus PKZ mietet in St. Gallen\",\"datePublished\":\"2022-06-14T05:50:06+00:00\",\"mainEntityOfPage\":{\"@id\":\"https:\\\/\\\/www.immobilienbusiness.ch\\\/en\\\/regionen\\\/2022-06-14\\\/modehaus-pkz-mietet-in-st-gallen\\\/\"},\"wordCount\":107,\"publisher\":{\"@id\":\"https:\\\/\\\/www.immobilienbusiness.ch\\\/#organization\"},\"image\":{\"@id\":\"https:\\\/\\\/www.immobilienbusiness.ch\\\/en\\\/regionen\\\/2022-06-14\\\/modehaus-pkz-mietet-in-st-gallen\\\/#primaryimage\"},\"thumbnailUrl\":\"https:\\\/\\\/www.immobilienbusiness.ch\\\/wp-content\\\/uploads\\\/2022\\\/06\\\/MM_SPGI_Multergasse.jpg\",\"keywords\":[\"Retailfl\u00e4chen\",\"SPGI Zurich\",\"St. Gallen\",\"Vermietung\"],\"articleSection\":[\"REGIONEN\"],\"inLanguage\":\"fr-FR\"},{\"@type\":\"WebPage\",\"@id\":\"https:\\\/\\\/www.immobilienbusiness.ch\\\/en\\\/regionen\\\/2022-06-14\\\/modehaus-pkz-mietet-in-st-gallen\\\/\",\"url\":\"https:\\\/\\\/www.immobilienbusiness.ch\\\/en\\\/regionen\\\/2022-06-14\\\/modehaus-pkz-mietet-in-st-gallen\\\/\",\"name\":\"Modehaus PKZ mietet in St. Gallen - IMMOBILIEN Business\",\"isPartOf\":{\"@id\":\"https:\\\/\\\/www.immobilienbusiness.ch\\\/#website\"},\"primaryImageOfPage\":{\"@id\":\"https:\\\/\\\/www.immobilienbusiness.ch\\\/en\\\/regionen\\\/2022-06-14\\\/modehaus-pkz-mietet-in-st-gallen\\\/#primaryimage\"},\"image\":{\"@id\":\"https:\\\/\\\/www.immobilienbusiness.ch\\\/en\\\/regionen\\\/2022-06-14\\\/modehaus-pkz-mietet-in-st-gallen\\\/#primaryimage\"},\"thumbnailUrl\":\"https:\\\/\\\/www.immobilienbusiness.ch\\\/wp-content\\\/uploads\\\/2022\\\/06\\\/MM_SPGI_Multergasse.jpg\",\"datePublished\":\"2022-06-14T05:50:06+00:00\",\"description\":\"Das Modehaus PKZ mietet eine 930 qm grosse Retailfl\u00e4che in der Altstadt von St. Gallen. SPGI Zurich vermittelte den Mietvertrag.\",\"breadcrumb\":{\"@id\":\"https:\\\/\\\/www.immobilienbusiness.ch\\\/en\\\/regionen\\\/2022-06-14\\\/modehaus-pkz-mietet-in-st-gallen\\\/#breadcrumb\"},\"inLanguage\":\"fr-FR\",\"potentialAction\":[{\"@type\":\"ReadAction\",\"target\":[\"https:\\\/\\\/www.immobilienbusiness.ch\\\/en\\\/regionen\\\/2022-06-14\\\/modehaus-pkz-mietet-in-st-gallen\\\/\"]}]},{\"@type\":\"ImageObject\",\"inLanguage\":\"fr-FR\",\"@id\":\"https:\\\/\\\/www.immobilienbusiness.ch\\\/en\\\/regionen\\\/2022-06-14\\\/modehaus-pkz-mietet-in-st-gallen\\\/#primaryimage\",\"url\":\"https:\\\/\\\/www.immobilienbusiness.ch\\\/wp-content\\\/uploads\\\/2022\\\/06\\\/MM_SPGI_Multergasse.jpg\",\"contentUrl\":\"https:\\\/\\\/www.immobilienbusiness.ch\\\/wp-content\\\/uploads\\\/2022\\\/06\\\/MM_SPGI_Multergasse.jpg\",\"width\":1200,\"height\":801,\"caption\":\"PKZ er\u00f6ffnet in der der Multergasse in St. Gallen einen neuen Standort (Quelle: SPGI Zurich)\"},{\"@type\":\"BreadcrumbList\",\"@id\":\"https:\\\/\\\/www.immobilienbusiness.ch\\\/en\\\/regionen\\\/2022-06-14\\\/modehaus-pkz-mietet-in-st-gallen\\\/#breadcrumb\",\"itemListElement\":[{\"@type\":\"ListItem\",\"position\":1,\"name\":\"Home\",\"item\":\"https:\\\/\\\/www.immobilienbusiness.ch\\\/\"},{\"@type\":\"ListItem\",\"position\":2,\"name\":\"Modehaus PKZ mietet in St. Gallen\"}]},{\"@type\":\"WebSite\",\"@id\":\"https:\\\/\\\/www.immobilienbusiness.ch\\\/#website\",\"url\":\"https:\\\/\\\/www.immobilienbusiness.ch\\\/\",\"name\":\"IMMOBILIEN Business\",\"description\":\"Unabh\u00e4ngiges Schweizer Wirtschaftsmagazin mit Fokus auf Immobilien, Architektur- und Bau sowie Investment- und Finanzierung.\",\"publisher\":{\"@id\":\"https:\\\/\\\/www.immobilienbusiness.ch\\\/#organization\"},\"potentialAction\":[{\"@type\":\"SearchAction\",\"target\":{\"@type\":\"EntryPoint\",\"urlTemplate\":\"https:\\\/\\\/www.immobilienbusiness.ch\\\/?s={search_term_string}\"},\"query-input\":{\"@type\":\"PropertyValueSpecification\",\"valueRequired\":true,\"valueName\":\"search_term_string\"}}],\"inLanguage\":\"fr-FR\"},{\"@type\":\"Organization\",\"@id\":\"https:\\\/\\\/www.immobilienbusiness.ch\\\/#organization\",\"name\":\"IMMOBILIEN Business\",\"url\":\"https:\\\/\\\/www.immobilienbusiness.ch\\\/\",\"logo\":{\"@type\":\"ImageObject\",\"inLanguage\":\"fr-FR\",\"@id\":\"https:\\\/\\\/www.immobilienbusiness.ch\\\/#\\\/schema\\\/logo\\\/image\\\/\",\"url\":\"https:\\\/\\\/www.immobilienbusiness.ch\\\/wp-content\\\/uploads\\\/2021\\\/07\\\/logo_ib.png\",\"contentUrl\":\"https:\\\/\\\/www.immobilienbusiness.ch\\\/wp-content\\\/uploads\\\/2021\\\/07\\\/logo_ib.png\",\"width\":800,\"height\":181,\"caption\":\"IMMOBILIEN Business\"},\"image\":{\"@id\":\"https:\\\/\\\/www.immobilienbusiness.ch\\\/#\\\/schema\\\/logo\\\/image\\\/\"},\"sameAs\":[\"https:\\\/\\\/www.facebook.com\\\/immobilienbusiness\\\/\"]},{\"@type\":\"Person\",\"@id\":\"https:\\\/\\\/www.immobilienbusiness.ch\\\/#\\\/schema\\\/person\\\/3fc036297b10b9f42d6db5ee932af8c8\",\"name\":\"anja.hall\",\"image\":{\"@type\":\"ImageObject\",\"inLanguage\":\"fr-FR\",\"@id\":\"https:\\\/\\\/secure.gravatar.com\\\/avatar\\\/066b5a0d447013502c71a5782f4f3469f03cfe595cc2329fb94652fe47511bfb?s=96&d=mm&r=g\",\"url\":\"https:\\\/\\\/secure.gravatar.com\\\/avatar\\\/066b5a0d447013502c71a5782f4f3469f03cfe595cc2329fb94652fe47511bfb?s=96&d=mm&r=g\",\"contentUrl\":\"https:\\\/\\\/secure.gravatar.com\\\/avatar\\\/066b5a0d447013502c71a5782f4f3469f03cfe595cc2329fb94652fe47511bfb?s=96&d=mm&r=g\",\"caption\":\"anja.hall\"},\"url\":\"https:\\\/\\\/www.immobilienbusiness.ch\\\/fr\\\/author\\\/anja-hall\\\/\"}]}<\/script>\n<!-- \/ Yoast SEO plugin. -->","yoast_head_json":{"title":"Modehaus PKZ mietet in St. Gallen - IMMOBILIEN Business","description":"La maison de mode PKZ loue une surface de vente au d\u00e9tail de 930 m\u00b2 dans la vieille ville de Saint-Gall. SPGI Zurich a n\u00e9goci\u00e9 le contrat de location.","robots":{"index":"index","follow":"follow","max-snippet":"max-snippet:-1","max-image-preview":"max-image-preview:large","max-video-preview":"max-video-preview:-1"},"canonical":"https:\/\/www.immobilienbusiness.ch\/fr\/regionen\/2022-06-14\/modehaus-pkz-mietet-in-st-gallen\/","og_locale":"fr_FR","og_type":"article","og_title":"Modehaus PKZ mietet in St. Gallen - IMMOBILIEN Business","og_description":"Das Modehaus PKZ mietet eine 930 qm grosse Retailfl\u00e4che in der Altstadt von St. Gallen. SPGI Zurich vermittelte den Mietvertrag.","og_url":"https:\/\/www.immobilienbusiness.ch\/fr\/regionen\/2022-06-14\/modehaus-pkz-mietet-in-st-gallen\/","og_site_name":"IMMOBILIEN Business","article_publisher":"https:\/\/www.facebook.com\/immobilienbusiness\/","article_published_time":"2022-06-14T05:50:06+00:00","og_image":[{"width":1200,"height":801,"url":"https:\/\/www.immobilienbusiness.ch\/wp-content\/uploads\/2022\/06\/MM_SPGI_Multergasse.jpg","type":"image\/jpeg"}],"author":"anja.hall","twitter_card":"summary_large_image","twitter_image":"https:\/\/www.immobilienbusiness.ch\/wp-content\/uploads\/2022\/06\/MM_SPGI_Multergasse.jpg","schema":{"@context":"https:\/\/schema.org","@graph":[{"@type":"Article","@id":"https:\/\/www.immobilienbusiness.ch\/en\/regionen\/2022-06-14\/modehaus-pkz-mietet-in-st-gallen\/#article","isPartOf":{"@id":"https:\/\/www.immobilienbusiness.ch\/en\/regionen\/2022-06-14\/modehaus-pkz-mietet-in-st-gallen\/"},"author":{"name":"anja.hall","@id":"https:\/\/www.immobilienbusiness.ch\/#\/schema\/person\/3fc036297b10b9f42d6db5ee932af8c8"},"headline":"Modehaus PKZ mietet in St. Gallen","datePublished":"2022-06-14T05:50:06+00:00","mainEntityOfPage":{"@id":"https:\/\/www.immobilienbusiness.ch\/en\/regionen\/2022-06-14\/modehaus-pkz-mietet-in-st-gallen\/"},"wordCount":107,"publisher":{"@id":"https:\/\/www.immobilienbusiness.ch\/#organization"},"image":{"@id":"https:\/\/www.immobilienbusiness.ch\/en\/regionen\/2022-06-14\/modehaus-pkz-mietet-in-st-gallen\/#primaryimage"},"thumbnailUrl":"https:\/\/www.immobilienbusiness.ch\/wp-content\/uploads\/2022\/06\/MM_SPGI_Multergasse.jpg","keywords":["Retailfl\u00e4chen","SPGI Zurich","St. Gallen","Vermietung"],"articleSection":["REGIONEN"],"inLanguage":"fr-FR"},{"@type":"WebPage","@id":"https:\/\/www.immobilienbusiness.ch\/en\/regionen\/2022-06-14\/modehaus-pkz-mietet-in-st-gallen\/","url":"https:\/\/www.immobilienbusiness.ch\/en\/regionen\/2022-06-14\/modehaus-pkz-mietet-in-st-gallen\/","name":"Modehaus PKZ mietet in St. Gallen - IMMOBILIEN Business","isPartOf":{"@id":"https:\/\/www.immobilienbusiness.ch\/#website"},"primaryImageOfPage":{"@id":"https:\/\/www.immobilienbusiness.ch\/en\/regionen\/2022-06-14\/modehaus-pkz-mietet-in-st-gallen\/#primaryimage"},"image":{"@id":"https:\/\/www.immobilienbusiness.ch\/en\/regionen\/2022-06-14\/modehaus-pkz-mietet-in-st-gallen\/#primaryimage"},"thumbnailUrl":"https:\/\/www.immobilienbusiness.ch\/wp-content\/uploads\/2022\/06\/MM_SPGI_Multergasse.jpg","datePublished":"2022-06-14T05:50:06+00:00","description":"La maison de mode PKZ loue une surface de vente au d\u00e9tail de 930 m\u00b2 dans la vieille ville de Saint-Gall. SPGI Zurich a n\u00e9goci\u00e9 le contrat de location.","breadcrumb":{"@id":"https:\/\/www.immobilienbusiness.ch\/en\/regionen\/2022-06-14\/modehaus-pkz-mietet-in-st-gallen\/#breadcrumb"},"inLanguage":"fr-FR","potentialAction":[{"@type":"ReadAction","target":["https:\/\/www.immobilienbusiness.ch\/en\/regionen\/2022-06-14\/modehaus-pkz-mietet-in-st-gallen\/"]}]},{"@type":"ImageObject","inLanguage":"fr-FR","@id":"https:\/\/www.immobilienbusiness.ch\/en\/regionen\/2022-06-14\/modehaus-pkz-mietet-in-st-gallen\/#primaryimage","url":"https:\/\/www.immobilienbusiness.ch\/wp-content\/uploads\/2022\/06\/MM_SPGI_Multergasse.jpg","contentUrl":"https:\/\/www.immobilienbusiness.ch\/wp-content\/uploads\/2022\/06\/MM_SPGI_Multergasse.jpg","width":1200,"height":801,"caption":"PKZ er\u00f6ffnet in der der Multergasse in St. Gallen einen neuen Standort (Quelle: SPGI Zurich)"},{"@type":"BreadcrumbList","@id":"https:\/\/www.immobilienbusiness.ch\/en\/regionen\/2022-06-14\/modehaus-pkz-mietet-in-st-gallen\/#breadcrumb","itemListElement":[{"@type":"ListItem","position":1,"name":"Home","item":"https:\/\/www.immobilienbusiness.ch\/"},{"@type":"ListItem","position":2,"name":"Modehaus PKZ mietet in St. Gallen"}]},{"@type":"WebSite","@id":"https:\/\/www.immobilienbusiness.ch\/#website","url":"https:\/\/www.immobilienbusiness.ch\/","name":"IMMOBILIER Business","description":"Magazine \u00e9conomique suisse ind\u00e9pendant ax\u00e9 sur l'immobilier, l'architecture et la construction ainsi que sur les investissements et le financement.","publisher":{"@id":"https:\/\/www.immobilienbusiness.ch\/#organization"},"potentialAction":[{"@type":"SearchAction","target":{"@type":"EntryPoint","urlTemplate":"https:\/\/www.immobilienbusiness.ch\/?s={search_term_string}"},"query-input":{"@type":"PropertyValueSpecification","valueRequired":true,"valueName":"search_term_string"}}],"inLanguage":"fr-FR"},{"@type":"Organization","@id":"https:\/\/www.immobilienbusiness.ch\/#organization","name":"IMMOBILIER Business","url":"https:\/\/www.immobilienbusiness.ch\/","logo":{"@type":"ImageObject","inLanguage":"fr-FR","@id":"https:\/\/www.immobilienbusiness.ch\/#\/schema\/logo\/image\/","url":"https:\/\/www.immobilienbusiness.ch\/wp-content\/uploads\/2021\/07\/logo_ib.png","contentUrl":"https:\/\/www.immobilienbusiness.ch\/wp-content\/uploads\/2021\/07\/logo_ib.png","width":800,"height":181,"caption":"IMMOBILIEN Business"},"image":{"@id":"https:\/\/www.immobilienbusiness.ch\/#\/schema\/logo\/image\/"},"sameAs":["https:\/\/www.facebook.com\/immobilienbusiness\/"]},{"@type":"Person","@id":"https:\/\/www.immobilienbusiness.ch\/#\/schema\/person\/3fc036297b10b9f42d6db5ee932af8c8","name":"anja.hall","image":{"@type":"ImageObject","inLanguage":"fr-FR","@id":"https:\/\/secure.gravatar.com\/avatar\/066b5a0d447013502c71a5782f4f3469f03cfe595cc2329fb94652fe47511bfb?s=96&d=mm&r=g","url":"https:\/\/secure.gravatar.com\/avatar\/066b5a0d447013502c71a5782f4f3469f03cfe595cc2329fb94652fe47511bfb?s=96&d=mm&r=g","contentUrl":"https:\/\/secure.gravatar.com\/avatar\/066b5a0d447013502c71a5782f4f3469f03cfe595cc2329fb94652fe47511bfb?s=96&d=mm&r=g","caption":"anja.hall"},"url":"https:\/\/www.immobilienbusiness.ch\/fr\/author\/anja-hall\/"}]}},"_links":{"self":[{"href":"https:\/\/www.immobilienbusiness.ch\/fr\/wp-json\/wp\/v2\/posts\/42881","targetHints":{"allow":["GET"]}}],"collection":[{"href":"https:\/\/www.immobilienbusiness.ch\/fr\/wp-json\/wp\/v2\/posts"}],"about":[{"href":"https:\/\/www.immobilienbusiness.ch\/fr\/wp-json\/wp\/v2\/types\/post"}],"author":[{"embeddable":true,"href":"https:\/\/www.immobilienbusiness.ch\/fr\/wp-json\/wp\/v2\/users\/3"}],"replies":[{"embeddable":true,"href":"https:\/\/www.immobilienbusiness.ch\/fr\/wp-json\/wp\/v2\/comments?post=42881"}],"version-history":[{"count":1,"href":"https:\/\/www.immobilienbusiness.ch\/fr\/wp-json\/wp\/v2\/posts\/42881\/revisions"}],"predecessor-version":[{"id":42883,"href":"https:\/\/www.immobilienbusiness.ch\/fr\/wp-json\/wp\/v2\/posts\/42881\/revisions\/42883"}],"wp:featuredmedia":[{"embeddable":true,"href":"https:\/\/www.immobilienbusiness.ch\/fr\/wp-json\/wp\/v2\/media\/42882"}],"wp:attachment":[{"href":"https:\/\/www.immobilienbusiness.ch\/fr\/wp-json\/wp\/v2\/media?parent=42881"}],"wp:term":[{"taxonomy":"category","embeddable":true,"href":"https:\/\/www.immobilienbusiness.ch\/fr\/wp-json\/wp\/v2\/categories?post=42881"},{"taxonomy":"post_tag","embeddable":true,"href":"https:\/\/www.immobilienbusiness.ch\/fr\/wp-json\/wp\/v2\/tags?post=42881"}],"curies":[{"name":"wp","href":"https:\/\/api.w.org\/{rel}","templated":true}]}}