{"id":42877,"date":"2022-06-13T07:30:44","date_gmt":"2022-06-13T05:30:44","guid":{"rendered":"https:\/\/www.immobilienbusiness.ch\/?p=42877"},"modified":"2022-06-15T08:19:19","modified_gmt":"2022-06-15T06:19:19","slug":"baustart-auf-dem-suttergut-nord-in-burgdorf","status":"publish","type":"post","link":"https:\/\/www.immobilienbusiness.ch\/fr\/regionen\/2022-06-13\/baustart-auf-dem-suttergut-nord-in-burgdorf\/","title":{"rendered":"D\u00e9but des travaux sur le site de Suttergut Nord \u00e0 Burgdorf"},"content":{"rendered":"<figure id=\"attachment_42878\" aria-describedby=\"caption-attachment-42878\" style=\"width: 2560px\" class=\"wp-caption alignnone\"><a href=\"https:\/\/www.immobilienbusiness.ch\/wp-content\/uploads\/2022\/06\/Luftbild-1_Aebiareal_Burgdorf-scaled.jpg\"><img loading=\"lazy\" decoding=\"async\" class=\"size-full wp-image-42878\" src=\"https:\/\/www.immobilienbusiness.ch\/wp-content\/uploads\/2022\/06\/Luftbild-1_Aebiareal_Burgdorf-scaled.jpg\" alt=\"\" width=\"2560\" height=\"1707\" srcset=\"https:\/\/www.immobilienbusiness.ch\/wp-content\/uploads\/2022\/06\/Luftbild-1_Aebiareal_Burgdorf-scaled.jpg 1200w, https:\/\/www.immobilienbusiness.ch\/wp-content\/uploads\/2022\/06\/Luftbild-1_Aebiareal_Burgdorf-300x200.jpg 300w, https:\/\/www.immobilienbusiness.ch\/wp-content\/uploads\/2022\/06\/Luftbild-1_Aebiareal_Burgdorf-1024x683.jpg 1024w, https:\/\/www.immobilienbusiness.ch\/wp-content\/uploads\/2022\/06\/Luftbild-1_Aebiareal_Burgdorf-768x512.jpg 768w, https:\/\/www.immobilienbusiness.ch\/wp-content\/uploads\/2022\/06\/Luftbild-1_Aebiareal_Burgdorf-1536x1024.jpg 1536w, https:\/\/www.immobilienbusiness.ch\/wp-content\/uploads\/2022\/06\/Luftbild-1_Aebiareal_Burgdorf-2048x1365.jpg 2048w, https:\/\/www.immobilienbusiness.ch\/wp-content\/uploads\/2022\/06\/Luftbild-1_Aebiareal_Burgdorf-18x12.jpg 18w, https:\/\/www.immobilienbusiness.ch\/wp-content\/uploads\/2022\/06\/Luftbild-1_Aebiareal_Burgdorf-263x175.jpg 263w, https:\/\/www.immobilienbusiness.ch\/wp-content\/uploads\/2022\/06\/Luftbild-1_Aebiareal_Burgdorf-525x350.jpg 525w, https:\/\/www.immobilienbusiness.ch\/wp-content\/uploads\/2022\/06\/Luftbild-1_Aebiareal_Burgdorf-920x613.jpg 920w\" sizes=\"auto, (max-width: 2560px) 100vw, 2560px\" \/><\/a><figcaption id=\"caption-attachment-42878\" class=\"wp-caption-text\">L'Aeral Suttergut Nord \u00e0 Burgdorf (source : IG Aebiareal)<\/figcaption><\/figure>\n<p>Espace Real Estate r\u00e9alise un immeuble d'habitation et de services \u00e0 l'angle de la Lyssachstrasse et de la Bucherstrasse \u00e0 Berthoud. Le site, o\u00f9 se trouvaient auparavant un parking en gravier et une petite maison individuelle, accueille ainsi la premi\u00e8re nouvelle construction apr\u00e8s le plan de quartier partiel Suttergut Nord. Le site abritait autrefois la fabrique de machines Aebi.<\/p>\n<p>Le nouveau b\u00e2timent doit abriter divers cabinets m\u00e9dicaux dans les \u00e9tages inf\u00e9rieurs, tandis qu'au-dessus sont pr\u00e9vus de petits appartements ainsi que des chambres pour le personnel. Le locataire principal est l'h\u00f4pital Emmental. Le b\u00e2timent est divis\u00e9 en deux b\u00e2timents ponctuels avec des toits en croupe, reli\u00e9s entre eux par les cabinets m\u00e9dicaux. L'aile centrale est ferm\u00e9e par une terrasse accessible.<\/p>\n<p>Comme le communique la commune de Berthoud, la demande de permis de construire a \u00e9t\u00e9 d\u00e9pos\u00e9e en ao\u00fbt 2021. Diverses mises au point ont toutefois \u00e9t\u00e9 n\u00e9cessaires dans le cadre de la proc\u00e9dure d'autorisation de construire afin de mettre le projet de construction en conformit\u00e9 avec les nombreuses prescriptions sp\u00e9ciales de construction et le droit sup\u00e9rieur. Aucune opposition n'a \u00e9t\u00e9 d\u00e9pos\u00e9e.<\/p>\n<p>Sur le site de 22 000 m\u00b2 de Suttergut Nord, au sud-ouest de la gare, environ 40 000 m\u00b2 de surface de plancher seront construits au total, dont 250 logements ainsi que des bureaux, des magasins et un centre m\u00e9dical.\u00a0 <em>(ah)<\/em><\/p>","protected":false},"excerpt":{"rendered":"<p>Les travaux de construction du premier nouveau b\u00e2timent sur le site de d\u00e9veloppement Suttergut Nord ont d\u00e9but\u00e9 \u00e0 Berthoud. <\/p>","protected":false},"author":3,"featured_media":42878,"comment_status":"closed","ping_status":"closed","sticky":false,"template":"","format":"standard","meta":{"_acf_changed":false,"_yoast_wpseo_focuskw":"Suttergut","_yoast_wpseo_title":"","_yoast_wpseo_metadesc":"In Burgdorf ist mit den Bauarbeiten f\u00fcr den ersten Neubau auf dem Entwicklungsareal Suttergut Nord begonnen worden.","_yoast_wpseo_linkdex":62,"pgc_sgb_lightbox_settings":"","footnotes":""},"categories":[985],"tags":[1206,1269,1396,1599],"class_list":["post-42877","post","type-post","status-publish","format-standard","has-post-thumbnail","hentry","category-regionen","tag-espace-real-estate","tag-gesundheitsimmobilien","tag-kanton-bern","tag-projekt-in-bau"],"acf":[],"yoast_head":"<!-- This site is optimized with the Yoast SEO plugin v27.5 - https:\/\/yoast.com\/product\/yoast-seo-wordpress\/ -->\n<title>Baustart auf dem Suttergut Nord in Burgdorf - IMMOBILIEN Business<\/title>\n<meta name=\"description\" content=\"In Burgdorf ist mit den Bauarbeiten f\u00fcr den ersten Neubau auf dem Entwicklungsareal Suttergut Nord begonnen worden.\" \/>\n<meta name=\"robots\" content=\"index, follow, max-snippet:-1, max-image-preview:large, max-video-preview:-1\" \/>\n<link rel=\"canonical\" href=\"https:\/\/www.immobilienbusiness.ch\/fr\/regionen\/2022-06-13\/baustart-auf-dem-suttergut-nord-in-burgdorf\/\" \/>\n<meta property=\"og:locale\" content=\"fr_FR\" \/>\n<meta property=\"og:type\" content=\"article\" \/>\n<meta property=\"og:title\" content=\"Baustart auf dem Suttergut Nord in Burgdorf - IMMOBILIEN Business\" \/>\n<meta property=\"og:description\" content=\"In Burgdorf ist mit den Bauarbeiten f\u00fcr den ersten Neubau auf dem Entwicklungsareal Suttergut Nord begonnen worden.\" \/>\n<meta property=\"og:url\" content=\"https:\/\/www.immobilienbusiness.ch\/fr\/regionen\/2022-06-13\/baustart-auf-dem-suttergut-nord-in-burgdorf\/\" \/>\n<meta property=\"og:site_name\" content=\"IMMOBILIEN Business\" \/>\n<meta property=\"article:publisher\" content=\"https:\/\/www.facebook.com\/immobilienbusiness\/\" \/>\n<meta property=\"article:published_time\" content=\"2022-06-13T05:30:44+00:00\" \/>\n<meta property=\"article:modified_time\" content=\"2022-06-15T06:19:19+00:00\" \/>\n<meta property=\"og:image\" content=\"https:\/\/www.immobilienbusiness.ch\/wp-content\/uploads\/2022\/06\/Luftbild-1_Aebiareal_Burgdorf-scaled.jpg\" \/>\n\t<meta property=\"og:image:width\" content=\"1200\" \/>\n\t<meta property=\"og:image:height\" content=\"800\" \/>\n\t<meta property=\"og:image:type\" content=\"image\/jpeg\" \/>\n<meta name=\"author\" content=\"anja.hall\" \/>\n<meta name=\"twitter:card\" content=\"summary_large_image\" \/>\n<meta name=\"twitter:image\" content=\"https:\/\/www.immobilienbusiness.ch\/wp-content\/uploads\/2022\/06\/Luftbild-1_Aebiareal_Burgdorf-scaled.jpg\" \/>\n<script type=\"application\/ld+json\" class=\"yoast-schema-graph\">{\"@context\":\"https:\\\/\\\/schema.org\",\"@graph\":[{\"@type\":\"Article\",\"@id\":\"https:\\\/\\\/www.immobilienbusiness.ch\\\/regionen\\\/2022-06-13\\\/baustart-auf-dem-suttergut-nord-in-burgdorf\\\/#article\",\"isPartOf\":{\"@id\":\"https:\\\/\\\/www.immobilienbusiness.ch\\\/regionen\\\/2022-06-13\\\/baustart-auf-dem-suttergut-nord-in-burgdorf\\\/\"},\"author\":{\"name\":\"anja.hall\",\"@id\":\"https:\\\/\\\/www.immobilienbusiness.ch\\\/#\\\/schema\\\/person\\\/3fc036297b10b9f42d6db5ee932af8c8\"},\"headline\":\"Baustart auf dem Suttergut Nord in Burgdorf\",\"datePublished\":\"2022-06-13T05:30:44+00:00\",\"dateModified\":\"2022-06-15T06:19:19+00:00\",\"mainEntityOfPage\":{\"@id\":\"https:\\\/\\\/www.immobilienbusiness.ch\\\/regionen\\\/2022-06-13\\\/baustart-auf-dem-suttergut-nord-in-burgdorf\\\/\"},\"wordCount\":191,\"publisher\":{\"@id\":\"https:\\\/\\\/www.immobilienbusiness.ch\\\/#organization\"},\"image\":{\"@id\":\"https:\\\/\\\/www.immobilienbusiness.ch\\\/regionen\\\/2022-06-13\\\/baustart-auf-dem-suttergut-nord-in-burgdorf\\\/#primaryimage\"},\"thumbnailUrl\":\"https:\\\/\\\/www.immobilienbusiness.ch\\\/wp-content\\\/uploads\\\/2022\\\/06\\\/Luftbild-1_Aebiareal_Burgdorf-scaled.jpg\",\"keywords\":[\"Espace Real Estate\",\"Gesundheitsimmobilien\",\"Kanton Bern\",\"Projekt in Bau\"],\"articleSection\":[\"REGIONEN\"],\"inLanguage\":\"fr-FR\"},{\"@type\":\"WebPage\",\"@id\":\"https:\\\/\\\/www.immobilienbusiness.ch\\\/regionen\\\/2022-06-13\\\/baustart-auf-dem-suttergut-nord-in-burgdorf\\\/\",\"url\":\"https:\\\/\\\/www.immobilienbusiness.ch\\\/regionen\\\/2022-06-13\\\/baustart-auf-dem-suttergut-nord-in-burgdorf\\\/\",\"name\":\"Baustart auf dem Suttergut Nord in Burgdorf - IMMOBILIEN Business\",\"isPartOf\":{\"@id\":\"https:\\\/\\\/www.immobilienbusiness.ch\\\/#website\"},\"primaryImageOfPage\":{\"@id\":\"https:\\\/\\\/www.immobilienbusiness.ch\\\/regionen\\\/2022-06-13\\\/baustart-auf-dem-suttergut-nord-in-burgdorf\\\/#primaryimage\"},\"image\":{\"@id\":\"https:\\\/\\\/www.immobilienbusiness.ch\\\/regionen\\\/2022-06-13\\\/baustart-auf-dem-suttergut-nord-in-burgdorf\\\/#primaryimage\"},\"thumbnailUrl\":\"https:\\\/\\\/www.immobilienbusiness.ch\\\/wp-content\\\/uploads\\\/2022\\\/06\\\/Luftbild-1_Aebiareal_Burgdorf-scaled.jpg\",\"datePublished\":\"2022-06-13T05:30:44+00:00\",\"dateModified\":\"2022-06-15T06:19:19+00:00\",\"description\":\"In Burgdorf ist mit den Bauarbeiten f\u00fcr den ersten Neubau auf dem Entwicklungsareal Suttergut Nord begonnen worden.\",\"breadcrumb\":{\"@id\":\"https:\\\/\\\/www.immobilienbusiness.ch\\\/regionen\\\/2022-06-13\\\/baustart-auf-dem-suttergut-nord-in-burgdorf\\\/#breadcrumb\"},\"inLanguage\":\"fr-FR\",\"potentialAction\":[{\"@type\":\"ReadAction\",\"target\":[\"https:\\\/\\\/www.immobilienbusiness.ch\\\/regionen\\\/2022-06-13\\\/baustart-auf-dem-suttergut-nord-in-burgdorf\\\/\"]}]},{\"@type\":\"ImageObject\",\"inLanguage\":\"fr-FR\",\"@id\":\"https:\\\/\\\/www.immobilienbusiness.ch\\\/regionen\\\/2022-06-13\\\/baustart-auf-dem-suttergut-nord-in-burgdorf\\\/#primaryimage\",\"url\":\"https:\\\/\\\/www.immobilienbusiness.ch\\\/wp-content\\\/uploads\\\/2022\\\/06\\\/Luftbild-1_Aebiareal_Burgdorf-scaled.jpg\",\"contentUrl\":\"https:\\\/\\\/www.immobilienbusiness.ch\\\/wp-content\\\/uploads\\\/2022\\\/06\\\/Luftbild-1_Aebiareal_Burgdorf-scaled.jpg\",\"width\":1200,\"height\":800,\"caption\":\"Das Aebi-Aeral in Burgdorf (Quelle: IG Aebiareal)\"},{\"@type\":\"BreadcrumbList\",\"@id\":\"https:\\\/\\\/www.immobilienbusiness.ch\\\/regionen\\\/2022-06-13\\\/baustart-auf-dem-suttergut-nord-in-burgdorf\\\/#breadcrumb\",\"itemListElement\":[{\"@type\":\"ListItem\",\"position\":1,\"name\":\"Home\",\"item\":\"https:\\\/\\\/www.immobilienbusiness.ch\\\/\"},{\"@type\":\"ListItem\",\"position\":2,\"name\":\"Baustart auf dem Suttergut Nord in Burgdorf\"}]},{\"@type\":\"WebSite\",\"@id\":\"https:\\\/\\\/www.immobilienbusiness.ch\\\/#website\",\"url\":\"https:\\\/\\\/www.immobilienbusiness.ch\\\/\",\"name\":\"IMMOBILIEN Business\",\"description\":\"Unabh\u00e4ngiges Schweizer Wirtschaftsmagazin mit Fokus auf Immobilien, Architektur- und Bau sowie Investment- und Finanzierung.\",\"publisher\":{\"@id\":\"https:\\\/\\\/www.immobilienbusiness.ch\\\/#organization\"},\"potentialAction\":[{\"@type\":\"SearchAction\",\"target\":{\"@type\":\"EntryPoint\",\"urlTemplate\":\"https:\\\/\\\/www.immobilienbusiness.ch\\\/?s={search_term_string}\"},\"query-input\":{\"@type\":\"PropertyValueSpecification\",\"valueRequired\":true,\"valueName\":\"search_term_string\"}}],\"inLanguage\":\"fr-FR\"},{\"@type\":\"Organization\",\"@id\":\"https:\\\/\\\/www.immobilienbusiness.ch\\\/#organization\",\"name\":\"IMMOBILIEN Business\",\"url\":\"https:\\\/\\\/www.immobilienbusiness.ch\\\/\",\"logo\":{\"@type\":\"ImageObject\",\"inLanguage\":\"fr-FR\",\"@id\":\"https:\\\/\\\/www.immobilienbusiness.ch\\\/#\\\/schema\\\/logo\\\/image\\\/\",\"url\":\"https:\\\/\\\/www.immobilienbusiness.ch\\\/wp-content\\\/uploads\\\/2021\\\/07\\\/logo_ib.png\",\"contentUrl\":\"https:\\\/\\\/www.immobilienbusiness.ch\\\/wp-content\\\/uploads\\\/2021\\\/07\\\/logo_ib.png\",\"width\":800,\"height\":181,\"caption\":\"IMMOBILIEN Business\"},\"image\":{\"@id\":\"https:\\\/\\\/www.immobilienbusiness.ch\\\/#\\\/schema\\\/logo\\\/image\\\/\"},\"sameAs\":[\"https:\\\/\\\/www.facebook.com\\\/immobilienbusiness\\\/\"]},{\"@type\":\"Person\",\"@id\":\"https:\\\/\\\/www.immobilienbusiness.ch\\\/#\\\/schema\\\/person\\\/3fc036297b10b9f42d6db5ee932af8c8\",\"name\":\"anja.hall\",\"image\":{\"@type\":\"ImageObject\",\"inLanguage\":\"fr-FR\",\"@id\":\"https:\\\/\\\/secure.gravatar.com\\\/avatar\\\/066b5a0d447013502c71a5782f4f3469f03cfe595cc2329fb94652fe47511bfb?s=96&d=mm&r=g\",\"url\":\"https:\\\/\\\/secure.gravatar.com\\\/avatar\\\/066b5a0d447013502c71a5782f4f3469f03cfe595cc2329fb94652fe47511bfb?s=96&d=mm&r=g\",\"contentUrl\":\"https:\\\/\\\/secure.gravatar.com\\\/avatar\\\/066b5a0d447013502c71a5782f4f3469f03cfe595cc2329fb94652fe47511bfb?s=96&d=mm&r=g\",\"caption\":\"anja.hall\"},\"url\":\"https:\\\/\\\/www.immobilienbusiness.ch\\\/fr\\\/author\\\/anja-hall\\\/\"}]}<\/script>\n<!-- \/ Yoast SEO plugin. -->","yoast_head_json":{"title":"Baustart auf dem Suttergut Nord in Burgdorf - IMMOBILIEN Business","description":"Les travaux de construction du premier nouveau b\u00e2timent sur le site de d\u00e9veloppement Suttergut Nord ont d\u00e9but\u00e9 \u00e0 Berthoud.","robots":{"index":"index","follow":"follow","max-snippet":"max-snippet:-1","max-image-preview":"max-image-preview:large","max-video-preview":"max-video-preview:-1"},"canonical":"https:\/\/www.immobilienbusiness.ch\/fr\/regionen\/2022-06-13\/baustart-auf-dem-suttergut-nord-in-burgdorf\/","og_locale":"fr_FR","og_type":"article","og_title":"Baustart auf dem Suttergut Nord in Burgdorf - IMMOBILIEN Business","og_description":"In Burgdorf ist mit den Bauarbeiten f\u00fcr den ersten Neubau auf dem Entwicklungsareal Suttergut Nord begonnen worden.","og_url":"https:\/\/www.immobilienbusiness.ch\/fr\/regionen\/2022-06-13\/baustart-auf-dem-suttergut-nord-in-burgdorf\/","og_site_name":"IMMOBILIEN Business","article_publisher":"https:\/\/www.facebook.com\/immobilienbusiness\/","article_published_time":"2022-06-13T05:30:44+00:00","article_modified_time":"2022-06-15T06:19:19+00:00","og_image":[{"width":1200,"height":800,"url":"https:\/\/www.immobilienbusiness.ch\/wp-content\/uploads\/2022\/06\/Luftbild-1_Aebiareal_Burgdorf-scaled.jpg","type":"image\/jpeg"}],"author":"anja.hall","twitter_card":"summary_large_image","twitter_image":"https:\/\/www.immobilienbusiness.ch\/wp-content\/uploads\/2022\/06\/Luftbild-1_Aebiareal_Burgdorf-scaled.jpg","schema":{"@context":"https:\/\/schema.org","@graph":[{"@type":"Article","@id":"https:\/\/www.immobilienbusiness.ch\/regionen\/2022-06-13\/baustart-auf-dem-suttergut-nord-in-burgdorf\/#article","isPartOf":{"@id":"https:\/\/www.immobilienbusiness.ch\/regionen\/2022-06-13\/baustart-auf-dem-suttergut-nord-in-burgdorf\/"},"author":{"name":"anja.hall","@id":"https:\/\/www.immobilienbusiness.ch\/#\/schema\/person\/3fc036297b10b9f42d6db5ee932af8c8"},"headline":"Baustart auf dem Suttergut Nord in Burgdorf","datePublished":"2022-06-13T05:30:44+00:00","dateModified":"2022-06-15T06:19:19+00:00","mainEntityOfPage":{"@id":"https:\/\/www.immobilienbusiness.ch\/regionen\/2022-06-13\/baustart-auf-dem-suttergut-nord-in-burgdorf\/"},"wordCount":191,"publisher":{"@id":"https:\/\/www.immobilienbusiness.ch\/#organization"},"image":{"@id":"https:\/\/www.immobilienbusiness.ch\/regionen\/2022-06-13\/baustart-auf-dem-suttergut-nord-in-burgdorf\/#primaryimage"},"thumbnailUrl":"https:\/\/www.immobilienbusiness.ch\/wp-content\/uploads\/2022\/06\/Luftbild-1_Aebiareal_Burgdorf-scaled.jpg","keywords":["Espace Real Estate","Gesundheitsimmobilien","Kanton Bern","Projekt in Bau"],"articleSection":["REGIONEN"],"inLanguage":"fr-FR"},{"@type":"WebPage","@id":"https:\/\/www.immobilienbusiness.ch\/regionen\/2022-06-13\/baustart-auf-dem-suttergut-nord-in-burgdorf\/","url":"https:\/\/www.immobilienbusiness.ch\/regionen\/2022-06-13\/baustart-auf-dem-suttergut-nord-in-burgdorf\/","name":"Baustart auf dem Suttergut Nord in Burgdorf - IMMOBILIEN Business","isPartOf":{"@id":"https:\/\/www.immobilienbusiness.ch\/#website"},"primaryImageOfPage":{"@id":"https:\/\/www.immobilienbusiness.ch\/regionen\/2022-06-13\/baustart-auf-dem-suttergut-nord-in-burgdorf\/#primaryimage"},"image":{"@id":"https:\/\/www.immobilienbusiness.ch\/regionen\/2022-06-13\/baustart-auf-dem-suttergut-nord-in-burgdorf\/#primaryimage"},"thumbnailUrl":"https:\/\/www.immobilienbusiness.ch\/wp-content\/uploads\/2022\/06\/Luftbild-1_Aebiareal_Burgdorf-scaled.jpg","datePublished":"2022-06-13T05:30:44+00:00","dateModified":"2022-06-15T06:19:19+00:00","description":"Les travaux de construction du premier nouveau b\u00e2timent sur le site de d\u00e9veloppement Suttergut Nord ont d\u00e9but\u00e9 \u00e0 Berthoud.","breadcrumb":{"@id":"https:\/\/www.immobilienbusiness.ch\/regionen\/2022-06-13\/baustart-auf-dem-suttergut-nord-in-burgdorf\/#breadcrumb"},"inLanguage":"fr-FR","potentialAction":[{"@type":"ReadAction","target":["https:\/\/www.immobilienbusiness.ch\/regionen\/2022-06-13\/baustart-auf-dem-suttergut-nord-in-burgdorf\/"]}]},{"@type":"ImageObject","inLanguage":"fr-FR","@id":"https:\/\/www.immobilienbusiness.ch\/regionen\/2022-06-13\/baustart-auf-dem-suttergut-nord-in-burgdorf\/#primaryimage","url":"https:\/\/www.immobilienbusiness.ch\/wp-content\/uploads\/2022\/06\/Luftbild-1_Aebiareal_Burgdorf-scaled.jpg","contentUrl":"https:\/\/www.immobilienbusiness.ch\/wp-content\/uploads\/2022\/06\/Luftbild-1_Aebiareal_Burgdorf-scaled.jpg","width":1200,"height":800,"caption":"Das Aebi-Aeral in Burgdorf (Quelle: IG Aebiareal)"},{"@type":"BreadcrumbList","@id":"https:\/\/www.immobilienbusiness.ch\/regionen\/2022-06-13\/baustart-auf-dem-suttergut-nord-in-burgdorf\/#breadcrumb","itemListElement":[{"@type":"ListItem","position":1,"name":"Home","item":"https:\/\/www.immobilienbusiness.ch\/"},{"@type":"ListItem","position":2,"name":"Baustart auf dem Suttergut Nord in Burgdorf"}]},{"@type":"WebSite","@id":"https:\/\/www.immobilienbusiness.ch\/#website","url":"https:\/\/www.immobilienbusiness.ch\/","name":"IMMOBILIER Business","description":"Magazine \u00e9conomique suisse ind\u00e9pendant ax\u00e9 sur l'immobilier, l'architecture et la construction ainsi que sur les investissements et le financement.","publisher":{"@id":"https:\/\/www.immobilienbusiness.ch\/#organization"},"potentialAction":[{"@type":"SearchAction","target":{"@type":"EntryPoint","urlTemplate":"https:\/\/www.immobilienbusiness.ch\/?s={search_term_string}"},"query-input":{"@type":"PropertyValueSpecification","valueRequired":true,"valueName":"search_term_string"}}],"inLanguage":"fr-FR"},{"@type":"Organization","@id":"https:\/\/www.immobilienbusiness.ch\/#organization","name":"IMMOBILIER Business","url":"https:\/\/www.immobilienbusiness.ch\/","logo":{"@type":"ImageObject","inLanguage":"fr-FR","@id":"https:\/\/www.immobilienbusiness.ch\/#\/schema\/logo\/image\/","url":"https:\/\/www.immobilienbusiness.ch\/wp-content\/uploads\/2021\/07\/logo_ib.png","contentUrl":"https:\/\/www.immobilienbusiness.ch\/wp-content\/uploads\/2021\/07\/logo_ib.png","width":800,"height":181,"caption":"IMMOBILIEN Business"},"image":{"@id":"https:\/\/www.immobilienbusiness.ch\/#\/schema\/logo\/image\/"},"sameAs":["https:\/\/www.facebook.com\/immobilienbusiness\/"]},{"@type":"Person","@id":"https:\/\/www.immobilienbusiness.ch\/#\/schema\/person\/3fc036297b10b9f42d6db5ee932af8c8","name":"anja.hall","image":{"@type":"ImageObject","inLanguage":"fr-FR","@id":"https:\/\/secure.gravatar.com\/avatar\/066b5a0d447013502c71a5782f4f3469f03cfe595cc2329fb94652fe47511bfb?s=96&d=mm&r=g","url":"https:\/\/secure.gravatar.com\/avatar\/066b5a0d447013502c71a5782f4f3469f03cfe595cc2329fb94652fe47511bfb?s=96&d=mm&r=g","contentUrl":"https:\/\/secure.gravatar.com\/avatar\/066b5a0d447013502c71a5782f4f3469f03cfe595cc2329fb94652fe47511bfb?s=96&d=mm&r=g","caption":"anja.hall"},"url":"https:\/\/www.immobilienbusiness.ch\/fr\/author\/anja-hall\/"}]}},"_links":{"self":[{"href":"https:\/\/www.immobilienbusiness.ch\/fr\/wp-json\/wp\/v2\/posts\/42877","targetHints":{"allow":["GET"]}}],"collection":[{"href":"https:\/\/www.immobilienbusiness.ch\/fr\/wp-json\/wp\/v2\/posts"}],"about":[{"href":"https:\/\/www.immobilienbusiness.ch\/fr\/wp-json\/wp\/v2\/types\/post"}],"author":[{"embeddable":true,"href":"https:\/\/www.immobilienbusiness.ch\/fr\/wp-json\/wp\/v2\/users\/3"}],"replies":[{"embeddable":true,"href":"https:\/\/www.immobilienbusiness.ch\/fr\/wp-json\/wp\/v2\/comments?post=42877"}],"version-history":[{"count":1,"href":"https:\/\/www.immobilienbusiness.ch\/fr\/wp-json\/wp\/v2\/posts\/42877\/revisions"}],"predecessor-version":[{"id":42879,"href":"https:\/\/www.immobilienbusiness.ch\/fr\/wp-json\/wp\/v2\/posts\/42877\/revisions\/42879"}],"wp:featuredmedia":[{"embeddable":true,"href":"https:\/\/www.immobilienbusiness.ch\/fr\/wp-json\/wp\/v2\/media\/42878"}],"wp:attachment":[{"href":"https:\/\/www.immobilienbusiness.ch\/fr\/wp-json\/wp\/v2\/media?parent=42877"}],"wp:term":[{"taxonomy":"category","embeddable":true,"href":"https:\/\/www.immobilienbusiness.ch\/fr\/wp-json\/wp\/v2\/categories?post=42877"},{"taxonomy":"post_tag","embeddable":true,"href":"https:\/\/www.immobilienbusiness.ch\/fr\/wp-json\/wp\/v2\/tags?post=42877"}],"curies":[{"name":"wp","href":"https:\/\/api.w.org\/{rel}","templated":true}]}}