{"id":42522,"date":"2022-05-09T08:15:07","date_gmt":"2022-05-09T06:15:07","guid":{"rendered":"https:\/\/www.immobilienbusiness.ch\/?p=42522"},"modified":"2023-07-31T14:15:11","modified_gmt":"2023-07-31T12:15:11","slug":"avobis-lanciert-wohnimmobilienfonds","status":"publish","type":"post","link":"https:\/\/www.immobilienbusiness.ch\/fr\/unternehmen\/2022-05-09\/avobis-lanciert-wohnimmobilienfonds\/","title":{"rendered":"Avobis lance un fonds immobilier r\u00e9sidentiel"},"content":{"rendered":"<figure id=\"attachment_17727\" aria-describedby=\"caption-attachment-17727\" style=\"width: 585px\" class=\"wp-caption alignnone\"><a href=\"https:\/\/www.immobilienbusiness.ch\/wp-content\/uploads\/2019\/07\/Coverbild-Schweizer-Immobilienbrief-284.jpg\"><img loading=\"lazy\" decoding=\"async\" class=\"wp-image-17727 size-full\" src=\"https:\/\/www.immobilienbusiness.ch\/wp-content\/uploads\/2019\/07\/Coverbild-Schweizer-Immobilienbrief-284.jpg\" alt=\"Avobis Swiss Residential\" width=\"585\" height=\"386\" srcset=\"https:\/\/www.immobilienbusiness.ch\/wp-content\/uploads\/2019\/07\/Coverbild-Schweizer-Immobilienbrief-284.jpg 585w, https:\/\/www.immobilienbusiness.ch\/wp-content\/uploads\/2019\/07\/Coverbild-Schweizer-Immobilienbrief-284-300x198.jpg 300w, https:\/\/www.immobilienbusiness.ch\/wp-content\/uploads\/2019\/07\/Coverbild-Schweizer-Immobilienbrief-284-16x12.jpg 16w, https:\/\/www.immobilienbusiness.ch\/wp-content\/uploads\/2019\/07\/Coverbild-Schweizer-Immobilienbrief-284-265x175.jpg 265w, https:\/\/www.immobilienbusiness.ch\/wp-content\/uploads\/2019\/07\/Coverbild-Schweizer-Immobilienbrief-284-530x350.jpg 530w\" sizes=\"auto, (max-width: 585px) 100vw, 585px\" \/><\/a><figcaption id=\"caption-attachment-17727\" class=\"wp-caption-text\">Le nouveau fonds d'Avobis mise sur l'immobilier r\u00e9sidentiel (Photo : KZLOBASTOV\/DEPOSITPHOTOS)<\/figcaption><\/figure>\n<p>La soci\u00e9t\u00e9 Avobis Invest AG, qui fait partie du groupe Avobis, lance son premier fonds immobilier, Avobis Real Estate Funds SICAV. Le compartiment qu'il contient, Avobis Swiss Residential Real Estate Fund Pension, doit investir dans des immeubles d'habitation enti\u00e8rement lou\u00e9s et \u00e0 l'\u00e9tat neuf en Suisse, indique la soci\u00e9t\u00e9. Le portefeuille sera notamment constitu\u00e9 en tenant compte des futures r\u00e9glementations attendues dans le domaine de la construction et de la protection de l'environnement. Avobis Invest veut ainsi s'assurer que les biens immobiliers r\u00e9pondent aux crit\u00e8res les plus importants, par exemple en mati\u00e8re d'efficacit\u00e9 du b\u00e2timent et d'\u00e9missions de CO2, et qu'aucun investissement majeur ne soit n\u00e9cessaire \u00e0 moyen terme.<\/p>\n<p>\"L'objectif de la strat\u00e9gie de placement est de g\u00e9n\u00e9rer pour l'investisseur une distribution stable et durable, conforme au march\u00e9 et aux risques, tout en assurant une stabilit\u00e9 maximale de la valeur\", explique Fr\u00e9d\u00e9ric K\u00f6nigsegg, Head Investment Products chez Avobis.<\/p>\n<p>Le compartiment Avobis Swiss Residential Real Estate Fund Pension s'adresse \u00e0 des institutions de pr\u00e9voyance professionnelle qualifi\u00e9es et exon\u00e9r\u00e9es d'imp\u00f4ts ainsi qu'\u00e0 des caisses d'assurances sociales et de compensation qualifi\u00e9es et exon\u00e9r\u00e9es d'imp\u00f4ts. Le volume d'\u00e9mission devrait se situer entre 60 et 80 millions de CHF.<\/p>\n<p>La p\u00e9riode de souscription s'\u00e9tend du 1er juin au 1er juillet 2022, la lib\u00e9ration est pr\u00e9vue pour le 7 juillet. La direction du fonds est d\u00e9l\u00e9gu\u00e9e \u00e0 PvB Pernet von Ballmoos AG, tandis qu'Avobis Invest est responsable de la gestion des actifs. <em>(ah)<\/em><\/p>","protected":false},"excerpt":{"rendered":"<p>Avobis Invest lance pour la premi\u00e8re fois son propre fonds immobilier. Il s'adresse \u00e0 des investisseurs qualifi\u00e9s et vise \u00e0 investir dans l'immobilier r\u00e9sidentiel.<\/p>","protected":false},"author":3,"featured_media":17727,"comment_status":"closed","ping_status":"closed","sticky":false,"template":"","format":"standard","meta":{"_acf_changed":false,"_yoast_wpseo_focuskw":"Avobis Swiss Residential","_yoast_wpseo_title":"","_yoast_wpseo_metadesc":"Die Avobis Invest legt erstmals einen eigenen Immobilienfonds auf. Er richtet sich an qualifizierte Anleger und will in Wohnimmobilien investieren.","_yoast_wpseo_linkdex":50,"pgc_sgb_lightbox_settings":"","footnotes":""},"categories":[988],"tags":[1056,1344,1863],"class_list":["post-42522","post","type-post","status-publish","format-standard","has-post-thumbnail","hentry","category-unternehmen","tag-avobis","tag-immobilienfonds","tag-wohnimmobilien"],"acf":[],"yoast_head":"<!-- This site is optimized with the Yoast SEO plugin v27.5 - https:\/\/yoast.com\/product\/yoast-seo-wordpress\/ -->\n<title>Avobis lanciert Wohnimmobilienfonds - IMMOBILIEN Business<\/title>\n<meta name=\"description\" content=\"Die Avobis Invest legt erstmals einen eigenen Immobilienfonds auf. Er richtet sich an qualifizierte Anleger und will in Wohnimmobilien investieren.\" \/>\n<meta name=\"robots\" content=\"index, follow, max-snippet:-1, max-image-preview:large, max-video-preview:-1\" \/>\n<link rel=\"canonical\" href=\"https:\/\/www.immobilienbusiness.ch\/fr\/unternehmen\/2022-05-09\/avobis-lanciert-wohnimmobilienfonds\/\" \/>\n<meta property=\"og:locale\" content=\"fr_FR\" \/>\n<meta property=\"og:type\" content=\"article\" \/>\n<meta property=\"og:title\" content=\"Avobis lanciert Wohnimmobilienfonds - IMMOBILIEN Business\" \/>\n<meta property=\"og:description\" content=\"Die Avobis Invest legt erstmals einen eigenen Immobilienfonds auf. Er richtet sich an qualifizierte Anleger und will in Wohnimmobilien investieren.\" \/>\n<meta property=\"og:url\" content=\"https:\/\/www.immobilienbusiness.ch\/fr\/unternehmen\/2022-05-09\/avobis-lanciert-wohnimmobilienfonds\/\" \/>\n<meta property=\"og:site_name\" content=\"IMMOBILIEN Business\" \/>\n<meta property=\"article:publisher\" content=\"https:\/\/www.facebook.com\/immobilienbusiness\/\" \/>\n<meta property=\"article:published_time\" content=\"2022-05-09T06:15:07+00:00\" \/>\n<meta property=\"article:modified_time\" content=\"2023-07-31T12:15:11+00:00\" \/>\n<meta property=\"og:image\" content=\"https:\/\/www.immobilienbusiness.ch\/wp-content\/uploads\/2019\/07\/Coverbild-Schweizer-Immobilienbrief-284.jpg\" \/>\n\t<meta property=\"og:image:width\" content=\"585\" \/>\n\t<meta property=\"og:image:height\" content=\"386\" \/>\n\t<meta property=\"og:image:type\" content=\"image\/jpeg\" \/>\n<meta name=\"author\" content=\"anja.hall\" \/>\n<meta name=\"twitter:card\" content=\"summary_large_image\" \/>\n<meta name=\"twitter:image\" content=\"https:\/\/www.immobilienbusiness.ch\/wp-content\/uploads\/2019\/07\/Coverbild-Schweizer-Immobilienbrief-284.jpg\" \/>\n<script type=\"application\/ld+json\" class=\"yoast-schema-graph\">{\"@context\":\"https:\\\/\\\/schema.org\",\"@graph\":[{\"@type\":\"Article\",\"@id\":\"https:\\\/\\\/www.immobilienbusiness.ch\\\/unternehmen\\\/2022-05-09\\\/avobis-lanciert-wohnimmobilienfonds\\\/#article\",\"isPartOf\":{\"@id\":\"https:\\\/\\\/www.immobilienbusiness.ch\\\/unternehmen\\\/2022-05-09\\\/avobis-lanciert-wohnimmobilienfonds\\\/\"},\"author\":{\"name\":\"anja.hall\",\"@id\":\"https:\\\/\\\/www.immobilienbusiness.ch\\\/#\\\/schema\\\/person\\\/3fc036297b10b9f42d6db5ee932af8c8\"},\"headline\":\"Avobis lanciert Wohnimmobilienfonds\",\"datePublished\":\"2022-05-09T06:15:07+00:00\",\"dateModified\":\"2023-07-31T12:15:11+00:00\",\"mainEntityOfPage\":{\"@id\":\"https:\\\/\\\/www.immobilienbusiness.ch\\\/unternehmen\\\/2022-05-09\\\/avobis-lanciert-wohnimmobilienfonds\\\/\"},\"wordCount\":222,\"publisher\":{\"@id\":\"https:\\\/\\\/www.immobilienbusiness.ch\\\/#organization\"},\"image\":{\"@id\":\"https:\\\/\\\/www.immobilienbusiness.ch\\\/unternehmen\\\/2022-05-09\\\/avobis-lanciert-wohnimmobilienfonds\\\/#primaryimage\"},\"thumbnailUrl\":\"https:\\\/\\\/www.immobilienbusiness.ch\\\/wp-content\\\/uploads\\\/2019\\\/07\\\/Coverbild-Schweizer-Immobilienbrief-284.jpg\",\"keywords\":[\"Avobis\",\"Immobilienfonds\",\"Wohnimmobilien\"],\"articleSection\":[\"UNTERNEHMEN\"],\"inLanguage\":\"fr-FR\"},{\"@type\":\"WebPage\",\"@id\":\"https:\\\/\\\/www.immobilienbusiness.ch\\\/unternehmen\\\/2022-05-09\\\/avobis-lanciert-wohnimmobilienfonds\\\/\",\"url\":\"https:\\\/\\\/www.immobilienbusiness.ch\\\/unternehmen\\\/2022-05-09\\\/avobis-lanciert-wohnimmobilienfonds\\\/\",\"name\":\"Avobis lanciert Wohnimmobilienfonds - IMMOBILIEN Business\",\"isPartOf\":{\"@id\":\"https:\\\/\\\/www.immobilienbusiness.ch\\\/#website\"},\"primaryImageOfPage\":{\"@id\":\"https:\\\/\\\/www.immobilienbusiness.ch\\\/unternehmen\\\/2022-05-09\\\/avobis-lanciert-wohnimmobilienfonds\\\/#primaryimage\"},\"image\":{\"@id\":\"https:\\\/\\\/www.immobilienbusiness.ch\\\/unternehmen\\\/2022-05-09\\\/avobis-lanciert-wohnimmobilienfonds\\\/#primaryimage\"},\"thumbnailUrl\":\"https:\\\/\\\/www.immobilienbusiness.ch\\\/wp-content\\\/uploads\\\/2019\\\/07\\\/Coverbild-Schweizer-Immobilienbrief-284.jpg\",\"datePublished\":\"2022-05-09T06:15:07+00:00\",\"dateModified\":\"2023-07-31T12:15:11+00:00\",\"description\":\"Die Avobis Invest legt erstmals einen eigenen Immobilienfonds auf. Er richtet sich an qualifizierte Anleger und will in Wohnimmobilien investieren.\",\"breadcrumb\":{\"@id\":\"https:\\\/\\\/www.immobilienbusiness.ch\\\/unternehmen\\\/2022-05-09\\\/avobis-lanciert-wohnimmobilienfonds\\\/#breadcrumb\"},\"inLanguage\":\"fr-FR\",\"potentialAction\":[{\"@type\":\"ReadAction\",\"target\":[\"https:\\\/\\\/www.immobilienbusiness.ch\\\/unternehmen\\\/2022-05-09\\\/avobis-lanciert-wohnimmobilienfonds\\\/\"]}]},{\"@type\":\"ImageObject\",\"inLanguage\":\"fr-FR\",\"@id\":\"https:\\\/\\\/www.immobilienbusiness.ch\\\/unternehmen\\\/2022-05-09\\\/avobis-lanciert-wohnimmobilienfonds\\\/#primaryimage\",\"url\":\"https:\\\/\\\/www.immobilienbusiness.ch\\\/wp-content\\\/uploads\\\/2019\\\/07\\\/Coverbild-Schweizer-Immobilienbrief-284.jpg\",\"contentUrl\":\"https:\\\/\\\/www.immobilienbusiness.ch\\\/wp-content\\\/uploads\\\/2019\\\/07\\\/Coverbild-Schweizer-Immobilienbrief-284.jpg\",\"width\":585,\"height\":386,\"caption\":\"Mehrfamilienh\u00e4user stehen bei Anlegern hoch im Kurs (Bild: KZLOBASTOV\\\/DEPOSITPHOTOS)\"},{\"@type\":\"BreadcrumbList\",\"@id\":\"https:\\\/\\\/www.immobilienbusiness.ch\\\/unternehmen\\\/2022-05-09\\\/avobis-lanciert-wohnimmobilienfonds\\\/#breadcrumb\",\"itemListElement\":[{\"@type\":\"ListItem\",\"position\":1,\"name\":\"Home\",\"item\":\"https:\\\/\\\/www.immobilienbusiness.ch\\\/\"},{\"@type\":\"ListItem\",\"position\":2,\"name\":\"Avobis lanciert Wohnimmobilienfonds\"}]},{\"@type\":\"WebSite\",\"@id\":\"https:\\\/\\\/www.immobilienbusiness.ch\\\/#website\",\"url\":\"https:\\\/\\\/www.immobilienbusiness.ch\\\/\",\"name\":\"IMMOBILIEN Business\",\"description\":\"Unabh\u00e4ngiges Schweizer Wirtschaftsmagazin mit Fokus auf Immobilien, Architektur- und Bau sowie Investment- und Finanzierung.\",\"publisher\":{\"@id\":\"https:\\\/\\\/www.immobilienbusiness.ch\\\/#organization\"},\"potentialAction\":[{\"@type\":\"SearchAction\",\"target\":{\"@type\":\"EntryPoint\",\"urlTemplate\":\"https:\\\/\\\/www.immobilienbusiness.ch\\\/?s={search_term_string}\"},\"query-input\":{\"@type\":\"PropertyValueSpecification\",\"valueRequired\":true,\"valueName\":\"search_term_string\"}}],\"inLanguage\":\"fr-FR\"},{\"@type\":\"Organization\",\"@id\":\"https:\\\/\\\/www.immobilienbusiness.ch\\\/#organization\",\"name\":\"IMMOBILIEN Business\",\"url\":\"https:\\\/\\\/www.immobilienbusiness.ch\\\/\",\"logo\":{\"@type\":\"ImageObject\",\"inLanguage\":\"fr-FR\",\"@id\":\"https:\\\/\\\/www.immobilienbusiness.ch\\\/#\\\/schema\\\/logo\\\/image\\\/\",\"url\":\"https:\\\/\\\/www.immobilienbusiness.ch\\\/wp-content\\\/uploads\\\/2021\\\/07\\\/logo_ib.png\",\"contentUrl\":\"https:\\\/\\\/www.immobilienbusiness.ch\\\/wp-content\\\/uploads\\\/2021\\\/07\\\/logo_ib.png\",\"width\":800,\"height\":181,\"caption\":\"IMMOBILIEN Business\"},\"image\":{\"@id\":\"https:\\\/\\\/www.immobilienbusiness.ch\\\/#\\\/schema\\\/logo\\\/image\\\/\"},\"sameAs\":[\"https:\\\/\\\/www.facebook.com\\\/immobilienbusiness\\\/\"]},{\"@type\":\"Person\",\"@id\":\"https:\\\/\\\/www.immobilienbusiness.ch\\\/#\\\/schema\\\/person\\\/3fc036297b10b9f42d6db5ee932af8c8\",\"name\":\"anja.hall\",\"image\":{\"@type\":\"ImageObject\",\"inLanguage\":\"fr-FR\",\"@id\":\"https:\\\/\\\/secure.gravatar.com\\\/avatar\\\/066b5a0d447013502c71a5782f4f3469f03cfe595cc2329fb94652fe47511bfb?s=96&d=mm&r=g\",\"url\":\"https:\\\/\\\/secure.gravatar.com\\\/avatar\\\/066b5a0d447013502c71a5782f4f3469f03cfe595cc2329fb94652fe47511bfb?s=96&d=mm&r=g\",\"contentUrl\":\"https:\\\/\\\/secure.gravatar.com\\\/avatar\\\/066b5a0d447013502c71a5782f4f3469f03cfe595cc2329fb94652fe47511bfb?s=96&d=mm&r=g\",\"caption\":\"anja.hall\"},\"url\":\"https:\\\/\\\/www.immobilienbusiness.ch\\\/fr\\\/author\\\/anja-hall\\\/\"}]}<\/script>\n<!-- \/ Yoast SEO plugin. -->","yoast_head_json":{"title":"Avobis lanciert Wohnimmobilienfonds - IMMOBILIEN Business","description":"Avobis Invest lance pour la premi\u00e8re fois son propre fonds immobilier. Il s'adresse \u00e0 des investisseurs qualifi\u00e9s et entend investir dans l'immobilier r\u00e9sidentiel.","robots":{"index":"index","follow":"follow","max-snippet":"max-snippet:-1","max-image-preview":"max-image-preview:large","max-video-preview":"max-video-preview:-1"},"canonical":"https:\/\/www.immobilienbusiness.ch\/fr\/unternehmen\/2022-05-09\/avobis-lanciert-wohnimmobilienfonds\/","og_locale":"fr_FR","og_type":"article","og_title":"Avobis lanciert Wohnimmobilienfonds - IMMOBILIEN Business","og_description":"Die Avobis Invest legt erstmals einen eigenen Immobilienfonds auf. Er richtet sich an qualifizierte Anleger und will in Wohnimmobilien investieren.","og_url":"https:\/\/www.immobilienbusiness.ch\/fr\/unternehmen\/2022-05-09\/avobis-lanciert-wohnimmobilienfonds\/","og_site_name":"IMMOBILIEN Business","article_publisher":"https:\/\/www.facebook.com\/immobilienbusiness\/","article_published_time":"2022-05-09T06:15:07+00:00","article_modified_time":"2023-07-31T12:15:11+00:00","og_image":[{"width":585,"height":386,"url":"https:\/\/www.immobilienbusiness.ch\/wp-content\/uploads\/2019\/07\/Coverbild-Schweizer-Immobilienbrief-284.jpg","type":"image\/jpeg"}],"author":"anja.hall","twitter_card":"summary_large_image","twitter_image":"https:\/\/www.immobilienbusiness.ch\/wp-content\/uploads\/2019\/07\/Coverbild-Schweizer-Immobilienbrief-284.jpg","schema":{"@context":"https:\/\/schema.org","@graph":[{"@type":"Article","@id":"https:\/\/www.immobilienbusiness.ch\/unternehmen\/2022-05-09\/avobis-lanciert-wohnimmobilienfonds\/#article","isPartOf":{"@id":"https:\/\/www.immobilienbusiness.ch\/unternehmen\/2022-05-09\/avobis-lanciert-wohnimmobilienfonds\/"},"author":{"name":"anja.hall","@id":"https:\/\/www.immobilienbusiness.ch\/#\/schema\/person\/3fc036297b10b9f42d6db5ee932af8c8"},"headline":"Avobis lanciert Wohnimmobilienfonds","datePublished":"2022-05-09T06:15:07+00:00","dateModified":"2023-07-31T12:15:11+00:00","mainEntityOfPage":{"@id":"https:\/\/www.immobilienbusiness.ch\/unternehmen\/2022-05-09\/avobis-lanciert-wohnimmobilienfonds\/"},"wordCount":222,"publisher":{"@id":"https:\/\/www.immobilienbusiness.ch\/#organization"},"image":{"@id":"https:\/\/www.immobilienbusiness.ch\/unternehmen\/2022-05-09\/avobis-lanciert-wohnimmobilienfonds\/#primaryimage"},"thumbnailUrl":"https:\/\/www.immobilienbusiness.ch\/wp-content\/uploads\/2019\/07\/Coverbild-Schweizer-Immobilienbrief-284.jpg","keywords":["Avobis","Immobilienfonds","Wohnimmobilien"],"articleSection":["UNTERNEHMEN"],"inLanguage":"fr-FR"},{"@type":"WebPage","@id":"https:\/\/www.immobilienbusiness.ch\/unternehmen\/2022-05-09\/avobis-lanciert-wohnimmobilienfonds\/","url":"https:\/\/www.immobilienbusiness.ch\/unternehmen\/2022-05-09\/avobis-lanciert-wohnimmobilienfonds\/","name":"Avobis lanciert Wohnimmobilienfonds - IMMOBILIEN Business","isPartOf":{"@id":"https:\/\/www.immobilienbusiness.ch\/#website"},"primaryImageOfPage":{"@id":"https:\/\/www.immobilienbusiness.ch\/unternehmen\/2022-05-09\/avobis-lanciert-wohnimmobilienfonds\/#primaryimage"},"image":{"@id":"https:\/\/www.immobilienbusiness.ch\/unternehmen\/2022-05-09\/avobis-lanciert-wohnimmobilienfonds\/#primaryimage"},"thumbnailUrl":"https:\/\/www.immobilienbusiness.ch\/wp-content\/uploads\/2019\/07\/Coverbild-Schweizer-Immobilienbrief-284.jpg","datePublished":"2022-05-09T06:15:07+00:00","dateModified":"2023-07-31T12:15:11+00:00","description":"Avobis Invest lance pour la premi\u00e8re fois son propre fonds immobilier. Il s'adresse \u00e0 des investisseurs qualifi\u00e9s et entend investir dans l'immobilier r\u00e9sidentiel.","breadcrumb":{"@id":"https:\/\/www.immobilienbusiness.ch\/unternehmen\/2022-05-09\/avobis-lanciert-wohnimmobilienfonds\/#breadcrumb"},"inLanguage":"fr-FR","potentialAction":[{"@type":"ReadAction","target":["https:\/\/www.immobilienbusiness.ch\/unternehmen\/2022-05-09\/avobis-lanciert-wohnimmobilienfonds\/"]}]},{"@type":"ImageObject","inLanguage":"fr-FR","@id":"https:\/\/www.immobilienbusiness.ch\/unternehmen\/2022-05-09\/avobis-lanciert-wohnimmobilienfonds\/#primaryimage","url":"https:\/\/www.immobilienbusiness.ch\/wp-content\/uploads\/2019\/07\/Coverbild-Schweizer-Immobilienbrief-284.jpg","contentUrl":"https:\/\/www.immobilienbusiness.ch\/wp-content\/uploads\/2019\/07\/Coverbild-Schweizer-Immobilienbrief-284.jpg","width":585,"height":386,"caption":"Mehrfamilienh\u00e4user stehen bei Anlegern hoch im Kurs (Bild: KZLOBASTOV\/DEPOSITPHOTOS)"},{"@type":"BreadcrumbList","@id":"https:\/\/www.immobilienbusiness.ch\/unternehmen\/2022-05-09\/avobis-lanciert-wohnimmobilienfonds\/#breadcrumb","itemListElement":[{"@type":"ListItem","position":1,"name":"Home","item":"https:\/\/www.immobilienbusiness.ch\/"},{"@type":"ListItem","position":2,"name":"Avobis lanciert Wohnimmobilienfonds"}]},{"@type":"WebSite","@id":"https:\/\/www.immobilienbusiness.ch\/#website","url":"https:\/\/www.immobilienbusiness.ch\/","name":"IMMOBILIER Business","description":"Magazine \u00e9conomique suisse ind\u00e9pendant ax\u00e9 sur l'immobilier, l'architecture et la construction ainsi que sur les investissements et le financement.","publisher":{"@id":"https:\/\/www.immobilienbusiness.ch\/#organization"},"potentialAction":[{"@type":"SearchAction","target":{"@type":"EntryPoint","urlTemplate":"https:\/\/www.immobilienbusiness.ch\/?s={search_term_string}"},"query-input":{"@type":"PropertyValueSpecification","valueRequired":true,"valueName":"search_term_string"}}],"inLanguage":"fr-FR"},{"@type":"Organization","@id":"https:\/\/www.immobilienbusiness.ch\/#organization","name":"IMMOBILIER Business","url":"https:\/\/www.immobilienbusiness.ch\/","logo":{"@type":"ImageObject","inLanguage":"fr-FR","@id":"https:\/\/www.immobilienbusiness.ch\/#\/schema\/logo\/image\/","url":"https:\/\/www.immobilienbusiness.ch\/wp-content\/uploads\/2021\/07\/logo_ib.png","contentUrl":"https:\/\/www.immobilienbusiness.ch\/wp-content\/uploads\/2021\/07\/logo_ib.png","width":800,"height":181,"caption":"IMMOBILIEN Business"},"image":{"@id":"https:\/\/www.immobilienbusiness.ch\/#\/schema\/logo\/image\/"},"sameAs":["https:\/\/www.facebook.com\/immobilienbusiness\/"]},{"@type":"Person","@id":"https:\/\/www.immobilienbusiness.ch\/#\/schema\/person\/3fc036297b10b9f42d6db5ee932af8c8","name":"anja.hall","image":{"@type":"ImageObject","inLanguage":"fr-FR","@id":"https:\/\/secure.gravatar.com\/avatar\/066b5a0d447013502c71a5782f4f3469f03cfe595cc2329fb94652fe47511bfb?s=96&d=mm&r=g","url":"https:\/\/secure.gravatar.com\/avatar\/066b5a0d447013502c71a5782f4f3469f03cfe595cc2329fb94652fe47511bfb?s=96&d=mm&r=g","contentUrl":"https:\/\/secure.gravatar.com\/avatar\/066b5a0d447013502c71a5782f4f3469f03cfe595cc2329fb94652fe47511bfb?s=96&d=mm&r=g","caption":"anja.hall"},"url":"https:\/\/www.immobilienbusiness.ch\/fr\/author\/anja-hall\/"}]}},"_links":{"self":[{"href":"https:\/\/www.immobilienbusiness.ch\/fr\/wp-json\/wp\/v2\/posts\/42522","targetHints":{"allow":["GET"]}}],"collection":[{"href":"https:\/\/www.immobilienbusiness.ch\/fr\/wp-json\/wp\/v2\/posts"}],"about":[{"href":"https:\/\/www.immobilienbusiness.ch\/fr\/wp-json\/wp\/v2\/types\/post"}],"author":[{"embeddable":true,"href":"https:\/\/www.immobilienbusiness.ch\/fr\/wp-json\/wp\/v2\/users\/3"}],"replies":[{"embeddable":true,"href":"https:\/\/www.immobilienbusiness.ch\/fr\/wp-json\/wp\/v2\/comments?post=42522"}],"version-history":[{"count":4,"href":"https:\/\/www.immobilienbusiness.ch\/fr\/wp-json\/wp\/v2\/posts\/42522\/revisions"}],"predecessor-version":[{"id":51519,"href":"https:\/\/www.immobilienbusiness.ch\/fr\/wp-json\/wp\/v2\/posts\/42522\/revisions\/51519"}],"wp:featuredmedia":[{"embeddable":true,"href":"https:\/\/www.immobilienbusiness.ch\/fr\/wp-json\/wp\/v2\/media\/17727"}],"wp:attachment":[{"href":"https:\/\/www.immobilienbusiness.ch\/fr\/wp-json\/wp\/v2\/media?parent=42522"}],"wp:term":[{"taxonomy":"category","embeddable":true,"href":"https:\/\/www.immobilienbusiness.ch\/fr\/wp-json\/wp\/v2\/categories?post=42522"},{"taxonomy":"post_tag","embeddable":true,"href":"https:\/\/www.immobilienbusiness.ch\/fr\/wp-json\/wp\/v2\/tags?post=42522"}],"curies":[{"name":"wp","href":"https:\/\/api.w.org\/{rel}","templated":true}]}}