{"id":4206,"date":"2016-09-30T10:09:54","date_gmt":"2016-09-30T08:09:54","guid":{"rendered":"http:\/\/dev.immobilienbusiness.ch\/?p=4206"},"modified":"2016-09-30T10:09:54","modified_gmt":"2016-09-30T08:09:54","slug":"corestate-neuer-anlauf-fuer-den-ipo","status":"publish","type":"post","link":"https:\/\/www.immobilienbusiness.ch\/fr\/unternehmen\/2016-09-30\/corestate-neuer-anlauf-fuer-den-ipo\/","title":{"rendered":"La soci\u00e9t\u00e9 Corestate : Nouvelle tentative d'introduction en bourse"},"content":{"rendered":"<figure id=\"attachment_4208\" aria-describedby=\"caption-attachment-4208\" style=\"width: 680px\" class=\"wp-caption alignnone\"><img loading=\"lazy\" decoding=\"async\" class=\"wp-image-4208 size-medium\" src=\"https:\/\/immobilienbusiness.ch\/wp-content\/uploads\/2016\/12\/Corestate-Neuer-Anlauf-f\u00fcr-den-IPO-immobilien-business.jpg\" alt=\"Der Handelssaal der Frankfurter B\u00f6rse (Foto: Pythagomath - Eigenes Werk. Lizenziert unter CC-BY-SA 4.0 \u00fcber Wikimedia Commons )\" width=\"680\" height=\"323\" \/><figcaption id=\"caption-attachment-4208\" class=\"wp-caption-text\">La salle des march\u00e9s de la Bourse de Francfort (Photo : Pythagomath - Propre travail. Licence sous CC-BY-SA 4.0 via Wikimedia Commons )<\/figcaption><\/figure>\n<p>Les quelque 12,6 millions d'actions de Corestate doivent \u00eatre incluses dans le n\u00e9goce sur l'Entry Standard de la bourse des valeurs de Francfort.<\/p>\n<p>Corestate a renonc\u00e9 \u00e0 une offre publique d'actions, mais a plac\u00e9 de nouvelles actions pour 43 millions d'euros \u00e0 un prix de 17 euros chacune aupr\u00e8s d'investisseurs s\u00e9lectionn\u00e9s. <a href=\"http:\/\/dev.immobilienbusiness.ch\/corestate-sagt-boersengang-ab\/\" target=\"_blank\" rel=\"noreferrer noopener\" data-cke-saved-href=\"https:\/\/immobilien-business.hamster.ch\/corestate-sagt-boersengang-ab\">Il y a un an, Corestate avait pr\u00e9vu un produit d'\u00e9mission d'environ 100 millions d'euros pour son introduction en bourse.<\/a><\/p>\n<p>En juin dernier, Intershop Holding a vendu sa participation d'environ 28 pour cent dans Corestate Capital Holding S.A. \u00e0 son actionnaire majoritaire Ralph Winter, avec effet r\u00e9troactif au d\u00e9but de l'ann\u00e9e 2016, et en a retir\u00e9 un b\u00e9n\u00e9fice avant imp\u00f4ts de 7,5 millions de CHF, selon ses propres indications. (ah)<\/p>","protected":false},"excerpt":{"rendered":"<p>L'investisseur immobilier Corestate Capital Holding prend un nouveau d\u00e9part. Les actions de l'entreprise devraient d\u00e9sormais \u00eatre cot\u00e9es \u00e0 la bourse de Francfort \u00e0 partir du 4 octobre 2016. Corestate avait d\u00e9j\u00e0 pr\u00e9vu de s'introduire en bourse il y a un peu plus d'un an, mais avait annul\u00e9 l'IPO \u00e0 court terme en raison du contexte de march\u00e9 d\u00e9favorable \u00e0 l'\u00e9poque.<\/p>","protected":false},"author":1,"featured_media":4208,"comment_status":"open","ping_status":"open","sticky":false,"template":"","format":"standard","meta":{"_acf_changed":false,"_yoast_wpseo_focuskw":"Neuer Anlauf f\u00fcr den IPO","_yoast_wpseo_title":"","_yoast_wpseo_metadesc":"Neuer Anlauf f\u00fcr den IPO: Corestate Capital Holding nimmt einen neuen Anlauf. Die Unternehmensaktien werden ab Oktober an der Frankfurter B\u00f6rse notiert.","_yoast_wpseo_linkdex":61,"pgc_sgb_lightbox_settings":"","footnotes":""},"categories":[988],"tags":[1807],"class_list":["post-4206","post","type-post","status-publish","format-standard","has-post-thumbnail","hentry","category-unternehmen","tag-unternehmen"],"acf":[],"yoast_head":"<!-- This site is optimized with the Yoast SEO plugin v27.4 - https:\/\/yoast.com\/product\/yoast-seo-wordpress\/ -->\n<title>Corestate: Neuer Anlauf f\u00fcr den IPO - IMMOBILIEN Business<\/title>\n<meta name=\"description\" content=\"Neuer Anlauf f\u00fcr den IPO: Corestate Capital Holding nimmt einen neuen Anlauf. Die Unternehmensaktien werden ab Oktober an der Frankfurter B\u00f6rse notiert.\" \/>\n<meta name=\"robots\" content=\"index, follow, max-snippet:-1, max-image-preview:large, max-video-preview:-1\" \/>\n<link rel=\"canonical\" href=\"https:\/\/www.immobilienbusiness.ch\/fr\/unternehmen\/2016-09-30\/corestate-neuer-anlauf-fuer-den-ipo\/\" \/>\n<meta property=\"og:locale\" content=\"fr_FR\" \/>\n<meta property=\"og:type\" content=\"article\" \/>\n<meta property=\"og:title\" content=\"Corestate: Neuer Anlauf f\u00fcr den IPO\" \/>\n<meta property=\"og:description\" content=\"Der Immobilieninvestor Corestate Capital Holding nimmt einen neuen Anlauf. Die Aktien des Unternehmens sollen nun ab dem 4. Oktober 2016 an der Frankfurter B\u00f6rse notiert werden. Corestate hatte vor gut einem Jahr schon einmal den Gang an die B\u00f6rse geplant, den IPO aber wegen des damals schlechten Marktumfeldes kurzfristig abgesagt.\" \/>\n<meta property=\"og:url\" content=\"https:\/\/www.immobilienbusiness.ch\/fr\/unternehmen\/2016-09-30\/corestate-neuer-anlauf-fuer-den-ipo\/\" \/>\n<meta property=\"og:site_name\" content=\"IMMOBILIEN Business\" \/>\n<meta property=\"article:publisher\" content=\"https:\/\/www.facebook.com\/immobilienbusiness\/\" \/>\n<meta property=\"article:published_time\" content=\"2016-09-30T08:09:54+00:00\" \/>\n<meta name=\"author\" content=\"Redaktion\" \/>\n<meta name=\"twitter:card\" content=\"summary_large_image\" \/>\n<meta name=\"twitter:image\" content=\"https:\/\/www.immobilienbusiness.ch\/wp-content\/uploads\/2016\/12\/Corestate-Neuer-Anlauf-fuer-den-IPO-immobilien-business.jpg\" \/>\n<script type=\"application\/ld+json\" class=\"yoast-schema-graph\">{\"@context\":\"https:\\\/\\\/schema.org\",\"@graph\":[{\"@type\":\"Article\",\"@id\":\"https:\\\/\\\/www.immobilienbusiness.ch\\\/de\\\/unternehmen\\\/2016-09-30\\\/corestate-neuer-anlauf-fuer-den-ipo\\\/#article\",\"isPartOf\":{\"@id\":\"https:\\\/\\\/www.immobilienbusiness.ch\\\/de\\\/unternehmen\\\/2016-09-30\\\/corestate-neuer-anlauf-fuer-den-ipo\\\/\"},\"author\":{\"name\":\"Redaktion\",\"@id\":\"https:\\\/\\\/www.immobilienbusiness.ch\\\/#\\\/schema\\\/person\\\/aa2bace6c5c5aad60102004a50c4eb1c\"},\"headline\":\"Corestate: Neuer Anlauf f\u00fcr den IPO\",\"datePublished\":\"2016-09-30T08:09:54+00:00\",\"mainEntityOfPage\":{\"@id\":\"https:\\\/\\\/www.immobilienbusiness.ch\\\/de\\\/unternehmen\\\/2016-09-30\\\/corestate-neuer-anlauf-fuer-den-ipo\\\/\"},\"wordCount\":137,\"commentCount\":0,\"publisher\":{\"@id\":\"https:\\\/\\\/www.immobilienbusiness.ch\\\/#organization\"},\"image\":{\"@id\":\"https:\\\/\\\/www.immobilienbusiness.ch\\\/de\\\/unternehmen\\\/2016-09-30\\\/corestate-neuer-anlauf-fuer-den-ipo\\\/#primaryimage\"},\"thumbnailUrl\":\"https:\\\/\\\/www.immobilienbusiness.ch\\\/wp-content\\\/uploads\\\/2016\\\/12\\\/Corestate-Neuer-Anlauf-fuer-den-IPO-immobilien-business.jpg\",\"keywords\":[\"Unternehmen\"],\"articleSection\":[\"UNTERNEHMEN\"],\"inLanguage\":\"fr-FR\"},{\"@type\":\"WebPage\",\"@id\":\"https:\\\/\\\/www.immobilienbusiness.ch\\\/de\\\/unternehmen\\\/2016-09-30\\\/corestate-neuer-anlauf-fuer-den-ipo\\\/\",\"url\":\"https:\\\/\\\/www.immobilienbusiness.ch\\\/de\\\/unternehmen\\\/2016-09-30\\\/corestate-neuer-anlauf-fuer-den-ipo\\\/\",\"name\":\"Corestate: Neuer Anlauf f\u00fcr den IPO - IMMOBILIEN Business\",\"isPartOf\":{\"@id\":\"https:\\\/\\\/www.immobilienbusiness.ch\\\/#website\"},\"primaryImageOfPage\":{\"@id\":\"https:\\\/\\\/www.immobilienbusiness.ch\\\/de\\\/unternehmen\\\/2016-09-30\\\/corestate-neuer-anlauf-fuer-den-ipo\\\/#primaryimage\"},\"image\":{\"@id\":\"https:\\\/\\\/www.immobilienbusiness.ch\\\/de\\\/unternehmen\\\/2016-09-30\\\/corestate-neuer-anlauf-fuer-den-ipo\\\/#primaryimage\"},\"thumbnailUrl\":\"https:\\\/\\\/www.immobilienbusiness.ch\\\/wp-content\\\/uploads\\\/2016\\\/12\\\/Corestate-Neuer-Anlauf-fuer-den-IPO-immobilien-business.jpg\",\"datePublished\":\"2016-09-30T08:09:54+00:00\",\"description\":\"Neuer Anlauf f\u00fcr den IPO: Corestate Capital Holding nimmt einen neuen Anlauf. Die Unternehmensaktien werden ab Oktober an der Frankfurter B\u00f6rse notiert.\",\"breadcrumb\":{\"@id\":\"https:\\\/\\\/www.immobilienbusiness.ch\\\/de\\\/unternehmen\\\/2016-09-30\\\/corestate-neuer-anlauf-fuer-den-ipo\\\/#breadcrumb\"},\"inLanguage\":\"fr-FR\",\"potentialAction\":[{\"@type\":\"ReadAction\",\"target\":[\"https:\\\/\\\/www.immobilienbusiness.ch\\\/de\\\/unternehmen\\\/2016-09-30\\\/corestate-neuer-anlauf-fuer-den-ipo\\\/\"]}]},{\"@type\":\"ImageObject\",\"inLanguage\":\"fr-FR\",\"@id\":\"https:\\\/\\\/www.immobilienbusiness.ch\\\/de\\\/unternehmen\\\/2016-09-30\\\/corestate-neuer-anlauf-fuer-den-ipo\\\/#primaryimage\",\"url\":\"https:\\\/\\\/www.immobilienbusiness.ch\\\/wp-content\\\/uploads\\\/2016\\\/12\\\/Corestate-Neuer-Anlauf-fuer-den-IPO-immobilien-business.jpg\",\"contentUrl\":\"https:\\\/\\\/www.immobilienbusiness.ch\\\/wp-content\\\/uploads\\\/2016\\\/12\\\/Corestate-Neuer-Anlauf-fuer-den-IPO-immobilien-business.jpg\",\"width\":1104,\"height\":524,\"caption\":\"Der Handelssaal der Frankfurter B\u00f6rse (Foto: Pythagomath - Eigenes Werk. Lizenziert unter CC-BY-SA 4.0 \u00fcber Wikimedia Commons )\"},{\"@type\":\"BreadcrumbList\",\"@id\":\"https:\\\/\\\/www.immobilienbusiness.ch\\\/de\\\/unternehmen\\\/2016-09-30\\\/corestate-neuer-anlauf-fuer-den-ipo\\\/#breadcrumb\",\"itemListElement\":[{\"@type\":\"ListItem\",\"position\":1,\"name\":\"Home\",\"item\":\"https:\\\/\\\/www.immobilienbusiness.ch\\\/\"},{\"@type\":\"ListItem\",\"position\":2,\"name\":\"Corestate: Neuer Anlauf f\u00fcr den IPO\"}]},{\"@type\":\"WebSite\",\"@id\":\"https:\\\/\\\/www.immobilienbusiness.ch\\\/#website\",\"url\":\"https:\\\/\\\/www.immobilienbusiness.ch\\\/\",\"name\":\"IMMOBILIEN Business\",\"description\":\"Unabh\u00e4ngiges Schweizer Wirtschaftsmagazin mit Fokus auf Immobilien, Architektur- und Bau sowie Investment- und Finanzierung.\",\"publisher\":{\"@id\":\"https:\\\/\\\/www.immobilienbusiness.ch\\\/#organization\"},\"potentialAction\":[{\"@type\":\"SearchAction\",\"target\":{\"@type\":\"EntryPoint\",\"urlTemplate\":\"https:\\\/\\\/www.immobilienbusiness.ch\\\/?s={search_term_string}\"},\"query-input\":{\"@type\":\"PropertyValueSpecification\",\"valueRequired\":true,\"valueName\":\"search_term_string\"}}],\"inLanguage\":\"fr-FR\"},{\"@type\":\"Organization\",\"@id\":\"https:\\\/\\\/www.immobilienbusiness.ch\\\/#organization\",\"name\":\"IMMOBILIEN Business\",\"url\":\"https:\\\/\\\/www.immobilienbusiness.ch\\\/\",\"logo\":{\"@type\":\"ImageObject\",\"inLanguage\":\"fr-FR\",\"@id\":\"https:\\\/\\\/www.immobilienbusiness.ch\\\/#\\\/schema\\\/logo\\\/image\\\/\",\"url\":\"https:\\\/\\\/www.immobilienbusiness.ch\\\/wp-content\\\/uploads\\\/2021\\\/07\\\/logo_ib.png\",\"contentUrl\":\"https:\\\/\\\/www.immobilienbusiness.ch\\\/wp-content\\\/uploads\\\/2021\\\/07\\\/logo_ib.png\",\"width\":800,\"height\":181,\"caption\":\"IMMOBILIEN Business\"},\"image\":{\"@id\":\"https:\\\/\\\/www.immobilienbusiness.ch\\\/#\\\/schema\\\/logo\\\/image\\\/\"},\"sameAs\":[\"https:\\\/\\\/www.facebook.com\\\/immobilienbusiness\\\/\"]},{\"@type\":\"Person\",\"@id\":\"https:\\\/\\\/www.immobilienbusiness.ch\\\/#\\\/schema\\\/person\\\/aa2bace6c5c5aad60102004a50c4eb1c\",\"name\":\"Redaktion\",\"image\":{\"@type\":\"ImageObject\",\"inLanguage\":\"fr-FR\",\"@id\":\"https:\\\/\\\/secure.gravatar.com\\\/avatar\\\/ae2f4d718e6c49043e314ce431e7e645d646302a24a5ef5a8bc8e3f5a032e319?s=96&d=mm&r=g\",\"url\":\"https:\\\/\\\/secure.gravatar.com\\\/avatar\\\/ae2f4d718e6c49043e314ce431e7e645d646302a24a5ef5a8bc8e3f5a032e319?s=96&d=mm&r=g\",\"contentUrl\":\"https:\\\/\\\/secure.gravatar.com\\\/avatar\\\/ae2f4d718e6c49043e314ce431e7e645d646302a24a5ef5a8bc8e3f5a032e319?s=96&d=mm&r=g\",\"caption\":\"Redaktion\"},\"sameAs\":[\"http:\\\/\\\/develop.organisator.galledia.ch\"],\"url\":\"https:\\\/\\\/www.immobilienbusiness.ch\\\/fr\\\/author\\\/admin\\\/\"}]}<\/script>\n<!-- \/ Yoast SEO plugin. -->","yoast_head_json":{"title":"Corestate: Neuer Anlauf f\u00fcr den IPO - IMMOBILIEN Business","description":"Neuer Anlauf f\u00fcr den IPO: Corestate Capital Holding nimmt einen neuen Anlauf. Die Unternehmensaktien werden ab Oktober an der Frankfurter B\u00f6rse notiert.","robots":{"index":"index","follow":"follow","max-snippet":"max-snippet:-1","max-image-preview":"max-image-preview:large","max-video-preview":"max-video-preview:-1"},"canonical":"https:\/\/www.immobilienbusiness.ch\/fr\/unternehmen\/2016-09-30\/corestate-neuer-anlauf-fuer-den-ipo\/","og_locale":"fr_FR","og_type":"article","og_title":"Corestate: Neuer Anlauf f\u00fcr den IPO","og_description":"Der Immobilieninvestor Corestate Capital Holding nimmt einen neuen Anlauf. Die Aktien des Unternehmens sollen nun ab dem 4. Oktober 2016 an der Frankfurter B\u00f6rse notiert werden. Corestate hatte vor gut einem Jahr schon einmal den Gang an die B\u00f6rse geplant, den IPO aber wegen des damals schlechten Marktumfeldes kurzfristig abgesagt.","og_url":"https:\/\/www.immobilienbusiness.ch\/fr\/unternehmen\/2016-09-30\/corestate-neuer-anlauf-fuer-den-ipo\/","og_site_name":"IMMOBILIEN Business","article_publisher":"https:\/\/www.facebook.com\/immobilienbusiness\/","article_published_time":"2016-09-30T08:09:54+00:00","author":"Redaktion","twitter_card":"summary_large_image","twitter_image":"https:\/\/www.immobilienbusiness.ch\/wp-content\/uploads\/2016\/12\/Corestate-Neuer-Anlauf-fuer-den-IPO-immobilien-business.jpg","schema":{"@context":"https:\/\/schema.org","@graph":[{"@type":"Article","@id":"https:\/\/www.immobilienbusiness.ch\/de\/unternehmen\/2016-09-30\/corestate-neuer-anlauf-fuer-den-ipo\/#article","isPartOf":{"@id":"https:\/\/www.immobilienbusiness.ch\/de\/unternehmen\/2016-09-30\/corestate-neuer-anlauf-fuer-den-ipo\/"},"author":{"name":"Redaktion","@id":"https:\/\/www.immobilienbusiness.ch\/#\/schema\/person\/aa2bace6c5c5aad60102004a50c4eb1c"},"headline":"Corestate: Neuer Anlauf f\u00fcr den IPO","datePublished":"2016-09-30T08:09:54+00:00","mainEntityOfPage":{"@id":"https:\/\/www.immobilienbusiness.ch\/de\/unternehmen\/2016-09-30\/corestate-neuer-anlauf-fuer-den-ipo\/"},"wordCount":137,"commentCount":0,"publisher":{"@id":"https:\/\/www.immobilienbusiness.ch\/#organization"},"image":{"@id":"https:\/\/www.immobilienbusiness.ch\/de\/unternehmen\/2016-09-30\/corestate-neuer-anlauf-fuer-den-ipo\/#primaryimage"},"thumbnailUrl":"https:\/\/www.immobilienbusiness.ch\/wp-content\/uploads\/2016\/12\/Corestate-Neuer-Anlauf-fuer-den-IPO-immobilien-business.jpg","keywords":["Unternehmen"],"articleSection":["UNTERNEHMEN"],"inLanguage":"fr-FR"},{"@type":"WebPage","@id":"https:\/\/www.immobilienbusiness.ch\/de\/unternehmen\/2016-09-30\/corestate-neuer-anlauf-fuer-den-ipo\/","url":"https:\/\/www.immobilienbusiness.ch\/de\/unternehmen\/2016-09-30\/corestate-neuer-anlauf-fuer-den-ipo\/","name":"Corestate: Neuer Anlauf f\u00fcr den IPO - IMMOBILIEN Business","isPartOf":{"@id":"https:\/\/www.immobilienbusiness.ch\/#website"},"primaryImageOfPage":{"@id":"https:\/\/www.immobilienbusiness.ch\/de\/unternehmen\/2016-09-30\/corestate-neuer-anlauf-fuer-den-ipo\/#primaryimage"},"image":{"@id":"https:\/\/www.immobilienbusiness.ch\/de\/unternehmen\/2016-09-30\/corestate-neuer-anlauf-fuer-den-ipo\/#primaryimage"},"thumbnailUrl":"https:\/\/www.immobilienbusiness.ch\/wp-content\/uploads\/2016\/12\/Corestate-Neuer-Anlauf-fuer-den-IPO-immobilien-business.jpg","datePublished":"2016-09-30T08:09:54+00:00","description":"Neuer Anlauf f\u00fcr den IPO: Corestate Capital Holding nimmt einen neuen Anlauf. Die Unternehmensaktien werden ab Oktober an der Frankfurter B\u00f6rse notiert.","breadcrumb":{"@id":"https:\/\/www.immobilienbusiness.ch\/de\/unternehmen\/2016-09-30\/corestate-neuer-anlauf-fuer-den-ipo\/#breadcrumb"},"inLanguage":"fr-FR","potentialAction":[{"@type":"ReadAction","target":["https:\/\/www.immobilienbusiness.ch\/de\/unternehmen\/2016-09-30\/corestate-neuer-anlauf-fuer-den-ipo\/"]}]},{"@type":"ImageObject","inLanguage":"fr-FR","@id":"https:\/\/www.immobilienbusiness.ch\/de\/unternehmen\/2016-09-30\/corestate-neuer-anlauf-fuer-den-ipo\/#primaryimage","url":"https:\/\/www.immobilienbusiness.ch\/wp-content\/uploads\/2016\/12\/Corestate-Neuer-Anlauf-fuer-den-IPO-immobilien-business.jpg","contentUrl":"https:\/\/www.immobilienbusiness.ch\/wp-content\/uploads\/2016\/12\/Corestate-Neuer-Anlauf-fuer-den-IPO-immobilien-business.jpg","width":1104,"height":524,"caption":"Der Handelssaal der Frankfurter B\u00f6rse (Foto: Pythagomath - Eigenes Werk. Lizenziert unter CC-BY-SA 4.0 \u00fcber Wikimedia Commons )"},{"@type":"BreadcrumbList","@id":"https:\/\/www.immobilienbusiness.ch\/de\/unternehmen\/2016-09-30\/corestate-neuer-anlauf-fuer-den-ipo\/#breadcrumb","itemListElement":[{"@type":"ListItem","position":1,"name":"Home","item":"https:\/\/www.immobilienbusiness.ch\/"},{"@type":"ListItem","position":2,"name":"Corestate: Neuer Anlauf f\u00fcr den IPO"}]},{"@type":"WebSite","@id":"https:\/\/www.immobilienbusiness.ch\/#website","url":"https:\/\/www.immobilienbusiness.ch\/","name":"IMMOBILIER Business","description":"Magazine \u00e9conomique suisse ind\u00e9pendant ax\u00e9 sur l'immobilier, l'architecture et la construction ainsi que sur les investissements et le financement.","publisher":{"@id":"https:\/\/www.immobilienbusiness.ch\/#organization"},"potentialAction":[{"@type":"SearchAction","target":{"@type":"EntryPoint","urlTemplate":"https:\/\/www.immobilienbusiness.ch\/?s={search_term_string}"},"query-input":{"@type":"PropertyValueSpecification","valueRequired":true,"valueName":"search_term_string"}}],"inLanguage":"fr-FR"},{"@type":"Organization","@id":"https:\/\/www.immobilienbusiness.ch\/#organization","name":"IMMOBILIER Business","url":"https:\/\/www.immobilienbusiness.ch\/","logo":{"@type":"ImageObject","inLanguage":"fr-FR","@id":"https:\/\/www.immobilienbusiness.ch\/#\/schema\/logo\/image\/","url":"https:\/\/www.immobilienbusiness.ch\/wp-content\/uploads\/2021\/07\/logo_ib.png","contentUrl":"https:\/\/www.immobilienbusiness.ch\/wp-content\/uploads\/2021\/07\/logo_ib.png","width":800,"height":181,"caption":"IMMOBILIEN Business"},"image":{"@id":"https:\/\/www.immobilienbusiness.ch\/#\/schema\/logo\/image\/"},"sameAs":["https:\/\/www.facebook.com\/immobilienbusiness\/"]},{"@type":"Person","@id":"https:\/\/www.immobilienbusiness.ch\/#\/schema\/person\/aa2bace6c5c5aad60102004a50c4eb1c","name":"Editorial","image":{"@type":"ImageObject","inLanguage":"fr-FR","@id":"https:\/\/secure.gravatar.com\/avatar\/ae2f4d718e6c49043e314ce431e7e645d646302a24a5ef5a8bc8e3f5a032e319?s=96&d=mm&r=g","url":"https:\/\/secure.gravatar.com\/avatar\/ae2f4d718e6c49043e314ce431e7e645d646302a24a5ef5a8bc8e3f5a032e319?s=96&d=mm&r=g","contentUrl":"https:\/\/secure.gravatar.com\/avatar\/ae2f4d718e6c49043e314ce431e7e645d646302a24a5ef5a8bc8e3f5a032e319?s=96&d=mm&r=g","caption":"Redaktion"},"sameAs":["http:\/\/develop.organisator.galledia.ch"],"url":"https:\/\/www.immobilienbusiness.ch\/fr\/author\/admin\/"}]}},"_links":{"self":[{"href":"https:\/\/www.immobilienbusiness.ch\/fr\/wp-json\/wp\/v2\/posts\/4206","targetHints":{"allow":["GET"]}}],"collection":[{"href":"https:\/\/www.immobilienbusiness.ch\/fr\/wp-json\/wp\/v2\/posts"}],"about":[{"href":"https:\/\/www.immobilienbusiness.ch\/fr\/wp-json\/wp\/v2\/types\/post"}],"author":[{"embeddable":true,"href":"https:\/\/www.immobilienbusiness.ch\/fr\/wp-json\/wp\/v2\/users\/1"}],"replies":[{"embeddable":true,"href":"https:\/\/www.immobilienbusiness.ch\/fr\/wp-json\/wp\/v2\/comments?post=4206"}],"version-history":[{"count":0,"href":"https:\/\/www.immobilienbusiness.ch\/fr\/wp-json\/wp\/v2\/posts\/4206\/revisions"}],"wp:featuredmedia":[{"embeddable":true,"href":"https:\/\/www.immobilienbusiness.ch\/fr\/wp-json\/wp\/v2\/media\/4208"}],"wp:attachment":[{"href":"https:\/\/www.immobilienbusiness.ch\/fr\/wp-json\/wp\/v2\/media?parent=4206"}],"wp:term":[{"taxonomy":"category","embeddable":true,"href":"https:\/\/www.immobilienbusiness.ch\/fr\/wp-json\/wp\/v2\/categories?post=4206"},{"taxonomy":"post_tag","embeddable":true,"href":"https:\/\/www.immobilienbusiness.ch\/fr\/wp-json\/wp\/v2\/tags?post=4206"}],"curies":[{"name":"wp","href":"https:\/\/api.w.org\/{rel}","templated":true}]}}