{"id":4202,"date":"2016-06-10T09:06:03","date_gmt":"2016-06-10T07:06:03","guid":{"rendered":"http:\/\/dev.immobilienbusiness.ch\/?p=4202"},"modified":"2016-06-10T09:06:03","modified_gmt":"2016-06-10T07:06:03","slug":"luzern-swisscom-zieht-in-den-mattenhof","status":"publish","type":"post","link":"https:\/\/www.immobilienbusiness.ch\/fr\/buero\/2016-06-10\/luzern-swisscom-zieht-in-den-mattenhof\/","title":{"rendered":"Lucerne : Swisscom s'installe au Mattenhof"},"content":{"rendered":"<figure id=\"attachment_4207\" aria-describedby=\"caption-attachment-4207\" style=\"width: 680px\" class=\"wp-caption alignnone\"><img loading=\"lazy\" decoding=\"async\" class=\"size-medium wp-image-4207\" src=\"https:\/\/immobilienbusiness.ch\/wp-content\/uploads\/2016\/12\/Luzern-Swisscom-zieht-in-den-Mattenhof-immobilien-business.jpg\" alt=\"Swisscom zieht in den Luzerner Mattenhof (Foto: Swisscom)\" width=\"680\" height=\"510\" srcset=\"https:\/\/www.immobilienbusiness.ch\/wp-content\/uploads\/2016\/12\/Luzern-Swisscom-zieht-in-den-Mattenhof-immobilien-business.jpg 2560w, https:\/\/www.immobilienbusiness.ch\/wp-content\/uploads\/2016\/12\/Luzern-Swisscom-zieht-in-den-Mattenhof-immobilien-business-300x225.jpg 300w, https:\/\/www.immobilienbusiness.ch\/wp-content\/uploads\/2016\/12\/Luzern-Swisscom-zieht-in-den-Mattenhof-immobilien-business-1024x768.jpg 1024w, https:\/\/www.immobilienbusiness.ch\/wp-content\/uploads\/2016\/12\/Luzern-Swisscom-zieht-in-den-Mattenhof-immobilien-business-768x576.jpg 768w, https:\/\/www.immobilienbusiness.ch\/wp-content\/uploads\/2016\/12\/Luzern-Swisscom-zieht-in-den-Mattenhof-immobilien-business-1536x1153.jpg 1536w, https:\/\/www.immobilienbusiness.ch\/wp-content\/uploads\/2016\/12\/Luzern-Swisscom-zieht-in-den-Mattenhof-immobilien-business-2048x1537.jpg 2048w, https:\/\/www.immobilienbusiness.ch\/wp-content\/uploads\/2016\/12\/Luzern-Swisscom-zieht-in-den-Mattenhof-immobilien-business-16x12.jpg 16w, https:\/\/www.immobilienbusiness.ch\/wp-content\/uploads\/2016\/12\/Luzern-Swisscom-zieht-in-den-Mattenhof-immobilien-business-233x175.jpg 233w, https:\/\/www.immobilienbusiness.ch\/wp-content\/uploads\/2016\/12\/Luzern-Swisscom-zieht-in-den-Mattenhof-immobilien-business-466x350.jpg 466w, https:\/\/www.immobilienbusiness.ch\/wp-content\/uploads\/2016\/12\/Luzern-Swisscom-zieht-in-den-Mattenhof-immobilien-business-1066x800.jpg 1066w, https:\/\/www.immobilienbusiness.ch\/wp-content\/uploads\/2016\/12\/Luzern-Swisscom-zieht-in-den-Mattenhof-immobilien-business-920x690.jpg 920w, https:\/\/www.immobilienbusiness.ch\/wp-content\/uploads\/2016\/12\/Luzern-Swisscom-zieht-in-den-Mattenhof-immobilien-business-1400x1051.jpg 1400w, https:\/\/www.immobilienbusiness.ch\/wp-content\/uploads\/2016\/12\/Luzern-Swisscom-zieht-in-den-Mattenhof-immobilien-business-1866x1400.jpg 1866w\" sizes=\"auto, (max-width: 680px) 100vw, 680px\" \/><figcaption id=\"caption-attachment-4207\" class=\"wp-caption-text\">Swisscom s'installe au Mattenhof de Lucerne (Photo : Swisscom)<\/figcaption><\/figure>\n<p>Le nouveau site de Swisscom s'\u00e9tendra sur une surface d'environ 7 500 m\u00b2 r\u00e9partis sur cinq \u00e9tages. \"Le nouveau b\u00e2timent convainc par son architecture moderne et tr\u00e8s fonctionnelle et est id\u00e9alement situ\u00e9 gr\u00e2ce \u00e0 une bonne desserte par les transports\", explique J\u00f6ri Engel, responsable de Swisscom Immobilier.<\/p>\n<p>Le quartier de Mattenhof d\u00e9velopp\u00e9 par Mobimo devrait \u00eatre achev\u00e9 \u00e0 l'hiver 2018\/2019, le d\u00e9m\u00e9nagement de Swisscom devrait avoir lieu en septembre 2019. L'entreprise pr\u00e9voit alors d'abandonner les trois b\u00e2timents actuels Floraweg 2, Geissensteinring 45 et Weinberglistrasse 4 comme sites de bureaux. (ah)<\/p>","protected":false},"excerpt":{"rendered":"<p>A partir de 2019, Swisscom occupera un complexe de bureaux sur le site de Mattenhof, au sud de Lucerne. Environ 400 collaborateurs seront r\u00e9unis sur ce nouveau site.<\/p>","protected":false},"author":1,"featured_media":4207,"comment_status":"open","ping_status":"open","sticky":false,"template":"","format":"standard","meta":{"_acf_changed":false,"_yoast_wpseo_focuskw":"Mattenhof","_yoast_wpseo_title":"","_yoast_wpseo_metadesc":"Die Swisscom wird ab 2019 einen B\u00fcrokomplex im Mattenhof-Areal in Luzern S\u00fcd belegen. Rund 400 Mitarbeitende sollen an dem neuen Standort vereint werden.","_yoast_wpseo_linkdex":57,"pgc_sgb_lightbox_settings":"","footnotes":""},"categories":[983],"tags":[1118,1459,1601],"class_list":["post-4202","post","type-post","status-publish","format-standard","has-post-thumbnail","hentry","category-buero","tag-buero","tag-luzern","tag-projektentwicklung"],"acf":[],"yoast_head":"<!-- This site is optimized with the Yoast SEO plugin v27.5 - https:\/\/yoast.com\/product\/yoast-seo-wordpress\/ -->\n<title>Luzern: Swisscom zieht in den Mattenhof - IMMOBILIEN Business<\/title>\n<meta name=\"description\" content=\"Die Swisscom wird ab 2019 einen B\u00fcrokomplex im Mattenhof-Areal in Luzern S\u00fcd belegen. Rund 400 Mitarbeitende sollen an dem neuen Standort vereint werden.\" \/>\n<meta name=\"robots\" content=\"index, follow, max-snippet:-1, max-image-preview:large, max-video-preview:-1\" \/>\n<link rel=\"canonical\" href=\"https:\/\/www.immobilienbusiness.ch\/fr\/buero\/2016-06-10\/luzern-swisscom-zieht-in-den-mattenhof\/\" \/>\n<meta property=\"og:locale\" content=\"fr_FR\" \/>\n<meta property=\"og:type\" content=\"article\" \/>\n<meta property=\"og:title\" content=\"Luzern: Swisscom zieht in den Mattenhof\" \/>\n<meta property=\"og:description\" content=\"Die Swisscom wird ab 2019 einen B\u00fcrokomplex im Mattenhof-Areal in Luzern S\u00fcd belegen. Rund 400 Mitarbeitende sollen an dem neuen Standort vereint werden.\" \/>\n<meta property=\"og:url\" content=\"https:\/\/www.immobilienbusiness.ch\/fr\/buero\/2016-06-10\/luzern-swisscom-zieht-in-den-mattenhof\/\" \/>\n<meta property=\"og:site_name\" content=\"IMMOBILIEN Business\" \/>\n<meta property=\"article:publisher\" content=\"https:\/\/www.facebook.com\/immobilienbusiness\/\" \/>\n<meta property=\"article:published_time\" content=\"2016-06-10T07:06:03+00:00\" \/>\n<meta name=\"author\" content=\"Redaktion\" \/>\n<meta name=\"twitter:card\" content=\"summary_large_image\" \/>\n<meta name=\"twitter:image\" content=\"https:\/\/www.immobilienbusiness.ch\/wp-content\/uploads\/2016\/12\/Luzern-Swisscom-zieht-in-den-Mattenhof-immobilien-business.jpg\" \/>\n<script type=\"application\/ld+json\" class=\"yoast-schema-graph\">{\"@context\":\"https:\\\/\\\/schema.org\",\"@graph\":[{\"@type\":\"Article\",\"@id\":\"https:\\\/\\\/www.immobilienbusiness.ch\\\/buero\\\/2016-06-10\\\/luzern-swisscom-zieht-in-den-mattenhof\\\/#article\",\"isPartOf\":{\"@id\":\"https:\\\/\\\/www.immobilienbusiness.ch\\\/buero\\\/2016-06-10\\\/luzern-swisscom-zieht-in-den-mattenhof\\\/\"},\"author\":{\"name\":\"Redaktion\",\"@id\":\"https:\\\/\\\/www.immobilienbusiness.ch\\\/#\\\/schema\\\/person\\\/aa2bace6c5c5aad60102004a50c4eb1c\"},\"headline\":\"Luzern: Swisscom zieht in den Mattenhof\",\"datePublished\":\"2016-06-10T07:06:03+00:00\",\"mainEntityOfPage\":{\"@id\":\"https:\\\/\\\/www.immobilienbusiness.ch\\\/buero\\\/2016-06-10\\\/luzern-swisscom-zieht-in-den-mattenhof\\\/\"},\"wordCount\":95,\"commentCount\":0,\"publisher\":{\"@id\":\"https:\\\/\\\/www.immobilienbusiness.ch\\\/#organization\"},\"image\":{\"@id\":\"https:\\\/\\\/www.immobilienbusiness.ch\\\/buero\\\/2016-06-10\\\/luzern-swisscom-zieht-in-den-mattenhof\\\/#primaryimage\"},\"thumbnailUrl\":\"https:\\\/\\\/www.immobilienbusiness.ch\\\/wp-content\\\/uploads\\\/2016\\\/12\\\/Luzern-Swisscom-zieht-in-den-Mattenhof-immobilien-business.jpg\",\"keywords\":[\"B\u00fcro\",\"Luzern\",\"Projektentwicklung\"],\"articleSection\":[\"B\u00dcRO\"],\"inLanguage\":\"fr-FR\"},{\"@type\":\"WebPage\",\"@id\":\"https:\\\/\\\/www.immobilienbusiness.ch\\\/buero\\\/2016-06-10\\\/luzern-swisscom-zieht-in-den-mattenhof\\\/\",\"url\":\"https:\\\/\\\/www.immobilienbusiness.ch\\\/buero\\\/2016-06-10\\\/luzern-swisscom-zieht-in-den-mattenhof\\\/\",\"name\":\"Luzern: Swisscom zieht in den Mattenhof - IMMOBILIEN Business\",\"isPartOf\":{\"@id\":\"https:\\\/\\\/www.immobilienbusiness.ch\\\/#website\"},\"primaryImageOfPage\":{\"@id\":\"https:\\\/\\\/www.immobilienbusiness.ch\\\/buero\\\/2016-06-10\\\/luzern-swisscom-zieht-in-den-mattenhof\\\/#primaryimage\"},\"image\":{\"@id\":\"https:\\\/\\\/www.immobilienbusiness.ch\\\/buero\\\/2016-06-10\\\/luzern-swisscom-zieht-in-den-mattenhof\\\/#primaryimage\"},\"thumbnailUrl\":\"https:\\\/\\\/www.immobilienbusiness.ch\\\/wp-content\\\/uploads\\\/2016\\\/12\\\/Luzern-Swisscom-zieht-in-den-Mattenhof-immobilien-business.jpg\",\"datePublished\":\"2016-06-10T07:06:03+00:00\",\"description\":\"Die Swisscom wird ab 2019 einen B\u00fcrokomplex im Mattenhof-Areal in Luzern S\u00fcd belegen. Rund 400 Mitarbeitende sollen an dem neuen Standort vereint werden.\",\"breadcrumb\":{\"@id\":\"https:\\\/\\\/www.immobilienbusiness.ch\\\/buero\\\/2016-06-10\\\/luzern-swisscom-zieht-in-den-mattenhof\\\/#breadcrumb\"},\"inLanguage\":\"fr-FR\",\"potentialAction\":[{\"@type\":\"ReadAction\",\"target\":[\"https:\\\/\\\/www.immobilienbusiness.ch\\\/buero\\\/2016-06-10\\\/luzern-swisscom-zieht-in-den-mattenhof\\\/\"]}]},{\"@type\":\"ImageObject\",\"inLanguage\":\"fr-FR\",\"@id\":\"https:\\\/\\\/www.immobilienbusiness.ch\\\/buero\\\/2016-06-10\\\/luzern-swisscom-zieht-in-den-mattenhof\\\/#primaryimage\",\"url\":\"https:\\\/\\\/www.immobilienbusiness.ch\\\/wp-content\\\/uploads\\\/2016\\\/12\\\/Luzern-Swisscom-zieht-in-den-Mattenhof-immobilien-business.jpg\",\"contentUrl\":\"https:\\\/\\\/www.immobilienbusiness.ch\\\/wp-content\\\/uploads\\\/2016\\\/12\\\/Luzern-Swisscom-zieht-in-den-Mattenhof-immobilien-business.jpg\",\"width\":2560,\"height\":1921,\"caption\":\"Swisscom zieht in den Luzerner Mattenhof (Foto: Swisscom)\"},{\"@type\":\"BreadcrumbList\",\"@id\":\"https:\\\/\\\/www.immobilienbusiness.ch\\\/buero\\\/2016-06-10\\\/luzern-swisscom-zieht-in-den-mattenhof\\\/#breadcrumb\",\"itemListElement\":[{\"@type\":\"ListItem\",\"position\":1,\"name\":\"Home\",\"item\":\"https:\\\/\\\/www.immobilienbusiness.ch\\\/\"},{\"@type\":\"ListItem\",\"position\":2,\"name\":\"Luzern: Swisscom zieht in den Mattenhof\"}]},{\"@type\":\"WebSite\",\"@id\":\"https:\\\/\\\/www.immobilienbusiness.ch\\\/#website\",\"url\":\"https:\\\/\\\/www.immobilienbusiness.ch\\\/\",\"name\":\"IMMOBILIEN Business\",\"description\":\"Unabh\u00e4ngiges Schweizer Wirtschaftsmagazin mit Fokus auf Immobilien, Architektur- und Bau sowie Investment- und Finanzierung.\",\"publisher\":{\"@id\":\"https:\\\/\\\/www.immobilienbusiness.ch\\\/#organization\"},\"potentialAction\":[{\"@type\":\"SearchAction\",\"target\":{\"@type\":\"EntryPoint\",\"urlTemplate\":\"https:\\\/\\\/www.immobilienbusiness.ch\\\/?s={search_term_string}\"},\"query-input\":{\"@type\":\"PropertyValueSpecification\",\"valueRequired\":true,\"valueName\":\"search_term_string\"}}],\"inLanguage\":\"fr-FR\"},{\"@type\":\"Organization\",\"@id\":\"https:\\\/\\\/www.immobilienbusiness.ch\\\/#organization\",\"name\":\"IMMOBILIEN Business\",\"url\":\"https:\\\/\\\/www.immobilienbusiness.ch\\\/\",\"logo\":{\"@type\":\"ImageObject\",\"inLanguage\":\"fr-FR\",\"@id\":\"https:\\\/\\\/www.immobilienbusiness.ch\\\/#\\\/schema\\\/logo\\\/image\\\/\",\"url\":\"https:\\\/\\\/www.immobilienbusiness.ch\\\/wp-content\\\/uploads\\\/2021\\\/07\\\/logo_ib.png\",\"contentUrl\":\"https:\\\/\\\/www.immobilienbusiness.ch\\\/wp-content\\\/uploads\\\/2021\\\/07\\\/logo_ib.png\",\"width\":800,\"height\":181,\"caption\":\"IMMOBILIEN Business\"},\"image\":{\"@id\":\"https:\\\/\\\/www.immobilienbusiness.ch\\\/#\\\/schema\\\/logo\\\/image\\\/\"},\"sameAs\":[\"https:\\\/\\\/www.facebook.com\\\/immobilienbusiness\\\/\"]},{\"@type\":\"Person\",\"@id\":\"https:\\\/\\\/www.immobilienbusiness.ch\\\/#\\\/schema\\\/person\\\/aa2bace6c5c5aad60102004a50c4eb1c\",\"name\":\"Redaktion\",\"image\":{\"@type\":\"ImageObject\",\"inLanguage\":\"fr-FR\",\"@id\":\"https:\\\/\\\/secure.gravatar.com\\\/avatar\\\/ae2f4d718e6c49043e314ce431e7e645d646302a24a5ef5a8bc8e3f5a032e319?s=96&d=mm&r=g\",\"url\":\"https:\\\/\\\/secure.gravatar.com\\\/avatar\\\/ae2f4d718e6c49043e314ce431e7e645d646302a24a5ef5a8bc8e3f5a032e319?s=96&d=mm&r=g\",\"contentUrl\":\"https:\\\/\\\/secure.gravatar.com\\\/avatar\\\/ae2f4d718e6c49043e314ce431e7e645d646302a24a5ef5a8bc8e3f5a032e319?s=96&d=mm&r=g\",\"caption\":\"Redaktion\"},\"sameAs\":[\"http:\\\/\\\/develop.organisator.galledia.ch\"],\"url\":\"https:\\\/\\\/www.immobilienbusiness.ch\\\/fr\\\/author\\\/admin\\\/\"}]}<\/script>\n<!-- \/ Yoast SEO plugin. -->","yoast_head_json":{"title":"Luzern: Swisscom zieht in den Mattenhof - IMMOBILIEN Business","description":"A partir de 2019, Swisscom occupera un complexe de bureaux sur le site de Mattenhof, au sud de Lucerne. Environ 400 collaborateurs seront r\u00e9unis sur ce nouveau site.","robots":{"index":"index","follow":"follow","max-snippet":"max-snippet:-1","max-image-preview":"max-image-preview:large","max-video-preview":"max-video-preview:-1"},"canonical":"https:\/\/www.immobilienbusiness.ch\/fr\/buero\/2016-06-10\/luzern-swisscom-zieht-in-den-mattenhof\/","og_locale":"fr_FR","og_type":"article","og_title":"Luzern: Swisscom zieht in den Mattenhof","og_description":"Die Swisscom wird ab 2019 einen B\u00fcrokomplex im Mattenhof-Areal in Luzern S\u00fcd belegen. Rund 400 Mitarbeitende sollen an dem neuen Standort vereint werden.","og_url":"https:\/\/www.immobilienbusiness.ch\/fr\/buero\/2016-06-10\/luzern-swisscom-zieht-in-den-mattenhof\/","og_site_name":"IMMOBILIEN Business","article_publisher":"https:\/\/www.facebook.com\/immobilienbusiness\/","article_published_time":"2016-06-10T07:06:03+00:00","author":"Redaktion","twitter_card":"summary_large_image","twitter_image":"https:\/\/www.immobilienbusiness.ch\/wp-content\/uploads\/2016\/12\/Luzern-Swisscom-zieht-in-den-Mattenhof-immobilien-business.jpg","schema":{"@context":"https:\/\/schema.org","@graph":[{"@type":"Article","@id":"https:\/\/www.immobilienbusiness.ch\/buero\/2016-06-10\/luzern-swisscom-zieht-in-den-mattenhof\/#article","isPartOf":{"@id":"https:\/\/www.immobilienbusiness.ch\/buero\/2016-06-10\/luzern-swisscom-zieht-in-den-mattenhof\/"},"author":{"name":"Redaktion","@id":"https:\/\/www.immobilienbusiness.ch\/#\/schema\/person\/aa2bace6c5c5aad60102004a50c4eb1c"},"headline":"Luzern: Swisscom zieht in den Mattenhof","datePublished":"2016-06-10T07:06:03+00:00","mainEntityOfPage":{"@id":"https:\/\/www.immobilienbusiness.ch\/buero\/2016-06-10\/luzern-swisscom-zieht-in-den-mattenhof\/"},"wordCount":95,"commentCount":0,"publisher":{"@id":"https:\/\/www.immobilienbusiness.ch\/#organization"},"image":{"@id":"https:\/\/www.immobilienbusiness.ch\/buero\/2016-06-10\/luzern-swisscom-zieht-in-den-mattenhof\/#primaryimage"},"thumbnailUrl":"https:\/\/www.immobilienbusiness.ch\/wp-content\/uploads\/2016\/12\/Luzern-Swisscom-zieht-in-den-Mattenhof-immobilien-business.jpg","keywords":["B\u00fcro","Luzern","Projektentwicklung"],"articleSection":["B\u00dcRO"],"inLanguage":"fr-FR"},{"@type":"WebPage","@id":"https:\/\/www.immobilienbusiness.ch\/buero\/2016-06-10\/luzern-swisscom-zieht-in-den-mattenhof\/","url":"https:\/\/www.immobilienbusiness.ch\/buero\/2016-06-10\/luzern-swisscom-zieht-in-den-mattenhof\/","name":"Luzern: Swisscom zieht in den Mattenhof - IMMOBILIEN Business","isPartOf":{"@id":"https:\/\/www.immobilienbusiness.ch\/#website"},"primaryImageOfPage":{"@id":"https:\/\/www.immobilienbusiness.ch\/buero\/2016-06-10\/luzern-swisscom-zieht-in-den-mattenhof\/#primaryimage"},"image":{"@id":"https:\/\/www.immobilienbusiness.ch\/buero\/2016-06-10\/luzern-swisscom-zieht-in-den-mattenhof\/#primaryimage"},"thumbnailUrl":"https:\/\/www.immobilienbusiness.ch\/wp-content\/uploads\/2016\/12\/Luzern-Swisscom-zieht-in-den-Mattenhof-immobilien-business.jpg","datePublished":"2016-06-10T07:06:03+00:00","description":"A partir de 2019, Swisscom occupera un complexe de bureaux sur le site de Mattenhof, au sud de Lucerne. Environ 400 collaborateurs seront r\u00e9unis sur ce nouveau site.","breadcrumb":{"@id":"https:\/\/www.immobilienbusiness.ch\/buero\/2016-06-10\/luzern-swisscom-zieht-in-den-mattenhof\/#breadcrumb"},"inLanguage":"fr-FR","potentialAction":[{"@type":"ReadAction","target":["https:\/\/www.immobilienbusiness.ch\/buero\/2016-06-10\/luzern-swisscom-zieht-in-den-mattenhof\/"]}]},{"@type":"ImageObject","inLanguage":"fr-FR","@id":"https:\/\/www.immobilienbusiness.ch\/buero\/2016-06-10\/luzern-swisscom-zieht-in-den-mattenhof\/#primaryimage","url":"https:\/\/www.immobilienbusiness.ch\/wp-content\/uploads\/2016\/12\/Luzern-Swisscom-zieht-in-den-Mattenhof-immobilien-business.jpg","contentUrl":"https:\/\/www.immobilienbusiness.ch\/wp-content\/uploads\/2016\/12\/Luzern-Swisscom-zieht-in-den-Mattenhof-immobilien-business.jpg","width":2560,"height":1921,"caption":"Swisscom zieht in den Luzerner Mattenhof (Foto: Swisscom)"},{"@type":"BreadcrumbList","@id":"https:\/\/www.immobilienbusiness.ch\/buero\/2016-06-10\/luzern-swisscom-zieht-in-den-mattenhof\/#breadcrumb","itemListElement":[{"@type":"ListItem","position":1,"name":"Home","item":"https:\/\/www.immobilienbusiness.ch\/"},{"@type":"ListItem","position":2,"name":"Luzern: Swisscom zieht in den Mattenhof"}]},{"@type":"WebSite","@id":"https:\/\/www.immobilienbusiness.ch\/#website","url":"https:\/\/www.immobilienbusiness.ch\/","name":"IMMOBILIER Business","description":"Magazine \u00e9conomique suisse ind\u00e9pendant ax\u00e9 sur l'immobilier, l'architecture et la construction ainsi que sur les investissements et le financement.","publisher":{"@id":"https:\/\/www.immobilienbusiness.ch\/#organization"},"potentialAction":[{"@type":"SearchAction","target":{"@type":"EntryPoint","urlTemplate":"https:\/\/www.immobilienbusiness.ch\/?s={search_term_string}"},"query-input":{"@type":"PropertyValueSpecification","valueRequired":true,"valueName":"search_term_string"}}],"inLanguage":"fr-FR"},{"@type":"Organization","@id":"https:\/\/www.immobilienbusiness.ch\/#organization","name":"IMMOBILIER Business","url":"https:\/\/www.immobilienbusiness.ch\/","logo":{"@type":"ImageObject","inLanguage":"fr-FR","@id":"https:\/\/www.immobilienbusiness.ch\/#\/schema\/logo\/image\/","url":"https:\/\/www.immobilienbusiness.ch\/wp-content\/uploads\/2021\/07\/logo_ib.png","contentUrl":"https:\/\/www.immobilienbusiness.ch\/wp-content\/uploads\/2021\/07\/logo_ib.png","width":800,"height":181,"caption":"IMMOBILIEN Business"},"image":{"@id":"https:\/\/www.immobilienbusiness.ch\/#\/schema\/logo\/image\/"},"sameAs":["https:\/\/www.facebook.com\/immobilienbusiness\/"]},{"@type":"Person","@id":"https:\/\/www.immobilienbusiness.ch\/#\/schema\/person\/aa2bace6c5c5aad60102004a50c4eb1c","name":"Editorial","image":{"@type":"ImageObject","inLanguage":"fr-FR","@id":"https:\/\/secure.gravatar.com\/avatar\/ae2f4d718e6c49043e314ce431e7e645d646302a24a5ef5a8bc8e3f5a032e319?s=96&d=mm&r=g","url":"https:\/\/secure.gravatar.com\/avatar\/ae2f4d718e6c49043e314ce431e7e645d646302a24a5ef5a8bc8e3f5a032e319?s=96&d=mm&r=g","contentUrl":"https:\/\/secure.gravatar.com\/avatar\/ae2f4d718e6c49043e314ce431e7e645d646302a24a5ef5a8bc8e3f5a032e319?s=96&d=mm&r=g","caption":"Redaktion"},"sameAs":["http:\/\/develop.organisator.galledia.ch"],"url":"https:\/\/www.immobilienbusiness.ch\/fr\/author\/admin\/"}]}},"_links":{"self":[{"href":"https:\/\/www.immobilienbusiness.ch\/fr\/wp-json\/wp\/v2\/posts\/4202","targetHints":{"allow":["GET"]}}],"collection":[{"href":"https:\/\/www.immobilienbusiness.ch\/fr\/wp-json\/wp\/v2\/posts"}],"about":[{"href":"https:\/\/www.immobilienbusiness.ch\/fr\/wp-json\/wp\/v2\/types\/post"}],"author":[{"embeddable":true,"href":"https:\/\/www.immobilienbusiness.ch\/fr\/wp-json\/wp\/v2\/users\/1"}],"replies":[{"embeddable":true,"href":"https:\/\/www.immobilienbusiness.ch\/fr\/wp-json\/wp\/v2\/comments?post=4202"}],"version-history":[{"count":0,"href":"https:\/\/www.immobilienbusiness.ch\/fr\/wp-json\/wp\/v2\/posts\/4202\/revisions"}],"wp:featuredmedia":[{"embeddable":true,"href":"https:\/\/www.immobilienbusiness.ch\/fr\/wp-json\/wp\/v2\/media\/4207"}],"wp:attachment":[{"href":"https:\/\/www.immobilienbusiness.ch\/fr\/wp-json\/wp\/v2\/media?parent=4202"}],"wp:term":[{"taxonomy":"category","embeddable":true,"href":"https:\/\/www.immobilienbusiness.ch\/fr\/wp-json\/wp\/v2\/categories?post=4202"},{"taxonomy":"post_tag","embeddable":true,"href":"https:\/\/www.immobilienbusiness.ch\/fr\/wp-json\/wp\/v2\/tags?post=4202"}],"curies":[{"name":"wp","href":"https:\/\/api.w.org\/{rel}","templated":true}]}}