{"id":41747,"date":"2021-11-29T09:35:10","date_gmt":"2021-11-29T08:35:10","guid":{"rendered":"https:\/\/develop.immobilienbusiness.ch\/de\/allgemein\/2021-11-29\/swiss-central-city-grunes-licht-fur-den-borsengang\/"},"modified":"2023-06-26T09:42:19","modified_gmt":"2023-06-26T07:42:19","slug":"swiss-central-city-grunes-licht-fur-den-borsengang","status":"publish","type":"post","link":"https:\/\/www.immobilienbusiness.ch\/fr\/ib\/2021-11-29\/swiss-central-city-grunes-licht-fur-den-borsengang\/","title":{"rendered":"Swiss Central City : feu vert pour l'introduction en bourse"},"content":{"rendered":"<div class=\"swpm-post-not-logged-in-msg\">Vous devez \u00eatre connect\u00e9 pour voir ce contenu. Veuillez consulter <a class=\"swpm-login-link\" href=\"https:\/\/www.immobilienbusiness.ch\/fr\/login\/?swpm_redirect_to=https%3A%2F%2Fwww.immobilienbusiness.ch%2Ffr%2Fwp-json%2Fwp%2Fv2%2Fposts%2F41747\">Connexion<\/a>. Vous n'\u00eates pas membre ? <a href=\"https:\/\/www.immobilienbusiness.ch\/fr\/registrieren\/\">Nous Rejoindre<\/a><\/div>","protected":false},"excerpt":{"rendered":"<p><span><span><span>La direction du fonds Nova Property Fund Management peut comme pr\u00e9vu faire coter le Swiss Central City Real Estate Fund \u00e0 la SIX Swiss Exchange. Le premier jour de n\u00e9goce devrait \u00eatre le 13 d\u00e9cembre.<\/span><\/span><\/span><\/p>","protected":false},"author":3,"featured_media":0,"comment_status":"closed","ping_status":"closed","sticky":false,"template":"","format":"standard","meta":{"_acf_changed":false,"_yoast_wpseo_focuskw":"Swiss Central City","_yoast_wpseo_title":"","_yoast_wpseo_metadesc":"Die Fondsleitung Nova Property Fund Management kann den Swiss Central City Real Estate Fund wie geplant an der SIX Swiss Exchange kotieren lassen. Erster Handelstag soll der 13. Dezember sein.","_yoast_wpseo_linkdex":44,"pgc_sgb_lightbox_settings":"","footnotes":""},"categories":[1951],"tags":[1344,1984],"class_list":["post-41747","post","type-post","status-publish","format-standard","hentry","category-ib","tag-immobilienfonds","tag-potentieller-kaufer"],"acf":[],"yoast_head":"<!-- This site is optimized with the Yoast SEO plugin v27.4 - https:\/\/yoast.com\/product\/yoast-seo-wordpress\/ -->\n<title>Swiss Central City: Gr\u00fcnes Licht f\u00fcr den B\u00f6rsengang - IMMOBILIEN Business<\/title>\n<meta name=\"description\" content=\"Die Fondsleitung Nova Property Fund Management kann den Swiss Central City Real Estate Fund wie geplant an der SIX Swiss Exchange kotieren lassen. Erster Handelstag soll der 13. Dezember sein.\" \/>\n<meta name=\"robots\" content=\"index, follow, max-snippet:-1, max-image-preview:large, max-video-preview:-1\" \/>\n<link rel=\"canonical\" href=\"https:\/\/www.immobilienbusiness.ch\/fr\/ib\/2021-11-29\/swiss-central-city-grunes-licht-fur-den-borsengang\/\" \/>\n<meta property=\"og:locale\" content=\"fr_FR\" \/>\n<meta property=\"og:type\" content=\"article\" \/>\n<meta property=\"og:title\" content=\"Swiss Central City: Gr\u00fcnes Licht f\u00fcr den B\u00f6rsengang - IMMOBILIEN Business\" \/>\n<meta property=\"og:description\" content=\"Die Fondsleitung Nova Property Fund Management kann den Swiss Central City Real Estate Fund wie geplant an der SIX Swiss Exchange kotieren lassen. Erster Handelstag soll der 13. Dezember sein.\" \/>\n<meta property=\"og:url\" content=\"https:\/\/www.immobilienbusiness.ch\/fr\/ib\/2021-11-29\/swiss-central-city-grunes-licht-fur-den-borsengang\/\" \/>\n<meta property=\"og:site_name\" content=\"IMMOBILIEN Business\" \/>\n<meta property=\"article:publisher\" content=\"https:\/\/www.facebook.com\/immobilienbusiness\/\" \/>\n<meta property=\"article:published_time\" content=\"2021-11-29T08:35:10+00:00\" \/>\n<meta property=\"article:modified_time\" content=\"2023-06-26T07:42:19+00:00\" \/>\n<meta name=\"author\" content=\"anja.hall\" \/>\n<meta name=\"twitter:card\" content=\"summary_large_image\" \/>\n<script type=\"application\/ld+json\" class=\"yoast-schema-graph\">{\"@context\":\"https:\\\/\\\/schema.org\",\"@graph\":[{\"@type\":\"Article\",\"@id\":\"https:\\\/\\\/www.immobilienbusiness.ch\\\/fr\\\/ib\\\/2021-11-29\\\/swiss-central-city-grunes-licht-fur-den-borsengang\\\/#article\",\"isPartOf\":{\"@id\":\"https:\\\/\\\/www.immobilienbusiness.ch\\\/fr\\\/ib\\\/2021-11-29\\\/swiss-central-city-grunes-licht-fur-den-borsengang\\\/\"},\"author\":{\"name\":\"anja.hall\",\"@id\":\"https:\\\/\\\/www.immobilienbusiness.ch\\\/#\\\/schema\\\/person\\\/3fc036297b10b9f42d6db5ee932af8c8\"},\"headline\":\"Swiss Central City: Gr\u00fcnes Licht f\u00fcr den B\u00f6rsengang\",\"datePublished\":\"2021-11-29T08:35:10+00:00\",\"dateModified\":\"2023-06-26T07:42:19+00:00\",\"mainEntityOfPage\":{\"@id\":\"https:\\\/\\\/www.immobilienbusiness.ch\\\/fr\\\/ib\\\/2021-11-29\\\/swiss-central-city-grunes-licht-fur-den-borsengang\\\/\"},\"wordCount\":179,\"publisher\":{\"@id\":\"https:\\\/\\\/www.immobilienbusiness.ch\\\/#organization\"},\"keywords\":[\"Immobilienfonds\",\"potentieller K\u00e4ufer\"],\"articleSection\":[\"IB+\"],\"inLanguage\":\"fr-FR\"},{\"@type\":\"WebPage\",\"@id\":\"https:\\\/\\\/www.immobilienbusiness.ch\\\/fr\\\/ib\\\/2021-11-29\\\/swiss-central-city-grunes-licht-fur-den-borsengang\\\/\",\"url\":\"https:\\\/\\\/www.immobilienbusiness.ch\\\/fr\\\/ib\\\/2021-11-29\\\/swiss-central-city-grunes-licht-fur-den-borsengang\\\/\",\"name\":\"Swiss Central City: Gr\u00fcnes Licht f\u00fcr den B\u00f6rsengang - IMMOBILIEN Business\",\"isPartOf\":{\"@id\":\"https:\\\/\\\/www.immobilienbusiness.ch\\\/#website\"},\"datePublished\":\"2021-11-29T08:35:10+00:00\",\"dateModified\":\"2023-06-26T07:42:19+00:00\",\"description\":\"Die Fondsleitung Nova Property Fund Management kann den Swiss Central City Real Estate Fund wie geplant an der SIX Swiss Exchange kotieren lassen. Erster Handelstag soll der 13. Dezember sein.\",\"breadcrumb\":{\"@id\":\"https:\\\/\\\/www.immobilienbusiness.ch\\\/fr\\\/ib\\\/2021-11-29\\\/swiss-central-city-grunes-licht-fur-den-borsengang\\\/#breadcrumb\"},\"inLanguage\":\"fr-FR\",\"potentialAction\":[{\"@type\":\"ReadAction\",\"target\":[\"https:\\\/\\\/www.immobilienbusiness.ch\\\/fr\\\/ib\\\/2021-11-29\\\/swiss-central-city-grunes-licht-fur-den-borsengang\\\/\"]}]},{\"@type\":\"BreadcrumbList\",\"@id\":\"https:\\\/\\\/www.immobilienbusiness.ch\\\/fr\\\/ib\\\/2021-11-29\\\/swiss-central-city-grunes-licht-fur-den-borsengang\\\/#breadcrumb\",\"itemListElement\":[{\"@type\":\"ListItem\",\"position\":1,\"name\":\"Home\",\"item\":\"https:\\\/\\\/www.immobilienbusiness.ch\\\/\"},{\"@type\":\"ListItem\",\"position\":2,\"name\":\"Swiss Central City: Gr\u00fcnes Licht f\u00fcr den B\u00f6rsengang\"}]},{\"@type\":\"WebSite\",\"@id\":\"https:\\\/\\\/www.immobilienbusiness.ch\\\/#website\",\"url\":\"https:\\\/\\\/www.immobilienbusiness.ch\\\/\",\"name\":\"IMMOBILIEN Business\",\"description\":\"Unabh\u00e4ngiges Schweizer Wirtschaftsmagazin mit Fokus auf Immobilien, Architektur- und Bau sowie Investment- und Finanzierung.\",\"publisher\":{\"@id\":\"https:\\\/\\\/www.immobilienbusiness.ch\\\/#organization\"},\"potentialAction\":[{\"@type\":\"SearchAction\",\"target\":{\"@type\":\"EntryPoint\",\"urlTemplate\":\"https:\\\/\\\/www.immobilienbusiness.ch\\\/?s={search_term_string}\"},\"query-input\":{\"@type\":\"PropertyValueSpecification\",\"valueRequired\":true,\"valueName\":\"search_term_string\"}}],\"inLanguage\":\"fr-FR\"},{\"@type\":\"Organization\",\"@id\":\"https:\\\/\\\/www.immobilienbusiness.ch\\\/#organization\",\"name\":\"IMMOBILIEN Business\",\"url\":\"https:\\\/\\\/www.immobilienbusiness.ch\\\/\",\"logo\":{\"@type\":\"ImageObject\",\"inLanguage\":\"fr-FR\",\"@id\":\"https:\\\/\\\/www.immobilienbusiness.ch\\\/#\\\/schema\\\/logo\\\/image\\\/\",\"url\":\"https:\\\/\\\/www.immobilienbusiness.ch\\\/wp-content\\\/uploads\\\/2021\\\/07\\\/logo_ib.png\",\"contentUrl\":\"https:\\\/\\\/www.immobilienbusiness.ch\\\/wp-content\\\/uploads\\\/2021\\\/07\\\/logo_ib.png\",\"width\":800,\"height\":181,\"caption\":\"IMMOBILIEN Business\"},\"image\":{\"@id\":\"https:\\\/\\\/www.immobilienbusiness.ch\\\/#\\\/schema\\\/logo\\\/image\\\/\"},\"sameAs\":[\"https:\\\/\\\/www.facebook.com\\\/immobilienbusiness\\\/\"]},{\"@type\":\"Person\",\"@id\":\"https:\\\/\\\/www.immobilienbusiness.ch\\\/#\\\/schema\\\/person\\\/3fc036297b10b9f42d6db5ee932af8c8\",\"name\":\"anja.hall\",\"image\":{\"@type\":\"ImageObject\",\"inLanguage\":\"fr-FR\",\"@id\":\"https:\\\/\\\/secure.gravatar.com\\\/avatar\\\/066b5a0d447013502c71a5782f4f3469f03cfe595cc2329fb94652fe47511bfb?s=96&d=mm&r=g\",\"url\":\"https:\\\/\\\/secure.gravatar.com\\\/avatar\\\/066b5a0d447013502c71a5782f4f3469f03cfe595cc2329fb94652fe47511bfb?s=96&d=mm&r=g\",\"contentUrl\":\"https:\\\/\\\/secure.gravatar.com\\\/avatar\\\/066b5a0d447013502c71a5782f4f3469f03cfe595cc2329fb94652fe47511bfb?s=96&d=mm&r=g\",\"caption\":\"anja.hall\"},\"url\":\"https:\\\/\\\/www.immobilienbusiness.ch\\\/fr\\\/author\\\/anja-hall\\\/\"}]}<\/script>\n<!-- \/ Yoast SEO plugin. -->","yoast_head_json":{"title":"Swiss Central City : feu vert pour l'introduction en bourse - IMMOBILIER Business","description":"La direction du fonds Nova Property Fund Management peut comme pr\u00e9vu faire coter le Swiss Central City Real Estate Fund \u00e0 la SIX Swiss Exchange. Le premier jour de n\u00e9goce devrait \u00eatre le 13 d\u00e9cembre.","robots":{"index":"index","follow":"follow","max-snippet":"max-snippet:-1","max-image-preview":"max-image-preview:large","max-video-preview":"max-video-preview:-1"},"canonical":"https:\/\/www.immobilienbusiness.ch\/fr\/ib\/2021-11-29\/swiss-central-city-grunes-licht-fur-den-borsengang\/","og_locale":"fr_FR","og_type":"article","og_title":"Swiss Central City: Gr\u00fcnes Licht f\u00fcr den B\u00f6rsengang - IMMOBILIEN Business","og_description":"Die Fondsleitung Nova Property Fund Management kann den Swiss Central City Real Estate Fund wie geplant an der SIX Swiss Exchange kotieren lassen. Erster Handelstag soll der 13. Dezember sein.","og_url":"https:\/\/www.immobilienbusiness.ch\/fr\/ib\/2021-11-29\/swiss-central-city-grunes-licht-fur-den-borsengang\/","og_site_name":"IMMOBILIEN Business","article_publisher":"https:\/\/www.facebook.com\/immobilienbusiness\/","article_published_time":"2021-11-29T08:35:10+00:00","article_modified_time":"2023-06-26T07:42:19+00:00","author":"anja.hall","twitter_card":"summary_large_image","schema":{"@context":"https:\/\/schema.org","@graph":[{"@type":"Article","@id":"https:\/\/www.immobilienbusiness.ch\/fr\/ib\/2021-11-29\/swiss-central-city-grunes-licht-fur-den-borsengang\/#article","isPartOf":{"@id":"https:\/\/www.immobilienbusiness.ch\/fr\/ib\/2021-11-29\/swiss-central-city-grunes-licht-fur-den-borsengang\/"},"author":{"name":"anja.hall","@id":"https:\/\/www.immobilienbusiness.ch\/#\/schema\/person\/3fc036297b10b9f42d6db5ee932af8c8"},"headline":"Swiss Central City: Gr\u00fcnes Licht f\u00fcr den B\u00f6rsengang","datePublished":"2021-11-29T08:35:10+00:00","dateModified":"2023-06-26T07:42:19+00:00","mainEntityOfPage":{"@id":"https:\/\/www.immobilienbusiness.ch\/fr\/ib\/2021-11-29\/swiss-central-city-grunes-licht-fur-den-borsengang\/"},"wordCount":179,"publisher":{"@id":"https:\/\/www.immobilienbusiness.ch\/#organization"},"keywords":["Immobilienfonds","potentieller K\u00e4ufer"],"articleSection":["IB+"],"inLanguage":"fr-FR"},{"@type":"WebPage","@id":"https:\/\/www.immobilienbusiness.ch\/fr\/ib\/2021-11-29\/swiss-central-city-grunes-licht-fur-den-borsengang\/","url":"https:\/\/www.immobilienbusiness.ch\/fr\/ib\/2021-11-29\/swiss-central-city-grunes-licht-fur-den-borsengang\/","name":"Swiss Central City : feu vert pour l'introduction en bourse - IMMOBILIER Business","isPartOf":{"@id":"https:\/\/www.immobilienbusiness.ch\/#website"},"datePublished":"2021-11-29T08:35:10+00:00","dateModified":"2023-06-26T07:42:19+00:00","description":"La direction du fonds Nova Property Fund Management peut comme pr\u00e9vu faire coter le Swiss Central City Real Estate Fund \u00e0 la SIX Swiss Exchange. Le premier jour de n\u00e9goce devrait \u00eatre le 13 d\u00e9cembre.","breadcrumb":{"@id":"https:\/\/www.immobilienbusiness.ch\/fr\/ib\/2021-11-29\/swiss-central-city-grunes-licht-fur-den-borsengang\/#breadcrumb"},"inLanguage":"fr-FR","potentialAction":[{"@type":"ReadAction","target":["https:\/\/www.immobilienbusiness.ch\/fr\/ib\/2021-11-29\/swiss-central-city-grunes-licht-fur-den-borsengang\/"]}]},{"@type":"BreadcrumbList","@id":"https:\/\/www.immobilienbusiness.ch\/fr\/ib\/2021-11-29\/swiss-central-city-grunes-licht-fur-den-borsengang\/#breadcrumb","itemListElement":[{"@type":"ListItem","position":1,"name":"Home","item":"https:\/\/www.immobilienbusiness.ch\/"},{"@type":"ListItem","position":2,"name":"Swiss Central City: Gr\u00fcnes Licht f\u00fcr den B\u00f6rsengang"}]},{"@type":"WebSite","@id":"https:\/\/www.immobilienbusiness.ch\/#website","url":"https:\/\/www.immobilienbusiness.ch\/","name":"IMMOBILIER Business","description":"Magazine \u00e9conomique suisse ind\u00e9pendant ax\u00e9 sur l'immobilier, l'architecture et la construction ainsi que sur les investissements et le financement.","publisher":{"@id":"https:\/\/www.immobilienbusiness.ch\/#organization"},"potentialAction":[{"@type":"SearchAction","target":{"@type":"EntryPoint","urlTemplate":"https:\/\/www.immobilienbusiness.ch\/?s={search_term_string}"},"query-input":{"@type":"PropertyValueSpecification","valueRequired":true,"valueName":"search_term_string"}}],"inLanguage":"fr-FR"},{"@type":"Organization","@id":"https:\/\/www.immobilienbusiness.ch\/#organization","name":"IMMOBILIER Business","url":"https:\/\/www.immobilienbusiness.ch\/","logo":{"@type":"ImageObject","inLanguage":"fr-FR","@id":"https:\/\/www.immobilienbusiness.ch\/#\/schema\/logo\/image\/","url":"https:\/\/www.immobilienbusiness.ch\/wp-content\/uploads\/2021\/07\/logo_ib.png","contentUrl":"https:\/\/www.immobilienbusiness.ch\/wp-content\/uploads\/2021\/07\/logo_ib.png","width":800,"height":181,"caption":"IMMOBILIEN Business"},"image":{"@id":"https:\/\/www.immobilienbusiness.ch\/#\/schema\/logo\/image\/"},"sameAs":["https:\/\/www.facebook.com\/immobilienbusiness\/"]},{"@type":"Person","@id":"https:\/\/www.immobilienbusiness.ch\/#\/schema\/person\/3fc036297b10b9f42d6db5ee932af8c8","name":"anja.hall","image":{"@type":"ImageObject","inLanguage":"fr-FR","@id":"https:\/\/secure.gravatar.com\/avatar\/066b5a0d447013502c71a5782f4f3469f03cfe595cc2329fb94652fe47511bfb?s=96&d=mm&r=g","url":"https:\/\/secure.gravatar.com\/avatar\/066b5a0d447013502c71a5782f4f3469f03cfe595cc2329fb94652fe47511bfb?s=96&d=mm&r=g","contentUrl":"https:\/\/secure.gravatar.com\/avatar\/066b5a0d447013502c71a5782f4f3469f03cfe595cc2329fb94652fe47511bfb?s=96&d=mm&r=g","caption":"anja.hall"},"url":"https:\/\/www.immobilienbusiness.ch\/fr\/author\/anja-hall\/"}]}},"_links":{"self":[{"href":"https:\/\/www.immobilienbusiness.ch\/fr\/wp-json\/wp\/v2\/posts\/41747","targetHints":{"allow":["GET"]}}],"collection":[{"href":"https:\/\/www.immobilienbusiness.ch\/fr\/wp-json\/wp\/v2\/posts"}],"about":[{"href":"https:\/\/www.immobilienbusiness.ch\/fr\/wp-json\/wp\/v2\/types\/post"}],"author":[{"embeddable":true,"href":"https:\/\/www.immobilienbusiness.ch\/fr\/wp-json\/wp\/v2\/users\/3"}],"replies":[{"embeddable":true,"href":"https:\/\/www.immobilienbusiness.ch\/fr\/wp-json\/wp\/v2\/comments?post=41747"}],"version-history":[{"count":1,"href":"https:\/\/www.immobilienbusiness.ch\/fr\/wp-json\/wp\/v2\/posts\/41747\/revisions"}],"predecessor-version":[{"id":48267,"href":"https:\/\/www.immobilienbusiness.ch\/fr\/wp-json\/wp\/v2\/posts\/41747\/revisions\/48267"}],"wp:attachment":[{"href":"https:\/\/www.immobilienbusiness.ch\/fr\/wp-json\/wp\/v2\/media?parent=41747"}],"wp:term":[{"taxonomy":"category","embeddable":true,"href":"https:\/\/www.immobilienbusiness.ch\/fr\/wp-json\/wp\/v2\/categories?post=41747"},{"taxonomy":"post_tag","embeddable":true,"href":"https:\/\/www.immobilienbusiness.ch\/fr\/wp-json\/wp\/v2\/tags?post=41747"}],"curies":[{"name":"wp","href":"https:\/\/api.w.org\/{rel}","templated":true}]}}