{"id":41558,"date":"2021-09-09T15:50:49","date_gmt":"2021-09-09T13:50:49","guid":{"rendered":"https:\/\/develop.immobilienbusiness.ch\/de\/allgemein\/2021-09-09\/sevelen-drei-konig-areal-mit-neuer-zukunft\/"},"modified":"2023-06-29T08:46:42","modified_gmt":"2023-06-29T06:46:42","slug":"sevelen-drei-konig-areal-mit-neuer-zukunft","status":"publish","type":"post","link":"https:\/\/www.immobilienbusiness.ch\/fr\/ib\/2021-09-09\/sevelen-drei-konig-areal-mit-neuer-zukunft\/","title":{"rendered":"La ville de Sevelen : Le site Drei K\u00f6nig a un nouvel avenir"},"content":{"rendered":"<div class=\"swpm-post-not-logged-in-msg\">Vous devez \u00eatre connect\u00e9 pour voir ce contenu. Veuillez consulter <a class=\"swpm-login-link\" href=\"https:\/\/www.immobilienbusiness.ch\/fr\/login\/?swpm_redirect_to=https%3A%2F%2Fwww.immobilienbusiness.ch%2Ffr%2Fwp-json%2Fwp%2Fv2%2Fposts%2F41558\">Connexion<\/a>. Vous n'\u00eates pas membre ? <a href=\"https:\/\/www.immobilienbusiness.ch\/fr\/registrieren\/\">Nous Rejoindre<\/a><\/div>","protected":false},"excerpt":{"rendered":"<p><span><span><span lang=\"DE-CH\" xml:lang=\"DE-CH\"><span>Une possibilit\u00e9 d'utilisation ult\u00e9rieure est recherch\u00e9e pour l'h\u00f4tel-restaurant Drei K\u00f6nige. La commune de Sevelen (SG) avait acquis le bien immobilier de gr\u00e9 \u00e0 gr\u00e9 en 2013. Depuis la fin du mois d'ao\u00fbt, trois propositions d'utilisation sont sur la table, dont le co\u00fbt se situe entre 3,6 et 20 millions de CHF.<\/span><\/span><\/span><\/span><span><span><span lang=\"DE-CH\" xml:lang=\"DE-CH\"> <\/span><\/span><\/span><\/p>","protected":false},"author":8,"featured_media":0,"comment_status":"closed","ping_status":"closed","sticky":false,"template":"","format":"standard","meta":{"_acf_changed":false,"_yoast_wpseo_focuskw":"Studie 3K","_yoast_wpseo_title":"","_yoast_wpseo_metadesc":"F\u00fcr das Hotel Restaurant Drei K\u00f6nige wird eine Nachnutzungm\u00f6glichkeit gesucht. Die Liegenschaft hatte die Gemeinde Sevelen (SG) 2013 per Freihandkauf erworben. Seit Ende August liegen drei Nutzungsvorschl\u00e4ge vor, die zwischen 3,6 bis 20 Mio. CHF kosten sollen.","_yoast_wpseo_linkdex":53,"pgc_sgb_lightbox_settings":"","footnotes":""},"categories":[1951],"tags":[1254,1957,1955,1987],"class_list":["post-41558","post","type-post","status-publish","format-standard","hentry","category-ib","tag-gastronomie","tag-in-planung","tag-mehrfamilienhaus-miete","tag-sg"],"acf":[],"yoast_head":"<!-- This site is optimized with the Yoast SEO plugin v27.4 - https:\/\/yoast.com\/product\/yoast-seo-wordpress\/ -->\n<title>Sevelen: Drei K\u00f6nig-Areal mit neuer Zukunft - IMMOBILIEN Business<\/title>\n<meta name=\"description\" content=\"F\u00fcr das Hotel Restaurant Drei K\u00f6nige wird eine Nachnutzungm\u00f6glichkeit gesucht. Die Liegenschaft hatte die Gemeinde Sevelen (SG) 2013 per Freihandkauf erworben. Seit Ende August liegen drei Nutzungsvorschl\u00e4ge vor, die zwischen 3,6 bis 20 Mio. CHF kosten sollen.\" \/>\n<meta name=\"robots\" content=\"index, follow, max-snippet:-1, max-image-preview:large, max-video-preview:-1\" \/>\n<link rel=\"canonical\" href=\"https:\/\/www.immobilienbusiness.ch\/fr\/ib\/2021-09-09\/sevelen-drei-konig-areal-mit-neuer-zukunft\/\" \/>\n<meta property=\"og:locale\" content=\"fr_FR\" \/>\n<meta property=\"og:type\" content=\"article\" \/>\n<meta property=\"og:title\" content=\"Sevelen: Drei K\u00f6nig-Areal mit neuer Zukunft - IMMOBILIEN Business\" \/>\n<meta property=\"og:description\" content=\"F\u00fcr das Hotel Restaurant Drei K\u00f6nige wird eine Nachnutzungm\u00f6glichkeit gesucht. Die Liegenschaft hatte die Gemeinde Sevelen (SG) 2013 per Freihandkauf erworben. Seit Ende August liegen drei Nutzungsvorschl\u00e4ge vor, die zwischen 3,6 bis 20 Mio. CHF kosten sollen.\" \/>\n<meta property=\"og:url\" content=\"https:\/\/www.immobilienbusiness.ch\/fr\/ib\/2021-09-09\/sevelen-drei-konig-areal-mit-neuer-zukunft\/\" \/>\n<meta property=\"og:site_name\" content=\"IMMOBILIEN Business\" \/>\n<meta property=\"article:publisher\" content=\"https:\/\/www.facebook.com\/immobilienbusiness\/\" \/>\n<meta property=\"article:published_time\" content=\"2021-09-09T13:50:49+00:00\" \/>\n<meta property=\"article:modified_time\" content=\"2023-06-29T06:46:42+00:00\" \/>\n<meta name=\"author\" content=\"birgitt.wuest\" \/>\n<meta name=\"twitter:card\" content=\"summary_large_image\" \/>\n<script type=\"application\/ld+json\" class=\"yoast-schema-graph\">{\"@context\":\"https:\\\/\\\/schema.org\",\"@graph\":[{\"@type\":\"Article\",\"@id\":\"https:\\\/\\\/www.immobilienbusiness.ch\\\/de\\\/ib\\\/2021-09-09\\\/sevelen-drei-konig-areal-mit-neuer-zukunft\\\/#article\",\"isPartOf\":{\"@id\":\"https:\\\/\\\/www.immobilienbusiness.ch\\\/de\\\/ib\\\/2021-09-09\\\/sevelen-drei-konig-areal-mit-neuer-zukunft\\\/\"},\"author\":{\"name\":\"birgitt.wuest\",\"@id\":\"https:\\\/\\\/www.immobilienbusiness.ch\\\/#\\\/schema\\\/person\\\/9071de3b430793052e78768378adb039\"},\"headline\":\"Sevelen: Drei K\u00f6nig-Areal mit neuer Zukunft\",\"datePublished\":\"2021-09-09T13:50:49+00:00\",\"dateModified\":\"2023-06-29T06:46:42+00:00\",\"mainEntityOfPage\":{\"@id\":\"https:\\\/\\\/www.immobilienbusiness.ch\\\/de\\\/ib\\\/2021-09-09\\\/sevelen-drei-konig-areal-mit-neuer-zukunft\\\/\"},\"wordCount\":300,\"publisher\":{\"@id\":\"https:\\\/\\\/www.immobilienbusiness.ch\\\/#organization\"},\"keywords\":[\"Gastronomie\",\"in Planung\",\"Mehrfamilienhaus Miete\",\"SG\"],\"articleSection\":[\"IB+\"],\"inLanguage\":\"fr-FR\"},{\"@type\":\"WebPage\",\"@id\":\"https:\\\/\\\/www.immobilienbusiness.ch\\\/de\\\/ib\\\/2021-09-09\\\/sevelen-drei-konig-areal-mit-neuer-zukunft\\\/\",\"url\":\"https:\\\/\\\/www.immobilienbusiness.ch\\\/de\\\/ib\\\/2021-09-09\\\/sevelen-drei-konig-areal-mit-neuer-zukunft\\\/\",\"name\":\"Sevelen: Drei K\u00f6nig-Areal mit neuer Zukunft - IMMOBILIEN Business\",\"isPartOf\":{\"@id\":\"https:\\\/\\\/www.immobilienbusiness.ch\\\/#website\"},\"datePublished\":\"2021-09-09T13:50:49+00:00\",\"dateModified\":\"2023-06-29T06:46:42+00:00\",\"description\":\"F\u00fcr das Hotel Restaurant Drei K\u00f6nige wird eine Nachnutzungm\u00f6glichkeit gesucht. Die Liegenschaft hatte die Gemeinde Sevelen (SG) 2013 per Freihandkauf erworben. Seit Ende August liegen drei Nutzungsvorschl\u00e4ge vor, die zwischen 3,6 bis 20 Mio. CHF kosten sollen.\",\"breadcrumb\":{\"@id\":\"https:\\\/\\\/www.immobilienbusiness.ch\\\/de\\\/ib\\\/2021-09-09\\\/sevelen-drei-konig-areal-mit-neuer-zukunft\\\/#breadcrumb\"},\"inLanguage\":\"fr-FR\",\"potentialAction\":[{\"@type\":\"ReadAction\",\"target\":[\"https:\\\/\\\/www.immobilienbusiness.ch\\\/de\\\/ib\\\/2021-09-09\\\/sevelen-drei-konig-areal-mit-neuer-zukunft\\\/\"]}]},{\"@type\":\"BreadcrumbList\",\"@id\":\"https:\\\/\\\/www.immobilienbusiness.ch\\\/de\\\/ib\\\/2021-09-09\\\/sevelen-drei-konig-areal-mit-neuer-zukunft\\\/#breadcrumb\",\"itemListElement\":[{\"@type\":\"ListItem\",\"position\":1,\"name\":\"Home\",\"item\":\"https:\\\/\\\/www.immobilienbusiness.ch\\\/\"},{\"@type\":\"ListItem\",\"position\":2,\"name\":\"Sevelen: Drei K\u00f6nig-Areal mit neuer Zukunft\"}]},{\"@type\":\"WebSite\",\"@id\":\"https:\\\/\\\/www.immobilienbusiness.ch\\\/#website\",\"url\":\"https:\\\/\\\/www.immobilienbusiness.ch\\\/\",\"name\":\"IMMOBILIEN Business\",\"description\":\"Unabh\u00e4ngiges Schweizer Wirtschaftsmagazin mit Fokus auf Immobilien, Architektur- und Bau sowie Investment- und Finanzierung.\",\"publisher\":{\"@id\":\"https:\\\/\\\/www.immobilienbusiness.ch\\\/#organization\"},\"potentialAction\":[{\"@type\":\"SearchAction\",\"target\":{\"@type\":\"EntryPoint\",\"urlTemplate\":\"https:\\\/\\\/www.immobilienbusiness.ch\\\/?s={search_term_string}\"},\"query-input\":{\"@type\":\"PropertyValueSpecification\",\"valueRequired\":true,\"valueName\":\"search_term_string\"}}],\"inLanguage\":\"fr-FR\"},{\"@type\":\"Organization\",\"@id\":\"https:\\\/\\\/www.immobilienbusiness.ch\\\/#organization\",\"name\":\"IMMOBILIEN Business\",\"url\":\"https:\\\/\\\/www.immobilienbusiness.ch\\\/\",\"logo\":{\"@type\":\"ImageObject\",\"inLanguage\":\"fr-FR\",\"@id\":\"https:\\\/\\\/www.immobilienbusiness.ch\\\/#\\\/schema\\\/logo\\\/image\\\/\",\"url\":\"https:\\\/\\\/www.immobilienbusiness.ch\\\/wp-content\\\/uploads\\\/2021\\\/07\\\/logo_ib.png\",\"contentUrl\":\"https:\\\/\\\/www.immobilienbusiness.ch\\\/wp-content\\\/uploads\\\/2021\\\/07\\\/logo_ib.png\",\"width\":800,\"height\":181,\"caption\":\"IMMOBILIEN Business\"},\"image\":{\"@id\":\"https:\\\/\\\/www.immobilienbusiness.ch\\\/#\\\/schema\\\/logo\\\/image\\\/\"},\"sameAs\":[\"https:\\\/\\\/www.facebook.com\\\/immobilienbusiness\\\/\"]},{\"@type\":\"Person\",\"@id\":\"https:\\\/\\\/www.immobilienbusiness.ch\\\/#\\\/schema\\\/person\\\/9071de3b430793052e78768378adb039\",\"name\":\"birgitt.wuest\",\"image\":{\"@type\":\"ImageObject\",\"inLanguage\":\"fr-FR\",\"@id\":\"https:\\\/\\\/secure.gravatar.com\\\/avatar\\\/938f7e46a2aa35420af239a36e5ed08a1034598c7d4a6d4dccff5f20b49eefca?s=96&d=mm&r=g\",\"url\":\"https:\\\/\\\/secure.gravatar.com\\\/avatar\\\/938f7e46a2aa35420af239a36e5ed08a1034598c7d4a6d4dccff5f20b49eefca?s=96&d=mm&r=g\",\"contentUrl\":\"https:\\\/\\\/secure.gravatar.com\\\/avatar\\\/938f7e46a2aa35420af239a36e5ed08a1034598c7d4a6d4dccff5f20b49eefca?s=96&d=mm&r=g\",\"caption\":\"birgitt.wuest\"},\"url\":\"https:\\\/\\\/www.immobilienbusiness.ch\\\/fr\\\/author\\\/birgitt-wuest\\\/\"}]}<\/script>\n<!-- \/ Yoast SEO plugin. -->","yoast_head_json":{"title":"Sevelen: Drei K\u00f6nig-Areal mit neuer Zukunft - IMMOBILIEN Business","description":"Une possibilit\u00e9 d'utilisation ult\u00e9rieure est recherch\u00e9e pour l'h\u00f4tel-restaurant Drei K\u00f6nige. La commune de Sevelen (SG) avait acquis le bien immobilier de gr\u00e9 \u00e0 gr\u00e9 en 2013. Depuis la fin du mois d'ao\u00fbt, trois propositions d'utilisation sont sur la table, dont le co\u00fbt se situe entre 3,6 et 20 millions de CHF.","robots":{"index":"index","follow":"follow","max-snippet":"max-snippet:-1","max-image-preview":"max-image-preview:large","max-video-preview":"max-video-preview:-1"},"canonical":"https:\/\/www.immobilienbusiness.ch\/fr\/ib\/2021-09-09\/sevelen-drei-konig-areal-mit-neuer-zukunft\/","og_locale":"fr_FR","og_type":"article","og_title":"Sevelen: Drei K\u00f6nig-Areal mit neuer Zukunft - IMMOBILIEN Business","og_description":"F\u00fcr das Hotel Restaurant Drei K\u00f6nige wird eine Nachnutzungm\u00f6glichkeit gesucht. Die Liegenschaft hatte die Gemeinde Sevelen (SG) 2013 per Freihandkauf erworben. Seit Ende August liegen drei Nutzungsvorschl\u00e4ge vor, die zwischen 3,6 bis 20 Mio. CHF kosten sollen.","og_url":"https:\/\/www.immobilienbusiness.ch\/fr\/ib\/2021-09-09\/sevelen-drei-konig-areal-mit-neuer-zukunft\/","og_site_name":"IMMOBILIEN Business","article_publisher":"https:\/\/www.facebook.com\/immobilienbusiness\/","article_published_time":"2021-09-09T13:50:49+00:00","article_modified_time":"2023-06-29T06:46:42+00:00","author":"birgitt.wuest","twitter_card":"summary_large_image","schema":{"@context":"https:\/\/schema.org","@graph":[{"@type":"Article","@id":"https:\/\/www.immobilienbusiness.ch\/de\/ib\/2021-09-09\/sevelen-drei-konig-areal-mit-neuer-zukunft\/#article","isPartOf":{"@id":"https:\/\/www.immobilienbusiness.ch\/de\/ib\/2021-09-09\/sevelen-drei-konig-areal-mit-neuer-zukunft\/"},"author":{"name":"birgitt.wuest","@id":"https:\/\/www.immobilienbusiness.ch\/#\/schema\/person\/9071de3b430793052e78768378adb039"},"headline":"Sevelen: Drei K\u00f6nig-Areal mit neuer Zukunft","datePublished":"2021-09-09T13:50:49+00:00","dateModified":"2023-06-29T06:46:42+00:00","mainEntityOfPage":{"@id":"https:\/\/www.immobilienbusiness.ch\/de\/ib\/2021-09-09\/sevelen-drei-konig-areal-mit-neuer-zukunft\/"},"wordCount":300,"publisher":{"@id":"https:\/\/www.immobilienbusiness.ch\/#organization"},"keywords":["Gastronomie","in Planung","Mehrfamilienhaus Miete","SG"],"articleSection":["IB+"],"inLanguage":"fr-FR"},{"@type":"WebPage","@id":"https:\/\/www.immobilienbusiness.ch\/de\/ib\/2021-09-09\/sevelen-drei-konig-areal-mit-neuer-zukunft\/","url":"https:\/\/www.immobilienbusiness.ch\/de\/ib\/2021-09-09\/sevelen-drei-konig-areal-mit-neuer-zukunft\/","name":"Sevelen: Drei K\u00f6nig-Areal mit neuer Zukunft - IMMOBILIEN Business","isPartOf":{"@id":"https:\/\/www.immobilienbusiness.ch\/#website"},"datePublished":"2021-09-09T13:50:49+00:00","dateModified":"2023-06-29T06:46:42+00:00","description":"Une possibilit\u00e9 d'utilisation ult\u00e9rieure est recherch\u00e9e pour l'h\u00f4tel-restaurant Drei K\u00f6nige. La commune de Sevelen (SG) avait acquis le bien immobilier de gr\u00e9 \u00e0 gr\u00e9 en 2013. Depuis la fin du mois d'ao\u00fbt, trois propositions d'utilisation sont sur la table, dont le co\u00fbt se situe entre 3,6 et 20 millions de CHF.","breadcrumb":{"@id":"https:\/\/www.immobilienbusiness.ch\/de\/ib\/2021-09-09\/sevelen-drei-konig-areal-mit-neuer-zukunft\/#breadcrumb"},"inLanguage":"fr-FR","potentialAction":[{"@type":"ReadAction","target":["https:\/\/www.immobilienbusiness.ch\/de\/ib\/2021-09-09\/sevelen-drei-konig-areal-mit-neuer-zukunft\/"]}]},{"@type":"BreadcrumbList","@id":"https:\/\/www.immobilienbusiness.ch\/de\/ib\/2021-09-09\/sevelen-drei-konig-areal-mit-neuer-zukunft\/#breadcrumb","itemListElement":[{"@type":"ListItem","position":1,"name":"Home","item":"https:\/\/www.immobilienbusiness.ch\/"},{"@type":"ListItem","position":2,"name":"Sevelen: Drei K\u00f6nig-Areal mit neuer Zukunft"}]},{"@type":"WebSite","@id":"https:\/\/www.immobilienbusiness.ch\/#website","url":"https:\/\/www.immobilienbusiness.ch\/","name":"IMMOBILIER Business","description":"Magazine \u00e9conomique suisse ind\u00e9pendant ax\u00e9 sur l'immobilier, l'architecture et la construction ainsi que sur les investissements et le financement.","publisher":{"@id":"https:\/\/www.immobilienbusiness.ch\/#organization"},"potentialAction":[{"@type":"SearchAction","target":{"@type":"EntryPoint","urlTemplate":"https:\/\/www.immobilienbusiness.ch\/?s={search_term_string}"},"query-input":{"@type":"PropertyValueSpecification","valueRequired":true,"valueName":"search_term_string"}}],"inLanguage":"fr-FR"},{"@type":"Organization","@id":"https:\/\/www.immobilienbusiness.ch\/#organization","name":"IMMOBILIER Business","url":"https:\/\/www.immobilienbusiness.ch\/","logo":{"@type":"ImageObject","inLanguage":"fr-FR","@id":"https:\/\/www.immobilienbusiness.ch\/#\/schema\/logo\/image\/","url":"https:\/\/www.immobilienbusiness.ch\/wp-content\/uploads\/2021\/07\/logo_ib.png","contentUrl":"https:\/\/www.immobilienbusiness.ch\/wp-content\/uploads\/2021\/07\/logo_ib.png","width":800,"height":181,"caption":"IMMOBILIEN Business"},"image":{"@id":"https:\/\/www.immobilienbusiness.ch\/#\/schema\/logo\/image\/"},"sameAs":["https:\/\/www.facebook.com\/immobilienbusiness\/"]},{"@type":"Person","@id":"https:\/\/www.immobilienbusiness.ch\/#\/schema\/person\/9071de3b430793052e78768378adb039","name":"birgitt.wuest","image":{"@type":"ImageObject","inLanguage":"fr-FR","@id":"https:\/\/secure.gravatar.com\/avatar\/938f7e46a2aa35420af239a36e5ed08a1034598c7d4a6d4dccff5f20b49eefca?s=96&d=mm&r=g","url":"https:\/\/secure.gravatar.com\/avatar\/938f7e46a2aa35420af239a36e5ed08a1034598c7d4a6d4dccff5f20b49eefca?s=96&d=mm&r=g","contentUrl":"https:\/\/secure.gravatar.com\/avatar\/938f7e46a2aa35420af239a36e5ed08a1034598c7d4a6d4dccff5f20b49eefca?s=96&d=mm&r=g","caption":"birgitt.wuest"},"url":"https:\/\/www.immobilienbusiness.ch\/fr\/author\/birgitt-wuest\/"}]}},"_links":{"self":[{"href":"https:\/\/www.immobilienbusiness.ch\/fr\/wp-json\/wp\/v2\/posts\/41558","targetHints":{"allow":["GET"]}}],"collection":[{"href":"https:\/\/www.immobilienbusiness.ch\/fr\/wp-json\/wp\/v2\/posts"}],"about":[{"href":"https:\/\/www.immobilienbusiness.ch\/fr\/wp-json\/wp\/v2\/types\/post"}],"author":[{"embeddable":true,"href":"https:\/\/www.immobilienbusiness.ch\/fr\/wp-json\/wp\/v2\/users\/8"}],"replies":[{"embeddable":true,"href":"https:\/\/www.immobilienbusiness.ch\/fr\/wp-json\/wp\/v2\/comments?post=41558"}],"version-history":[{"count":1,"href":"https:\/\/www.immobilienbusiness.ch\/fr\/wp-json\/wp\/v2\/posts\/41558\/revisions"}],"predecessor-version":[{"id":48639,"href":"https:\/\/www.immobilienbusiness.ch\/fr\/wp-json\/wp\/v2\/posts\/41558\/revisions\/48639"}],"wp:attachment":[{"href":"https:\/\/www.immobilienbusiness.ch\/fr\/wp-json\/wp\/v2\/media?parent=41558"}],"wp:term":[{"taxonomy":"category","embeddable":true,"href":"https:\/\/www.immobilienbusiness.ch\/fr\/wp-json\/wp\/v2\/categories?post=41558"},{"taxonomy":"post_tag","embeddable":true,"href":"https:\/\/www.immobilienbusiness.ch\/fr\/wp-json\/wp\/v2\/tags?post=41558"}],"curies":[{"name":"wp","href":"https:\/\/api.w.org\/{rel}","templated":true}]}}