{"id":41311,"date":"2021-05-25T11:06:39","date_gmt":"2021-05-25T09:06:39","guid":{"rendered":"https:\/\/develop.immobilienbusiness.ch\/de\/allgemein\/2021-05-25\/kriens-neue-nutzung-fur-altes-bahnhofli-gesucht\/"},"modified":"2023-07-01T10:58:57","modified_gmt":"2023-07-01T08:58:57","slug":"kriens-neue-nutzung-fur-altes-bahnhofli-gesucht","status":"publish","type":"post","link":"https:\/\/www.immobilienbusiness.ch\/fr\/ib\/2021-05-25\/kriens-neue-nutzung-fur-altes-bahnhofli-gesucht\/","title":{"rendered":"Kriens : recherche d'une nouvelle affectation pour l'ancien Bahnh\u00f6fli"},"content":{"rendered":"<div class=\"swpm-post-not-logged-in-msg\">Vous devez \u00eatre connect\u00e9 pour voir ce contenu. Veuillez consulter <a class=\"swpm-login-link\" href=\"https:\/\/www.immobilienbusiness.ch\/fr\/login\/?swpm_redirect_to=https%3A%2F%2Fwww.immobilienbusiness.ch%2Ffr%2Fwp-json%2Fwp%2Fv2%2Fposts%2F41311\">Connexion<\/a>. Vous n'\u00eates pas membre ? <a href=\"https:\/\/www.immobilienbusiness.ch\/fr\/registrieren\/\">Nous Rejoindre<\/a><\/div>","protected":false},"excerpt":{"rendered":"<p><span><span><span>La ville de Kriens veut r\u00e9affecter le \"Bahnh\u00f6fli\" historique situ\u00e9 entre la place de la ville et le Bellpark. Pour ce faire, l'immeuble doit \u00eatre lou\u00e9 \u00e0 un nouvel exploitant ou c\u00e9d\u00e9 en droit de superficie.<\/span><\/span><\/span><\/p>","protected":false},"author":3,"featured_media":0,"comment_status":"closed","ping_status":"closed","sticky":false,"template":"","format":"standard","meta":{"_acf_changed":false,"_yoast_wpseo_focuskw":"Umnutzung","_yoast_wpseo_title":"","_yoast_wpseo_metadesc":"Die Stadt Kriens will das historische \u00abBahnh\u00f6fli\u00bb zwischen Stadtplatz und Bellpark umnutzen. Dazu soll die Liegenschaft an einen neuen Betreiber vermietet oder im Baurecht abgeben werden.","_yoast_wpseo_linkdex":47,"pgc_sgb_lightbox_settings":"","footnotes":""},"categories":[1951],"tags":[1254,1958,1962,1963],"class_list":["post-41311","post","type-post","status-publish","format-standard","hentry","category-ib","tag-gastronomie","tag-lu","tag-verfugbare-flache","tag-verfugbare-immobilie"],"acf":[],"yoast_head":"<!-- This site is optimized with the Yoast SEO plugin v27.5 - https:\/\/yoast.com\/product\/yoast-seo-wordpress\/ -->\n<title>Kriens: Neue Nutzung f\u00fcr altes Bahnh\u00f6fli gesucht - IMMOBILIEN Business<\/title>\n<meta name=\"description\" content=\"Die Stadt Kriens will das historische \u00abBahnh\u00f6fli\u00bb zwischen Stadtplatz und Bellpark umnutzen. Dazu soll die Liegenschaft an einen neuen Betreiber vermietet oder im Baurecht abgeben werden.\" \/>\n<meta name=\"robots\" content=\"index, follow, max-snippet:-1, max-image-preview:large, max-video-preview:-1\" \/>\n<link rel=\"canonical\" href=\"https:\/\/www.immobilienbusiness.ch\/fr\/ib\/2021-05-25\/kriens-neue-nutzung-fur-altes-bahnhofli-gesucht\/\" \/>\n<meta property=\"og:locale\" content=\"fr_FR\" \/>\n<meta property=\"og:type\" content=\"article\" \/>\n<meta property=\"og:title\" content=\"Kriens: Neue Nutzung f\u00fcr altes Bahnh\u00f6fli gesucht - IMMOBILIEN Business\" \/>\n<meta property=\"og:description\" content=\"Die Stadt Kriens will das historische \u00abBahnh\u00f6fli\u00bb zwischen Stadtplatz und Bellpark umnutzen. Dazu soll die Liegenschaft an einen neuen Betreiber vermietet oder im Baurecht abgeben werden.\" \/>\n<meta property=\"og:url\" content=\"https:\/\/www.immobilienbusiness.ch\/fr\/ib\/2021-05-25\/kriens-neue-nutzung-fur-altes-bahnhofli-gesucht\/\" \/>\n<meta property=\"og:site_name\" content=\"IMMOBILIEN Business\" \/>\n<meta property=\"article:publisher\" content=\"https:\/\/www.facebook.com\/immobilienbusiness\/\" \/>\n<meta property=\"article:published_time\" content=\"2021-05-25T09:06:39+00:00\" \/>\n<meta property=\"article:modified_time\" content=\"2023-07-01T08:58:57+00:00\" \/>\n<meta name=\"author\" content=\"anja.hall\" \/>\n<meta name=\"twitter:card\" content=\"summary_large_image\" \/>\n<script type=\"application\/ld+json\" class=\"yoast-schema-graph\">{\"@context\":\"https:\\\/\\\/schema.org\",\"@graph\":[{\"@type\":\"Article\",\"@id\":\"https:\\\/\\\/www.immobilienbusiness.ch\\\/ib\\\/2021-05-25\\\/kriens-neue-nutzung-fur-altes-bahnhofli-gesucht\\\/#article\",\"isPartOf\":{\"@id\":\"https:\\\/\\\/www.immobilienbusiness.ch\\\/ib\\\/2021-05-25\\\/kriens-neue-nutzung-fur-altes-bahnhofli-gesucht\\\/\"},\"author\":{\"name\":\"anja.hall\",\"@id\":\"https:\\\/\\\/www.immobilienbusiness.ch\\\/#\\\/schema\\\/person\\\/3fc036297b10b9f42d6db5ee932af8c8\"},\"headline\":\"Kriens: Neue Nutzung f\u00fcr altes Bahnh\u00f6fli gesucht\",\"datePublished\":\"2021-05-25T09:06:39+00:00\",\"dateModified\":\"2023-07-01T08:58:57+00:00\",\"mainEntityOfPage\":{\"@id\":\"https:\\\/\\\/www.immobilienbusiness.ch\\\/ib\\\/2021-05-25\\\/kriens-neue-nutzung-fur-altes-bahnhofli-gesucht\\\/\"},\"wordCount\":286,\"publisher\":{\"@id\":\"https:\\\/\\\/www.immobilienbusiness.ch\\\/#organization\"},\"keywords\":[\"Gastronomie\",\"LU\",\"verf\u00fcgbare Fl\u00e4che\",\"verf\u00fcgbare Immobilie\"],\"articleSection\":[\"IB+\"],\"inLanguage\":\"fr-FR\"},{\"@type\":\"WebPage\",\"@id\":\"https:\\\/\\\/www.immobilienbusiness.ch\\\/ib\\\/2021-05-25\\\/kriens-neue-nutzung-fur-altes-bahnhofli-gesucht\\\/\",\"url\":\"https:\\\/\\\/www.immobilienbusiness.ch\\\/ib\\\/2021-05-25\\\/kriens-neue-nutzung-fur-altes-bahnhofli-gesucht\\\/\",\"name\":\"Kriens: Neue Nutzung f\u00fcr altes Bahnh\u00f6fli gesucht - IMMOBILIEN Business\",\"isPartOf\":{\"@id\":\"https:\\\/\\\/www.immobilienbusiness.ch\\\/#website\"},\"datePublished\":\"2021-05-25T09:06:39+00:00\",\"dateModified\":\"2023-07-01T08:58:57+00:00\",\"description\":\"Die Stadt Kriens will das historische \u00abBahnh\u00f6fli\u00bb zwischen Stadtplatz und Bellpark umnutzen. Dazu soll die Liegenschaft an einen neuen Betreiber vermietet oder im Baurecht abgeben werden.\",\"breadcrumb\":{\"@id\":\"https:\\\/\\\/www.immobilienbusiness.ch\\\/ib\\\/2021-05-25\\\/kriens-neue-nutzung-fur-altes-bahnhofli-gesucht\\\/#breadcrumb\"},\"inLanguage\":\"fr-FR\",\"potentialAction\":[{\"@type\":\"ReadAction\",\"target\":[\"https:\\\/\\\/www.immobilienbusiness.ch\\\/ib\\\/2021-05-25\\\/kriens-neue-nutzung-fur-altes-bahnhofli-gesucht\\\/\"]}]},{\"@type\":\"BreadcrumbList\",\"@id\":\"https:\\\/\\\/www.immobilienbusiness.ch\\\/ib\\\/2021-05-25\\\/kriens-neue-nutzung-fur-altes-bahnhofli-gesucht\\\/#breadcrumb\",\"itemListElement\":[{\"@type\":\"ListItem\",\"position\":1,\"name\":\"Home\",\"item\":\"https:\\\/\\\/www.immobilienbusiness.ch\\\/\"},{\"@type\":\"ListItem\",\"position\":2,\"name\":\"Kriens: Neue Nutzung f\u00fcr altes Bahnh\u00f6fli gesucht\"}]},{\"@type\":\"WebSite\",\"@id\":\"https:\\\/\\\/www.immobilienbusiness.ch\\\/#website\",\"url\":\"https:\\\/\\\/www.immobilienbusiness.ch\\\/\",\"name\":\"IMMOBILIEN Business\",\"description\":\"Unabh\u00e4ngiges Schweizer Wirtschaftsmagazin mit Fokus auf Immobilien, Architektur- und Bau sowie Investment- und Finanzierung.\",\"publisher\":{\"@id\":\"https:\\\/\\\/www.immobilienbusiness.ch\\\/#organization\"},\"potentialAction\":[{\"@type\":\"SearchAction\",\"target\":{\"@type\":\"EntryPoint\",\"urlTemplate\":\"https:\\\/\\\/www.immobilienbusiness.ch\\\/?s={search_term_string}\"},\"query-input\":{\"@type\":\"PropertyValueSpecification\",\"valueRequired\":true,\"valueName\":\"search_term_string\"}}],\"inLanguage\":\"fr-FR\"},{\"@type\":\"Organization\",\"@id\":\"https:\\\/\\\/www.immobilienbusiness.ch\\\/#organization\",\"name\":\"IMMOBILIEN Business\",\"url\":\"https:\\\/\\\/www.immobilienbusiness.ch\\\/\",\"logo\":{\"@type\":\"ImageObject\",\"inLanguage\":\"fr-FR\",\"@id\":\"https:\\\/\\\/www.immobilienbusiness.ch\\\/#\\\/schema\\\/logo\\\/image\\\/\",\"url\":\"https:\\\/\\\/www.immobilienbusiness.ch\\\/wp-content\\\/uploads\\\/2021\\\/07\\\/logo_ib.png\",\"contentUrl\":\"https:\\\/\\\/www.immobilienbusiness.ch\\\/wp-content\\\/uploads\\\/2021\\\/07\\\/logo_ib.png\",\"width\":800,\"height\":181,\"caption\":\"IMMOBILIEN Business\"},\"image\":{\"@id\":\"https:\\\/\\\/www.immobilienbusiness.ch\\\/#\\\/schema\\\/logo\\\/image\\\/\"},\"sameAs\":[\"https:\\\/\\\/www.facebook.com\\\/immobilienbusiness\\\/\"]},{\"@type\":\"Person\",\"@id\":\"https:\\\/\\\/www.immobilienbusiness.ch\\\/#\\\/schema\\\/person\\\/3fc036297b10b9f42d6db5ee932af8c8\",\"name\":\"anja.hall\",\"image\":{\"@type\":\"ImageObject\",\"inLanguage\":\"fr-FR\",\"@id\":\"https:\\\/\\\/secure.gravatar.com\\\/avatar\\\/066b5a0d447013502c71a5782f4f3469f03cfe595cc2329fb94652fe47511bfb?s=96&d=mm&r=g\",\"url\":\"https:\\\/\\\/secure.gravatar.com\\\/avatar\\\/066b5a0d447013502c71a5782f4f3469f03cfe595cc2329fb94652fe47511bfb?s=96&d=mm&r=g\",\"contentUrl\":\"https:\\\/\\\/secure.gravatar.com\\\/avatar\\\/066b5a0d447013502c71a5782f4f3469f03cfe595cc2329fb94652fe47511bfb?s=96&d=mm&r=g\",\"caption\":\"anja.hall\"},\"url\":\"https:\\\/\\\/www.immobilienbusiness.ch\\\/fr\\\/author\\\/anja-hall\\\/\"}]}<\/script>\n<!-- \/ Yoast SEO plugin. -->","yoast_head_json":{"title":"Kriens: Neue Nutzung f\u00fcr altes Bahnh\u00f6fli gesucht - IMMOBILIEN Business","description":"La ville de Kriens veut r\u00e9affecter le \"Bahnh\u00f6fli\" historique situ\u00e9 entre la place de la ville et le Bellpark. Pour ce faire, l'immeuble doit \u00eatre lou\u00e9 \u00e0 un nouvel exploitant ou c\u00e9d\u00e9 en droit de superficie.","robots":{"index":"index","follow":"follow","max-snippet":"max-snippet:-1","max-image-preview":"max-image-preview:large","max-video-preview":"max-video-preview:-1"},"canonical":"https:\/\/www.immobilienbusiness.ch\/fr\/ib\/2021-05-25\/kriens-neue-nutzung-fur-altes-bahnhofli-gesucht\/","og_locale":"fr_FR","og_type":"article","og_title":"Kriens: Neue Nutzung f\u00fcr altes Bahnh\u00f6fli gesucht - IMMOBILIEN Business","og_description":"Die Stadt Kriens will das historische \u00abBahnh\u00f6fli\u00bb zwischen Stadtplatz und Bellpark umnutzen. Dazu soll die Liegenschaft an einen neuen Betreiber vermietet oder im Baurecht abgeben werden.","og_url":"https:\/\/www.immobilienbusiness.ch\/fr\/ib\/2021-05-25\/kriens-neue-nutzung-fur-altes-bahnhofli-gesucht\/","og_site_name":"IMMOBILIEN Business","article_publisher":"https:\/\/www.facebook.com\/immobilienbusiness\/","article_published_time":"2021-05-25T09:06:39+00:00","article_modified_time":"2023-07-01T08:58:57+00:00","author":"anja.hall","twitter_card":"summary_large_image","schema":{"@context":"https:\/\/schema.org","@graph":[{"@type":"Article","@id":"https:\/\/www.immobilienbusiness.ch\/ib\/2021-05-25\/kriens-neue-nutzung-fur-altes-bahnhofli-gesucht\/#article","isPartOf":{"@id":"https:\/\/www.immobilienbusiness.ch\/ib\/2021-05-25\/kriens-neue-nutzung-fur-altes-bahnhofli-gesucht\/"},"author":{"name":"anja.hall","@id":"https:\/\/www.immobilienbusiness.ch\/#\/schema\/person\/3fc036297b10b9f42d6db5ee932af8c8"},"headline":"Kriens: Neue Nutzung f\u00fcr altes Bahnh\u00f6fli gesucht","datePublished":"2021-05-25T09:06:39+00:00","dateModified":"2023-07-01T08:58:57+00:00","mainEntityOfPage":{"@id":"https:\/\/www.immobilienbusiness.ch\/ib\/2021-05-25\/kriens-neue-nutzung-fur-altes-bahnhofli-gesucht\/"},"wordCount":286,"publisher":{"@id":"https:\/\/www.immobilienbusiness.ch\/#organization"},"keywords":["Gastronomie","LU","verf\u00fcgbare Fl\u00e4che","verf\u00fcgbare Immobilie"],"articleSection":["IB+"],"inLanguage":"fr-FR"},{"@type":"WebPage","@id":"https:\/\/www.immobilienbusiness.ch\/ib\/2021-05-25\/kriens-neue-nutzung-fur-altes-bahnhofli-gesucht\/","url":"https:\/\/www.immobilienbusiness.ch\/ib\/2021-05-25\/kriens-neue-nutzung-fur-altes-bahnhofli-gesucht\/","name":"Kriens: Neue Nutzung f\u00fcr altes Bahnh\u00f6fli gesucht - IMMOBILIEN Business","isPartOf":{"@id":"https:\/\/www.immobilienbusiness.ch\/#website"},"datePublished":"2021-05-25T09:06:39+00:00","dateModified":"2023-07-01T08:58:57+00:00","description":"La ville de Kriens veut r\u00e9affecter le \"Bahnh\u00f6fli\" historique situ\u00e9 entre la place de la ville et le Bellpark. Pour ce faire, l'immeuble doit \u00eatre lou\u00e9 \u00e0 un nouvel exploitant ou c\u00e9d\u00e9 en droit de superficie.","breadcrumb":{"@id":"https:\/\/www.immobilienbusiness.ch\/ib\/2021-05-25\/kriens-neue-nutzung-fur-altes-bahnhofli-gesucht\/#breadcrumb"},"inLanguage":"fr-FR","potentialAction":[{"@type":"ReadAction","target":["https:\/\/www.immobilienbusiness.ch\/ib\/2021-05-25\/kriens-neue-nutzung-fur-altes-bahnhofli-gesucht\/"]}]},{"@type":"BreadcrumbList","@id":"https:\/\/www.immobilienbusiness.ch\/ib\/2021-05-25\/kriens-neue-nutzung-fur-altes-bahnhofli-gesucht\/#breadcrumb","itemListElement":[{"@type":"ListItem","position":1,"name":"Home","item":"https:\/\/www.immobilienbusiness.ch\/"},{"@type":"ListItem","position":2,"name":"Kriens: Neue Nutzung f\u00fcr altes Bahnh\u00f6fli gesucht"}]},{"@type":"WebSite","@id":"https:\/\/www.immobilienbusiness.ch\/#website","url":"https:\/\/www.immobilienbusiness.ch\/","name":"IMMOBILIER Business","description":"Magazine \u00e9conomique suisse ind\u00e9pendant ax\u00e9 sur l'immobilier, l'architecture et la construction ainsi que sur les investissements et le financement.","publisher":{"@id":"https:\/\/www.immobilienbusiness.ch\/#organization"},"potentialAction":[{"@type":"SearchAction","target":{"@type":"EntryPoint","urlTemplate":"https:\/\/www.immobilienbusiness.ch\/?s={search_term_string}"},"query-input":{"@type":"PropertyValueSpecification","valueRequired":true,"valueName":"search_term_string"}}],"inLanguage":"fr-FR"},{"@type":"Organization","@id":"https:\/\/www.immobilienbusiness.ch\/#organization","name":"IMMOBILIER Business","url":"https:\/\/www.immobilienbusiness.ch\/","logo":{"@type":"ImageObject","inLanguage":"fr-FR","@id":"https:\/\/www.immobilienbusiness.ch\/#\/schema\/logo\/image\/","url":"https:\/\/www.immobilienbusiness.ch\/wp-content\/uploads\/2021\/07\/logo_ib.png","contentUrl":"https:\/\/www.immobilienbusiness.ch\/wp-content\/uploads\/2021\/07\/logo_ib.png","width":800,"height":181,"caption":"IMMOBILIEN Business"},"image":{"@id":"https:\/\/www.immobilienbusiness.ch\/#\/schema\/logo\/image\/"},"sameAs":["https:\/\/www.facebook.com\/immobilienbusiness\/"]},{"@type":"Person","@id":"https:\/\/www.immobilienbusiness.ch\/#\/schema\/person\/3fc036297b10b9f42d6db5ee932af8c8","name":"anja.hall","image":{"@type":"ImageObject","inLanguage":"fr-FR","@id":"https:\/\/secure.gravatar.com\/avatar\/066b5a0d447013502c71a5782f4f3469f03cfe595cc2329fb94652fe47511bfb?s=96&d=mm&r=g","url":"https:\/\/secure.gravatar.com\/avatar\/066b5a0d447013502c71a5782f4f3469f03cfe595cc2329fb94652fe47511bfb?s=96&d=mm&r=g","contentUrl":"https:\/\/secure.gravatar.com\/avatar\/066b5a0d447013502c71a5782f4f3469f03cfe595cc2329fb94652fe47511bfb?s=96&d=mm&r=g","caption":"anja.hall"},"url":"https:\/\/www.immobilienbusiness.ch\/fr\/author\/anja-hall\/"}]}},"_links":{"self":[{"href":"https:\/\/www.immobilienbusiness.ch\/fr\/wp-json\/wp\/v2\/posts\/41311","targetHints":{"allow":["GET"]}}],"collection":[{"href":"https:\/\/www.immobilienbusiness.ch\/fr\/wp-json\/wp\/v2\/posts"}],"about":[{"href":"https:\/\/www.immobilienbusiness.ch\/fr\/wp-json\/wp\/v2\/types\/post"}],"author":[{"embeddable":true,"href":"https:\/\/www.immobilienbusiness.ch\/fr\/wp-json\/wp\/v2\/users\/3"}],"replies":[{"embeddable":true,"href":"https:\/\/www.immobilienbusiness.ch\/fr\/wp-json\/wp\/v2\/comments?post=41311"}],"version-history":[{"count":1,"href":"https:\/\/www.immobilienbusiness.ch\/fr\/wp-json\/wp\/v2\/posts\/41311\/revisions"}],"predecessor-version":[{"id":49104,"href":"https:\/\/www.immobilienbusiness.ch\/fr\/wp-json\/wp\/v2\/posts\/41311\/revisions\/49104"}],"wp:attachment":[{"href":"https:\/\/www.immobilienbusiness.ch\/fr\/wp-json\/wp\/v2\/media?parent=41311"}],"wp:term":[{"taxonomy":"category","embeddable":true,"href":"https:\/\/www.immobilienbusiness.ch\/fr\/wp-json\/wp\/v2\/categories?post=41311"},{"taxonomy":"post_tag","embeddable":true,"href":"https:\/\/www.immobilienbusiness.ch\/fr\/wp-json\/wp\/v2\/tags?post=41311"}],"curies":[{"name":"wp","href":"https:\/\/api.w.org\/{rel}","templated":true}]}}