{"id":41243,"date":"2021-05-03T10:32:13","date_gmt":"2021-05-03T08:32:13","guid":{"rendered":"https:\/\/develop.immobilienbusiness.ch\/de\/allgemein\/2021-05-03\/psp-swiss-property-mit-gutem-start-ins-geschaftsjahr\/"},"modified":"2023-07-03T08:41:23","modified_gmt":"2023-07-03T06:41:23","slug":"psp-swiss-property-mit-gutem-start-ins-geschaftsjahr","status":"publish","type":"post","link":"https:\/\/www.immobilienbusiness.ch\/fr\/ib\/2021-05-03\/psp-swiss-property-mit-gutem-start-ins-geschaftsjahr\/","title":{"rendered":"PSP Swiss Property : un bon d\u00e9part pour l'ann\u00e9e commerciale"},"content":{"rendered":"<div class=\"swpm-post-not-logged-in-msg\">Vous devez \u00eatre connect\u00e9 pour voir ce contenu. Veuillez consulter <a class=\"swpm-login-link\" href=\"https:\/\/www.immobilienbusiness.ch\/fr\/login\/?swpm_redirect_to=https%3A%2F%2Fwww.immobilienbusiness.ch%2Ffr%2Fwp-json%2Fwp%2Fv2%2Fposts%2F41243\">Connexion<\/a>. Vous n'\u00eates pas membre ? <a href=\"https:\/\/www.immobilienbusiness.ch\/fr\/registrieren\/\">Nous Rejoindre<\/a><\/div>","protected":false},"excerpt":{"rendered":"<p><span><span><span>PSP Swiss Property s'estime bien positionn\u00e9e pour l'ann\u00e9e 2021. Selon l'entreprise, la crise Corona n'a eu qu'un impact marginal sur le r\u00e9sultat trimestriel. Les pr\u00e9visions d'Ebitda et de taux de vacance sont confirm\u00e9es.<\/span><\/span><\/span><\/p>","protected":false},"author":3,"featured_media":0,"comment_status":"closed","ping_status":"closed","sticky":false,"template":"","format":"standard","meta":{"_acf_changed":false,"_yoast_wpseo_focuskw":"PSP","_yoast_wpseo_title":"","_yoast_wpseo_metadesc":"PSP Swiss Property sieht sich f\u00fcr das Jahr 2021 gut aufgestellt. Die Corona-Krise habe sich nur marginal auf das Quartalsergebnis ausgewirkt, so das Unternehmen. Die Ebitda- und die Leerstands-Prognosen werden best\u00e4tigt.","_yoast_wpseo_linkdex":61,"pgc_sgb_lightbox_settings":"","footnotes":""},"categories":[1951],"tags":[1329],"class_list":["post-41243","post","type-post","status-publish","format-standard","hentry","category-ib","tag-immobilien-ag"],"acf":[],"yoast_head":"<!-- This site is optimized with the Yoast SEO plugin v27.5 - https:\/\/yoast.com\/product\/yoast-seo-wordpress\/ -->\n<title>PSP Swiss Property mit gutem Start ins Gesch\u00e4ftsjahr - IMMOBILIEN Business<\/title>\n<meta name=\"description\" content=\"PSP Swiss Property sieht sich f\u00fcr das Jahr 2021 gut aufgestellt. Die Corona-Krise habe sich nur marginal auf das Quartalsergebnis ausgewirkt, so das Unternehmen. Die Ebitda- und die Leerstands-Prognosen werden best\u00e4tigt.\" \/>\n<meta name=\"robots\" content=\"index, follow, max-snippet:-1, max-image-preview:large, max-video-preview:-1\" \/>\n<link rel=\"canonical\" href=\"https:\/\/www.immobilienbusiness.ch\/fr\/ib\/2021-05-03\/psp-swiss-property-mit-gutem-start-ins-geschaftsjahr\/\" \/>\n<meta property=\"og:locale\" content=\"fr_FR\" \/>\n<meta property=\"og:type\" content=\"article\" \/>\n<meta property=\"og:title\" content=\"PSP Swiss Property mit gutem Start ins Gesch\u00e4ftsjahr - IMMOBILIEN Business\" \/>\n<meta property=\"og:description\" content=\"PSP Swiss Property sieht sich f\u00fcr das Jahr 2021 gut aufgestellt. Die Corona-Krise habe sich nur marginal auf das Quartalsergebnis ausgewirkt, so das Unternehmen. Die Ebitda- und die Leerstands-Prognosen werden best\u00e4tigt.\" \/>\n<meta property=\"og:url\" content=\"https:\/\/www.immobilienbusiness.ch\/fr\/ib\/2021-05-03\/psp-swiss-property-mit-gutem-start-ins-geschaftsjahr\/\" \/>\n<meta property=\"og:site_name\" content=\"IMMOBILIEN Business\" \/>\n<meta property=\"article:publisher\" content=\"https:\/\/www.facebook.com\/immobilienbusiness\/\" \/>\n<meta property=\"article:published_time\" content=\"2021-05-03T08:32:13+00:00\" \/>\n<meta property=\"article:modified_time\" content=\"2023-07-03T06:41:23+00:00\" \/>\n<meta name=\"author\" content=\"anja.hall\" \/>\n<meta name=\"twitter:card\" content=\"summary_large_image\" \/>\n<script type=\"application\/ld+json\" class=\"yoast-schema-graph\">{\"@context\":\"https:\\\/\\\/schema.org\",\"@graph\":[{\"@type\":\"Article\",\"@id\":\"https:\\\/\\\/www.immobilienbusiness.ch\\\/ib\\\/2021-05-03\\\/psp-swiss-property-mit-gutem-start-ins-geschaftsjahr\\\/#article\",\"isPartOf\":{\"@id\":\"https:\\\/\\\/www.immobilienbusiness.ch\\\/ib\\\/2021-05-03\\\/psp-swiss-property-mit-gutem-start-ins-geschaftsjahr\\\/\"},\"author\":{\"name\":\"anja.hall\",\"@id\":\"https:\\\/\\\/www.immobilienbusiness.ch\\\/#\\\/schema\\\/person\\\/3fc036297b10b9f42d6db5ee932af8c8\"},\"headline\":\"PSP Swiss Property mit gutem Start ins Gesch\u00e4ftsjahr\",\"datePublished\":\"2021-05-03T08:32:13+00:00\",\"dateModified\":\"2023-07-03T06:41:23+00:00\",\"mainEntityOfPage\":{\"@id\":\"https:\\\/\\\/www.immobilienbusiness.ch\\\/ib\\\/2021-05-03\\\/psp-swiss-property-mit-gutem-start-ins-geschaftsjahr\\\/\"},\"wordCount\":737,\"publisher\":{\"@id\":\"https:\\\/\\\/www.immobilienbusiness.ch\\\/#organization\"},\"keywords\":[\"Immobilien-AG\"],\"articleSection\":[\"IB+\"],\"inLanguage\":\"fr-FR\"},{\"@type\":\"WebPage\",\"@id\":\"https:\\\/\\\/www.immobilienbusiness.ch\\\/ib\\\/2021-05-03\\\/psp-swiss-property-mit-gutem-start-ins-geschaftsjahr\\\/\",\"url\":\"https:\\\/\\\/www.immobilienbusiness.ch\\\/ib\\\/2021-05-03\\\/psp-swiss-property-mit-gutem-start-ins-geschaftsjahr\\\/\",\"name\":\"PSP Swiss Property mit gutem Start ins Gesch\u00e4ftsjahr - IMMOBILIEN Business\",\"isPartOf\":{\"@id\":\"https:\\\/\\\/www.immobilienbusiness.ch\\\/#website\"},\"datePublished\":\"2021-05-03T08:32:13+00:00\",\"dateModified\":\"2023-07-03T06:41:23+00:00\",\"description\":\"PSP Swiss Property sieht sich f\u00fcr das Jahr 2021 gut aufgestellt. Die Corona-Krise habe sich nur marginal auf das Quartalsergebnis ausgewirkt, so das Unternehmen. Die Ebitda- und die Leerstands-Prognosen werden best\u00e4tigt.\",\"breadcrumb\":{\"@id\":\"https:\\\/\\\/www.immobilienbusiness.ch\\\/ib\\\/2021-05-03\\\/psp-swiss-property-mit-gutem-start-ins-geschaftsjahr\\\/#breadcrumb\"},\"inLanguage\":\"fr-FR\",\"potentialAction\":[{\"@type\":\"ReadAction\",\"target\":[\"https:\\\/\\\/www.immobilienbusiness.ch\\\/ib\\\/2021-05-03\\\/psp-swiss-property-mit-gutem-start-ins-geschaftsjahr\\\/\"]}]},{\"@type\":\"BreadcrumbList\",\"@id\":\"https:\\\/\\\/www.immobilienbusiness.ch\\\/ib\\\/2021-05-03\\\/psp-swiss-property-mit-gutem-start-ins-geschaftsjahr\\\/#breadcrumb\",\"itemListElement\":[{\"@type\":\"ListItem\",\"position\":1,\"name\":\"Home\",\"item\":\"https:\\\/\\\/www.immobilienbusiness.ch\\\/\"},{\"@type\":\"ListItem\",\"position\":2,\"name\":\"PSP Swiss Property mit gutem Start ins Gesch\u00e4ftsjahr\"}]},{\"@type\":\"WebSite\",\"@id\":\"https:\\\/\\\/www.immobilienbusiness.ch\\\/#website\",\"url\":\"https:\\\/\\\/www.immobilienbusiness.ch\\\/\",\"name\":\"IMMOBILIEN Business\",\"description\":\"Unabh\u00e4ngiges Schweizer Wirtschaftsmagazin mit Fokus auf Immobilien, Architektur- und Bau sowie Investment- und Finanzierung.\",\"publisher\":{\"@id\":\"https:\\\/\\\/www.immobilienbusiness.ch\\\/#organization\"},\"potentialAction\":[{\"@type\":\"SearchAction\",\"target\":{\"@type\":\"EntryPoint\",\"urlTemplate\":\"https:\\\/\\\/www.immobilienbusiness.ch\\\/?s={search_term_string}\"},\"query-input\":{\"@type\":\"PropertyValueSpecification\",\"valueRequired\":true,\"valueName\":\"search_term_string\"}}],\"inLanguage\":\"fr-FR\"},{\"@type\":\"Organization\",\"@id\":\"https:\\\/\\\/www.immobilienbusiness.ch\\\/#organization\",\"name\":\"IMMOBILIEN Business\",\"url\":\"https:\\\/\\\/www.immobilienbusiness.ch\\\/\",\"logo\":{\"@type\":\"ImageObject\",\"inLanguage\":\"fr-FR\",\"@id\":\"https:\\\/\\\/www.immobilienbusiness.ch\\\/#\\\/schema\\\/logo\\\/image\\\/\",\"url\":\"https:\\\/\\\/www.immobilienbusiness.ch\\\/wp-content\\\/uploads\\\/2021\\\/07\\\/logo_ib.png\",\"contentUrl\":\"https:\\\/\\\/www.immobilienbusiness.ch\\\/wp-content\\\/uploads\\\/2021\\\/07\\\/logo_ib.png\",\"width\":800,\"height\":181,\"caption\":\"IMMOBILIEN Business\"},\"image\":{\"@id\":\"https:\\\/\\\/www.immobilienbusiness.ch\\\/#\\\/schema\\\/logo\\\/image\\\/\"},\"sameAs\":[\"https:\\\/\\\/www.facebook.com\\\/immobilienbusiness\\\/\"]},{\"@type\":\"Person\",\"@id\":\"https:\\\/\\\/www.immobilienbusiness.ch\\\/#\\\/schema\\\/person\\\/3fc036297b10b9f42d6db5ee932af8c8\",\"name\":\"anja.hall\",\"image\":{\"@type\":\"ImageObject\",\"inLanguage\":\"fr-FR\",\"@id\":\"https:\\\/\\\/secure.gravatar.com\\\/avatar\\\/066b5a0d447013502c71a5782f4f3469f03cfe595cc2329fb94652fe47511bfb?s=96&d=mm&r=g\",\"url\":\"https:\\\/\\\/secure.gravatar.com\\\/avatar\\\/066b5a0d447013502c71a5782f4f3469f03cfe595cc2329fb94652fe47511bfb?s=96&d=mm&r=g\",\"contentUrl\":\"https:\\\/\\\/secure.gravatar.com\\\/avatar\\\/066b5a0d447013502c71a5782f4f3469f03cfe595cc2329fb94652fe47511bfb?s=96&d=mm&r=g\",\"caption\":\"anja.hall\"},\"url\":\"https:\\\/\\\/www.immobilienbusiness.ch\\\/fr\\\/author\\\/anja-hall\\\/\"}]}<\/script>\n<!-- \/ Yoast SEO plugin. -->","yoast_head_json":{"title":"PSP Swiss Property mit gutem Start ins Gesch\u00e4ftsjahr - IMMOBILIEN Business","description":"PSP Swiss Property s'estime bien positionn\u00e9e pour l'ann\u00e9e 2021. Selon l'entreprise, la crise Corona n'a eu qu'un impact marginal sur le r\u00e9sultat trimestriel. Les pr\u00e9visions d'Ebitda et de taux de vacance sont confirm\u00e9es.","robots":{"index":"index","follow":"follow","max-snippet":"max-snippet:-1","max-image-preview":"max-image-preview:large","max-video-preview":"max-video-preview:-1"},"canonical":"https:\/\/www.immobilienbusiness.ch\/fr\/ib\/2021-05-03\/psp-swiss-property-mit-gutem-start-ins-geschaftsjahr\/","og_locale":"fr_FR","og_type":"article","og_title":"PSP Swiss Property mit gutem Start ins Gesch\u00e4ftsjahr - IMMOBILIEN Business","og_description":"PSP Swiss Property sieht sich f\u00fcr das Jahr 2021 gut aufgestellt. Die Corona-Krise habe sich nur marginal auf das Quartalsergebnis ausgewirkt, so das Unternehmen. Die Ebitda- und die Leerstands-Prognosen werden best\u00e4tigt.","og_url":"https:\/\/www.immobilienbusiness.ch\/fr\/ib\/2021-05-03\/psp-swiss-property-mit-gutem-start-ins-geschaftsjahr\/","og_site_name":"IMMOBILIEN Business","article_publisher":"https:\/\/www.facebook.com\/immobilienbusiness\/","article_published_time":"2021-05-03T08:32:13+00:00","article_modified_time":"2023-07-03T06:41:23+00:00","author":"anja.hall","twitter_card":"summary_large_image","schema":{"@context":"https:\/\/schema.org","@graph":[{"@type":"Article","@id":"https:\/\/www.immobilienbusiness.ch\/ib\/2021-05-03\/psp-swiss-property-mit-gutem-start-ins-geschaftsjahr\/#article","isPartOf":{"@id":"https:\/\/www.immobilienbusiness.ch\/ib\/2021-05-03\/psp-swiss-property-mit-gutem-start-ins-geschaftsjahr\/"},"author":{"name":"anja.hall","@id":"https:\/\/www.immobilienbusiness.ch\/#\/schema\/person\/3fc036297b10b9f42d6db5ee932af8c8"},"headline":"PSP Swiss Property mit gutem Start ins Gesch\u00e4ftsjahr","datePublished":"2021-05-03T08:32:13+00:00","dateModified":"2023-07-03T06:41:23+00:00","mainEntityOfPage":{"@id":"https:\/\/www.immobilienbusiness.ch\/ib\/2021-05-03\/psp-swiss-property-mit-gutem-start-ins-geschaftsjahr\/"},"wordCount":737,"publisher":{"@id":"https:\/\/www.immobilienbusiness.ch\/#organization"},"keywords":["Immobilien-AG"],"articleSection":["IB+"],"inLanguage":"fr-FR"},{"@type":"WebPage","@id":"https:\/\/www.immobilienbusiness.ch\/ib\/2021-05-03\/psp-swiss-property-mit-gutem-start-ins-geschaftsjahr\/","url":"https:\/\/www.immobilienbusiness.ch\/ib\/2021-05-03\/psp-swiss-property-mit-gutem-start-ins-geschaftsjahr\/","name":"PSP Swiss Property mit gutem Start ins Gesch\u00e4ftsjahr - IMMOBILIEN Business","isPartOf":{"@id":"https:\/\/www.immobilienbusiness.ch\/#website"},"datePublished":"2021-05-03T08:32:13+00:00","dateModified":"2023-07-03T06:41:23+00:00","description":"PSP Swiss Property s'estime bien positionn\u00e9e pour l'ann\u00e9e 2021. Selon l'entreprise, la crise Corona n'a eu qu'un impact marginal sur le r\u00e9sultat trimestriel. Les pr\u00e9visions d'Ebitda et de taux de vacance sont confirm\u00e9es.","breadcrumb":{"@id":"https:\/\/www.immobilienbusiness.ch\/ib\/2021-05-03\/psp-swiss-property-mit-gutem-start-ins-geschaftsjahr\/#breadcrumb"},"inLanguage":"fr-FR","potentialAction":[{"@type":"ReadAction","target":["https:\/\/www.immobilienbusiness.ch\/ib\/2021-05-03\/psp-swiss-property-mit-gutem-start-ins-geschaftsjahr\/"]}]},{"@type":"BreadcrumbList","@id":"https:\/\/www.immobilienbusiness.ch\/ib\/2021-05-03\/psp-swiss-property-mit-gutem-start-ins-geschaftsjahr\/#breadcrumb","itemListElement":[{"@type":"ListItem","position":1,"name":"Home","item":"https:\/\/www.immobilienbusiness.ch\/"},{"@type":"ListItem","position":2,"name":"PSP Swiss Property mit gutem Start ins Gesch\u00e4ftsjahr"}]},{"@type":"WebSite","@id":"https:\/\/www.immobilienbusiness.ch\/#website","url":"https:\/\/www.immobilienbusiness.ch\/","name":"IMMOBILIER Business","description":"Magazine \u00e9conomique suisse ind\u00e9pendant ax\u00e9 sur l'immobilier, l'architecture et la construction ainsi que sur les investissements et le financement.","publisher":{"@id":"https:\/\/www.immobilienbusiness.ch\/#organization"},"potentialAction":[{"@type":"SearchAction","target":{"@type":"EntryPoint","urlTemplate":"https:\/\/www.immobilienbusiness.ch\/?s={search_term_string}"},"query-input":{"@type":"PropertyValueSpecification","valueRequired":true,"valueName":"search_term_string"}}],"inLanguage":"fr-FR"},{"@type":"Organization","@id":"https:\/\/www.immobilienbusiness.ch\/#organization","name":"IMMOBILIER Business","url":"https:\/\/www.immobilienbusiness.ch\/","logo":{"@type":"ImageObject","inLanguage":"fr-FR","@id":"https:\/\/www.immobilienbusiness.ch\/#\/schema\/logo\/image\/","url":"https:\/\/www.immobilienbusiness.ch\/wp-content\/uploads\/2021\/07\/logo_ib.png","contentUrl":"https:\/\/www.immobilienbusiness.ch\/wp-content\/uploads\/2021\/07\/logo_ib.png","width":800,"height":181,"caption":"IMMOBILIEN Business"},"image":{"@id":"https:\/\/www.immobilienbusiness.ch\/#\/schema\/logo\/image\/"},"sameAs":["https:\/\/www.facebook.com\/immobilienbusiness\/"]},{"@type":"Person","@id":"https:\/\/www.immobilienbusiness.ch\/#\/schema\/person\/3fc036297b10b9f42d6db5ee932af8c8","name":"anja.hall","image":{"@type":"ImageObject","inLanguage":"fr-FR","@id":"https:\/\/secure.gravatar.com\/avatar\/066b5a0d447013502c71a5782f4f3469f03cfe595cc2329fb94652fe47511bfb?s=96&d=mm&r=g","url":"https:\/\/secure.gravatar.com\/avatar\/066b5a0d447013502c71a5782f4f3469f03cfe595cc2329fb94652fe47511bfb?s=96&d=mm&r=g","contentUrl":"https:\/\/secure.gravatar.com\/avatar\/066b5a0d447013502c71a5782f4f3469f03cfe595cc2329fb94652fe47511bfb?s=96&d=mm&r=g","caption":"anja.hall"},"url":"https:\/\/www.immobilienbusiness.ch\/fr\/author\/anja-hall\/"}]}},"_links":{"self":[{"href":"https:\/\/www.immobilienbusiness.ch\/fr\/wp-json\/wp\/v2\/posts\/41243","targetHints":{"allow":["GET"]}}],"collection":[{"href":"https:\/\/www.immobilienbusiness.ch\/fr\/wp-json\/wp\/v2\/posts"}],"about":[{"href":"https:\/\/www.immobilienbusiness.ch\/fr\/wp-json\/wp\/v2\/types\/post"}],"author":[{"embeddable":true,"href":"https:\/\/www.immobilienbusiness.ch\/fr\/wp-json\/wp\/v2\/users\/3"}],"replies":[{"embeddable":true,"href":"https:\/\/www.immobilienbusiness.ch\/fr\/wp-json\/wp\/v2\/comments?post=41243"}],"version-history":[{"count":1,"href":"https:\/\/www.immobilienbusiness.ch\/fr\/wp-json\/wp\/v2\/posts\/41243\/revisions"}],"predecessor-version":[{"id":49211,"href":"https:\/\/www.immobilienbusiness.ch\/fr\/wp-json\/wp\/v2\/posts\/41243\/revisions\/49211"}],"wp:attachment":[{"href":"https:\/\/www.immobilienbusiness.ch\/fr\/wp-json\/wp\/v2\/media?parent=41243"}],"wp:term":[{"taxonomy":"category","embeddable":true,"href":"https:\/\/www.immobilienbusiness.ch\/fr\/wp-json\/wp\/v2\/categories?post=41243"},{"taxonomy":"post_tag","embeddable":true,"href":"https:\/\/www.immobilienbusiness.ch\/fr\/wp-json\/wp\/v2\/tags?post=41243"}],"curies":[{"name":"wp","href":"https:\/\/api.w.org\/{rel}","templated":true}]}}