{"id":41233,"date":"2021-04-30T09:14:53","date_gmt":"2021-04-30T07:14:53","guid":{"rendered":"https:\/\/develop.immobilienbusiness.ch\/de\/allgemein\/2021-04-30\/weitere-emission-der-sif-anlagegruppe-swiss-development-residential\/"},"modified":"2023-07-03T08:53:01","modified_gmt":"2023-07-03T06:53:01","slug":"weitere-emission-der-sif-anlagegruppe-swiss-development-residential-2","status":"publish","type":"post","link":"https:\/\/www.immobilienbusiness.ch\/fr\/ib\/2021-04-30\/weitere-emission-der-sif-anlagegruppe-swiss-development-residential-2\/","title":{"rendered":"Nouvelle \u00e9mission du groupe d'investissement SIF Swiss Development Residential"},"content":{"rendered":"<div class=\"swpm-post-not-logged-in-msg\">Vous devez \u00eatre connect\u00e9 pour voir ce contenu. Veuillez consulter <a class=\"swpm-login-link\" href=\"https:\/\/www.immobilienbusiness.ch\/fr\/login\/?swpm_redirect_to=https%3A%2F%2Fwww.immobilienbusiness.ch%2Ffr%2Fwp-json%2Fwp%2Fv2%2Fposts%2F41233\">Connexion<\/a>. Vous n'\u00eates pas membre ? <a href=\"https:\/\/www.immobilienbusiness.ch\/fr\/registrieren\/\">Nous Rejoindre<\/a><\/div>","protected":false},"excerpt":{"rendered":"<p><span><span><span>La Steiner Investment Foundation (SIF) r\u00e9alise la 16e \u00e9mission de son groupe de placement Swiss Development Residential. Elle souhaite lever des fonds d'un ordre de grandeur compris entre 150 et 200 millions de CHF.<\/span><\/span><\/span><\/p>","protected":false},"author":3,"featured_media":0,"comment_status":"closed","ping_status":"closed","sticky":false,"template":"","format":"standard","meta":{"_acf_changed":false,"_yoast_wpseo_focuskw":"Emission","_yoast_wpseo_title":"","_yoast_wpseo_metadesc":"Die Steiner Investment Foundation (SIF) f\u00fchrt die bereits 16. Emission ihrer Anlagegruppe Swiss Development Residential durch. Sie will Mittel in der Gr\u00f6ssenordnung zwischen 150 und 200 Mio. CHF aufnehmen.","_yoast_wpseo_linkdex":42,"pgc_sgb_lightbox_settings":"","footnotes":""},"categories":[1951],"tags":[1976],"class_list":["post-41233","post","type-post","status-publish","format-standard","hentry","category-ib","tag-ast-und-anlagegruppen"],"acf":[],"yoast_head":"<!-- This site is optimized with the Yoast SEO plugin v27.5 - https:\/\/yoast.com\/product\/yoast-seo-wordpress\/ -->\n<title>Weitere Emission der SIF-Anlagegruppe Swiss Development Residential - IMMOBILIEN Business<\/title>\n<meta name=\"description\" content=\"Die Steiner Investment Foundation (SIF) f\u00fchrt die bereits 16. Emission ihrer Anlagegruppe Swiss Development Residential durch. Sie will Mittel in der Gr\u00f6ssenordnung zwischen 150 und 200 Mio. CHF aufnehmen.\" \/>\n<meta name=\"robots\" content=\"index, follow, max-snippet:-1, max-image-preview:large, max-video-preview:-1\" \/>\n<link rel=\"canonical\" href=\"https:\/\/www.immobilienbusiness.ch\/fr\/ib\/2021-04-30\/weitere-emission-der-sif-anlagegruppe-swiss-development-residential-2\/\" \/>\n<meta property=\"og:locale\" content=\"fr_FR\" \/>\n<meta property=\"og:type\" content=\"article\" \/>\n<meta property=\"og:title\" content=\"Weitere Emission der SIF-Anlagegruppe Swiss Development Residential - IMMOBILIEN Business\" \/>\n<meta property=\"og:description\" content=\"Die Steiner Investment Foundation (SIF) f\u00fchrt die bereits 16. Emission ihrer Anlagegruppe Swiss Development Residential durch. Sie will Mittel in der Gr\u00f6ssenordnung zwischen 150 und 200 Mio. CHF aufnehmen.\" \/>\n<meta property=\"og:url\" content=\"https:\/\/www.immobilienbusiness.ch\/fr\/ib\/2021-04-30\/weitere-emission-der-sif-anlagegruppe-swiss-development-residential-2\/\" \/>\n<meta property=\"og:site_name\" content=\"IMMOBILIEN Business\" \/>\n<meta property=\"article:publisher\" content=\"https:\/\/www.facebook.com\/immobilienbusiness\/\" \/>\n<meta property=\"article:published_time\" content=\"2021-04-30T07:14:53+00:00\" \/>\n<meta property=\"article:modified_time\" content=\"2023-07-03T06:53:01+00:00\" \/>\n<meta name=\"author\" content=\"anja.hall\" \/>\n<meta name=\"twitter:card\" content=\"summary_large_image\" \/>\n<script type=\"application\/ld+json\" class=\"yoast-schema-graph\">{\"@context\":\"https:\\\/\\\/schema.org\",\"@graph\":[{\"@type\":\"Article\",\"@id\":\"https:\\\/\\\/www.immobilienbusiness.ch\\\/ib\\\/2021-04-30\\\/weitere-emission-der-sif-anlagegruppe-swiss-development-residential-2\\\/#article\",\"isPartOf\":{\"@id\":\"https:\\\/\\\/www.immobilienbusiness.ch\\\/ib\\\/2021-04-30\\\/weitere-emission-der-sif-anlagegruppe-swiss-development-residential-2\\\/\"},\"author\":{\"name\":\"anja.hall\",\"@id\":\"https:\\\/\\\/www.immobilienbusiness.ch\\\/#\\\/schema\\\/person\\\/3fc036297b10b9f42d6db5ee932af8c8\"},\"headline\":\"Weitere Emission der SIF-Anlagegruppe Swiss Development Residential\",\"datePublished\":\"2021-04-30T07:14:53+00:00\",\"dateModified\":\"2023-07-03T06:53:01+00:00\",\"mainEntityOfPage\":{\"@id\":\"https:\\\/\\\/www.immobilienbusiness.ch\\\/ib\\\/2021-04-30\\\/weitere-emission-der-sif-anlagegruppe-swiss-development-residential-2\\\/\"},\"wordCount\":124,\"publisher\":{\"@id\":\"https:\\\/\\\/www.immobilienbusiness.ch\\\/#organization\"},\"keywords\":[\"AST und Anlagegruppen\"],\"articleSection\":[\"IB+\"],\"inLanguage\":\"fr-FR\"},{\"@type\":\"WebPage\",\"@id\":\"https:\\\/\\\/www.immobilienbusiness.ch\\\/ib\\\/2021-04-30\\\/weitere-emission-der-sif-anlagegruppe-swiss-development-residential-2\\\/\",\"url\":\"https:\\\/\\\/www.immobilienbusiness.ch\\\/ib\\\/2021-04-30\\\/weitere-emission-der-sif-anlagegruppe-swiss-development-residential-2\\\/\",\"name\":\"Weitere Emission der SIF-Anlagegruppe Swiss Development Residential - IMMOBILIEN Business\",\"isPartOf\":{\"@id\":\"https:\\\/\\\/www.immobilienbusiness.ch\\\/#website\"},\"datePublished\":\"2021-04-30T07:14:53+00:00\",\"dateModified\":\"2023-07-03T06:53:01+00:00\",\"description\":\"Die Steiner Investment Foundation (SIF) f\u00fchrt die bereits 16. Emission ihrer Anlagegruppe Swiss Development Residential durch. Sie will Mittel in der Gr\u00f6ssenordnung zwischen 150 und 200 Mio. CHF aufnehmen.\",\"breadcrumb\":{\"@id\":\"https:\\\/\\\/www.immobilienbusiness.ch\\\/ib\\\/2021-04-30\\\/weitere-emission-der-sif-anlagegruppe-swiss-development-residential-2\\\/#breadcrumb\"},\"inLanguage\":\"fr-FR\",\"potentialAction\":[{\"@type\":\"ReadAction\",\"target\":[\"https:\\\/\\\/www.immobilienbusiness.ch\\\/ib\\\/2021-04-30\\\/weitere-emission-der-sif-anlagegruppe-swiss-development-residential-2\\\/\"]}]},{\"@type\":\"BreadcrumbList\",\"@id\":\"https:\\\/\\\/www.immobilienbusiness.ch\\\/ib\\\/2021-04-30\\\/weitere-emission-der-sif-anlagegruppe-swiss-development-residential-2\\\/#breadcrumb\",\"itemListElement\":[{\"@type\":\"ListItem\",\"position\":1,\"name\":\"Home\",\"item\":\"https:\\\/\\\/www.immobilienbusiness.ch\\\/\"},{\"@type\":\"ListItem\",\"position\":2,\"name\":\"Weitere Emission der SIF-Anlagegruppe Swiss Development Residential\"}]},{\"@type\":\"WebSite\",\"@id\":\"https:\\\/\\\/www.immobilienbusiness.ch\\\/#website\",\"url\":\"https:\\\/\\\/www.immobilienbusiness.ch\\\/\",\"name\":\"IMMOBILIEN Business\",\"description\":\"Unabh\u00e4ngiges Schweizer Wirtschaftsmagazin mit Fokus auf Immobilien, Architektur- und Bau sowie Investment- und Finanzierung.\",\"publisher\":{\"@id\":\"https:\\\/\\\/www.immobilienbusiness.ch\\\/#organization\"},\"potentialAction\":[{\"@type\":\"SearchAction\",\"target\":{\"@type\":\"EntryPoint\",\"urlTemplate\":\"https:\\\/\\\/www.immobilienbusiness.ch\\\/?s={search_term_string}\"},\"query-input\":{\"@type\":\"PropertyValueSpecification\",\"valueRequired\":true,\"valueName\":\"search_term_string\"}}],\"inLanguage\":\"fr-FR\"},{\"@type\":\"Organization\",\"@id\":\"https:\\\/\\\/www.immobilienbusiness.ch\\\/#organization\",\"name\":\"IMMOBILIEN Business\",\"url\":\"https:\\\/\\\/www.immobilienbusiness.ch\\\/\",\"logo\":{\"@type\":\"ImageObject\",\"inLanguage\":\"fr-FR\",\"@id\":\"https:\\\/\\\/www.immobilienbusiness.ch\\\/#\\\/schema\\\/logo\\\/image\\\/\",\"url\":\"https:\\\/\\\/www.immobilienbusiness.ch\\\/wp-content\\\/uploads\\\/2021\\\/07\\\/logo_ib.png\",\"contentUrl\":\"https:\\\/\\\/www.immobilienbusiness.ch\\\/wp-content\\\/uploads\\\/2021\\\/07\\\/logo_ib.png\",\"width\":800,\"height\":181,\"caption\":\"IMMOBILIEN Business\"},\"image\":{\"@id\":\"https:\\\/\\\/www.immobilienbusiness.ch\\\/#\\\/schema\\\/logo\\\/image\\\/\"},\"sameAs\":[\"https:\\\/\\\/www.facebook.com\\\/immobilienbusiness\\\/\"]},{\"@type\":\"Person\",\"@id\":\"https:\\\/\\\/www.immobilienbusiness.ch\\\/#\\\/schema\\\/person\\\/3fc036297b10b9f42d6db5ee932af8c8\",\"name\":\"anja.hall\",\"image\":{\"@type\":\"ImageObject\",\"inLanguage\":\"fr-FR\",\"@id\":\"https:\\\/\\\/secure.gravatar.com\\\/avatar\\\/066b5a0d447013502c71a5782f4f3469f03cfe595cc2329fb94652fe47511bfb?s=96&d=mm&r=g\",\"url\":\"https:\\\/\\\/secure.gravatar.com\\\/avatar\\\/066b5a0d447013502c71a5782f4f3469f03cfe595cc2329fb94652fe47511bfb?s=96&d=mm&r=g\",\"contentUrl\":\"https:\\\/\\\/secure.gravatar.com\\\/avatar\\\/066b5a0d447013502c71a5782f4f3469f03cfe595cc2329fb94652fe47511bfb?s=96&d=mm&r=g\",\"caption\":\"anja.hall\"},\"url\":\"https:\\\/\\\/www.immobilienbusiness.ch\\\/fr\\\/author\\\/anja-hall\\\/\"}]}<\/script>\n<!-- \/ Yoast SEO plugin. -->","yoast_head_json":{"title":"Nouvelle \u00e9mission du groupe de placement SFI Swiss Development Residential - IMMOBILIER Business","description":"La Steiner Investment Foundation (SIF) r\u00e9alise la 16e \u00e9mission de son groupe de placement Swiss Development Residential. Elle souhaite lever des fonds d'un ordre de grandeur compris entre 150 et 200 millions de CHF.","robots":{"index":"index","follow":"follow","max-snippet":"max-snippet:-1","max-image-preview":"max-image-preview:large","max-video-preview":"max-video-preview:-1"},"canonical":"https:\/\/www.immobilienbusiness.ch\/fr\/ib\/2021-04-30\/weitere-emission-der-sif-anlagegruppe-swiss-development-residential-2\/","og_locale":"fr_FR","og_type":"article","og_title":"Weitere Emission der SIF-Anlagegruppe Swiss Development Residential - IMMOBILIEN Business","og_description":"Die Steiner Investment Foundation (SIF) f\u00fchrt die bereits 16. Emission ihrer Anlagegruppe Swiss Development Residential durch. Sie will Mittel in der Gr\u00f6ssenordnung zwischen 150 und 200 Mio. CHF aufnehmen.","og_url":"https:\/\/www.immobilienbusiness.ch\/fr\/ib\/2021-04-30\/weitere-emission-der-sif-anlagegruppe-swiss-development-residential-2\/","og_site_name":"IMMOBILIEN Business","article_publisher":"https:\/\/www.facebook.com\/immobilienbusiness\/","article_published_time":"2021-04-30T07:14:53+00:00","article_modified_time":"2023-07-03T06:53:01+00:00","author":"anja.hall","twitter_card":"summary_large_image","schema":{"@context":"https:\/\/schema.org","@graph":[{"@type":"Article","@id":"https:\/\/www.immobilienbusiness.ch\/ib\/2021-04-30\/weitere-emission-der-sif-anlagegruppe-swiss-development-residential-2\/#article","isPartOf":{"@id":"https:\/\/www.immobilienbusiness.ch\/ib\/2021-04-30\/weitere-emission-der-sif-anlagegruppe-swiss-development-residential-2\/"},"author":{"name":"anja.hall","@id":"https:\/\/www.immobilienbusiness.ch\/#\/schema\/person\/3fc036297b10b9f42d6db5ee932af8c8"},"headline":"Weitere Emission der SIF-Anlagegruppe Swiss Development Residential","datePublished":"2021-04-30T07:14:53+00:00","dateModified":"2023-07-03T06:53:01+00:00","mainEntityOfPage":{"@id":"https:\/\/www.immobilienbusiness.ch\/ib\/2021-04-30\/weitere-emission-der-sif-anlagegruppe-swiss-development-residential-2\/"},"wordCount":124,"publisher":{"@id":"https:\/\/www.immobilienbusiness.ch\/#organization"},"keywords":["AST und Anlagegruppen"],"articleSection":["IB+"],"inLanguage":"fr-FR"},{"@type":"WebPage","@id":"https:\/\/www.immobilienbusiness.ch\/ib\/2021-04-30\/weitere-emission-der-sif-anlagegruppe-swiss-development-residential-2\/","url":"https:\/\/www.immobilienbusiness.ch\/ib\/2021-04-30\/weitere-emission-der-sif-anlagegruppe-swiss-development-residential-2\/","name":"Nouvelle \u00e9mission du groupe de placement SFI Swiss Development Residential - IMMOBILIER Business","isPartOf":{"@id":"https:\/\/www.immobilienbusiness.ch\/#website"},"datePublished":"2021-04-30T07:14:53+00:00","dateModified":"2023-07-03T06:53:01+00:00","description":"La Steiner Investment Foundation (SIF) r\u00e9alise la 16e \u00e9mission de son groupe de placement Swiss Development Residential. Elle souhaite lever des fonds d'un ordre de grandeur compris entre 150 et 200 millions de CHF.","breadcrumb":{"@id":"https:\/\/www.immobilienbusiness.ch\/ib\/2021-04-30\/weitere-emission-der-sif-anlagegruppe-swiss-development-residential-2\/#breadcrumb"},"inLanguage":"fr-FR","potentialAction":[{"@type":"ReadAction","target":["https:\/\/www.immobilienbusiness.ch\/ib\/2021-04-30\/weitere-emission-der-sif-anlagegruppe-swiss-development-residential-2\/"]}]},{"@type":"BreadcrumbList","@id":"https:\/\/www.immobilienbusiness.ch\/ib\/2021-04-30\/weitere-emission-der-sif-anlagegruppe-swiss-development-residential-2\/#breadcrumb","itemListElement":[{"@type":"ListItem","position":1,"name":"Home","item":"https:\/\/www.immobilienbusiness.ch\/"},{"@type":"ListItem","position":2,"name":"Weitere Emission der SIF-Anlagegruppe Swiss Development Residential"}]},{"@type":"WebSite","@id":"https:\/\/www.immobilienbusiness.ch\/#website","url":"https:\/\/www.immobilienbusiness.ch\/","name":"IMMOBILIER Business","description":"Magazine \u00e9conomique suisse ind\u00e9pendant ax\u00e9 sur l'immobilier, l'architecture et la construction ainsi que sur les investissements et le financement.","publisher":{"@id":"https:\/\/www.immobilienbusiness.ch\/#organization"},"potentialAction":[{"@type":"SearchAction","target":{"@type":"EntryPoint","urlTemplate":"https:\/\/www.immobilienbusiness.ch\/?s={search_term_string}"},"query-input":{"@type":"PropertyValueSpecification","valueRequired":true,"valueName":"search_term_string"}}],"inLanguage":"fr-FR"},{"@type":"Organization","@id":"https:\/\/www.immobilienbusiness.ch\/#organization","name":"IMMOBILIER Business","url":"https:\/\/www.immobilienbusiness.ch\/","logo":{"@type":"ImageObject","inLanguage":"fr-FR","@id":"https:\/\/www.immobilienbusiness.ch\/#\/schema\/logo\/image\/","url":"https:\/\/www.immobilienbusiness.ch\/wp-content\/uploads\/2021\/07\/logo_ib.png","contentUrl":"https:\/\/www.immobilienbusiness.ch\/wp-content\/uploads\/2021\/07\/logo_ib.png","width":800,"height":181,"caption":"IMMOBILIEN Business"},"image":{"@id":"https:\/\/www.immobilienbusiness.ch\/#\/schema\/logo\/image\/"},"sameAs":["https:\/\/www.facebook.com\/immobilienbusiness\/"]},{"@type":"Person","@id":"https:\/\/www.immobilienbusiness.ch\/#\/schema\/person\/3fc036297b10b9f42d6db5ee932af8c8","name":"anja.hall","image":{"@type":"ImageObject","inLanguage":"fr-FR","@id":"https:\/\/secure.gravatar.com\/avatar\/066b5a0d447013502c71a5782f4f3469f03cfe595cc2329fb94652fe47511bfb?s=96&d=mm&r=g","url":"https:\/\/secure.gravatar.com\/avatar\/066b5a0d447013502c71a5782f4f3469f03cfe595cc2329fb94652fe47511bfb?s=96&d=mm&r=g","contentUrl":"https:\/\/secure.gravatar.com\/avatar\/066b5a0d447013502c71a5782f4f3469f03cfe595cc2329fb94652fe47511bfb?s=96&d=mm&r=g","caption":"anja.hall"},"url":"https:\/\/www.immobilienbusiness.ch\/fr\/author\/anja-hall\/"}]}},"_links":{"self":[{"href":"https:\/\/www.immobilienbusiness.ch\/fr\/wp-json\/wp\/v2\/posts\/41233","targetHints":{"allow":["GET"]}}],"collection":[{"href":"https:\/\/www.immobilienbusiness.ch\/fr\/wp-json\/wp\/v2\/posts"}],"about":[{"href":"https:\/\/www.immobilienbusiness.ch\/fr\/wp-json\/wp\/v2\/types\/post"}],"author":[{"embeddable":true,"href":"https:\/\/www.immobilienbusiness.ch\/fr\/wp-json\/wp\/v2\/users\/3"}],"replies":[{"embeddable":true,"href":"https:\/\/www.immobilienbusiness.ch\/fr\/wp-json\/wp\/v2\/comments?post=41233"}],"version-history":[{"count":1,"href":"https:\/\/www.immobilienbusiness.ch\/fr\/wp-json\/wp\/v2\/posts\/41233\/revisions"}],"predecessor-version":[{"id":49223,"href":"https:\/\/www.immobilienbusiness.ch\/fr\/wp-json\/wp\/v2\/posts\/41233\/revisions\/49223"}],"wp:attachment":[{"href":"https:\/\/www.immobilienbusiness.ch\/fr\/wp-json\/wp\/v2\/media?parent=41233"}],"wp:term":[{"taxonomy":"category","embeddable":true,"href":"https:\/\/www.immobilienbusiness.ch\/fr\/wp-json\/wp\/v2\/categories?post=41233"},{"taxonomy":"post_tag","embeddable":true,"href":"https:\/\/www.immobilienbusiness.ch\/fr\/wp-json\/wp\/v2\/tags?post=41233"}],"curies":[{"name":"wp","href":"https:\/\/api.w.org\/{rel}","templated":true}]}}